{"id":8972,"date":"2019-09-07T15:11:33","date_gmt":"2019-09-07T12:11:33","guid":{"rendered":"https:\/\/super-news.info\/hu\/magyarorszag-2050-re-elerheti-a-klimasemlegesseget\/"},"modified":"2019-09-07T15:11:34","modified_gmt":"2019-09-07T12:11:34","slug":"magyarorszag-2050-re-elerheti-a-klimasemlegesseget","status":"publish","type":"post","link":"https:\/\/super-news.info\/hu\/magyarorszag-2050-re-elerheti-a-klimasemlegesseget\/","title":{"rendered":"Magyarorsz\u00e1g 2050-re el\u00e9rheti a kl\u00edmasemlegess\u00e9get"},"content":{"rendered":"<div>\n<p>T\u00f6bb felt\u00e9tel teljes\u00edt\u00e9s\u00e9vel Magyarorsz\u00e1g nem es\u00e9lytelen a kl\u00edmasemlegess\u00e9g el\u00e9r\u00e9s\u00e9re 2050-re \u2013 jelentette ki a k\u00f6zt\u00e1rsas\u00e1gi eln\u00f6k az 57. K\u00f6zgazd\u00e1sz-v\u00e1ndorgy\u0171l\u00e9s szombati z\u00e1r\u00f3 plen\u00e1ris \u00fcl\u00e9s\u00e9n, Ny\u00edregyh\u00e1z\u00e1n.<\/p>\n<p>\u00c1der J\u00e1nos szerint ehhez t\u00f6bbek k\u00f6z\u00f6tt az \u00e1ramtermel\u00e9s k\u00f6zel sz\u00e1z sz\u00e1zal\u00e9kban sz\u00e9n-dioxid-mentess\u00e9 t\u00e9tel\u00e9re, az \u00e9p\u00fcletek energetikai hat\u00e9konys\u00e1g\u00e1nak n\u00f6vel\u00e9s\u00e9re, a geotermikus energia nagyobb ar\u00e1ny\u00fa hasznos\u00edt\u00e1s\u00e1ra, a sz\u00e9n kivezet\u00e9s\u00e9re \u00e9s a k\u00f6zleked\u00e9si kibocs\u00e1t\u00e1s jelent\u0151s cs\u00f6kkent\u00e9s\u00e9re van sz\u00fcks\u00e9g.<\/p>\n<div id=\"attachment_1733176\" style=\"width: 1410px\" class=\"wp-caption alignnone\">\n<p class=\"wp-caption-text\">Ny\u00edregyh\u00e1za, 2019. szeptember 7.<br \/>\u00c1der J\u00e1nos k\u00f6zt\u00e1rsas\u00e1gi eln\u00f6k el\u00f5ad\u00e1st tart az 57. K\u00f6zgazd\u00e1sz-v\u00e1ndorgy\u00fbl\u00e9sen a Ny\u00edregyh\u00e1zi Egyetemen 2019. szeptember 7-\u00e9n.<br \/>MTI\/Czegl\u00e9di Zsolt<\/p>\n<\/div>\n<p>Az \u00e1llamf\u0151 el\u0151ad\u00e1s\u00e1ban elmondta, technol\u00f3giav\u00e1lt\u00e1s kell az \u00fagynevezett sz\u00e9n-dioxid-intenz\u00edv ipar\u00e1gakban, azaz a cementgy\u00e1rt\u00e1sban, ac\u00e9liparban \u00e9s a gumiiparban, az agr\u00e1riumban pedig a met\u00e1nkibocs\u00e1t\u00e1s m\u00e9rs\u00e9kl\u00e9se, a m\u0171tr\u00e1gy\u00e1k hat\u00e9konys\u00e1g\u00e1nak jav\u00edt\u00e1sa \u00e9s az erd\u0151telep\u00edt\u00e9si program folytat\u00e1sa szerepel a feladatok k\u00f6z\u00f6tt.<\/p>\n<blockquote>\n<p>Ezeknek a felt\u00e9teleknek a teljes\u00fcl\u00e9se eset\u00e9n Magyarorsz\u00e1g teljesen re\u00e1lisan t\u0171zheti ki azt a c\u00e9lt, hogy 2050-re kl\u00edmasemleges legyen<\/p>\n<\/blockquote>\n<p>\u2013 fogalmazott \u00c1der J\u00e1nos.<\/p>\n<\/p><\/div>\n<p><script>\n    window.fbAsyncInit = function() {\n        FB.init({\n            appId      : \"204760236815359\",\n            xfbml      : true,\n            version    : \"v2.12\"\n        });\n        FB.AppEvents.logPageView();\n    };<\/p>\n<p>    (function(d, s, id){\n        var js, fjs = d.getElementsByTagName(s)[0];\n        if (d.getElementById(id)) {return;}\n        js = d.createElement(s); js.id = id;\n        js.src = \"http:\/\/connect.facebook.net\/hu_HU\/sdk.js\";\n        fjs.parentNode.insertBefore(js, fjs);\n    }(document, \"script\", \"facebook-jssdk\"));\n<\/script><br \/>\n<br \/>\n<!--noindex--><br \/>\n<a href=\"https:\/\/www.vg.hu\/kozelet\/kornyezetvedelem\/magyarorszag-2050-re-elerheti-a-klimasemlegesseget-1733173\/\" rel=\"nofollow\">Source link <\/a><br \/>\n<!--\/noindex--><\/p>\n","protected":false},"excerpt":{"rendered":"<p>T\u00f6bb felt\u00e9tel teljes\u00edt\u00e9s\u00e9vel Magyarorsz\u00e1g nem es\u00e9lytelen a kl\u00edmasemlegess\u00e9g el\u00e9r\u00e9s\u00e9re 2050-re \u2013 jelentette ki a k\u00f6zt\u00e1rsas\u00e1gi eln\u00f6k az 57. K\u00f6zgazd\u00e1sz-v\u00e1ndorgy\u0171l\u00e9s szombati z\u00e1r\u00f3 plen\u00e1ris \u00fcl\u00e9s\u00e9n, Ny\u00edregyh\u00e1z\u00e1n. \u00c1der J\u00e1nos szerint ehhez t\u00f6bbek k\u00f6z\u00f6tt az \u00e1ramtermel\u00e9s k\u00f6zel sz\u00e1z sz\u00e1zal\u00e9kban sz\u00e9n-dioxid-mentess\u00e9 t\u00e9tel\u00e9re, az \u00e9p\u00fcletek energetikai hat\u00e9konys\u00e1g\u00e1nak n\u00f6vel\u00e9s\u00e9re, a geotermikus energia nagyobb ar\u00e1ny\u00fa hasznos\u00edt\u00e1s\u00e1ra, a sz\u00e9n kivezet\u00e9s\u00e9re \u00e9s a k\u00f6zleked\u00e9si kibocs\u00e1t\u00e1s [&hellip;]<\/p>\n","protected":false},"author":2,"featured_media":8973,"comment_status":"open","ping_status":"open","sticky":false,"template":"","format":"standard","meta":{"footnotes":""},"categories":[1],"tags":[],"class_list":["post-8972","post","type-post","status-publish","format-standard","has-post-thumbnail","hentry","category-penzugyi-hirek"],"yoast_head":"<!-- This site is optimized with the Yoast SEO plugin v27.4 - https:\/\/yoast.com\/product\/yoast-seo-wordpress\/ -->\n<title>Magyarorsz\u00e1g 2050-re el\u00e9rheti a kl\u00edmasemlegess\u00e9get - Super News<\/title>\n<meta name=\"robots\" content=\"index, follow, max-snippet:-1, max-image-preview:large, max-video-preview:-1\" \/>\n<link rel=\"canonical\" href=\"https:\/\/super-news.info\/hu\/magyarorszag-2050-re-elerheti-a-klimasemlegesseget\/\" \/>\n<meta property=\"og:locale\" content=\"hu_HU\" \/>\n<meta property=\"og:type\" content=\"article\" \/>\n<meta property=\"og:title\" content=\"Magyarorsz\u00e1g 2050-re el\u00e9rheti a kl\u00edmasemlegess\u00e9get - Super News\" \/>\n<meta property=\"og:description\" content=\"T\u00f6bb felt\u00e9tel teljes\u00edt\u00e9s\u00e9vel Magyarorsz\u00e1g nem es\u00e9lytelen a kl\u00edmasemlegess\u00e9g el\u00e9r\u00e9s\u00e9re 2050-re \u2013 jelentette ki a k\u00f6zt\u00e1rsas\u00e1gi eln\u00f6k az 57. K\u00f6zgazd\u00e1sz-v\u00e1ndorgy\u0171l\u00e9s szombati z\u00e1r\u00f3 plen\u00e1ris \u00fcl\u00e9s\u00e9n, Ny\u00edregyh\u00e1z\u00e1n. \u00c1der J\u00e1nos szerint ehhez t\u00f6bbek k\u00f6z\u00f6tt az \u00e1ramtermel\u00e9s k\u00f6zel sz\u00e1z sz\u00e1zal\u00e9kban sz\u00e9n-dioxid-mentess\u00e9 t\u00e9tel\u00e9re, az \u00e9p\u00fcletek energetikai hat\u00e9konys\u00e1g\u00e1nak n\u00f6vel\u00e9s\u00e9re, a geotermikus energia nagyobb ar\u00e1ny\u00fa hasznos\u00edt\u00e1s\u00e1ra, a sz\u00e9n kivezet\u00e9s\u00e9re \u00e9s a k\u00f6zleked\u00e9si kibocs\u00e1t\u00e1s [&hellip;]\" \/>\n<meta property=\"og:url\" content=\"https:\/\/super-news.info\/hu\/magyarorszag-2050-re-elerheti-a-klimasemlegesseget\/\" \/>\n<meta property=\"og:site_name\" content=\"Super News\" \/>\n<meta property=\"article:published_time\" content=\"2019-09-07T12:11:33+00:00\" \/>\n<meta property=\"article:modified_time\" content=\"2019-09-07T12:11:34+00:00\" \/>\n<meta property=\"og:image\" content=\"https:\/\/super-news.info\/hu\/wp-content\/uploads\/sites\/3\/2019\/09\/Magyarorsz-g-2050-re-el-rheti-a-kl-masemlegess-get.jpg\" \/>\n\t<meta property=\"og:image:width\" content=\"1400\" \/>\n\t<meta property=\"og:image:height\" content=\"934\" \/>\n\t<meta property=\"og:image:type\" content=\"image\/jpeg\" \/>\n<meta name=\"author\" content=\"super-news\" \/>\n<meta name=\"twitter:card\" content=\"summary_large_image\" \/>\n<meta name=\"twitter:label1\" content=\"Szerz\u0151:\" \/>\n\t<meta name=\"twitter:data1\" content=\"super-news\" \/>\n\t<meta name=\"twitter:label2\" content=\"Becs\u00fclt olvas\u00e1si id\u0151\" \/>\n\t<meta name=\"twitter:data2\" content=\"1 perc\" \/>\n<script type=\"application\/ld+json\" class=\"yoast-schema-graph\">{\"@context\":\"https:\\\/\\\/schema.org\",\"@graph\":[{\"@type\":\"Article\",\"@id\":\"https:\\\/\\\/super-news.info\\\/hu\\\/magyarorszag-2050-re-elerheti-a-klimasemlegesseget\\\/#article\",\"isPartOf\":{\"@id\":\"https:\\\/\\\/super-news.info\\\/hu\\\/magyarorszag-2050-re-elerheti-a-klimasemlegesseget\\\/\"},\"author\":{\"name\":\"super-news\",\"@id\":\"https:\\\/\\\/super-news.info\\\/hu\\\/#\\\/schema\\\/person\\\/2d4068cb2f39cd10008c2fce578a7356\"},\"headline\":\"Magyarorsz\u00e1g 2050-re el\u00e9rheti a kl\u00edmasemlegess\u00e9get\",\"datePublished\":\"2019-09-07T12:11:33+00:00\",\"dateModified\":\"2019-09-07T12:11:34+00:00\",\"mainEntityOfPage\":{\"@id\":\"https:\\\/\\\/super-news.info\\\/hu\\\/magyarorszag-2050-re-elerheti-a-klimasemlegesseget\\\/\"},\"wordCount\":268,\"commentCount\":0,\"image\":{\"@id\":\"https:\\\/\\\/super-news.info\\\/hu\\\/magyarorszag-2050-re-elerheti-a-klimasemlegesseget\\\/#primaryimage\"},\"thumbnailUrl\":\"https:\\\/\\\/super-news.info\\\/hu\\\/wp-content\\\/uploads\\\/sites\\\/3\\\/2019\\\/09\\\/Magyarorsz-g-2050-re-el-rheti-a-kl-masemlegess-get.jpg\",\"articleSection\":[\"P\u00c9NZ\u00dcGYI H\u00cdREK\"],\"inLanguage\":\"hu\",\"potentialAction\":[{\"@type\":\"CommentAction\",\"name\":\"Comment\",\"target\":[\"https:\\\/\\\/super-news.info\\\/hu\\\/magyarorszag-2050-re-elerheti-a-klimasemlegesseget\\\/#respond\"]}]},{\"@type\":\"WebPage\",\"@id\":\"https:\\\/\\\/super-news.info\\\/hu\\\/magyarorszag-2050-re-elerheti-a-klimasemlegesseget\\\/\",\"url\":\"https:\\\/\\\/super-news.info\\\/hu\\\/magyarorszag-2050-re-elerheti-a-klimasemlegesseget\\\/\",\"name\":\"Magyarorsz\u00e1g 2050-re el\u00e9rheti a kl\u00edmasemlegess\u00e9get - Super News\",\"isPartOf\":{\"@id\":\"https:\\\/\\\/super-news.info\\\/hu\\\/#website\"},\"primaryImageOfPage\":{\"@id\":\"https:\\\/\\\/super-news.info\\\/hu\\\/magyarorszag-2050-re-elerheti-a-klimasemlegesseget\\\/#primaryimage\"},\"image\":{\"@id\":\"https:\\\/\\\/super-news.info\\\/hu\\\/magyarorszag-2050-re-elerheti-a-klimasemlegesseget\\\/#primaryimage\"},\"thumbnailUrl\":\"https:\\\/\\\/super-news.info\\\/hu\\\/wp-content\\\/uploads\\\/sites\\\/3\\\/2019\\\/09\\\/Magyarorsz-g-2050-re-el-rheti-a-kl-masemlegess-get.jpg\",\"datePublished\":\"2019-09-07T12:11:33+00:00\",\"dateModified\":\"2019-09-07T12:11:34+00:00\",\"author\":{\"@id\":\"https:\\\/\\\/super-news.info\\\/hu\\\/#\\\/schema\\\/person\\\/2d4068cb2f39cd10008c2fce578a7356\"},\"breadcrumb\":{\"@id\":\"https:\\\/\\\/super-news.info\\\/hu\\\/magyarorszag-2050-re-elerheti-a-klimasemlegesseget\\\/#breadcrumb\"},\"inLanguage\":\"hu\",\"potentialAction\":[{\"@type\":\"ReadAction\",\"target\":[\"https:\\\/\\\/super-news.info\\\/hu\\\/magyarorszag-2050-re-elerheti-a-klimasemlegesseget\\\/\"]}]},{\"@type\":\"ImageObject\",\"inLanguage\":\"hu\",\"@id\":\"https:\\\/\\\/super-news.info\\\/hu\\\/magyarorszag-2050-re-elerheti-a-klimasemlegesseget\\\/#primaryimage\",\"url\":\"https:\\\/\\\/super-news.info\\\/hu\\\/wp-content\\\/uploads\\\/sites\\\/3\\\/2019\\\/09\\\/Magyarorsz-g-2050-re-el-rheti-a-kl-masemlegess-get.jpg\",\"contentUrl\":\"https:\\\/\\\/super-news.info\\\/hu\\\/wp-content\\\/uploads\\\/sites\\\/3\\\/2019\\\/09\\\/Magyarorsz-g-2050-re-el-rheti-a-kl-masemlegess-get.jpg\",\"width\":1400,\"height\":934,\"caption\":\"Magyarorsz\u00e1g 2050-re el\u00e9rheti a kl\u00edmasemlegess\u00e9get\"},{\"@type\":\"BreadcrumbList\",\"@id\":\"https:\\\/\\\/super-news.info\\\/hu\\\/magyarorszag-2050-re-elerheti-a-klimasemlegesseget\\\/#breadcrumb\",\"itemListElement\":[{\"@type\":\"ListItem\",\"position\":1,\"name\":\"\u0413\u043b\u0430\u0432\u043d\u0430\u044f \u0441\u0442\u0440\u0430\u043d\u0438\u0446\u0430\",\"item\":\"https:\\\/\\\/super-news.info\\\/hu\\\/\"},{\"@type\":\"ListItem\",\"position\":2,\"name\":\"Magyarorsz\u00e1g 2050-re el\u00e9rheti a kl\u00edmasemlegess\u00e9get\"}]},{\"@type\":\"WebSite\",\"@id\":\"https:\\\/\\\/super-news.info\\\/hu\\\/#website\",\"url\":\"https:\\\/\\\/super-news.info\\\/hu\\\/\",\"name\":\"Super News\",\"description\":\"Super News Magyarorsz\u00e1g\",\"potentialAction\":[{\"@type\":\"SearchAction\",\"target\":{\"@type\":\"EntryPoint\",\"urlTemplate\":\"https:\\\/\\\/super-news.info\\\/hu\\\/?s={search_term_string}\"},\"query-input\":{\"@type\":\"PropertyValueSpecification\",\"valueRequired\":true,\"valueName\":\"search_term_string\"}}],\"inLanguage\":\"hu\"},{\"@type\":\"Person\",\"@id\":\"https:\\\/\\\/super-news.info\\\/hu\\\/#\\\/schema\\\/person\\\/2d4068cb2f39cd10008c2fce578a7356\",\"name\":\"super-news\",\"image\":{\"@type\":\"ImageObject\",\"inLanguage\":\"hu\",\"@id\":\"https:\\\/\\\/secure.gravatar.com\\\/avatar\\\/64ebac40b93f26a154f8a9b5b6fdccfc46f442b26b3dd6756dbff3bf9dc76fd7?s=96&d=mm&r=g\",\"url\":\"https:\\\/\\\/secure.gravatar.com\\\/avatar\\\/64ebac40b93f26a154f8a9b5b6fdccfc46f442b26b3dd6756dbff3bf9dc76fd7?s=96&d=mm&r=g\",\"contentUrl\":\"https:\\\/\\\/secure.gravatar.com\\\/avatar\\\/64ebac40b93f26a154f8a9b5b6fdccfc46f442b26b3dd6756dbff3bf9dc76fd7?s=96&d=mm&r=g\",\"caption\":\"super-news\"},\"url\":\"https:\\\/\\\/super-news.info\\\/hu\\\/author\\\/pt\\\/\"}]}<\/script>\n<!-- \/ Yoast SEO plugin. -->","yoast_head_json":{"title":"Magyarorsz\u00e1g 2050-re el\u00e9rheti a kl\u00edmasemlegess\u00e9get - Super News","robots":{"index":"index","follow":"follow","max-snippet":"max-snippet:-1","max-image-preview":"max-image-preview:large","max-video-preview":"max-video-preview:-1"},"canonical":"https:\/\/super-news.info\/hu\/magyarorszag-2050-re-elerheti-a-klimasemlegesseget\/","og_locale":"hu_HU","og_type":"article","og_title":"Magyarorsz\u00e1g 2050-re el\u00e9rheti a kl\u00edmasemlegess\u00e9get - Super News","og_description":"T\u00f6bb felt\u00e9tel teljes\u00edt\u00e9s\u00e9vel Magyarorsz\u00e1g nem es\u00e9lytelen a kl\u00edmasemlegess\u00e9g el\u00e9r\u00e9s\u00e9re 2050-re \u2013 jelentette ki a k\u00f6zt\u00e1rsas\u00e1gi eln\u00f6k az 57. K\u00f6zgazd\u00e1sz-v\u00e1ndorgy\u0171l\u00e9s szombati z\u00e1r\u00f3 plen\u00e1ris \u00fcl\u00e9s\u00e9n, Ny\u00edregyh\u00e1z\u00e1n. \u00c1der J\u00e1nos szerint ehhez t\u00f6bbek k\u00f6z\u00f6tt az \u00e1ramtermel\u00e9s k\u00f6zel sz\u00e1z sz\u00e1zal\u00e9kban sz\u00e9n-dioxid-mentess\u00e9 t\u00e9tel\u00e9re, az \u00e9p\u00fcletek energetikai hat\u00e9konys\u00e1g\u00e1nak n\u00f6vel\u00e9s\u00e9re, a geotermikus energia nagyobb ar\u00e1ny\u00fa hasznos\u00edt\u00e1s\u00e1ra, a sz\u00e9n kivezet\u00e9s\u00e9re \u00e9s a k\u00f6zleked\u00e9si kibocs\u00e1t\u00e1s [&hellip;]","og_url":"https:\/\/super-news.info\/hu\/magyarorszag-2050-re-elerheti-a-klimasemlegesseget\/","og_site_name":"Super News","article_published_time":"2019-09-07T12:11:33+00:00","article_modified_time":"2019-09-07T12:11:34+00:00","og_image":[{"width":1400,"height":934,"url":"https:\/\/super-news.info\/hu\/wp-content\/uploads\/sites\/3\/2019\/09\/Magyarorsz-g-2050-re-el-rheti-a-kl-masemlegess-get.jpg","type":"image\/jpeg"}],"author":"super-news","twitter_card":"summary_large_image","twitter_misc":{"Szerz\u0151:":"super-news","Becs\u00fclt olvas\u00e1si id\u0151":"1 perc"},"schema":{"@context":"https:\/\/schema.org","@graph":[{"@type":"Article","@id":"https:\/\/super-news.info\/hu\/magyarorszag-2050-re-elerheti-a-klimasemlegesseget\/#article","isPartOf":{"@id":"https:\/\/super-news.info\/hu\/magyarorszag-2050-re-elerheti-a-klimasemlegesseget\/"},"author":{"name":"super-news","@id":"https:\/\/super-news.info\/hu\/#\/schema\/person\/2d4068cb2f39cd10008c2fce578a7356"},"headline":"Magyarorsz\u00e1g 2050-re el\u00e9rheti a kl\u00edmasemlegess\u00e9get","datePublished":"2019-09-07T12:11:33+00:00","dateModified":"2019-09-07T12:11:34+00:00","mainEntityOfPage":{"@id":"https:\/\/super-news.info\/hu\/magyarorszag-2050-re-elerheti-a-klimasemlegesseget\/"},"wordCount":268,"commentCount":0,"image":{"@id":"https:\/\/super-news.info\/hu\/magyarorszag-2050-re-elerheti-a-klimasemlegesseget\/#primaryimage"},"thumbnailUrl":"https:\/\/super-news.info\/hu\/wp-content\/uploads\/sites\/3\/2019\/09\/Magyarorsz-g-2050-re-el-rheti-a-kl-masemlegess-get.jpg","articleSection":["P\u00c9NZ\u00dcGYI H\u00cdREK"],"inLanguage":"hu","potentialAction":[{"@type":"CommentAction","name":"Comment","target":["https:\/\/super-news.info\/hu\/magyarorszag-2050-re-elerheti-a-klimasemlegesseget\/#respond"]}]},{"@type":"WebPage","@id":"https:\/\/super-news.info\/hu\/magyarorszag-2050-re-elerheti-a-klimasemlegesseget\/","url":"https:\/\/super-news.info\/hu\/magyarorszag-2050-re-elerheti-a-klimasemlegesseget\/","name":"Magyarorsz\u00e1g 2050-re el\u00e9rheti a kl\u00edmasemlegess\u00e9get - Super News","isPartOf":{"@id":"https:\/\/super-news.info\/hu\/#website"},"primaryImageOfPage":{"@id":"https:\/\/super-news.info\/hu\/magyarorszag-2050-re-elerheti-a-klimasemlegesseget\/#primaryimage"},"image":{"@id":"https:\/\/super-news.info\/hu\/magyarorszag-2050-re-elerheti-a-klimasemlegesseget\/#primaryimage"},"thumbnailUrl":"https:\/\/super-news.info\/hu\/wp-content\/uploads\/sites\/3\/2019\/09\/Magyarorsz-g-2050-re-el-rheti-a-kl-masemlegess-get.jpg","datePublished":"2019-09-07T12:11:33+00:00","dateModified":"2019-09-07T12:11:34+00:00","author":{"@id":"https:\/\/super-news.info\/hu\/#\/schema\/person\/2d4068cb2f39cd10008c2fce578a7356"},"breadcrumb":{"@id":"https:\/\/super-news.info\/hu\/magyarorszag-2050-re-elerheti-a-klimasemlegesseget\/#breadcrumb"},"inLanguage":"hu","potentialAction":[{"@type":"ReadAction","target":["https:\/\/super-news.info\/hu\/magyarorszag-2050-re-elerheti-a-klimasemlegesseget\/"]}]},{"@type":"ImageObject","inLanguage":"hu","@id":"https:\/\/super-news.info\/hu\/magyarorszag-2050-re-elerheti-a-klimasemlegesseget\/#primaryimage","url":"https:\/\/super-news.info\/hu\/wp-content\/uploads\/sites\/3\/2019\/09\/Magyarorsz-g-2050-re-el-rheti-a-kl-masemlegess-get.jpg","contentUrl":"https:\/\/super-news.info\/hu\/wp-content\/uploads\/sites\/3\/2019\/09\/Magyarorsz-g-2050-re-el-rheti-a-kl-masemlegess-get.jpg","width":1400,"height":934,"caption":"Magyarorsz\u00e1g 2050-re el\u00e9rheti a kl\u00edmasemlegess\u00e9get"},{"@type":"BreadcrumbList","@id":"https:\/\/super-news.info\/hu\/magyarorszag-2050-re-elerheti-a-klimasemlegesseget\/#breadcrumb","itemListElement":[{"@type":"ListItem","position":1,"name":"\u0413\u043b\u0430\u0432\u043d\u0430\u044f \u0441\u0442\u0440\u0430\u043d\u0438\u0446\u0430","item":"https:\/\/super-news.info\/hu\/"},{"@type":"ListItem","position":2,"name":"Magyarorsz\u00e1g 2050-re el\u00e9rheti a kl\u00edmasemlegess\u00e9get"}]},{"@type":"WebSite","@id":"https:\/\/super-news.info\/hu\/#website","url":"https:\/\/super-news.info\/hu\/","name":"Super News","description":"Super News Magyarorsz\u00e1g","potentialAction":[{"@type":"SearchAction","target":{"@type":"EntryPoint","urlTemplate":"https:\/\/super-news.info\/hu\/?s={search_term_string}"},"query-input":{"@type":"PropertyValueSpecification","valueRequired":true,"valueName":"search_term_string"}}],"inLanguage":"hu"},{"@type":"Person","@id":"https:\/\/super-news.info\/hu\/#\/schema\/person\/2d4068cb2f39cd10008c2fce578a7356","name":"super-news","image":{"@type":"ImageObject","inLanguage":"hu","@id":"https:\/\/secure.gravatar.com\/avatar\/64ebac40b93f26a154f8a9b5b6fdccfc46f442b26b3dd6756dbff3bf9dc76fd7?s=96&d=mm&r=g","url":"https:\/\/secure.gravatar.com\/avatar\/64ebac40b93f26a154f8a9b5b6fdccfc46f442b26b3dd6756dbff3bf9dc76fd7?s=96&d=mm&r=g","contentUrl":"https:\/\/secure.gravatar.com\/avatar\/64ebac40b93f26a154f8a9b5b6fdccfc46f442b26b3dd6756dbff3bf9dc76fd7?s=96&d=mm&r=g","caption":"super-news"},"url":"https:\/\/super-news.info\/hu\/author\/pt\/"}]}},"_links":{"self":[{"href":"https:\/\/super-news.info\/hu\/wp-json\/wp\/v2\/posts\/8972","targetHints":{"allow":["GET"]}}],"collection":[{"href":"https:\/\/super-news.info\/hu\/wp-json\/wp\/v2\/posts"}],"about":[{"href":"https:\/\/super-news.info\/hu\/wp-json\/wp\/v2\/types\/post"}],"author":[{"embeddable":true,"href":"https:\/\/super-news.info\/hu\/wp-json\/wp\/v2\/users\/2"}],"replies":[{"embeddable":true,"href":"https:\/\/super-news.info\/hu\/wp-json\/wp\/v2\/comments?post=8972"}],"version-history":[{"count":1,"href":"https:\/\/super-news.info\/hu\/wp-json\/wp\/v2\/posts\/8972\/revisions"}],"predecessor-version":[{"id":8974,"href":"https:\/\/super-news.info\/hu\/wp-json\/wp\/v2\/posts\/8972\/revisions\/8974"}],"wp:featuredmedia":[{"embeddable":true,"href":"https:\/\/super-news.info\/hu\/wp-json\/wp\/v2\/media\/8973"}],"wp:attachment":[{"href":"https:\/\/super-news.info\/hu\/wp-json\/wp\/v2\/media?parent=8972"}],"wp:term":[{"taxonomy":"category","embeddable":true,"href":"https:\/\/super-news.info\/hu\/wp-json\/wp\/v2\/categories?post=8972"},{"taxonomy":"post_tag","embeddable":true,"href":"https:\/\/super-news.info\/hu\/wp-json\/wp\/v2\/tags?post=8972"}],"curies":[{"name":"wp","href":"https:\/\/api.w.org\/{rel}","templated":true}]}}