{"id":8967,"date":"2019-09-07T14:18:45","date_gmt":"2019-09-07T11:18:45","guid":{"rendered":"https:\/\/super-news.info\/hu\/nem-igazan-acelos-az-eu-gazdasagi-teljesitmenye\/"},"modified":"2019-09-07T14:18:46","modified_gmt":"2019-09-07T11:18:46","slug":"nem-igazan-acelos-az-eu-gazdasagi-teljesitmenye","status":"publish","type":"post","link":"https:\/\/super-news.info\/hu\/nem-igazan-acelos-az-eu-gazdasagi-teljesitmenye\/","title":{"rendered":"Nem igaz\u00e1n ac\u00e9los az EU gazdas\u00e1gi teljes\u00edtm\u00e9nye"},"content":{"rendered":"<p>\n\t\t\t\t\t\t\t\tAz Eur\u00f3pai Uni\u00f3 nagyobb gazdas\u00e1gai gyeng\u00e9bben teljes\u00edtettek a m\u00e1sodik negyed\u00e9vben \u2013 mondta Reg\u0151s G\u00e1bor, a Sz\u00e1zadv\u00e9g vezet\u0151 elemz\u0151je szombat reggel az M1 aktu\u00e1lis csatorn\u00e1n.\t\t\t\t\t\t\t<\/p>\n<div>\n<p>A nagyobb uni\u00f3s gazdas\u00e1gok gyeng\u00e9bben teljes\u00edtettek a m\u00e1sodik negyed\u00e9vben \u2013 \u00f6sszegzi az adatokat Reg\u0151s G\u00e1bor, a Sz\u00e1zadv\u00e9g vezet\u0151 elemz\u0151je.<\/p>\n<p>A szak\u00e9rt\u0151 elmondta, Magyarorsz\u00e1gon 5 sz\u00e1zal\u00e9k k\u00f6r\u00fcli \u00e9ves n\u00f6veked\u00e9s volt a m\u00e1sodik negyed\u00e9vben is, mik\u00f6zben N\u00e9metorsz\u00e1gban csak 0,4 sz\u00e1zal\u00e9kkal, az Egyes\u00fclt Kir\u00e1lys\u00e1gban 1,2 sz\u00e1zal\u00e9kkal \u00e9s Franciaorsz\u00e1gban 1,4 sz\u00e1zal\u00e9kkal n\u0151tt a GDP, az olasz gazdas\u00e1g pedig 0,1 sz\u00e1zal\u00e9kkal zsugorodott.<\/p>\n<p>Az Eur\u00f3pai Uni\u00f3 gazdas\u00e1gi n\u00f6veked\u00e9se 1,4 sz\u00e1zal\u00e9kos volt, nem nevezhet\u0151 \u201eac\u00e9losnak\u201d \u2013 mondta.<\/p>\n<div id=\"attachment_1243489\" style=\"width: 1410px\" class=\"wp-caption alignnone\">\n<p class=\"wp-caption-text\">Fot\u00f3: Shutterstock<\/p>\n<\/div>\n<p>A m\u00e1sodik negyed\u00e9vben a n\u00f6veked\u00e9si rangsor \u00e9l\u00e9n Magyarorsz\u00e1g \u00e1llt, majd Rom\u00e1nia k\u00f6vetkezett. Azzal, hogy nem az uni\u00f3 legfejlettebb gazdas\u00e1gai vezetik a sorrendet cs\u00f6kkenhetnek a gazdas\u00e1gi k\u00fcl\u00f6nbs\u00e9gek \u2013 jegyezte meg.<\/p>\n<p>A n\u00e9met gazdas\u00e1gr\u00f3l azt mondta, a k\u00f6lts\u00e9gvet\u00e9s 1 sz\u00e1zal\u00e9k feletti t\u00f6bblettel z\u00e1rt tavaly, \u00e9s ezt a p\u00e9nzt a gazdas\u00e1g \u00e9l\u00e9nk\u00edt\u00e9s\u00e9re lehetne ford\u00edtani, f\u0151leg egy ilyen \u201egyenge\u201d id\u0151szakban, ezt m\u00e9gse l\u00e9pt\u00e9k meg.<\/p>\n<\/p><\/div>\n<p><script>\n    window.fbAsyncInit = function() {\n        FB.init({\n            appId      : \"204760236815359\",\n            xfbml      : true,\n            version    : \"v2.12\"\n        });\n        FB.AppEvents.logPageView();\n    };<\/p>\n<p>    (function(d, s, id){\n        var js, fjs = d.getElementsByTagName(s)[0];\n        if (d.getElementById(id)) {return;}\n        js = d.createElement(s); js.id = id;\n        js.src = \"http:\/\/connect.facebook.net\/hu_HU\/sdk.js\";\n        fjs.parentNode.insertBefore(js, fjs);\n    }(document, \"script\", \"facebook-jssdk\"));\n<\/script><br \/>\n<br \/>\n<!--noindex--><br \/>\n<a href=\"https:\/\/www.vg.hu\/gazdasag\/gazdasagi-hirek\/nem-igazan-acelos-az-europai-unio-gazdasagi-teljesitmenye-1733107\/\" rel=\"nofollow\">Source link <\/a><br \/>\n<!--\/noindex--><\/p>\n","protected":false},"excerpt":{"rendered":"<p>Az Eur\u00f3pai Uni\u00f3 nagyobb gazdas\u00e1gai gyeng\u00e9bben teljes\u00edtettek a m\u00e1sodik negyed\u00e9vben \u2013 mondta Reg\u0151s G\u00e1bor, a Sz\u00e1zadv\u00e9g vezet\u0151 elemz\u0151je szombat reggel az M1 aktu\u00e1lis csatorn\u00e1n. A nagyobb uni\u00f3s gazdas\u00e1gok gyeng\u00e9bben teljes\u00edtettek a m\u00e1sodik negyed\u00e9vben \u2013 \u00f6sszegzi az adatokat Reg\u0151s G\u00e1bor, a Sz\u00e1zadv\u00e9g vezet\u0151 elemz\u0151je. A szak\u00e9rt\u0151 elmondta, Magyarorsz\u00e1gon 5 sz\u00e1zal\u00e9k k\u00f6r\u00fcli \u00e9ves n\u00f6veked\u00e9s volt a m\u00e1sodik [&hellip;]<\/p>\n","protected":false},"author":2,"featured_media":1173,"comment_status":"open","ping_status":"open","sticky":false,"template":"","format":"standard","meta":{"footnotes":""},"categories":[1],"tags":[],"class_list":["post-8967","post","type-post","status-publish","format-standard","has-post-thumbnail","hentry","category-penzugyi-hirek"],"yoast_head":"<!-- This site is optimized with the Yoast SEO plugin v27.4 - https:\/\/yoast.com\/product\/yoast-seo-wordpress\/ -->\n<title>Nem igaz\u00e1n ac\u00e9los az EU gazdas\u00e1gi teljes\u00edtm\u00e9nye - Super News<\/title>\n<meta name=\"robots\" content=\"index, follow, max-snippet:-1, max-image-preview:large, max-video-preview:-1\" \/>\n<link rel=\"canonical\" href=\"https:\/\/super-news.info\/hu\/nem-igazan-acelos-az-eu-gazdasagi-teljesitmenye\/\" \/>\n<meta property=\"og:locale\" content=\"hu_HU\" \/>\n<meta property=\"og:type\" content=\"article\" \/>\n<meta property=\"og:title\" content=\"Nem igaz\u00e1n ac\u00e9los az EU gazdas\u00e1gi teljes\u00edtm\u00e9nye - Super News\" \/>\n<meta property=\"og:description\" content=\"Az Eur\u00f3pai Uni\u00f3 nagyobb gazdas\u00e1gai gyeng\u00e9bben teljes\u00edtettek a m\u00e1sodik negyed\u00e9vben \u2013 mondta Reg\u0151s G\u00e1bor, a Sz\u00e1zadv\u00e9g vezet\u0151 elemz\u0151je szombat reggel az M1 aktu\u00e1lis csatorn\u00e1n. A nagyobb uni\u00f3s gazdas\u00e1gok gyeng\u00e9bben teljes\u00edtettek a m\u00e1sodik negyed\u00e9vben \u2013 \u00f6sszegzi az adatokat Reg\u0151s G\u00e1bor, a Sz\u00e1zadv\u00e9g vezet\u0151 elemz\u0151je. A szak\u00e9rt\u0151 elmondta, Magyarorsz\u00e1gon 5 sz\u00e1zal\u00e9k k\u00f6r\u00fcli \u00e9ves n\u00f6veked\u00e9s volt a m\u00e1sodik [&hellip;]\" \/>\n<meta property=\"og:url\" content=\"https:\/\/super-news.info\/hu\/nem-igazan-acelos-az-eu-gazdasagi-teljesitmenye\/\" \/>\n<meta property=\"og:site_name\" content=\"Super News\" \/>\n<meta property=\"article:published_time\" content=\"2019-09-07T11:18:45+00:00\" \/>\n<meta property=\"article:modified_time\" content=\"2019-09-07T11:18:46+00:00\" \/>\n<meta property=\"og:image\" content=\"https:\/\/super-news.info\/hu\/wp-content\/uploads\/sites\/3\/2019\/05\/Rengeteg-p\u00e9nzt-hozott-a-konyh\u00e1ra-az-uni\u00f3s-tags\u00e1gunk.jpg\" \/>\n\t<meta property=\"og:image:width\" content=\"1400\" \/>\n\t<meta property=\"og:image:height\" content=\"927\" \/>\n\t<meta property=\"og:image:type\" content=\"image\/jpeg\" \/>\n<meta name=\"author\" content=\"super-news\" \/>\n<meta name=\"twitter:card\" content=\"summary_large_image\" \/>\n<meta name=\"twitter:label1\" content=\"Szerz\u0151:\" \/>\n\t<meta name=\"twitter:data1\" content=\"super-news\" \/>\n\t<meta name=\"twitter:label2\" content=\"Becs\u00fclt olvas\u00e1si id\u0151\" \/>\n\t<meta name=\"twitter:data2\" content=\"1 perc\" \/>\n<script type=\"application\/ld+json\" class=\"yoast-schema-graph\">{\"@context\":\"https:\\\/\\\/schema.org\",\"@graph\":[{\"@type\":\"Article\",\"@id\":\"https:\\\/\\\/super-news.info\\\/hu\\\/nem-igazan-acelos-az-eu-gazdasagi-teljesitmenye\\\/#article\",\"isPartOf\":{\"@id\":\"https:\\\/\\\/super-news.info\\\/hu\\\/nem-igazan-acelos-az-eu-gazdasagi-teljesitmenye\\\/\"},\"author\":{\"name\":\"super-news\",\"@id\":\"https:\\\/\\\/super-news.info\\\/hu\\\/#\\\/schema\\\/person\\\/2d4068cb2f39cd10008c2fce578a7356\"},\"headline\":\"Nem igaz\u00e1n ac\u00e9los az EU gazdas\u00e1gi teljes\u00edtm\u00e9nye\",\"datePublished\":\"2019-09-07T11:18:45+00:00\",\"dateModified\":\"2019-09-07T11:18:46+00:00\",\"mainEntityOfPage\":{\"@id\":\"https:\\\/\\\/super-news.info\\\/hu\\\/nem-igazan-acelos-az-eu-gazdasagi-teljesitmenye\\\/\"},\"wordCount\":253,\"commentCount\":0,\"image\":{\"@id\":\"https:\\\/\\\/super-news.info\\\/hu\\\/nem-igazan-acelos-az-eu-gazdasagi-teljesitmenye\\\/#primaryimage\"},\"thumbnailUrl\":\"https:\\\/\\\/super-news.info\\\/hu\\\/wp-content\\\/uploads\\\/sites\\\/3\\\/2019\\\/05\\\/Rengeteg-p\u00e9nzt-hozott-a-konyh\u00e1ra-az-uni\u00f3s-tags\u00e1gunk.jpg\",\"articleSection\":[\"P\u00c9NZ\u00dcGYI H\u00cdREK\"],\"inLanguage\":\"hu\",\"potentialAction\":[{\"@type\":\"CommentAction\",\"name\":\"Comment\",\"target\":[\"https:\\\/\\\/super-news.info\\\/hu\\\/nem-igazan-acelos-az-eu-gazdasagi-teljesitmenye\\\/#respond\"]}]},{\"@type\":\"WebPage\",\"@id\":\"https:\\\/\\\/super-news.info\\\/hu\\\/nem-igazan-acelos-az-eu-gazdasagi-teljesitmenye\\\/\",\"url\":\"https:\\\/\\\/super-news.info\\\/hu\\\/nem-igazan-acelos-az-eu-gazdasagi-teljesitmenye\\\/\",\"name\":\"Nem igaz\u00e1n ac\u00e9los az EU gazdas\u00e1gi teljes\u00edtm\u00e9nye - Super News\",\"isPartOf\":{\"@id\":\"https:\\\/\\\/super-news.info\\\/hu\\\/#website\"},\"primaryImageOfPage\":{\"@id\":\"https:\\\/\\\/super-news.info\\\/hu\\\/nem-igazan-acelos-az-eu-gazdasagi-teljesitmenye\\\/#primaryimage\"},\"image\":{\"@id\":\"https:\\\/\\\/super-news.info\\\/hu\\\/nem-igazan-acelos-az-eu-gazdasagi-teljesitmenye\\\/#primaryimage\"},\"thumbnailUrl\":\"https:\\\/\\\/super-news.info\\\/hu\\\/wp-content\\\/uploads\\\/sites\\\/3\\\/2019\\\/05\\\/Rengeteg-p\u00e9nzt-hozott-a-konyh\u00e1ra-az-uni\u00f3s-tags\u00e1gunk.jpg\",\"datePublished\":\"2019-09-07T11:18:45+00:00\",\"dateModified\":\"2019-09-07T11:18:46+00:00\",\"author\":{\"@id\":\"https:\\\/\\\/super-news.info\\\/hu\\\/#\\\/schema\\\/person\\\/2d4068cb2f39cd10008c2fce578a7356\"},\"breadcrumb\":{\"@id\":\"https:\\\/\\\/super-news.info\\\/hu\\\/nem-igazan-acelos-az-eu-gazdasagi-teljesitmenye\\\/#breadcrumb\"},\"inLanguage\":\"hu\",\"potentialAction\":[{\"@type\":\"ReadAction\",\"target\":[\"https:\\\/\\\/super-news.info\\\/hu\\\/nem-igazan-acelos-az-eu-gazdasagi-teljesitmenye\\\/\"]}]},{\"@type\":\"ImageObject\",\"inLanguage\":\"hu\",\"@id\":\"https:\\\/\\\/super-news.info\\\/hu\\\/nem-igazan-acelos-az-eu-gazdasagi-teljesitmenye\\\/#primaryimage\",\"url\":\"https:\\\/\\\/super-news.info\\\/hu\\\/wp-content\\\/uploads\\\/sites\\\/3\\\/2019\\\/05\\\/Rengeteg-p\u00e9nzt-hozott-a-konyh\u00e1ra-az-uni\u00f3s-tags\u00e1gunk.jpg\",\"contentUrl\":\"https:\\\/\\\/super-news.info\\\/hu\\\/wp-content\\\/uploads\\\/sites\\\/3\\\/2019\\\/05\\\/Rengeteg-p\u00e9nzt-hozott-a-konyh\u00e1ra-az-uni\u00f3s-tags\u00e1gunk.jpg\",\"width\":1400,\"height\":927,\"caption\":\"Rengeteg p\u00e9nzt hozott a konyh\u00e1ra az uni\u00f3s tags\u00e1gunk\"},{\"@type\":\"BreadcrumbList\",\"@id\":\"https:\\\/\\\/super-news.info\\\/hu\\\/nem-igazan-acelos-az-eu-gazdasagi-teljesitmenye\\\/#breadcrumb\",\"itemListElement\":[{\"@type\":\"ListItem\",\"position\":1,\"name\":\"\u0413\u043b\u0430\u0432\u043d\u0430\u044f \u0441\u0442\u0440\u0430\u043d\u0438\u0446\u0430\",\"item\":\"https:\\\/\\\/super-news.info\\\/hu\\\/\"},{\"@type\":\"ListItem\",\"position\":2,\"name\":\"Nem igaz\u00e1n ac\u00e9los az EU gazdas\u00e1gi teljes\u00edtm\u00e9nye\"}]},{\"@type\":\"WebSite\",\"@id\":\"https:\\\/\\\/super-news.info\\\/hu\\\/#website\",\"url\":\"https:\\\/\\\/super-news.info\\\/hu\\\/\",\"name\":\"Super News\",\"description\":\"Super News Magyarorsz\u00e1g\",\"potentialAction\":[{\"@type\":\"SearchAction\",\"target\":{\"@type\":\"EntryPoint\",\"urlTemplate\":\"https:\\\/\\\/super-news.info\\\/hu\\\/?s={search_term_string}\"},\"query-input\":{\"@type\":\"PropertyValueSpecification\",\"valueRequired\":true,\"valueName\":\"search_term_string\"}}],\"inLanguage\":\"hu\"},{\"@type\":\"Person\",\"@id\":\"https:\\\/\\\/super-news.info\\\/hu\\\/#\\\/schema\\\/person\\\/2d4068cb2f39cd10008c2fce578a7356\",\"name\":\"super-news\",\"image\":{\"@type\":\"ImageObject\",\"inLanguage\":\"hu\",\"@id\":\"https:\\\/\\\/secure.gravatar.com\\\/avatar\\\/64ebac40b93f26a154f8a9b5b6fdccfc46f442b26b3dd6756dbff3bf9dc76fd7?s=96&d=mm&r=g\",\"url\":\"https:\\\/\\\/secure.gravatar.com\\\/avatar\\\/64ebac40b93f26a154f8a9b5b6fdccfc46f442b26b3dd6756dbff3bf9dc76fd7?s=96&d=mm&r=g\",\"contentUrl\":\"https:\\\/\\\/secure.gravatar.com\\\/avatar\\\/64ebac40b93f26a154f8a9b5b6fdccfc46f442b26b3dd6756dbff3bf9dc76fd7?s=96&d=mm&r=g\",\"caption\":\"super-news\"},\"url\":\"https:\\\/\\\/super-news.info\\\/hu\\\/author\\\/pt\\\/\"}]}<\/script>\n<!-- \/ Yoast SEO plugin. -->","yoast_head_json":{"title":"Nem igaz\u00e1n ac\u00e9los az EU gazdas\u00e1gi teljes\u00edtm\u00e9nye - Super News","robots":{"index":"index","follow":"follow","max-snippet":"max-snippet:-1","max-image-preview":"max-image-preview:large","max-video-preview":"max-video-preview:-1"},"canonical":"https:\/\/super-news.info\/hu\/nem-igazan-acelos-az-eu-gazdasagi-teljesitmenye\/","og_locale":"hu_HU","og_type":"article","og_title":"Nem igaz\u00e1n ac\u00e9los az EU gazdas\u00e1gi teljes\u00edtm\u00e9nye - Super News","og_description":"Az Eur\u00f3pai Uni\u00f3 nagyobb gazdas\u00e1gai gyeng\u00e9bben teljes\u00edtettek a m\u00e1sodik negyed\u00e9vben \u2013 mondta Reg\u0151s G\u00e1bor, a Sz\u00e1zadv\u00e9g vezet\u0151 elemz\u0151je szombat reggel az M1 aktu\u00e1lis csatorn\u00e1n. A nagyobb uni\u00f3s gazdas\u00e1gok gyeng\u00e9bben teljes\u00edtettek a m\u00e1sodik negyed\u00e9vben \u2013 \u00f6sszegzi az adatokat Reg\u0151s G\u00e1bor, a Sz\u00e1zadv\u00e9g vezet\u0151 elemz\u0151je. A szak\u00e9rt\u0151 elmondta, Magyarorsz\u00e1gon 5 sz\u00e1zal\u00e9k k\u00f6r\u00fcli \u00e9ves n\u00f6veked\u00e9s volt a m\u00e1sodik [&hellip;]","og_url":"https:\/\/super-news.info\/hu\/nem-igazan-acelos-az-eu-gazdasagi-teljesitmenye\/","og_site_name":"Super News","article_published_time":"2019-09-07T11:18:45+00:00","article_modified_time":"2019-09-07T11:18:46+00:00","og_image":[{"width":1400,"height":927,"url":"https:\/\/super-news.info\/hu\/wp-content\/uploads\/sites\/3\/2019\/05\/Rengeteg-p\u00e9nzt-hozott-a-konyh\u00e1ra-az-uni\u00f3s-tags\u00e1gunk.jpg","type":"image\/jpeg"}],"author":"super-news","twitter_card":"summary_large_image","twitter_misc":{"Szerz\u0151:":"super-news","Becs\u00fclt olvas\u00e1si id\u0151":"1 perc"},"schema":{"@context":"https:\/\/schema.org","@graph":[{"@type":"Article","@id":"https:\/\/super-news.info\/hu\/nem-igazan-acelos-az-eu-gazdasagi-teljesitmenye\/#article","isPartOf":{"@id":"https:\/\/super-news.info\/hu\/nem-igazan-acelos-az-eu-gazdasagi-teljesitmenye\/"},"author":{"name":"super-news","@id":"https:\/\/super-news.info\/hu\/#\/schema\/person\/2d4068cb2f39cd10008c2fce578a7356"},"headline":"Nem igaz\u00e1n ac\u00e9los az EU gazdas\u00e1gi teljes\u00edtm\u00e9nye","datePublished":"2019-09-07T11:18:45+00:00","dateModified":"2019-09-07T11:18:46+00:00","mainEntityOfPage":{"@id":"https:\/\/super-news.info\/hu\/nem-igazan-acelos-az-eu-gazdasagi-teljesitmenye\/"},"wordCount":253,"commentCount":0,"image":{"@id":"https:\/\/super-news.info\/hu\/nem-igazan-acelos-az-eu-gazdasagi-teljesitmenye\/#primaryimage"},"thumbnailUrl":"https:\/\/super-news.info\/hu\/wp-content\/uploads\/sites\/3\/2019\/05\/Rengeteg-p\u00e9nzt-hozott-a-konyh\u00e1ra-az-uni\u00f3s-tags\u00e1gunk.jpg","articleSection":["P\u00c9NZ\u00dcGYI H\u00cdREK"],"inLanguage":"hu","potentialAction":[{"@type":"CommentAction","name":"Comment","target":["https:\/\/super-news.info\/hu\/nem-igazan-acelos-az-eu-gazdasagi-teljesitmenye\/#respond"]}]},{"@type":"WebPage","@id":"https:\/\/super-news.info\/hu\/nem-igazan-acelos-az-eu-gazdasagi-teljesitmenye\/","url":"https:\/\/super-news.info\/hu\/nem-igazan-acelos-az-eu-gazdasagi-teljesitmenye\/","name":"Nem igaz\u00e1n ac\u00e9los az EU gazdas\u00e1gi teljes\u00edtm\u00e9nye - Super News","isPartOf":{"@id":"https:\/\/super-news.info\/hu\/#website"},"primaryImageOfPage":{"@id":"https:\/\/super-news.info\/hu\/nem-igazan-acelos-az-eu-gazdasagi-teljesitmenye\/#primaryimage"},"image":{"@id":"https:\/\/super-news.info\/hu\/nem-igazan-acelos-az-eu-gazdasagi-teljesitmenye\/#primaryimage"},"thumbnailUrl":"https:\/\/super-news.info\/hu\/wp-content\/uploads\/sites\/3\/2019\/05\/Rengeteg-p\u00e9nzt-hozott-a-konyh\u00e1ra-az-uni\u00f3s-tags\u00e1gunk.jpg","datePublished":"2019-09-07T11:18:45+00:00","dateModified":"2019-09-07T11:18:46+00:00","author":{"@id":"https:\/\/super-news.info\/hu\/#\/schema\/person\/2d4068cb2f39cd10008c2fce578a7356"},"breadcrumb":{"@id":"https:\/\/super-news.info\/hu\/nem-igazan-acelos-az-eu-gazdasagi-teljesitmenye\/#breadcrumb"},"inLanguage":"hu","potentialAction":[{"@type":"ReadAction","target":["https:\/\/super-news.info\/hu\/nem-igazan-acelos-az-eu-gazdasagi-teljesitmenye\/"]}]},{"@type":"ImageObject","inLanguage":"hu","@id":"https:\/\/super-news.info\/hu\/nem-igazan-acelos-az-eu-gazdasagi-teljesitmenye\/#primaryimage","url":"https:\/\/super-news.info\/hu\/wp-content\/uploads\/sites\/3\/2019\/05\/Rengeteg-p\u00e9nzt-hozott-a-konyh\u00e1ra-az-uni\u00f3s-tags\u00e1gunk.jpg","contentUrl":"https:\/\/super-news.info\/hu\/wp-content\/uploads\/sites\/3\/2019\/05\/Rengeteg-p\u00e9nzt-hozott-a-konyh\u00e1ra-az-uni\u00f3s-tags\u00e1gunk.jpg","width":1400,"height":927,"caption":"Rengeteg p\u00e9nzt hozott a konyh\u00e1ra az uni\u00f3s tags\u00e1gunk"},{"@type":"BreadcrumbList","@id":"https:\/\/super-news.info\/hu\/nem-igazan-acelos-az-eu-gazdasagi-teljesitmenye\/#breadcrumb","itemListElement":[{"@type":"ListItem","position":1,"name":"\u0413\u043b\u0430\u0432\u043d\u0430\u044f \u0441\u0442\u0440\u0430\u043d\u0438\u0446\u0430","item":"https:\/\/super-news.info\/hu\/"},{"@type":"ListItem","position":2,"name":"Nem igaz\u00e1n ac\u00e9los az EU gazdas\u00e1gi teljes\u00edtm\u00e9nye"}]},{"@type":"WebSite","@id":"https:\/\/super-news.info\/hu\/#website","url":"https:\/\/super-news.info\/hu\/","name":"Super News","description":"Super News Magyarorsz\u00e1g","potentialAction":[{"@type":"SearchAction","target":{"@type":"EntryPoint","urlTemplate":"https:\/\/super-news.info\/hu\/?s={search_term_string}"},"query-input":{"@type":"PropertyValueSpecification","valueRequired":true,"valueName":"search_term_string"}}],"inLanguage":"hu"},{"@type":"Person","@id":"https:\/\/super-news.info\/hu\/#\/schema\/person\/2d4068cb2f39cd10008c2fce578a7356","name":"super-news","image":{"@type":"ImageObject","inLanguage":"hu","@id":"https:\/\/secure.gravatar.com\/avatar\/64ebac40b93f26a154f8a9b5b6fdccfc46f442b26b3dd6756dbff3bf9dc76fd7?s=96&d=mm&r=g","url":"https:\/\/secure.gravatar.com\/avatar\/64ebac40b93f26a154f8a9b5b6fdccfc46f442b26b3dd6756dbff3bf9dc76fd7?s=96&d=mm&r=g","contentUrl":"https:\/\/secure.gravatar.com\/avatar\/64ebac40b93f26a154f8a9b5b6fdccfc46f442b26b3dd6756dbff3bf9dc76fd7?s=96&d=mm&r=g","caption":"super-news"},"url":"https:\/\/super-news.info\/hu\/author\/pt\/"}]}},"_links":{"self":[{"href":"https:\/\/super-news.info\/hu\/wp-json\/wp\/v2\/posts\/8967","targetHints":{"allow":["GET"]}}],"collection":[{"href":"https:\/\/super-news.info\/hu\/wp-json\/wp\/v2\/posts"}],"about":[{"href":"https:\/\/super-news.info\/hu\/wp-json\/wp\/v2\/types\/post"}],"author":[{"embeddable":true,"href":"https:\/\/super-news.info\/hu\/wp-json\/wp\/v2\/users\/2"}],"replies":[{"embeddable":true,"href":"https:\/\/super-news.info\/hu\/wp-json\/wp\/v2\/comments?post=8967"}],"version-history":[{"count":1,"href":"https:\/\/super-news.info\/hu\/wp-json\/wp\/v2\/posts\/8967\/revisions"}],"predecessor-version":[{"id":8968,"href":"https:\/\/super-news.info\/hu\/wp-json\/wp\/v2\/posts\/8967\/revisions\/8968"}],"wp:featuredmedia":[{"embeddable":true,"href":"https:\/\/super-news.info\/hu\/wp-json\/wp\/v2\/media\/1173"}],"wp:attachment":[{"href":"https:\/\/super-news.info\/hu\/wp-json\/wp\/v2\/media?parent=8967"}],"wp:term":[{"taxonomy":"category","embeddable":true,"href":"https:\/\/super-news.info\/hu\/wp-json\/wp\/v2\/categories?post=8967"},{"taxonomy":"post_tag","embeddable":true,"href":"https:\/\/super-news.info\/hu\/wp-json\/wp\/v2\/tags?post=8967"}],"curies":[{"name":"wp","href":"https:\/\/api.w.org\/{rel}","templated":true}]}}