{"id":8965,"date":"2019-09-07T13:25:13","date_gmt":"2019-09-07T10:25:13","guid":{"rendered":"https:\/\/super-news.info\/hu\/egy-kisvarosnyi-diak-valasztotta-valamely-agrarkepzest\/"},"modified":"2019-09-07T13:25:13","modified_gmt":"2019-09-07T10:25:13","slug":"egy-kisvarosnyi-diak-valasztotta-valamely-agrarkepzest","status":"publish","type":"post","link":"https:\/\/super-news.info\/hu\/egy-kisvarosnyi-diak-valasztotta-valamely-agrarkepzest\/","title":{"rendered":"Egy kisv\u00e1rosnyi di\u00e1k v\u00e1lasztotta valamely agr\u00e1rk\u00e9pz\u00e9st"},"content":{"rendered":"<div>\n<p>Az Agr\u00e1rminiszt\u00e9rium int\u00e9zm\u00e9nyeiben k\u00f6zel 7300 fiatal kezdi meg a tanulm\u00e1nyait \u2013 adta h\u00edr\u00fcl a miniszt\u00e9rium.<\/p>\n<blockquote>\n<p>A modern kor kih\u00edv\u00e1saira is v\u00e1laszt ad\u00f3 iskolarendszer hozz\u00e1seg\u00edti a di\u00e1kokat ahhoz, hogy szakmailag ki tudjanak teljesedni, \u00e9s a megszerzett tud\u00e1ssal biztos meg\u00e9lhet\u00e9st teremtsenek maguknak \u00e9s csal\u00e1djuknak<\/p>\n<\/blockquote>\n<p>\u2013 mondta Farkas S\u00e1ndor, az Agr\u00e1rminiszt\u00e9rium \u00e1llamtitk\u00e1ra, aki mintegy h\u00e9tsz\u00e1z, agr\u00e1rszakk\u00e9pz\u00e9sben tanul\u00f3 di\u00e1k el\u0151tt besz\u00e9lt a B\u00e1bolnai Gazdanapokon.<\/p>\n<div id=\"attachment_1274467\" style=\"width: 1410px\" class=\"wp-caption alignnone\">\n<p class=\"wp-caption-text\">Fot\u00f3: AFP<\/p>\n<\/div>\n<p>Az \u00e1llamtitk\u00e1r szerint<\/p>\n<p>Magyarorsz\u00e1g siker\u00e9nek z\u00e1loga a vid\u00e9k meger\u0151s\u00f6d\u00e9se, ami csak akkor lehets\u00e9ges, ha egyre t\u00f6bben v\u00e1lasztj\u00e1k az agr\u00e1rk\u00e9pz\u00e9seket.<\/p>\n<p>Az Agr\u00e1rminiszt\u00e9riumnak ebben a folyamatban mint a m\u00e1sodik legnagyobb int\u00e9zm\u00e9nyfenntart\u00f3nak, \u00f3ri\u00e1si a felel\u0151ss\u00e9ge, hiszen int\u00e9zm\u00e9nyeiben tanul az agr\u00e1rszakk\u00e9pz\u00e9sben r\u00e9szt vev\u0151 di\u00e1kok mintegy 70 sz\u00e1zal\u00e9ka \u2013 tette hozz\u00e1 Farkas S\u00e1ndor.<\/p>\n<p>Olyan szakk\u00e9pz\u00e9sre van sz\u00fcks\u00e9g, amely k\u00e9pes v\u00e1laszolni a t\u00e1rsadalmi \u00e9s gazdas\u00e1gi kih\u00edv\u00e1sokra \u00e9s amelynek legfontosabb kompetenci\u00e1i a teljes\u00edtm\u00e9ny mellett a versenyk\u00e9pes tud\u00e1s.<\/p>\n<blockquote>\n<p>Olyan int\u00e9zm\u00e9nyrendszerben gondolkodunk, amely k\u00e9pes \u00f6szt\u00f6n\u00f6zni az int\u00e9zm\u00e9nyek \u00e9s v\u00e1llalkoz\u00e1sok kutat\u00e1si-fejleszt\u00e9si tev\u00e9kenys\u00e9g\u00e9t, \u00e9s amely t\u00e1mogatja az innov\u00e1ci\u00f3t<\/p>\n<\/blockquote>\n<p>\u2013 hangs\u00falyozta az \u00e1llamtitk\u00e1r.<\/p>\n<\/p><\/div>\n<p><script>\n    window.fbAsyncInit = function() {\n        FB.init({\n            appId      : \"204760236815359\",\n            xfbml      : true,\n            version    : \"v2.12\"\n        });\n        FB.AppEvents.logPageView();\n    };<\/p>\n<p>    (function(d, s, id){\n        var js, fjs = d.getElementsByTagName(s)[0];\n        if (d.getElementById(id)) {return;}\n        js = d.createElement(s); js.id = id;\n        js.src = \"http:\/\/connect.facebook.net\/hu_HU\/sdk.js\";\n        fjs.parentNode.insertBefore(js, fjs);\n    }(document, \"script\", \"facebook-jssdk\"));\n<\/script><br \/>\n<br \/>\n<!--noindex--><br \/>\n<a href=\"https:\/\/www.vg.hu\/kozelet\/oktatas\/egy-kisvarosnyi-diak-valasztotta-valamely-agrarkepzest-1733134\/\" rel=\"nofollow\">Source link <\/a><br \/>\n<!--\/noindex--><\/p>\n","protected":false},"excerpt":{"rendered":"<p>Az Agr\u00e1rminiszt\u00e9rium int\u00e9zm\u00e9nyeiben k\u00f6zel 7300 fiatal kezdi meg a tanulm\u00e1nyait \u2013 adta h\u00edr\u00fcl a miniszt\u00e9rium. A modern kor kih\u00edv\u00e1saira is v\u00e1laszt ad\u00f3 iskolarendszer hozz\u00e1seg\u00edti a di\u00e1kokat ahhoz, hogy szakmailag ki tudjanak teljesedni, \u00e9s a megszerzett tud\u00e1ssal biztos meg\u00e9lhet\u00e9st teremtsenek maguknak \u00e9s csal\u00e1djuknak \u2013 mondta Farkas S\u00e1ndor, az Agr\u00e1rminiszt\u00e9rium \u00e1llamtitk\u00e1ra, aki mintegy h\u00e9tsz\u00e1z, agr\u00e1rszakk\u00e9pz\u00e9sben tanul\u00f3 di\u00e1k [&hellip;]<\/p>\n","protected":false},"author":2,"featured_media":4463,"comment_status":"open","ping_status":"open","sticky":false,"template":"","format":"standard","meta":{"footnotes":""},"categories":[1],"tags":[],"class_list":["post-8965","post","type-post","status-publish","format-standard","has-post-thumbnail","hentry","category-penzugyi-hirek"],"yoast_head":"<!-- This site is optimized with the Yoast SEO plugin v27.4 - https:\/\/yoast.com\/product\/yoast-seo-wordpress\/ -->\n<title>Egy kisv\u00e1rosnyi di\u00e1k v\u00e1lasztotta valamely agr\u00e1rk\u00e9pz\u00e9st - Super News<\/title>\n<meta name=\"robots\" content=\"index, follow, max-snippet:-1, max-image-preview:large, max-video-preview:-1\" \/>\n<link rel=\"canonical\" href=\"https:\/\/super-news.info\/hu\/egy-kisvarosnyi-diak-valasztotta-valamely-agrarkepzest\/\" \/>\n<meta property=\"og:locale\" content=\"hu_HU\" \/>\n<meta property=\"og:type\" content=\"article\" \/>\n<meta property=\"og:title\" content=\"Egy kisv\u00e1rosnyi di\u00e1k v\u00e1lasztotta valamely agr\u00e1rk\u00e9pz\u00e9st - Super News\" \/>\n<meta property=\"og:description\" content=\"Az Agr\u00e1rminiszt\u00e9rium int\u00e9zm\u00e9nyeiben k\u00f6zel 7300 fiatal kezdi meg a tanulm\u00e1nyait \u2013 adta h\u00edr\u00fcl a miniszt\u00e9rium. A modern kor kih\u00edv\u00e1saira is v\u00e1laszt ad\u00f3 iskolarendszer hozz\u00e1seg\u00edti a di\u00e1kokat ahhoz, hogy szakmailag ki tudjanak teljesedni, \u00e9s a megszerzett tud\u00e1ssal biztos meg\u00e9lhet\u00e9st teremtsenek maguknak \u00e9s csal\u00e1djuknak \u2013 mondta Farkas S\u00e1ndor, az Agr\u00e1rminiszt\u00e9rium \u00e1llamtitk\u00e1ra, aki mintegy h\u00e9tsz\u00e1z, agr\u00e1rszakk\u00e9pz\u00e9sben tanul\u00f3 di\u00e1k [&hellip;]\" \/>\n<meta property=\"og:url\" content=\"https:\/\/super-news.info\/hu\/egy-kisvarosnyi-diak-valasztotta-valamely-agrarkepzest\/\" \/>\n<meta property=\"og:site_name\" content=\"Super News\" \/>\n<meta property=\"article:published_time\" content=\"2019-09-07T10:25:13+00:00\" \/>\n<meta property=\"og:image\" content=\"https:\/\/super-news.info\/hu\/wp-content\/uploads\/sites\/3\/2019\/06\/Dalos-p\u00e1ly\u00e1zatot-hirdet-az-Agr\u00e1rmarketing-Centrum.jpg\" \/>\n\t<meta property=\"og:image:width\" content=\"1400\" \/>\n\t<meta property=\"og:image:height\" content=\"933\" \/>\n\t<meta property=\"og:image:type\" content=\"image\/jpeg\" \/>\n<meta name=\"author\" content=\"super-news\" \/>\n<meta name=\"twitter:card\" content=\"summary_large_image\" \/>\n<meta name=\"twitter:label1\" content=\"Szerz\u0151:\" \/>\n\t<meta name=\"twitter:data1\" content=\"super-news\" \/>\n\t<meta name=\"twitter:label2\" content=\"Becs\u00fclt olvas\u00e1si id\u0151\" \/>\n\t<meta name=\"twitter:data2\" content=\"1 perc\" \/>\n<script type=\"application\/ld+json\" class=\"yoast-schema-graph\">{\"@context\":\"https:\\\/\\\/schema.org\",\"@graph\":[{\"@type\":\"Article\",\"@id\":\"https:\\\/\\\/super-news.info\\\/hu\\\/egy-kisvarosnyi-diak-valasztotta-valamely-agrarkepzest\\\/#article\",\"isPartOf\":{\"@id\":\"https:\\\/\\\/super-news.info\\\/hu\\\/egy-kisvarosnyi-diak-valasztotta-valamely-agrarkepzest\\\/\"},\"author\":{\"name\":\"super-news\",\"@id\":\"https:\\\/\\\/super-news.info\\\/hu\\\/#\\\/schema\\\/person\\\/2d4068cb2f39cd10008c2fce578a7356\"},\"headline\":\"Egy kisv\u00e1rosnyi di\u00e1k v\u00e1lasztotta valamely agr\u00e1rk\u00e9pz\u00e9st\",\"datePublished\":\"2019-09-07T10:25:13+00:00\",\"mainEntityOfPage\":{\"@id\":\"https:\\\/\\\/super-news.info\\\/hu\\\/egy-kisvarosnyi-diak-valasztotta-valamely-agrarkepzest\\\/\"},\"wordCount\":261,\"commentCount\":0,\"image\":{\"@id\":\"https:\\\/\\\/super-news.info\\\/hu\\\/egy-kisvarosnyi-diak-valasztotta-valamely-agrarkepzest\\\/#primaryimage\"},\"thumbnailUrl\":\"https:\\\/\\\/super-news.info\\\/hu\\\/wp-content\\\/uploads\\\/sites\\\/3\\\/2019\\\/06\\\/Dalos-p\u00e1ly\u00e1zatot-hirdet-az-Agr\u00e1rmarketing-Centrum.jpg\",\"articleSection\":[\"P\u00c9NZ\u00dcGYI H\u00cdREK\"],\"inLanguage\":\"hu\",\"potentialAction\":[{\"@type\":\"CommentAction\",\"name\":\"Comment\",\"target\":[\"https:\\\/\\\/super-news.info\\\/hu\\\/egy-kisvarosnyi-diak-valasztotta-valamely-agrarkepzest\\\/#respond\"]}]},{\"@type\":\"WebPage\",\"@id\":\"https:\\\/\\\/super-news.info\\\/hu\\\/egy-kisvarosnyi-diak-valasztotta-valamely-agrarkepzest\\\/\",\"url\":\"https:\\\/\\\/super-news.info\\\/hu\\\/egy-kisvarosnyi-diak-valasztotta-valamely-agrarkepzest\\\/\",\"name\":\"Egy kisv\u00e1rosnyi di\u00e1k v\u00e1lasztotta valamely agr\u00e1rk\u00e9pz\u00e9st - Super News\",\"isPartOf\":{\"@id\":\"https:\\\/\\\/super-news.info\\\/hu\\\/#website\"},\"primaryImageOfPage\":{\"@id\":\"https:\\\/\\\/super-news.info\\\/hu\\\/egy-kisvarosnyi-diak-valasztotta-valamely-agrarkepzest\\\/#primaryimage\"},\"image\":{\"@id\":\"https:\\\/\\\/super-news.info\\\/hu\\\/egy-kisvarosnyi-diak-valasztotta-valamely-agrarkepzest\\\/#primaryimage\"},\"thumbnailUrl\":\"https:\\\/\\\/super-news.info\\\/hu\\\/wp-content\\\/uploads\\\/sites\\\/3\\\/2019\\\/06\\\/Dalos-p\u00e1ly\u00e1zatot-hirdet-az-Agr\u00e1rmarketing-Centrum.jpg\",\"datePublished\":\"2019-09-07T10:25:13+00:00\",\"author\":{\"@id\":\"https:\\\/\\\/super-news.info\\\/hu\\\/#\\\/schema\\\/person\\\/2d4068cb2f39cd10008c2fce578a7356\"},\"breadcrumb\":{\"@id\":\"https:\\\/\\\/super-news.info\\\/hu\\\/egy-kisvarosnyi-diak-valasztotta-valamely-agrarkepzest\\\/#breadcrumb\"},\"inLanguage\":\"hu\",\"potentialAction\":[{\"@type\":\"ReadAction\",\"target\":[\"https:\\\/\\\/super-news.info\\\/hu\\\/egy-kisvarosnyi-diak-valasztotta-valamely-agrarkepzest\\\/\"]}]},{\"@type\":\"ImageObject\",\"inLanguage\":\"hu\",\"@id\":\"https:\\\/\\\/super-news.info\\\/hu\\\/egy-kisvarosnyi-diak-valasztotta-valamely-agrarkepzest\\\/#primaryimage\",\"url\":\"https:\\\/\\\/super-news.info\\\/hu\\\/wp-content\\\/uploads\\\/sites\\\/3\\\/2019\\\/06\\\/Dalos-p\u00e1ly\u00e1zatot-hirdet-az-Agr\u00e1rmarketing-Centrum.jpg\",\"contentUrl\":\"https:\\\/\\\/super-news.info\\\/hu\\\/wp-content\\\/uploads\\\/sites\\\/3\\\/2019\\\/06\\\/Dalos-p\u00e1ly\u00e1zatot-hirdet-az-Agr\u00e1rmarketing-Centrum.jpg\",\"width\":1400,\"height\":933,\"caption\":\"Dalos p\u00e1ly\u00e1zatot hirdet az Agr\u00e1rmarketing Centrum\"},{\"@type\":\"BreadcrumbList\",\"@id\":\"https:\\\/\\\/super-news.info\\\/hu\\\/egy-kisvarosnyi-diak-valasztotta-valamely-agrarkepzest\\\/#breadcrumb\",\"itemListElement\":[{\"@type\":\"ListItem\",\"position\":1,\"name\":\"\u0413\u043b\u0430\u0432\u043d\u0430\u044f \u0441\u0442\u0440\u0430\u043d\u0438\u0446\u0430\",\"item\":\"https:\\\/\\\/super-news.info\\\/hu\\\/\"},{\"@type\":\"ListItem\",\"position\":2,\"name\":\"Egy kisv\u00e1rosnyi di\u00e1k v\u00e1lasztotta valamely agr\u00e1rk\u00e9pz\u00e9st\"}]},{\"@type\":\"WebSite\",\"@id\":\"https:\\\/\\\/super-news.info\\\/hu\\\/#website\",\"url\":\"https:\\\/\\\/super-news.info\\\/hu\\\/\",\"name\":\"Super News\",\"description\":\"Super News Magyarorsz\u00e1g\",\"potentialAction\":[{\"@type\":\"SearchAction\",\"target\":{\"@type\":\"EntryPoint\",\"urlTemplate\":\"https:\\\/\\\/super-news.info\\\/hu\\\/?s={search_term_string}\"},\"query-input\":{\"@type\":\"PropertyValueSpecification\",\"valueRequired\":true,\"valueName\":\"search_term_string\"}}],\"inLanguage\":\"hu\"},{\"@type\":\"Person\",\"@id\":\"https:\\\/\\\/super-news.info\\\/hu\\\/#\\\/schema\\\/person\\\/2d4068cb2f39cd10008c2fce578a7356\",\"name\":\"super-news\",\"image\":{\"@type\":\"ImageObject\",\"inLanguage\":\"hu\",\"@id\":\"https:\\\/\\\/secure.gravatar.com\\\/avatar\\\/64ebac40b93f26a154f8a9b5b6fdccfc46f442b26b3dd6756dbff3bf9dc76fd7?s=96&d=mm&r=g\",\"url\":\"https:\\\/\\\/secure.gravatar.com\\\/avatar\\\/64ebac40b93f26a154f8a9b5b6fdccfc46f442b26b3dd6756dbff3bf9dc76fd7?s=96&d=mm&r=g\",\"contentUrl\":\"https:\\\/\\\/secure.gravatar.com\\\/avatar\\\/64ebac40b93f26a154f8a9b5b6fdccfc46f442b26b3dd6756dbff3bf9dc76fd7?s=96&d=mm&r=g\",\"caption\":\"super-news\"},\"url\":\"https:\\\/\\\/super-news.info\\\/hu\\\/author\\\/pt\\\/\"}]}<\/script>\n<!-- \/ Yoast SEO plugin. -->","yoast_head_json":{"title":"Egy kisv\u00e1rosnyi di\u00e1k v\u00e1lasztotta valamely agr\u00e1rk\u00e9pz\u00e9st - Super News","robots":{"index":"index","follow":"follow","max-snippet":"max-snippet:-1","max-image-preview":"max-image-preview:large","max-video-preview":"max-video-preview:-1"},"canonical":"https:\/\/super-news.info\/hu\/egy-kisvarosnyi-diak-valasztotta-valamely-agrarkepzest\/","og_locale":"hu_HU","og_type":"article","og_title":"Egy kisv\u00e1rosnyi di\u00e1k v\u00e1lasztotta valamely agr\u00e1rk\u00e9pz\u00e9st - Super News","og_description":"Az Agr\u00e1rminiszt\u00e9rium int\u00e9zm\u00e9nyeiben k\u00f6zel 7300 fiatal kezdi meg a tanulm\u00e1nyait \u2013 adta h\u00edr\u00fcl a miniszt\u00e9rium. A modern kor kih\u00edv\u00e1saira is v\u00e1laszt ad\u00f3 iskolarendszer hozz\u00e1seg\u00edti a di\u00e1kokat ahhoz, hogy szakmailag ki tudjanak teljesedni, \u00e9s a megszerzett tud\u00e1ssal biztos meg\u00e9lhet\u00e9st teremtsenek maguknak \u00e9s csal\u00e1djuknak \u2013 mondta Farkas S\u00e1ndor, az Agr\u00e1rminiszt\u00e9rium \u00e1llamtitk\u00e1ra, aki mintegy h\u00e9tsz\u00e1z, agr\u00e1rszakk\u00e9pz\u00e9sben tanul\u00f3 di\u00e1k [&hellip;]","og_url":"https:\/\/super-news.info\/hu\/egy-kisvarosnyi-diak-valasztotta-valamely-agrarkepzest\/","og_site_name":"Super News","article_published_time":"2019-09-07T10:25:13+00:00","og_image":[{"width":1400,"height":933,"url":"https:\/\/super-news.info\/hu\/wp-content\/uploads\/sites\/3\/2019\/06\/Dalos-p\u00e1ly\u00e1zatot-hirdet-az-Agr\u00e1rmarketing-Centrum.jpg","type":"image\/jpeg"}],"author":"super-news","twitter_card":"summary_large_image","twitter_misc":{"Szerz\u0151:":"super-news","Becs\u00fclt olvas\u00e1si id\u0151":"1 perc"},"schema":{"@context":"https:\/\/schema.org","@graph":[{"@type":"Article","@id":"https:\/\/super-news.info\/hu\/egy-kisvarosnyi-diak-valasztotta-valamely-agrarkepzest\/#article","isPartOf":{"@id":"https:\/\/super-news.info\/hu\/egy-kisvarosnyi-diak-valasztotta-valamely-agrarkepzest\/"},"author":{"name":"super-news","@id":"https:\/\/super-news.info\/hu\/#\/schema\/person\/2d4068cb2f39cd10008c2fce578a7356"},"headline":"Egy kisv\u00e1rosnyi di\u00e1k v\u00e1lasztotta valamely agr\u00e1rk\u00e9pz\u00e9st","datePublished":"2019-09-07T10:25:13+00:00","mainEntityOfPage":{"@id":"https:\/\/super-news.info\/hu\/egy-kisvarosnyi-diak-valasztotta-valamely-agrarkepzest\/"},"wordCount":261,"commentCount":0,"image":{"@id":"https:\/\/super-news.info\/hu\/egy-kisvarosnyi-diak-valasztotta-valamely-agrarkepzest\/#primaryimage"},"thumbnailUrl":"https:\/\/super-news.info\/hu\/wp-content\/uploads\/sites\/3\/2019\/06\/Dalos-p\u00e1ly\u00e1zatot-hirdet-az-Agr\u00e1rmarketing-Centrum.jpg","articleSection":["P\u00c9NZ\u00dcGYI H\u00cdREK"],"inLanguage":"hu","potentialAction":[{"@type":"CommentAction","name":"Comment","target":["https:\/\/super-news.info\/hu\/egy-kisvarosnyi-diak-valasztotta-valamely-agrarkepzest\/#respond"]}]},{"@type":"WebPage","@id":"https:\/\/super-news.info\/hu\/egy-kisvarosnyi-diak-valasztotta-valamely-agrarkepzest\/","url":"https:\/\/super-news.info\/hu\/egy-kisvarosnyi-diak-valasztotta-valamely-agrarkepzest\/","name":"Egy kisv\u00e1rosnyi di\u00e1k v\u00e1lasztotta valamely agr\u00e1rk\u00e9pz\u00e9st - Super News","isPartOf":{"@id":"https:\/\/super-news.info\/hu\/#website"},"primaryImageOfPage":{"@id":"https:\/\/super-news.info\/hu\/egy-kisvarosnyi-diak-valasztotta-valamely-agrarkepzest\/#primaryimage"},"image":{"@id":"https:\/\/super-news.info\/hu\/egy-kisvarosnyi-diak-valasztotta-valamely-agrarkepzest\/#primaryimage"},"thumbnailUrl":"https:\/\/super-news.info\/hu\/wp-content\/uploads\/sites\/3\/2019\/06\/Dalos-p\u00e1ly\u00e1zatot-hirdet-az-Agr\u00e1rmarketing-Centrum.jpg","datePublished":"2019-09-07T10:25:13+00:00","author":{"@id":"https:\/\/super-news.info\/hu\/#\/schema\/person\/2d4068cb2f39cd10008c2fce578a7356"},"breadcrumb":{"@id":"https:\/\/super-news.info\/hu\/egy-kisvarosnyi-diak-valasztotta-valamely-agrarkepzest\/#breadcrumb"},"inLanguage":"hu","potentialAction":[{"@type":"ReadAction","target":["https:\/\/super-news.info\/hu\/egy-kisvarosnyi-diak-valasztotta-valamely-agrarkepzest\/"]}]},{"@type":"ImageObject","inLanguage":"hu","@id":"https:\/\/super-news.info\/hu\/egy-kisvarosnyi-diak-valasztotta-valamely-agrarkepzest\/#primaryimage","url":"https:\/\/super-news.info\/hu\/wp-content\/uploads\/sites\/3\/2019\/06\/Dalos-p\u00e1ly\u00e1zatot-hirdet-az-Agr\u00e1rmarketing-Centrum.jpg","contentUrl":"https:\/\/super-news.info\/hu\/wp-content\/uploads\/sites\/3\/2019\/06\/Dalos-p\u00e1ly\u00e1zatot-hirdet-az-Agr\u00e1rmarketing-Centrum.jpg","width":1400,"height":933,"caption":"Dalos p\u00e1ly\u00e1zatot hirdet az Agr\u00e1rmarketing Centrum"},{"@type":"BreadcrumbList","@id":"https:\/\/super-news.info\/hu\/egy-kisvarosnyi-diak-valasztotta-valamely-agrarkepzest\/#breadcrumb","itemListElement":[{"@type":"ListItem","position":1,"name":"\u0413\u043b\u0430\u0432\u043d\u0430\u044f \u0441\u0442\u0440\u0430\u043d\u0438\u0446\u0430","item":"https:\/\/super-news.info\/hu\/"},{"@type":"ListItem","position":2,"name":"Egy kisv\u00e1rosnyi di\u00e1k v\u00e1lasztotta valamely agr\u00e1rk\u00e9pz\u00e9st"}]},{"@type":"WebSite","@id":"https:\/\/super-news.info\/hu\/#website","url":"https:\/\/super-news.info\/hu\/","name":"Super News","description":"Super News Magyarorsz\u00e1g","potentialAction":[{"@type":"SearchAction","target":{"@type":"EntryPoint","urlTemplate":"https:\/\/super-news.info\/hu\/?s={search_term_string}"},"query-input":{"@type":"PropertyValueSpecification","valueRequired":true,"valueName":"search_term_string"}}],"inLanguage":"hu"},{"@type":"Person","@id":"https:\/\/super-news.info\/hu\/#\/schema\/person\/2d4068cb2f39cd10008c2fce578a7356","name":"super-news","image":{"@type":"ImageObject","inLanguage":"hu","@id":"https:\/\/secure.gravatar.com\/avatar\/64ebac40b93f26a154f8a9b5b6fdccfc46f442b26b3dd6756dbff3bf9dc76fd7?s=96&d=mm&r=g","url":"https:\/\/secure.gravatar.com\/avatar\/64ebac40b93f26a154f8a9b5b6fdccfc46f442b26b3dd6756dbff3bf9dc76fd7?s=96&d=mm&r=g","contentUrl":"https:\/\/secure.gravatar.com\/avatar\/64ebac40b93f26a154f8a9b5b6fdccfc46f442b26b3dd6756dbff3bf9dc76fd7?s=96&d=mm&r=g","caption":"super-news"},"url":"https:\/\/super-news.info\/hu\/author\/pt\/"}]}},"_links":{"self":[{"href":"https:\/\/super-news.info\/hu\/wp-json\/wp\/v2\/posts\/8965","targetHints":{"allow":["GET"]}}],"collection":[{"href":"https:\/\/super-news.info\/hu\/wp-json\/wp\/v2\/posts"}],"about":[{"href":"https:\/\/super-news.info\/hu\/wp-json\/wp\/v2\/types\/post"}],"author":[{"embeddable":true,"href":"https:\/\/super-news.info\/hu\/wp-json\/wp\/v2\/users\/2"}],"replies":[{"embeddable":true,"href":"https:\/\/super-news.info\/hu\/wp-json\/wp\/v2\/comments?post=8965"}],"version-history":[{"count":1,"href":"https:\/\/super-news.info\/hu\/wp-json\/wp\/v2\/posts\/8965\/revisions"}],"predecessor-version":[{"id":8966,"href":"https:\/\/super-news.info\/hu\/wp-json\/wp\/v2\/posts\/8965\/revisions\/8966"}],"wp:featuredmedia":[{"embeddable":true,"href":"https:\/\/super-news.info\/hu\/wp-json\/wp\/v2\/media\/4463"}],"wp:attachment":[{"href":"https:\/\/super-news.info\/hu\/wp-json\/wp\/v2\/media?parent=8965"}],"wp:term":[{"taxonomy":"category","embeddable":true,"href":"https:\/\/super-news.info\/hu\/wp-json\/wp\/v2\/categories?post=8965"},{"taxonomy":"post_tag","embeddable":true,"href":"https:\/\/super-news.info\/hu\/wp-json\/wp\/v2\/tags?post=8965"}],"curies":[{"name":"wp","href":"https:\/\/api.w.org\/{rel}","templated":true}]}}