{"id":8962,"date":"2019-09-07T12:33:17","date_gmt":"2019-09-07T09:33:17","guid":{"rendered":"https:\/\/super-news.info\/hu\/az-urandusitas-nem-allt-le-iranban\/"},"modified":"2019-09-07T12:33:18","modified_gmt":"2019-09-07T09:33:18","slug":"az-urandusitas-nem-allt-le-iranban","status":"publish","type":"post","link":"https:\/\/super-news.info\/hu\/az-urandusitas-nem-allt-le-iranban\/","title":{"rendered":"Az ur\u00e1nd\u00fas\u00edt\u00e1s nem \u00e1llt le Ir\u00e1nban"},"content":{"rendered":"<p>\n\t\t\t\t\t\t\t\tIr\u00e1n \u00fczembe helyezett t\u00f6bb korszer\u0171, ur\u00e1nd\u00fas\u00edt\u00f3 centrifug\u00e1t \u2013 k\u00f6z\u00f6lte szombati sajt\u00f3t\u00e1j\u00e9koztat\u00f3j\u00e1n az Ir\u00e1ni Atomenergia-\u00fcgyn\u00f6ks\u00e9g (AEOI) sz\u00f3viv\u0151je, Behr\u00faz Kamalvandi.\t\t\t\t\t\t\t<\/p>\n<div>\n<p>Ir\u00e1n \u00faj ur\u00e1nd\u00fas\u00edt\u00f3 centrifug\u00e1kat \u00fczemelt be \u2013 ezt Behr\u00faz Kamalvandi, az orsz\u00e1g atom\u00fcgyn\u00f6ks\u00e9g\u00e9nek sz\u00f3viv\u0151je mondta. Bejelent\u00e9s\u00e9t az ir\u00e1ni \u00e1llami telev\u00edzi\u00f3 \u00e9l\u0151ben k\u00f6zvet\u00edtette \u2013 Kamalvandi hozz\u00e1tette, hogy negyven centrifug\u00e1r\u00f3l van sz\u00f3. Hangs\u00falyozta azt is, hogy Teher\u00e1n nem tervezi a Nemzetk\u00f6zi Atomenergia-\u00fcgyn\u00f6ks\u00e9g (NA\u00dc) ellen\u0151reinek kitilt\u00e1s\u00e1t nukle\u00e1ris l\u00e9tes\u00edtm\u00e9nyeib\u0151l, \u00e9s tov\u00e1bbra is az \u00e1tl\u00e1that\u00f3s\u00e1gra t\u00f6rekszik.<\/p>\n<p>Az \u00faj centrifug\u00e1kra szavai szerint az orsz\u00e1g energiasz\u00fcks\u00e9glet\u00e9nek fedez\u00e9se \u00e9rdek\u00e9ben van sz\u00fcks\u00e9g.<\/p>\n<p>A sz\u00f3viv\u0151 mindazon\u00e1ltal arra is figyelmeztetett, hogy Eur\u00f3p\u00e1nak nem sok ideje maradt a 2015-\u00f6s t\u00f6bbhatalmi atomalku megment\u00e9s\u00e9re, amelyet tavaly Donald Trump amerikai eln\u00f6k egyoldal\u00faan felmondott.<\/p>\n<blockquote>\n<p>Ha a m\u00e1sik oldal nem tartja mag\u00e1t a meg\u00e1llapod\u00e1shoz, Ir\u00e1nt\u00f3l sem lehet elv\u00e1rni, hogy betartsa a k\u00f6telezetts\u00e9geket<\/p>\n<\/blockquote>\n<p>\u2013 jelentette ki, b\u00e1r hozz\u00e1tette azt is:<\/p>\n<p>Teher\u00e1n l\u00e9p\u00e9sei visszaford\u00edthat\u00f3ak, amennyiben megegyez\u00e9s sz\u00fcletik.<\/p>\n<p>Vas\u00e1rnap a Nemzetk\u00f6zi Atomenergia-\u00fcgyn\u00f6ks\u00e9g (NA\u00dc) megb\u00edzott f\u0151igazgat\u00f3ja Teher\u00e1nban tal\u00e1lkozik az AEOI vezet\u0151j\u00e9vel, Ali Akbar Sz\u00e1lehivel \u00e9s Mohamed Dzsav\u00e1d Zar\u00edf ir\u00e1ni k\u00fcl\u00fcgyminiszterrel.<\/p>\n<div id=\"attachment_621311\" style=\"width: 1410px\" class=\"wp-caption alignnone\">\n<p class=\"wp-caption-text\">Fot\u00f3: AFP<\/p>\n<\/div>\n<p>Ir\u00e1n p\u00e9ntek hajnalban jelentette be, hogy egy harmadik l\u00e9p\u00e9ssorozat keret\u00e9ben tov\u00e1bb cs\u00f6kkenti az atomalkuban v\u00e1llalt k\u00f6telezetts\u00e9geinek teljes\u00edt\u00e9s\u00e9t: egy\u00e1ltal\u00e1n nem korl\u00e1tozza az ur\u00e1nd\u00fas\u00edt\u00e1ssal kapcsolatos kutat\u00e1si \u00e9s fejleszt\u00e9si tev\u00e9kenys\u00e9g\u00e9t, benne az ur\u00e1nd\u00fas\u00edt\u00e1shoz haszn\u00e1lt korszer\u0171 centrifug\u00e1k fejleszt\u00e9s\u00e9vel kapcsolatosakat sem. A d\u00f6nt\u00e9sr\u0151l az ir\u00e1ni k\u00fcl\u00fcgyminiszter t\u00e1j\u00e9koztatta az Eur\u00f3pai Uni\u00f3t.<\/p>\n<p>A 2015-\u00f6s meg\u00e1llapod\u00e1s alapj\u00e1n Ir\u00e1n folytathat kis m\u00e9rt\u00e9k\u0171 ur\u00e1nd\u00fas\u00edt\u00e1ssal j\u00e1r\u00f3 kutat\u00e1st \u00e9s fejleszt\u00e9st, de nem halmozhatja fel a d\u00fas\u00edtott ur\u00e1nt, \u00e9s bizonyos t\u00edpus\u00fa ur\u00e1nd\u00fas\u00edt\u00f3 centrifug\u00e1kat nem haszn\u00e1lhat.<\/p>\n<p>A NA\u00dc j\u00faliusban jelentette, hogy Ir\u00e1n \u00e1tl\u00e9pte mind a d\u00fas\u00edtott ur\u00e1nk\u00e9szlet\u00e9re vonatkoz\u00f3 202,8 kilogrammos, mind az ur\u00e1nd\u00fas\u00edt\u00e1s tisztas\u00e1g\u00e1ra vonatkoz\u00f3 3,67 sz\u00e1zal\u00e9kos hat\u00e1r\u00e9rt\u00e9ket.<\/p>\n<\/p><\/div>\n<p><script>\n    window.fbAsyncInit = function() {\n        FB.init({\n            appId      : \"204760236815359\",\n            xfbml      : true,\n            version    : \"v2.12\"\n        });\n        FB.AppEvents.logPageView();\n    };<\/p>\n<p>    (function(d, s, id){\n        var js, fjs = d.getElementsByTagName(s)[0];\n        if (d.getElementById(id)) {return;}\n        js = d.createElement(s); js.id = id;\n        js.src = \"http:\/\/connect.facebook.net\/hu_HU\/sdk.js\";\n        fjs.parentNode.insertBefore(js, fjs);\n    }(document, \"script\", \"facebook-jssdk\"));\n<\/script><br \/>\n<br \/>\n<!--noindex--><br \/>\n<a href=\"https:\/\/www.vg.hu\/kozelet\/politika\/az-urandusitas-nem-allt-le-iranban-1733086\/\" rel=\"nofollow\">Source link <\/a><br \/>\n<!--\/noindex--><\/p>\n","protected":false},"excerpt":{"rendered":"<p>Ir\u00e1n \u00fczembe helyezett t\u00f6bb korszer\u0171, ur\u00e1nd\u00fas\u00edt\u00f3 centrifug\u00e1t \u2013 k\u00f6z\u00f6lte szombati sajt\u00f3t\u00e1j\u00e9koztat\u00f3j\u00e1n az Ir\u00e1ni Atomenergia-\u00fcgyn\u00f6ks\u00e9g (AEOI) sz\u00f3viv\u0151je, Behr\u00faz Kamalvandi. Ir\u00e1n \u00faj ur\u00e1nd\u00fas\u00edt\u00f3 centrifug\u00e1kat \u00fczemelt be \u2013 ezt Behr\u00faz Kamalvandi, az orsz\u00e1g atom\u00fcgyn\u00f6ks\u00e9g\u00e9nek sz\u00f3viv\u0151je mondta. Bejelent\u00e9s\u00e9t az ir\u00e1ni \u00e1llami telev\u00edzi\u00f3 \u00e9l\u0151ben k\u00f6zvet\u00edtette \u2013 Kamalvandi hozz\u00e1tette, hogy negyven centrifug\u00e1r\u00f3l van sz\u00f3. Hangs\u00falyozta azt is, hogy Teher\u00e1n nem tervezi [&hellip;]<\/p>\n","protected":false},"author":2,"featured_media":8963,"comment_status":"open","ping_status":"open","sticky":false,"template":"","format":"standard","meta":{"footnotes":""},"categories":[1],"tags":[],"class_list":["post-8962","post","type-post","status-publish","format-standard","has-post-thumbnail","hentry","category-penzugyi-hirek"],"yoast_head":"<!-- This site is optimized with the Yoast SEO plugin v27.4 - https:\/\/yoast.com\/product\/yoast-seo-wordpress\/ -->\n<title>Az ur\u00e1nd\u00fas\u00edt\u00e1s nem \u00e1llt le Ir\u00e1nban - Super News<\/title>\n<meta name=\"robots\" content=\"index, follow, max-snippet:-1, max-image-preview:large, max-video-preview:-1\" \/>\n<link rel=\"canonical\" href=\"https:\/\/super-news.info\/hu\/az-urandusitas-nem-allt-le-iranban\/\" \/>\n<meta property=\"og:locale\" content=\"hu_HU\" \/>\n<meta property=\"og:type\" content=\"article\" \/>\n<meta property=\"og:title\" content=\"Az ur\u00e1nd\u00fas\u00edt\u00e1s nem \u00e1llt le Ir\u00e1nban - Super News\" \/>\n<meta property=\"og:description\" content=\"Ir\u00e1n \u00fczembe helyezett t\u00f6bb korszer\u0171, ur\u00e1nd\u00fas\u00edt\u00f3 centrifug\u00e1t \u2013 k\u00f6z\u00f6lte szombati sajt\u00f3t\u00e1j\u00e9koztat\u00f3j\u00e1n az Ir\u00e1ni Atomenergia-\u00fcgyn\u00f6ks\u00e9g (AEOI) sz\u00f3viv\u0151je, Behr\u00faz Kamalvandi. Ir\u00e1n \u00faj ur\u00e1nd\u00fas\u00edt\u00f3 centrifug\u00e1kat \u00fczemelt be \u2013 ezt Behr\u00faz Kamalvandi, az orsz\u00e1g atom\u00fcgyn\u00f6ks\u00e9g\u00e9nek sz\u00f3viv\u0151je mondta. Bejelent\u00e9s\u00e9t az ir\u00e1ni \u00e1llami telev\u00edzi\u00f3 \u00e9l\u0151ben k\u00f6zvet\u00edtette \u2013 Kamalvandi hozz\u00e1tette, hogy negyven centrifug\u00e1r\u00f3l van sz\u00f3. Hangs\u00falyozta azt is, hogy Teher\u00e1n nem tervezi [&hellip;]\" \/>\n<meta property=\"og:url\" content=\"https:\/\/super-news.info\/hu\/az-urandusitas-nem-allt-le-iranban\/\" \/>\n<meta property=\"og:site_name\" content=\"Super News\" \/>\n<meta property=\"article:published_time\" content=\"2019-09-07T09:33:17+00:00\" \/>\n<meta property=\"article:modified_time\" content=\"2019-09-07T09:33:18+00:00\" \/>\n<meta property=\"og:image\" content=\"https:\/\/super-news.info\/hu\/wp-content\/uploads\/sites\/3\/2019\/09\/Az-ur-nd-s-t-s-nem-llt-le-Ir-nban.jpg\" \/>\n\t<meta property=\"og:image:width\" content=\"1400\" \/>\n\t<meta property=\"og:image:height\" content=\"911\" \/>\n\t<meta property=\"og:image:type\" content=\"image\/jpeg\" \/>\n<meta name=\"author\" content=\"super-news\" \/>\n<meta name=\"twitter:card\" content=\"summary_large_image\" \/>\n<meta name=\"twitter:label1\" content=\"Szerz\u0151:\" \/>\n\t<meta name=\"twitter:data1\" content=\"super-news\" \/>\n\t<meta name=\"twitter:label2\" content=\"Becs\u00fclt olvas\u00e1si id\u0151\" \/>\n\t<meta name=\"twitter:data2\" content=\"2 perc\" \/>\n<script type=\"application\/ld+json\" class=\"yoast-schema-graph\">{\"@context\":\"https:\\\/\\\/schema.org\",\"@graph\":[{\"@type\":\"Article\",\"@id\":\"https:\\\/\\\/super-news.info\\\/hu\\\/az-urandusitas-nem-allt-le-iranban\\\/#article\",\"isPartOf\":{\"@id\":\"https:\\\/\\\/super-news.info\\\/hu\\\/az-urandusitas-nem-allt-le-iranban\\\/\"},\"author\":{\"name\":\"super-news\",\"@id\":\"https:\\\/\\\/super-news.info\\\/hu\\\/#\\\/schema\\\/person\\\/2d4068cb2f39cd10008c2fce578a7356\"},\"headline\":\"Az ur\u00e1nd\u00fas\u00edt\u00e1s nem \u00e1llt le Ir\u00e1nban\",\"datePublished\":\"2019-09-07T09:33:17+00:00\",\"dateModified\":\"2019-09-07T09:33:18+00:00\",\"mainEntityOfPage\":{\"@id\":\"https:\\\/\\\/super-news.info\\\/hu\\\/az-urandusitas-nem-allt-le-iranban\\\/\"},\"wordCount\":462,\"commentCount\":0,\"image\":{\"@id\":\"https:\\\/\\\/super-news.info\\\/hu\\\/az-urandusitas-nem-allt-le-iranban\\\/#primaryimage\"},\"thumbnailUrl\":\"https:\\\/\\\/super-news.info\\\/hu\\\/wp-content\\\/uploads\\\/sites\\\/3\\\/2019\\\/09\\\/Az-ur-nd-s-t-s-nem-llt-le-Ir-nban.jpg\",\"articleSection\":[\"P\u00c9NZ\u00dcGYI H\u00cdREK\"],\"inLanguage\":\"hu\",\"potentialAction\":[{\"@type\":\"CommentAction\",\"name\":\"Comment\",\"target\":[\"https:\\\/\\\/super-news.info\\\/hu\\\/az-urandusitas-nem-allt-le-iranban\\\/#respond\"]}]},{\"@type\":\"WebPage\",\"@id\":\"https:\\\/\\\/super-news.info\\\/hu\\\/az-urandusitas-nem-allt-le-iranban\\\/\",\"url\":\"https:\\\/\\\/super-news.info\\\/hu\\\/az-urandusitas-nem-allt-le-iranban\\\/\",\"name\":\"Az ur\u00e1nd\u00fas\u00edt\u00e1s nem \u00e1llt le Ir\u00e1nban - Super News\",\"isPartOf\":{\"@id\":\"https:\\\/\\\/super-news.info\\\/hu\\\/#website\"},\"primaryImageOfPage\":{\"@id\":\"https:\\\/\\\/super-news.info\\\/hu\\\/az-urandusitas-nem-allt-le-iranban\\\/#primaryimage\"},\"image\":{\"@id\":\"https:\\\/\\\/super-news.info\\\/hu\\\/az-urandusitas-nem-allt-le-iranban\\\/#primaryimage\"},\"thumbnailUrl\":\"https:\\\/\\\/super-news.info\\\/hu\\\/wp-content\\\/uploads\\\/sites\\\/3\\\/2019\\\/09\\\/Az-ur-nd-s-t-s-nem-llt-le-Ir-nban.jpg\",\"datePublished\":\"2019-09-07T09:33:17+00:00\",\"dateModified\":\"2019-09-07T09:33:18+00:00\",\"author\":{\"@id\":\"https:\\\/\\\/super-news.info\\\/hu\\\/#\\\/schema\\\/person\\\/2d4068cb2f39cd10008c2fce578a7356\"},\"breadcrumb\":{\"@id\":\"https:\\\/\\\/super-news.info\\\/hu\\\/az-urandusitas-nem-allt-le-iranban\\\/#breadcrumb\"},\"inLanguage\":\"hu\",\"potentialAction\":[{\"@type\":\"ReadAction\",\"target\":[\"https:\\\/\\\/super-news.info\\\/hu\\\/az-urandusitas-nem-allt-le-iranban\\\/\"]}]},{\"@type\":\"ImageObject\",\"inLanguage\":\"hu\",\"@id\":\"https:\\\/\\\/super-news.info\\\/hu\\\/az-urandusitas-nem-allt-le-iranban\\\/#primaryimage\",\"url\":\"https:\\\/\\\/super-news.info\\\/hu\\\/wp-content\\\/uploads\\\/sites\\\/3\\\/2019\\\/09\\\/Az-ur-nd-s-t-s-nem-llt-le-Ir-nban.jpg\",\"contentUrl\":\"https:\\\/\\\/super-news.info\\\/hu\\\/wp-content\\\/uploads\\\/sites\\\/3\\\/2019\\\/09\\\/Az-ur-nd-s-t-s-nem-llt-le-Ir-nban.jpg\",\"width\":1400,\"height\":911,\"caption\":\"Az ur\u00e1nd\u00fas\u00edt\u00e1s nem \u00e1llt le Ir\u00e1nban\"},{\"@type\":\"BreadcrumbList\",\"@id\":\"https:\\\/\\\/super-news.info\\\/hu\\\/az-urandusitas-nem-allt-le-iranban\\\/#breadcrumb\",\"itemListElement\":[{\"@type\":\"ListItem\",\"position\":1,\"name\":\"\u0413\u043b\u0430\u0432\u043d\u0430\u044f \u0441\u0442\u0440\u0430\u043d\u0438\u0446\u0430\",\"item\":\"https:\\\/\\\/super-news.info\\\/hu\\\/\"},{\"@type\":\"ListItem\",\"position\":2,\"name\":\"Az ur\u00e1nd\u00fas\u00edt\u00e1s nem \u00e1llt le Ir\u00e1nban\"}]},{\"@type\":\"WebSite\",\"@id\":\"https:\\\/\\\/super-news.info\\\/hu\\\/#website\",\"url\":\"https:\\\/\\\/super-news.info\\\/hu\\\/\",\"name\":\"Super News\",\"description\":\"Super News Magyarorsz\u00e1g\",\"potentialAction\":[{\"@type\":\"SearchAction\",\"target\":{\"@type\":\"EntryPoint\",\"urlTemplate\":\"https:\\\/\\\/super-news.info\\\/hu\\\/?s={search_term_string}\"},\"query-input\":{\"@type\":\"PropertyValueSpecification\",\"valueRequired\":true,\"valueName\":\"search_term_string\"}}],\"inLanguage\":\"hu\"},{\"@type\":\"Person\",\"@id\":\"https:\\\/\\\/super-news.info\\\/hu\\\/#\\\/schema\\\/person\\\/2d4068cb2f39cd10008c2fce578a7356\",\"name\":\"super-news\",\"image\":{\"@type\":\"ImageObject\",\"inLanguage\":\"hu\",\"@id\":\"https:\\\/\\\/secure.gravatar.com\\\/avatar\\\/64ebac40b93f26a154f8a9b5b6fdccfc46f442b26b3dd6756dbff3bf9dc76fd7?s=96&d=mm&r=g\",\"url\":\"https:\\\/\\\/secure.gravatar.com\\\/avatar\\\/64ebac40b93f26a154f8a9b5b6fdccfc46f442b26b3dd6756dbff3bf9dc76fd7?s=96&d=mm&r=g\",\"contentUrl\":\"https:\\\/\\\/secure.gravatar.com\\\/avatar\\\/64ebac40b93f26a154f8a9b5b6fdccfc46f442b26b3dd6756dbff3bf9dc76fd7?s=96&d=mm&r=g\",\"caption\":\"super-news\"},\"url\":\"https:\\\/\\\/super-news.info\\\/hu\\\/author\\\/pt\\\/\"}]}<\/script>\n<!-- \/ Yoast SEO plugin. -->","yoast_head_json":{"title":"Az ur\u00e1nd\u00fas\u00edt\u00e1s nem \u00e1llt le Ir\u00e1nban - Super News","robots":{"index":"index","follow":"follow","max-snippet":"max-snippet:-1","max-image-preview":"max-image-preview:large","max-video-preview":"max-video-preview:-1"},"canonical":"https:\/\/super-news.info\/hu\/az-urandusitas-nem-allt-le-iranban\/","og_locale":"hu_HU","og_type":"article","og_title":"Az ur\u00e1nd\u00fas\u00edt\u00e1s nem \u00e1llt le Ir\u00e1nban - Super News","og_description":"Ir\u00e1n \u00fczembe helyezett t\u00f6bb korszer\u0171, ur\u00e1nd\u00fas\u00edt\u00f3 centrifug\u00e1t \u2013 k\u00f6z\u00f6lte szombati sajt\u00f3t\u00e1j\u00e9koztat\u00f3j\u00e1n az Ir\u00e1ni Atomenergia-\u00fcgyn\u00f6ks\u00e9g (AEOI) sz\u00f3viv\u0151je, Behr\u00faz Kamalvandi. Ir\u00e1n \u00faj ur\u00e1nd\u00fas\u00edt\u00f3 centrifug\u00e1kat \u00fczemelt be \u2013 ezt Behr\u00faz Kamalvandi, az orsz\u00e1g atom\u00fcgyn\u00f6ks\u00e9g\u00e9nek sz\u00f3viv\u0151je mondta. Bejelent\u00e9s\u00e9t az ir\u00e1ni \u00e1llami telev\u00edzi\u00f3 \u00e9l\u0151ben k\u00f6zvet\u00edtette \u2013 Kamalvandi hozz\u00e1tette, hogy negyven centrifug\u00e1r\u00f3l van sz\u00f3. Hangs\u00falyozta azt is, hogy Teher\u00e1n nem tervezi [&hellip;]","og_url":"https:\/\/super-news.info\/hu\/az-urandusitas-nem-allt-le-iranban\/","og_site_name":"Super News","article_published_time":"2019-09-07T09:33:17+00:00","article_modified_time":"2019-09-07T09:33:18+00:00","og_image":[{"width":1400,"height":911,"url":"https:\/\/super-news.info\/hu\/wp-content\/uploads\/sites\/3\/2019\/09\/Az-ur-nd-s-t-s-nem-llt-le-Ir-nban.jpg","type":"image\/jpeg"}],"author":"super-news","twitter_card":"summary_large_image","twitter_misc":{"Szerz\u0151:":"super-news","Becs\u00fclt olvas\u00e1si id\u0151":"2 perc"},"schema":{"@context":"https:\/\/schema.org","@graph":[{"@type":"Article","@id":"https:\/\/super-news.info\/hu\/az-urandusitas-nem-allt-le-iranban\/#article","isPartOf":{"@id":"https:\/\/super-news.info\/hu\/az-urandusitas-nem-allt-le-iranban\/"},"author":{"name":"super-news","@id":"https:\/\/super-news.info\/hu\/#\/schema\/person\/2d4068cb2f39cd10008c2fce578a7356"},"headline":"Az ur\u00e1nd\u00fas\u00edt\u00e1s nem \u00e1llt le Ir\u00e1nban","datePublished":"2019-09-07T09:33:17+00:00","dateModified":"2019-09-07T09:33:18+00:00","mainEntityOfPage":{"@id":"https:\/\/super-news.info\/hu\/az-urandusitas-nem-allt-le-iranban\/"},"wordCount":462,"commentCount":0,"image":{"@id":"https:\/\/super-news.info\/hu\/az-urandusitas-nem-allt-le-iranban\/#primaryimage"},"thumbnailUrl":"https:\/\/super-news.info\/hu\/wp-content\/uploads\/sites\/3\/2019\/09\/Az-ur-nd-s-t-s-nem-llt-le-Ir-nban.jpg","articleSection":["P\u00c9NZ\u00dcGYI H\u00cdREK"],"inLanguage":"hu","potentialAction":[{"@type":"CommentAction","name":"Comment","target":["https:\/\/super-news.info\/hu\/az-urandusitas-nem-allt-le-iranban\/#respond"]}]},{"@type":"WebPage","@id":"https:\/\/super-news.info\/hu\/az-urandusitas-nem-allt-le-iranban\/","url":"https:\/\/super-news.info\/hu\/az-urandusitas-nem-allt-le-iranban\/","name":"Az ur\u00e1nd\u00fas\u00edt\u00e1s nem \u00e1llt le Ir\u00e1nban - Super News","isPartOf":{"@id":"https:\/\/super-news.info\/hu\/#website"},"primaryImageOfPage":{"@id":"https:\/\/super-news.info\/hu\/az-urandusitas-nem-allt-le-iranban\/#primaryimage"},"image":{"@id":"https:\/\/super-news.info\/hu\/az-urandusitas-nem-allt-le-iranban\/#primaryimage"},"thumbnailUrl":"https:\/\/super-news.info\/hu\/wp-content\/uploads\/sites\/3\/2019\/09\/Az-ur-nd-s-t-s-nem-llt-le-Ir-nban.jpg","datePublished":"2019-09-07T09:33:17+00:00","dateModified":"2019-09-07T09:33:18+00:00","author":{"@id":"https:\/\/super-news.info\/hu\/#\/schema\/person\/2d4068cb2f39cd10008c2fce578a7356"},"breadcrumb":{"@id":"https:\/\/super-news.info\/hu\/az-urandusitas-nem-allt-le-iranban\/#breadcrumb"},"inLanguage":"hu","potentialAction":[{"@type":"ReadAction","target":["https:\/\/super-news.info\/hu\/az-urandusitas-nem-allt-le-iranban\/"]}]},{"@type":"ImageObject","inLanguage":"hu","@id":"https:\/\/super-news.info\/hu\/az-urandusitas-nem-allt-le-iranban\/#primaryimage","url":"https:\/\/super-news.info\/hu\/wp-content\/uploads\/sites\/3\/2019\/09\/Az-ur-nd-s-t-s-nem-llt-le-Ir-nban.jpg","contentUrl":"https:\/\/super-news.info\/hu\/wp-content\/uploads\/sites\/3\/2019\/09\/Az-ur-nd-s-t-s-nem-llt-le-Ir-nban.jpg","width":1400,"height":911,"caption":"Az ur\u00e1nd\u00fas\u00edt\u00e1s nem \u00e1llt le Ir\u00e1nban"},{"@type":"BreadcrumbList","@id":"https:\/\/super-news.info\/hu\/az-urandusitas-nem-allt-le-iranban\/#breadcrumb","itemListElement":[{"@type":"ListItem","position":1,"name":"\u0413\u043b\u0430\u0432\u043d\u0430\u044f \u0441\u0442\u0440\u0430\u043d\u0438\u0446\u0430","item":"https:\/\/super-news.info\/hu\/"},{"@type":"ListItem","position":2,"name":"Az ur\u00e1nd\u00fas\u00edt\u00e1s nem \u00e1llt le Ir\u00e1nban"}]},{"@type":"WebSite","@id":"https:\/\/super-news.info\/hu\/#website","url":"https:\/\/super-news.info\/hu\/","name":"Super News","description":"Super News Magyarorsz\u00e1g","potentialAction":[{"@type":"SearchAction","target":{"@type":"EntryPoint","urlTemplate":"https:\/\/super-news.info\/hu\/?s={search_term_string}"},"query-input":{"@type":"PropertyValueSpecification","valueRequired":true,"valueName":"search_term_string"}}],"inLanguage":"hu"},{"@type":"Person","@id":"https:\/\/super-news.info\/hu\/#\/schema\/person\/2d4068cb2f39cd10008c2fce578a7356","name":"super-news","image":{"@type":"ImageObject","inLanguage":"hu","@id":"https:\/\/secure.gravatar.com\/avatar\/64ebac40b93f26a154f8a9b5b6fdccfc46f442b26b3dd6756dbff3bf9dc76fd7?s=96&d=mm&r=g","url":"https:\/\/secure.gravatar.com\/avatar\/64ebac40b93f26a154f8a9b5b6fdccfc46f442b26b3dd6756dbff3bf9dc76fd7?s=96&d=mm&r=g","contentUrl":"https:\/\/secure.gravatar.com\/avatar\/64ebac40b93f26a154f8a9b5b6fdccfc46f442b26b3dd6756dbff3bf9dc76fd7?s=96&d=mm&r=g","caption":"super-news"},"url":"https:\/\/super-news.info\/hu\/author\/pt\/"}]}},"_links":{"self":[{"href":"https:\/\/super-news.info\/hu\/wp-json\/wp\/v2\/posts\/8962","targetHints":{"allow":["GET"]}}],"collection":[{"href":"https:\/\/super-news.info\/hu\/wp-json\/wp\/v2\/posts"}],"about":[{"href":"https:\/\/super-news.info\/hu\/wp-json\/wp\/v2\/types\/post"}],"author":[{"embeddable":true,"href":"https:\/\/super-news.info\/hu\/wp-json\/wp\/v2\/users\/2"}],"replies":[{"embeddable":true,"href":"https:\/\/super-news.info\/hu\/wp-json\/wp\/v2\/comments?post=8962"}],"version-history":[{"count":1,"href":"https:\/\/super-news.info\/hu\/wp-json\/wp\/v2\/posts\/8962\/revisions"}],"predecessor-version":[{"id":8964,"href":"https:\/\/super-news.info\/hu\/wp-json\/wp\/v2\/posts\/8962\/revisions\/8964"}],"wp:featuredmedia":[{"embeddable":true,"href":"https:\/\/super-news.info\/hu\/wp-json\/wp\/v2\/media\/8963"}],"wp:attachment":[{"href":"https:\/\/super-news.info\/hu\/wp-json\/wp\/v2\/media?parent=8962"}],"wp:term":[{"taxonomy":"category","embeddable":true,"href":"https:\/\/super-news.info\/hu\/wp-json\/wp\/v2\/categories?post=8962"},{"taxonomy":"post_tag","embeddable":true,"href":"https:\/\/super-news.info\/hu\/wp-json\/wp\/v2\/tags?post=8962"}],"curies":[{"name":"wp","href":"https:\/\/api.w.org\/{rel}","templated":true}]}}