{"id":8959,"date":"2019-09-07T11:41:44","date_gmt":"2019-09-07T08:41:44","guid":{"rendered":"https:\/\/super-news.info\/hu\/osszealltak-az-amazoniai-hetek-az-erdo-vedelmere\/"},"modified":"2019-09-07T11:41:46","modified_gmt":"2019-09-07T08:41:46","slug":"osszealltak-az-amazoniai-hetek-az-erdo-vedelmere","status":"publish","type":"post","link":"https:\/\/super-news.info\/hu\/osszealltak-az-amazoniai-hetek-az-erdo-vedelmere\/","title":{"rendered":"\u00d6ssze\u00e1lltak az amaz\u00f3niai hetek az erd\u0151 v\u00e9delm\u00e9re"},"content":{"rendered":"<p>\n\t\t\t\t\t\t\t\tAmaz\u00f3nia v\u00e9delm\u00e9re meg\u00e1llapod\u00e1st k\u00f6t\u00f6tt p\u00e9nteken a t\u00e9rs\u00e9g h\u00e9t orsz\u00e1ga. Eszerint megel\u0151zend\u0151 az idei ny\u00e1ron t\u00f6rt\u00e9nt hatalmas erd\u0151t\u00fczeknek, t\u00f6bb ezer n\u00e9gyzetkilom\u00e9ternyi tr\u00f3pusi erd\u0151 megsemmis\u00fcl\u00e9s\u00e9nek \u00fajabb el\u0151fordul\u00e1s\u00e1t, \u00f6sszehangolj\u00e1k katasztr\u00f3fav\u00e9delmi tev\u00e9kenys\u00e9g\u00fcket \u00e9s a m\u0171holdas megfigyel\u00e9st.\t\t\t\t\t\t\t<\/p>\n<div>\n<p>Amaz\u00f3nia v\u00e9delm\u00e9re k\u00f6t\u00f6tt meg\u00e1llapod\u00e1st a t\u00e9rs\u00e9g h\u00e9t orsz\u00e1ga: Kolumbia, Bol\u00edvia, Ecuador, Peru eln\u00f6ke, Suriname aleln\u00f6ke, Braz\u00edlia k\u00fcl\u00fcgyminisztere \u00e9s Guyana term\u00e9szeti er\u0151forr\u00e1sok\u00e9rt felel\u0151s minisztere a kolumbiai dzsungelben l\u00e9v\u0151 Letici\u00e1ban vett r\u00e9szt az egynapos cs\u00facstal\u00e1lkoz\u00f3n. Jair Bolsonaro brazil eln\u00f6k videokapcsolaton kereszt\u00fcl sz\u00f3lalt meg az esem\u00e9nyen. A r\u00e9sztvev\u0151k meg\u00e1llapodtak abban, hogy az ENSZ decemberi kl\u00edmav\u00e1ltot\u00e1si cs\u00facstal\u00e1lkoz\u00f3j\u00e1n ism\u00e9t folytatnak megbesz\u00e9l\u00e9seket ebben a k\u00f6rben.<\/p>\n<blockquote>\n<p>\u00d6nmag\u00e1ban a j\u00f3 sz\u00e1nd\u00e9k m\u00e1r nem el\u00e9g<\/p>\n<\/blockquote>\n<p>\u2013 jelentette ki Martin Vizcarra perui eln\u00f6k.<\/p>\n<p>Amellett, hogy \u00f6sszehangolj\u00e1k a v\u00e9delmet, a r\u00e9szt vev\u0151 orsz\u00e1gok \u00fajraerd\u0151s\u00edt\u00e9si \u00e9s oktat\u00e1si programokat ind\u00edtanak, jobban bevonj\u00e1k a fenntarthat\u00f3 fejl\u0151d\u00e9s kialak\u00edt\u00e1s\u00e1ba az \u0151shonos k\u00f6z\u00f6ss\u00e9geket.<\/p>\n<p>Igyekeznek \u00f6sszehangoltan fell\u00e9pni az illeg\u00e1lis b\u00e1ny\u00e1szat ellen is.<\/p>\n<p>Bolsonaro azt hangs\u00falyozta: a meg\u00e1llapod\u00e1s annak meger\u0151s\u00edt\u00e9se, hogy mindegyik r\u00e9szes orsz\u00e1g szuver\u00e9n. Azzal v\u00e1dolta meg a gazdag orsz\u00e1gokat, hogy el akarj\u00e1k venni ezt a szuverenit\u00e1st t\u0151l\u00fck.<\/p>\n<div id=\"attachment_1694890\" style=\"width: 1410px\" class=\"wp-caption alignnone\">\n<p class=\"wp-caption-text\">Fot\u00f3: AFP<\/p>\n<\/div>\n<p>Az AP h\u00edr\u00fcgyn\u00f6ks\u00e9g \u00e9rt\u00e9kel\u00e9se szerint a tal\u00e1lkoz\u00f3n kev\u00e9s konkr\u00e9t akci\u00f3ban \u00e1llapodtak meg, \u00e9s felsz\u00ednre ker\u00fcltek az orsz\u00e1gok k\u00f6z\u00f6tti m\u00e9ly ideol\u00f3giai \u00e9s politikai szakad\u00e9kok a fenntarthat\u00f3 fejl\u0151d\u00e9ssel kapcsolatban.<\/p>\n<p>Amaz\u00f3nia braz\u00edliai r\u00e9sz\u00e9n \u2013 az \u0151serd\u0151 60 sz\u00e1zal\u00e9ka esik a ter\u00fclet\u00e9re \u2013 az id\u00e9n 83 sz\u00e1zal\u00e9kkal n\u0151tt a t\u00fczek sz\u00e1ma a hivatalos brazil adatok szerint a tavalyi \u00e9v azonos id\u0151szak\u00e1hoz k\u00e9pest.<\/p>\n<p>Az ut\u00f3bbi hetekben Bol\u00edvi\u00e1ban is sok t\u0171z puszt\u00edtott.<\/p>\n<p>A brazil korm\u00e1ny el\u0151zetes adatai szerint az erd\u0151irt\u00e1s m\u00e9rt\u00e9ke is jelent\u0151sen n\u0151tt tavalyhoz k\u00e9pest, imm\u00e1r a negyedik egym\u00e1st k\u00f6vet\u0151 h\u00f3napban.<\/p>\n<\/p><\/div>\n<p><script>\n    window.fbAsyncInit = function() {\n        FB.init({\n            appId      : \"204760236815359\",\n            xfbml      : true,\n            version    : \"v2.12\"\n        });\n        FB.AppEvents.logPageView();\n    };<\/p>\n<p>    (function(d, s, id){\n        var js, fjs = d.getElementsByTagName(s)[0];\n        if (d.getElementById(id)) {return;}\n        js = d.createElement(s); js.id = id;\n        js.src = \"http:\/\/connect.facebook.net\/hu_HU\/sdk.js\";\n        fjs.parentNode.insertBefore(js, fjs);\n    }(document, \"script\", \"facebook-jssdk\"));\n<\/script><br \/>\n<br \/>\n<!--noindex--><br \/>\n<a href=\"https:\/\/www.vg.hu\/kozelet\/kornyezetvedelem\/osszealltak-az-amazoniai-hetek-az-erdo-vedelmere-1733080\/\" rel=\"nofollow\">Source link <\/a><br \/>\n<!--\/noindex--><\/p>\n","protected":false},"excerpt":{"rendered":"<p>Amaz\u00f3nia v\u00e9delm\u00e9re meg\u00e1llapod\u00e1st k\u00f6t\u00f6tt p\u00e9nteken a t\u00e9rs\u00e9g h\u00e9t orsz\u00e1ga. Eszerint megel\u0151zend\u0151 az idei ny\u00e1ron t\u00f6rt\u00e9nt hatalmas erd\u0151t\u00fczeknek, t\u00f6bb ezer n\u00e9gyzetkilom\u00e9ternyi tr\u00f3pusi erd\u0151 megsemmis\u00fcl\u00e9s\u00e9nek \u00fajabb el\u0151fordul\u00e1s\u00e1t, \u00f6sszehangolj\u00e1k katasztr\u00f3fav\u00e9delmi tev\u00e9kenys\u00e9g\u00fcket \u00e9s a m\u0171holdas megfigyel\u00e9st. Amaz\u00f3nia v\u00e9delm\u00e9re k\u00f6t\u00f6tt meg\u00e1llapod\u00e1st a t\u00e9rs\u00e9g h\u00e9t orsz\u00e1ga: Kolumbia, Bol\u00edvia, Ecuador, Peru eln\u00f6ke, Suriname aleln\u00f6ke, Braz\u00edlia k\u00fcl\u00fcgyminisztere \u00e9s Guyana term\u00e9szeti er\u0151forr\u00e1sok\u00e9rt felel\u0151s minisztere [&hellip;]<\/p>\n","protected":false},"author":2,"featured_media":8960,"comment_status":"open","ping_status":"open","sticky":false,"template":"","format":"standard","meta":{"footnotes":""},"categories":[1],"tags":[],"class_list":["post-8959","post","type-post","status-publish","format-standard","has-post-thumbnail","hentry","category-penzugyi-hirek"],"yoast_head":"<!-- This site is optimized with the Yoast SEO plugin v27.4 - https:\/\/yoast.com\/product\/yoast-seo-wordpress\/ -->\n<title>\u00d6ssze\u00e1lltak az amaz\u00f3niai hetek az erd\u0151 v\u00e9delm\u00e9re - Super News<\/title>\n<meta name=\"robots\" content=\"index, follow, max-snippet:-1, max-image-preview:large, max-video-preview:-1\" \/>\n<link rel=\"canonical\" href=\"https:\/\/super-news.info\/hu\/osszealltak-az-amazoniai-hetek-az-erdo-vedelmere\/\" \/>\n<meta property=\"og:locale\" content=\"hu_HU\" \/>\n<meta property=\"og:type\" content=\"article\" \/>\n<meta property=\"og:title\" content=\"\u00d6ssze\u00e1lltak az amaz\u00f3niai hetek az erd\u0151 v\u00e9delm\u00e9re - Super News\" \/>\n<meta property=\"og:description\" content=\"Amaz\u00f3nia v\u00e9delm\u00e9re meg\u00e1llapod\u00e1st k\u00f6t\u00f6tt p\u00e9nteken a t\u00e9rs\u00e9g h\u00e9t orsz\u00e1ga. Eszerint megel\u0151zend\u0151 az idei ny\u00e1ron t\u00f6rt\u00e9nt hatalmas erd\u0151t\u00fczeknek, t\u00f6bb ezer n\u00e9gyzetkilom\u00e9ternyi tr\u00f3pusi erd\u0151 megsemmis\u00fcl\u00e9s\u00e9nek \u00fajabb el\u0151fordul\u00e1s\u00e1t, \u00f6sszehangolj\u00e1k katasztr\u00f3fav\u00e9delmi tev\u00e9kenys\u00e9g\u00fcket \u00e9s a m\u0171holdas megfigyel\u00e9st. Amaz\u00f3nia v\u00e9delm\u00e9re k\u00f6t\u00f6tt meg\u00e1llapod\u00e1st a t\u00e9rs\u00e9g h\u00e9t orsz\u00e1ga: Kolumbia, Bol\u00edvia, Ecuador, Peru eln\u00f6ke, Suriname aleln\u00f6ke, Braz\u00edlia k\u00fcl\u00fcgyminisztere \u00e9s Guyana term\u00e9szeti er\u0151forr\u00e1sok\u00e9rt felel\u0151s minisztere [&hellip;]\" \/>\n<meta property=\"og:url\" content=\"https:\/\/super-news.info\/hu\/osszealltak-az-amazoniai-hetek-az-erdo-vedelmere\/\" \/>\n<meta property=\"og:site_name\" content=\"Super News\" \/>\n<meta property=\"article:published_time\" content=\"2019-09-07T08:41:44+00:00\" \/>\n<meta property=\"article:modified_time\" content=\"2019-09-07T08:41:46+00:00\" \/>\n<meta property=\"og:image\" content=\"https:\/\/super-news.info\/hu\/wp-content\/uploads\/sites\/3\/2019\/09\/ssze-lltak-az-amaz-niai-hetek-az-erd-v-delm-re.jpg\" \/>\n\t<meta property=\"og:image:width\" content=\"1400\" \/>\n\t<meta property=\"og:image:height\" content=\"787\" \/>\n\t<meta property=\"og:image:type\" content=\"image\/jpeg\" \/>\n<meta name=\"author\" content=\"super-news\" \/>\n<meta name=\"twitter:card\" content=\"summary_large_image\" \/>\n<meta name=\"twitter:label1\" content=\"Szerz\u0151:\" \/>\n\t<meta name=\"twitter:data1\" content=\"super-news\" \/>\n\t<meta name=\"twitter:label2\" content=\"Becs\u00fclt olvas\u00e1si id\u0151\" \/>\n\t<meta name=\"twitter:data2\" content=\"2 perc\" \/>\n<script type=\"application\/ld+json\" class=\"yoast-schema-graph\">{\"@context\":\"https:\\\/\\\/schema.org\",\"@graph\":[{\"@type\":\"Article\",\"@id\":\"https:\\\/\\\/super-news.info\\\/hu\\\/osszealltak-az-amazoniai-hetek-az-erdo-vedelmere\\\/#article\",\"isPartOf\":{\"@id\":\"https:\\\/\\\/super-news.info\\\/hu\\\/osszealltak-az-amazoniai-hetek-az-erdo-vedelmere\\\/\"},\"author\":{\"name\":\"super-news\",\"@id\":\"https:\\\/\\\/super-news.info\\\/hu\\\/#\\\/schema\\\/person\\\/2d4068cb2f39cd10008c2fce578a7356\"},\"headline\":\"\u00d6ssze\u00e1lltak az amaz\u00f3niai hetek az erd\u0151 v\u00e9delm\u00e9re\",\"datePublished\":\"2019-09-07T08:41:44+00:00\",\"dateModified\":\"2019-09-07T08:41:46+00:00\",\"mainEntityOfPage\":{\"@id\":\"https:\\\/\\\/super-news.info\\\/hu\\\/osszealltak-az-amazoniai-hetek-az-erdo-vedelmere\\\/\"},\"wordCount\":439,\"commentCount\":0,\"image\":{\"@id\":\"https:\\\/\\\/super-news.info\\\/hu\\\/osszealltak-az-amazoniai-hetek-az-erdo-vedelmere\\\/#primaryimage\"},\"thumbnailUrl\":\"https:\\\/\\\/super-news.info\\\/hu\\\/wp-content\\\/uploads\\\/sites\\\/3\\\/2019\\\/09\\\/ssze-lltak-az-amaz-niai-hetek-az-erd-v-delm-re.jpg\",\"articleSection\":[\"P\u00c9NZ\u00dcGYI H\u00cdREK\"],\"inLanguage\":\"hu\",\"potentialAction\":[{\"@type\":\"CommentAction\",\"name\":\"Comment\",\"target\":[\"https:\\\/\\\/super-news.info\\\/hu\\\/osszealltak-az-amazoniai-hetek-az-erdo-vedelmere\\\/#respond\"]}]},{\"@type\":\"WebPage\",\"@id\":\"https:\\\/\\\/super-news.info\\\/hu\\\/osszealltak-az-amazoniai-hetek-az-erdo-vedelmere\\\/\",\"url\":\"https:\\\/\\\/super-news.info\\\/hu\\\/osszealltak-az-amazoniai-hetek-az-erdo-vedelmere\\\/\",\"name\":\"\u00d6ssze\u00e1lltak az amaz\u00f3niai hetek az erd\u0151 v\u00e9delm\u00e9re - Super News\",\"isPartOf\":{\"@id\":\"https:\\\/\\\/super-news.info\\\/hu\\\/#website\"},\"primaryImageOfPage\":{\"@id\":\"https:\\\/\\\/super-news.info\\\/hu\\\/osszealltak-az-amazoniai-hetek-az-erdo-vedelmere\\\/#primaryimage\"},\"image\":{\"@id\":\"https:\\\/\\\/super-news.info\\\/hu\\\/osszealltak-az-amazoniai-hetek-az-erdo-vedelmere\\\/#primaryimage\"},\"thumbnailUrl\":\"https:\\\/\\\/super-news.info\\\/hu\\\/wp-content\\\/uploads\\\/sites\\\/3\\\/2019\\\/09\\\/ssze-lltak-az-amaz-niai-hetek-az-erd-v-delm-re.jpg\",\"datePublished\":\"2019-09-07T08:41:44+00:00\",\"dateModified\":\"2019-09-07T08:41:46+00:00\",\"author\":{\"@id\":\"https:\\\/\\\/super-news.info\\\/hu\\\/#\\\/schema\\\/person\\\/2d4068cb2f39cd10008c2fce578a7356\"},\"breadcrumb\":{\"@id\":\"https:\\\/\\\/super-news.info\\\/hu\\\/osszealltak-az-amazoniai-hetek-az-erdo-vedelmere\\\/#breadcrumb\"},\"inLanguage\":\"hu\",\"potentialAction\":[{\"@type\":\"ReadAction\",\"target\":[\"https:\\\/\\\/super-news.info\\\/hu\\\/osszealltak-az-amazoniai-hetek-az-erdo-vedelmere\\\/\"]}]},{\"@type\":\"ImageObject\",\"inLanguage\":\"hu\",\"@id\":\"https:\\\/\\\/super-news.info\\\/hu\\\/osszealltak-az-amazoniai-hetek-az-erdo-vedelmere\\\/#primaryimage\",\"url\":\"https:\\\/\\\/super-news.info\\\/hu\\\/wp-content\\\/uploads\\\/sites\\\/3\\\/2019\\\/09\\\/ssze-lltak-az-amaz-niai-hetek-az-erd-v-delm-re.jpg\",\"contentUrl\":\"https:\\\/\\\/super-news.info\\\/hu\\\/wp-content\\\/uploads\\\/sites\\\/3\\\/2019\\\/09\\\/ssze-lltak-az-amaz-niai-hetek-az-erd-v-delm-re.jpg\",\"width\":1400,\"height\":787,\"caption\":\"\u00d6ssze\u00e1lltak az amaz\u00f3niai hetek az erd\u0151 v\u00e9delm\u00e9re\"},{\"@type\":\"BreadcrumbList\",\"@id\":\"https:\\\/\\\/super-news.info\\\/hu\\\/osszealltak-az-amazoniai-hetek-az-erdo-vedelmere\\\/#breadcrumb\",\"itemListElement\":[{\"@type\":\"ListItem\",\"position\":1,\"name\":\"\u0413\u043b\u0430\u0432\u043d\u0430\u044f \u0441\u0442\u0440\u0430\u043d\u0438\u0446\u0430\",\"item\":\"https:\\\/\\\/super-news.info\\\/hu\\\/\"},{\"@type\":\"ListItem\",\"position\":2,\"name\":\"\u00d6ssze\u00e1lltak az amaz\u00f3niai hetek az erd\u0151 v\u00e9delm\u00e9re\"}]},{\"@type\":\"WebSite\",\"@id\":\"https:\\\/\\\/super-news.info\\\/hu\\\/#website\",\"url\":\"https:\\\/\\\/super-news.info\\\/hu\\\/\",\"name\":\"Super News\",\"description\":\"Super News Magyarorsz\u00e1g\",\"potentialAction\":[{\"@type\":\"SearchAction\",\"target\":{\"@type\":\"EntryPoint\",\"urlTemplate\":\"https:\\\/\\\/super-news.info\\\/hu\\\/?s={search_term_string}\"},\"query-input\":{\"@type\":\"PropertyValueSpecification\",\"valueRequired\":true,\"valueName\":\"search_term_string\"}}],\"inLanguage\":\"hu\"},{\"@type\":\"Person\",\"@id\":\"https:\\\/\\\/super-news.info\\\/hu\\\/#\\\/schema\\\/person\\\/2d4068cb2f39cd10008c2fce578a7356\",\"name\":\"super-news\",\"image\":{\"@type\":\"ImageObject\",\"inLanguage\":\"hu\",\"@id\":\"https:\\\/\\\/secure.gravatar.com\\\/avatar\\\/64ebac40b93f26a154f8a9b5b6fdccfc46f442b26b3dd6756dbff3bf9dc76fd7?s=96&d=mm&r=g\",\"url\":\"https:\\\/\\\/secure.gravatar.com\\\/avatar\\\/64ebac40b93f26a154f8a9b5b6fdccfc46f442b26b3dd6756dbff3bf9dc76fd7?s=96&d=mm&r=g\",\"contentUrl\":\"https:\\\/\\\/secure.gravatar.com\\\/avatar\\\/64ebac40b93f26a154f8a9b5b6fdccfc46f442b26b3dd6756dbff3bf9dc76fd7?s=96&d=mm&r=g\",\"caption\":\"super-news\"},\"url\":\"https:\\\/\\\/super-news.info\\\/hu\\\/author\\\/pt\\\/\"}]}<\/script>\n<!-- \/ Yoast SEO plugin. -->","yoast_head_json":{"title":"\u00d6ssze\u00e1lltak az amaz\u00f3niai hetek az erd\u0151 v\u00e9delm\u00e9re - Super News","robots":{"index":"index","follow":"follow","max-snippet":"max-snippet:-1","max-image-preview":"max-image-preview:large","max-video-preview":"max-video-preview:-1"},"canonical":"https:\/\/super-news.info\/hu\/osszealltak-az-amazoniai-hetek-az-erdo-vedelmere\/","og_locale":"hu_HU","og_type":"article","og_title":"\u00d6ssze\u00e1lltak az amaz\u00f3niai hetek az erd\u0151 v\u00e9delm\u00e9re - Super News","og_description":"Amaz\u00f3nia v\u00e9delm\u00e9re meg\u00e1llapod\u00e1st k\u00f6t\u00f6tt p\u00e9nteken a t\u00e9rs\u00e9g h\u00e9t orsz\u00e1ga. Eszerint megel\u0151zend\u0151 az idei ny\u00e1ron t\u00f6rt\u00e9nt hatalmas erd\u0151t\u00fczeknek, t\u00f6bb ezer n\u00e9gyzetkilom\u00e9ternyi tr\u00f3pusi erd\u0151 megsemmis\u00fcl\u00e9s\u00e9nek \u00fajabb el\u0151fordul\u00e1s\u00e1t, \u00f6sszehangolj\u00e1k katasztr\u00f3fav\u00e9delmi tev\u00e9kenys\u00e9g\u00fcket \u00e9s a m\u0171holdas megfigyel\u00e9st. Amaz\u00f3nia v\u00e9delm\u00e9re k\u00f6t\u00f6tt meg\u00e1llapod\u00e1st a t\u00e9rs\u00e9g h\u00e9t orsz\u00e1ga: Kolumbia, Bol\u00edvia, Ecuador, Peru eln\u00f6ke, Suriname aleln\u00f6ke, Braz\u00edlia k\u00fcl\u00fcgyminisztere \u00e9s Guyana term\u00e9szeti er\u0151forr\u00e1sok\u00e9rt felel\u0151s minisztere [&hellip;]","og_url":"https:\/\/super-news.info\/hu\/osszealltak-az-amazoniai-hetek-az-erdo-vedelmere\/","og_site_name":"Super News","article_published_time":"2019-09-07T08:41:44+00:00","article_modified_time":"2019-09-07T08:41:46+00:00","og_image":[{"width":1400,"height":787,"url":"https:\/\/super-news.info\/hu\/wp-content\/uploads\/sites\/3\/2019\/09\/ssze-lltak-az-amaz-niai-hetek-az-erd-v-delm-re.jpg","type":"image\/jpeg"}],"author":"super-news","twitter_card":"summary_large_image","twitter_misc":{"Szerz\u0151:":"super-news","Becs\u00fclt olvas\u00e1si id\u0151":"2 perc"},"schema":{"@context":"https:\/\/schema.org","@graph":[{"@type":"Article","@id":"https:\/\/super-news.info\/hu\/osszealltak-az-amazoniai-hetek-az-erdo-vedelmere\/#article","isPartOf":{"@id":"https:\/\/super-news.info\/hu\/osszealltak-az-amazoniai-hetek-az-erdo-vedelmere\/"},"author":{"name":"super-news","@id":"https:\/\/super-news.info\/hu\/#\/schema\/person\/2d4068cb2f39cd10008c2fce578a7356"},"headline":"\u00d6ssze\u00e1lltak az amaz\u00f3niai hetek az erd\u0151 v\u00e9delm\u00e9re","datePublished":"2019-09-07T08:41:44+00:00","dateModified":"2019-09-07T08:41:46+00:00","mainEntityOfPage":{"@id":"https:\/\/super-news.info\/hu\/osszealltak-az-amazoniai-hetek-az-erdo-vedelmere\/"},"wordCount":439,"commentCount":0,"image":{"@id":"https:\/\/super-news.info\/hu\/osszealltak-az-amazoniai-hetek-az-erdo-vedelmere\/#primaryimage"},"thumbnailUrl":"https:\/\/super-news.info\/hu\/wp-content\/uploads\/sites\/3\/2019\/09\/ssze-lltak-az-amaz-niai-hetek-az-erd-v-delm-re.jpg","articleSection":["P\u00c9NZ\u00dcGYI H\u00cdREK"],"inLanguage":"hu","potentialAction":[{"@type":"CommentAction","name":"Comment","target":["https:\/\/super-news.info\/hu\/osszealltak-az-amazoniai-hetek-az-erdo-vedelmere\/#respond"]}]},{"@type":"WebPage","@id":"https:\/\/super-news.info\/hu\/osszealltak-az-amazoniai-hetek-az-erdo-vedelmere\/","url":"https:\/\/super-news.info\/hu\/osszealltak-az-amazoniai-hetek-az-erdo-vedelmere\/","name":"\u00d6ssze\u00e1lltak az amaz\u00f3niai hetek az erd\u0151 v\u00e9delm\u00e9re - Super News","isPartOf":{"@id":"https:\/\/super-news.info\/hu\/#website"},"primaryImageOfPage":{"@id":"https:\/\/super-news.info\/hu\/osszealltak-az-amazoniai-hetek-az-erdo-vedelmere\/#primaryimage"},"image":{"@id":"https:\/\/super-news.info\/hu\/osszealltak-az-amazoniai-hetek-az-erdo-vedelmere\/#primaryimage"},"thumbnailUrl":"https:\/\/super-news.info\/hu\/wp-content\/uploads\/sites\/3\/2019\/09\/ssze-lltak-az-amaz-niai-hetek-az-erd-v-delm-re.jpg","datePublished":"2019-09-07T08:41:44+00:00","dateModified":"2019-09-07T08:41:46+00:00","author":{"@id":"https:\/\/super-news.info\/hu\/#\/schema\/person\/2d4068cb2f39cd10008c2fce578a7356"},"breadcrumb":{"@id":"https:\/\/super-news.info\/hu\/osszealltak-az-amazoniai-hetek-az-erdo-vedelmere\/#breadcrumb"},"inLanguage":"hu","potentialAction":[{"@type":"ReadAction","target":["https:\/\/super-news.info\/hu\/osszealltak-az-amazoniai-hetek-az-erdo-vedelmere\/"]}]},{"@type":"ImageObject","inLanguage":"hu","@id":"https:\/\/super-news.info\/hu\/osszealltak-az-amazoniai-hetek-az-erdo-vedelmere\/#primaryimage","url":"https:\/\/super-news.info\/hu\/wp-content\/uploads\/sites\/3\/2019\/09\/ssze-lltak-az-amaz-niai-hetek-az-erd-v-delm-re.jpg","contentUrl":"https:\/\/super-news.info\/hu\/wp-content\/uploads\/sites\/3\/2019\/09\/ssze-lltak-az-amaz-niai-hetek-az-erd-v-delm-re.jpg","width":1400,"height":787,"caption":"\u00d6ssze\u00e1lltak az amaz\u00f3niai hetek az erd\u0151 v\u00e9delm\u00e9re"},{"@type":"BreadcrumbList","@id":"https:\/\/super-news.info\/hu\/osszealltak-az-amazoniai-hetek-az-erdo-vedelmere\/#breadcrumb","itemListElement":[{"@type":"ListItem","position":1,"name":"\u0413\u043b\u0430\u0432\u043d\u0430\u044f \u0441\u0442\u0440\u0430\u043d\u0438\u0446\u0430","item":"https:\/\/super-news.info\/hu\/"},{"@type":"ListItem","position":2,"name":"\u00d6ssze\u00e1lltak az amaz\u00f3niai hetek az erd\u0151 v\u00e9delm\u00e9re"}]},{"@type":"WebSite","@id":"https:\/\/super-news.info\/hu\/#website","url":"https:\/\/super-news.info\/hu\/","name":"Super News","description":"Super News Magyarorsz\u00e1g","potentialAction":[{"@type":"SearchAction","target":{"@type":"EntryPoint","urlTemplate":"https:\/\/super-news.info\/hu\/?s={search_term_string}"},"query-input":{"@type":"PropertyValueSpecification","valueRequired":true,"valueName":"search_term_string"}}],"inLanguage":"hu"},{"@type":"Person","@id":"https:\/\/super-news.info\/hu\/#\/schema\/person\/2d4068cb2f39cd10008c2fce578a7356","name":"super-news","image":{"@type":"ImageObject","inLanguage":"hu","@id":"https:\/\/secure.gravatar.com\/avatar\/64ebac40b93f26a154f8a9b5b6fdccfc46f442b26b3dd6756dbff3bf9dc76fd7?s=96&d=mm&r=g","url":"https:\/\/secure.gravatar.com\/avatar\/64ebac40b93f26a154f8a9b5b6fdccfc46f442b26b3dd6756dbff3bf9dc76fd7?s=96&d=mm&r=g","contentUrl":"https:\/\/secure.gravatar.com\/avatar\/64ebac40b93f26a154f8a9b5b6fdccfc46f442b26b3dd6756dbff3bf9dc76fd7?s=96&d=mm&r=g","caption":"super-news"},"url":"https:\/\/super-news.info\/hu\/author\/pt\/"}]}},"_links":{"self":[{"href":"https:\/\/super-news.info\/hu\/wp-json\/wp\/v2\/posts\/8959","targetHints":{"allow":["GET"]}}],"collection":[{"href":"https:\/\/super-news.info\/hu\/wp-json\/wp\/v2\/posts"}],"about":[{"href":"https:\/\/super-news.info\/hu\/wp-json\/wp\/v2\/types\/post"}],"author":[{"embeddable":true,"href":"https:\/\/super-news.info\/hu\/wp-json\/wp\/v2\/users\/2"}],"replies":[{"embeddable":true,"href":"https:\/\/super-news.info\/hu\/wp-json\/wp\/v2\/comments?post=8959"}],"version-history":[{"count":1,"href":"https:\/\/super-news.info\/hu\/wp-json\/wp\/v2\/posts\/8959\/revisions"}],"predecessor-version":[{"id":8961,"href":"https:\/\/super-news.info\/hu\/wp-json\/wp\/v2\/posts\/8959\/revisions\/8961"}],"wp:featuredmedia":[{"embeddable":true,"href":"https:\/\/super-news.info\/hu\/wp-json\/wp\/v2\/media\/8960"}],"wp:attachment":[{"href":"https:\/\/super-news.info\/hu\/wp-json\/wp\/v2\/media?parent=8959"}],"wp:term":[{"taxonomy":"category","embeddable":true,"href":"https:\/\/super-news.info\/hu\/wp-json\/wp\/v2\/categories?post=8959"},{"taxonomy":"post_tag","embeddable":true,"href":"https:\/\/super-news.info\/hu\/wp-json\/wp\/v2\/tags?post=8959"}],"curies":[{"name":"wp","href":"https:\/\/api.w.org\/{rel}","templated":true}]}}