{"id":8943,"date":"2019-09-06T23:09:33","date_gmt":"2019-09-06T20:09:33","guid":{"rendered":"https:\/\/super-news.info\/hu\/az-innovacio-human-es-regionalis-feltetelei\/"},"modified":"2019-09-06T23:09:34","modified_gmt":"2019-09-06T20:09:34","slug":"az-innovacio-human-es-regionalis-feltetelei","status":"publish","type":"post","link":"https:\/\/super-news.info\/hu\/az-innovacio-human-es-regionalis-feltetelei\/","title":{"rendered":"Az innov\u00e1ci\u00f3 hum\u00e1n \u00e9s region\u00e1lis felt\u00e9telei"},"content":{"rendered":"<div>\n<p>\u00c1ltal\u00e1nos szakmai v\u00e9lem\u00e9ny, hogy a t\u00e1rsadalom olyan gyorsan k\u00e9pes fejl\u0151dni, amilyen gyors innov\u00e1ci\u00f3ra, meg\u00fajul\u00e1sra k\u00e9pes. Az innov\u00e1ci\u00f3 ez\u00e9rt nagyon fontos nemcsak a gazdas\u00e1g, hanem a t\u00e1rsadalom sikere szempontj\u00e1b\u00f3l is. Az innov\u00e1ci\u00f3 \u00f6sszef\u00fcgg az innov\u00e1ci\u00f3s k\u00e9pess\u00e9ggel, ami pedig szoros kapcsolatban van a hum\u00e1n vagyon k\u00e9pzetts\u00e9g\u00e9vel \u00e9s a rendelkez\u00e9sre \u00e1ll\u00f3 innovat\u00edv munkahelyek sz\u00e1m\u00e1val. Ha nincsenek az innov\u00e1ci\u00f3t ig\u00e9nyl\u0151 munkahelyek, akkor a munkav\u00e1llal\u00f3 nem tudja felsz\u00ednre hozni innovat\u00edv k\u00e9pess\u00e9geit. Mindez pedig nemcsak \u00e1ltal\u00e1nos makroszinten, hanem region\u00e1lisan is \u00e9rtend\u0151. Ugyanis, ha egy orsz\u00e1gnak vannak olyan r\u00e9gi\u00f3i, amelyek jelent\u0151sen lemaradnak az \u00e1ltal\u00e1nos szintt\u0151l, akkor ezek gyenge l\u00e1ncszemk\u00e9nt az \u00e1ltal\u00e1nos szint emel\u00e9s\u00e9nek es\u00e9lyeit is rontj\u00e1k.<\/p>\n<p>Ez \u00e9v j\u00falius\u00e1ban jelentette meg az Eurostat a hum\u00e1n vagyonnal \u00e9s az innov\u00e1ci\u00f3t ig\u00e9nyl\u0151 munkahelyek ar\u00e1ny\u00e1val kapcsolatos region\u00e1lis elemz\u00e9s\u00e9t. Eszerint az EU-ban 2018-ban a 25\u201364 \u00e9ves koroszt\u00e1lyban t\u00f6bb mint sz\u00e1zmilli\u00f3 ember dolgozott tudom\u00e1nyos \u00e9s technol\u00f3giai tud\u00e1st ig\u00e9nyl\u0151 munkahelyen. Jelent\u0151sek azonban az elt\u00e9r\u00e9sek orsz\u00e1gonk\u00e9nt \u00e9s az orsz\u00e1gokon bel\u00fcli r\u00e9gi\u00f3nk\u00e9nt. Az Eurostat tanulm\u00e1nya felh\u00edvja a figyelmet arra, hogy a tudom\u00e1nyos \u00e9s technol\u00f3giai ter\u00fcleten dolgoz\u00f3k ar\u00e1nya azt is jelzi, mennyire tud\u00e1salap\u00fa egy gazdas\u00e1g, vagyis mennyire haszn\u00e1lja fel a tud\u00e1st a versenyben.<\/p>\n<blockquote>\n<p>Ahhoz, hogy egy orsz\u00e1g \u00e1tl\u00e9pjen a tud\u00e1ssal versenyz\u00e9s fejletts\u00e9gi szakaszba, nagyon fontos, hogy min\u00e9l egyenletesebb f\u00f6ldrajzi eloszl\u00e1sban \u00e1lljon rendelkez\u00e9sre a k\u00e9pzett munkaer\u0151, \u00e9s legyenek sz\u00e1m\u00e1ra tud\u00e1st ig\u00e9nyl\u0151 munkahelyek is.<\/p>\n<\/blockquote>\n<p>A fels\u0151fok\u00fa \u00e9s azon bel\u00fcl a tudom\u00e1nyos, technikai \u00e9s m\u0171szaki v\u00e9gzetts\u00e9g\u0171eknek, valamint a tudom\u00e1nyos \u00e9s technol\u00f3giai tud\u00e1st ig\u00e9nyl\u0151 ter\u00fcleteken dolgoz\u00f3knak a teljes lakoss\u00e1ghoz viszony\u00edtott ar\u00e1ny\u00e1t vizsg\u00e1lva l\u00e1tszik egyr\u00e9szt \u2013 f\u0151leg a V4-ek eset\u00e9ben \u2013, hogy \u00e1ltal\u00e1ban a f\u0151v\u00e1rosokban \u00f6sszpontosul a hum\u00e1n vagyon. A legkisebb k\u00fcl\u00f6nbs\u00e9get az orsz\u00e1gos \u00e9s a f\u0151v\u00e1rosi adat k\u00f6z\u00f6tt Ausztri\u00e1ban tal\u00e1ljuk. Egy\u00e9bk\u00e9nt a region\u00e1lis k\u00fcl\u00f6nbs\u00e9gek is Ausztri\u00e1ban a legalacsonyabbak. Magyarorsz\u00e1g eset\u00e9ben \u00e9rz\u00e9kelhet\u0151, hogy azoknak a r\u00e9gi\u00f3knak jobbak az adataik, amelyekben nagy egyetemi v\u00e1rosok \u00e9s kutat\u00f3k\u00f6zpontok vannak. Az is figyelemre \u00e9rdemes, hogy Pest megy\u00e9nek, amely statisztikailag kiv\u00e1lt K\u00f6z\u00e9p-Magyarorsz\u00e1gb\u00f3l, Budapesthez k\u00e9pest sokkal gyeng\u00e9bbek az adatai.<\/p>\n<div id=\"attachment_694113\" style=\"width: 1410px\" class=\"wp-caption aligncenter\">\n<p class=\"wp-caption-text\">Fot\u00f3: AFP<\/p>\n<\/div>\n<p>Ez is bizony\u00edtja, hogy Pest megye relat\u00edv fejletlens\u00e9g\u00e9t kor\u00e1bban, am\u00edg a K\u00f6z\u00e9p-Magyarorsz\u00e1g r\u00e9gi\u00f3 r\u00e9sze volt, eltakart\u00e1k Budapest kiemelked\u0151en j\u00f3 adatai. Azt a k\u00f6vetkeztet\u00e9st is levonhatjuk az adatokb\u00f3l, hogy a region\u00e1lisan kiegyens\u00falyozottabb fejl\u0151d\u00e9s egyik fontos felt\u00e9tele az \u00e1ltal\u00e1nos k\u00e9pzetts\u00e9gi szint emel\u00e9se. Ezt h\u00fazza al\u00e1 az is, hogy milyen ar\u00e1nyban dolgoznak a munkav\u00e1llal\u00f3k tudom\u00e1nyos, m\u0171szaki \u00e9s technikai tud\u00e1st ig\u00e9nyl\u0151 munkahelyeken.<\/p>\n<p>A t\u00e1bl\u00e1zatban k\u00f6z\u00f6lt adatokb\u00f3l kit\u0171nik, hogy a f\u0151v\u00e1ros \u00e9s az orsz\u00e1gos \u00e1tlag k\u00f6z\u00f6tti k\u00fcl\u00f6nbs\u00e9g sokkal kisebb Ausztri\u00e1ban, mint a V4-orsz\u00e1gokban. Ami a magyar r\u00e9gi\u00f3kat illeti, neh\u00e9z eld\u00f6nteni, hogy az\u00e9rt nincs-e egyes r\u00e9gi\u00f3kban elegend\u0151 tud\u00e1salap\u00fa munkahely, mert nincs szakember, aki bet\u00f6lten\u00e9, vagy az\u00e9rt nincs szakember, mert elment olyan r\u00e9gi\u00f3kba, ahol tal\u00e1lt tud\u00e1salap\u00fa munkahelyet.<\/p>\n<p>Azt viszont adatok igazolj\u00e1k, hogy a nagy \u00f6sszeszerel\u0151 c\u00e9gek nem k\u00edn\u00e1lnak elegend\u0151 tud\u00e1salap\u00fa munkahelyet, hiszen p\u00e9ld\u00e1ul a Nyugat-Dun\u00e1nt\u00fal 15,3 sz\u00e1zal\u00e9kos adata alig jobb, mint \u00c9szak-Magyarorsz\u00e1g\u00e9.<\/p>\n<blockquote>\n<p>Figyelemre m\u00e9lt\u00f3 tov\u00e1bb\u00e1, hogy a V4-ek k\u00f6z\u00f6tt a fels\u0151fok\u00fa v\u00e9gzetts\u00e9g\u0171ek ar\u00e1nya tekintet\u00e9ben Magyarorsz\u00e1g Lengyelorsz\u00e1g ut\u00e1n a m\u00e1sodik, viszont ezen bel\u00fcl a tudom\u00e1nyos, m\u0171szaki \u00e9s technikai ter\u00fcleten v\u00e9gzettek ar\u00e1ny\u00e1t, valamint a tud\u00e1salap\u00fa munkahelyeken dolgoz\u00f3k ar\u00e1ny\u00e1t n\u00e9zve egyar\u00e1nt csak a harmadik helyen van.<\/p>\n<\/blockquote>\n<p>Csak Szlov\u00e1ki\u00e1t el\u0151zi meg. Ennek egyik oka nyilv\u00e1nval\u00f3an a Budapest- \u00e9s a nagyv\u00e1ros-centrikuss\u00e1g, valamint a jelent\u0151s region\u00e1lis k\u00fcl\u00f6nbs\u00e9gek. Az innov\u00e1ci\u00f3s eredm\u00e9nyeink \u00e9s ezzel \u00f6sszef\u00fcgg\u00e9sben a t\u00e1rsadalmi halad\u00e1st jelz\u0151 mutat\u00f3ink jav\u00edt\u00e1sa \u00e9rdek\u00e9ben ez\u00e9rt jav\u00edtani kell \u00e1ltal\u00e1ban, de k\u00fcl\u00f6n\u00f6sen region\u00e1lis szinten a hum\u00e1n vagyon szakmai felk\u00e9sz\u00fclts\u00e9g\u00e9t. Ez teremti meg annak lehet\u0151s\u00e9g\u00e9t is, hogy \u00e1tl\u00e9phess\u00fcnk a fejlett, az er\u0151forr\u00e1sok olcs\u00f3s\u00e1ga helyett tud\u00e1ssal, k\u00e9pess\u00e9gekkel, innov\u00e1ci\u00f3val versenyz\u0151 orsz\u00e1gok csoportj\u00e1ba.<\/p>\n<\/p><\/div>\n<p><script>\n    window.fbAsyncInit = function() {\n        FB.init({\n            appId      : \"204760236815359\",\n            xfbml      : true,\n            version    : \"v2.12\"\n        });\n        FB.AppEvents.logPageView();\n    };<\/p>\n<p>    (function(d, s, id){\n        var js, fjs = d.getElementsByTagName(s)[0];\n        if (d.getElementById(id)) {return;}\n        js = d.createElement(s); js.id = id;\n        js.src = \"http:\/\/connect.facebook.net\/hu_HU\/sdk.js\";\n        fjs.parentNode.insertBefore(js, fjs);\n    }(document, \"script\", \"facebook-jssdk\"));\n<\/script><br \/>\n<br \/>\n<!--noindex--><br \/>\n<a href=\"https:\/\/www.vg.hu\/velemeny\/elemzes\/az-innovacio-human-es-regionalis-feltetelei-2-1732567\/\" rel=\"nofollow\">Source link <\/a><br \/>\n<!--\/noindex--><\/p>\n","protected":false},"excerpt":{"rendered":"<p>\u00c1ltal\u00e1nos szakmai v\u00e9lem\u00e9ny, hogy a t\u00e1rsadalom olyan gyorsan k\u00e9pes fejl\u0151dni, amilyen gyors innov\u00e1ci\u00f3ra, meg\u00fajul\u00e1sra k\u00e9pes. Az innov\u00e1ci\u00f3 ez\u00e9rt nagyon fontos nemcsak a gazdas\u00e1g, hanem a t\u00e1rsadalom sikere szempontj\u00e1b\u00f3l is. Az innov\u00e1ci\u00f3 \u00f6sszef\u00fcgg az innov\u00e1ci\u00f3s k\u00e9pess\u00e9ggel, ami pedig szoros kapcsolatban van a hum\u00e1n vagyon k\u00e9pzetts\u00e9g\u00e9vel \u00e9s a rendelkez\u00e9sre \u00e1ll\u00f3 innovat\u00edv munkahelyek sz\u00e1m\u00e1val. Ha nincsenek az innov\u00e1ci\u00f3t [&hellip;]<\/p>\n","protected":false},"author":2,"featured_media":6798,"comment_status":"open","ping_status":"open","sticky":false,"template":"","format":"standard","meta":{"footnotes":""},"categories":[1],"tags":[],"class_list":["post-8943","post","type-post","status-publish","format-standard","has-post-thumbnail","hentry","category-penzugyi-hirek"],"yoast_head":"<!-- This site is optimized with the Yoast SEO plugin v27.4 - https:\/\/yoast.com\/product\/yoast-seo-wordpress\/ -->\n<title>Az innov\u00e1ci\u00f3 hum\u00e1n \u00e9s region\u00e1lis felt\u00e9telei - Super News<\/title>\n<meta name=\"robots\" content=\"index, follow, max-snippet:-1, max-image-preview:large, max-video-preview:-1\" \/>\n<link rel=\"canonical\" href=\"https:\/\/super-news.info\/hu\/az-innovacio-human-es-regionalis-feltetelei\/\" \/>\n<meta property=\"og:locale\" content=\"hu_HU\" \/>\n<meta property=\"og:type\" content=\"article\" \/>\n<meta property=\"og:title\" content=\"Az innov\u00e1ci\u00f3 hum\u00e1n \u00e9s region\u00e1lis felt\u00e9telei - Super News\" \/>\n<meta property=\"og:description\" content=\"\u00c1ltal\u00e1nos szakmai v\u00e9lem\u00e9ny, hogy a t\u00e1rsadalom olyan gyorsan k\u00e9pes fejl\u0151dni, amilyen gyors innov\u00e1ci\u00f3ra, meg\u00fajul\u00e1sra k\u00e9pes. Az innov\u00e1ci\u00f3 ez\u00e9rt nagyon fontos nemcsak a gazdas\u00e1g, hanem a t\u00e1rsadalom sikere szempontj\u00e1b\u00f3l is. Az innov\u00e1ci\u00f3 \u00f6sszef\u00fcgg az innov\u00e1ci\u00f3s k\u00e9pess\u00e9ggel, ami pedig szoros kapcsolatban van a hum\u00e1n vagyon k\u00e9pzetts\u00e9g\u00e9vel \u00e9s a rendelkez\u00e9sre \u00e1ll\u00f3 innovat\u00edv munkahelyek sz\u00e1m\u00e1val. Ha nincsenek az innov\u00e1ci\u00f3t [&hellip;]\" \/>\n<meta property=\"og:url\" content=\"https:\/\/super-news.info\/hu\/az-innovacio-human-es-regionalis-feltetelei\/\" \/>\n<meta property=\"og:site_name\" content=\"Super News\" \/>\n<meta property=\"article:published_time\" content=\"2019-09-06T20:09:33+00:00\" \/>\n<meta property=\"article:modified_time\" content=\"2019-09-06T20:09:34+00:00\" \/>\n<meta property=\"og:image\" content=\"https:\/\/super-news.info\/hu\/wp-content\/uploads\/sites\/3\/2019\/07\/Rengeteg-p\u00e9nzzel-v\u00e1rja-egy-dubaji-c\u00e9g-a-magyar-startupokat.jpg\" \/>\n\t<meta property=\"og:image:width\" content=\"1400\" \/>\n\t<meta property=\"og:image:height\" content=\"935\" \/>\n\t<meta property=\"og:image:type\" content=\"image\/jpeg\" \/>\n<meta name=\"author\" content=\"super-news\" \/>\n<meta name=\"twitter:card\" content=\"summary_large_image\" \/>\n<meta name=\"twitter:label1\" content=\"Szerz\u0151:\" \/>\n\t<meta name=\"twitter:data1\" content=\"super-news\" \/>\n\t<meta name=\"twitter:label2\" content=\"Becs\u00fclt olvas\u00e1si id\u0151\" \/>\n\t<meta name=\"twitter:data2\" content=\"4 perc\" \/>\n<script type=\"application\/ld+json\" class=\"yoast-schema-graph\">{\"@context\":\"https:\\\/\\\/schema.org\",\"@graph\":[{\"@type\":\"Article\",\"@id\":\"https:\\\/\\\/super-news.info\\\/hu\\\/az-innovacio-human-es-regionalis-feltetelei\\\/#article\",\"isPartOf\":{\"@id\":\"https:\\\/\\\/super-news.info\\\/hu\\\/az-innovacio-human-es-regionalis-feltetelei\\\/\"},\"author\":{\"name\":\"super-news\",\"@id\":\"https:\\\/\\\/super-news.info\\\/hu\\\/#\\\/schema\\\/person\\\/2d4068cb2f39cd10008c2fce578a7356\"},\"headline\":\"Az innov\u00e1ci\u00f3 hum\u00e1n \u00e9s region\u00e1lis felt\u00e9telei\",\"datePublished\":\"2019-09-06T20:09:33+00:00\",\"dateModified\":\"2019-09-06T20:09:34+00:00\",\"mainEntityOfPage\":{\"@id\":\"https:\\\/\\\/super-news.info\\\/hu\\\/az-innovacio-human-es-regionalis-feltetelei\\\/\"},\"wordCount\":874,\"commentCount\":0,\"image\":{\"@id\":\"https:\\\/\\\/super-news.info\\\/hu\\\/az-innovacio-human-es-regionalis-feltetelei\\\/#primaryimage\"},\"thumbnailUrl\":\"https:\\\/\\\/super-news.info\\\/hu\\\/wp-content\\\/uploads\\\/sites\\\/3\\\/2019\\\/07\\\/Rengeteg-p\u00e9nzzel-v\u00e1rja-egy-dubaji-c\u00e9g-a-magyar-startupokat.jpg\",\"articleSection\":[\"P\u00c9NZ\u00dcGYI H\u00cdREK\"],\"inLanguage\":\"hu\",\"potentialAction\":[{\"@type\":\"CommentAction\",\"name\":\"Comment\",\"target\":[\"https:\\\/\\\/super-news.info\\\/hu\\\/az-innovacio-human-es-regionalis-feltetelei\\\/#respond\"]}]},{\"@type\":\"WebPage\",\"@id\":\"https:\\\/\\\/super-news.info\\\/hu\\\/az-innovacio-human-es-regionalis-feltetelei\\\/\",\"url\":\"https:\\\/\\\/super-news.info\\\/hu\\\/az-innovacio-human-es-regionalis-feltetelei\\\/\",\"name\":\"Az innov\u00e1ci\u00f3 hum\u00e1n \u00e9s region\u00e1lis felt\u00e9telei - Super News\",\"isPartOf\":{\"@id\":\"https:\\\/\\\/super-news.info\\\/hu\\\/#website\"},\"primaryImageOfPage\":{\"@id\":\"https:\\\/\\\/super-news.info\\\/hu\\\/az-innovacio-human-es-regionalis-feltetelei\\\/#primaryimage\"},\"image\":{\"@id\":\"https:\\\/\\\/super-news.info\\\/hu\\\/az-innovacio-human-es-regionalis-feltetelei\\\/#primaryimage\"},\"thumbnailUrl\":\"https:\\\/\\\/super-news.info\\\/hu\\\/wp-content\\\/uploads\\\/sites\\\/3\\\/2019\\\/07\\\/Rengeteg-p\u00e9nzzel-v\u00e1rja-egy-dubaji-c\u00e9g-a-magyar-startupokat.jpg\",\"datePublished\":\"2019-09-06T20:09:33+00:00\",\"dateModified\":\"2019-09-06T20:09:34+00:00\",\"author\":{\"@id\":\"https:\\\/\\\/super-news.info\\\/hu\\\/#\\\/schema\\\/person\\\/2d4068cb2f39cd10008c2fce578a7356\"},\"breadcrumb\":{\"@id\":\"https:\\\/\\\/super-news.info\\\/hu\\\/az-innovacio-human-es-regionalis-feltetelei\\\/#breadcrumb\"},\"inLanguage\":\"hu\",\"potentialAction\":[{\"@type\":\"ReadAction\",\"target\":[\"https:\\\/\\\/super-news.info\\\/hu\\\/az-innovacio-human-es-regionalis-feltetelei\\\/\"]}]},{\"@type\":\"ImageObject\",\"inLanguage\":\"hu\",\"@id\":\"https:\\\/\\\/super-news.info\\\/hu\\\/az-innovacio-human-es-regionalis-feltetelei\\\/#primaryimage\",\"url\":\"https:\\\/\\\/super-news.info\\\/hu\\\/wp-content\\\/uploads\\\/sites\\\/3\\\/2019\\\/07\\\/Rengeteg-p\u00e9nzzel-v\u00e1rja-egy-dubaji-c\u00e9g-a-magyar-startupokat.jpg\",\"contentUrl\":\"https:\\\/\\\/super-news.info\\\/hu\\\/wp-content\\\/uploads\\\/sites\\\/3\\\/2019\\\/07\\\/Rengeteg-p\u00e9nzzel-v\u00e1rja-egy-dubaji-c\u00e9g-a-magyar-startupokat.jpg\",\"width\":1400,\"height\":935,\"caption\":\"Rengeteg p\u00e9nzzel v\u00e1rja egy dubaji c\u00e9g a magyar startupokat\"},{\"@type\":\"BreadcrumbList\",\"@id\":\"https:\\\/\\\/super-news.info\\\/hu\\\/az-innovacio-human-es-regionalis-feltetelei\\\/#breadcrumb\",\"itemListElement\":[{\"@type\":\"ListItem\",\"position\":1,\"name\":\"\u0413\u043b\u0430\u0432\u043d\u0430\u044f \u0441\u0442\u0440\u0430\u043d\u0438\u0446\u0430\",\"item\":\"https:\\\/\\\/super-news.info\\\/hu\\\/\"},{\"@type\":\"ListItem\",\"position\":2,\"name\":\"Az innov\u00e1ci\u00f3 hum\u00e1n \u00e9s region\u00e1lis felt\u00e9telei\"}]},{\"@type\":\"WebSite\",\"@id\":\"https:\\\/\\\/super-news.info\\\/hu\\\/#website\",\"url\":\"https:\\\/\\\/super-news.info\\\/hu\\\/\",\"name\":\"Super News\",\"description\":\"Super News Magyarorsz\u00e1g\",\"potentialAction\":[{\"@type\":\"SearchAction\",\"target\":{\"@type\":\"EntryPoint\",\"urlTemplate\":\"https:\\\/\\\/super-news.info\\\/hu\\\/?s={search_term_string}\"},\"query-input\":{\"@type\":\"PropertyValueSpecification\",\"valueRequired\":true,\"valueName\":\"search_term_string\"}}],\"inLanguage\":\"hu\"},{\"@type\":\"Person\",\"@id\":\"https:\\\/\\\/super-news.info\\\/hu\\\/#\\\/schema\\\/person\\\/2d4068cb2f39cd10008c2fce578a7356\",\"name\":\"super-news\",\"image\":{\"@type\":\"ImageObject\",\"inLanguage\":\"hu\",\"@id\":\"https:\\\/\\\/secure.gravatar.com\\\/avatar\\\/64ebac40b93f26a154f8a9b5b6fdccfc46f442b26b3dd6756dbff3bf9dc76fd7?s=96&d=mm&r=g\",\"url\":\"https:\\\/\\\/secure.gravatar.com\\\/avatar\\\/64ebac40b93f26a154f8a9b5b6fdccfc46f442b26b3dd6756dbff3bf9dc76fd7?s=96&d=mm&r=g\",\"contentUrl\":\"https:\\\/\\\/secure.gravatar.com\\\/avatar\\\/64ebac40b93f26a154f8a9b5b6fdccfc46f442b26b3dd6756dbff3bf9dc76fd7?s=96&d=mm&r=g\",\"caption\":\"super-news\"},\"url\":\"https:\\\/\\\/super-news.info\\\/hu\\\/author\\\/pt\\\/\"}]}<\/script>\n<!-- \/ Yoast SEO plugin. -->","yoast_head_json":{"title":"Az innov\u00e1ci\u00f3 hum\u00e1n \u00e9s region\u00e1lis felt\u00e9telei - Super News","robots":{"index":"index","follow":"follow","max-snippet":"max-snippet:-1","max-image-preview":"max-image-preview:large","max-video-preview":"max-video-preview:-1"},"canonical":"https:\/\/super-news.info\/hu\/az-innovacio-human-es-regionalis-feltetelei\/","og_locale":"hu_HU","og_type":"article","og_title":"Az innov\u00e1ci\u00f3 hum\u00e1n \u00e9s region\u00e1lis felt\u00e9telei - Super News","og_description":"\u00c1ltal\u00e1nos szakmai v\u00e9lem\u00e9ny, hogy a t\u00e1rsadalom olyan gyorsan k\u00e9pes fejl\u0151dni, amilyen gyors innov\u00e1ci\u00f3ra, meg\u00fajul\u00e1sra k\u00e9pes. Az innov\u00e1ci\u00f3 ez\u00e9rt nagyon fontos nemcsak a gazdas\u00e1g, hanem a t\u00e1rsadalom sikere szempontj\u00e1b\u00f3l is. Az innov\u00e1ci\u00f3 \u00f6sszef\u00fcgg az innov\u00e1ci\u00f3s k\u00e9pess\u00e9ggel, ami pedig szoros kapcsolatban van a hum\u00e1n vagyon k\u00e9pzetts\u00e9g\u00e9vel \u00e9s a rendelkez\u00e9sre \u00e1ll\u00f3 innovat\u00edv munkahelyek sz\u00e1m\u00e1val. Ha nincsenek az innov\u00e1ci\u00f3t [&hellip;]","og_url":"https:\/\/super-news.info\/hu\/az-innovacio-human-es-regionalis-feltetelei\/","og_site_name":"Super News","article_published_time":"2019-09-06T20:09:33+00:00","article_modified_time":"2019-09-06T20:09:34+00:00","og_image":[{"width":1400,"height":935,"url":"https:\/\/super-news.info\/hu\/wp-content\/uploads\/sites\/3\/2019\/07\/Rengeteg-p\u00e9nzzel-v\u00e1rja-egy-dubaji-c\u00e9g-a-magyar-startupokat.jpg","type":"image\/jpeg"}],"author":"super-news","twitter_card":"summary_large_image","twitter_misc":{"Szerz\u0151:":"super-news","Becs\u00fclt olvas\u00e1si id\u0151":"4 perc"},"schema":{"@context":"https:\/\/schema.org","@graph":[{"@type":"Article","@id":"https:\/\/super-news.info\/hu\/az-innovacio-human-es-regionalis-feltetelei\/#article","isPartOf":{"@id":"https:\/\/super-news.info\/hu\/az-innovacio-human-es-regionalis-feltetelei\/"},"author":{"name":"super-news","@id":"https:\/\/super-news.info\/hu\/#\/schema\/person\/2d4068cb2f39cd10008c2fce578a7356"},"headline":"Az innov\u00e1ci\u00f3 hum\u00e1n \u00e9s region\u00e1lis felt\u00e9telei","datePublished":"2019-09-06T20:09:33+00:00","dateModified":"2019-09-06T20:09:34+00:00","mainEntityOfPage":{"@id":"https:\/\/super-news.info\/hu\/az-innovacio-human-es-regionalis-feltetelei\/"},"wordCount":874,"commentCount":0,"image":{"@id":"https:\/\/super-news.info\/hu\/az-innovacio-human-es-regionalis-feltetelei\/#primaryimage"},"thumbnailUrl":"https:\/\/super-news.info\/hu\/wp-content\/uploads\/sites\/3\/2019\/07\/Rengeteg-p\u00e9nzzel-v\u00e1rja-egy-dubaji-c\u00e9g-a-magyar-startupokat.jpg","articleSection":["P\u00c9NZ\u00dcGYI H\u00cdREK"],"inLanguage":"hu","potentialAction":[{"@type":"CommentAction","name":"Comment","target":["https:\/\/super-news.info\/hu\/az-innovacio-human-es-regionalis-feltetelei\/#respond"]}]},{"@type":"WebPage","@id":"https:\/\/super-news.info\/hu\/az-innovacio-human-es-regionalis-feltetelei\/","url":"https:\/\/super-news.info\/hu\/az-innovacio-human-es-regionalis-feltetelei\/","name":"Az innov\u00e1ci\u00f3 hum\u00e1n \u00e9s region\u00e1lis felt\u00e9telei - Super News","isPartOf":{"@id":"https:\/\/super-news.info\/hu\/#website"},"primaryImageOfPage":{"@id":"https:\/\/super-news.info\/hu\/az-innovacio-human-es-regionalis-feltetelei\/#primaryimage"},"image":{"@id":"https:\/\/super-news.info\/hu\/az-innovacio-human-es-regionalis-feltetelei\/#primaryimage"},"thumbnailUrl":"https:\/\/super-news.info\/hu\/wp-content\/uploads\/sites\/3\/2019\/07\/Rengeteg-p\u00e9nzzel-v\u00e1rja-egy-dubaji-c\u00e9g-a-magyar-startupokat.jpg","datePublished":"2019-09-06T20:09:33+00:00","dateModified":"2019-09-06T20:09:34+00:00","author":{"@id":"https:\/\/super-news.info\/hu\/#\/schema\/person\/2d4068cb2f39cd10008c2fce578a7356"},"breadcrumb":{"@id":"https:\/\/super-news.info\/hu\/az-innovacio-human-es-regionalis-feltetelei\/#breadcrumb"},"inLanguage":"hu","potentialAction":[{"@type":"ReadAction","target":["https:\/\/super-news.info\/hu\/az-innovacio-human-es-regionalis-feltetelei\/"]}]},{"@type":"ImageObject","inLanguage":"hu","@id":"https:\/\/super-news.info\/hu\/az-innovacio-human-es-regionalis-feltetelei\/#primaryimage","url":"https:\/\/super-news.info\/hu\/wp-content\/uploads\/sites\/3\/2019\/07\/Rengeteg-p\u00e9nzzel-v\u00e1rja-egy-dubaji-c\u00e9g-a-magyar-startupokat.jpg","contentUrl":"https:\/\/super-news.info\/hu\/wp-content\/uploads\/sites\/3\/2019\/07\/Rengeteg-p\u00e9nzzel-v\u00e1rja-egy-dubaji-c\u00e9g-a-magyar-startupokat.jpg","width":1400,"height":935,"caption":"Rengeteg p\u00e9nzzel v\u00e1rja egy dubaji c\u00e9g a magyar startupokat"},{"@type":"BreadcrumbList","@id":"https:\/\/super-news.info\/hu\/az-innovacio-human-es-regionalis-feltetelei\/#breadcrumb","itemListElement":[{"@type":"ListItem","position":1,"name":"\u0413\u043b\u0430\u0432\u043d\u0430\u044f \u0441\u0442\u0440\u0430\u043d\u0438\u0446\u0430","item":"https:\/\/super-news.info\/hu\/"},{"@type":"ListItem","position":2,"name":"Az innov\u00e1ci\u00f3 hum\u00e1n \u00e9s region\u00e1lis felt\u00e9telei"}]},{"@type":"WebSite","@id":"https:\/\/super-news.info\/hu\/#website","url":"https:\/\/super-news.info\/hu\/","name":"Super News","description":"Super News Magyarorsz\u00e1g","potentialAction":[{"@type":"SearchAction","target":{"@type":"EntryPoint","urlTemplate":"https:\/\/super-news.info\/hu\/?s={search_term_string}"},"query-input":{"@type":"PropertyValueSpecification","valueRequired":true,"valueName":"search_term_string"}}],"inLanguage":"hu"},{"@type":"Person","@id":"https:\/\/super-news.info\/hu\/#\/schema\/person\/2d4068cb2f39cd10008c2fce578a7356","name":"super-news","image":{"@type":"ImageObject","inLanguage":"hu","@id":"https:\/\/secure.gravatar.com\/avatar\/64ebac40b93f26a154f8a9b5b6fdccfc46f442b26b3dd6756dbff3bf9dc76fd7?s=96&d=mm&r=g","url":"https:\/\/secure.gravatar.com\/avatar\/64ebac40b93f26a154f8a9b5b6fdccfc46f442b26b3dd6756dbff3bf9dc76fd7?s=96&d=mm&r=g","contentUrl":"https:\/\/secure.gravatar.com\/avatar\/64ebac40b93f26a154f8a9b5b6fdccfc46f442b26b3dd6756dbff3bf9dc76fd7?s=96&d=mm&r=g","caption":"super-news"},"url":"https:\/\/super-news.info\/hu\/author\/pt\/"}]}},"_links":{"self":[{"href":"https:\/\/super-news.info\/hu\/wp-json\/wp\/v2\/posts\/8943","targetHints":{"allow":["GET"]}}],"collection":[{"href":"https:\/\/super-news.info\/hu\/wp-json\/wp\/v2\/posts"}],"about":[{"href":"https:\/\/super-news.info\/hu\/wp-json\/wp\/v2\/types\/post"}],"author":[{"embeddable":true,"href":"https:\/\/super-news.info\/hu\/wp-json\/wp\/v2\/users\/2"}],"replies":[{"embeddable":true,"href":"https:\/\/super-news.info\/hu\/wp-json\/wp\/v2\/comments?post=8943"}],"version-history":[{"count":1,"href":"https:\/\/super-news.info\/hu\/wp-json\/wp\/v2\/posts\/8943\/revisions"}],"predecessor-version":[{"id":8944,"href":"https:\/\/super-news.info\/hu\/wp-json\/wp\/v2\/posts\/8943\/revisions\/8944"}],"wp:featuredmedia":[{"embeddable":true,"href":"https:\/\/super-news.info\/hu\/wp-json\/wp\/v2\/media\/6798"}],"wp:attachment":[{"href":"https:\/\/super-news.info\/hu\/wp-json\/wp\/v2\/media?parent=8943"}],"wp:term":[{"taxonomy":"category","embeddable":true,"href":"https:\/\/super-news.info\/hu\/wp-json\/wp\/v2\/categories?post=8943"},{"taxonomy":"post_tag","embeddable":true,"href":"https:\/\/super-news.info\/hu\/wp-json\/wp\/v2\/tags?post=8943"}],"curies":[{"name":"wp","href":"https:\/\/api.w.org\/{rel}","templated":true}]}}