{"id":8941,"date":"2019-09-06T22:17:04","date_gmt":"2019-09-06T19:17:04","guid":{"rendered":"https:\/\/super-news.info\/hu\/rekordszinten-a-magyar-gazdasag-vilaggazdasag\/"},"modified":"2019-09-06T22:17:05","modified_gmt":"2019-09-06T19:17:05","slug":"rekordszinten-a-magyar-gazdasag-vilaggazdasag","status":"publish","type":"post","link":"https:\/\/super-news.info\/hu\/rekordszinten-a-magyar-gazdasag-vilaggazdasag\/","title":{"rendered":"Rekordszinten a magyar gazdas\u00e1g | Vil\u00e1ggazdas\u00e1g"},"content":{"rendered":"<p>\n\t\t\t\t\t\t\t\tA magyar gazdas\u00e1g m\u00e1ra a rekordok id\u0151szak\u00e1t \u00e9li, az eur\u00f3pai uni\u00f3s tagorsz\u00e1gok k\u00f6z\u00fcl a leggyorsabb n\u00f6veked\u00e9si \u00fctem Magyarorsz\u00e1g\u00e9 \u2013 mondta a k\u00fclgazdas\u00e1gi \u00e9s k\u00fcl\u00fcgyminiszter p\u00e9nteken J\u00e1szber\u00e9nyben.\t\t\t\t\t\t\t<\/p>\n<div>\n<p>Szijj\u00e1rt\u00f3 P\u00e9ter a vas\u00e1rnapig tart\u00f3 kilencedik J\u00e1sz Expo \u00e9s Fesztiv\u00e1l megnyit\u00f3j\u00e1n k\u00f6sz\u00f6net\u00e9t fejezte ki mindenkinek, aki hozz\u00e1j\u00e1rult ahhoz, hogy ma 5,1 sz\u00e1zal\u00e9kos a gazdas\u00e1gi n\u00f6veked\u00e9s. Hozz\u00e1tette: a magyar export is \u00e9vr\u0151l-\u00e9vre rekordot d\u00f6nt:<\/p>\n<p>Magyarorsz\u00e1g a lakoss\u00e1gsz\u00e1m tekintet\u00e9ben a 92. helyen \u00e1ll a vil\u00e1gban, exportteljes\u00edtm\u00e9nyben pedig a 34. helyen.<\/p>\n<p>Mindez azt mutatja, hogy a magyar emberek szorgalma, szaktud\u00e1sa \u00e9s a beruh\u00e1z\u00f3k bizalma nyom\u00e1n el\u0151\u00e1llt az a helyzet, hogy a vil\u00e1gpiacon a legversenyk\u00e9pesebb term\u00e9kek \u00e9s szolg\u00e1ltat\u00e1sok k\u00f6z\u00e9 tartoznak a magyar emberek \u00e1ltal el\u0151\u00e1ll\u00edtottak \u2013 mondta.<\/p>\n<p>Magyarorsz\u00e1gon a rendszerv\u00e1ltoz\u00e1s \u00f3ta most a legalacsonyabb a munkan\u00e9lk\u00fclis\u00e9g, \u00e9s ebben jelent\u0151s szerepet t\u00f6ltenek be a j\u00e1szber\u00e9nyi v\u00e1llalatok. A J\u00e1szs\u00e1gban \u00e9l\u0151k hozz\u00e1j\u00e1rultak ahhoz, hogy m\u00e1ra a magyar gazdas\u00e1g \u201eEur\u00f3pa-bajnok n\u00f6veked\u00e9st\u201d tud felmutatni \u2013 k\u00f6z\u00f6lte.<\/p>\n<p>Szijj\u00e1rt\u00f3 P\u00e9ter kit\u00e9rt arra, hogy<\/p>\n<p>a magyar emberek \u00e1ltal Magyarorsz\u00e1gon el\u0151\u00e1ll\u00edtott term\u00e9kek \u00e9s szolg\u00e1ltat\u00e1sok a vil\u00e1g minden pontj\u00e1n versenyk\u00e9pesek tudnak lenni k\u00f6zvetlen\u00fcl vagy besz\u00e1ll\u00edt\u00f3kon kereszt\u00fcl.<\/p>\n<p>J\u00e1szber\u00e9ny szerinte j\u00f3 p\u00e9lda arra, hogy a vid\u00e9ki v\u00e1rosok egyre nagyobb szerepet j\u00e1tszanak a magyar gazdas\u00e1g teljes\u00edtm\u00e9ny\u00e9nek folyamatos n\u00f6vel\u00e9s\u00e9ben \u00e9s jav\u00edt\u00e1s\u00e1ban. Sz\u00f3lt arr\u00f3l, hogy 2010 \u00f3ta a vid\u00e9ki v\u00e1rosok teljes\u00edtm\u00e9nye \u00e9s t\u0151kevonz\u00f3 k\u00e9pess\u00e9ge jelent\u0151s m\u00e9rt\u00e9kben javult.<\/p>\n<div id=\"attachment_1269637\" style=\"width: 1410px\" class=\"wp-caption aligncenter\">\n<p class=\"wp-caption-text\">Szijj\u00e1rt\u00f3 P\u00e9ter k\u00fclgazdas\u00e1gi \u00e9s k\u00fcl\u00fcgyminiszter<br \/>Fot\u00f3: Kallus Gy\u00f6rgy \/ VG<\/p>\n<\/div>\n<p>A J\u00e1szs\u00e1gban, J\u00e1szber\u00e9nyben \u00e9l\u0151k b\u00fcszk\u00e9k lehetnek arra, hogy egyre t\u00f6bb, a vil\u00e1gpiacon \u00e9s a vil\u00e1ggazdas\u00e1gban is rangos v\u00e1llalat d\u00f6nt \u00fagy, hogy ebbe a t\u00e9rs\u00e9gbe vagy a v\u00e1rosba telep\u00edti gy\u00e1rt\u00f3, kutat\u00e1sfejleszt\u00e9si, szolg\u00e1ltat\u00f3 tev\u00e9kenys\u00e9g\u00e9t. Ebben nagy szerepe van t\u00f6bbek k\u00f6z\u00f6tt az \u00fath\u00e1l\u00f3zatnak, ez\u00e9rt is fektetnek nagy hangs\u00falyt az \u00fat\u00e9p\u00edt\u00e9sekre \u2013 t\u00e1j\u00e9koztatott.<\/p>\n<p>P\u00f3cs J\u00e1nos, a t\u00e9rs\u00e9g orsz\u00e1ggy\u0171l\u00e9si k\u00e9pvisel\u0151je egyebek mellett elmondta: sz\u00e1mos k\u00fclf\u00f6ldi tulajdon\u00fa c\u00e9g j\u00f6tt Magyarorsz\u00e1gra, ezen bel\u00fcl a J\u00e1szs\u00e1gba. Hozz\u00e1tette:<\/p>\n<p>az elm\u00falt 4-5 \u00e9vben a J\u00e1szs\u00e1g csaknem 200 milli\u00e1rd forint \u00e9rt\u00e9k\u0171 beruh\u00e1z\u00e1ssal gyarapodott, a j\u00e1sz telep\u00fcl\u00e9sek 13 milli\u00e1rd forint TOP-os (Ter\u00fclet- \u00e9s Telep\u00fcl\u00e9sfejleszt\u00e9si Operat\u00edv Program) fejleszt\u00e9sben r\u00e9szes\u00fcltek.<\/p>\n<p>A j\u00e1szber\u00e9nyi fejleszt\u00e9sek k\u00f6z\u00f6tt eml\u00edtette az iskola, b\u00f6lcs\u0151de, \u00f3voda, k\u00f3rh\u00e1z beruh\u00e1z\u00e1sokat, \u00faj n\u0151v\u00e9rsz\u00e1ll\u00f3 l\u00e9tes\u00fcl, meg\u00fajul a f\u0151t\u00e9r, a piact\u00e9r, a Margitsziget, \u00e1tadj\u00e1k az \u00faj f\u0151t\u00e9ri sz\u00e1llod\u00e1t. \u00c9p\u00fcl a 32-es \u00fat \u00e9s a v\u00e1rost elker\u00fcl\u0151 \u00fat \u00e9p\u00edt\u00e9se is elkezd\u0151dik j\u00f6v\u0151 \u00e9v tavasz\u00e1n \u2013 sorolta.<\/p>\n<p>Szab\u00f3 Tam\u00e1s, J\u00e1szber\u00e9ny polg\u00e1rmestere (Fidesz-KDNP) elmondta: a J\u00e1sz Expo k\u00e9pviseli azt az \u00f6sszefog\u00e1st, amelyet a j\u00e1szok \u00e9vsz\u00e1zadokon kereszt\u00fcl mindig is tan\u00fas\u00edtottak. A J\u00e1sz Expo \u00e9s Fesztiv\u00e1l a J\u00e1szs\u00e1g idei legnagyobb gazdas\u00e1gi ki\u00e1ll\u00edt\u00e1s\u00e1val, v\u00e1s\u00e1r\u00e1val egybek\u00f6t\u00f6tt fesztiv\u00e1l a v\u00e1rosi \u00f6nkorm\u00e1nyzat rendez\u00e9s\u00e9ben.<\/p>\n<\/p><\/div>\n<p><script>\n    window.fbAsyncInit = function() {\n        FB.init({\n            appId      : \"204760236815359\",\n            xfbml      : true,\n            version    : \"v2.12\"\n        });\n        FB.AppEvents.logPageView();\n    };<\/p>\n<p>    (function(d, s, id){\n        var js, fjs = d.getElementsByTagName(s)[0];\n        if (d.getElementById(id)) {return;}\n        js = d.createElement(s); js.id = id;\n        js.src = \"http:\/\/connect.facebook.net\/hu_HU\/sdk.js\";\n        fjs.parentNode.insertBefore(js, fjs);\n    }(document, \"script\", \"facebook-jssdk\"));\n<\/script><br \/>\n<br \/>\n<!--noindex--><br \/>\n<a href=\"https:\/\/www.vg.hu\/gazdasag\/gazdasagi-hirek\/rekordszinten-a-magyar-gazdasag-1733008\/\" rel=\"nofollow\">Source link <\/a><br \/>\n<!--\/noindex--><\/p>\n","protected":false},"excerpt":{"rendered":"<p>A magyar gazdas\u00e1g m\u00e1ra a rekordok id\u0151szak\u00e1t \u00e9li, az eur\u00f3pai uni\u00f3s tagorsz\u00e1gok k\u00f6z\u00fcl a leggyorsabb n\u00f6veked\u00e9si \u00fctem Magyarorsz\u00e1g\u00e9 \u2013 mondta a k\u00fclgazdas\u00e1gi \u00e9s k\u00fcl\u00fcgyminiszter p\u00e9nteken J\u00e1szber\u00e9nyben. Szijj\u00e1rt\u00f3 P\u00e9ter a vas\u00e1rnapig tart\u00f3 kilencedik J\u00e1sz Expo \u00e9s Fesztiv\u00e1l megnyit\u00f3j\u00e1n k\u00f6sz\u00f6net\u00e9t fejezte ki mindenkinek, aki hozz\u00e1j\u00e1rult ahhoz, hogy ma 5,1 sz\u00e1zal\u00e9kos a gazdas\u00e1gi n\u00f6veked\u00e9s. Hozz\u00e1tette: a magyar export [&hellip;]<\/p>\n","protected":false},"author":2,"featured_media":3089,"comment_status":"open","ping_status":"open","sticky":false,"template":"","format":"standard","meta":{"footnotes":""},"categories":[1],"tags":[],"class_list":["post-8941","post","type-post","status-publish","format-standard","has-post-thumbnail","hentry","category-penzugyi-hirek"],"yoast_head":"<!-- This site is optimized with the Yoast SEO plugin v27.4 - https:\/\/yoast.com\/product\/yoast-seo-wordpress\/ -->\n<title>Rekordszinten a magyar gazdas\u00e1g | Vil\u00e1ggazdas\u00e1g - Super News<\/title>\n<meta name=\"robots\" content=\"index, follow, max-snippet:-1, max-image-preview:large, max-video-preview:-1\" \/>\n<link rel=\"canonical\" href=\"https:\/\/super-news.info\/hu\/rekordszinten-a-magyar-gazdasag-vilaggazdasag\/\" \/>\n<meta property=\"og:locale\" content=\"hu_HU\" \/>\n<meta property=\"og:type\" content=\"article\" \/>\n<meta property=\"og:title\" content=\"Rekordszinten a magyar gazdas\u00e1g | Vil\u00e1ggazdas\u00e1g - Super News\" \/>\n<meta property=\"og:description\" content=\"A magyar gazdas\u00e1g m\u00e1ra a rekordok id\u0151szak\u00e1t \u00e9li, az eur\u00f3pai uni\u00f3s tagorsz\u00e1gok k\u00f6z\u00fcl a leggyorsabb n\u00f6veked\u00e9si \u00fctem Magyarorsz\u00e1g\u00e9 \u2013 mondta a k\u00fclgazdas\u00e1gi \u00e9s k\u00fcl\u00fcgyminiszter p\u00e9nteken J\u00e1szber\u00e9nyben. Szijj\u00e1rt\u00f3 P\u00e9ter a vas\u00e1rnapig tart\u00f3 kilencedik J\u00e1sz Expo \u00e9s Fesztiv\u00e1l megnyit\u00f3j\u00e1n k\u00f6sz\u00f6net\u00e9t fejezte ki mindenkinek, aki hozz\u00e1j\u00e1rult ahhoz, hogy ma 5,1 sz\u00e1zal\u00e9kos a gazdas\u00e1gi n\u00f6veked\u00e9s. Hozz\u00e1tette: a magyar export [&hellip;]\" \/>\n<meta property=\"og:url\" content=\"https:\/\/super-news.info\/hu\/rekordszinten-a-magyar-gazdasag-vilaggazdasag\/\" \/>\n<meta property=\"og:site_name\" content=\"Super News\" \/>\n<meta property=\"article:published_time\" content=\"2019-09-06T19:17:04+00:00\" \/>\n<meta property=\"article:modified_time\" content=\"2019-09-06T19:17:05+00:00\" \/>\n<meta property=\"og:image\" content=\"https:\/\/super-news.info\/hu\/wp-content\/uploads\/sites\/3\/2019\/05\/Szijj\u00e1rt\u00f3-P\u00e9ter-a-Suzukit-m\u00e9ltatta.jpg\" \/>\n\t<meta property=\"og:image:width\" content=\"1400\" \/>\n\t<meta property=\"og:image:height\" content=\"933\" \/>\n\t<meta property=\"og:image:type\" content=\"image\/jpeg\" \/>\n<meta name=\"author\" content=\"super-news\" \/>\n<meta name=\"twitter:card\" content=\"summary_large_image\" \/>\n<meta name=\"twitter:label1\" content=\"Szerz\u0151:\" \/>\n\t<meta name=\"twitter:data1\" content=\"super-news\" \/>\n\t<meta name=\"twitter:label2\" content=\"Becs\u00fclt olvas\u00e1si id\u0151\" \/>\n\t<meta name=\"twitter:data2\" content=\"3 perc\" \/>\n<script type=\"application\/ld+json\" class=\"yoast-schema-graph\">{\"@context\":\"https:\\\/\\\/schema.org\",\"@graph\":[{\"@type\":\"Article\",\"@id\":\"https:\\\/\\\/super-news.info\\\/hu\\\/rekordszinten-a-magyar-gazdasag-vilaggazdasag\\\/#article\",\"isPartOf\":{\"@id\":\"https:\\\/\\\/super-news.info\\\/hu\\\/rekordszinten-a-magyar-gazdasag-vilaggazdasag\\\/\"},\"author\":{\"name\":\"super-news\",\"@id\":\"https:\\\/\\\/super-news.info\\\/hu\\\/#\\\/schema\\\/person\\\/2d4068cb2f39cd10008c2fce578a7356\"},\"headline\":\"Rekordszinten a magyar gazdas\u00e1g | Vil\u00e1ggazdas\u00e1g\",\"datePublished\":\"2019-09-06T19:17:04+00:00\",\"dateModified\":\"2019-09-06T19:17:05+00:00\",\"mainEntityOfPage\":{\"@id\":\"https:\\\/\\\/super-news.info\\\/hu\\\/rekordszinten-a-magyar-gazdasag-vilaggazdasag\\\/\"},\"wordCount\":664,\"commentCount\":0,\"image\":{\"@id\":\"https:\\\/\\\/super-news.info\\\/hu\\\/rekordszinten-a-magyar-gazdasag-vilaggazdasag\\\/#primaryimage\"},\"thumbnailUrl\":\"https:\\\/\\\/super-news.info\\\/hu\\\/wp-content\\\/uploads\\\/sites\\\/3\\\/2019\\\/05\\\/Szijj\u00e1rt\u00f3-P\u00e9ter-a-Suzukit-m\u00e9ltatta.jpg\",\"articleSection\":[\"P\u00c9NZ\u00dcGYI H\u00cdREK\"],\"inLanguage\":\"hu\",\"potentialAction\":[{\"@type\":\"CommentAction\",\"name\":\"Comment\",\"target\":[\"https:\\\/\\\/super-news.info\\\/hu\\\/rekordszinten-a-magyar-gazdasag-vilaggazdasag\\\/#respond\"]}]},{\"@type\":\"WebPage\",\"@id\":\"https:\\\/\\\/super-news.info\\\/hu\\\/rekordszinten-a-magyar-gazdasag-vilaggazdasag\\\/\",\"url\":\"https:\\\/\\\/super-news.info\\\/hu\\\/rekordszinten-a-magyar-gazdasag-vilaggazdasag\\\/\",\"name\":\"Rekordszinten a magyar gazdas\u00e1g | Vil\u00e1ggazdas\u00e1g - Super News\",\"isPartOf\":{\"@id\":\"https:\\\/\\\/super-news.info\\\/hu\\\/#website\"},\"primaryImageOfPage\":{\"@id\":\"https:\\\/\\\/super-news.info\\\/hu\\\/rekordszinten-a-magyar-gazdasag-vilaggazdasag\\\/#primaryimage\"},\"image\":{\"@id\":\"https:\\\/\\\/super-news.info\\\/hu\\\/rekordszinten-a-magyar-gazdasag-vilaggazdasag\\\/#primaryimage\"},\"thumbnailUrl\":\"https:\\\/\\\/super-news.info\\\/hu\\\/wp-content\\\/uploads\\\/sites\\\/3\\\/2019\\\/05\\\/Szijj\u00e1rt\u00f3-P\u00e9ter-a-Suzukit-m\u00e9ltatta.jpg\",\"datePublished\":\"2019-09-06T19:17:04+00:00\",\"dateModified\":\"2019-09-06T19:17:05+00:00\",\"author\":{\"@id\":\"https:\\\/\\\/super-news.info\\\/hu\\\/#\\\/schema\\\/person\\\/2d4068cb2f39cd10008c2fce578a7356\"},\"breadcrumb\":{\"@id\":\"https:\\\/\\\/super-news.info\\\/hu\\\/rekordszinten-a-magyar-gazdasag-vilaggazdasag\\\/#breadcrumb\"},\"inLanguage\":\"hu\",\"potentialAction\":[{\"@type\":\"ReadAction\",\"target\":[\"https:\\\/\\\/super-news.info\\\/hu\\\/rekordszinten-a-magyar-gazdasag-vilaggazdasag\\\/\"]}]},{\"@type\":\"ImageObject\",\"inLanguage\":\"hu\",\"@id\":\"https:\\\/\\\/super-news.info\\\/hu\\\/rekordszinten-a-magyar-gazdasag-vilaggazdasag\\\/#primaryimage\",\"url\":\"https:\\\/\\\/super-news.info\\\/hu\\\/wp-content\\\/uploads\\\/sites\\\/3\\\/2019\\\/05\\\/Szijj\u00e1rt\u00f3-P\u00e9ter-a-Suzukit-m\u00e9ltatta.jpg\",\"contentUrl\":\"https:\\\/\\\/super-news.info\\\/hu\\\/wp-content\\\/uploads\\\/sites\\\/3\\\/2019\\\/05\\\/Szijj\u00e1rt\u00f3-P\u00e9ter-a-Suzukit-m\u00e9ltatta.jpg\",\"width\":1400,\"height\":933,\"caption\":\"Szijj\u00e1rt\u00f3 P\u00e9ter a Suzukit m\u00e9ltatta\"},{\"@type\":\"BreadcrumbList\",\"@id\":\"https:\\\/\\\/super-news.info\\\/hu\\\/rekordszinten-a-magyar-gazdasag-vilaggazdasag\\\/#breadcrumb\",\"itemListElement\":[{\"@type\":\"ListItem\",\"position\":1,\"name\":\"\u0413\u043b\u0430\u0432\u043d\u0430\u044f \u0441\u0442\u0440\u0430\u043d\u0438\u0446\u0430\",\"item\":\"https:\\\/\\\/super-news.info\\\/hu\\\/\"},{\"@type\":\"ListItem\",\"position\":2,\"name\":\"Rekordszinten a magyar gazdas\u00e1g | Vil\u00e1ggazdas\u00e1g\"}]},{\"@type\":\"WebSite\",\"@id\":\"https:\\\/\\\/super-news.info\\\/hu\\\/#website\",\"url\":\"https:\\\/\\\/super-news.info\\\/hu\\\/\",\"name\":\"Super News\",\"description\":\"Super News Magyarorsz\u00e1g\",\"potentialAction\":[{\"@type\":\"SearchAction\",\"target\":{\"@type\":\"EntryPoint\",\"urlTemplate\":\"https:\\\/\\\/super-news.info\\\/hu\\\/?s={search_term_string}\"},\"query-input\":{\"@type\":\"PropertyValueSpecification\",\"valueRequired\":true,\"valueName\":\"search_term_string\"}}],\"inLanguage\":\"hu\"},{\"@type\":\"Person\",\"@id\":\"https:\\\/\\\/super-news.info\\\/hu\\\/#\\\/schema\\\/person\\\/2d4068cb2f39cd10008c2fce578a7356\",\"name\":\"super-news\",\"image\":{\"@type\":\"ImageObject\",\"inLanguage\":\"hu\",\"@id\":\"https:\\\/\\\/secure.gravatar.com\\\/avatar\\\/64ebac40b93f26a154f8a9b5b6fdccfc46f442b26b3dd6756dbff3bf9dc76fd7?s=96&d=mm&r=g\",\"url\":\"https:\\\/\\\/secure.gravatar.com\\\/avatar\\\/64ebac40b93f26a154f8a9b5b6fdccfc46f442b26b3dd6756dbff3bf9dc76fd7?s=96&d=mm&r=g\",\"contentUrl\":\"https:\\\/\\\/secure.gravatar.com\\\/avatar\\\/64ebac40b93f26a154f8a9b5b6fdccfc46f442b26b3dd6756dbff3bf9dc76fd7?s=96&d=mm&r=g\",\"caption\":\"super-news\"},\"url\":\"https:\\\/\\\/super-news.info\\\/hu\\\/author\\\/pt\\\/\"}]}<\/script>\n<!-- \/ Yoast SEO plugin. -->","yoast_head_json":{"title":"Rekordszinten a magyar gazdas\u00e1g | Vil\u00e1ggazdas\u00e1g - Super News","robots":{"index":"index","follow":"follow","max-snippet":"max-snippet:-1","max-image-preview":"max-image-preview:large","max-video-preview":"max-video-preview:-1"},"canonical":"https:\/\/super-news.info\/hu\/rekordszinten-a-magyar-gazdasag-vilaggazdasag\/","og_locale":"hu_HU","og_type":"article","og_title":"Rekordszinten a magyar gazdas\u00e1g | Vil\u00e1ggazdas\u00e1g - Super News","og_description":"A magyar gazdas\u00e1g m\u00e1ra a rekordok id\u0151szak\u00e1t \u00e9li, az eur\u00f3pai uni\u00f3s tagorsz\u00e1gok k\u00f6z\u00fcl a leggyorsabb n\u00f6veked\u00e9si \u00fctem Magyarorsz\u00e1g\u00e9 \u2013 mondta a k\u00fclgazdas\u00e1gi \u00e9s k\u00fcl\u00fcgyminiszter p\u00e9nteken J\u00e1szber\u00e9nyben. Szijj\u00e1rt\u00f3 P\u00e9ter a vas\u00e1rnapig tart\u00f3 kilencedik J\u00e1sz Expo \u00e9s Fesztiv\u00e1l megnyit\u00f3j\u00e1n k\u00f6sz\u00f6net\u00e9t fejezte ki mindenkinek, aki hozz\u00e1j\u00e1rult ahhoz, hogy ma 5,1 sz\u00e1zal\u00e9kos a gazdas\u00e1gi n\u00f6veked\u00e9s. Hozz\u00e1tette: a magyar export [&hellip;]","og_url":"https:\/\/super-news.info\/hu\/rekordszinten-a-magyar-gazdasag-vilaggazdasag\/","og_site_name":"Super News","article_published_time":"2019-09-06T19:17:04+00:00","article_modified_time":"2019-09-06T19:17:05+00:00","og_image":[{"width":1400,"height":933,"url":"https:\/\/super-news.info\/hu\/wp-content\/uploads\/sites\/3\/2019\/05\/Szijj\u00e1rt\u00f3-P\u00e9ter-a-Suzukit-m\u00e9ltatta.jpg","type":"image\/jpeg"}],"author":"super-news","twitter_card":"summary_large_image","twitter_misc":{"Szerz\u0151:":"super-news","Becs\u00fclt olvas\u00e1si id\u0151":"3 perc"},"schema":{"@context":"https:\/\/schema.org","@graph":[{"@type":"Article","@id":"https:\/\/super-news.info\/hu\/rekordszinten-a-magyar-gazdasag-vilaggazdasag\/#article","isPartOf":{"@id":"https:\/\/super-news.info\/hu\/rekordszinten-a-magyar-gazdasag-vilaggazdasag\/"},"author":{"name":"super-news","@id":"https:\/\/super-news.info\/hu\/#\/schema\/person\/2d4068cb2f39cd10008c2fce578a7356"},"headline":"Rekordszinten a magyar gazdas\u00e1g | Vil\u00e1ggazdas\u00e1g","datePublished":"2019-09-06T19:17:04+00:00","dateModified":"2019-09-06T19:17:05+00:00","mainEntityOfPage":{"@id":"https:\/\/super-news.info\/hu\/rekordszinten-a-magyar-gazdasag-vilaggazdasag\/"},"wordCount":664,"commentCount":0,"image":{"@id":"https:\/\/super-news.info\/hu\/rekordszinten-a-magyar-gazdasag-vilaggazdasag\/#primaryimage"},"thumbnailUrl":"https:\/\/super-news.info\/hu\/wp-content\/uploads\/sites\/3\/2019\/05\/Szijj\u00e1rt\u00f3-P\u00e9ter-a-Suzukit-m\u00e9ltatta.jpg","articleSection":["P\u00c9NZ\u00dcGYI H\u00cdREK"],"inLanguage":"hu","potentialAction":[{"@type":"CommentAction","name":"Comment","target":["https:\/\/super-news.info\/hu\/rekordszinten-a-magyar-gazdasag-vilaggazdasag\/#respond"]}]},{"@type":"WebPage","@id":"https:\/\/super-news.info\/hu\/rekordszinten-a-magyar-gazdasag-vilaggazdasag\/","url":"https:\/\/super-news.info\/hu\/rekordszinten-a-magyar-gazdasag-vilaggazdasag\/","name":"Rekordszinten a magyar gazdas\u00e1g | Vil\u00e1ggazdas\u00e1g - Super News","isPartOf":{"@id":"https:\/\/super-news.info\/hu\/#website"},"primaryImageOfPage":{"@id":"https:\/\/super-news.info\/hu\/rekordszinten-a-magyar-gazdasag-vilaggazdasag\/#primaryimage"},"image":{"@id":"https:\/\/super-news.info\/hu\/rekordszinten-a-magyar-gazdasag-vilaggazdasag\/#primaryimage"},"thumbnailUrl":"https:\/\/super-news.info\/hu\/wp-content\/uploads\/sites\/3\/2019\/05\/Szijj\u00e1rt\u00f3-P\u00e9ter-a-Suzukit-m\u00e9ltatta.jpg","datePublished":"2019-09-06T19:17:04+00:00","dateModified":"2019-09-06T19:17:05+00:00","author":{"@id":"https:\/\/super-news.info\/hu\/#\/schema\/person\/2d4068cb2f39cd10008c2fce578a7356"},"breadcrumb":{"@id":"https:\/\/super-news.info\/hu\/rekordszinten-a-magyar-gazdasag-vilaggazdasag\/#breadcrumb"},"inLanguage":"hu","potentialAction":[{"@type":"ReadAction","target":["https:\/\/super-news.info\/hu\/rekordszinten-a-magyar-gazdasag-vilaggazdasag\/"]}]},{"@type":"ImageObject","inLanguage":"hu","@id":"https:\/\/super-news.info\/hu\/rekordszinten-a-magyar-gazdasag-vilaggazdasag\/#primaryimage","url":"https:\/\/super-news.info\/hu\/wp-content\/uploads\/sites\/3\/2019\/05\/Szijj\u00e1rt\u00f3-P\u00e9ter-a-Suzukit-m\u00e9ltatta.jpg","contentUrl":"https:\/\/super-news.info\/hu\/wp-content\/uploads\/sites\/3\/2019\/05\/Szijj\u00e1rt\u00f3-P\u00e9ter-a-Suzukit-m\u00e9ltatta.jpg","width":1400,"height":933,"caption":"Szijj\u00e1rt\u00f3 P\u00e9ter a Suzukit m\u00e9ltatta"},{"@type":"BreadcrumbList","@id":"https:\/\/super-news.info\/hu\/rekordszinten-a-magyar-gazdasag-vilaggazdasag\/#breadcrumb","itemListElement":[{"@type":"ListItem","position":1,"name":"\u0413\u043b\u0430\u0432\u043d\u0430\u044f \u0441\u0442\u0440\u0430\u043d\u0438\u0446\u0430","item":"https:\/\/super-news.info\/hu\/"},{"@type":"ListItem","position":2,"name":"Rekordszinten a magyar gazdas\u00e1g | Vil\u00e1ggazdas\u00e1g"}]},{"@type":"WebSite","@id":"https:\/\/super-news.info\/hu\/#website","url":"https:\/\/super-news.info\/hu\/","name":"Super News","description":"Super News Magyarorsz\u00e1g","potentialAction":[{"@type":"SearchAction","target":{"@type":"EntryPoint","urlTemplate":"https:\/\/super-news.info\/hu\/?s={search_term_string}"},"query-input":{"@type":"PropertyValueSpecification","valueRequired":true,"valueName":"search_term_string"}}],"inLanguage":"hu"},{"@type":"Person","@id":"https:\/\/super-news.info\/hu\/#\/schema\/person\/2d4068cb2f39cd10008c2fce578a7356","name":"super-news","image":{"@type":"ImageObject","inLanguage":"hu","@id":"https:\/\/secure.gravatar.com\/avatar\/64ebac40b93f26a154f8a9b5b6fdccfc46f442b26b3dd6756dbff3bf9dc76fd7?s=96&d=mm&r=g","url":"https:\/\/secure.gravatar.com\/avatar\/64ebac40b93f26a154f8a9b5b6fdccfc46f442b26b3dd6756dbff3bf9dc76fd7?s=96&d=mm&r=g","contentUrl":"https:\/\/secure.gravatar.com\/avatar\/64ebac40b93f26a154f8a9b5b6fdccfc46f442b26b3dd6756dbff3bf9dc76fd7?s=96&d=mm&r=g","caption":"super-news"},"url":"https:\/\/super-news.info\/hu\/author\/pt\/"}]}},"_links":{"self":[{"href":"https:\/\/super-news.info\/hu\/wp-json\/wp\/v2\/posts\/8941","targetHints":{"allow":["GET"]}}],"collection":[{"href":"https:\/\/super-news.info\/hu\/wp-json\/wp\/v2\/posts"}],"about":[{"href":"https:\/\/super-news.info\/hu\/wp-json\/wp\/v2\/types\/post"}],"author":[{"embeddable":true,"href":"https:\/\/super-news.info\/hu\/wp-json\/wp\/v2\/users\/2"}],"replies":[{"embeddable":true,"href":"https:\/\/super-news.info\/hu\/wp-json\/wp\/v2\/comments?post=8941"}],"version-history":[{"count":1,"href":"https:\/\/super-news.info\/hu\/wp-json\/wp\/v2\/posts\/8941\/revisions"}],"predecessor-version":[{"id":8942,"href":"https:\/\/super-news.info\/hu\/wp-json\/wp\/v2\/posts\/8941\/revisions\/8942"}],"wp:featuredmedia":[{"embeddable":true,"href":"https:\/\/super-news.info\/hu\/wp-json\/wp\/v2\/media\/3089"}],"wp:attachment":[{"href":"https:\/\/super-news.info\/hu\/wp-json\/wp\/v2\/media?parent=8941"}],"wp:term":[{"taxonomy":"category","embeddable":true,"href":"https:\/\/super-news.info\/hu\/wp-json\/wp\/v2\/categories?post=8941"},{"taxonomy":"post_tag","embeddable":true,"href":"https:\/\/super-news.info\/hu\/wp-json\/wp\/v2\/tags?post=8941"}],"curies":[{"name":"wp","href":"https:\/\/api.w.org\/{rel}","templated":true}]}}