{"id":8932,"date":"2019-09-06T19:38:10","date_gmt":"2019-09-06T16:38:10","guid":{"rendered":"https:\/\/super-news.info\/hu\/van-azert-elet-15-millio-alatt\/"},"modified":"2019-09-06T19:38:11","modified_gmt":"2019-09-06T16:38:11","slug":"van-azert-elet-15-millio-alatt","status":"publish","type":"post","link":"https:\/\/super-news.info\/hu\/van-azert-elet-15-millio-alatt\/","title":{"rendered":"Van az\u00e9rt \u00e9let 15 milli\u00f3 alatt"},"content":{"rendered":"<p>\n\t\t\t\t\t\t\t\tMin\u00e9l kisebb egy telep\u00fcl\u00e9s, ann\u00e1l nagyobb az es\u00e9ly arra, hogy 15 milli\u00f3 forint alatt tal\u00e1ljon ingatlant a v\u00e1s\u00e1rl\u00f3, ez\u00e9rt a nagyv\u00e1rosokt\u00f3l t\u00e1volabb es\u0151 lak\u00f3ingatlanok \u00e9rt\u00e9kes\u00edt\u00e9se is komoly piaci szegmens \u2013 \u00edrja elemz\u00e9s\u00e9ben az Otthon centrum.\t\t\t\t\t\t\t<\/p>\n<div>\n<p>Ilyen \u00e9rt\u00e9kben ak\u00e1r csal\u00e1di h\u00e1z is v\u00e1s\u00e1rolhat\u00f3, m\u00edg ugyanennyi\u00e9rt a f\u0151v\u00e1rosban legfeljebb egy rossz \u00e1llapot\u00fa, fel\u00faj\u00edt\u00e1sra v\u00e1r\u00f3 27 n\u00e9gyzetm\u00e9teres garzon kaphat\u00f3 \u2013 olvashat\u00f3 az c\u00e9g k\u00f6zlem\u00e9ny\u00e9ben. Mint \u00edrj\u00e1k: Egy Budapest XX. ker\u00fclet\u00e9ben eladott 24 n\u00e9gyzetm\u00e9teres f\u00f6ldszinti fel\u00faj\u00edtand\u00f3 lak\u00e1st, egy p\u00e9csi kertv\u00e1rosi 1+2 f\u00e9lszob\u00e1s, 59 n\u00e9gyzetm\u00e9teres, els\u0151 emeleti panelt; egy bajai, belv\u00e1rosi, 133 n\u00e9gyzetm\u00e9teres fel\u00faj\u00edtott csal\u00e1di h\u00e1zat; \u00e9s egy ny\u00e9kl\u00e1dh\u00e1zi 90 n\u00e9gyzetm\u00e9teres, a 90-es \u00e9vekben \u00e9p\u00fclt csal\u00e1di h\u00e1zat is 15 milli\u00f3 forint\u00e9rt adtak el az id\u00e9n.<\/p>\n<p>A t\u00e1rsash\u00e1zi lak\u00e1sok eset\u00e9ben ennyi p\u00e9nz\u00e9rt csak kisebb alapter\u00fclet\u0171 ingatlan kaphat\u00f3: \u00e1tlagosan 48 n\u00e9gyzetm\u00e9ter, jellemz\u0151en a 70-es \u00e9vek k\u00f6zep\u00e9n \u00e9p\u00fclt h\u00e1zban. Az Otthon Centrum \u00e9rt\u00e9kes\u00edt\u00e9si tapasztalatai szerint, az ilyen \u00e1ron \u00e9rt\u00e9kes\u00edtett csal\u00e1di h\u00e1zak egy \u00e9vtizeddel id\u0151sebbek, \u00e1tlagosan 52 \u00e9vesek, ennek megfelel\u0151en \u00e1llapotuk rosszabb, fel\u00faj\u00edt\u00e1sra, korszer\u0171s\u00edt\u00e9sre szorulnak, viszont alapter\u00fclet\u00fck nagyobb, mint a t\u00e1rsash\u00e1zi lak\u00e1sok\u00e9: \u00e1tlagosan 76 n\u00e9gyzetm\u00e9teresek, \u00e9s szint\u00e9n \u00e1tlagosan 1272 n\u00e9gyzetm\u00e9teres telken \u00e1llnak.<\/p>\n<div id=\"attachment_1287781\" style=\"width: 1410px\" class=\"wp-caption alignnone\">\n<p class=\"wp-caption-text\">Fot\u00f3: Shutterstock<\/p>\n<\/div>\n<p>A c\u00e9g \u00fagy fogalmaz: Az ingatlan elhelyezked\u00e9se d\u00f6nt\u0151en befoly\u00e1solja annak \u00e1r\u00e1t is. Az egyes telep\u00fcl\u00e9sek k\u00f6z\u00f6tt igen komoly k\u00fcl\u00f6nbs\u00e9gek alakultak ki a piacon. Egy budai vagy belv\u00e1rosi ingatlan n\u00e9gyzetm\u00e9ter\u00e1ra ak\u00e1r hatszor t\u00f6bb is lehet egy kistelep\u00fcl\u00e9sen \u00e9rt\u00e9kes\u00edtett ingatlan\u00e9hoz k\u00e9pest. Ugyanez a k\u00fcl\u00f6nbs\u00e9g jelentkezik a megyei jog\u00fa v\u00e1rosokban tapasztalt \u00e1rak eset\u00e9ben is. Ott \u00e1tlagban k\u00e9t \u00e9s f\u00e9lszer kell t\u00f6bbet fizetni egy n\u00e9gyzetm\u00e9ter\u00e9rt, mint egy kistelep\u00fcl\u00e9sen.<\/p>\n<ul>\n<li>15 milli\u00f3 forint alatt Bud\u00e1n alig k\u00edn\u00e1ltak ingatlant, az \u00e9rt\u00e9kes\u00edt\u00e9sek mind\u00f6ssze 0,4 sz\u00e1zal\u00e9ka tartozott ebbe a kateg\u00f3ri\u00e1ba, ami eleny\u00e9sz\u0151 sz\u00e1m.<\/li>\n<li>Nem meglep\u0151 m\u00f3don ezt a list\u00e1t a kistelep\u00fcl\u00e9sek vezetik, az itt \u00e9rt\u00e9kes\u00edtett ingatlanok 71 sz\u00e1zal\u00e9ka nem \u00e9rte el ezt az \u00e1rat.<\/li>\n<li>A megyei jog\u00fa v\u00e1rosokban az \u00e9rt\u00e9kes\u00edtett ingatlanok 45 sz\u00e1zal\u00e9ka,<\/li>\n<li>a r\u00e9gi\u00f3k\u00f6zpontokban 38 sz\u00e1zal\u00e9ka<\/li>\n<\/ul>\n<p>kelt el 15 milli\u00f3 forint alatt.<\/p>\n<p>Budapesten ennyi\u00e9rt legfeljebb a k\u00fcls\u0151 pesti ker\u00fcletekben lehet lak\u00e1st tal\u00e1lni, az \u00e9rt\u00e9kes\u00edtett ingatlanoknak mind\u00f6ssze 4,1 sz\u00e1zal\u00e9ka tartozik ebbe az \u00e1rszegmensbe.<\/p>\n<p>A statisztika \u00e1ltal felrajzolt \u00e9rt\u00e9kes\u00edt\u00e9si trend egy\u00e9rtelm\u0171v\u00e9 teszi, hogy<\/p>\n<p>min\u00e9l nagyobb egy telep\u00fcl\u00e9s, ann\u00e1l kisebb az es\u00e9ly, hogy a vev\u0151 15 milli\u00f3 forint alatt tal\u00e1ljon ingatlant.<\/p>\n<p>Az elm\u00falt esztend\u0151ben a Magyarorsz\u00e1gon \u00e9rt\u00e9kes\u00edtett lak\u00f3ingatlanok k\u00e9t-harmada 15 milli\u00f3 forint\u00e9rt, vagy enn\u00e9l alacsonyabb \u00e1ron ker\u00fclt \u00faj tulajdonos\u00e1hoz.<\/p>\n<p>Az Otthon Centrum idei \u00e9rt\u00e9kes\u00edt\u00e9si tapasztalata szerint h\u00e1romb\u00f3l egy ingatlan kelt el 15 milli\u00f3 forintn\u00e1l kevesebb\u00e9rt: a megk\u00f6t\u00f6tt \u00fczletek sz\u00e1ma Budapesten volt a legalacsonyabb 2,4 sz\u00e1zal\u00e9k, m\u00edg Borsod-Aba\u00faj-Zempl\u00e9n megy\u00e9ben a legmagasabb, ahol az ingatlan\u00e9rt\u00e9kes\u00edt\u00e9sek nagy t\u00f6bbs\u00e9ge 84 sz\u00e1zal\u00e9k, nem \u00e9rte el ezt az \u00e1rat.<\/p>\n<p>A 15 milli\u00f3 forint alatt \u00e9rt\u00e9kes\u00edtett \u2013 d\u00f6nt\u0151en haszn\u00e1lt \u2013 ingatlanok t\u00edpusa nagyj\u00e1b\u00f3l fele-fele ar\u00e1nyban csal\u00e1di h\u00e1z \u00e9s t\u00e1rsash\u00e1zi lak\u00e1s volt. A f\u0151v\u00e1rosban azonban panelt ennyi\u00e9rt m\u00e1r nem lehet tal\u00e1lni, csak t\u00e9glalak\u00e1st: ezek \u00e1tlagosan 27 n\u00e9gyzetm\u00e9teresek \u00e9s rossz \u00e1llapot\u00faak, t\u00f6bbs\u00e9g\u00e9ben a II. vil\u00e1gh\u00e1bor\u00fa el\u0151tt \u00e9p\u00fcltek.<\/p>\n<\/p><\/div>\n<p><script>\n    window.fbAsyncInit = function() {\n        FB.init({\n            appId      : \"204760236815359\",\n            xfbml      : true,\n            version    : \"v2.12\"\n        });\n        FB.AppEvents.logPageView();\n    };<\/p>\n<p>    (function(d, s, id){\n        var js, fjs = d.getElementsByTagName(s)[0];\n        if (d.getElementById(id)) {return;}\n        js = d.createElement(s); js.id = id;\n        js.src = \"http:\/\/connect.facebook.net\/hu_HU\/sdk.js\";\n        fjs.parentNode.insertBefore(js, fjs);\n    }(document, \"script\", \"facebook-jssdk\"));\n<\/script><br \/>\n<br \/>\n<!--noindex--><br \/>\n<a href=\"https:\/\/www.vg.hu\/vallalatok\/ingatlan\/van-azert-elet-15-millio-alatt-1732525\/\" rel=\"nofollow\">Source link <\/a><br \/>\n<!--\/noindex--><\/p>\n","protected":false},"excerpt":{"rendered":"<p>Min\u00e9l kisebb egy telep\u00fcl\u00e9s, ann\u00e1l nagyobb az es\u00e9ly arra, hogy 15 milli\u00f3 forint alatt tal\u00e1ljon ingatlant a v\u00e1s\u00e1rl\u00f3, ez\u00e9rt a nagyv\u00e1rosokt\u00f3l t\u00e1volabb es\u0151 lak\u00f3ingatlanok \u00e9rt\u00e9kes\u00edt\u00e9se is komoly piaci szegmens \u2013 \u00edrja elemz\u00e9s\u00e9ben az Otthon centrum. Ilyen \u00e9rt\u00e9kben ak\u00e1r csal\u00e1di h\u00e1z is v\u00e1s\u00e1rolhat\u00f3, m\u00edg ugyanennyi\u00e9rt a f\u0151v\u00e1rosban legfeljebb egy rossz \u00e1llapot\u00fa, fel\u00faj\u00edt\u00e1sra v\u00e1r\u00f3 27 n\u00e9gyzetm\u00e9teres garzon [&hellip;]<\/p>\n","protected":false},"author":2,"featured_media":8933,"comment_status":"open","ping_status":"open","sticky":false,"template":"","format":"standard","meta":{"footnotes":""},"categories":[1],"tags":[],"class_list":["post-8932","post","type-post","status-publish","format-standard","has-post-thumbnail","hentry","category-penzugyi-hirek"],"yoast_head":"<!-- This site is optimized with the Yoast SEO plugin v27.4 - https:\/\/yoast.com\/product\/yoast-seo-wordpress\/ -->\n<title>Van az\u00e9rt \u00e9let 15 milli\u00f3 alatt - Super News<\/title>\n<meta name=\"robots\" content=\"index, follow, max-snippet:-1, max-image-preview:large, max-video-preview:-1\" \/>\n<link rel=\"canonical\" href=\"https:\/\/super-news.info\/hu\/van-azert-elet-15-millio-alatt\/\" \/>\n<meta property=\"og:locale\" content=\"hu_HU\" \/>\n<meta property=\"og:type\" content=\"article\" \/>\n<meta property=\"og:title\" content=\"Van az\u00e9rt \u00e9let 15 milli\u00f3 alatt - Super News\" \/>\n<meta property=\"og:description\" content=\"Min\u00e9l kisebb egy telep\u00fcl\u00e9s, ann\u00e1l nagyobb az es\u00e9ly arra, hogy 15 milli\u00f3 forint alatt tal\u00e1ljon ingatlant a v\u00e1s\u00e1rl\u00f3, ez\u00e9rt a nagyv\u00e1rosokt\u00f3l t\u00e1volabb es\u0151 lak\u00f3ingatlanok \u00e9rt\u00e9kes\u00edt\u00e9se is komoly piaci szegmens \u2013 \u00edrja elemz\u00e9s\u00e9ben az Otthon centrum. Ilyen \u00e9rt\u00e9kben ak\u00e1r csal\u00e1di h\u00e1z is v\u00e1s\u00e1rolhat\u00f3, m\u00edg ugyanennyi\u00e9rt a f\u0151v\u00e1rosban legfeljebb egy rossz \u00e1llapot\u00fa, fel\u00faj\u00edt\u00e1sra v\u00e1r\u00f3 27 n\u00e9gyzetm\u00e9teres garzon [&hellip;]\" \/>\n<meta property=\"og:url\" content=\"https:\/\/super-news.info\/hu\/van-azert-elet-15-millio-alatt\/\" \/>\n<meta property=\"og:site_name\" content=\"Super News\" \/>\n<meta property=\"article:published_time\" content=\"2019-09-06T16:38:10+00:00\" \/>\n<meta property=\"article:modified_time\" content=\"2019-09-06T16:38:11+00:00\" \/>\n<meta property=\"og:image\" content=\"https:\/\/super-news.info\/hu\/wp-content\/uploads\/sites\/3\/2019\/09\/Van-az-rt-let-15-milli-alatt.jpg\" \/>\n\t<meta property=\"og:image:width\" content=\"1400\" \/>\n\t<meta property=\"og:image:height\" content=\"788\" \/>\n\t<meta property=\"og:image:type\" content=\"image\/jpeg\" \/>\n<meta name=\"author\" content=\"super-news\" \/>\n<meta name=\"twitter:card\" content=\"summary_large_image\" \/>\n<meta name=\"twitter:label1\" content=\"Szerz\u0151:\" \/>\n\t<meta name=\"twitter:data1\" content=\"super-news\" \/>\n\t<meta name=\"twitter:label2\" content=\"Becs\u00fclt olvas\u00e1si id\u0151\" \/>\n\t<meta name=\"twitter:data2\" content=\"3 perc\" \/>\n<script type=\"application\/ld+json\" class=\"yoast-schema-graph\">{\"@context\":\"https:\\\/\\\/schema.org\",\"@graph\":[{\"@type\":\"Article\",\"@id\":\"https:\\\/\\\/super-news.info\\\/hu\\\/van-azert-elet-15-millio-alatt\\\/#article\",\"isPartOf\":{\"@id\":\"https:\\\/\\\/super-news.info\\\/hu\\\/van-azert-elet-15-millio-alatt\\\/\"},\"author\":{\"name\":\"super-news\",\"@id\":\"https:\\\/\\\/super-news.info\\\/hu\\\/#\\\/schema\\\/person\\\/2d4068cb2f39cd10008c2fce578a7356\"},\"headline\":\"Van az\u00e9rt \u00e9let 15 milli\u00f3 alatt\",\"datePublished\":\"2019-09-06T16:38:10+00:00\",\"dateModified\":\"2019-09-06T16:38:11+00:00\",\"mainEntityOfPage\":{\"@id\":\"https:\\\/\\\/super-news.info\\\/hu\\\/van-azert-elet-15-millio-alatt\\\/\"},\"wordCount\":695,\"commentCount\":0,\"image\":{\"@id\":\"https:\\\/\\\/super-news.info\\\/hu\\\/van-azert-elet-15-millio-alatt\\\/#primaryimage\"},\"thumbnailUrl\":\"https:\\\/\\\/super-news.info\\\/hu\\\/wp-content\\\/uploads\\\/sites\\\/3\\\/2019\\\/09\\\/Van-az-rt-let-15-milli-alatt.jpg\",\"articleSection\":[\"P\u00c9NZ\u00dcGYI H\u00cdREK\"],\"inLanguage\":\"hu\",\"potentialAction\":[{\"@type\":\"CommentAction\",\"name\":\"Comment\",\"target\":[\"https:\\\/\\\/super-news.info\\\/hu\\\/van-azert-elet-15-millio-alatt\\\/#respond\"]}]},{\"@type\":\"WebPage\",\"@id\":\"https:\\\/\\\/super-news.info\\\/hu\\\/van-azert-elet-15-millio-alatt\\\/\",\"url\":\"https:\\\/\\\/super-news.info\\\/hu\\\/van-azert-elet-15-millio-alatt\\\/\",\"name\":\"Van az\u00e9rt \u00e9let 15 milli\u00f3 alatt - Super News\",\"isPartOf\":{\"@id\":\"https:\\\/\\\/super-news.info\\\/hu\\\/#website\"},\"primaryImageOfPage\":{\"@id\":\"https:\\\/\\\/super-news.info\\\/hu\\\/van-azert-elet-15-millio-alatt\\\/#primaryimage\"},\"image\":{\"@id\":\"https:\\\/\\\/super-news.info\\\/hu\\\/van-azert-elet-15-millio-alatt\\\/#primaryimage\"},\"thumbnailUrl\":\"https:\\\/\\\/super-news.info\\\/hu\\\/wp-content\\\/uploads\\\/sites\\\/3\\\/2019\\\/09\\\/Van-az-rt-let-15-milli-alatt.jpg\",\"datePublished\":\"2019-09-06T16:38:10+00:00\",\"dateModified\":\"2019-09-06T16:38:11+00:00\",\"author\":{\"@id\":\"https:\\\/\\\/super-news.info\\\/hu\\\/#\\\/schema\\\/person\\\/2d4068cb2f39cd10008c2fce578a7356\"},\"breadcrumb\":{\"@id\":\"https:\\\/\\\/super-news.info\\\/hu\\\/van-azert-elet-15-millio-alatt\\\/#breadcrumb\"},\"inLanguage\":\"hu\",\"potentialAction\":[{\"@type\":\"ReadAction\",\"target\":[\"https:\\\/\\\/super-news.info\\\/hu\\\/van-azert-elet-15-millio-alatt\\\/\"]}]},{\"@type\":\"ImageObject\",\"inLanguage\":\"hu\",\"@id\":\"https:\\\/\\\/super-news.info\\\/hu\\\/van-azert-elet-15-millio-alatt\\\/#primaryimage\",\"url\":\"https:\\\/\\\/super-news.info\\\/hu\\\/wp-content\\\/uploads\\\/sites\\\/3\\\/2019\\\/09\\\/Van-az-rt-let-15-milli-alatt.jpg\",\"contentUrl\":\"https:\\\/\\\/super-news.info\\\/hu\\\/wp-content\\\/uploads\\\/sites\\\/3\\\/2019\\\/09\\\/Van-az-rt-let-15-milli-alatt.jpg\",\"width\":1400,\"height\":788,\"caption\":\"Van az\u00e9rt \u00e9let 15 milli\u00f3 alatt\"},{\"@type\":\"BreadcrumbList\",\"@id\":\"https:\\\/\\\/super-news.info\\\/hu\\\/van-azert-elet-15-millio-alatt\\\/#breadcrumb\",\"itemListElement\":[{\"@type\":\"ListItem\",\"position\":1,\"name\":\"\u0413\u043b\u0430\u0432\u043d\u0430\u044f \u0441\u0442\u0440\u0430\u043d\u0438\u0446\u0430\",\"item\":\"https:\\\/\\\/super-news.info\\\/hu\\\/\"},{\"@type\":\"ListItem\",\"position\":2,\"name\":\"Van az\u00e9rt \u00e9let 15 milli\u00f3 alatt\"}]},{\"@type\":\"WebSite\",\"@id\":\"https:\\\/\\\/super-news.info\\\/hu\\\/#website\",\"url\":\"https:\\\/\\\/super-news.info\\\/hu\\\/\",\"name\":\"Super News\",\"description\":\"Super News Magyarorsz\u00e1g\",\"potentialAction\":[{\"@type\":\"SearchAction\",\"target\":{\"@type\":\"EntryPoint\",\"urlTemplate\":\"https:\\\/\\\/super-news.info\\\/hu\\\/?s={search_term_string}\"},\"query-input\":{\"@type\":\"PropertyValueSpecification\",\"valueRequired\":true,\"valueName\":\"search_term_string\"}}],\"inLanguage\":\"hu\"},{\"@type\":\"Person\",\"@id\":\"https:\\\/\\\/super-news.info\\\/hu\\\/#\\\/schema\\\/person\\\/2d4068cb2f39cd10008c2fce578a7356\",\"name\":\"super-news\",\"image\":{\"@type\":\"ImageObject\",\"inLanguage\":\"hu\",\"@id\":\"https:\\\/\\\/secure.gravatar.com\\\/avatar\\\/64ebac40b93f26a154f8a9b5b6fdccfc46f442b26b3dd6756dbff3bf9dc76fd7?s=96&d=mm&r=g\",\"url\":\"https:\\\/\\\/secure.gravatar.com\\\/avatar\\\/64ebac40b93f26a154f8a9b5b6fdccfc46f442b26b3dd6756dbff3bf9dc76fd7?s=96&d=mm&r=g\",\"contentUrl\":\"https:\\\/\\\/secure.gravatar.com\\\/avatar\\\/64ebac40b93f26a154f8a9b5b6fdccfc46f442b26b3dd6756dbff3bf9dc76fd7?s=96&d=mm&r=g\",\"caption\":\"super-news\"},\"url\":\"https:\\\/\\\/super-news.info\\\/hu\\\/author\\\/pt\\\/\"}]}<\/script>\n<!-- \/ Yoast SEO plugin. -->","yoast_head_json":{"title":"Van az\u00e9rt \u00e9let 15 milli\u00f3 alatt - Super News","robots":{"index":"index","follow":"follow","max-snippet":"max-snippet:-1","max-image-preview":"max-image-preview:large","max-video-preview":"max-video-preview:-1"},"canonical":"https:\/\/super-news.info\/hu\/van-azert-elet-15-millio-alatt\/","og_locale":"hu_HU","og_type":"article","og_title":"Van az\u00e9rt \u00e9let 15 milli\u00f3 alatt - Super News","og_description":"Min\u00e9l kisebb egy telep\u00fcl\u00e9s, ann\u00e1l nagyobb az es\u00e9ly arra, hogy 15 milli\u00f3 forint alatt tal\u00e1ljon ingatlant a v\u00e1s\u00e1rl\u00f3, ez\u00e9rt a nagyv\u00e1rosokt\u00f3l t\u00e1volabb es\u0151 lak\u00f3ingatlanok \u00e9rt\u00e9kes\u00edt\u00e9se is komoly piaci szegmens \u2013 \u00edrja elemz\u00e9s\u00e9ben az Otthon centrum. Ilyen \u00e9rt\u00e9kben ak\u00e1r csal\u00e1di h\u00e1z is v\u00e1s\u00e1rolhat\u00f3, m\u00edg ugyanennyi\u00e9rt a f\u0151v\u00e1rosban legfeljebb egy rossz \u00e1llapot\u00fa, fel\u00faj\u00edt\u00e1sra v\u00e1r\u00f3 27 n\u00e9gyzetm\u00e9teres garzon [&hellip;]","og_url":"https:\/\/super-news.info\/hu\/van-azert-elet-15-millio-alatt\/","og_site_name":"Super News","article_published_time":"2019-09-06T16:38:10+00:00","article_modified_time":"2019-09-06T16:38:11+00:00","og_image":[{"width":1400,"height":788,"url":"https:\/\/super-news.info\/hu\/wp-content\/uploads\/sites\/3\/2019\/09\/Van-az-rt-let-15-milli-alatt.jpg","type":"image\/jpeg"}],"author":"super-news","twitter_card":"summary_large_image","twitter_misc":{"Szerz\u0151:":"super-news","Becs\u00fclt olvas\u00e1si id\u0151":"3 perc"},"schema":{"@context":"https:\/\/schema.org","@graph":[{"@type":"Article","@id":"https:\/\/super-news.info\/hu\/van-azert-elet-15-millio-alatt\/#article","isPartOf":{"@id":"https:\/\/super-news.info\/hu\/van-azert-elet-15-millio-alatt\/"},"author":{"name":"super-news","@id":"https:\/\/super-news.info\/hu\/#\/schema\/person\/2d4068cb2f39cd10008c2fce578a7356"},"headline":"Van az\u00e9rt \u00e9let 15 milli\u00f3 alatt","datePublished":"2019-09-06T16:38:10+00:00","dateModified":"2019-09-06T16:38:11+00:00","mainEntityOfPage":{"@id":"https:\/\/super-news.info\/hu\/van-azert-elet-15-millio-alatt\/"},"wordCount":695,"commentCount":0,"image":{"@id":"https:\/\/super-news.info\/hu\/van-azert-elet-15-millio-alatt\/#primaryimage"},"thumbnailUrl":"https:\/\/super-news.info\/hu\/wp-content\/uploads\/sites\/3\/2019\/09\/Van-az-rt-let-15-milli-alatt.jpg","articleSection":["P\u00c9NZ\u00dcGYI H\u00cdREK"],"inLanguage":"hu","potentialAction":[{"@type":"CommentAction","name":"Comment","target":["https:\/\/super-news.info\/hu\/van-azert-elet-15-millio-alatt\/#respond"]}]},{"@type":"WebPage","@id":"https:\/\/super-news.info\/hu\/van-azert-elet-15-millio-alatt\/","url":"https:\/\/super-news.info\/hu\/van-azert-elet-15-millio-alatt\/","name":"Van az\u00e9rt \u00e9let 15 milli\u00f3 alatt - Super News","isPartOf":{"@id":"https:\/\/super-news.info\/hu\/#website"},"primaryImageOfPage":{"@id":"https:\/\/super-news.info\/hu\/van-azert-elet-15-millio-alatt\/#primaryimage"},"image":{"@id":"https:\/\/super-news.info\/hu\/van-azert-elet-15-millio-alatt\/#primaryimage"},"thumbnailUrl":"https:\/\/super-news.info\/hu\/wp-content\/uploads\/sites\/3\/2019\/09\/Van-az-rt-let-15-milli-alatt.jpg","datePublished":"2019-09-06T16:38:10+00:00","dateModified":"2019-09-06T16:38:11+00:00","author":{"@id":"https:\/\/super-news.info\/hu\/#\/schema\/person\/2d4068cb2f39cd10008c2fce578a7356"},"breadcrumb":{"@id":"https:\/\/super-news.info\/hu\/van-azert-elet-15-millio-alatt\/#breadcrumb"},"inLanguage":"hu","potentialAction":[{"@type":"ReadAction","target":["https:\/\/super-news.info\/hu\/van-azert-elet-15-millio-alatt\/"]}]},{"@type":"ImageObject","inLanguage":"hu","@id":"https:\/\/super-news.info\/hu\/van-azert-elet-15-millio-alatt\/#primaryimage","url":"https:\/\/super-news.info\/hu\/wp-content\/uploads\/sites\/3\/2019\/09\/Van-az-rt-let-15-milli-alatt.jpg","contentUrl":"https:\/\/super-news.info\/hu\/wp-content\/uploads\/sites\/3\/2019\/09\/Van-az-rt-let-15-milli-alatt.jpg","width":1400,"height":788,"caption":"Van az\u00e9rt \u00e9let 15 milli\u00f3 alatt"},{"@type":"BreadcrumbList","@id":"https:\/\/super-news.info\/hu\/van-azert-elet-15-millio-alatt\/#breadcrumb","itemListElement":[{"@type":"ListItem","position":1,"name":"\u0413\u043b\u0430\u0432\u043d\u0430\u044f \u0441\u0442\u0440\u0430\u043d\u0438\u0446\u0430","item":"https:\/\/super-news.info\/hu\/"},{"@type":"ListItem","position":2,"name":"Van az\u00e9rt \u00e9let 15 milli\u00f3 alatt"}]},{"@type":"WebSite","@id":"https:\/\/super-news.info\/hu\/#website","url":"https:\/\/super-news.info\/hu\/","name":"Super News","description":"Super News Magyarorsz\u00e1g","potentialAction":[{"@type":"SearchAction","target":{"@type":"EntryPoint","urlTemplate":"https:\/\/super-news.info\/hu\/?s={search_term_string}"},"query-input":{"@type":"PropertyValueSpecification","valueRequired":true,"valueName":"search_term_string"}}],"inLanguage":"hu"},{"@type":"Person","@id":"https:\/\/super-news.info\/hu\/#\/schema\/person\/2d4068cb2f39cd10008c2fce578a7356","name":"super-news","image":{"@type":"ImageObject","inLanguage":"hu","@id":"https:\/\/secure.gravatar.com\/avatar\/64ebac40b93f26a154f8a9b5b6fdccfc46f442b26b3dd6756dbff3bf9dc76fd7?s=96&d=mm&r=g","url":"https:\/\/secure.gravatar.com\/avatar\/64ebac40b93f26a154f8a9b5b6fdccfc46f442b26b3dd6756dbff3bf9dc76fd7?s=96&d=mm&r=g","contentUrl":"https:\/\/secure.gravatar.com\/avatar\/64ebac40b93f26a154f8a9b5b6fdccfc46f442b26b3dd6756dbff3bf9dc76fd7?s=96&d=mm&r=g","caption":"super-news"},"url":"https:\/\/super-news.info\/hu\/author\/pt\/"}]}},"_links":{"self":[{"href":"https:\/\/super-news.info\/hu\/wp-json\/wp\/v2\/posts\/8932","targetHints":{"allow":["GET"]}}],"collection":[{"href":"https:\/\/super-news.info\/hu\/wp-json\/wp\/v2\/posts"}],"about":[{"href":"https:\/\/super-news.info\/hu\/wp-json\/wp\/v2\/types\/post"}],"author":[{"embeddable":true,"href":"https:\/\/super-news.info\/hu\/wp-json\/wp\/v2\/users\/2"}],"replies":[{"embeddable":true,"href":"https:\/\/super-news.info\/hu\/wp-json\/wp\/v2\/comments?post=8932"}],"version-history":[{"count":1,"href":"https:\/\/super-news.info\/hu\/wp-json\/wp\/v2\/posts\/8932\/revisions"}],"predecessor-version":[{"id":8934,"href":"https:\/\/super-news.info\/hu\/wp-json\/wp\/v2\/posts\/8932\/revisions\/8934"}],"wp:featuredmedia":[{"embeddable":true,"href":"https:\/\/super-news.info\/hu\/wp-json\/wp\/v2\/media\/8933"}],"wp:attachment":[{"href":"https:\/\/super-news.info\/hu\/wp-json\/wp\/v2\/media?parent=8932"}],"wp:term":[{"taxonomy":"category","embeddable":true,"href":"https:\/\/super-news.info\/hu\/wp-json\/wp\/v2\/categories?post=8932"},{"taxonomy":"post_tag","embeddable":true,"href":"https:\/\/super-news.info\/hu\/wp-json\/wp\/v2\/tags?post=8932"}],"curies":[{"name":"wp","href":"https:\/\/api.w.org\/{rel}","templated":true}]}}