{"id":8923,"date":"2019-09-06T16:00:33","date_gmt":"2019-09-06T13:00:33","guid":{"rendered":"https:\/\/super-news.info\/hu\/megtamadtak-az-orosz-valasztasi-bizottsag-elnoket\/"},"modified":"2019-09-06T16:00:34","modified_gmt":"2019-09-06T13:00:34","slug":"megtamadtak-az-orosz-valasztasi-bizottsag-elnoket","status":"publish","type":"post","link":"https:\/\/super-news.info\/hu\/megtamadtak-az-orosz-valasztasi-bizottsag-elnoket\/","title":{"rendered":"Megt\u00e1madt\u00e1k az orosz v\u00e1laszt\u00e1si bizotts\u00e1g eln\u00f6k\u00e9t"},"content":{"rendered":"<div>\n<p>Elektromos sokkol\u00f3val t\u00e1madta meg Ella Pamfilov\u00e1t, az orosz K\u00f6zponti V\u00e1laszt\u00e1si Bizotts\u00e1g eln\u00f6k\u00e9t Moszkva k\u00f6rny\u00e9ki otthon\u00e1ban egy maszkot visel\u0151 behatol\u00f3 \u2013 k\u00f6z\u00f6lte p\u00e9nteken az orosz bel\u00fcgyminiszt\u00e9rium.<\/p>\n<p>Az \u00e9jszakai t\u00e1mad\u00e1s ismeretlen elk\u00f6vet\u0151je az ablakon \u00e1t jutott be a h\u00e1z terasz\u00e1ra, a sokkol\u00f3val t\u00f6bbsz\u00f6r is meg\u00fct\u00f6tte Pamfilov\u00e1t, majd elmenek\u00fclt a helysz\u00ednr\u0151l. A tiszts\u00e9gvisel\u0151 j\u00f3l van, \u00e9s p\u00e9nteken r\u00e9szt vett egy moszkvai nemzetk\u00f6zi konferenci\u00e1n. A v\u00e1laszt\u00e1si bizotts\u00e1g k\u00f6zlem\u00e9nye szerint a h\u00e1zb\u00f3l semmi sem t\u0171nt el.<\/p>\n<p>A rend\u0151rs\u00e9g rabl\u00e1s c\u00edm\u00e9n ind\u00edtott elj\u00e1r\u00e1st. Azt is vizsg\u00e1lj\u00e1k hogy a b\u0171ncselekm\u00e9nynek k\u00f6ze lehet-e a k\u00fcsz\u00f6b\u00f6n\u00e1ll\u00f3 v\u00e1laszt\u00e1sokhoz.<\/p>\n<p>A leg\u00e9lesebb politikai k\u00fczdelem a 45 tag\u00fa moszkvai k\u00e9pvisel\u0151-test\u00fclet megv\u00e1laszt\u00e1sa k\u00f6r\u00fcl bontakozott ki azt k\u00f6vet\u0151en, hogy az illet\u00e9kes v\u00e1laszt\u00e1si test\u00fcletek elutas\u00edtott\u00e1k 57 jel\u00f6ltaspir\u00e1ns bejegyz\u00e9s\u00e9t. A parlamenten k\u00edv\u00fcli ellenz\u00e9k k\u00e9pvisel\u0151i k\u00f6z\u00fcl csak egynek siker\u00fclt b\u00edr\u00f3s\u00e1gon megfellebbeznie a kiz\u00e1r\u00e1s\u00e1t, a v\u00e1laszt\u00e1son \u00edgy 228 jel\u00f6lt indulhat.<\/p>\n<p>A hat\u00f3s\u00e1gok a f\u00fcggetlen \u00e9s ellenz\u00e9ki t\u00fcntet\u0151knek a v\u00e1laszt\u00e1sb\u00f3l val\u00f3 kiz\u00e1r\u00e1s\u00e1t a t\u00e1mogat\u00f3 al\u00e1\u00edr\u00e1sok egy r\u00e9sz\u00e9nek meghamis\u00edt\u00e1s\u00e1val \u00e9s formai okokkal magyar\u00e1zt\u00e1k, az \u00e9rintettek szerint viszont a Kreml akarat\u00e1b\u00f3l fosztott\u00e1k meg \u0151ket a politikai megm\u00e9ret\u00e9s lehet\u0151s\u00e9g\u00e9t\u0151l. Az \u00e9rintettek j\u00falius \u00f3ta rendszeresen utcai tiltakoz\u00e1sokat tartottak a h\u00e9tv\u00e9geken, amelyek t\u00f6bbs\u00e9g\u00e9t a v\u00e1rosi hat\u00f3s\u00e1gok nem enged\u00e9lyezt\u00e9k.<\/p>\n<div id=\"attachment_1732867\" style=\"width: 950px\" class=\"wp-caption aligncenter\">\n<p class=\"wp-caption-text\">Ella Pamfilova<br \/>Fot\u00f3: kremlin.ru<\/p>\n<\/div>\n<p>A t\u00fcntet\u00e9sek r\u00e9szvev\u0151i ellen a rendv\u00e9delmi szervek kem\u00e9nyen l\u00e9ptek fel, \u00e9s \u00f6sszesen t\u00f6bb mint 1700 embert \u00e1ll\u00edtottak el\u0151. A b\u00edr\u00f3s\u00e1gok t\u00f6bb tucat szervez\u0151t elz\u00e1r\u00e1sra, t\u00f6bb sz\u00e1zat pedig p\u00e9nzb\u00edrs\u00e1gra \u00edt\u00e9ltek. 9 ember ellen t\u00f6meges rendbont\u00e1s c\u00edm\u00e9n b\u0171nv\u00e1di elj\u00e1r\u00e1s zajlik.<\/p>\n<p>Az elm\u00falt napokban n\u00e9gy embert \u00edt\u00e9ltek el 2 \u2013 3 \u00e9s f\u00e9l \u00e9v k\u00f6z\u00f6tti szabads\u00e1gveszt\u00e9sre, hivatalos szem\u00e9ly elleni er\u0151szak c\u00edm\u00e9n, egy embert n\u00e9gy \u00e9vre k\u00fcldtek r\u00e1cs m\u00f6g\u00e9 a nyilv\u00e1nos rendezv\u00e9nyek szervez\u00e9s\u00e9re vonatkoz\u00f3 szab\u00e1lyok sorozatos megs\u00e9rt\u00e9s\u00e9re hivatkozva, egy blogger pedig \u00f6t \u00e9vet kapott, ami\u00e9rt a b\u00edr\u00f3s\u00e1g szerint a rohamrend\u0151r\u00f6k gyerekei elleni er\u0151szakra buzd\u00edtott.<\/p>\n<p>A rend\u0151r\u00f6k cs\u00fct\u00f6rt\u00f6k \u00e9jjel \u00e1tkutatt\u00e1k az Alekszej Navalnij alap\u00edtotta Korrupci\u00f3 Elleni K\u00fczdelem Alap\u00edtv\u00e1nya moszkvai irod\u00e1j\u00e1t \u00e9s a Navalnij Live YouTube-csatorna st\u00fadi\u00f3j\u00e1t. A politikus azt mondta, az akci\u00f3 c\u00e9lja az volt, hogy megzavarj\u00e1k az \u201eokos szavaz\u00e1sr\u00f3l\u201d tartott eligaz\u00edt\u00e1s\u00e1t.<\/p>\n<p>Navalnij p\u00e1rtalap\u00edt\u00e1si k\u00eds\u00e9rleteit t\u00f6bbsz\u00f6r megakad\u00e1lyozt\u00e1k, alap\u00edtv\u00e1nya ellen vizsg\u00e1lat folyik, k\u00f6vet\u0151it pedig kiz\u00e1rt\u00e1k a moszkvai k\u00e9pvisel\u0151-test\u00fclet megv\u00e1laszt\u00e1s\u00e1b\u00f3l. A politikus most azt kezdem\u00e9nyezte, hogy a v\u00e1laszt\u00f3k az \u201eokos v\u00e1laszt\u00e1s\u201d eszk\u00f6z\u00e9vel \u00e9lve a korm\u00e1nyz\u00f3 Egys\u00e9ges Oroszorsz\u00e1g p\u00e1rt jel\u00f6ltje elleni leges\u00e9lyesebb politikusra szavazzanak ker\u00fcleteikben. Ezek t\u00f6bbnyire egy\u00e9bk\u00e9nt kommunista jel\u00f6ltek; a v\u00e1rhat\u00f3an alacsony r\u00e9szv\u00e9teli ar\u00e1ny miatt az ellenz\u00e9ki szavazatok a javukra billenthetik a m\u00e9rleg nyelv\u00e9t.<\/p>\n<p>Az Egys\u00e9ges Oroszorsz\u00e1g megcsappant n\u00e9pszer\u0171s\u00e9ge miatt jel\u00f6ltjei gyakran f\u00fcggetlenk\u00e9nt indulnak. \u00cdgy tesz a Szentp\u00e9terv\u00e1r korm\u00e1nyz\u00f3i c\u00edm\u00e9nek magtart\u00e1s\u00e1\u00e9rt rajthoz \u00e1ll\u00f3 Alekszandr Beglov is, aki most megb\u00edzottk\u00e9nt t\u00f6lti be ezt a posztot. De eml\u00e9kezetes, hogy ezen taktika mellett d\u00f6nt\u00f6tt a tavaly \u00fajrav\u00e1lasztott Vlagyimir Putyin orosz eln\u00f6k is.<\/p>\n<\/p><\/div>\n<p><script>\n    window.fbAsyncInit = function() {\n        FB.init({\n            appId      : \"204760236815359\",\n            xfbml      : true,\n            version    : \"v2.12\"\n        });\n        FB.AppEvents.logPageView();\n    };<\/p>\n<p>    (function(d, s, id){\n        var js, fjs = d.getElementsByTagName(s)[0];\n        if (d.getElementById(id)) {return;}\n        js = d.createElement(s); js.id = id;\n        js.src = \"http:\/\/connect.facebook.net\/hu_HU\/sdk.js\";\n        fjs.parentNode.insertBefore(js, fjs);\n    }(document, \"script\", \"facebook-jssdk\"));\n<\/script><br \/>\n<br \/>\n<!--noindex--><br \/>\n<a href=\"https:\/\/www.vg.hu\/kozelet\/kozeleti-hirek\/megtamadtak-az-orosz-valasztasi-bizottsag-elnoket-1732783\/\" rel=\"nofollow\">Source link <\/a><br \/>\n<!--\/noindex--><\/p>\n","protected":false},"excerpt":{"rendered":"<p>Elektromos sokkol\u00f3val t\u00e1madta meg Ella Pamfilov\u00e1t, az orosz K\u00f6zponti V\u00e1laszt\u00e1si Bizotts\u00e1g eln\u00f6k\u00e9t Moszkva k\u00f6rny\u00e9ki otthon\u00e1ban egy maszkot visel\u0151 behatol\u00f3 \u2013 k\u00f6z\u00f6lte p\u00e9nteken az orosz bel\u00fcgyminiszt\u00e9rium. Az \u00e9jszakai t\u00e1mad\u00e1s ismeretlen elk\u00f6vet\u0151je az ablakon \u00e1t jutott be a h\u00e1z terasz\u00e1ra, a sokkol\u00f3val t\u00f6bbsz\u00f6r is meg\u00fct\u00f6tte Pamfilov\u00e1t, majd elmenek\u00fclt a helysz\u00ednr\u0151l. A tiszts\u00e9gvisel\u0151 j\u00f3l van, \u00e9s p\u00e9nteken r\u00e9szt [&hellip;]<\/p>\n","protected":false},"author":2,"featured_media":8924,"comment_status":"open","ping_status":"open","sticky":false,"template":"","format":"standard","meta":{"footnotes":""},"categories":[1],"tags":[],"class_list":["post-8923","post","type-post","status-publish","format-standard","has-post-thumbnail","hentry","category-penzugyi-hirek"],"yoast_head":"<!-- This site is optimized with the Yoast SEO plugin v27.4 - https:\/\/yoast.com\/product\/yoast-seo-wordpress\/ -->\n<title>Megt\u00e1madt\u00e1k az orosz v\u00e1laszt\u00e1si bizotts\u00e1g eln\u00f6k\u00e9t - Super News<\/title>\n<meta name=\"robots\" content=\"index, follow, max-snippet:-1, max-image-preview:large, max-video-preview:-1\" \/>\n<link rel=\"canonical\" href=\"https:\/\/super-news.info\/hu\/megtamadtak-az-orosz-valasztasi-bizottsag-elnoket\/\" \/>\n<meta property=\"og:locale\" content=\"hu_HU\" \/>\n<meta property=\"og:type\" content=\"article\" \/>\n<meta property=\"og:title\" content=\"Megt\u00e1madt\u00e1k az orosz v\u00e1laszt\u00e1si bizotts\u00e1g eln\u00f6k\u00e9t - Super News\" \/>\n<meta property=\"og:description\" content=\"Elektromos sokkol\u00f3val t\u00e1madta meg Ella Pamfilov\u00e1t, az orosz K\u00f6zponti V\u00e1laszt\u00e1si Bizotts\u00e1g eln\u00f6k\u00e9t Moszkva k\u00f6rny\u00e9ki otthon\u00e1ban egy maszkot visel\u0151 behatol\u00f3 \u2013 k\u00f6z\u00f6lte p\u00e9nteken az orosz bel\u00fcgyminiszt\u00e9rium. Az \u00e9jszakai t\u00e1mad\u00e1s ismeretlen elk\u00f6vet\u0151je az ablakon \u00e1t jutott be a h\u00e1z terasz\u00e1ra, a sokkol\u00f3val t\u00f6bbsz\u00f6r is meg\u00fct\u00f6tte Pamfilov\u00e1t, majd elmenek\u00fclt a helysz\u00ednr\u0151l. A tiszts\u00e9gvisel\u0151 j\u00f3l van, \u00e9s p\u00e9nteken r\u00e9szt [&hellip;]\" \/>\n<meta property=\"og:url\" content=\"https:\/\/super-news.info\/hu\/megtamadtak-az-orosz-valasztasi-bizottsag-elnoket\/\" \/>\n<meta property=\"og:site_name\" content=\"Super News\" \/>\n<meta property=\"article:published_time\" content=\"2019-09-06T13:00:33+00:00\" \/>\n<meta property=\"article:modified_time\" content=\"2019-09-06T13:00:34+00:00\" \/>\n<meta property=\"og:image\" content=\"https:\/\/super-news.info\/hu\/wp-content\/uploads\/sites\/3\/2019\/09\/Megt-madt-k-az-orosz-v-laszt-si-bizotts-g-eln-k-t.jpg\" \/>\n\t<meta property=\"og:image:width\" content=\"940\" \/>\n\t<meta property=\"og:image:height\" content=\"580\" \/>\n\t<meta property=\"og:image:type\" content=\"image\/jpeg\" \/>\n<meta name=\"author\" content=\"super-news\" \/>\n<meta name=\"twitter:card\" content=\"summary_large_image\" \/>\n<meta name=\"twitter:label1\" content=\"Szerz\u0151:\" \/>\n\t<meta name=\"twitter:data1\" content=\"super-news\" \/>\n\t<meta name=\"twitter:label2\" content=\"Becs\u00fclt olvas\u00e1si id\u0151\" \/>\n\t<meta name=\"twitter:data2\" content=\"4 perc\" \/>\n<script type=\"application\/ld+json\" class=\"yoast-schema-graph\">{\"@context\":\"https:\\\/\\\/schema.org\",\"@graph\":[{\"@type\":\"Article\",\"@id\":\"https:\\\/\\\/super-news.info\\\/hu\\\/megtamadtak-az-orosz-valasztasi-bizottsag-elnoket\\\/#article\",\"isPartOf\":{\"@id\":\"https:\\\/\\\/super-news.info\\\/hu\\\/megtamadtak-az-orosz-valasztasi-bizottsag-elnoket\\\/\"},\"author\":{\"name\":\"super-news\",\"@id\":\"https:\\\/\\\/super-news.info\\\/hu\\\/#\\\/schema\\\/person\\\/2d4068cb2f39cd10008c2fce578a7356\"},\"headline\":\"Megt\u00e1madt\u00e1k az orosz v\u00e1laszt\u00e1si bizotts\u00e1g eln\u00f6k\u00e9t\",\"datePublished\":\"2019-09-06T13:00:33+00:00\",\"dateModified\":\"2019-09-06T13:00:34+00:00\",\"mainEntityOfPage\":{\"@id\":\"https:\\\/\\\/super-news.info\\\/hu\\\/megtamadtak-az-orosz-valasztasi-bizottsag-elnoket\\\/\"},\"wordCount\":728,\"commentCount\":0,\"image\":{\"@id\":\"https:\\\/\\\/super-news.info\\\/hu\\\/megtamadtak-az-orosz-valasztasi-bizottsag-elnoket\\\/#primaryimage\"},\"thumbnailUrl\":\"https:\\\/\\\/super-news.info\\\/hu\\\/wp-content\\\/uploads\\\/sites\\\/3\\\/2019\\\/09\\\/Megt-madt-k-az-orosz-v-laszt-si-bizotts-g-eln-k-t.jpg\",\"articleSection\":[\"P\u00c9NZ\u00dcGYI H\u00cdREK\"],\"inLanguage\":\"hu\",\"potentialAction\":[{\"@type\":\"CommentAction\",\"name\":\"Comment\",\"target\":[\"https:\\\/\\\/super-news.info\\\/hu\\\/megtamadtak-az-orosz-valasztasi-bizottsag-elnoket\\\/#respond\"]}]},{\"@type\":\"WebPage\",\"@id\":\"https:\\\/\\\/super-news.info\\\/hu\\\/megtamadtak-az-orosz-valasztasi-bizottsag-elnoket\\\/\",\"url\":\"https:\\\/\\\/super-news.info\\\/hu\\\/megtamadtak-az-orosz-valasztasi-bizottsag-elnoket\\\/\",\"name\":\"Megt\u00e1madt\u00e1k az orosz v\u00e1laszt\u00e1si bizotts\u00e1g eln\u00f6k\u00e9t - Super News\",\"isPartOf\":{\"@id\":\"https:\\\/\\\/super-news.info\\\/hu\\\/#website\"},\"primaryImageOfPage\":{\"@id\":\"https:\\\/\\\/super-news.info\\\/hu\\\/megtamadtak-az-orosz-valasztasi-bizottsag-elnoket\\\/#primaryimage\"},\"image\":{\"@id\":\"https:\\\/\\\/super-news.info\\\/hu\\\/megtamadtak-az-orosz-valasztasi-bizottsag-elnoket\\\/#primaryimage\"},\"thumbnailUrl\":\"https:\\\/\\\/super-news.info\\\/hu\\\/wp-content\\\/uploads\\\/sites\\\/3\\\/2019\\\/09\\\/Megt-madt-k-az-orosz-v-laszt-si-bizotts-g-eln-k-t.jpg\",\"datePublished\":\"2019-09-06T13:00:33+00:00\",\"dateModified\":\"2019-09-06T13:00:34+00:00\",\"author\":{\"@id\":\"https:\\\/\\\/super-news.info\\\/hu\\\/#\\\/schema\\\/person\\\/2d4068cb2f39cd10008c2fce578a7356\"},\"breadcrumb\":{\"@id\":\"https:\\\/\\\/super-news.info\\\/hu\\\/megtamadtak-az-orosz-valasztasi-bizottsag-elnoket\\\/#breadcrumb\"},\"inLanguage\":\"hu\",\"potentialAction\":[{\"@type\":\"ReadAction\",\"target\":[\"https:\\\/\\\/super-news.info\\\/hu\\\/megtamadtak-az-orosz-valasztasi-bizottsag-elnoket\\\/\"]}]},{\"@type\":\"ImageObject\",\"inLanguage\":\"hu\",\"@id\":\"https:\\\/\\\/super-news.info\\\/hu\\\/megtamadtak-az-orosz-valasztasi-bizottsag-elnoket\\\/#primaryimage\",\"url\":\"https:\\\/\\\/super-news.info\\\/hu\\\/wp-content\\\/uploads\\\/sites\\\/3\\\/2019\\\/09\\\/Megt-madt-k-az-orosz-v-laszt-si-bizotts-g-eln-k-t.jpg\",\"contentUrl\":\"https:\\\/\\\/super-news.info\\\/hu\\\/wp-content\\\/uploads\\\/sites\\\/3\\\/2019\\\/09\\\/Megt-madt-k-az-orosz-v-laszt-si-bizotts-g-eln-k-t.jpg\",\"width\":940,\"height\":580,\"caption\":\"Megt\u00e1madt\u00e1k az orosz v\u00e1laszt\u00e1si bizotts\u00e1g eln\u00f6k\u00e9t\"},{\"@type\":\"BreadcrumbList\",\"@id\":\"https:\\\/\\\/super-news.info\\\/hu\\\/megtamadtak-az-orosz-valasztasi-bizottsag-elnoket\\\/#breadcrumb\",\"itemListElement\":[{\"@type\":\"ListItem\",\"position\":1,\"name\":\"\u0413\u043b\u0430\u0432\u043d\u0430\u044f \u0441\u0442\u0440\u0430\u043d\u0438\u0446\u0430\",\"item\":\"https:\\\/\\\/super-news.info\\\/hu\\\/\"},{\"@type\":\"ListItem\",\"position\":2,\"name\":\"Megt\u00e1madt\u00e1k az orosz v\u00e1laszt\u00e1si bizotts\u00e1g eln\u00f6k\u00e9t\"}]},{\"@type\":\"WebSite\",\"@id\":\"https:\\\/\\\/super-news.info\\\/hu\\\/#website\",\"url\":\"https:\\\/\\\/super-news.info\\\/hu\\\/\",\"name\":\"Super News\",\"description\":\"Super News Magyarorsz\u00e1g\",\"potentialAction\":[{\"@type\":\"SearchAction\",\"target\":{\"@type\":\"EntryPoint\",\"urlTemplate\":\"https:\\\/\\\/super-news.info\\\/hu\\\/?s={search_term_string}\"},\"query-input\":{\"@type\":\"PropertyValueSpecification\",\"valueRequired\":true,\"valueName\":\"search_term_string\"}}],\"inLanguage\":\"hu\"},{\"@type\":\"Person\",\"@id\":\"https:\\\/\\\/super-news.info\\\/hu\\\/#\\\/schema\\\/person\\\/2d4068cb2f39cd10008c2fce578a7356\",\"name\":\"super-news\",\"image\":{\"@type\":\"ImageObject\",\"inLanguage\":\"hu\",\"@id\":\"https:\\\/\\\/secure.gravatar.com\\\/avatar\\\/64ebac40b93f26a154f8a9b5b6fdccfc46f442b26b3dd6756dbff3bf9dc76fd7?s=96&d=mm&r=g\",\"url\":\"https:\\\/\\\/secure.gravatar.com\\\/avatar\\\/64ebac40b93f26a154f8a9b5b6fdccfc46f442b26b3dd6756dbff3bf9dc76fd7?s=96&d=mm&r=g\",\"contentUrl\":\"https:\\\/\\\/secure.gravatar.com\\\/avatar\\\/64ebac40b93f26a154f8a9b5b6fdccfc46f442b26b3dd6756dbff3bf9dc76fd7?s=96&d=mm&r=g\",\"caption\":\"super-news\"},\"url\":\"https:\\\/\\\/super-news.info\\\/hu\\\/author\\\/pt\\\/\"}]}<\/script>\n<!-- \/ Yoast SEO plugin. -->","yoast_head_json":{"title":"Megt\u00e1madt\u00e1k az orosz v\u00e1laszt\u00e1si bizotts\u00e1g eln\u00f6k\u00e9t - Super News","robots":{"index":"index","follow":"follow","max-snippet":"max-snippet:-1","max-image-preview":"max-image-preview:large","max-video-preview":"max-video-preview:-1"},"canonical":"https:\/\/super-news.info\/hu\/megtamadtak-az-orosz-valasztasi-bizottsag-elnoket\/","og_locale":"hu_HU","og_type":"article","og_title":"Megt\u00e1madt\u00e1k az orosz v\u00e1laszt\u00e1si bizotts\u00e1g eln\u00f6k\u00e9t - Super News","og_description":"Elektromos sokkol\u00f3val t\u00e1madta meg Ella Pamfilov\u00e1t, az orosz K\u00f6zponti V\u00e1laszt\u00e1si Bizotts\u00e1g eln\u00f6k\u00e9t Moszkva k\u00f6rny\u00e9ki otthon\u00e1ban egy maszkot visel\u0151 behatol\u00f3 \u2013 k\u00f6z\u00f6lte p\u00e9nteken az orosz bel\u00fcgyminiszt\u00e9rium. Az \u00e9jszakai t\u00e1mad\u00e1s ismeretlen elk\u00f6vet\u0151je az ablakon \u00e1t jutott be a h\u00e1z terasz\u00e1ra, a sokkol\u00f3val t\u00f6bbsz\u00f6r is meg\u00fct\u00f6tte Pamfilov\u00e1t, majd elmenek\u00fclt a helysz\u00ednr\u0151l. A tiszts\u00e9gvisel\u0151 j\u00f3l van, \u00e9s p\u00e9nteken r\u00e9szt [&hellip;]","og_url":"https:\/\/super-news.info\/hu\/megtamadtak-az-orosz-valasztasi-bizottsag-elnoket\/","og_site_name":"Super News","article_published_time":"2019-09-06T13:00:33+00:00","article_modified_time":"2019-09-06T13:00:34+00:00","og_image":[{"width":940,"height":580,"url":"https:\/\/super-news.info\/hu\/wp-content\/uploads\/sites\/3\/2019\/09\/Megt-madt-k-az-orosz-v-laszt-si-bizotts-g-eln-k-t.jpg","type":"image\/jpeg"}],"author":"super-news","twitter_card":"summary_large_image","twitter_misc":{"Szerz\u0151:":"super-news","Becs\u00fclt olvas\u00e1si id\u0151":"4 perc"},"schema":{"@context":"https:\/\/schema.org","@graph":[{"@type":"Article","@id":"https:\/\/super-news.info\/hu\/megtamadtak-az-orosz-valasztasi-bizottsag-elnoket\/#article","isPartOf":{"@id":"https:\/\/super-news.info\/hu\/megtamadtak-az-orosz-valasztasi-bizottsag-elnoket\/"},"author":{"name":"super-news","@id":"https:\/\/super-news.info\/hu\/#\/schema\/person\/2d4068cb2f39cd10008c2fce578a7356"},"headline":"Megt\u00e1madt\u00e1k az orosz v\u00e1laszt\u00e1si bizotts\u00e1g eln\u00f6k\u00e9t","datePublished":"2019-09-06T13:00:33+00:00","dateModified":"2019-09-06T13:00:34+00:00","mainEntityOfPage":{"@id":"https:\/\/super-news.info\/hu\/megtamadtak-az-orosz-valasztasi-bizottsag-elnoket\/"},"wordCount":728,"commentCount":0,"image":{"@id":"https:\/\/super-news.info\/hu\/megtamadtak-az-orosz-valasztasi-bizottsag-elnoket\/#primaryimage"},"thumbnailUrl":"https:\/\/super-news.info\/hu\/wp-content\/uploads\/sites\/3\/2019\/09\/Megt-madt-k-az-orosz-v-laszt-si-bizotts-g-eln-k-t.jpg","articleSection":["P\u00c9NZ\u00dcGYI H\u00cdREK"],"inLanguage":"hu","potentialAction":[{"@type":"CommentAction","name":"Comment","target":["https:\/\/super-news.info\/hu\/megtamadtak-az-orosz-valasztasi-bizottsag-elnoket\/#respond"]}]},{"@type":"WebPage","@id":"https:\/\/super-news.info\/hu\/megtamadtak-az-orosz-valasztasi-bizottsag-elnoket\/","url":"https:\/\/super-news.info\/hu\/megtamadtak-az-orosz-valasztasi-bizottsag-elnoket\/","name":"Megt\u00e1madt\u00e1k az orosz v\u00e1laszt\u00e1si bizotts\u00e1g eln\u00f6k\u00e9t - Super News","isPartOf":{"@id":"https:\/\/super-news.info\/hu\/#website"},"primaryImageOfPage":{"@id":"https:\/\/super-news.info\/hu\/megtamadtak-az-orosz-valasztasi-bizottsag-elnoket\/#primaryimage"},"image":{"@id":"https:\/\/super-news.info\/hu\/megtamadtak-az-orosz-valasztasi-bizottsag-elnoket\/#primaryimage"},"thumbnailUrl":"https:\/\/super-news.info\/hu\/wp-content\/uploads\/sites\/3\/2019\/09\/Megt-madt-k-az-orosz-v-laszt-si-bizotts-g-eln-k-t.jpg","datePublished":"2019-09-06T13:00:33+00:00","dateModified":"2019-09-06T13:00:34+00:00","author":{"@id":"https:\/\/super-news.info\/hu\/#\/schema\/person\/2d4068cb2f39cd10008c2fce578a7356"},"breadcrumb":{"@id":"https:\/\/super-news.info\/hu\/megtamadtak-az-orosz-valasztasi-bizottsag-elnoket\/#breadcrumb"},"inLanguage":"hu","potentialAction":[{"@type":"ReadAction","target":["https:\/\/super-news.info\/hu\/megtamadtak-az-orosz-valasztasi-bizottsag-elnoket\/"]}]},{"@type":"ImageObject","inLanguage":"hu","@id":"https:\/\/super-news.info\/hu\/megtamadtak-az-orosz-valasztasi-bizottsag-elnoket\/#primaryimage","url":"https:\/\/super-news.info\/hu\/wp-content\/uploads\/sites\/3\/2019\/09\/Megt-madt-k-az-orosz-v-laszt-si-bizotts-g-eln-k-t.jpg","contentUrl":"https:\/\/super-news.info\/hu\/wp-content\/uploads\/sites\/3\/2019\/09\/Megt-madt-k-az-orosz-v-laszt-si-bizotts-g-eln-k-t.jpg","width":940,"height":580,"caption":"Megt\u00e1madt\u00e1k az orosz v\u00e1laszt\u00e1si bizotts\u00e1g eln\u00f6k\u00e9t"},{"@type":"BreadcrumbList","@id":"https:\/\/super-news.info\/hu\/megtamadtak-az-orosz-valasztasi-bizottsag-elnoket\/#breadcrumb","itemListElement":[{"@type":"ListItem","position":1,"name":"\u0413\u043b\u0430\u0432\u043d\u0430\u044f \u0441\u0442\u0440\u0430\u043d\u0438\u0446\u0430","item":"https:\/\/super-news.info\/hu\/"},{"@type":"ListItem","position":2,"name":"Megt\u00e1madt\u00e1k az orosz v\u00e1laszt\u00e1si bizotts\u00e1g eln\u00f6k\u00e9t"}]},{"@type":"WebSite","@id":"https:\/\/super-news.info\/hu\/#website","url":"https:\/\/super-news.info\/hu\/","name":"Super News","description":"Super News Magyarorsz\u00e1g","potentialAction":[{"@type":"SearchAction","target":{"@type":"EntryPoint","urlTemplate":"https:\/\/super-news.info\/hu\/?s={search_term_string}"},"query-input":{"@type":"PropertyValueSpecification","valueRequired":true,"valueName":"search_term_string"}}],"inLanguage":"hu"},{"@type":"Person","@id":"https:\/\/super-news.info\/hu\/#\/schema\/person\/2d4068cb2f39cd10008c2fce578a7356","name":"super-news","image":{"@type":"ImageObject","inLanguage":"hu","@id":"https:\/\/secure.gravatar.com\/avatar\/64ebac40b93f26a154f8a9b5b6fdccfc46f442b26b3dd6756dbff3bf9dc76fd7?s=96&d=mm&r=g","url":"https:\/\/secure.gravatar.com\/avatar\/64ebac40b93f26a154f8a9b5b6fdccfc46f442b26b3dd6756dbff3bf9dc76fd7?s=96&d=mm&r=g","contentUrl":"https:\/\/secure.gravatar.com\/avatar\/64ebac40b93f26a154f8a9b5b6fdccfc46f442b26b3dd6756dbff3bf9dc76fd7?s=96&d=mm&r=g","caption":"super-news"},"url":"https:\/\/super-news.info\/hu\/author\/pt\/"}]}},"_links":{"self":[{"href":"https:\/\/super-news.info\/hu\/wp-json\/wp\/v2\/posts\/8923","targetHints":{"allow":["GET"]}}],"collection":[{"href":"https:\/\/super-news.info\/hu\/wp-json\/wp\/v2\/posts"}],"about":[{"href":"https:\/\/super-news.info\/hu\/wp-json\/wp\/v2\/types\/post"}],"author":[{"embeddable":true,"href":"https:\/\/super-news.info\/hu\/wp-json\/wp\/v2\/users\/2"}],"replies":[{"embeddable":true,"href":"https:\/\/super-news.info\/hu\/wp-json\/wp\/v2\/comments?post=8923"}],"version-history":[{"count":1,"href":"https:\/\/super-news.info\/hu\/wp-json\/wp\/v2\/posts\/8923\/revisions"}],"predecessor-version":[{"id":8925,"href":"https:\/\/super-news.info\/hu\/wp-json\/wp\/v2\/posts\/8923\/revisions\/8925"}],"wp:featuredmedia":[{"embeddable":true,"href":"https:\/\/super-news.info\/hu\/wp-json\/wp\/v2\/media\/8924"}],"wp:attachment":[{"href":"https:\/\/super-news.info\/hu\/wp-json\/wp\/v2\/media?parent=8923"}],"wp:term":[{"taxonomy":"category","embeddable":true,"href":"https:\/\/super-news.info\/hu\/wp-json\/wp\/v2\/categories?post=8923"},{"taxonomy":"post_tag","embeddable":true,"href":"https:\/\/super-news.info\/hu\/wp-json\/wp\/v2\/tags?post=8923"}],"curies":[{"name":"wp","href":"https:\/\/api.w.org\/{rel}","templated":true}]}}