{"id":8899,"date":"2019-09-06T08:53:44","date_gmt":"2019-09-06T05:53:44","guid":{"rendered":"https:\/\/super-news.info\/hu\/meghalt-az-egykori-zimbabwei-allamfo\/"},"modified":"2020-02-21T15:27:39","modified_gmt":"2020-02-21T12:27:39","slug":"meghalt-az-egykori-zimbabwei-allamfo","status":"publish","type":"post","link":"https:\/\/super-news.info\/hu\/meghalt-az-egykori-zimbabwei-allamfo\/","title":{"rendered":"Meghalt az egykori zimbabwei \u00e1llamf\u0151"},"content":{"rendered":"<p>Kilencven\u00f6t \u00e9ves kor\u00e1ban elhunyt Robert Mugabe egykori zimbabwei \u00e1llamf\u0151 \u2013 k\u00f6z\u00f6lte p\u00e9nteken internetes oldal\u00e1n a brit k\u00f6zszolg\u00e1lati m\u0171sorsz\u00f3r\u00f3, a BBC.<\/p>\n<blockquote><p>Zimbabwe ex-President Robert Mugabe dies aged 95 https:\/\/t.co\/egHxhdjUA1 pic.twitter.com\/5bauRFtHBl<\/p>\n<p>\u2014 BBC News Africa (@BBCAfrica) September 6, 2019<\/p><\/blockquote>\n<p>Csal\u00e1dja meger\u0151s\u00edtette hal\u00e1l\u00e1t. Mugab\u00e9t 2017 november\u00e9ben t\u00e1vol\u00edtott\u00e1k el a hatalomb\u00f3l katonai puccsal. Mintegy harminc \u00e9vig \u00e1llt az orsz\u00e1g \u00e9l\u00e9n. \u0150 volt az orsz\u00e1g els\u0151 eln\u00f6ke, aki a brit gyarmati uralom megsz\u0171n\u00e9se, a f\u00fcggetlens\u00e9g kiv\u00edv\u00e1s\u00e1t k\u00f6vet\u0151en vasmarokkal ir\u00e1ny\u00edtotta az afrikai \u00e1llamot.<\/p>\n<p><a href=\"https:\/\/www.vg.hu\/kozelet\/kozeleti-hirek\/meghalt-az-egykori-zimbabwei-allamfo-1732060\/\" rel=\"nofollow\">Source link <\/a><\/p>\n","protected":false},"excerpt":{"rendered":"<p>Kilencven\u00f6t \u00e9ves kor\u00e1ban elhunyt Robert Mugabe egykori zimbabwei \u00e1llamf\u0151 \u2013 k\u00f6z\u00f6lte p\u00e9nteken internetes oldal\u00e1n a brit k\u00f6zszolg\u00e1lati m\u0171sorsz\u00f3r\u00f3, a BBC. Zimbabwe ex-President Robert Mugabe dies aged 95 https:\/\/t.co\/egHxhdjUA1 pic.twitter.com\/5bauRFtHBl \u2014 BBC News Africa (@BBCAfrica) September 6, 2019 Csal\u00e1dja meger\u0151s\u00edtette hal\u00e1l\u00e1t. Mugab\u00e9t 2017 november\u00e9ben t\u00e1vol\u00edtott\u00e1k el a hatalomb\u00f3l katonai puccsal. Mintegy harminc \u00e9vig \u00e1llt az orsz\u00e1g [&hellip;]<\/p>\n","protected":false},"author":2,"featured_media":300,"comment_status":"open","ping_status":"open","sticky":false,"template":"","format":"standard","meta":{"footnotes":""},"categories":[1],"tags":[],"class_list":["post-8899","post","type-post","status-publish","format-standard","has-post-thumbnail","hentry","category-penzugyi-hirek"],"yoast_head":"<!-- This site is optimized with the Yoast SEO plugin v27.4 - https:\/\/yoast.com\/product\/yoast-seo-wordpress\/ -->\n<title>Meghalt az egykori zimbabwei \u00e1llamf\u0151 - Super News<\/title>\n<meta name=\"robots\" content=\"index, follow, max-snippet:-1, max-image-preview:large, max-video-preview:-1\" \/>\n<link rel=\"canonical\" href=\"https:\/\/super-news.info\/hu\/meghalt-az-egykori-zimbabwei-allamfo\/\" \/>\n<meta property=\"og:locale\" content=\"hu_HU\" \/>\n<meta property=\"og:type\" content=\"article\" \/>\n<meta property=\"og:title\" content=\"Meghalt az egykori zimbabwei \u00e1llamf\u0151 - Super News\" \/>\n<meta property=\"og:description\" content=\"Kilencven\u00f6t \u00e9ves kor\u00e1ban elhunyt Robert Mugabe egykori zimbabwei \u00e1llamf\u0151 \u2013 k\u00f6z\u00f6lte p\u00e9nteken internetes oldal\u00e1n a brit k\u00f6zszolg\u00e1lati m\u0171sorsz\u00f3r\u00f3, a BBC. Zimbabwe ex-President Robert Mugabe dies aged 95 https:\/\/t.co\/egHxhdjUA1 pic.twitter.com\/5bauRFtHBl \u2014 BBC News Africa (@BBCAfrica) September 6, 2019 Csal\u00e1dja meger\u0151s\u00edtette hal\u00e1l\u00e1t. Mugab\u00e9t 2017 november\u00e9ben t\u00e1vol\u00edtott\u00e1k el a hatalomb\u00f3l katonai puccsal. Mintegy harminc \u00e9vig \u00e1llt az orsz\u00e1g [&hellip;]\" \/>\n<meta property=\"og:url\" content=\"https:\/\/super-news.info\/hu\/meghalt-az-egykori-zimbabwei-allamfo\/\" \/>\n<meta property=\"og:site_name\" content=\"Super News\" \/>\n<meta property=\"article:published_time\" content=\"2019-09-06T05:53:44+00:00\" \/>\n<meta property=\"article:modified_time\" content=\"2020-02-21T12:27:39+00:00\" \/>\n<meta property=\"og:image\" content=\"https:\/\/super-news.info\/hu\/wp-content\/uploads\/sites\/3\/2019\/04\/V\u00e1ltoz\u00f3-k\u00e9pet-mutat-az-eur\u00f3pai-keresked\u00e9s.png\" \/>\n\t<meta property=\"og:image:width\" content=\"1400\" \/>\n\t<meta property=\"og:image:height\" content=\"900\" \/>\n\t<meta property=\"og:image:type\" content=\"image\/png\" \/>\n<meta name=\"author\" content=\"super-news\" \/>\n<meta name=\"twitter:card\" content=\"summary_large_image\" \/>\n<meta name=\"twitter:label1\" content=\"Szerz\u0151:\" \/>\n\t<meta name=\"twitter:data1\" content=\"super-news\" \/>\n\t<meta name=\"twitter:label2\" content=\"Becs\u00fclt olvas\u00e1si id\u0151\" \/>\n\t<meta name=\"twitter:data2\" content=\"1 perc\" \/>\n<script type=\"application\/ld+json\" class=\"yoast-schema-graph\">{\"@context\":\"https:\\\/\\\/schema.org\",\"@graph\":[{\"@type\":\"Article\",\"@id\":\"https:\\\/\\\/super-news.info\\\/hu\\\/meghalt-az-egykori-zimbabwei-allamfo\\\/#article\",\"isPartOf\":{\"@id\":\"https:\\\/\\\/super-news.info\\\/hu\\\/meghalt-az-egykori-zimbabwei-allamfo\\\/\"},\"author\":{\"name\":\"super-news\",\"@id\":\"https:\\\/\\\/super-news.info\\\/hu\\\/#\\\/schema\\\/person\\\/2d4068cb2f39cd10008c2fce578a7356\"},\"headline\":\"Meghalt az egykori zimbabwei \u00e1llamf\u0151\",\"datePublished\":\"2019-09-06T05:53:44+00:00\",\"dateModified\":\"2020-02-21T12:27:39+00:00\",\"mainEntityOfPage\":{\"@id\":\"https:\\\/\\\/super-news.info\\\/hu\\\/meghalt-az-egykori-zimbabwei-allamfo\\\/\"},\"wordCount\":119,\"commentCount\":0,\"image\":{\"@id\":\"https:\\\/\\\/super-news.info\\\/hu\\\/meghalt-az-egykori-zimbabwei-allamfo\\\/#primaryimage\"},\"thumbnailUrl\":\"https:\\\/\\\/super-news.info\\\/hu\\\/wp-content\\\/uploads\\\/sites\\\/3\\\/2019\\\/04\\\/V\u00e1ltoz\u00f3-k\u00e9pet-mutat-az-eur\u00f3pai-keresked\u00e9s.png\",\"articleSection\":[\"P\u00c9NZ\u00dcGYI H\u00cdREK\"],\"inLanguage\":\"hu\",\"potentialAction\":[{\"@type\":\"CommentAction\",\"name\":\"Comment\",\"target\":[\"https:\\\/\\\/super-news.info\\\/hu\\\/meghalt-az-egykori-zimbabwei-allamfo\\\/#respond\"]}]},{\"@type\":\"WebPage\",\"@id\":\"https:\\\/\\\/super-news.info\\\/hu\\\/meghalt-az-egykori-zimbabwei-allamfo\\\/\",\"url\":\"https:\\\/\\\/super-news.info\\\/hu\\\/meghalt-az-egykori-zimbabwei-allamfo\\\/\",\"name\":\"Meghalt az egykori zimbabwei \u00e1llamf\u0151 - Super News\",\"isPartOf\":{\"@id\":\"https:\\\/\\\/super-news.info\\\/hu\\\/#website\"},\"primaryImageOfPage\":{\"@id\":\"https:\\\/\\\/super-news.info\\\/hu\\\/meghalt-az-egykori-zimbabwei-allamfo\\\/#primaryimage\"},\"image\":{\"@id\":\"https:\\\/\\\/super-news.info\\\/hu\\\/meghalt-az-egykori-zimbabwei-allamfo\\\/#primaryimage\"},\"thumbnailUrl\":\"https:\\\/\\\/super-news.info\\\/hu\\\/wp-content\\\/uploads\\\/sites\\\/3\\\/2019\\\/04\\\/V\u00e1ltoz\u00f3-k\u00e9pet-mutat-az-eur\u00f3pai-keresked\u00e9s.png\",\"datePublished\":\"2019-09-06T05:53:44+00:00\",\"dateModified\":\"2020-02-21T12:27:39+00:00\",\"author\":{\"@id\":\"https:\\\/\\\/super-news.info\\\/hu\\\/#\\\/schema\\\/person\\\/2d4068cb2f39cd10008c2fce578a7356\"},\"breadcrumb\":{\"@id\":\"https:\\\/\\\/super-news.info\\\/hu\\\/meghalt-az-egykori-zimbabwei-allamfo\\\/#breadcrumb\"},\"inLanguage\":\"hu\",\"potentialAction\":[{\"@type\":\"ReadAction\",\"target\":[\"https:\\\/\\\/super-news.info\\\/hu\\\/meghalt-az-egykori-zimbabwei-allamfo\\\/\"]}]},{\"@type\":\"ImageObject\",\"inLanguage\":\"hu\",\"@id\":\"https:\\\/\\\/super-news.info\\\/hu\\\/meghalt-az-egykori-zimbabwei-allamfo\\\/#primaryimage\",\"url\":\"https:\\\/\\\/super-news.info\\\/hu\\\/wp-content\\\/uploads\\\/sites\\\/3\\\/2019\\\/04\\\/V\u00e1ltoz\u00f3-k\u00e9pet-mutat-az-eur\u00f3pai-keresked\u00e9s.png\",\"contentUrl\":\"https:\\\/\\\/super-news.info\\\/hu\\\/wp-content\\\/uploads\\\/sites\\\/3\\\/2019\\\/04\\\/V\u00e1ltoz\u00f3-k\u00e9pet-mutat-az-eur\u00f3pai-keresked\u00e9s.png\",\"width\":1400,\"height\":900,\"caption\":\"V\u00e1ltoz\u00f3 k\u00e9pet mutat az eur\u00f3pai keresked\u00e9s\"},{\"@type\":\"BreadcrumbList\",\"@id\":\"https:\\\/\\\/super-news.info\\\/hu\\\/meghalt-az-egykori-zimbabwei-allamfo\\\/#breadcrumb\",\"itemListElement\":[{\"@type\":\"ListItem\",\"position\":1,\"name\":\"\u0413\u043b\u0430\u0432\u043d\u0430\u044f \u0441\u0442\u0440\u0430\u043d\u0438\u0446\u0430\",\"item\":\"https:\\\/\\\/super-news.info\\\/hu\\\/\"},{\"@type\":\"ListItem\",\"position\":2,\"name\":\"Meghalt az egykori zimbabwei \u00e1llamf\u0151\"}]},{\"@type\":\"WebSite\",\"@id\":\"https:\\\/\\\/super-news.info\\\/hu\\\/#website\",\"url\":\"https:\\\/\\\/super-news.info\\\/hu\\\/\",\"name\":\"Super News\",\"description\":\"Super News Magyarorsz\u00e1g\",\"potentialAction\":[{\"@type\":\"SearchAction\",\"target\":{\"@type\":\"EntryPoint\",\"urlTemplate\":\"https:\\\/\\\/super-news.info\\\/hu\\\/?s={search_term_string}\"},\"query-input\":{\"@type\":\"PropertyValueSpecification\",\"valueRequired\":true,\"valueName\":\"search_term_string\"}}],\"inLanguage\":\"hu\"},{\"@type\":\"Person\",\"@id\":\"https:\\\/\\\/super-news.info\\\/hu\\\/#\\\/schema\\\/person\\\/2d4068cb2f39cd10008c2fce578a7356\",\"name\":\"super-news\",\"image\":{\"@type\":\"ImageObject\",\"inLanguage\":\"hu\",\"@id\":\"https:\\\/\\\/secure.gravatar.com\\\/avatar\\\/64ebac40b93f26a154f8a9b5b6fdccfc46f442b26b3dd6756dbff3bf9dc76fd7?s=96&d=mm&r=g\",\"url\":\"https:\\\/\\\/secure.gravatar.com\\\/avatar\\\/64ebac40b93f26a154f8a9b5b6fdccfc46f442b26b3dd6756dbff3bf9dc76fd7?s=96&d=mm&r=g\",\"contentUrl\":\"https:\\\/\\\/secure.gravatar.com\\\/avatar\\\/64ebac40b93f26a154f8a9b5b6fdccfc46f442b26b3dd6756dbff3bf9dc76fd7?s=96&d=mm&r=g\",\"caption\":\"super-news\"},\"url\":\"https:\\\/\\\/super-news.info\\\/hu\\\/author\\\/pt\\\/\"}]}<\/script>\n<!-- \/ Yoast SEO plugin. -->","yoast_head_json":{"title":"Meghalt az egykori zimbabwei \u00e1llamf\u0151 - Super News","robots":{"index":"index","follow":"follow","max-snippet":"max-snippet:-1","max-image-preview":"max-image-preview:large","max-video-preview":"max-video-preview:-1"},"canonical":"https:\/\/super-news.info\/hu\/meghalt-az-egykori-zimbabwei-allamfo\/","og_locale":"hu_HU","og_type":"article","og_title":"Meghalt az egykori zimbabwei \u00e1llamf\u0151 - Super News","og_description":"Kilencven\u00f6t \u00e9ves kor\u00e1ban elhunyt Robert Mugabe egykori zimbabwei \u00e1llamf\u0151 \u2013 k\u00f6z\u00f6lte p\u00e9nteken internetes oldal\u00e1n a brit k\u00f6zszolg\u00e1lati m\u0171sorsz\u00f3r\u00f3, a BBC. Zimbabwe ex-President Robert Mugabe dies aged 95 https:\/\/t.co\/egHxhdjUA1 pic.twitter.com\/5bauRFtHBl \u2014 BBC News Africa (@BBCAfrica) September 6, 2019 Csal\u00e1dja meger\u0151s\u00edtette hal\u00e1l\u00e1t. Mugab\u00e9t 2017 november\u00e9ben t\u00e1vol\u00edtott\u00e1k el a hatalomb\u00f3l katonai puccsal. Mintegy harminc \u00e9vig \u00e1llt az orsz\u00e1g [&hellip;]","og_url":"https:\/\/super-news.info\/hu\/meghalt-az-egykori-zimbabwei-allamfo\/","og_site_name":"Super News","article_published_time":"2019-09-06T05:53:44+00:00","article_modified_time":"2020-02-21T12:27:39+00:00","og_image":[{"width":1400,"height":900,"url":"https:\/\/super-news.info\/hu\/wp-content\/uploads\/sites\/3\/2019\/04\/V\u00e1ltoz\u00f3-k\u00e9pet-mutat-az-eur\u00f3pai-keresked\u00e9s.png","type":"image\/png"}],"author":"super-news","twitter_card":"summary_large_image","twitter_misc":{"Szerz\u0151:":"super-news","Becs\u00fclt olvas\u00e1si id\u0151":"1 perc"},"schema":{"@context":"https:\/\/schema.org","@graph":[{"@type":"Article","@id":"https:\/\/super-news.info\/hu\/meghalt-az-egykori-zimbabwei-allamfo\/#article","isPartOf":{"@id":"https:\/\/super-news.info\/hu\/meghalt-az-egykori-zimbabwei-allamfo\/"},"author":{"name":"super-news","@id":"https:\/\/super-news.info\/hu\/#\/schema\/person\/2d4068cb2f39cd10008c2fce578a7356"},"headline":"Meghalt az egykori zimbabwei \u00e1llamf\u0151","datePublished":"2019-09-06T05:53:44+00:00","dateModified":"2020-02-21T12:27:39+00:00","mainEntityOfPage":{"@id":"https:\/\/super-news.info\/hu\/meghalt-az-egykori-zimbabwei-allamfo\/"},"wordCount":119,"commentCount":0,"image":{"@id":"https:\/\/super-news.info\/hu\/meghalt-az-egykori-zimbabwei-allamfo\/#primaryimage"},"thumbnailUrl":"https:\/\/super-news.info\/hu\/wp-content\/uploads\/sites\/3\/2019\/04\/V\u00e1ltoz\u00f3-k\u00e9pet-mutat-az-eur\u00f3pai-keresked\u00e9s.png","articleSection":["P\u00c9NZ\u00dcGYI H\u00cdREK"],"inLanguage":"hu","potentialAction":[{"@type":"CommentAction","name":"Comment","target":["https:\/\/super-news.info\/hu\/meghalt-az-egykori-zimbabwei-allamfo\/#respond"]}]},{"@type":"WebPage","@id":"https:\/\/super-news.info\/hu\/meghalt-az-egykori-zimbabwei-allamfo\/","url":"https:\/\/super-news.info\/hu\/meghalt-az-egykori-zimbabwei-allamfo\/","name":"Meghalt az egykori zimbabwei \u00e1llamf\u0151 - Super News","isPartOf":{"@id":"https:\/\/super-news.info\/hu\/#website"},"primaryImageOfPage":{"@id":"https:\/\/super-news.info\/hu\/meghalt-az-egykori-zimbabwei-allamfo\/#primaryimage"},"image":{"@id":"https:\/\/super-news.info\/hu\/meghalt-az-egykori-zimbabwei-allamfo\/#primaryimage"},"thumbnailUrl":"https:\/\/super-news.info\/hu\/wp-content\/uploads\/sites\/3\/2019\/04\/V\u00e1ltoz\u00f3-k\u00e9pet-mutat-az-eur\u00f3pai-keresked\u00e9s.png","datePublished":"2019-09-06T05:53:44+00:00","dateModified":"2020-02-21T12:27:39+00:00","author":{"@id":"https:\/\/super-news.info\/hu\/#\/schema\/person\/2d4068cb2f39cd10008c2fce578a7356"},"breadcrumb":{"@id":"https:\/\/super-news.info\/hu\/meghalt-az-egykori-zimbabwei-allamfo\/#breadcrumb"},"inLanguage":"hu","potentialAction":[{"@type":"ReadAction","target":["https:\/\/super-news.info\/hu\/meghalt-az-egykori-zimbabwei-allamfo\/"]}]},{"@type":"ImageObject","inLanguage":"hu","@id":"https:\/\/super-news.info\/hu\/meghalt-az-egykori-zimbabwei-allamfo\/#primaryimage","url":"https:\/\/super-news.info\/hu\/wp-content\/uploads\/sites\/3\/2019\/04\/V\u00e1ltoz\u00f3-k\u00e9pet-mutat-az-eur\u00f3pai-keresked\u00e9s.png","contentUrl":"https:\/\/super-news.info\/hu\/wp-content\/uploads\/sites\/3\/2019\/04\/V\u00e1ltoz\u00f3-k\u00e9pet-mutat-az-eur\u00f3pai-keresked\u00e9s.png","width":1400,"height":900,"caption":"V\u00e1ltoz\u00f3 k\u00e9pet mutat az eur\u00f3pai keresked\u00e9s"},{"@type":"BreadcrumbList","@id":"https:\/\/super-news.info\/hu\/meghalt-az-egykori-zimbabwei-allamfo\/#breadcrumb","itemListElement":[{"@type":"ListItem","position":1,"name":"\u0413\u043b\u0430\u0432\u043d\u0430\u044f \u0441\u0442\u0440\u0430\u043d\u0438\u0446\u0430","item":"https:\/\/super-news.info\/hu\/"},{"@type":"ListItem","position":2,"name":"Meghalt az egykori zimbabwei \u00e1llamf\u0151"}]},{"@type":"WebSite","@id":"https:\/\/super-news.info\/hu\/#website","url":"https:\/\/super-news.info\/hu\/","name":"Super News","description":"Super News Magyarorsz\u00e1g","potentialAction":[{"@type":"SearchAction","target":{"@type":"EntryPoint","urlTemplate":"https:\/\/super-news.info\/hu\/?s={search_term_string}"},"query-input":{"@type":"PropertyValueSpecification","valueRequired":true,"valueName":"search_term_string"}}],"inLanguage":"hu"},{"@type":"Person","@id":"https:\/\/super-news.info\/hu\/#\/schema\/person\/2d4068cb2f39cd10008c2fce578a7356","name":"super-news","image":{"@type":"ImageObject","inLanguage":"hu","@id":"https:\/\/secure.gravatar.com\/avatar\/64ebac40b93f26a154f8a9b5b6fdccfc46f442b26b3dd6756dbff3bf9dc76fd7?s=96&d=mm&r=g","url":"https:\/\/secure.gravatar.com\/avatar\/64ebac40b93f26a154f8a9b5b6fdccfc46f442b26b3dd6756dbff3bf9dc76fd7?s=96&d=mm&r=g","contentUrl":"https:\/\/secure.gravatar.com\/avatar\/64ebac40b93f26a154f8a9b5b6fdccfc46f442b26b3dd6756dbff3bf9dc76fd7?s=96&d=mm&r=g","caption":"super-news"},"url":"https:\/\/super-news.info\/hu\/author\/pt\/"}]}},"_links":{"self":[{"href":"https:\/\/super-news.info\/hu\/wp-json\/wp\/v2\/posts\/8899","targetHints":{"allow":["GET"]}}],"collection":[{"href":"https:\/\/super-news.info\/hu\/wp-json\/wp\/v2\/posts"}],"about":[{"href":"https:\/\/super-news.info\/hu\/wp-json\/wp\/v2\/types\/post"}],"author":[{"embeddable":true,"href":"https:\/\/super-news.info\/hu\/wp-json\/wp\/v2\/users\/2"}],"replies":[{"embeddable":true,"href":"https:\/\/super-news.info\/hu\/wp-json\/wp\/v2\/comments?post=8899"}],"version-history":[{"count":2,"href":"https:\/\/super-news.info\/hu\/wp-json\/wp\/v2\/posts\/8899\/revisions"}],"predecessor-version":[{"id":9972,"href":"https:\/\/super-news.info\/hu\/wp-json\/wp\/v2\/posts\/8899\/revisions\/9972"}],"wp:featuredmedia":[{"embeddable":true,"href":"https:\/\/super-news.info\/hu\/wp-json\/wp\/v2\/media\/300"}],"wp:attachment":[{"href":"https:\/\/super-news.info\/hu\/wp-json\/wp\/v2\/media?parent=8899"}],"wp:term":[{"taxonomy":"category","embeddable":true,"href":"https:\/\/super-news.info\/hu\/wp-json\/wp\/v2\/categories?post=8899"},{"taxonomy":"post_tag","embeddable":true,"href":"https:\/\/super-news.info\/hu\/wp-json\/wp\/v2\/tags?post=8899"}],"curies":[{"name":"wp","href":"https:\/\/api.w.org\/{rel}","templated":true}]}}