{"id":8880,"date":"2019-09-05T22:20:59","date_gmt":"2019-09-05T19:20:59","guid":{"rendered":"https:\/\/super-news.info\/hu\/emelkedessel-zartak-az-europai-borzek\/"},"modified":"2019-09-05T22:21:00","modified_gmt":"2019-09-05T19:21:00","slug":"emelkedessel-zartak-az-europai-borzek","status":"publish","type":"post","link":"https:\/\/super-news.info\/hu\/emelkedessel-zartak-az-europai-borzek\/","title":{"rendered":"Emelked\u00e9ssel z\u00e1rtak az eur\u00f3pai b\u00f6rz\u00e9k"},"content":{"rendered":"<p>\n\t\t\t\t\t\t\t\tLondon kiv\u00e9tel\u00e9vel emelked\u00e9ssel z\u00e1rtak a vezet\u0151 eur\u00f3pai t\u0151zsd\u00e9k cs\u00fct\u00f6rt\u00f6k\u00f6n a kedvez\u0151 glob\u00e1lis kereskedelmi \u00e9s politikai fejlem\u00e9nyeknek.\u00a0\t\t\t\t\t\t\t<\/p>\n<div>\n<ul>\n<li>A londoni FTSE-100 mutat\u00f3 0,55 sz\u00e1zal\u00e9kos m\u00ednuszban,<\/li>\n<li>m\u00edg a frankfurti DAX-index 0,87 sz\u00e1zal\u00e9kos,<\/li>\n<li>a p\u00e1rizsi CAC-40 index pedig 1,11 sz\u00e1zal\u00e9kos pluszban z\u00e1rt.<\/li>\n<li>Mil\u00e1n\u00f3ban 0,96 sz\u00e1zal\u00e9kkal,<\/li>\n<li>Madridban pedig 1,51 sz\u00e1zal\u00e9kkal n\u0151tt az ir\u00e1nyad\u00f3 t\u0151zsdemutat\u00f3.<\/li>\n<\/ul>\n<p>A p\u00e1neur\u00f3pai indexek k\u00f6z\u00fcl a Stoxx Europe 600 0,72 sz\u00e1zal\u00e9kkal, az FTSE Eurofirst 300 index pedig 0,66 sz\u00e1zal\u00e9kkal, m\u00edg az eur\u00f3\u00f6vezeti EuroStoxx50 0,95 sz\u00e1zal\u00e9kkal n\u0151tt.<\/p>\n<p>A New York-i t\u0151zsdeindexek er\u0151s nyeres\u00e9get mutattak az eur\u00f3pai t\u0151zsdez\u00e1r\u00e1s idej\u00e9n: a Dow Jones ipari \u00e1tlag 1,72 sz\u00e1zal\u00e9kos, az S&amp;P 500-as index 1,42 sz\u00e1zal\u00e9kos, a Nasdaq-piac \u00f6sszetett mutat\u00f3ja pedig 1,67 sz\u00e1zal\u00e9kos pluszban \u00e1llt.<\/p>\n<p>Er\u0151s\u00edtette a kock\u00e1zatv\u00e1llal\u00e1si hajland\u00f3s\u00e1got szerte a vil\u00e1gban, hogy a k\u00ednai kereskedelmi miniszt\u00e9rium cs\u00fct\u00f6rt\u00f6k\u00f6n bejelentette, a k\u00e9t orsz\u00e1g f\u0151t\u00e1rgyal\u00f3i telefonon besz\u00e9ltek, \u00e9s abban \u00e1llapodtak meg, hogy okt\u00f3berben \u00fclnek \u00f6ssze.<\/p>\n<p>Nagy-Britanni\u00e1ban a parlament als\u00f3h\u00e1za elfogadta szerda este azt a t\u00f6rv\u00e9nytervezetet, amely megtiltja a korm\u00e1nynak Nagy-Britannia rendezetlen, meg\u00e1llapod\u00e1s n\u00e9lk\u00fcli kil\u00e9ptet\u00e9s\u00e9t az Eur\u00f3pai Uni\u00f3b\u00f3l. A jogszab\u00e1ly p\u00e9ntek estig t\u00faljut az \u00f6sszes fels\u0151h\u00e1zi t\u00e1rgyal\u00e1si szakaszon, \u00e9s h\u00e9tf\u0151n II. Erzs\u00e9bet kir\u00e1lyn\u0151 kihirdetheti a t\u00f6rv\u00e9nyt. Boris Johnson minisztereln\u00f6k a rendezetlen Brexit tilalm\u00e1t c\u00e9lz\u00f3 t\u00f6rv\u00e9ny elfogad\u00e1sa ut\u00e1n szerda \u00e9jjel el\u0151rehozott v\u00e1laszt\u00e1sok ki\u00edr\u00e1s\u00e1t kezdem\u00e9nyezte okt\u00f3ber 15-\u00e9re, \u00e1m ennek elfogad\u00e1s\u00e1hoz nem gy\u0171lt \u00f6ssze a t\u00f6rv\u00e9nyben el\u0151\u00edrt k\u00e9tharmados t\u00f6bbs\u00e9g.<\/p>\n<div id=\"attachment_1510576\" style=\"width: 1410px\" class=\"wp-caption aligncenter\">\n<p class=\"wp-caption-text\">Fot\u00f3: Shutterstock<\/p>\n<\/div>\n<p>Olaszorsz\u00e1gban pedig letette a hivatali esk\u00fct cs\u00fct\u00f6rt\u00f6k\u00f6n az \u00d6t Csillag Mozgalom (M5S) \u00e9s a balk\u00f6z\u00e9p Demokrata P\u00e1rt (PD) k\u00f6z\u00f6s korm\u00e1nya Giuseppe Conte minisztereln\u00f6k vezet\u00e9s\u00e9vel, ezzel hetekig tart\u00f3 belpolitikai v\u00e1ls\u00e1g z\u00e1rult le.<\/p>\n<p>A glob\u00e1lis kereskedelem szempontj\u00e1b\u00f3l legjelent\u0151sebb k\u00e9t nyersolajkever\u00e9k, az \u00e9szaki-tengeri Brent \u00e9s a nyugati f\u00e9ltek\u00e9n ir\u00e1nyad\u00f3 West Texas Intermediate (WTI) \u00e1ra jelent\u0151sen emelkedett, miut\u00e1n az amerikai korm\u00e1ny energia\u00fcgyi t\u00e1j\u00e9koztat\u00f3 hivatala (EIA) szok\u00e1sos heti jelent\u00e9s\u00e9ben arr\u00f3l sz\u00e1molt be, hogy a kereskedelmi nyersolajtartal\u00e9kok a v\u00e1rtn\u00e1l j\u00f3val nagyobb m\u00e9rt\u00e9kben cs\u00f6kkentek, \u00e9s imm\u00e1r a harmadik egym\u00e1st k\u00f6vet\u0151 h\u00e9ten. Az amerikai-k\u00ednai kereskedelmi vita rendez\u00e9s\u00e9be vetett rem\u00e9nyek er\u0151s\u00f6d\u00e9se szint\u00e9n jav\u00edtotta a befektet\u0151k hangulat\u00e1t.<\/p>\n<p>A novemberi hat\u00e1rid\u0151s jegyz\u00e9sekben a Brent hord\u00f3nk\u00e9nt 2,59 sz\u00e1zal\u00e9kos pluszban, 62,27 doll\u00e1ron, az okt\u00f3beri sz\u00e1ll\u00edt\u00e1s\u00fa WTI pedig 2,45 sz\u00e1zal\u00e9kos nyeres\u00e9gben, 57,64 doll\u00e1ron forgott cs\u00fct\u00f6rt\u00f6k este h\u00e1romnegyed hatkor.<\/p>\n<p>A New York-i \u00e1rupiacon az arany unci\u00e1nk\u00e9nti \u00e1ra decemberi sz\u00e1ll\u00edt\u00e1sra 2,20 sz\u00e1zal\u00e9kkal, 1526,05 doll\u00e1rra cs\u00f6kkent.<\/p>\n<p>Egy eur\u00f3\u00e9rt 1,1047 doll\u00e1rt adtak a nemzetk\u00f6zi bankk\u00f6zi piacon, 0,13 sz\u00e1zal\u00e9kkal er\u0151s\u00f6d\u00f6tt a k\u00f6z\u00f6s eur\u00f3pai fizet\u0151eszk\u00f6z.<\/p>\n<div class=\"aframe\">\n<p>A Budapesti \u00c9rt\u00e9kt\u0151zsde r\u00e9szv\u00e9nyindexe, a BUX 427,41 pontos, 1,08 sz\u00e1zal\u00e9kos emelked\u00e9ssel, 40 180,90 ponton z\u00e1rt cs\u00fct\u00f6rt\u00f6k\u00f6n.<\/p>\n<\/div>\n<p>\u00a0<\/p>\n<\/p><\/div>\n<p><script>\n    window.fbAsyncInit = function() {\n        FB.init({\n            appId      : \"204760236815359\",\n            xfbml      : true,\n            version    : \"v2.12\"\n        });\n        FB.AppEvents.logPageView();\n    };<\/p>\n<p>    (function(d, s, id){\n        var js, fjs = d.getElementsByTagName(s)[0];\n        if (d.getElementById(id)) {return;}\n        js = d.createElement(s); js.id = id;\n        js.src = \"http:\/\/connect.facebook.net\/hu_HU\/sdk.js\";\n        fjs.parentNode.insertBefore(js, fjs);\n    }(document, \"script\", \"facebook-jssdk\"));\n<\/script><br \/>\n<br \/><a href=\"https:\/\/www.vg.hu\/penzugy\/tozsde\/emelkedessel-zartak-az-europai-borzek-1731763\/\" rel=\"nofollow\">Source link <\/a><\/p>\n","protected":false},"excerpt":{"rendered":"<p>London kiv\u00e9tel\u00e9vel emelked\u00e9ssel z\u00e1rtak a vezet\u0151 eur\u00f3pai t\u0151zsd\u00e9k cs\u00fct\u00f6rt\u00f6k\u00f6n a kedvez\u0151 glob\u00e1lis kereskedelmi \u00e9s politikai fejlem\u00e9nyeknek.\u00a0 A londoni FTSE-100 mutat\u00f3 0,55 sz\u00e1zal\u00e9kos m\u00ednuszban, m\u00edg a frankfurti DAX-index 0,87 sz\u00e1zal\u00e9kos, a p\u00e1rizsi CAC-40 index pedig 1,11 sz\u00e1zal\u00e9kos pluszban z\u00e1rt. Mil\u00e1n\u00f3ban 0,96 sz\u00e1zal\u00e9kkal, Madridban pedig 1,51 sz\u00e1zal\u00e9kkal n\u0151tt az ir\u00e1nyad\u00f3 t\u0151zsdemutat\u00f3. A p\u00e1neur\u00f3pai indexek k\u00f6z\u00fcl a Stoxx [&hellip;]<\/p>\n","protected":false},"author":2,"featured_media":4768,"comment_status":"open","ping_status":"open","sticky":false,"template":"","format":"standard","meta":{"footnotes":""},"categories":[1],"tags":[],"class_list":["post-8880","post","type-post","status-publish","format-standard","has-post-thumbnail","hentry","category-penzugyi-hirek"],"yoast_head":"<!-- This site is optimized with the Yoast SEO plugin v27.4 - https:\/\/yoast.com\/product\/yoast-seo-wordpress\/ -->\n<title>Emelked\u00e9ssel z\u00e1rtak az eur\u00f3pai b\u00f6rz\u00e9k - Super News<\/title>\n<meta name=\"robots\" content=\"index, follow, max-snippet:-1, max-image-preview:large, max-video-preview:-1\" \/>\n<link rel=\"canonical\" href=\"https:\/\/super-news.info\/hu\/emelkedessel-zartak-az-europai-borzek\/\" \/>\n<meta property=\"og:locale\" content=\"hu_HU\" \/>\n<meta property=\"og:type\" content=\"article\" \/>\n<meta property=\"og:title\" content=\"Emelked\u00e9ssel z\u00e1rtak az eur\u00f3pai b\u00f6rz\u00e9k - Super News\" \/>\n<meta property=\"og:description\" content=\"London kiv\u00e9tel\u00e9vel emelked\u00e9ssel z\u00e1rtak a vezet\u0151 eur\u00f3pai t\u0151zsd\u00e9k cs\u00fct\u00f6rt\u00f6k\u00f6n a kedvez\u0151 glob\u00e1lis kereskedelmi \u00e9s politikai fejlem\u00e9nyeknek.\u00a0 A londoni FTSE-100 mutat\u00f3 0,55 sz\u00e1zal\u00e9kos m\u00ednuszban, m\u00edg a frankfurti DAX-index 0,87 sz\u00e1zal\u00e9kos, a p\u00e1rizsi CAC-40 index pedig 1,11 sz\u00e1zal\u00e9kos pluszban z\u00e1rt. Mil\u00e1n\u00f3ban 0,96 sz\u00e1zal\u00e9kkal, Madridban pedig 1,51 sz\u00e1zal\u00e9kkal n\u0151tt az ir\u00e1nyad\u00f3 t\u0151zsdemutat\u00f3. A p\u00e1neur\u00f3pai indexek k\u00f6z\u00fcl a Stoxx [&hellip;]\" \/>\n<meta property=\"og:url\" content=\"https:\/\/super-news.info\/hu\/emelkedessel-zartak-az-europai-borzek\/\" \/>\n<meta property=\"og:site_name\" content=\"Super News\" \/>\n<meta property=\"article:published_time\" content=\"2019-09-05T19:20:59+00:00\" \/>\n<meta property=\"article:modified_time\" content=\"2019-09-05T19:21:00+00:00\" \/>\n<meta property=\"og:image\" content=\"https:\/\/super-news.info\/hu\/wp-content\/uploads\/sites\/3\/2019\/06\/M\u00ednuszb\u00f3l-rajtolnak-az-eur\u00f3pai-b\u00f6rz\u00e9k.jpg\" \/>\n\t<meta property=\"og:image:width\" content=\"1400\" \/>\n\t<meta property=\"og:image:height\" content=\"787\" \/>\n\t<meta property=\"og:image:type\" content=\"image\/jpeg\" \/>\n<meta name=\"author\" content=\"super-news\" \/>\n<meta name=\"twitter:card\" content=\"summary_large_image\" \/>\n<meta name=\"twitter:label1\" content=\"Szerz\u0151:\" \/>\n\t<meta name=\"twitter:data1\" content=\"super-news\" \/>\n\t<meta name=\"twitter:label2\" content=\"Becs\u00fclt olvas\u00e1si id\u0151\" \/>\n\t<meta name=\"twitter:data2\" content=\"3 perc\" \/>\n<script type=\"application\/ld+json\" class=\"yoast-schema-graph\">{\"@context\":\"https:\\\/\\\/schema.org\",\"@graph\":[{\"@type\":\"Article\",\"@id\":\"https:\\\/\\\/super-news.info\\\/hu\\\/emelkedessel-zartak-az-europai-borzek\\\/#article\",\"isPartOf\":{\"@id\":\"https:\\\/\\\/super-news.info\\\/hu\\\/emelkedessel-zartak-az-europai-borzek\\\/\"},\"author\":{\"name\":\"super-news\",\"@id\":\"https:\\\/\\\/super-news.info\\\/hu\\\/#\\\/schema\\\/person\\\/2d4068cb2f39cd10008c2fce578a7356\"},\"headline\":\"Emelked\u00e9ssel z\u00e1rtak az eur\u00f3pai b\u00f6rz\u00e9k\",\"datePublished\":\"2019-09-05T19:20:59+00:00\",\"dateModified\":\"2019-09-05T19:21:00+00:00\",\"mainEntityOfPage\":{\"@id\":\"https:\\\/\\\/super-news.info\\\/hu\\\/emelkedessel-zartak-az-europai-borzek\\\/\"},\"wordCount\":618,\"commentCount\":0,\"image\":{\"@id\":\"https:\\\/\\\/super-news.info\\\/hu\\\/emelkedessel-zartak-az-europai-borzek\\\/#primaryimage\"},\"thumbnailUrl\":\"https:\\\/\\\/super-news.info\\\/hu\\\/wp-content\\\/uploads\\\/sites\\\/3\\\/2019\\\/06\\\/M\u00ednuszb\u00f3l-rajtolnak-az-eur\u00f3pai-b\u00f6rz\u00e9k.jpg\",\"articleSection\":[\"P\u00c9NZ\u00dcGYI H\u00cdREK\"],\"inLanguage\":\"hu\",\"potentialAction\":[{\"@type\":\"CommentAction\",\"name\":\"Comment\",\"target\":[\"https:\\\/\\\/super-news.info\\\/hu\\\/emelkedessel-zartak-az-europai-borzek\\\/#respond\"]}]},{\"@type\":\"WebPage\",\"@id\":\"https:\\\/\\\/super-news.info\\\/hu\\\/emelkedessel-zartak-az-europai-borzek\\\/\",\"url\":\"https:\\\/\\\/super-news.info\\\/hu\\\/emelkedessel-zartak-az-europai-borzek\\\/\",\"name\":\"Emelked\u00e9ssel z\u00e1rtak az eur\u00f3pai b\u00f6rz\u00e9k - Super News\",\"isPartOf\":{\"@id\":\"https:\\\/\\\/super-news.info\\\/hu\\\/#website\"},\"primaryImageOfPage\":{\"@id\":\"https:\\\/\\\/super-news.info\\\/hu\\\/emelkedessel-zartak-az-europai-borzek\\\/#primaryimage\"},\"image\":{\"@id\":\"https:\\\/\\\/super-news.info\\\/hu\\\/emelkedessel-zartak-az-europai-borzek\\\/#primaryimage\"},\"thumbnailUrl\":\"https:\\\/\\\/super-news.info\\\/hu\\\/wp-content\\\/uploads\\\/sites\\\/3\\\/2019\\\/06\\\/M\u00ednuszb\u00f3l-rajtolnak-az-eur\u00f3pai-b\u00f6rz\u00e9k.jpg\",\"datePublished\":\"2019-09-05T19:20:59+00:00\",\"dateModified\":\"2019-09-05T19:21:00+00:00\",\"author\":{\"@id\":\"https:\\\/\\\/super-news.info\\\/hu\\\/#\\\/schema\\\/person\\\/2d4068cb2f39cd10008c2fce578a7356\"},\"breadcrumb\":{\"@id\":\"https:\\\/\\\/super-news.info\\\/hu\\\/emelkedessel-zartak-az-europai-borzek\\\/#breadcrumb\"},\"inLanguage\":\"hu\",\"potentialAction\":[{\"@type\":\"ReadAction\",\"target\":[\"https:\\\/\\\/super-news.info\\\/hu\\\/emelkedessel-zartak-az-europai-borzek\\\/\"]}]},{\"@type\":\"ImageObject\",\"inLanguage\":\"hu\",\"@id\":\"https:\\\/\\\/super-news.info\\\/hu\\\/emelkedessel-zartak-az-europai-borzek\\\/#primaryimage\",\"url\":\"https:\\\/\\\/super-news.info\\\/hu\\\/wp-content\\\/uploads\\\/sites\\\/3\\\/2019\\\/06\\\/M\u00ednuszb\u00f3l-rajtolnak-az-eur\u00f3pai-b\u00f6rz\u00e9k.jpg\",\"contentUrl\":\"https:\\\/\\\/super-news.info\\\/hu\\\/wp-content\\\/uploads\\\/sites\\\/3\\\/2019\\\/06\\\/M\u00ednuszb\u00f3l-rajtolnak-az-eur\u00f3pai-b\u00f6rz\u00e9k.jpg\",\"width\":1400,\"height\":787,\"caption\":\"M\u00ednuszb\u00f3l rajtolnak az eur\u00f3pai b\u00f6rz\u00e9k\"},{\"@type\":\"BreadcrumbList\",\"@id\":\"https:\\\/\\\/super-news.info\\\/hu\\\/emelkedessel-zartak-az-europai-borzek\\\/#breadcrumb\",\"itemListElement\":[{\"@type\":\"ListItem\",\"position\":1,\"name\":\"\u0413\u043b\u0430\u0432\u043d\u0430\u044f \u0441\u0442\u0440\u0430\u043d\u0438\u0446\u0430\",\"item\":\"https:\\\/\\\/super-news.info\\\/hu\\\/\"},{\"@type\":\"ListItem\",\"position\":2,\"name\":\"Emelked\u00e9ssel z\u00e1rtak az eur\u00f3pai b\u00f6rz\u00e9k\"}]},{\"@type\":\"WebSite\",\"@id\":\"https:\\\/\\\/super-news.info\\\/hu\\\/#website\",\"url\":\"https:\\\/\\\/super-news.info\\\/hu\\\/\",\"name\":\"Super News\",\"description\":\"Super News Magyarorsz\u00e1g\",\"potentialAction\":[{\"@type\":\"SearchAction\",\"target\":{\"@type\":\"EntryPoint\",\"urlTemplate\":\"https:\\\/\\\/super-news.info\\\/hu\\\/?s={search_term_string}\"},\"query-input\":{\"@type\":\"PropertyValueSpecification\",\"valueRequired\":true,\"valueName\":\"search_term_string\"}}],\"inLanguage\":\"hu\"},{\"@type\":\"Person\",\"@id\":\"https:\\\/\\\/super-news.info\\\/hu\\\/#\\\/schema\\\/person\\\/2d4068cb2f39cd10008c2fce578a7356\",\"name\":\"super-news\",\"image\":{\"@type\":\"ImageObject\",\"inLanguage\":\"hu\",\"@id\":\"https:\\\/\\\/secure.gravatar.com\\\/avatar\\\/64ebac40b93f26a154f8a9b5b6fdccfc46f442b26b3dd6756dbff3bf9dc76fd7?s=96&d=mm&r=g\",\"url\":\"https:\\\/\\\/secure.gravatar.com\\\/avatar\\\/64ebac40b93f26a154f8a9b5b6fdccfc46f442b26b3dd6756dbff3bf9dc76fd7?s=96&d=mm&r=g\",\"contentUrl\":\"https:\\\/\\\/secure.gravatar.com\\\/avatar\\\/64ebac40b93f26a154f8a9b5b6fdccfc46f442b26b3dd6756dbff3bf9dc76fd7?s=96&d=mm&r=g\",\"caption\":\"super-news\"},\"url\":\"https:\\\/\\\/super-news.info\\\/hu\\\/author\\\/pt\\\/\"}]}<\/script>\n<!-- \/ Yoast SEO plugin. -->","yoast_head_json":{"title":"Emelked\u00e9ssel z\u00e1rtak az eur\u00f3pai b\u00f6rz\u00e9k - Super News","robots":{"index":"index","follow":"follow","max-snippet":"max-snippet:-1","max-image-preview":"max-image-preview:large","max-video-preview":"max-video-preview:-1"},"canonical":"https:\/\/super-news.info\/hu\/emelkedessel-zartak-az-europai-borzek\/","og_locale":"hu_HU","og_type":"article","og_title":"Emelked\u00e9ssel z\u00e1rtak az eur\u00f3pai b\u00f6rz\u00e9k - Super News","og_description":"London kiv\u00e9tel\u00e9vel emelked\u00e9ssel z\u00e1rtak a vezet\u0151 eur\u00f3pai t\u0151zsd\u00e9k cs\u00fct\u00f6rt\u00f6k\u00f6n a kedvez\u0151 glob\u00e1lis kereskedelmi \u00e9s politikai fejlem\u00e9nyeknek.\u00a0 A londoni FTSE-100 mutat\u00f3 0,55 sz\u00e1zal\u00e9kos m\u00ednuszban, m\u00edg a frankfurti DAX-index 0,87 sz\u00e1zal\u00e9kos, a p\u00e1rizsi CAC-40 index pedig 1,11 sz\u00e1zal\u00e9kos pluszban z\u00e1rt. Mil\u00e1n\u00f3ban 0,96 sz\u00e1zal\u00e9kkal, Madridban pedig 1,51 sz\u00e1zal\u00e9kkal n\u0151tt az ir\u00e1nyad\u00f3 t\u0151zsdemutat\u00f3. A p\u00e1neur\u00f3pai indexek k\u00f6z\u00fcl a Stoxx [&hellip;]","og_url":"https:\/\/super-news.info\/hu\/emelkedessel-zartak-az-europai-borzek\/","og_site_name":"Super News","article_published_time":"2019-09-05T19:20:59+00:00","article_modified_time":"2019-09-05T19:21:00+00:00","og_image":[{"width":1400,"height":787,"url":"https:\/\/super-news.info\/hu\/wp-content\/uploads\/sites\/3\/2019\/06\/M\u00ednuszb\u00f3l-rajtolnak-az-eur\u00f3pai-b\u00f6rz\u00e9k.jpg","type":"image\/jpeg"}],"author":"super-news","twitter_card":"summary_large_image","twitter_misc":{"Szerz\u0151:":"super-news","Becs\u00fclt olvas\u00e1si id\u0151":"3 perc"},"schema":{"@context":"https:\/\/schema.org","@graph":[{"@type":"Article","@id":"https:\/\/super-news.info\/hu\/emelkedessel-zartak-az-europai-borzek\/#article","isPartOf":{"@id":"https:\/\/super-news.info\/hu\/emelkedessel-zartak-az-europai-borzek\/"},"author":{"name":"super-news","@id":"https:\/\/super-news.info\/hu\/#\/schema\/person\/2d4068cb2f39cd10008c2fce578a7356"},"headline":"Emelked\u00e9ssel z\u00e1rtak az eur\u00f3pai b\u00f6rz\u00e9k","datePublished":"2019-09-05T19:20:59+00:00","dateModified":"2019-09-05T19:21:00+00:00","mainEntityOfPage":{"@id":"https:\/\/super-news.info\/hu\/emelkedessel-zartak-az-europai-borzek\/"},"wordCount":618,"commentCount":0,"image":{"@id":"https:\/\/super-news.info\/hu\/emelkedessel-zartak-az-europai-borzek\/#primaryimage"},"thumbnailUrl":"https:\/\/super-news.info\/hu\/wp-content\/uploads\/sites\/3\/2019\/06\/M\u00ednuszb\u00f3l-rajtolnak-az-eur\u00f3pai-b\u00f6rz\u00e9k.jpg","articleSection":["P\u00c9NZ\u00dcGYI H\u00cdREK"],"inLanguage":"hu","potentialAction":[{"@type":"CommentAction","name":"Comment","target":["https:\/\/super-news.info\/hu\/emelkedessel-zartak-az-europai-borzek\/#respond"]}]},{"@type":"WebPage","@id":"https:\/\/super-news.info\/hu\/emelkedessel-zartak-az-europai-borzek\/","url":"https:\/\/super-news.info\/hu\/emelkedessel-zartak-az-europai-borzek\/","name":"Emelked\u00e9ssel z\u00e1rtak az eur\u00f3pai b\u00f6rz\u00e9k - Super News","isPartOf":{"@id":"https:\/\/super-news.info\/hu\/#website"},"primaryImageOfPage":{"@id":"https:\/\/super-news.info\/hu\/emelkedessel-zartak-az-europai-borzek\/#primaryimage"},"image":{"@id":"https:\/\/super-news.info\/hu\/emelkedessel-zartak-az-europai-borzek\/#primaryimage"},"thumbnailUrl":"https:\/\/super-news.info\/hu\/wp-content\/uploads\/sites\/3\/2019\/06\/M\u00ednuszb\u00f3l-rajtolnak-az-eur\u00f3pai-b\u00f6rz\u00e9k.jpg","datePublished":"2019-09-05T19:20:59+00:00","dateModified":"2019-09-05T19:21:00+00:00","author":{"@id":"https:\/\/super-news.info\/hu\/#\/schema\/person\/2d4068cb2f39cd10008c2fce578a7356"},"breadcrumb":{"@id":"https:\/\/super-news.info\/hu\/emelkedessel-zartak-az-europai-borzek\/#breadcrumb"},"inLanguage":"hu","potentialAction":[{"@type":"ReadAction","target":["https:\/\/super-news.info\/hu\/emelkedessel-zartak-az-europai-borzek\/"]}]},{"@type":"ImageObject","inLanguage":"hu","@id":"https:\/\/super-news.info\/hu\/emelkedessel-zartak-az-europai-borzek\/#primaryimage","url":"https:\/\/super-news.info\/hu\/wp-content\/uploads\/sites\/3\/2019\/06\/M\u00ednuszb\u00f3l-rajtolnak-az-eur\u00f3pai-b\u00f6rz\u00e9k.jpg","contentUrl":"https:\/\/super-news.info\/hu\/wp-content\/uploads\/sites\/3\/2019\/06\/M\u00ednuszb\u00f3l-rajtolnak-az-eur\u00f3pai-b\u00f6rz\u00e9k.jpg","width":1400,"height":787,"caption":"M\u00ednuszb\u00f3l rajtolnak az eur\u00f3pai b\u00f6rz\u00e9k"},{"@type":"BreadcrumbList","@id":"https:\/\/super-news.info\/hu\/emelkedessel-zartak-az-europai-borzek\/#breadcrumb","itemListElement":[{"@type":"ListItem","position":1,"name":"\u0413\u043b\u0430\u0432\u043d\u0430\u044f \u0441\u0442\u0440\u0430\u043d\u0438\u0446\u0430","item":"https:\/\/super-news.info\/hu\/"},{"@type":"ListItem","position":2,"name":"Emelked\u00e9ssel z\u00e1rtak az eur\u00f3pai b\u00f6rz\u00e9k"}]},{"@type":"WebSite","@id":"https:\/\/super-news.info\/hu\/#website","url":"https:\/\/super-news.info\/hu\/","name":"Super News","description":"Super News Magyarorsz\u00e1g","potentialAction":[{"@type":"SearchAction","target":{"@type":"EntryPoint","urlTemplate":"https:\/\/super-news.info\/hu\/?s={search_term_string}"},"query-input":{"@type":"PropertyValueSpecification","valueRequired":true,"valueName":"search_term_string"}}],"inLanguage":"hu"},{"@type":"Person","@id":"https:\/\/super-news.info\/hu\/#\/schema\/person\/2d4068cb2f39cd10008c2fce578a7356","name":"super-news","image":{"@type":"ImageObject","inLanguage":"hu","@id":"https:\/\/secure.gravatar.com\/avatar\/64ebac40b93f26a154f8a9b5b6fdccfc46f442b26b3dd6756dbff3bf9dc76fd7?s=96&d=mm&r=g","url":"https:\/\/secure.gravatar.com\/avatar\/64ebac40b93f26a154f8a9b5b6fdccfc46f442b26b3dd6756dbff3bf9dc76fd7?s=96&d=mm&r=g","contentUrl":"https:\/\/secure.gravatar.com\/avatar\/64ebac40b93f26a154f8a9b5b6fdccfc46f442b26b3dd6756dbff3bf9dc76fd7?s=96&d=mm&r=g","caption":"super-news"},"url":"https:\/\/super-news.info\/hu\/author\/pt\/"}]}},"_links":{"self":[{"href":"https:\/\/super-news.info\/hu\/wp-json\/wp\/v2\/posts\/8880","targetHints":{"allow":["GET"]}}],"collection":[{"href":"https:\/\/super-news.info\/hu\/wp-json\/wp\/v2\/posts"}],"about":[{"href":"https:\/\/super-news.info\/hu\/wp-json\/wp\/v2\/types\/post"}],"author":[{"embeddable":true,"href":"https:\/\/super-news.info\/hu\/wp-json\/wp\/v2\/users\/2"}],"replies":[{"embeddable":true,"href":"https:\/\/super-news.info\/hu\/wp-json\/wp\/v2\/comments?post=8880"}],"version-history":[{"count":1,"href":"https:\/\/super-news.info\/hu\/wp-json\/wp\/v2\/posts\/8880\/revisions"}],"predecessor-version":[{"id":8881,"href":"https:\/\/super-news.info\/hu\/wp-json\/wp\/v2\/posts\/8880\/revisions\/8881"}],"wp:featuredmedia":[{"embeddable":true,"href":"https:\/\/super-news.info\/hu\/wp-json\/wp\/v2\/media\/4768"}],"wp:attachment":[{"href":"https:\/\/super-news.info\/hu\/wp-json\/wp\/v2\/media?parent=8880"}],"wp:term":[{"taxonomy":"category","embeddable":true,"href":"https:\/\/super-news.info\/hu\/wp-json\/wp\/v2\/categories?post=8880"},{"taxonomy":"post_tag","embeddable":true,"href":"https:\/\/super-news.info\/hu\/wp-json\/wp\/v2\/tags?post=8880"}],"curies":[{"name":"wp","href":"https:\/\/api.w.org\/{rel}","templated":true}]}}