{"id":8878,"date":"2019-09-05T21:29:03","date_gmt":"2019-09-05T18:29:03","guid":{"rendered":"https:\/\/super-news.info\/hu\/borus-esos-ido-varhato-a-hetvegen\/"},"modified":"2019-09-05T21:29:04","modified_gmt":"2019-09-05T18:29:04","slug":"borus-esos-ido-varhato-a-hetvegen","status":"publish","type":"post","link":"https:\/\/super-news.info\/hu\/borus-esos-ido-varhato-a-hetvegen\/","title":{"rendered":"Bor\u00fas, es\u0151s id\u0151 v\u00e1rhat\u00f3 a h\u00e9tv\u00e9g\u00e9n"},"content":{"rendered":"<p>\n\t\t\t\t\t\t\t\tT\u00f6bbfel\u00e9 20 fokig sem melegszik majd a leveg\u0151.\t\t\t\t\t\t\t<\/p>\n<div>\n<p>H\u00e9tv\u00e9g\u00e9n helyenk\u00e9nt lehetnek m\u00e9g 25 Celsius-fok k\u00f6r\u00fcli maximumok, de t\u00f6bbfel\u00e9 20 fokig sem melegszik majd a leveg\u0151 \u2013 der\u00fcl ki az Orsz\u00e1gos Meteorol\u00f3giai Szolg\u00e1lat orsz\u00e1gos, k\u00f6z\u00e9pt\u00e1v\u00fa el\u0151rejelz\u00e9s\u00e9b\u0151l.<\/p>\n<p>P\u00e9nteken a Dun\u00e1nt\u00falon k\u00f6zepesen \u00e9s er\u0151sen felh\u0151s id\u0151 v\u00e1rhat\u00f3, nyugat fel\u00e9 haladva egyre nagyobb es\u00e9llyel lehet sz\u00e1m\u00edtani es\u0151re, z\u00e1porra. A Dun\u00e1t\u00f3l keletre a f\u00e1tyol- \u00e9s gomolyfelh\u0151k mellett sz\u0171rt naps\u00fct\u00e9s v\u00e1rhat\u00f3, a k\u00f6z\u00e9ps\u0151 orsz\u00e1gr\u00e9szben n\u00e9hol alakulhat ki z\u00e1pores\u0151. A leghidegebb \u00f3r\u00e1kban 7-16 fok lesz. Napk\u00f6zben t\u00f6bbnyire 23-28 fokig melegszik a leveg\u0151, de a Nyugat-Dun\u00e1nt\u00falon csak 18-22 fok lesz.<\/p>\n<div id=\"attachment_1409614\" style=\"width: 1410px\" class=\"wp-caption alignnone\">\n<p class=\"wp-caption-text\">Fot\u00f3: AFP<\/p>\n<\/div>\n<p>Szombaton szinte orsz\u00e1gszerte kiad\u00f3s csapad\u00e9kra kell k\u00e9sz\u00fclni. A legt\u00f6bb helyen es\u0151, z\u00e1por lesz, de d\u00e9len \u00e9s keleten zivatarok is kialakulhatnak. A minimumh\u0151m\u00e9rs\u00e9klet 12-17, a maximum 18-27 fok k\u00f6z\u00f6tt alakul, d\u00e9lkeleten lesz a melegebb.<\/p>\n<p>Vas\u00e1rnap \u00f6sszess\u00e9g\u00e9ben tov\u00e1bbra is er\u0151sen felh\u0151s id\u0151re van kil\u00e1t\u00e1s. Sz\u00f3rv\u00e1nyosan v\u00e1rhat\u00f3 es\u0151, z\u00e1por, az orsz\u00e1g keleti fel\u00e9ben n\u00e9hol zivatar is. A legalacsonyabb h\u0151m\u00e9rs\u00e9klet 12-17, a legmagasabb h\u0151m\u00e9rs\u00e9klet 18-25 fok k\u00f6z\u00f6tt alakul, keleten lesz a melegebb \u2013 olvashat\u00f3 az el\u0151rejelz\u00e9sben.<\/p>\n<\/p><\/div>\n<p><script>\n    window.fbAsyncInit = function() {\n        FB.init({\n            appId      : \"204760236815359\",\n            xfbml      : true,\n            version    : \"v2.12\"\n        });\n        FB.AppEvents.logPageView();\n    };<\/p>\n<p>    (function(d, s, id){\n        var js, fjs = d.getElementsByTagName(s)[0];\n        if (d.getElementById(id)) {return;}\n        js = d.createElement(s); js.id = id;\n        js.src = \"http:\/\/connect.facebook.net\/hu_HU\/sdk.js\";\n        fjs.parentNode.insertBefore(js, fjs);\n    }(document, \"script\", \"facebook-jssdk\"));\n<\/script><br \/>\n<br \/><a href=\"https:\/\/www.vg.hu\/kozelet\/kozeleti-hirek\/borus-esos-ido-varhato-a-hetvegen-1730323\/\" rel=\"nofollow\">Source link <\/a><\/p>\n","protected":false},"excerpt":{"rendered":"<p>T\u00f6bbfel\u00e9 20 fokig sem melegszik majd a leveg\u0151. H\u00e9tv\u00e9g\u00e9n helyenk\u00e9nt lehetnek m\u00e9g 25 Celsius-fok k\u00f6r\u00fcli maximumok, de t\u00f6bbfel\u00e9 20 fokig sem melegszik majd a leveg\u0151 \u2013 der\u00fcl ki az Orsz\u00e1gos Meteorol\u00f3giai Szolg\u00e1lat orsz\u00e1gos, k\u00f6z\u00e9pt\u00e1v\u00fa el\u0151rejelz\u00e9s\u00e9b\u0151l. P\u00e9nteken a Dun\u00e1nt\u00falon k\u00f6zepesen \u00e9s er\u0151sen felh\u0151s id\u0151 v\u00e1rhat\u00f3, nyugat fel\u00e9 haladva egyre nagyobb es\u00e9llyel lehet sz\u00e1m\u00edtani es\u0151re, z\u00e1porra. A [&hellip;]<\/p>\n","protected":false},"author":2,"featured_media":1515,"comment_status":"open","ping_status":"open","sticky":false,"template":"","format":"standard","meta":{"footnotes":""},"categories":[1],"tags":[],"class_list":["post-8878","post","type-post","status-publish","format-standard","has-post-thumbnail","hentry","category-penzugyi-hirek"],"yoast_head":"<!-- This site is optimized with the Yoast SEO plugin v27.4 - https:\/\/yoast.com\/product\/yoast-seo-wordpress\/ -->\n<title>Bor\u00fas, es\u0151s id\u0151 v\u00e1rhat\u00f3 a h\u00e9tv\u00e9g\u00e9n - Super News<\/title>\n<meta name=\"robots\" content=\"index, follow, max-snippet:-1, max-image-preview:large, max-video-preview:-1\" \/>\n<link rel=\"canonical\" href=\"https:\/\/super-news.info\/hu\/borus-esos-ido-varhato-a-hetvegen\/\" \/>\n<meta property=\"og:locale\" content=\"hu_HU\" \/>\n<meta property=\"og:type\" content=\"article\" \/>\n<meta property=\"og:title\" content=\"Bor\u00fas, es\u0151s id\u0151 v\u00e1rhat\u00f3 a h\u00e9tv\u00e9g\u00e9n - Super News\" \/>\n<meta property=\"og:description\" content=\"T\u00f6bbfel\u00e9 20 fokig sem melegszik majd a leveg\u0151. H\u00e9tv\u00e9g\u00e9n helyenk\u00e9nt lehetnek m\u00e9g 25 Celsius-fok k\u00f6r\u00fcli maximumok, de t\u00f6bbfel\u00e9 20 fokig sem melegszik majd a leveg\u0151 \u2013 der\u00fcl ki az Orsz\u00e1gos Meteorol\u00f3giai Szolg\u00e1lat orsz\u00e1gos, k\u00f6z\u00e9pt\u00e1v\u00fa el\u0151rejelz\u00e9s\u00e9b\u0151l. P\u00e9nteken a Dun\u00e1nt\u00falon k\u00f6zepesen \u00e9s er\u0151sen felh\u0151s id\u0151 v\u00e1rhat\u00f3, nyugat fel\u00e9 haladva egyre nagyobb es\u00e9llyel lehet sz\u00e1m\u00edtani es\u0151re, z\u00e1porra. A [&hellip;]\" \/>\n<meta property=\"og:url\" content=\"https:\/\/super-news.info\/hu\/borus-esos-ido-varhato-a-hetvegen\/\" \/>\n<meta property=\"og:site_name\" content=\"Super News\" \/>\n<meta property=\"article:published_time\" content=\"2019-09-05T18:29:03+00:00\" \/>\n<meta property=\"article:modified_time\" content=\"2019-09-05T18:29:04+00:00\" \/>\n<meta property=\"og:image\" content=\"https:\/\/super-news.info\/hu\/wp-content\/uploads\/sites\/3\/2019\/05\/Szeles-felh\u0151s-id\u0151-v\u00e1r-r\u00e1nk-szerd\u00e1n.jpg\" \/>\n\t<meta property=\"og:image:width\" content=\"1400\" \/>\n\t<meta property=\"og:image:height\" content=\"959\" \/>\n\t<meta property=\"og:image:type\" content=\"image\/jpeg\" \/>\n<meta name=\"author\" content=\"super-news\" \/>\n<meta name=\"twitter:card\" content=\"summary_large_image\" \/>\n<meta name=\"twitter:label1\" content=\"Szerz\u0151:\" \/>\n\t<meta name=\"twitter:data1\" content=\"super-news\" \/>\n\t<meta name=\"twitter:label2\" content=\"Becs\u00fclt olvas\u00e1si id\u0151\" \/>\n\t<meta name=\"twitter:data2\" content=\"1 perc\" \/>\n<script type=\"application\/ld+json\" class=\"yoast-schema-graph\">{\"@context\":\"https:\\\/\\\/schema.org\",\"@graph\":[{\"@type\":\"Article\",\"@id\":\"https:\\\/\\\/super-news.info\\\/hu\\\/borus-esos-ido-varhato-a-hetvegen\\\/#article\",\"isPartOf\":{\"@id\":\"https:\\\/\\\/super-news.info\\\/hu\\\/borus-esos-ido-varhato-a-hetvegen\\\/\"},\"author\":{\"name\":\"super-news\",\"@id\":\"https:\\\/\\\/super-news.info\\\/hu\\\/#\\\/schema\\\/person\\\/2d4068cb2f39cd10008c2fce578a7356\"},\"headline\":\"Bor\u00fas, es\u0151s id\u0151 v\u00e1rhat\u00f3 a h\u00e9tv\u00e9g\u00e9n\",\"datePublished\":\"2019-09-05T18:29:03+00:00\",\"dateModified\":\"2019-09-05T18:29:04+00:00\",\"mainEntityOfPage\":{\"@id\":\"https:\\\/\\\/super-news.info\\\/hu\\\/borus-esos-ido-varhato-a-hetvegen\\\/\"},\"wordCount\":267,\"commentCount\":0,\"image\":{\"@id\":\"https:\\\/\\\/super-news.info\\\/hu\\\/borus-esos-ido-varhato-a-hetvegen\\\/#primaryimage\"},\"thumbnailUrl\":\"https:\\\/\\\/super-news.info\\\/hu\\\/wp-content\\\/uploads\\\/sites\\\/3\\\/2019\\\/05\\\/Szeles-felh\u0151s-id\u0151-v\u00e1r-r\u00e1nk-szerd\u00e1n.jpg\",\"articleSection\":[\"P\u00c9NZ\u00dcGYI H\u00cdREK\"],\"inLanguage\":\"hu\",\"potentialAction\":[{\"@type\":\"CommentAction\",\"name\":\"Comment\",\"target\":[\"https:\\\/\\\/super-news.info\\\/hu\\\/borus-esos-ido-varhato-a-hetvegen\\\/#respond\"]}]},{\"@type\":\"WebPage\",\"@id\":\"https:\\\/\\\/super-news.info\\\/hu\\\/borus-esos-ido-varhato-a-hetvegen\\\/\",\"url\":\"https:\\\/\\\/super-news.info\\\/hu\\\/borus-esos-ido-varhato-a-hetvegen\\\/\",\"name\":\"Bor\u00fas, es\u0151s id\u0151 v\u00e1rhat\u00f3 a h\u00e9tv\u00e9g\u00e9n - Super News\",\"isPartOf\":{\"@id\":\"https:\\\/\\\/super-news.info\\\/hu\\\/#website\"},\"primaryImageOfPage\":{\"@id\":\"https:\\\/\\\/super-news.info\\\/hu\\\/borus-esos-ido-varhato-a-hetvegen\\\/#primaryimage\"},\"image\":{\"@id\":\"https:\\\/\\\/super-news.info\\\/hu\\\/borus-esos-ido-varhato-a-hetvegen\\\/#primaryimage\"},\"thumbnailUrl\":\"https:\\\/\\\/super-news.info\\\/hu\\\/wp-content\\\/uploads\\\/sites\\\/3\\\/2019\\\/05\\\/Szeles-felh\u0151s-id\u0151-v\u00e1r-r\u00e1nk-szerd\u00e1n.jpg\",\"datePublished\":\"2019-09-05T18:29:03+00:00\",\"dateModified\":\"2019-09-05T18:29:04+00:00\",\"author\":{\"@id\":\"https:\\\/\\\/super-news.info\\\/hu\\\/#\\\/schema\\\/person\\\/2d4068cb2f39cd10008c2fce578a7356\"},\"breadcrumb\":{\"@id\":\"https:\\\/\\\/super-news.info\\\/hu\\\/borus-esos-ido-varhato-a-hetvegen\\\/#breadcrumb\"},\"inLanguage\":\"hu\",\"potentialAction\":[{\"@type\":\"ReadAction\",\"target\":[\"https:\\\/\\\/super-news.info\\\/hu\\\/borus-esos-ido-varhato-a-hetvegen\\\/\"]}]},{\"@type\":\"ImageObject\",\"inLanguage\":\"hu\",\"@id\":\"https:\\\/\\\/super-news.info\\\/hu\\\/borus-esos-ido-varhato-a-hetvegen\\\/#primaryimage\",\"url\":\"https:\\\/\\\/super-news.info\\\/hu\\\/wp-content\\\/uploads\\\/sites\\\/3\\\/2019\\\/05\\\/Szeles-felh\u0151s-id\u0151-v\u00e1r-r\u00e1nk-szerd\u00e1n.jpg\",\"contentUrl\":\"https:\\\/\\\/super-news.info\\\/hu\\\/wp-content\\\/uploads\\\/sites\\\/3\\\/2019\\\/05\\\/Szeles-felh\u0151s-id\u0151-v\u00e1r-r\u00e1nk-szerd\u00e1n.jpg\",\"width\":1400,\"height\":959,\"caption\":\"Szeles, felh\u0151s id\u0151 v\u00e1r r\u00e1nk szerd\u00e1n\"},{\"@type\":\"BreadcrumbList\",\"@id\":\"https:\\\/\\\/super-news.info\\\/hu\\\/borus-esos-ido-varhato-a-hetvegen\\\/#breadcrumb\",\"itemListElement\":[{\"@type\":\"ListItem\",\"position\":1,\"name\":\"\u0413\u043b\u0430\u0432\u043d\u0430\u044f \u0441\u0442\u0440\u0430\u043d\u0438\u0446\u0430\",\"item\":\"https:\\\/\\\/super-news.info\\\/hu\\\/\"},{\"@type\":\"ListItem\",\"position\":2,\"name\":\"Bor\u00fas, es\u0151s id\u0151 v\u00e1rhat\u00f3 a h\u00e9tv\u00e9g\u00e9n\"}]},{\"@type\":\"WebSite\",\"@id\":\"https:\\\/\\\/super-news.info\\\/hu\\\/#website\",\"url\":\"https:\\\/\\\/super-news.info\\\/hu\\\/\",\"name\":\"Super News\",\"description\":\"Super News Magyarorsz\u00e1g\",\"potentialAction\":[{\"@type\":\"SearchAction\",\"target\":{\"@type\":\"EntryPoint\",\"urlTemplate\":\"https:\\\/\\\/super-news.info\\\/hu\\\/?s={search_term_string}\"},\"query-input\":{\"@type\":\"PropertyValueSpecification\",\"valueRequired\":true,\"valueName\":\"search_term_string\"}}],\"inLanguage\":\"hu\"},{\"@type\":\"Person\",\"@id\":\"https:\\\/\\\/super-news.info\\\/hu\\\/#\\\/schema\\\/person\\\/2d4068cb2f39cd10008c2fce578a7356\",\"name\":\"super-news\",\"image\":{\"@type\":\"ImageObject\",\"inLanguage\":\"hu\",\"@id\":\"https:\\\/\\\/secure.gravatar.com\\\/avatar\\\/64ebac40b93f26a154f8a9b5b6fdccfc46f442b26b3dd6756dbff3bf9dc76fd7?s=96&d=mm&r=g\",\"url\":\"https:\\\/\\\/secure.gravatar.com\\\/avatar\\\/64ebac40b93f26a154f8a9b5b6fdccfc46f442b26b3dd6756dbff3bf9dc76fd7?s=96&d=mm&r=g\",\"contentUrl\":\"https:\\\/\\\/secure.gravatar.com\\\/avatar\\\/64ebac40b93f26a154f8a9b5b6fdccfc46f442b26b3dd6756dbff3bf9dc76fd7?s=96&d=mm&r=g\",\"caption\":\"super-news\"},\"url\":\"https:\\\/\\\/super-news.info\\\/hu\\\/author\\\/pt\\\/\"}]}<\/script>\n<!-- \/ Yoast SEO plugin. -->","yoast_head_json":{"title":"Bor\u00fas, es\u0151s id\u0151 v\u00e1rhat\u00f3 a h\u00e9tv\u00e9g\u00e9n - Super News","robots":{"index":"index","follow":"follow","max-snippet":"max-snippet:-1","max-image-preview":"max-image-preview:large","max-video-preview":"max-video-preview:-1"},"canonical":"https:\/\/super-news.info\/hu\/borus-esos-ido-varhato-a-hetvegen\/","og_locale":"hu_HU","og_type":"article","og_title":"Bor\u00fas, es\u0151s id\u0151 v\u00e1rhat\u00f3 a h\u00e9tv\u00e9g\u00e9n - Super News","og_description":"T\u00f6bbfel\u00e9 20 fokig sem melegszik majd a leveg\u0151. H\u00e9tv\u00e9g\u00e9n helyenk\u00e9nt lehetnek m\u00e9g 25 Celsius-fok k\u00f6r\u00fcli maximumok, de t\u00f6bbfel\u00e9 20 fokig sem melegszik majd a leveg\u0151 \u2013 der\u00fcl ki az Orsz\u00e1gos Meteorol\u00f3giai Szolg\u00e1lat orsz\u00e1gos, k\u00f6z\u00e9pt\u00e1v\u00fa el\u0151rejelz\u00e9s\u00e9b\u0151l. P\u00e9nteken a Dun\u00e1nt\u00falon k\u00f6zepesen \u00e9s er\u0151sen felh\u0151s id\u0151 v\u00e1rhat\u00f3, nyugat fel\u00e9 haladva egyre nagyobb es\u00e9llyel lehet sz\u00e1m\u00edtani es\u0151re, z\u00e1porra. A [&hellip;]","og_url":"https:\/\/super-news.info\/hu\/borus-esos-ido-varhato-a-hetvegen\/","og_site_name":"Super News","article_published_time":"2019-09-05T18:29:03+00:00","article_modified_time":"2019-09-05T18:29:04+00:00","og_image":[{"width":1400,"height":959,"url":"https:\/\/super-news.info\/hu\/wp-content\/uploads\/sites\/3\/2019\/05\/Szeles-felh\u0151s-id\u0151-v\u00e1r-r\u00e1nk-szerd\u00e1n.jpg","type":"image\/jpeg"}],"author":"super-news","twitter_card":"summary_large_image","twitter_misc":{"Szerz\u0151:":"super-news","Becs\u00fclt olvas\u00e1si id\u0151":"1 perc"},"schema":{"@context":"https:\/\/schema.org","@graph":[{"@type":"Article","@id":"https:\/\/super-news.info\/hu\/borus-esos-ido-varhato-a-hetvegen\/#article","isPartOf":{"@id":"https:\/\/super-news.info\/hu\/borus-esos-ido-varhato-a-hetvegen\/"},"author":{"name":"super-news","@id":"https:\/\/super-news.info\/hu\/#\/schema\/person\/2d4068cb2f39cd10008c2fce578a7356"},"headline":"Bor\u00fas, es\u0151s id\u0151 v\u00e1rhat\u00f3 a h\u00e9tv\u00e9g\u00e9n","datePublished":"2019-09-05T18:29:03+00:00","dateModified":"2019-09-05T18:29:04+00:00","mainEntityOfPage":{"@id":"https:\/\/super-news.info\/hu\/borus-esos-ido-varhato-a-hetvegen\/"},"wordCount":267,"commentCount":0,"image":{"@id":"https:\/\/super-news.info\/hu\/borus-esos-ido-varhato-a-hetvegen\/#primaryimage"},"thumbnailUrl":"https:\/\/super-news.info\/hu\/wp-content\/uploads\/sites\/3\/2019\/05\/Szeles-felh\u0151s-id\u0151-v\u00e1r-r\u00e1nk-szerd\u00e1n.jpg","articleSection":["P\u00c9NZ\u00dcGYI H\u00cdREK"],"inLanguage":"hu","potentialAction":[{"@type":"CommentAction","name":"Comment","target":["https:\/\/super-news.info\/hu\/borus-esos-ido-varhato-a-hetvegen\/#respond"]}]},{"@type":"WebPage","@id":"https:\/\/super-news.info\/hu\/borus-esos-ido-varhato-a-hetvegen\/","url":"https:\/\/super-news.info\/hu\/borus-esos-ido-varhato-a-hetvegen\/","name":"Bor\u00fas, es\u0151s id\u0151 v\u00e1rhat\u00f3 a h\u00e9tv\u00e9g\u00e9n - Super News","isPartOf":{"@id":"https:\/\/super-news.info\/hu\/#website"},"primaryImageOfPage":{"@id":"https:\/\/super-news.info\/hu\/borus-esos-ido-varhato-a-hetvegen\/#primaryimage"},"image":{"@id":"https:\/\/super-news.info\/hu\/borus-esos-ido-varhato-a-hetvegen\/#primaryimage"},"thumbnailUrl":"https:\/\/super-news.info\/hu\/wp-content\/uploads\/sites\/3\/2019\/05\/Szeles-felh\u0151s-id\u0151-v\u00e1r-r\u00e1nk-szerd\u00e1n.jpg","datePublished":"2019-09-05T18:29:03+00:00","dateModified":"2019-09-05T18:29:04+00:00","author":{"@id":"https:\/\/super-news.info\/hu\/#\/schema\/person\/2d4068cb2f39cd10008c2fce578a7356"},"breadcrumb":{"@id":"https:\/\/super-news.info\/hu\/borus-esos-ido-varhato-a-hetvegen\/#breadcrumb"},"inLanguage":"hu","potentialAction":[{"@type":"ReadAction","target":["https:\/\/super-news.info\/hu\/borus-esos-ido-varhato-a-hetvegen\/"]}]},{"@type":"ImageObject","inLanguage":"hu","@id":"https:\/\/super-news.info\/hu\/borus-esos-ido-varhato-a-hetvegen\/#primaryimage","url":"https:\/\/super-news.info\/hu\/wp-content\/uploads\/sites\/3\/2019\/05\/Szeles-felh\u0151s-id\u0151-v\u00e1r-r\u00e1nk-szerd\u00e1n.jpg","contentUrl":"https:\/\/super-news.info\/hu\/wp-content\/uploads\/sites\/3\/2019\/05\/Szeles-felh\u0151s-id\u0151-v\u00e1r-r\u00e1nk-szerd\u00e1n.jpg","width":1400,"height":959,"caption":"Szeles, felh\u0151s id\u0151 v\u00e1r r\u00e1nk szerd\u00e1n"},{"@type":"BreadcrumbList","@id":"https:\/\/super-news.info\/hu\/borus-esos-ido-varhato-a-hetvegen\/#breadcrumb","itemListElement":[{"@type":"ListItem","position":1,"name":"\u0413\u043b\u0430\u0432\u043d\u0430\u044f \u0441\u0442\u0440\u0430\u043d\u0438\u0446\u0430","item":"https:\/\/super-news.info\/hu\/"},{"@type":"ListItem","position":2,"name":"Bor\u00fas, es\u0151s id\u0151 v\u00e1rhat\u00f3 a h\u00e9tv\u00e9g\u00e9n"}]},{"@type":"WebSite","@id":"https:\/\/super-news.info\/hu\/#website","url":"https:\/\/super-news.info\/hu\/","name":"Super News","description":"Super News Magyarorsz\u00e1g","potentialAction":[{"@type":"SearchAction","target":{"@type":"EntryPoint","urlTemplate":"https:\/\/super-news.info\/hu\/?s={search_term_string}"},"query-input":{"@type":"PropertyValueSpecification","valueRequired":true,"valueName":"search_term_string"}}],"inLanguage":"hu"},{"@type":"Person","@id":"https:\/\/super-news.info\/hu\/#\/schema\/person\/2d4068cb2f39cd10008c2fce578a7356","name":"super-news","image":{"@type":"ImageObject","inLanguage":"hu","@id":"https:\/\/secure.gravatar.com\/avatar\/64ebac40b93f26a154f8a9b5b6fdccfc46f442b26b3dd6756dbff3bf9dc76fd7?s=96&d=mm&r=g","url":"https:\/\/secure.gravatar.com\/avatar\/64ebac40b93f26a154f8a9b5b6fdccfc46f442b26b3dd6756dbff3bf9dc76fd7?s=96&d=mm&r=g","contentUrl":"https:\/\/secure.gravatar.com\/avatar\/64ebac40b93f26a154f8a9b5b6fdccfc46f442b26b3dd6756dbff3bf9dc76fd7?s=96&d=mm&r=g","caption":"super-news"},"url":"https:\/\/super-news.info\/hu\/author\/pt\/"}]}},"_links":{"self":[{"href":"https:\/\/super-news.info\/hu\/wp-json\/wp\/v2\/posts\/8878","targetHints":{"allow":["GET"]}}],"collection":[{"href":"https:\/\/super-news.info\/hu\/wp-json\/wp\/v2\/posts"}],"about":[{"href":"https:\/\/super-news.info\/hu\/wp-json\/wp\/v2\/types\/post"}],"author":[{"embeddable":true,"href":"https:\/\/super-news.info\/hu\/wp-json\/wp\/v2\/users\/2"}],"replies":[{"embeddable":true,"href":"https:\/\/super-news.info\/hu\/wp-json\/wp\/v2\/comments?post=8878"}],"version-history":[{"count":1,"href":"https:\/\/super-news.info\/hu\/wp-json\/wp\/v2\/posts\/8878\/revisions"}],"predecessor-version":[{"id":8879,"href":"https:\/\/super-news.info\/hu\/wp-json\/wp\/v2\/posts\/8878\/revisions\/8879"}],"wp:featuredmedia":[{"embeddable":true,"href":"https:\/\/super-news.info\/hu\/wp-json\/wp\/v2\/media\/1515"}],"wp:attachment":[{"href":"https:\/\/super-news.info\/hu\/wp-json\/wp\/v2\/media?parent=8878"}],"wp:term":[{"taxonomy":"category","embeddable":true,"href":"https:\/\/super-news.info\/hu\/wp-json\/wp\/v2\/categories?post=8878"},{"taxonomy":"post_tag","embeddable":true,"href":"https:\/\/super-news.info\/hu\/wp-json\/wp\/v2\/tags?post=8878"}],"curies":[{"name":"wp","href":"https:\/\/api.w.org\/{rel}","templated":true}]}}