{"id":8872,"date":"2019-09-05T19:44:58","date_gmt":"2019-09-05T16:44:58","guid":{"rendered":"https:\/\/super-news.info\/hu\/megalakult-az-eurojust-az-eu-terrorizmusellenes-nyilvantartasa\/"},"modified":"2019-09-05T19:44:59","modified_gmt":"2019-09-05T16:44:59","slug":"megalakult-az-eurojust-az-eu-terrorizmusellenes-nyilvantartasa","status":"publish","type":"post","link":"https:\/\/super-news.info\/hu\/megalakult-az-eurojust-az-eu-terrorizmusellenes-nyilvantartasa\/","title":{"rendered":"Megalakult az Eurojust, az EU terrorizmusellenes nyilv\u00e1ntart\u00e1sa"},"content":{"rendered":"<p>\n\t\t\t\t\t\t\t\tM\u0171k\u00f6d\u00e9sbe l\u00e9pett az Eur\u00f3pai Uni\u00f3 tag\u00e1llamai k\u00f6z\u00f6tti igazs\u00e1g\u00fcgyi egy\u00fcttm\u0171k\u00f6d\u00e9s\u00e9rt felel\u0151s, h\u00e1gai sz\u00e9khely\u0171 uni\u00f3s \u00fcgyn\u00f6ks\u00e9g, az Eurojust \u00faj igazs\u00e1g\u00fcgyi terrorizmusellenes nyilv\u00e1ntart\u00e1sa \u2013 k\u00f6z\u00f6lte az Eur\u00f3pai Bizotts\u00e1g cs\u00fct\u00f6rt\u00f6k\u00f6n.\t\t\t\t\t\t\t<\/p>\n<div>\n<p>A terrorellenes nyilv\u00e1ntart\u00e1s (CTR) rendeltet\u00e9se, hogy hat\u00e9konyabb\u00e1 tegye a terrorizmussal kapcsolatos fenyeget\u00e9sekre v\u00e1laszul hozott igazs\u00e1g\u00fcgyi int\u00e9zked\u00e9seket, \u00e9s ez\u00e1ltal jav\u00edtsa az eur\u00f3paiak biztons\u00e1g\u00e1t.<\/p>\n<p>A CTR a terrorcselekm\u00e9nyek egyedi, EU-szint\u0171 adatb\u00e1zisa, amely a nem dzsihadista gy\u00f6ker\u0171 terrorizmus, hanem t\u00f6bbek k\u00f6z\u00f6tt a sz\u00e9ls\u0151jobboldali \u00e9s sz\u00e9ls\u0151baloldali csoportok jelentette n\u00f6vekv\u0151 fenyeget\u00e9sre v\u00e1laszul j\u00f6n l\u00e9tre. A CTR teljes m\u00e9rt\u00e9kben az igazs\u00e1g\u00fcgyi elj\u00e1r\u00e1sokra \u00e9s \u00edt\u00e9letekre \u00f6sszpontos\u00edt, ez\u00e9rt nem lesz \u00e1tfed\u00e9sben az Eur\u00f3pai Uni\u00f3 rend\u0151ri egy\u00fcttm\u0171k\u00f6d\u00e9st koordin\u00e1l\u00f3 szervezete (Europol) \u00e1ltal v\u00e9gzett b\u0171n\u00fcgyi elemz\u00e9sekkel.<\/p>\n<p>Mint k\u00f6z\u00f6lt\u00e9k, a rendszer egy k\u00f6zpontban gy\u0171jti \u00f6ssze a legfontosabb igazs\u00e1g\u00fcgyi inform\u00e1ci\u00f3kat, hogy k\u00f6nnyebben fel lehessen der\u00edteni a terrorizmussal kapcsolatos b\u0171ncselekm\u00e9nyeket \u00e9rint\u0151 elj\u00e1r\u00e1sok k\u00f6z\u00f6tti esetleges kapcsol\u00f3d\u00e1si pontokat. A CTR r\u00e9v\u00e9n gyorsan \u00e9s egys\u00e9ges m\u00f3don megoszthat\u00f3 inform\u00e1ci\u00f3k seg\u00edts\u00e9g\u00e9vel a tag\u00e1llami \u00fcgy\u00e9szek akt\u00edvabban \u00e9s hat\u00e9konyabban m\u0171k\u00f6dhetnek egy\u00fctt egym\u00e1ssal, \u00e9s k\u00f6nnyebben azonos\u00edthatj\u00e1k azokat a gyan\u00fas\u00edtottakat \u00e9s h\u00e1l\u00f3zatokat, akik \u00e9s amelyek t\u00f6bb tag\u00e1llamot \u00e9rint\u0151 \u00fcgyekben lehetnek \u00e9rintettek.<\/p>\n<div id=\"attachment_1731298\" style=\"width: 1410px\" class=\"wp-caption aligncenter\">\n<p class=\"wp-caption-text\">Fot\u00f3: AFP<\/p>\n<\/div>\n<p>Az Eurojust t\u00e1j\u00e9koztat\u00e1sa szerint a rendszert az Eur\u00f3pai Uni\u00f3 minden tag\u00e1llama haszn\u00e1lhatja. Azt k\u00e9rik, hogy a tag\u00e1llamok m\u00e9g ebben a h\u00f3napban regisztr\u00e1lj\u00e1k a gyan\u00fas\u00edtottakkal \u00e9s a folyamatban l\u00e9v\u0151 \u00fcgyekkel kapcsolatos inform\u00e1ci\u00f3ikat. Mint k\u00f6z\u00f6lt\u00e9k, speci\u00e1lis sablont fejlesztettek ki, valamint meghat\u00e1rozt\u00e1k a megadand\u00f3 \u00fcgyek inform\u00e1ci\u00f3ira vonatkoz\u00f3 k\u00f6z\u00f6s el\u0151\u00edr\u00e1sokat az \u00e9rv\u00e9nyben l\u00e9v\u0151 adatv\u00e9delmi szab\u00e1lyoknak megfelel\u0151en.<\/p>\n<p>A 2015. novemberi franciaorsz\u00e1gi terrort\u00e1mad\u00e1sokat k\u00f6vet\u0151en Franciaorsz\u00e1g, N\u00e9metorsz\u00e1g, Spanyolorsz\u00e1g, Belgium, Olaszorsz\u00e1g, Luxemburg \u00e9s Hollandia nyilv\u00e1ntart\u00e1s l\u00e9trehoz\u00e1s\u00e1t kezdem\u00e9nyezte az Eurojustn\u00e1l a terrorista tev\u00e9kenys\u00e9gekkel \u00e9s h\u00e1l\u00f3zatokkal kapcsolatos igazs\u00e1g\u00fcgyi inform\u00e1ci\u00f3k \u00f6sszegy\u0171jt\u00e9se \u00e9rdek\u00e9ben.<\/p>\n<\/p><\/div>\n<p><script>\n    window.fbAsyncInit = function() {\n        FB.init({\n            appId      : \"204760236815359\",\n            xfbml      : true,\n            version    : \"v2.12\"\n        });\n        FB.AppEvents.logPageView();\n    };<\/p>\n<p>    (function(d, s, id){\n        var js, fjs = d.getElementsByTagName(s)[0];\n        if (d.getElementById(id)) {return;}\n        js = d.createElement(s); js.id = id;\n        js.src = \"http:\/\/connect.facebook.net\/hu_HU\/sdk.js\";\n        fjs.parentNode.insertBefore(js, fjs);\n    }(document, \"script\", \"facebook-jssdk\"));\n<\/script><br \/>\n<br \/><a href=\"https:\/\/www.vg.hu\/kozelet\/kozeleti-hirek\/megalakult-az-eurojust-az-eu-terrorizmusellenes-nyilvantartasa-1731292\/\" rel=\"nofollow\">Source link <\/a><\/p>\n","protected":false},"excerpt":{"rendered":"<p>M\u0171k\u00f6d\u00e9sbe l\u00e9pett az Eur\u00f3pai Uni\u00f3 tag\u00e1llamai k\u00f6z\u00f6tti igazs\u00e1g\u00fcgyi egy\u00fcttm\u0171k\u00f6d\u00e9s\u00e9rt felel\u0151s, h\u00e1gai sz\u00e9khely\u0171 uni\u00f3s \u00fcgyn\u00f6ks\u00e9g, az Eurojust \u00faj igazs\u00e1g\u00fcgyi terrorizmusellenes nyilv\u00e1ntart\u00e1sa \u2013 k\u00f6z\u00f6lte az Eur\u00f3pai Bizotts\u00e1g cs\u00fct\u00f6rt\u00f6k\u00f6n. A terrorellenes nyilv\u00e1ntart\u00e1s (CTR) rendeltet\u00e9se, hogy hat\u00e9konyabb\u00e1 tegye a terrorizmussal kapcsolatos fenyeget\u00e9sekre v\u00e1laszul hozott igazs\u00e1g\u00fcgyi int\u00e9zked\u00e9seket, \u00e9s ez\u00e1ltal jav\u00edtsa az eur\u00f3paiak biztons\u00e1g\u00e1t. A CTR a terrorcselekm\u00e9nyek egyedi, EU-szint\u0171 adatb\u00e1zisa, [&hellip;]<\/p>\n","protected":false},"author":2,"featured_media":8873,"comment_status":"open","ping_status":"open","sticky":false,"template":"","format":"standard","meta":{"footnotes":""},"categories":[1],"tags":[],"class_list":["post-8872","post","type-post","status-publish","format-standard","has-post-thumbnail","hentry","category-penzugyi-hirek"],"yoast_head":"<!-- This site is optimized with the Yoast SEO plugin v27.4 - https:\/\/yoast.com\/product\/yoast-seo-wordpress\/ -->\n<title>Megalakult az Eurojust, az EU terrorizmusellenes nyilv\u00e1ntart\u00e1sa - Super News<\/title>\n<meta name=\"robots\" content=\"index, follow, max-snippet:-1, max-image-preview:large, max-video-preview:-1\" \/>\n<link rel=\"canonical\" href=\"https:\/\/super-news.info\/hu\/megalakult-az-eurojust-az-eu-terrorizmusellenes-nyilvantartasa\/\" \/>\n<meta property=\"og:locale\" content=\"hu_HU\" \/>\n<meta property=\"og:type\" content=\"article\" \/>\n<meta property=\"og:title\" content=\"Megalakult az Eurojust, az EU terrorizmusellenes nyilv\u00e1ntart\u00e1sa - Super News\" \/>\n<meta property=\"og:description\" content=\"M\u0171k\u00f6d\u00e9sbe l\u00e9pett az Eur\u00f3pai Uni\u00f3 tag\u00e1llamai k\u00f6z\u00f6tti igazs\u00e1g\u00fcgyi egy\u00fcttm\u0171k\u00f6d\u00e9s\u00e9rt felel\u0151s, h\u00e1gai sz\u00e9khely\u0171 uni\u00f3s \u00fcgyn\u00f6ks\u00e9g, az Eurojust \u00faj igazs\u00e1g\u00fcgyi terrorizmusellenes nyilv\u00e1ntart\u00e1sa \u2013 k\u00f6z\u00f6lte az Eur\u00f3pai Bizotts\u00e1g cs\u00fct\u00f6rt\u00f6k\u00f6n. A terrorellenes nyilv\u00e1ntart\u00e1s (CTR) rendeltet\u00e9se, hogy hat\u00e9konyabb\u00e1 tegye a terrorizmussal kapcsolatos fenyeget\u00e9sekre v\u00e1laszul hozott igazs\u00e1g\u00fcgyi int\u00e9zked\u00e9seket, \u00e9s ez\u00e1ltal jav\u00edtsa az eur\u00f3paiak biztons\u00e1g\u00e1t. A CTR a terrorcselekm\u00e9nyek egyedi, EU-szint\u0171 adatb\u00e1zisa, [&hellip;]\" \/>\n<meta property=\"og:url\" content=\"https:\/\/super-news.info\/hu\/megalakult-az-eurojust-az-eu-terrorizmusellenes-nyilvantartasa\/\" \/>\n<meta property=\"og:site_name\" content=\"Super News\" \/>\n<meta property=\"article:published_time\" content=\"2019-09-05T16:44:58+00:00\" \/>\n<meta property=\"article:modified_time\" content=\"2019-09-05T16:44:59+00:00\" \/>\n<meta property=\"og:image\" content=\"https:\/\/super-news.info\/hu\/wp-content\/uploads\/sites\/3\/2019\/09\/Megalakult-az-Eurojust-az-EU-terrorizmusellenes-nyilv-ntart-sa.jpg\" \/>\n\t<meta property=\"og:image:width\" content=\"1400\" \/>\n\t<meta property=\"og:image:height\" content=\"933\" \/>\n\t<meta property=\"og:image:type\" content=\"image\/jpeg\" \/>\n<meta name=\"author\" content=\"super-news\" \/>\n<meta name=\"twitter:card\" content=\"summary_large_image\" \/>\n<meta name=\"twitter:label1\" content=\"Szerz\u0151:\" \/>\n\t<meta name=\"twitter:data1\" content=\"super-news\" \/>\n\t<meta name=\"twitter:label2\" content=\"Becs\u00fclt olvas\u00e1si id\u0151\" \/>\n\t<meta name=\"twitter:data2\" content=\"2 perc\" \/>\n<script type=\"application\/ld+json\" class=\"yoast-schema-graph\">{\"@context\":\"https:\\\/\\\/schema.org\",\"@graph\":[{\"@type\":\"Article\",\"@id\":\"https:\\\/\\\/super-news.info\\\/hu\\\/megalakult-az-eurojust-az-eu-terrorizmusellenes-nyilvantartasa\\\/#article\",\"isPartOf\":{\"@id\":\"https:\\\/\\\/super-news.info\\\/hu\\\/megalakult-az-eurojust-az-eu-terrorizmusellenes-nyilvantartasa\\\/\"},\"author\":{\"name\":\"super-news\",\"@id\":\"https:\\\/\\\/super-news.info\\\/hu\\\/#\\\/schema\\\/person\\\/2d4068cb2f39cd10008c2fce578a7356\"},\"headline\":\"Megalakult az Eurojust, az EU terrorizmusellenes nyilv\u00e1ntart\u00e1sa\",\"datePublished\":\"2019-09-05T16:44:58+00:00\",\"dateModified\":\"2019-09-05T16:44:59+00:00\",\"mainEntityOfPage\":{\"@id\":\"https:\\\/\\\/super-news.info\\\/hu\\\/megalakult-az-eurojust-az-eu-terrorizmusellenes-nyilvantartasa\\\/\"},\"wordCount\":447,\"commentCount\":0,\"image\":{\"@id\":\"https:\\\/\\\/super-news.info\\\/hu\\\/megalakult-az-eurojust-az-eu-terrorizmusellenes-nyilvantartasa\\\/#primaryimage\"},\"thumbnailUrl\":\"https:\\\/\\\/super-news.info\\\/hu\\\/wp-content\\\/uploads\\\/sites\\\/3\\\/2019\\\/09\\\/Megalakult-az-Eurojust-az-EU-terrorizmusellenes-nyilv-ntart-sa.jpg\",\"articleSection\":[\"P\u00c9NZ\u00dcGYI H\u00cdREK\"],\"inLanguage\":\"hu\",\"potentialAction\":[{\"@type\":\"CommentAction\",\"name\":\"Comment\",\"target\":[\"https:\\\/\\\/super-news.info\\\/hu\\\/megalakult-az-eurojust-az-eu-terrorizmusellenes-nyilvantartasa\\\/#respond\"]}]},{\"@type\":\"WebPage\",\"@id\":\"https:\\\/\\\/super-news.info\\\/hu\\\/megalakult-az-eurojust-az-eu-terrorizmusellenes-nyilvantartasa\\\/\",\"url\":\"https:\\\/\\\/super-news.info\\\/hu\\\/megalakult-az-eurojust-az-eu-terrorizmusellenes-nyilvantartasa\\\/\",\"name\":\"Megalakult az Eurojust, az EU terrorizmusellenes nyilv\u00e1ntart\u00e1sa - Super News\",\"isPartOf\":{\"@id\":\"https:\\\/\\\/super-news.info\\\/hu\\\/#website\"},\"primaryImageOfPage\":{\"@id\":\"https:\\\/\\\/super-news.info\\\/hu\\\/megalakult-az-eurojust-az-eu-terrorizmusellenes-nyilvantartasa\\\/#primaryimage\"},\"image\":{\"@id\":\"https:\\\/\\\/super-news.info\\\/hu\\\/megalakult-az-eurojust-az-eu-terrorizmusellenes-nyilvantartasa\\\/#primaryimage\"},\"thumbnailUrl\":\"https:\\\/\\\/super-news.info\\\/hu\\\/wp-content\\\/uploads\\\/sites\\\/3\\\/2019\\\/09\\\/Megalakult-az-Eurojust-az-EU-terrorizmusellenes-nyilv-ntart-sa.jpg\",\"datePublished\":\"2019-09-05T16:44:58+00:00\",\"dateModified\":\"2019-09-05T16:44:59+00:00\",\"author\":{\"@id\":\"https:\\\/\\\/super-news.info\\\/hu\\\/#\\\/schema\\\/person\\\/2d4068cb2f39cd10008c2fce578a7356\"},\"breadcrumb\":{\"@id\":\"https:\\\/\\\/super-news.info\\\/hu\\\/megalakult-az-eurojust-az-eu-terrorizmusellenes-nyilvantartasa\\\/#breadcrumb\"},\"inLanguage\":\"hu\",\"potentialAction\":[{\"@type\":\"ReadAction\",\"target\":[\"https:\\\/\\\/super-news.info\\\/hu\\\/megalakult-az-eurojust-az-eu-terrorizmusellenes-nyilvantartasa\\\/\"]}]},{\"@type\":\"ImageObject\",\"inLanguage\":\"hu\",\"@id\":\"https:\\\/\\\/super-news.info\\\/hu\\\/megalakult-az-eurojust-az-eu-terrorizmusellenes-nyilvantartasa\\\/#primaryimage\",\"url\":\"https:\\\/\\\/super-news.info\\\/hu\\\/wp-content\\\/uploads\\\/sites\\\/3\\\/2019\\\/09\\\/Megalakult-az-Eurojust-az-EU-terrorizmusellenes-nyilv-ntart-sa.jpg\",\"contentUrl\":\"https:\\\/\\\/super-news.info\\\/hu\\\/wp-content\\\/uploads\\\/sites\\\/3\\\/2019\\\/09\\\/Megalakult-az-Eurojust-az-EU-terrorizmusellenes-nyilv-ntart-sa.jpg\",\"width\":1400,\"height\":933,\"caption\":\"Megalakult az Eurojust, az EU terrorizmusellenes nyilv\u00e1ntart\u00e1sa\"},{\"@type\":\"BreadcrumbList\",\"@id\":\"https:\\\/\\\/super-news.info\\\/hu\\\/megalakult-az-eurojust-az-eu-terrorizmusellenes-nyilvantartasa\\\/#breadcrumb\",\"itemListElement\":[{\"@type\":\"ListItem\",\"position\":1,\"name\":\"\u0413\u043b\u0430\u0432\u043d\u0430\u044f \u0441\u0442\u0440\u0430\u043d\u0438\u0446\u0430\",\"item\":\"https:\\\/\\\/super-news.info\\\/hu\\\/\"},{\"@type\":\"ListItem\",\"position\":2,\"name\":\"Megalakult az Eurojust, az EU terrorizmusellenes nyilv\u00e1ntart\u00e1sa\"}]},{\"@type\":\"WebSite\",\"@id\":\"https:\\\/\\\/super-news.info\\\/hu\\\/#website\",\"url\":\"https:\\\/\\\/super-news.info\\\/hu\\\/\",\"name\":\"Super News\",\"description\":\"Super News Magyarorsz\u00e1g\",\"potentialAction\":[{\"@type\":\"SearchAction\",\"target\":{\"@type\":\"EntryPoint\",\"urlTemplate\":\"https:\\\/\\\/super-news.info\\\/hu\\\/?s={search_term_string}\"},\"query-input\":{\"@type\":\"PropertyValueSpecification\",\"valueRequired\":true,\"valueName\":\"search_term_string\"}}],\"inLanguage\":\"hu\"},{\"@type\":\"Person\",\"@id\":\"https:\\\/\\\/super-news.info\\\/hu\\\/#\\\/schema\\\/person\\\/2d4068cb2f39cd10008c2fce578a7356\",\"name\":\"super-news\",\"image\":{\"@type\":\"ImageObject\",\"inLanguage\":\"hu\",\"@id\":\"https:\\\/\\\/secure.gravatar.com\\\/avatar\\\/64ebac40b93f26a154f8a9b5b6fdccfc46f442b26b3dd6756dbff3bf9dc76fd7?s=96&d=mm&r=g\",\"url\":\"https:\\\/\\\/secure.gravatar.com\\\/avatar\\\/64ebac40b93f26a154f8a9b5b6fdccfc46f442b26b3dd6756dbff3bf9dc76fd7?s=96&d=mm&r=g\",\"contentUrl\":\"https:\\\/\\\/secure.gravatar.com\\\/avatar\\\/64ebac40b93f26a154f8a9b5b6fdccfc46f442b26b3dd6756dbff3bf9dc76fd7?s=96&d=mm&r=g\",\"caption\":\"super-news\"},\"url\":\"https:\\\/\\\/super-news.info\\\/hu\\\/author\\\/pt\\\/\"}]}<\/script>\n<!-- \/ Yoast SEO plugin. -->","yoast_head_json":{"title":"Megalakult az Eurojust, az EU terrorizmusellenes nyilv\u00e1ntart\u00e1sa - Super News","robots":{"index":"index","follow":"follow","max-snippet":"max-snippet:-1","max-image-preview":"max-image-preview:large","max-video-preview":"max-video-preview:-1"},"canonical":"https:\/\/super-news.info\/hu\/megalakult-az-eurojust-az-eu-terrorizmusellenes-nyilvantartasa\/","og_locale":"hu_HU","og_type":"article","og_title":"Megalakult az Eurojust, az EU terrorizmusellenes nyilv\u00e1ntart\u00e1sa - Super News","og_description":"M\u0171k\u00f6d\u00e9sbe l\u00e9pett az Eur\u00f3pai Uni\u00f3 tag\u00e1llamai k\u00f6z\u00f6tti igazs\u00e1g\u00fcgyi egy\u00fcttm\u0171k\u00f6d\u00e9s\u00e9rt felel\u0151s, h\u00e1gai sz\u00e9khely\u0171 uni\u00f3s \u00fcgyn\u00f6ks\u00e9g, az Eurojust \u00faj igazs\u00e1g\u00fcgyi terrorizmusellenes nyilv\u00e1ntart\u00e1sa \u2013 k\u00f6z\u00f6lte az Eur\u00f3pai Bizotts\u00e1g cs\u00fct\u00f6rt\u00f6k\u00f6n. A terrorellenes nyilv\u00e1ntart\u00e1s (CTR) rendeltet\u00e9se, hogy hat\u00e9konyabb\u00e1 tegye a terrorizmussal kapcsolatos fenyeget\u00e9sekre v\u00e1laszul hozott igazs\u00e1g\u00fcgyi int\u00e9zked\u00e9seket, \u00e9s ez\u00e1ltal jav\u00edtsa az eur\u00f3paiak biztons\u00e1g\u00e1t. A CTR a terrorcselekm\u00e9nyek egyedi, EU-szint\u0171 adatb\u00e1zisa, [&hellip;]","og_url":"https:\/\/super-news.info\/hu\/megalakult-az-eurojust-az-eu-terrorizmusellenes-nyilvantartasa\/","og_site_name":"Super News","article_published_time":"2019-09-05T16:44:58+00:00","article_modified_time":"2019-09-05T16:44:59+00:00","og_image":[{"width":1400,"height":933,"url":"https:\/\/super-news.info\/hu\/wp-content\/uploads\/sites\/3\/2019\/09\/Megalakult-az-Eurojust-az-EU-terrorizmusellenes-nyilv-ntart-sa.jpg","type":"image\/jpeg"}],"author":"super-news","twitter_card":"summary_large_image","twitter_misc":{"Szerz\u0151:":"super-news","Becs\u00fclt olvas\u00e1si id\u0151":"2 perc"},"schema":{"@context":"https:\/\/schema.org","@graph":[{"@type":"Article","@id":"https:\/\/super-news.info\/hu\/megalakult-az-eurojust-az-eu-terrorizmusellenes-nyilvantartasa\/#article","isPartOf":{"@id":"https:\/\/super-news.info\/hu\/megalakult-az-eurojust-az-eu-terrorizmusellenes-nyilvantartasa\/"},"author":{"name":"super-news","@id":"https:\/\/super-news.info\/hu\/#\/schema\/person\/2d4068cb2f39cd10008c2fce578a7356"},"headline":"Megalakult az Eurojust, az EU terrorizmusellenes nyilv\u00e1ntart\u00e1sa","datePublished":"2019-09-05T16:44:58+00:00","dateModified":"2019-09-05T16:44:59+00:00","mainEntityOfPage":{"@id":"https:\/\/super-news.info\/hu\/megalakult-az-eurojust-az-eu-terrorizmusellenes-nyilvantartasa\/"},"wordCount":447,"commentCount":0,"image":{"@id":"https:\/\/super-news.info\/hu\/megalakult-az-eurojust-az-eu-terrorizmusellenes-nyilvantartasa\/#primaryimage"},"thumbnailUrl":"https:\/\/super-news.info\/hu\/wp-content\/uploads\/sites\/3\/2019\/09\/Megalakult-az-Eurojust-az-EU-terrorizmusellenes-nyilv-ntart-sa.jpg","articleSection":["P\u00c9NZ\u00dcGYI H\u00cdREK"],"inLanguage":"hu","potentialAction":[{"@type":"CommentAction","name":"Comment","target":["https:\/\/super-news.info\/hu\/megalakult-az-eurojust-az-eu-terrorizmusellenes-nyilvantartasa\/#respond"]}]},{"@type":"WebPage","@id":"https:\/\/super-news.info\/hu\/megalakult-az-eurojust-az-eu-terrorizmusellenes-nyilvantartasa\/","url":"https:\/\/super-news.info\/hu\/megalakult-az-eurojust-az-eu-terrorizmusellenes-nyilvantartasa\/","name":"Megalakult az Eurojust, az EU terrorizmusellenes nyilv\u00e1ntart\u00e1sa - Super News","isPartOf":{"@id":"https:\/\/super-news.info\/hu\/#website"},"primaryImageOfPage":{"@id":"https:\/\/super-news.info\/hu\/megalakult-az-eurojust-az-eu-terrorizmusellenes-nyilvantartasa\/#primaryimage"},"image":{"@id":"https:\/\/super-news.info\/hu\/megalakult-az-eurojust-az-eu-terrorizmusellenes-nyilvantartasa\/#primaryimage"},"thumbnailUrl":"https:\/\/super-news.info\/hu\/wp-content\/uploads\/sites\/3\/2019\/09\/Megalakult-az-Eurojust-az-EU-terrorizmusellenes-nyilv-ntart-sa.jpg","datePublished":"2019-09-05T16:44:58+00:00","dateModified":"2019-09-05T16:44:59+00:00","author":{"@id":"https:\/\/super-news.info\/hu\/#\/schema\/person\/2d4068cb2f39cd10008c2fce578a7356"},"breadcrumb":{"@id":"https:\/\/super-news.info\/hu\/megalakult-az-eurojust-az-eu-terrorizmusellenes-nyilvantartasa\/#breadcrumb"},"inLanguage":"hu","potentialAction":[{"@type":"ReadAction","target":["https:\/\/super-news.info\/hu\/megalakult-az-eurojust-az-eu-terrorizmusellenes-nyilvantartasa\/"]}]},{"@type":"ImageObject","inLanguage":"hu","@id":"https:\/\/super-news.info\/hu\/megalakult-az-eurojust-az-eu-terrorizmusellenes-nyilvantartasa\/#primaryimage","url":"https:\/\/super-news.info\/hu\/wp-content\/uploads\/sites\/3\/2019\/09\/Megalakult-az-Eurojust-az-EU-terrorizmusellenes-nyilv-ntart-sa.jpg","contentUrl":"https:\/\/super-news.info\/hu\/wp-content\/uploads\/sites\/3\/2019\/09\/Megalakult-az-Eurojust-az-EU-terrorizmusellenes-nyilv-ntart-sa.jpg","width":1400,"height":933,"caption":"Megalakult az Eurojust, az EU terrorizmusellenes nyilv\u00e1ntart\u00e1sa"},{"@type":"BreadcrumbList","@id":"https:\/\/super-news.info\/hu\/megalakult-az-eurojust-az-eu-terrorizmusellenes-nyilvantartasa\/#breadcrumb","itemListElement":[{"@type":"ListItem","position":1,"name":"\u0413\u043b\u0430\u0432\u043d\u0430\u044f \u0441\u0442\u0440\u0430\u043d\u0438\u0446\u0430","item":"https:\/\/super-news.info\/hu\/"},{"@type":"ListItem","position":2,"name":"Megalakult az Eurojust, az EU terrorizmusellenes nyilv\u00e1ntart\u00e1sa"}]},{"@type":"WebSite","@id":"https:\/\/super-news.info\/hu\/#website","url":"https:\/\/super-news.info\/hu\/","name":"Super News","description":"Super News Magyarorsz\u00e1g","potentialAction":[{"@type":"SearchAction","target":{"@type":"EntryPoint","urlTemplate":"https:\/\/super-news.info\/hu\/?s={search_term_string}"},"query-input":{"@type":"PropertyValueSpecification","valueRequired":true,"valueName":"search_term_string"}}],"inLanguage":"hu"},{"@type":"Person","@id":"https:\/\/super-news.info\/hu\/#\/schema\/person\/2d4068cb2f39cd10008c2fce578a7356","name":"super-news","image":{"@type":"ImageObject","inLanguage":"hu","@id":"https:\/\/secure.gravatar.com\/avatar\/64ebac40b93f26a154f8a9b5b6fdccfc46f442b26b3dd6756dbff3bf9dc76fd7?s=96&d=mm&r=g","url":"https:\/\/secure.gravatar.com\/avatar\/64ebac40b93f26a154f8a9b5b6fdccfc46f442b26b3dd6756dbff3bf9dc76fd7?s=96&d=mm&r=g","contentUrl":"https:\/\/secure.gravatar.com\/avatar\/64ebac40b93f26a154f8a9b5b6fdccfc46f442b26b3dd6756dbff3bf9dc76fd7?s=96&d=mm&r=g","caption":"super-news"},"url":"https:\/\/super-news.info\/hu\/author\/pt\/"}]}},"_links":{"self":[{"href":"https:\/\/super-news.info\/hu\/wp-json\/wp\/v2\/posts\/8872","targetHints":{"allow":["GET"]}}],"collection":[{"href":"https:\/\/super-news.info\/hu\/wp-json\/wp\/v2\/posts"}],"about":[{"href":"https:\/\/super-news.info\/hu\/wp-json\/wp\/v2\/types\/post"}],"author":[{"embeddable":true,"href":"https:\/\/super-news.info\/hu\/wp-json\/wp\/v2\/users\/2"}],"replies":[{"embeddable":true,"href":"https:\/\/super-news.info\/hu\/wp-json\/wp\/v2\/comments?post=8872"}],"version-history":[{"count":1,"href":"https:\/\/super-news.info\/hu\/wp-json\/wp\/v2\/posts\/8872\/revisions"}],"predecessor-version":[{"id":8874,"href":"https:\/\/super-news.info\/hu\/wp-json\/wp\/v2\/posts\/8872\/revisions\/8874"}],"wp:featuredmedia":[{"embeddable":true,"href":"https:\/\/super-news.info\/hu\/wp-json\/wp\/v2\/media\/8873"}],"wp:attachment":[{"href":"https:\/\/super-news.info\/hu\/wp-json\/wp\/v2\/media?parent=8872"}],"wp:term":[{"taxonomy":"category","embeddable":true,"href":"https:\/\/super-news.info\/hu\/wp-json\/wp\/v2\/categories?post=8872"},{"taxonomy":"post_tag","embeddable":true,"href":"https:\/\/super-news.info\/hu\/wp-json\/wp\/v2\/tags?post=8872"}],"curies":[{"name":"wp","href":"https:\/\/api.w.org\/{rel}","templated":true}]}}