{"id":8024,"date":"2019-08-21T20:20:00","date_gmt":"2019-08-21T17:20:00","guid":{"rendered":"https:\/\/super-news.info\/hu\/eljott-a-nap-amikor-a-brit-etelek-lettek-a-legegeszsegesebbek\/"},"modified":"2019-08-21T20:20:01","modified_gmt":"2019-08-21T17:20:01","slug":"eljott-a-nap-amikor-a-brit-etelek-lettek-a-legegeszsegesebbek","status":"publish","type":"post","link":"https:\/\/super-news.info\/hu\/eljott-a-nap-amikor-a-brit-etelek-lettek-a-legegeszsegesebbek\/","title":{"rendered":"Elj\u00f6tt a nap, amikor a brit \u00e9telek lettek a legeg\u00e9szs\u00e9gesebbek"},"content":{"rendered":"<p> [ad_1]<br \/>\n<\/p>\n<p>\n\t\t\t\t\t\t\t\tA vil\u00e1g 12 orsz\u00e1g\u00e1nak t\u00f6bb mint n\u00e9gysz\u00e1zezer k\u00e9nyelmi \u00e9lelmiszerterm\u00e9k\u00e9t felm\u00e9r\u0151 glob\u00e1lis kutat\u00e1s eredm\u00e9nye szerint az Egyes\u00fclt Kir\u00e1lys\u00e1gban k\u00e9sz\u00fclt el\u0151k\u00e9sz\u00edtett, f\u00e9lk\u00e9sz \u00e9s k\u00e9szterm\u00e9kek tartalmazz\u00e1k a legkevesebb cukrot, tel\u00edtett zs\u00edrt \u00e9s s\u00f3t.\t\t\t\t\t\t\t<\/p>\n<div>\n<p>Az ausztr\u00e1liai George Institute for Global Health eg\u00e9szs\u00e9gtudom\u00e1nyi int\u00e9zet az \u00e9lelmiszerek \u00f6sszehasonl\u00edt\u00e1sakor az orsz\u00e1gban \u00e9rv\u00e9nyben l\u00e9v\u0151 \u00e9rt\u00e9krendszert vette alapul, amely az \u00e9lelmiszerek t\u00e1p\u00e9rt\u00e9k\u00e9t, s\u00f3-, cukor-, tel\u00edtettzs\u00edr-, feh\u00e9rje-, kalcium- \u00e9s rosttartalm\u00e1t m\u00e9ri a legkev\u00e9sb\u00e9 eg\u00e9szs\u00e9gest\u0151l (f\u00e9l pont) a legeg\u00e9szs\u00e9gesebbig (\u00f6t pont).<\/p>\n<p>A brit k\u00e9nyelmi \u00e9lelmiszerek \u00e9rt\u00e9k el a legmagasabb pontsz\u00e1mot, 2,83 pontot, ut\u00e1na az amerikai (2,82) \u00e9s az ausztr\u00e1l (2,81) \u00e9lelmiszerek k\u00f6vetkeznek a rangsorban.<\/p>\n<p>Az indiai \u00e9lelmiszerek kapt\u00e1k \u00e1tlagosan a legkevesebb, 2,27 pontot, el\u0151tt\u00fck a k\u00ednaiak (2,43) \u00e9s a chileiek (2,44) v\u00e9geztek \u2013 ismertette az Obesity Reviews c\u00edm\u0171 foly\u00f3iratban k\u00f6zz\u00e9tett tanulm\u00e1nyt a Phys.org tudom\u00e1nyos-ismeretterjeszt\u0151 h\u00edrport\u00e1l.<\/p>\n<p>Elizabeth Dunford, a tanulm\u00e1ny vezet\u0151 szerz\u0151je szerint az eredm\u00e9nyek aggodalomra adnak okot a k\u00e9nyelmi \u00e9lelmiszereket illet\u0151en.<\/p>\n<blockquote>\n<p>Glob\u00e1lisan egyre t\u00f6bb feldogozott \u00e9lelmiszert fogyasztunk, \u00e9s ez aggodalomra ad okot, mivel az \u00e1ruh\u00e1zl\u00e1ncok polcai tele vannak magas zs\u00edr-, cukor- \u00e9s s\u00f3tartalm\u00fa \u00e9telekkel, amelyek megbeteg\u00edthetnek minket. Eredm\u00e9nyeink azt mutatj\u00e1k, hogy (\u2026) a szeg\u00e9nyebb nemzetek eset\u00e9ben \u00e9rz\u00e9kelhet\u0151k a legink\u00e1bb a legeg\u00e9szs\u00e9gtelenebb \u00e9lelmiszerek eg\u00e9szs\u00e9gre h\u00e1tr\u00e1nyos k\u00f6vetkezm\u00e9nyei<\/p>\n<\/blockquote>\n<p>\u2013 magyar\u00e1zta.<\/p>\n<div id=\"attachment_925744\" style=\"width: 1410px\" class=\"wp-caption aligncenter\">\n<p class=\"wp-caption-text\">Fot\u00f3: AFP<\/p>\n<\/div>\n<p>A felm\u00e9r\u00e9s szerint a K\u00edn\u00e1ban k\u00e9sz\u00fclt italok a legeg\u00e9szs\u00e9gesebbek, 2,9 pontot kaptak, \u00e1m az \u00e1zsiai orsz\u00e1gban k\u00e9sz\u00fclt k\u00e9nyelmi \u00e9lelmiszerek csak 2,39-et. A D\u00e9l-Afrikai K\u00f6zt\u00e1rsas\u00e1gban ford\u00edtott a helyzet, a italok csup\u00e1n 1,92 pontot kaptak, m\u00edg az \u00e9lelmiszerek 2,87-et.<\/p>\n<p>Kanad\u00e1ban a legeg\u00e9szs\u00e9gtelenebb az \u00e9lelmiszerek \u00e9s italok s\u00f3tartalma, 100 grammonk\u00e9nt 291 milligramm, ut\u00e1na az Egyes\u00fclt \u00c1llamok k\u00f6vetkezik 100 grammonk\u00e9nt 279 milligrammal. A cukortartalmat illet\u0151en a brit \u00e9lelmiszerek \u00e9s italok tartalmazz\u00e1k a legkevesebbet, 100 grammonk\u00e9nt 3,8 grammot, Kanada e t\u00e9ren a m\u00e1sodik a 100 grammonk\u00e9nti 4,6 grammal.<\/p>\n<p>A k\u00ednai k\u00e9nyelmi \u00e9lelmiszerekben van a legt\u00f6bb tel\u00edtett zs\u00edr, \u00e9s cukortartalmuk is t\u00f6bb mint k\u00e9tszerese a britnek.<\/p>\n<p>Az indiai \u00e9lelmiszerek tartalmazz\u00e1k a legt\u00f6bb kal\u00f3ri\u00e1t, 100 grammonk\u00e9nt 1515 kilojoule-t, a legkisebb energias\u0171r\u0171s\u00e9ge a d\u00e9l-afrikai term\u00e9keknek van, 100 grammonk\u00e9nt 1044 kilojoule.<\/p>\n<\/p><\/div>\n<p><script>\n    window.fbAsyncInit = function() {\n        FB.init({\n            appId      : \"204760236815359\",\n            xfbml      : true,\n            version    : \"v2.12\"\n        });\n        FB.AppEvents.logPageView();\n    };<\/p>\n<p>    (function(d, s, id){\n        var js, fjs = d.getElementsByTagName(s)[0];\n        if (d.getElementById(id)) {return;}\n        js = d.createElement(s); js.id = id;\n        js.src = \"http:\/\/connect.facebook.net\/hu_HU\/sdk.js\";\n        fjs.parentNode.insertBefore(js, fjs);\n    }(document, \"script\", \"facebook-jssdk\"));\n<\/script><br \/>\n<br \/>[ad_2]<br \/>\n<br \/><a href=\"https:\/\/www.vg.hu\/kozelet\/kozeleti-hirek\/eljott-a-nap-amikor-a-brit-etelek-lettek-a-legegeszsegesebbek-1700044\/\">Source link <\/a><\/p>\n","protected":false},"excerpt":{"rendered":"<p>[ad_1] A vil\u00e1g 12 orsz\u00e1g\u00e1nak t\u00f6bb mint n\u00e9gysz\u00e1zezer k\u00e9nyelmi \u00e9lelmiszerterm\u00e9k\u00e9t felm\u00e9r\u0151 glob\u00e1lis kutat\u00e1s eredm\u00e9nye szerint az Egyes\u00fclt Kir\u00e1lys\u00e1gban k\u00e9sz\u00fclt el\u0151k\u00e9sz\u00edtett, f\u00e9lk\u00e9sz \u00e9s k\u00e9szterm\u00e9kek tartalmazz\u00e1k a legkevesebb cukrot, tel\u00edtett zs\u00edrt \u00e9s s\u00f3t. Az ausztr\u00e1liai George Institute for Global Health eg\u00e9szs\u00e9gtudom\u00e1nyi int\u00e9zet az \u00e9lelmiszerek \u00f6sszehasonl\u00edt\u00e1sakor az orsz\u00e1gban \u00e9rv\u00e9nyben l\u00e9v\u0151 \u00e9rt\u00e9krendszert vette alapul, amely az \u00e9lelmiszerek t\u00e1p\u00e9rt\u00e9k\u00e9t, s\u00f3-, [&hellip;]<\/p>\n","protected":false},"author":2,"featured_media":8025,"comment_status":"open","ping_status":"open","sticky":false,"template":"","format":"standard","meta":{"footnotes":""},"categories":[1],"tags":[],"class_list":["post-8024","post","type-post","status-publish","format-standard","has-post-thumbnail","hentry","category-penzugyi-hirek"],"yoast_head":"<!-- This site is optimized with the Yoast SEO plugin v27.4 - https:\/\/yoast.com\/product\/yoast-seo-wordpress\/ -->\n<title>Elj\u00f6tt a nap, amikor a brit \u00e9telek lettek a legeg\u00e9szs\u00e9gesebbek - Super News<\/title>\n<meta name=\"robots\" content=\"index, follow, max-snippet:-1, max-image-preview:large, max-video-preview:-1\" \/>\n<link rel=\"canonical\" href=\"https:\/\/super-news.info\/hu\/eljott-a-nap-amikor-a-brit-etelek-lettek-a-legegeszsegesebbek\/\" \/>\n<meta property=\"og:locale\" content=\"hu_HU\" \/>\n<meta property=\"og:type\" content=\"article\" \/>\n<meta property=\"og:title\" content=\"Elj\u00f6tt a nap, amikor a brit \u00e9telek lettek a legeg\u00e9szs\u00e9gesebbek - Super News\" \/>\n<meta property=\"og:description\" content=\"[ad_1] A vil\u00e1g 12 orsz\u00e1g\u00e1nak t\u00f6bb mint n\u00e9gysz\u00e1zezer k\u00e9nyelmi \u00e9lelmiszerterm\u00e9k\u00e9t felm\u00e9r\u0151 glob\u00e1lis kutat\u00e1s eredm\u00e9nye szerint az Egyes\u00fclt Kir\u00e1lys\u00e1gban k\u00e9sz\u00fclt el\u0151k\u00e9sz\u00edtett, f\u00e9lk\u00e9sz \u00e9s k\u00e9szterm\u00e9kek tartalmazz\u00e1k a legkevesebb cukrot, tel\u00edtett zs\u00edrt \u00e9s s\u00f3t. Az ausztr\u00e1liai George Institute for Global Health eg\u00e9szs\u00e9gtudom\u00e1nyi int\u00e9zet az \u00e9lelmiszerek \u00f6sszehasonl\u00edt\u00e1sakor az orsz\u00e1gban \u00e9rv\u00e9nyben l\u00e9v\u0151 \u00e9rt\u00e9krendszert vette alapul, amely az \u00e9lelmiszerek t\u00e1p\u00e9rt\u00e9k\u00e9t, s\u00f3-, [&hellip;]\" \/>\n<meta property=\"og:url\" content=\"https:\/\/super-news.info\/hu\/eljott-a-nap-amikor-a-brit-etelek-lettek-a-legegeszsegesebbek\/\" \/>\n<meta property=\"og:site_name\" content=\"Super News\" \/>\n<meta property=\"article:published_time\" content=\"2019-08-21T17:20:00+00:00\" \/>\n<meta property=\"article:modified_time\" content=\"2019-08-21T17:20:01+00:00\" \/>\n<meta property=\"og:image\" content=\"https:\/\/super-news.info\/hu\/wp-content\/uploads\/sites\/3\/2019\/08\/Elj-tt-a-nap-amikor-a-brit-telek-lettek-a-legeg-szs-gesebbek.jpg\" \/>\n\t<meta property=\"og:image:width\" content=\"1400\" \/>\n\t<meta property=\"og:image:height\" content=\"834\" \/>\n\t<meta property=\"og:image:type\" content=\"image\/jpeg\" \/>\n<meta name=\"author\" content=\"super-news\" \/>\n<meta name=\"twitter:card\" content=\"summary_large_image\" \/>\n<meta name=\"twitter:label1\" content=\"Szerz\u0151:\" \/>\n\t<meta name=\"twitter:data1\" content=\"super-news\" \/>\n\t<meta name=\"twitter:label2\" content=\"Becs\u00fclt olvas\u00e1si id\u0151\" \/>\n\t<meta name=\"twitter:data2\" content=\"2 perc\" \/>\n<script type=\"application\/ld+json\" class=\"yoast-schema-graph\">{\"@context\":\"https:\\\/\\\/schema.org\",\"@graph\":[{\"@type\":\"Article\",\"@id\":\"https:\\\/\\\/super-news.info\\\/hu\\\/eljott-a-nap-amikor-a-brit-etelek-lettek-a-legegeszsegesebbek\\\/#article\",\"isPartOf\":{\"@id\":\"https:\\\/\\\/super-news.info\\\/hu\\\/eljott-a-nap-amikor-a-brit-etelek-lettek-a-legegeszsegesebbek\\\/\"},\"author\":{\"name\":\"super-news\",\"@id\":\"https:\\\/\\\/super-news.info\\\/hu\\\/#\\\/schema\\\/person\\\/2d4068cb2f39cd10008c2fce578a7356\"},\"headline\":\"Elj\u00f6tt a nap, amikor a brit \u00e9telek lettek a legeg\u00e9szs\u00e9gesebbek\",\"datePublished\":\"2019-08-21T17:20:00+00:00\",\"dateModified\":\"2019-08-21T17:20:01+00:00\",\"mainEntityOfPage\":{\"@id\":\"https:\\\/\\\/super-news.info\\\/hu\\\/eljott-a-nap-amikor-a-brit-etelek-lettek-a-legegeszsegesebbek\\\/\"},\"wordCount\":460,\"commentCount\":0,\"image\":{\"@id\":\"https:\\\/\\\/super-news.info\\\/hu\\\/eljott-a-nap-amikor-a-brit-etelek-lettek-a-legegeszsegesebbek\\\/#primaryimage\"},\"thumbnailUrl\":\"https:\\\/\\\/super-news.info\\\/hu\\\/wp-content\\\/uploads\\\/sites\\\/3\\\/2019\\\/08\\\/Elj-tt-a-nap-amikor-a-brit-telek-lettek-a-legeg-szs-gesebbek.jpg\",\"articleSection\":[\"P\u00c9NZ\u00dcGYI H\u00cdREK\"],\"inLanguage\":\"hu\",\"potentialAction\":[{\"@type\":\"CommentAction\",\"name\":\"Comment\",\"target\":[\"https:\\\/\\\/super-news.info\\\/hu\\\/eljott-a-nap-amikor-a-brit-etelek-lettek-a-legegeszsegesebbek\\\/#respond\"]}]},{\"@type\":\"WebPage\",\"@id\":\"https:\\\/\\\/super-news.info\\\/hu\\\/eljott-a-nap-amikor-a-brit-etelek-lettek-a-legegeszsegesebbek\\\/\",\"url\":\"https:\\\/\\\/super-news.info\\\/hu\\\/eljott-a-nap-amikor-a-brit-etelek-lettek-a-legegeszsegesebbek\\\/\",\"name\":\"Elj\u00f6tt a nap, amikor a brit \u00e9telek lettek a legeg\u00e9szs\u00e9gesebbek - Super News\",\"isPartOf\":{\"@id\":\"https:\\\/\\\/super-news.info\\\/hu\\\/#website\"},\"primaryImageOfPage\":{\"@id\":\"https:\\\/\\\/super-news.info\\\/hu\\\/eljott-a-nap-amikor-a-brit-etelek-lettek-a-legegeszsegesebbek\\\/#primaryimage\"},\"image\":{\"@id\":\"https:\\\/\\\/super-news.info\\\/hu\\\/eljott-a-nap-amikor-a-brit-etelek-lettek-a-legegeszsegesebbek\\\/#primaryimage\"},\"thumbnailUrl\":\"https:\\\/\\\/super-news.info\\\/hu\\\/wp-content\\\/uploads\\\/sites\\\/3\\\/2019\\\/08\\\/Elj-tt-a-nap-amikor-a-brit-telek-lettek-a-legeg-szs-gesebbek.jpg\",\"datePublished\":\"2019-08-21T17:20:00+00:00\",\"dateModified\":\"2019-08-21T17:20:01+00:00\",\"author\":{\"@id\":\"https:\\\/\\\/super-news.info\\\/hu\\\/#\\\/schema\\\/person\\\/2d4068cb2f39cd10008c2fce578a7356\"},\"breadcrumb\":{\"@id\":\"https:\\\/\\\/super-news.info\\\/hu\\\/eljott-a-nap-amikor-a-brit-etelek-lettek-a-legegeszsegesebbek\\\/#breadcrumb\"},\"inLanguage\":\"hu\",\"potentialAction\":[{\"@type\":\"ReadAction\",\"target\":[\"https:\\\/\\\/super-news.info\\\/hu\\\/eljott-a-nap-amikor-a-brit-etelek-lettek-a-legegeszsegesebbek\\\/\"]}]},{\"@type\":\"ImageObject\",\"inLanguage\":\"hu\",\"@id\":\"https:\\\/\\\/super-news.info\\\/hu\\\/eljott-a-nap-amikor-a-brit-etelek-lettek-a-legegeszsegesebbek\\\/#primaryimage\",\"url\":\"https:\\\/\\\/super-news.info\\\/hu\\\/wp-content\\\/uploads\\\/sites\\\/3\\\/2019\\\/08\\\/Elj-tt-a-nap-amikor-a-brit-telek-lettek-a-legeg-szs-gesebbek.jpg\",\"contentUrl\":\"https:\\\/\\\/super-news.info\\\/hu\\\/wp-content\\\/uploads\\\/sites\\\/3\\\/2019\\\/08\\\/Elj-tt-a-nap-amikor-a-brit-telek-lettek-a-legeg-szs-gesebbek.jpg\",\"width\":1400,\"height\":834,\"caption\":\"Elj\u00f6tt a nap, amikor a brit \u00e9telek lettek a legeg\u00e9szs\u00e9gesebbek\"},{\"@type\":\"BreadcrumbList\",\"@id\":\"https:\\\/\\\/super-news.info\\\/hu\\\/eljott-a-nap-amikor-a-brit-etelek-lettek-a-legegeszsegesebbek\\\/#breadcrumb\",\"itemListElement\":[{\"@type\":\"ListItem\",\"position\":1,\"name\":\"\u0413\u043b\u0430\u0432\u043d\u0430\u044f \u0441\u0442\u0440\u0430\u043d\u0438\u0446\u0430\",\"item\":\"https:\\\/\\\/super-news.info\\\/hu\\\/\"},{\"@type\":\"ListItem\",\"position\":2,\"name\":\"Elj\u00f6tt a nap, amikor a brit \u00e9telek lettek a legeg\u00e9szs\u00e9gesebbek\"}]},{\"@type\":\"WebSite\",\"@id\":\"https:\\\/\\\/super-news.info\\\/hu\\\/#website\",\"url\":\"https:\\\/\\\/super-news.info\\\/hu\\\/\",\"name\":\"Super News\",\"description\":\"Super News Magyarorsz\u00e1g\",\"potentialAction\":[{\"@type\":\"SearchAction\",\"target\":{\"@type\":\"EntryPoint\",\"urlTemplate\":\"https:\\\/\\\/super-news.info\\\/hu\\\/?s={search_term_string}\"},\"query-input\":{\"@type\":\"PropertyValueSpecification\",\"valueRequired\":true,\"valueName\":\"search_term_string\"}}],\"inLanguage\":\"hu\"},{\"@type\":\"Person\",\"@id\":\"https:\\\/\\\/super-news.info\\\/hu\\\/#\\\/schema\\\/person\\\/2d4068cb2f39cd10008c2fce578a7356\",\"name\":\"super-news\",\"image\":{\"@type\":\"ImageObject\",\"inLanguage\":\"hu\",\"@id\":\"https:\\\/\\\/secure.gravatar.com\\\/avatar\\\/64ebac40b93f26a154f8a9b5b6fdccfc46f442b26b3dd6756dbff3bf9dc76fd7?s=96&d=mm&r=g\",\"url\":\"https:\\\/\\\/secure.gravatar.com\\\/avatar\\\/64ebac40b93f26a154f8a9b5b6fdccfc46f442b26b3dd6756dbff3bf9dc76fd7?s=96&d=mm&r=g\",\"contentUrl\":\"https:\\\/\\\/secure.gravatar.com\\\/avatar\\\/64ebac40b93f26a154f8a9b5b6fdccfc46f442b26b3dd6756dbff3bf9dc76fd7?s=96&d=mm&r=g\",\"caption\":\"super-news\"},\"url\":\"https:\\\/\\\/super-news.info\\\/hu\\\/author\\\/pt\\\/\"}]}<\/script>\n<!-- \/ Yoast SEO plugin. -->","yoast_head_json":{"title":"Elj\u00f6tt a nap, amikor a brit \u00e9telek lettek a legeg\u00e9szs\u00e9gesebbek - Super News","robots":{"index":"index","follow":"follow","max-snippet":"max-snippet:-1","max-image-preview":"max-image-preview:large","max-video-preview":"max-video-preview:-1"},"canonical":"https:\/\/super-news.info\/hu\/eljott-a-nap-amikor-a-brit-etelek-lettek-a-legegeszsegesebbek\/","og_locale":"hu_HU","og_type":"article","og_title":"Elj\u00f6tt a nap, amikor a brit \u00e9telek lettek a legeg\u00e9szs\u00e9gesebbek - Super News","og_description":"[ad_1] A vil\u00e1g 12 orsz\u00e1g\u00e1nak t\u00f6bb mint n\u00e9gysz\u00e1zezer k\u00e9nyelmi \u00e9lelmiszerterm\u00e9k\u00e9t felm\u00e9r\u0151 glob\u00e1lis kutat\u00e1s eredm\u00e9nye szerint az Egyes\u00fclt Kir\u00e1lys\u00e1gban k\u00e9sz\u00fclt el\u0151k\u00e9sz\u00edtett, f\u00e9lk\u00e9sz \u00e9s k\u00e9szterm\u00e9kek tartalmazz\u00e1k a legkevesebb cukrot, tel\u00edtett zs\u00edrt \u00e9s s\u00f3t. Az ausztr\u00e1liai George Institute for Global Health eg\u00e9szs\u00e9gtudom\u00e1nyi int\u00e9zet az \u00e9lelmiszerek \u00f6sszehasonl\u00edt\u00e1sakor az orsz\u00e1gban \u00e9rv\u00e9nyben l\u00e9v\u0151 \u00e9rt\u00e9krendszert vette alapul, amely az \u00e9lelmiszerek t\u00e1p\u00e9rt\u00e9k\u00e9t, s\u00f3-, [&hellip;]","og_url":"https:\/\/super-news.info\/hu\/eljott-a-nap-amikor-a-brit-etelek-lettek-a-legegeszsegesebbek\/","og_site_name":"Super News","article_published_time":"2019-08-21T17:20:00+00:00","article_modified_time":"2019-08-21T17:20:01+00:00","og_image":[{"width":1400,"height":834,"url":"https:\/\/super-news.info\/hu\/wp-content\/uploads\/sites\/3\/2019\/08\/Elj-tt-a-nap-amikor-a-brit-telek-lettek-a-legeg-szs-gesebbek.jpg","type":"image\/jpeg"}],"author":"super-news","twitter_card":"summary_large_image","twitter_misc":{"Szerz\u0151:":"super-news","Becs\u00fclt olvas\u00e1si id\u0151":"2 perc"},"schema":{"@context":"https:\/\/schema.org","@graph":[{"@type":"Article","@id":"https:\/\/super-news.info\/hu\/eljott-a-nap-amikor-a-brit-etelek-lettek-a-legegeszsegesebbek\/#article","isPartOf":{"@id":"https:\/\/super-news.info\/hu\/eljott-a-nap-amikor-a-brit-etelek-lettek-a-legegeszsegesebbek\/"},"author":{"name":"super-news","@id":"https:\/\/super-news.info\/hu\/#\/schema\/person\/2d4068cb2f39cd10008c2fce578a7356"},"headline":"Elj\u00f6tt a nap, amikor a brit \u00e9telek lettek a legeg\u00e9szs\u00e9gesebbek","datePublished":"2019-08-21T17:20:00+00:00","dateModified":"2019-08-21T17:20:01+00:00","mainEntityOfPage":{"@id":"https:\/\/super-news.info\/hu\/eljott-a-nap-amikor-a-brit-etelek-lettek-a-legegeszsegesebbek\/"},"wordCount":460,"commentCount":0,"image":{"@id":"https:\/\/super-news.info\/hu\/eljott-a-nap-amikor-a-brit-etelek-lettek-a-legegeszsegesebbek\/#primaryimage"},"thumbnailUrl":"https:\/\/super-news.info\/hu\/wp-content\/uploads\/sites\/3\/2019\/08\/Elj-tt-a-nap-amikor-a-brit-telek-lettek-a-legeg-szs-gesebbek.jpg","articleSection":["P\u00c9NZ\u00dcGYI H\u00cdREK"],"inLanguage":"hu","potentialAction":[{"@type":"CommentAction","name":"Comment","target":["https:\/\/super-news.info\/hu\/eljott-a-nap-amikor-a-brit-etelek-lettek-a-legegeszsegesebbek\/#respond"]}]},{"@type":"WebPage","@id":"https:\/\/super-news.info\/hu\/eljott-a-nap-amikor-a-brit-etelek-lettek-a-legegeszsegesebbek\/","url":"https:\/\/super-news.info\/hu\/eljott-a-nap-amikor-a-brit-etelek-lettek-a-legegeszsegesebbek\/","name":"Elj\u00f6tt a nap, amikor a brit \u00e9telek lettek a legeg\u00e9szs\u00e9gesebbek - Super News","isPartOf":{"@id":"https:\/\/super-news.info\/hu\/#website"},"primaryImageOfPage":{"@id":"https:\/\/super-news.info\/hu\/eljott-a-nap-amikor-a-brit-etelek-lettek-a-legegeszsegesebbek\/#primaryimage"},"image":{"@id":"https:\/\/super-news.info\/hu\/eljott-a-nap-amikor-a-brit-etelek-lettek-a-legegeszsegesebbek\/#primaryimage"},"thumbnailUrl":"https:\/\/super-news.info\/hu\/wp-content\/uploads\/sites\/3\/2019\/08\/Elj-tt-a-nap-amikor-a-brit-telek-lettek-a-legeg-szs-gesebbek.jpg","datePublished":"2019-08-21T17:20:00+00:00","dateModified":"2019-08-21T17:20:01+00:00","author":{"@id":"https:\/\/super-news.info\/hu\/#\/schema\/person\/2d4068cb2f39cd10008c2fce578a7356"},"breadcrumb":{"@id":"https:\/\/super-news.info\/hu\/eljott-a-nap-amikor-a-brit-etelek-lettek-a-legegeszsegesebbek\/#breadcrumb"},"inLanguage":"hu","potentialAction":[{"@type":"ReadAction","target":["https:\/\/super-news.info\/hu\/eljott-a-nap-amikor-a-brit-etelek-lettek-a-legegeszsegesebbek\/"]}]},{"@type":"ImageObject","inLanguage":"hu","@id":"https:\/\/super-news.info\/hu\/eljott-a-nap-amikor-a-brit-etelek-lettek-a-legegeszsegesebbek\/#primaryimage","url":"https:\/\/super-news.info\/hu\/wp-content\/uploads\/sites\/3\/2019\/08\/Elj-tt-a-nap-amikor-a-brit-telek-lettek-a-legeg-szs-gesebbek.jpg","contentUrl":"https:\/\/super-news.info\/hu\/wp-content\/uploads\/sites\/3\/2019\/08\/Elj-tt-a-nap-amikor-a-brit-telek-lettek-a-legeg-szs-gesebbek.jpg","width":1400,"height":834,"caption":"Elj\u00f6tt a nap, amikor a brit \u00e9telek lettek a legeg\u00e9szs\u00e9gesebbek"},{"@type":"BreadcrumbList","@id":"https:\/\/super-news.info\/hu\/eljott-a-nap-amikor-a-brit-etelek-lettek-a-legegeszsegesebbek\/#breadcrumb","itemListElement":[{"@type":"ListItem","position":1,"name":"\u0413\u043b\u0430\u0432\u043d\u0430\u044f \u0441\u0442\u0440\u0430\u043d\u0438\u0446\u0430","item":"https:\/\/super-news.info\/hu\/"},{"@type":"ListItem","position":2,"name":"Elj\u00f6tt a nap, amikor a brit \u00e9telek lettek a legeg\u00e9szs\u00e9gesebbek"}]},{"@type":"WebSite","@id":"https:\/\/super-news.info\/hu\/#website","url":"https:\/\/super-news.info\/hu\/","name":"Super News","description":"Super News Magyarorsz\u00e1g","potentialAction":[{"@type":"SearchAction","target":{"@type":"EntryPoint","urlTemplate":"https:\/\/super-news.info\/hu\/?s={search_term_string}"},"query-input":{"@type":"PropertyValueSpecification","valueRequired":true,"valueName":"search_term_string"}}],"inLanguage":"hu"},{"@type":"Person","@id":"https:\/\/super-news.info\/hu\/#\/schema\/person\/2d4068cb2f39cd10008c2fce578a7356","name":"super-news","image":{"@type":"ImageObject","inLanguage":"hu","@id":"https:\/\/secure.gravatar.com\/avatar\/64ebac40b93f26a154f8a9b5b6fdccfc46f442b26b3dd6756dbff3bf9dc76fd7?s=96&d=mm&r=g","url":"https:\/\/secure.gravatar.com\/avatar\/64ebac40b93f26a154f8a9b5b6fdccfc46f442b26b3dd6756dbff3bf9dc76fd7?s=96&d=mm&r=g","contentUrl":"https:\/\/secure.gravatar.com\/avatar\/64ebac40b93f26a154f8a9b5b6fdccfc46f442b26b3dd6756dbff3bf9dc76fd7?s=96&d=mm&r=g","caption":"super-news"},"url":"https:\/\/super-news.info\/hu\/author\/pt\/"}]}},"_links":{"self":[{"href":"https:\/\/super-news.info\/hu\/wp-json\/wp\/v2\/posts\/8024","targetHints":{"allow":["GET"]}}],"collection":[{"href":"https:\/\/super-news.info\/hu\/wp-json\/wp\/v2\/posts"}],"about":[{"href":"https:\/\/super-news.info\/hu\/wp-json\/wp\/v2\/types\/post"}],"author":[{"embeddable":true,"href":"https:\/\/super-news.info\/hu\/wp-json\/wp\/v2\/users\/2"}],"replies":[{"embeddable":true,"href":"https:\/\/super-news.info\/hu\/wp-json\/wp\/v2\/comments?post=8024"}],"version-history":[{"count":1,"href":"https:\/\/super-news.info\/hu\/wp-json\/wp\/v2\/posts\/8024\/revisions"}],"predecessor-version":[{"id":8026,"href":"https:\/\/super-news.info\/hu\/wp-json\/wp\/v2\/posts\/8024\/revisions\/8026"}],"wp:featuredmedia":[{"embeddable":true,"href":"https:\/\/super-news.info\/hu\/wp-json\/wp\/v2\/media\/8025"}],"wp:attachment":[{"href":"https:\/\/super-news.info\/hu\/wp-json\/wp\/v2\/media?parent=8024"}],"wp:term":[{"taxonomy":"category","embeddable":true,"href":"https:\/\/super-news.info\/hu\/wp-json\/wp\/v2\/categories?post=8024"},{"taxonomy":"post_tag","embeddable":true,"href":"https:\/\/super-news.info\/hu\/wp-json\/wp\/v2\/tags?post=8024"}],"curies":[{"name":"wp","href":"https:\/\/api.w.org\/{rel}","templated":true}]}}