{"id":8018,"date":"2019-08-21T19:28:19","date_gmt":"2019-08-21T16:28:19","guid":{"rendered":"https:\/\/super-news.info\/hu\/a-vilag-legnagyobb-bicikliparkolojat-epitette-meg-hollandia\/"},"modified":"2019-08-21T19:28:20","modified_gmt":"2019-08-21T16:28:20","slug":"a-vilag-legnagyobb-bicikliparkolojat-epitette-meg-hollandia","status":"publish","type":"post","link":"https:\/\/super-news.info\/hu\/a-vilag-legnagyobb-bicikliparkolojat-epitette-meg-hollandia\/","title":{"rendered":"A vil\u00e1g legnagyobb bicikliparkol\u00f3j\u00e1t \u00e9p\u00edtette meg Hollandia"},"content":{"rendered":"<p> [ad_1]<br \/>\n<\/p>\n<p>\n\t\t\t\t\t\t\t\t\u00c1tadt\u00e1k a vil\u00e1g legnagyobb ker\u00e9kp\u00e1r-parkol\u00f3j\u00e1t a hollandiai Utrechtben, a m\u00e9lygar\u00e1zs mintegy 13 ezer bicikli t\u00e1rol\u00e1s\u00e1ra alkalmas \u2013 jelentette a helyi sajt\u00f3 szerd\u00e1n.\t\t\t\t\t\t\t<\/p>\n<div>\n<p>Az eredetileg mintegy hatezer, a most lez\u00e1rult b\u0151v\u00edt\u00e9si munk\u00e1latok lez\u00e1rulta ut\u00e1n azonban imm\u00e1r 12 ezer 656 f\u00e9r\u0151helyes parkol\u00f3t a 340 ezer lakos\u00fa v\u00e1ros f\u0151p\u00e1lyaudvara alatt hozt\u00e1k l\u00e9tre.<\/p>\n<p>A h\u00e1romszintes m\u00e9lygar\u00e1zs ezzel \u00e1tvette a vezet\u00e9st az eddigi cs\u00facstart\u00f3nak sz\u00e1m\u00edt\u00f3, 9400 f\u00e9r\u0151helyes toki\u00f3i l\u00e9tes\u00edtm\u00e9nyt\u0151l.<\/p>\n<div id=\"attachment_1700560\" style=\"width: 1410px\" class=\"wp-caption alignnone\">\n<p class=\"wp-caption-text\">Photo by Nicolas Economou\/NurPhoto<\/p>\n<\/div>\n<p>A parkol\u00f3ban 480 helyet alak\u00edtottak ki teherbiciklik sz\u00e1m\u00e1ra. A ker\u00e9kp\u00e1rosokat f\u00e9nyjelz\u00e9sek ir\u00e1ny\u00edtj\u00e1k a legk\u00f6zelebbi \u00fcres parkol\u00f3helyhez. A t\u00e1rol\u00e1s az els\u0151 24 \u00f3r\u00e1ban ingyenes, ut\u00e1na napi 1,25 eur\u00f3ba ker\u00fcl.<\/p>\n<p>A h\u00e1gai korm\u00e1nykoal\u00edci\u00f3s meg\u00e1llapod\u00e1s \u00e9rtelm\u00e9ben a k\u00f6vetkez\u0151 \u00e9vekben 100 milli\u00f3 eur\u00f3t fognak ford\u00edtani a ker\u00e9kp\u00e1ros infrastrukt\u00fara jav\u00edt\u00e1s\u00e1ra, a keret\u00f6sszeget tavaly \u00fajabb 75 milli\u00f3 eur\u00f3val eg\u00e9sz\u00edtett\u00e9k ki.<\/p>\n<p>Hollandi\u00e1ban a vas\u00fat utasainak fele ker\u00e9kp\u00e1rral \u00e9rkezik a vonathoz, de sokan arra panaszkodnak, hogy nehezen tal\u00e1lnak helyet biciklij\u00fcknek.<\/p>\n<p>A holland statisztikai hivatal 2017-es adatai szerint az orsz\u00e1gban 22 milli\u00f3 ker\u00e9kp\u00e1r van, azaz egy h\u00e1ztart\u00e1sra \u00e1tlagosan h\u00e1rom jut.<\/p>\n<\/p><\/div>\n<p><script>\n    window.fbAsyncInit = function() {\n        FB.init({\n            appId      : \"204760236815359\",\n            xfbml      : true,\n            version    : \"v2.12\"\n        });\n        FB.AppEvents.logPageView();\n    };<\/p>\n<p>    (function(d, s, id){\n        var js, fjs = d.getElementsByTagName(s)[0];\n        if (d.getElementById(id)) {return;}\n        js = d.createElement(s); js.id = id;\n        js.src = \"http:\/\/connect.facebook.net\/hu_HU\/sdk.js\";\n        fjs.parentNode.insertBefore(js, fjs);\n    }(document, \"script\", \"facebook-jssdk\"));\n<\/script><br \/>\n<br \/>[ad_2]<br \/>\n<br \/><a href=\"https:\/\/www.vg.hu\/vallalatok\/kozlekedes\/a-vilag-legnagyobb-bicikliparkolojat-epitette-meg-hollandiai-1700515\/\">Source link <\/a><\/p>\n","protected":false},"excerpt":{"rendered":"<p>[ad_1] \u00c1tadt\u00e1k a vil\u00e1g legnagyobb ker\u00e9kp\u00e1r-parkol\u00f3j\u00e1t a hollandiai Utrechtben, a m\u00e9lygar\u00e1zs mintegy 13 ezer bicikli t\u00e1rol\u00e1s\u00e1ra alkalmas \u2013 jelentette a helyi sajt\u00f3 szerd\u00e1n. Az eredetileg mintegy hatezer, a most lez\u00e1rult b\u0151v\u00edt\u00e9si munk\u00e1latok lez\u00e1rulta ut\u00e1n azonban imm\u00e1r 12 ezer 656 f\u00e9r\u0151helyes parkol\u00f3t a 340 ezer lakos\u00fa v\u00e1ros f\u0151p\u00e1lyaudvara alatt hozt\u00e1k l\u00e9tre. A h\u00e1romszintes m\u00e9lygar\u00e1zs ezzel \u00e1tvette [&hellip;]<\/p>\n","protected":false},"author":2,"featured_media":8019,"comment_status":"open","ping_status":"open","sticky":false,"template":"","format":"standard","meta":{"footnotes":""},"categories":[1],"tags":[],"class_list":["post-8018","post","type-post","status-publish","format-standard","has-post-thumbnail","hentry","category-penzugyi-hirek"],"yoast_head":"<!-- This site is optimized with the Yoast SEO plugin v27.4 - https:\/\/yoast.com\/product\/yoast-seo-wordpress\/ -->\n<title>A vil\u00e1g legnagyobb bicikliparkol\u00f3j\u00e1t \u00e9p\u00edtette meg Hollandia - Super News<\/title>\n<meta name=\"robots\" content=\"index, follow, max-snippet:-1, max-image-preview:large, max-video-preview:-1\" \/>\n<link rel=\"canonical\" href=\"https:\/\/super-news.info\/hu\/a-vilag-legnagyobb-bicikliparkolojat-epitette-meg-hollandia\/\" \/>\n<meta property=\"og:locale\" content=\"hu_HU\" \/>\n<meta property=\"og:type\" content=\"article\" \/>\n<meta property=\"og:title\" content=\"A vil\u00e1g legnagyobb bicikliparkol\u00f3j\u00e1t \u00e9p\u00edtette meg Hollandia - Super News\" \/>\n<meta property=\"og:description\" content=\"[ad_1] \u00c1tadt\u00e1k a vil\u00e1g legnagyobb ker\u00e9kp\u00e1r-parkol\u00f3j\u00e1t a hollandiai Utrechtben, a m\u00e9lygar\u00e1zs mintegy 13 ezer bicikli t\u00e1rol\u00e1s\u00e1ra alkalmas \u2013 jelentette a helyi sajt\u00f3 szerd\u00e1n. Az eredetileg mintegy hatezer, a most lez\u00e1rult b\u0151v\u00edt\u00e9si munk\u00e1latok lez\u00e1rulta ut\u00e1n azonban imm\u00e1r 12 ezer 656 f\u00e9r\u0151helyes parkol\u00f3t a 340 ezer lakos\u00fa v\u00e1ros f\u0151p\u00e1lyaudvara alatt hozt\u00e1k l\u00e9tre. A h\u00e1romszintes m\u00e9lygar\u00e1zs ezzel \u00e1tvette [&hellip;]\" \/>\n<meta property=\"og:url\" content=\"https:\/\/super-news.info\/hu\/a-vilag-legnagyobb-bicikliparkolojat-epitette-meg-hollandia\/\" \/>\n<meta property=\"og:site_name\" content=\"Super News\" \/>\n<meta property=\"article:published_time\" content=\"2019-08-21T16:28:19+00:00\" \/>\n<meta property=\"article:modified_time\" content=\"2019-08-21T16:28:20+00:00\" \/>\n<meta property=\"og:image\" content=\"https:\/\/super-news.info\/hu\/wp-content\/uploads\/sites\/3\/2019\/08\/A-vil-g-legnagyobb-bicikliparkol-j-t-p-tette-meg-Hollandia.jpg\" \/>\n\t<meta property=\"og:image:width\" content=\"1400\" \/>\n\t<meta property=\"og:image:height\" content=\"933\" \/>\n\t<meta property=\"og:image:type\" content=\"image\/jpeg\" \/>\n<meta name=\"author\" content=\"super-news\" \/>\n<meta name=\"twitter:card\" content=\"summary_large_image\" \/>\n<meta name=\"twitter:label1\" content=\"Szerz\u0151:\" \/>\n\t<meta name=\"twitter:data1\" content=\"super-news\" \/>\n\t<meta name=\"twitter:label2\" content=\"Becs\u00fclt olvas\u00e1si id\u0151\" \/>\n\t<meta name=\"twitter:data2\" content=\"1 perc\" \/>\n<script type=\"application\/ld+json\" class=\"yoast-schema-graph\">{\"@context\":\"https:\\\/\\\/schema.org\",\"@graph\":[{\"@type\":\"Article\",\"@id\":\"https:\\\/\\\/super-news.info\\\/hu\\\/a-vilag-legnagyobb-bicikliparkolojat-epitette-meg-hollandia\\\/#article\",\"isPartOf\":{\"@id\":\"https:\\\/\\\/super-news.info\\\/hu\\\/a-vilag-legnagyobb-bicikliparkolojat-epitette-meg-hollandia\\\/\"},\"author\":{\"name\":\"super-news\",\"@id\":\"https:\\\/\\\/super-news.info\\\/hu\\\/#\\\/schema\\\/person\\\/2d4068cb2f39cd10008c2fce578a7356\"},\"headline\":\"A vil\u00e1g legnagyobb bicikliparkol\u00f3j\u00e1t \u00e9p\u00edtette meg Hollandia\",\"datePublished\":\"2019-08-21T16:28:19+00:00\",\"dateModified\":\"2019-08-21T16:28:20+00:00\",\"mainEntityOfPage\":{\"@id\":\"https:\\\/\\\/super-news.info\\\/hu\\\/a-vilag-legnagyobb-bicikliparkolojat-epitette-meg-hollandia\\\/\"},\"wordCount\":258,\"commentCount\":0,\"image\":{\"@id\":\"https:\\\/\\\/super-news.info\\\/hu\\\/a-vilag-legnagyobb-bicikliparkolojat-epitette-meg-hollandia\\\/#primaryimage\"},\"thumbnailUrl\":\"https:\\\/\\\/super-news.info\\\/hu\\\/wp-content\\\/uploads\\\/sites\\\/3\\\/2019\\\/08\\\/A-vil-g-legnagyobb-bicikliparkol-j-t-p-tette-meg-Hollandia.jpg\",\"articleSection\":[\"P\u00c9NZ\u00dcGYI H\u00cdREK\"],\"inLanguage\":\"hu\",\"potentialAction\":[{\"@type\":\"CommentAction\",\"name\":\"Comment\",\"target\":[\"https:\\\/\\\/super-news.info\\\/hu\\\/a-vilag-legnagyobb-bicikliparkolojat-epitette-meg-hollandia\\\/#respond\"]}]},{\"@type\":\"WebPage\",\"@id\":\"https:\\\/\\\/super-news.info\\\/hu\\\/a-vilag-legnagyobb-bicikliparkolojat-epitette-meg-hollandia\\\/\",\"url\":\"https:\\\/\\\/super-news.info\\\/hu\\\/a-vilag-legnagyobb-bicikliparkolojat-epitette-meg-hollandia\\\/\",\"name\":\"A vil\u00e1g legnagyobb bicikliparkol\u00f3j\u00e1t \u00e9p\u00edtette meg Hollandia - Super News\",\"isPartOf\":{\"@id\":\"https:\\\/\\\/super-news.info\\\/hu\\\/#website\"},\"primaryImageOfPage\":{\"@id\":\"https:\\\/\\\/super-news.info\\\/hu\\\/a-vilag-legnagyobb-bicikliparkolojat-epitette-meg-hollandia\\\/#primaryimage\"},\"image\":{\"@id\":\"https:\\\/\\\/super-news.info\\\/hu\\\/a-vilag-legnagyobb-bicikliparkolojat-epitette-meg-hollandia\\\/#primaryimage\"},\"thumbnailUrl\":\"https:\\\/\\\/super-news.info\\\/hu\\\/wp-content\\\/uploads\\\/sites\\\/3\\\/2019\\\/08\\\/A-vil-g-legnagyobb-bicikliparkol-j-t-p-tette-meg-Hollandia.jpg\",\"datePublished\":\"2019-08-21T16:28:19+00:00\",\"dateModified\":\"2019-08-21T16:28:20+00:00\",\"author\":{\"@id\":\"https:\\\/\\\/super-news.info\\\/hu\\\/#\\\/schema\\\/person\\\/2d4068cb2f39cd10008c2fce578a7356\"},\"breadcrumb\":{\"@id\":\"https:\\\/\\\/super-news.info\\\/hu\\\/a-vilag-legnagyobb-bicikliparkolojat-epitette-meg-hollandia\\\/#breadcrumb\"},\"inLanguage\":\"hu\",\"potentialAction\":[{\"@type\":\"ReadAction\",\"target\":[\"https:\\\/\\\/super-news.info\\\/hu\\\/a-vilag-legnagyobb-bicikliparkolojat-epitette-meg-hollandia\\\/\"]}]},{\"@type\":\"ImageObject\",\"inLanguage\":\"hu\",\"@id\":\"https:\\\/\\\/super-news.info\\\/hu\\\/a-vilag-legnagyobb-bicikliparkolojat-epitette-meg-hollandia\\\/#primaryimage\",\"url\":\"https:\\\/\\\/super-news.info\\\/hu\\\/wp-content\\\/uploads\\\/sites\\\/3\\\/2019\\\/08\\\/A-vil-g-legnagyobb-bicikliparkol-j-t-p-tette-meg-Hollandia.jpg\",\"contentUrl\":\"https:\\\/\\\/super-news.info\\\/hu\\\/wp-content\\\/uploads\\\/sites\\\/3\\\/2019\\\/08\\\/A-vil-g-legnagyobb-bicikliparkol-j-t-p-tette-meg-Hollandia.jpg\",\"width\":1400,\"height\":933,\"caption\":\"A vil\u00e1g legnagyobb bicikliparkol\u00f3j\u00e1t \u00e9p\u00edtette meg Hollandia\"},{\"@type\":\"BreadcrumbList\",\"@id\":\"https:\\\/\\\/super-news.info\\\/hu\\\/a-vilag-legnagyobb-bicikliparkolojat-epitette-meg-hollandia\\\/#breadcrumb\",\"itemListElement\":[{\"@type\":\"ListItem\",\"position\":1,\"name\":\"\u0413\u043b\u0430\u0432\u043d\u0430\u044f \u0441\u0442\u0440\u0430\u043d\u0438\u0446\u0430\",\"item\":\"https:\\\/\\\/super-news.info\\\/hu\\\/\"},{\"@type\":\"ListItem\",\"position\":2,\"name\":\"A vil\u00e1g legnagyobb bicikliparkol\u00f3j\u00e1t \u00e9p\u00edtette meg Hollandia\"}]},{\"@type\":\"WebSite\",\"@id\":\"https:\\\/\\\/super-news.info\\\/hu\\\/#website\",\"url\":\"https:\\\/\\\/super-news.info\\\/hu\\\/\",\"name\":\"Super News\",\"description\":\"Super News Magyarorsz\u00e1g\",\"potentialAction\":[{\"@type\":\"SearchAction\",\"target\":{\"@type\":\"EntryPoint\",\"urlTemplate\":\"https:\\\/\\\/super-news.info\\\/hu\\\/?s={search_term_string}\"},\"query-input\":{\"@type\":\"PropertyValueSpecification\",\"valueRequired\":true,\"valueName\":\"search_term_string\"}}],\"inLanguage\":\"hu\"},{\"@type\":\"Person\",\"@id\":\"https:\\\/\\\/super-news.info\\\/hu\\\/#\\\/schema\\\/person\\\/2d4068cb2f39cd10008c2fce578a7356\",\"name\":\"super-news\",\"image\":{\"@type\":\"ImageObject\",\"inLanguage\":\"hu\",\"@id\":\"https:\\\/\\\/secure.gravatar.com\\\/avatar\\\/64ebac40b93f26a154f8a9b5b6fdccfc46f442b26b3dd6756dbff3bf9dc76fd7?s=96&d=mm&r=g\",\"url\":\"https:\\\/\\\/secure.gravatar.com\\\/avatar\\\/64ebac40b93f26a154f8a9b5b6fdccfc46f442b26b3dd6756dbff3bf9dc76fd7?s=96&d=mm&r=g\",\"contentUrl\":\"https:\\\/\\\/secure.gravatar.com\\\/avatar\\\/64ebac40b93f26a154f8a9b5b6fdccfc46f442b26b3dd6756dbff3bf9dc76fd7?s=96&d=mm&r=g\",\"caption\":\"super-news\"},\"url\":\"https:\\\/\\\/super-news.info\\\/hu\\\/author\\\/pt\\\/\"}]}<\/script>\n<!-- \/ Yoast SEO plugin. -->","yoast_head_json":{"title":"A vil\u00e1g legnagyobb bicikliparkol\u00f3j\u00e1t \u00e9p\u00edtette meg Hollandia - Super News","robots":{"index":"index","follow":"follow","max-snippet":"max-snippet:-1","max-image-preview":"max-image-preview:large","max-video-preview":"max-video-preview:-1"},"canonical":"https:\/\/super-news.info\/hu\/a-vilag-legnagyobb-bicikliparkolojat-epitette-meg-hollandia\/","og_locale":"hu_HU","og_type":"article","og_title":"A vil\u00e1g legnagyobb bicikliparkol\u00f3j\u00e1t \u00e9p\u00edtette meg Hollandia - Super News","og_description":"[ad_1] \u00c1tadt\u00e1k a vil\u00e1g legnagyobb ker\u00e9kp\u00e1r-parkol\u00f3j\u00e1t a hollandiai Utrechtben, a m\u00e9lygar\u00e1zs mintegy 13 ezer bicikli t\u00e1rol\u00e1s\u00e1ra alkalmas \u2013 jelentette a helyi sajt\u00f3 szerd\u00e1n. Az eredetileg mintegy hatezer, a most lez\u00e1rult b\u0151v\u00edt\u00e9si munk\u00e1latok lez\u00e1rulta ut\u00e1n azonban imm\u00e1r 12 ezer 656 f\u00e9r\u0151helyes parkol\u00f3t a 340 ezer lakos\u00fa v\u00e1ros f\u0151p\u00e1lyaudvara alatt hozt\u00e1k l\u00e9tre. A h\u00e1romszintes m\u00e9lygar\u00e1zs ezzel \u00e1tvette [&hellip;]","og_url":"https:\/\/super-news.info\/hu\/a-vilag-legnagyobb-bicikliparkolojat-epitette-meg-hollandia\/","og_site_name":"Super News","article_published_time":"2019-08-21T16:28:19+00:00","article_modified_time":"2019-08-21T16:28:20+00:00","og_image":[{"width":1400,"height":933,"url":"https:\/\/super-news.info\/hu\/wp-content\/uploads\/sites\/3\/2019\/08\/A-vil-g-legnagyobb-bicikliparkol-j-t-p-tette-meg-Hollandia.jpg","type":"image\/jpeg"}],"author":"super-news","twitter_card":"summary_large_image","twitter_misc":{"Szerz\u0151:":"super-news","Becs\u00fclt olvas\u00e1si id\u0151":"1 perc"},"schema":{"@context":"https:\/\/schema.org","@graph":[{"@type":"Article","@id":"https:\/\/super-news.info\/hu\/a-vilag-legnagyobb-bicikliparkolojat-epitette-meg-hollandia\/#article","isPartOf":{"@id":"https:\/\/super-news.info\/hu\/a-vilag-legnagyobb-bicikliparkolojat-epitette-meg-hollandia\/"},"author":{"name":"super-news","@id":"https:\/\/super-news.info\/hu\/#\/schema\/person\/2d4068cb2f39cd10008c2fce578a7356"},"headline":"A vil\u00e1g legnagyobb bicikliparkol\u00f3j\u00e1t \u00e9p\u00edtette meg Hollandia","datePublished":"2019-08-21T16:28:19+00:00","dateModified":"2019-08-21T16:28:20+00:00","mainEntityOfPage":{"@id":"https:\/\/super-news.info\/hu\/a-vilag-legnagyobb-bicikliparkolojat-epitette-meg-hollandia\/"},"wordCount":258,"commentCount":0,"image":{"@id":"https:\/\/super-news.info\/hu\/a-vilag-legnagyobb-bicikliparkolojat-epitette-meg-hollandia\/#primaryimage"},"thumbnailUrl":"https:\/\/super-news.info\/hu\/wp-content\/uploads\/sites\/3\/2019\/08\/A-vil-g-legnagyobb-bicikliparkol-j-t-p-tette-meg-Hollandia.jpg","articleSection":["P\u00c9NZ\u00dcGYI H\u00cdREK"],"inLanguage":"hu","potentialAction":[{"@type":"CommentAction","name":"Comment","target":["https:\/\/super-news.info\/hu\/a-vilag-legnagyobb-bicikliparkolojat-epitette-meg-hollandia\/#respond"]}]},{"@type":"WebPage","@id":"https:\/\/super-news.info\/hu\/a-vilag-legnagyobb-bicikliparkolojat-epitette-meg-hollandia\/","url":"https:\/\/super-news.info\/hu\/a-vilag-legnagyobb-bicikliparkolojat-epitette-meg-hollandia\/","name":"A vil\u00e1g legnagyobb bicikliparkol\u00f3j\u00e1t \u00e9p\u00edtette meg Hollandia - Super News","isPartOf":{"@id":"https:\/\/super-news.info\/hu\/#website"},"primaryImageOfPage":{"@id":"https:\/\/super-news.info\/hu\/a-vilag-legnagyobb-bicikliparkolojat-epitette-meg-hollandia\/#primaryimage"},"image":{"@id":"https:\/\/super-news.info\/hu\/a-vilag-legnagyobb-bicikliparkolojat-epitette-meg-hollandia\/#primaryimage"},"thumbnailUrl":"https:\/\/super-news.info\/hu\/wp-content\/uploads\/sites\/3\/2019\/08\/A-vil-g-legnagyobb-bicikliparkol-j-t-p-tette-meg-Hollandia.jpg","datePublished":"2019-08-21T16:28:19+00:00","dateModified":"2019-08-21T16:28:20+00:00","author":{"@id":"https:\/\/super-news.info\/hu\/#\/schema\/person\/2d4068cb2f39cd10008c2fce578a7356"},"breadcrumb":{"@id":"https:\/\/super-news.info\/hu\/a-vilag-legnagyobb-bicikliparkolojat-epitette-meg-hollandia\/#breadcrumb"},"inLanguage":"hu","potentialAction":[{"@type":"ReadAction","target":["https:\/\/super-news.info\/hu\/a-vilag-legnagyobb-bicikliparkolojat-epitette-meg-hollandia\/"]}]},{"@type":"ImageObject","inLanguage":"hu","@id":"https:\/\/super-news.info\/hu\/a-vilag-legnagyobb-bicikliparkolojat-epitette-meg-hollandia\/#primaryimage","url":"https:\/\/super-news.info\/hu\/wp-content\/uploads\/sites\/3\/2019\/08\/A-vil-g-legnagyobb-bicikliparkol-j-t-p-tette-meg-Hollandia.jpg","contentUrl":"https:\/\/super-news.info\/hu\/wp-content\/uploads\/sites\/3\/2019\/08\/A-vil-g-legnagyobb-bicikliparkol-j-t-p-tette-meg-Hollandia.jpg","width":1400,"height":933,"caption":"A vil\u00e1g legnagyobb bicikliparkol\u00f3j\u00e1t \u00e9p\u00edtette meg Hollandia"},{"@type":"BreadcrumbList","@id":"https:\/\/super-news.info\/hu\/a-vilag-legnagyobb-bicikliparkolojat-epitette-meg-hollandia\/#breadcrumb","itemListElement":[{"@type":"ListItem","position":1,"name":"\u0413\u043b\u0430\u0432\u043d\u0430\u044f \u0441\u0442\u0440\u0430\u043d\u0438\u0446\u0430","item":"https:\/\/super-news.info\/hu\/"},{"@type":"ListItem","position":2,"name":"A vil\u00e1g legnagyobb bicikliparkol\u00f3j\u00e1t \u00e9p\u00edtette meg Hollandia"}]},{"@type":"WebSite","@id":"https:\/\/super-news.info\/hu\/#website","url":"https:\/\/super-news.info\/hu\/","name":"Super News","description":"Super News Magyarorsz\u00e1g","potentialAction":[{"@type":"SearchAction","target":{"@type":"EntryPoint","urlTemplate":"https:\/\/super-news.info\/hu\/?s={search_term_string}"},"query-input":{"@type":"PropertyValueSpecification","valueRequired":true,"valueName":"search_term_string"}}],"inLanguage":"hu"},{"@type":"Person","@id":"https:\/\/super-news.info\/hu\/#\/schema\/person\/2d4068cb2f39cd10008c2fce578a7356","name":"super-news","image":{"@type":"ImageObject","inLanguage":"hu","@id":"https:\/\/secure.gravatar.com\/avatar\/64ebac40b93f26a154f8a9b5b6fdccfc46f442b26b3dd6756dbff3bf9dc76fd7?s=96&d=mm&r=g","url":"https:\/\/secure.gravatar.com\/avatar\/64ebac40b93f26a154f8a9b5b6fdccfc46f442b26b3dd6756dbff3bf9dc76fd7?s=96&d=mm&r=g","contentUrl":"https:\/\/secure.gravatar.com\/avatar\/64ebac40b93f26a154f8a9b5b6fdccfc46f442b26b3dd6756dbff3bf9dc76fd7?s=96&d=mm&r=g","caption":"super-news"},"url":"https:\/\/super-news.info\/hu\/author\/pt\/"}]}},"_links":{"self":[{"href":"https:\/\/super-news.info\/hu\/wp-json\/wp\/v2\/posts\/8018","targetHints":{"allow":["GET"]}}],"collection":[{"href":"https:\/\/super-news.info\/hu\/wp-json\/wp\/v2\/posts"}],"about":[{"href":"https:\/\/super-news.info\/hu\/wp-json\/wp\/v2\/types\/post"}],"author":[{"embeddable":true,"href":"https:\/\/super-news.info\/hu\/wp-json\/wp\/v2\/users\/2"}],"replies":[{"embeddable":true,"href":"https:\/\/super-news.info\/hu\/wp-json\/wp\/v2\/comments?post=8018"}],"version-history":[{"count":1,"href":"https:\/\/super-news.info\/hu\/wp-json\/wp\/v2\/posts\/8018\/revisions"}],"predecessor-version":[{"id":8020,"href":"https:\/\/super-news.info\/hu\/wp-json\/wp\/v2\/posts\/8018\/revisions\/8020"}],"wp:featuredmedia":[{"embeddable":true,"href":"https:\/\/super-news.info\/hu\/wp-json\/wp\/v2\/media\/8019"}],"wp:attachment":[{"href":"https:\/\/super-news.info\/hu\/wp-json\/wp\/v2\/media?parent=8018"}],"wp:term":[{"taxonomy":"category","embeddable":true,"href":"https:\/\/super-news.info\/hu\/wp-json\/wp\/v2\/categories?post=8018"},{"taxonomy":"post_tag","embeddable":true,"href":"https:\/\/super-news.info\/hu\/wp-json\/wp\/v2\/tags?post=8018"}],"curies":[{"name":"wp","href":"https:\/\/api.w.org\/{rel}","templated":true}]}}