{"id":8005,"date":"2019-08-21T15:52:18","date_gmt":"2019-08-21T12:52:18","guid":{"rendered":"https:\/\/super-news.info\/hu\/rossz-hirrel-szolgal-a-kamara-a-korte-kedveloinek\/"},"modified":"2019-08-21T15:52:19","modified_gmt":"2019-08-21T12:52:19","slug":"rossz-hirrel-szolgal-a-kamara-a-korte-kedveloinek","status":"publish","type":"post","link":"https:\/\/super-news.info\/hu\/rossz-hirrel-szolgal-a-kamara-a-korte-kedveloinek\/","title":{"rendered":"Rossz h\u00edrrel szolg\u00e1l a kamara a k\u00f6rte kedvel\u0151inek"},"content":{"rendered":"<p> [ad_1]<br \/>\n<\/p>\n<p>\n\t\t\t\t\t\t\t\tKevesebb k\u00f6rte terem id\u00e9n a Nemzeti Agr\u00e1rgazdas\u00e1gi Kamara el\u0151rejelz\u00e9s\u00e9b\u0151l.\t\t\t\t\t\t\t<\/p>\n<div>\n<p>Az id\u00e9n az \u00e1tlagos \u00e9vekhez k\u00e9pest ak\u00e1r 20-25 sz\u00e1zal\u00e9kkal is kevesebb, mintegy 25 ezer tonna lehet a belf\u00f6ldi k\u00f6rteterm\u00e9s az el\u0151zetes adatok alapj\u00e1n, a min\u0151s\u00e9g megfelel\u0151nek \u00edg\u00e9rkezik \u2013 der\u00fclt ki a Nemzeti Agr\u00e1rgazdas\u00e1gi Kamara (NAK) k\u00f6rk\u00e9p\u00e9b\u0151l. A NAK szerdai k\u00f6zlem\u00e9nye szerint Magyarorsz\u00e1gon a sok\u00e9ves term\u00e9smennnyis\u00e9g \u00e1tlagosan 33 ezer tonn\u00e1t tesz ki.<\/p>\n<p>K\u00f6z\u00f6lt\u00e9k: az Alma-K\u00f6rte Vil\u00e1gsz\u00f6vets\u00e9g (WAPA) adatai alapj\u00e1n Eur\u00f3p\u00e1ban k\u00f6rt\u00e9b\u0151l 2 milli\u00f3 tonna k\u00f6r\u00fcl teremhet az id\u00e9n,<\/p>\n<p>ami 14 sz\u00e1zal\u00e9kos cs\u00f6kken\u00e9st jelent tavalyhoz k\u00e9pest.<\/p>\n<p>A jelent\u00e9s szerint Spanyolorsz\u00e1g kiv\u00e9tel\u00e9vel minden meghat\u00e1roz\u00f3 termel\u0151 orsz\u00e1gban visszaes\u00e9ssel sz\u00e1molnak, \u00edgy k\u00f6rt\u00e9b\u0151l az \u00e9vtized m\u00e1sodik legalacsonyabb term\u00e9se v\u00e1rhat\u00f3 a kontinensen.<\/p>\n<div id=\"attachment_1036464\" style=\"width: 1410px\" class=\"wp-caption alignnone\">\n<p class=\"wp-caption-text\">Fot\u00f3: Varga Gy\u00f6rgy<\/p>\n<\/div>\n<p>A term\u00e9scs\u00f6kken\u00e9s h\u00e1tter\u00e9ben a tavalyi h\u0151s\u00e9g \u00e1ll, valamint az, hogy az elm\u00falt \u00e9vi nagy term\u00e9s jelent\u0151sen terhelte a f\u00e1kat, amely id\u00e9n gyenge vir\u00e1gz\u00e1ssal j\u00e1rt. A csapad\u00e9kos id\u0151j\u00e1r\u00e1s miatt pedig mintegy k\u00e9t h\u00e9ttel cs\u00faszik a k\u00f6rte betakar\u00edt\u00e1sa \u2013 tette hozz\u00e1 a NAK.<br \/>Az agr\u00e1rkamara kiemelte, hogy a k\u00f6rtefajt\u00e1k \u00e9r\u00e9si ideje j\u00faliust\u00f3l okt\u00f3ber v\u00e9g\u00e9ig tart. A j\u00falius, augusztus h\u00f3napban \u00e9r\u0151 fajt\u00e1kat ny\u00e1ri k\u00f6rt\u00e9knek nevezik, azok hossz\u00fa idej\u0171 t\u00e1rol\u00e1sra nem alkalmasak, \u00e1ltal\u00e1ban frissen fogyasztj\u00e1k. Ilyen t\u00f6bbek k\u00f6z\u00f6tt a Vilmos k\u00f6rte is, amelynek szed\u00e9se m\u00e1r zajlik. A k\u00f6rte\u00fcltetv\u00e9nyek jelent\u0151s r\u00e9sz\u00e9n els\u0151sorban \u0151szi fajt\u00e1kat termesztenek, \u00edgy a gazdas\u00e1gilag jelent\u0151s k\u00f6rtefajt\u00e1k z\u00f6m\u00e9t \u0151sszel takar\u00edtj\u00e1k be. Belf\u00f6ld\u00f6n a k\u00f6rt\u00e9k k\u00f6z\u00fcl a legnagyobb ter\u00fcleten Bosc kobak fajt\u00e1t termesztenek, amely mellett a Conferance \u00e9s a Hardy vajk\u00f6rt\u00e9k is kedveltek a piacon. Ezek szeptember k\u00f6zep\u00e9t\u0151l okt\u00f3berig \u00e9rnek \u00e9s 2-2,5 h\u00f3napon kereszt\u00fcl t\u00e1rolhat\u00f3k.<\/p>\n<div class=\"aframe\">\n<p>A termeszt\u0151ter\u00fclet \u00e9vr\u0151l \u00e9vre cs\u00f6kken: m\u00edg 2017-ben 2342 hekt\u00e1ron, tavaly 2270 hekt\u00e1ron volt k\u00f6rte\u00fcltetv\u00e9ny, id\u00e9n 2264 hekt\u00e1ron termesztik a gy\u00fcm\u00f6lcs\u00f6t a ter\u00fcletalap\u00fa t\u00e1mogat\u00e1sok adatai szerint. A f\u0151 termeszt\u0151k\u00f6rzetek Magyarorsz\u00e1gon az Alpokalj\u00e1n, a Bodrogk\u00f6zben \u00e9s Szabolcs-Szatm\u00e1r-Bereg megy\u00e9ben tal\u00e1lhat\u00f3k \u2013 \u00edrta a NAK.<\/p>\n<\/div>\n<p>\u00a0<\/p>\n<\/p><\/div>\n<p><script>\n    window.fbAsyncInit = function() {\n        FB.init({\n            appId      : \"204760236815359\",\n            xfbml      : true,\n            version    : \"v2.12\"\n        });\n        FB.AppEvents.logPageView();\n    };<\/p>\n<p>    (function(d, s, id){\n        var js, fjs = d.getElementsByTagName(s)[0];\n        if (d.getElementById(id)) {return;}\n        js = d.createElement(s); js.id = id;\n        js.src = \"http:\/\/connect.facebook.net\/hu_HU\/sdk.js\";\n        fjs.parentNode.insertBefore(js, fjs);\n    }(document, \"script\", \"facebook-jssdk\"));\n<\/script><br \/>\n<br \/>[ad_2]<br \/>\n<br \/><a href=\"https:\/\/www.vg.hu\/vallalatok\/mezogazdasag\/rossz-hirrel-szolgal-a-kamara-a-korte-kedveloinek-1699699\/\">Source link <\/a><\/p>\n","protected":false},"excerpt":{"rendered":"<p>[ad_1] Kevesebb k\u00f6rte terem id\u00e9n a Nemzeti Agr\u00e1rgazdas\u00e1gi Kamara el\u0151rejelz\u00e9s\u00e9b\u0151l. Az id\u00e9n az \u00e1tlagos \u00e9vekhez k\u00e9pest ak\u00e1r 20-25 sz\u00e1zal\u00e9kkal is kevesebb, mintegy 25 ezer tonna lehet a belf\u00f6ldi k\u00f6rteterm\u00e9s az el\u0151zetes adatok alapj\u00e1n, a min\u0151s\u00e9g megfelel\u0151nek \u00edg\u00e9rkezik \u2013 der\u00fclt ki a Nemzeti Agr\u00e1rgazdas\u00e1gi Kamara (NAK) k\u00f6rk\u00e9p\u00e9b\u0151l. A NAK szerdai k\u00f6zlem\u00e9nye szerint Magyarorsz\u00e1gon a sok\u00e9ves term\u00e9smennnyis\u00e9g [&hellip;]<\/p>\n","protected":false},"author":2,"featured_media":8006,"comment_status":"open","ping_status":"open","sticky":false,"template":"","format":"standard","meta":{"footnotes":""},"categories":[1],"tags":[],"class_list":["post-8005","post","type-post","status-publish","format-standard","has-post-thumbnail","hentry","category-penzugyi-hirek"],"yoast_head":"<!-- This site is optimized with the Yoast SEO plugin v27.4 - https:\/\/yoast.com\/product\/yoast-seo-wordpress\/ -->\n<title>Rossz h\u00edrrel szolg\u00e1l a kamara a k\u00f6rte kedvel\u0151inek - Super News<\/title>\n<meta name=\"robots\" content=\"index, follow, max-snippet:-1, max-image-preview:large, max-video-preview:-1\" \/>\n<link rel=\"canonical\" href=\"https:\/\/super-news.info\/hu\/rossz-hirrel-szolgal-a-kamara-a-korte-kedveloinek\/\" \/>\n<meta property=\"og:locale\" content=\"hu_HU\" \/>\n<meta property=\"og:type\" content=\"article\" \/>\n<meta property=\"og:title\" content=\"Rossz h\u00edrrel szolg\u00e1l a kamara a k\u00f6rte kedvel\u0151inek - Super News\" \/>\n<meta property=\"og:description\" content=\"[ad_1] Kevesebb k\u00f6rte terem id\u00e9n a Nemzeti Agr\u00e1rgazdas\u00e1gi Kamara el\u0151rejelz\u00e9s\u00e9b\u0151l. Az id\u00e9n az \u00e1tlagos \u00e9vekhez k\u00e9pest ak\u00e1r 20-25 sz\u00e1zal\u00e9kkal is kevesebb, mintegy 25 ezer tonna lehet a belf\u00f6ldi k\u00f6rteterm\u00e9s az el\u0151zetes adatok alapj\u00e1n, a min\u0151s\u00e9g megfelel\u0151nek \u00edg\u00e9rkezik \u2013 der\u00fclt ki a Nemzeti Agr\u00e1rgazdas\u00e1gi Kamara (NAK) k\u00f6rk\u00e9p\u00e9b\u0151l. A NAK szerdai k\u00f6zlem\u00e9nye szerint Magyarorsz\u00e1gon a sok\u00e9ves term\u00e9smennnyis\u00e9g [&hellip;]\" \/>\n<meta property=\"og:url\" content=\"https:\/\/super-news.info\/hu\/rossz-hirrel-szolgal-a-kamara-a-korte-kedveloinek\/\" \/>\n<meta property=\"og:site_name\" content=\"Super News\" \/>\n<meta property=\"article:published_time\" content=\"2019-08-21T12:52:18+00:00\" \/>\n<meta property=\"article:modified_time\" content=\"2019-08-21T12:52:19+00:00\" \/>\n<meta property=\"og:image\" content=\"https:\/\/super-news.info\/hu\/wp-content\/uploads\/sites\/3\/2019\/08\/Rossz-h-rrel-szolg-l-a-kamara-a-k-rte-kedvel-inek.jpg\" \/>\n\t<meta property=\"og:image:width\" content=\"1400\" \/>\n\t<meta property=\"og:image:height\" content=\"1012\" \/>\n\t<meta property=\"og:image:type\" content=\"image\/jpeg\" \/>\n<meta name=\"author\" content=\"super-news\" \/>\n<meta name=\"twitter:card\" content=\"summary_large_image\" \/>\n<meta name=\"twitter:label1\" content=\"Szerz\u0151:\" \/>\n\t<meta name=\"twitter:data1\" content=\"super-news\" \/>\n\t<meta name=\"twitter:label2\" content=\"Becs\u00fclt olvas\u00e1si id\u0151\" \/>\n\t<meta name=\"twitter:data2\" content=\"2 perc\" \/>\n<script type=\"application\/ld+json\" class=\"yoast-schema-graph\">{\"@context\":\"https:\\\/\\\/schema.org\",\"@graph\":[{\"@type\":\"Article\",\"@id\":\"https:\\\/\\\/super-news.info\\\/hu\\\/rossz-hirrel-szolgal-a-kamara-a-korte-kedveloinek\\\/#article\",\"isPartOf\":{\"@id\":\"https:\\\/\\\/super-news.info\\\/hu\\\/rossz-hirrel-szolgal-a-kamara-a-korte-kedveloinek\\\/\"},\"author\":{\"name\":\"super-news\",\"@id\":\"https:\\\/\\\/super-news.info\\\/hu\\\/#\\\/schema\\\/person\\\/2d4068cb2f39cd10008c2fce578a7356\"},\"headline\":\"Rossz h\u00edrrel szolg\u00e1l a kamara a k\u00f6rte kedvel\u0151inek\",\"datePublished\":\"2019-08-21T12:52:18+00:00\",\"dateModified\":\"2019-08-21T12:52:19+00:00\",\"mainEntityOfPage\":{\"@id\":\"https:\\\/\\\/super-news.info\\\/hu\\\/rossz-hirrel-szolgal-a-kamara-a-korte-kedveloinek\\\/\"},\"wordCount\":469,\"commentCount\":0,\"image\":{\"@id\":\"https:\\\/\\\/super-news.info\\\/hu\\\/rossz-hirrel-szolgal-a-kamara-a-korte-kedveloinek\\\/#primaryimage\"},\"thumbnailUrl\":\"https:\\\/\\\/super-news.info\\\/hu\\\/wp-content\\\/uploads\\\/sites\\\/3\\\/2019\\\/08\\\/Rossz-h-rrel-szolg-l-a-kamara-a-k-rte-kedvel-inek.jpg\",\"articleSection\":[\"P\u00c9NZ\u00dcGYI H\u00cdREK\"],\"inLanguage\":\"hu\",\"potentialAction\":[{\"@type\":\"CommentAction\",\"name\":\"Comment\",\"target\":[\"https:\\\/\\\/super-news.info\\\/hu\\\/rossz-hirrel-szolgal-a-kamara-a-korte-kedveloinek\\\/#respond\"]}]},{\"@type\":\"WebPage\",\"@id\":\"https:\\\/\\\/super-news.info\\\/hu\\\/rossz-hirrel-szolgal-a-kamara-a-korte-kedveloinek\\\/\",\"url\":\"https:\\\/\\\/super-news.info\\\/hu\\\/rossz-hirrel-szolgal-a-kamara-a-korte-kedveloinek\\\/\",\"name\":\"Rossz h\u00edrrel szolg\u00e1l a kamara a k\u00f6rte kedvel\u0151inek - Super News\",\"isPartOf\":{\"@id\":\"https:\\\/\\\/super-news.info\\\/hu\\\/#website\"},\"primaryImageOfPage\":{\"@id\":\"https:\\\/\\\/super-news.info\\\/hu\\\/rossz-hirrel-szolgal-a-kamara-a-korte-kedveloinek\\\/#primaryimage\"},\"image\":{\"@id\":\"https:\\\/\\\/super-news.info\\\/hu\\\/rossz-hirrel-szolgal-a-kamara-a-korte-kedveloinek\\\/#primaryimage\"},\"thumbnailUrl\":\"https:\\\/\\\/super-news.info\\\/hu\\\/wp-content\\\/uploads\\\/sites\\\/3\\\/2019\\\/08\\\/Rossz-h-rrel-szolg-l-a-kamara-a-k-rte-kedvel-inek.jpg\",\"datePublished\":\"2019-08-21T12:52:18+00:00\",\"dateModified\":\"2019-08-21T12:52:19+00:00\",\"author\":{\"@id\":\"https:\\\/\\\/super-news.info\\\/hu\\\/#\\\/schema\\\/person\\\/2d4068cb2f39cd10008c2fce578a7356\"},\"breadcrumb\":{\"@id\":\"https:\\\/\\\/super-news.info\\\/hu\\\/rossz-hirrel-szolgal-a-kamara-a-korte-kedveloinek\\\/#breadcrumb\"},\"inLanguage\":\"hu\",\"potentialAction\":[{\"@type\":\"ReadAction\",\"target\":[\"https:\\\/\\\/super-news.info\\\/hu\\\/rossz-hirrel-szolgal-a-kamara-a-korte-kedveloinek\\\/\"]}]},{\"@type\":\"ImageObject\",\"inLanguage\":\"hu\",\"@id\":\"https:\\\/\\\/super-news.info\\\/hu\\\/rossz-hirrel-szolgal-a-kamara-a-korte-kedveloinek\\\/#primaryimage\",\"url\":\"https:\\\/\\\/super-news.info\\\/hu\\\/wp-content\\\/uploads\\\/sites\\\/3\\\/2019\\\/08\\\/Rossz-h-rrel-szolg-l-a-kamara-a-k-rte-kedvel-inek.jpg\",\"contentUrl\":\"https:\\\/\\\/super-news.info\\\/hu\\\/wp-content\\\/uploads\\\/sites\\\/3\\\/2019\\\/08\\\/Rossz-h-rrel-szolg-l-a-kamara-a-k-rte-kedvel-inek.jpg\",\"width\":1400,\"height\":1012,\"caption\":\"Rossz h\u00edrrel szolg\u00e1l a kamara a k\u00f6rte kedvel\u0151inek\"},{\"@type\":\"BreadcrumbList\",\"@id\":\"https:\\\/\\\/super-news.info\\\/hu\\\/rossz-hirrel-szolgal-a-kamara-a-korte-kedveloinek\\\/#breadcrumb\",\"itemListElement\":[{\"@type\":\"ListItem\",\"position\":1,\"name\":\"\u0413\u043b\u0430\u0432\u043d\u0430\u044f \u0441\u0442\u0440\u0430\u043d\u0438\u0446\u0430\",\"item\":\"https:\\\/\\\/super-news.info\\\/hu\\\/\"},{\"@type\":\"ListItem\",\"position\":2,\"name\":\"Rossz h\u00edrrel szolg\u00e1l a kamara a k\u00f6rte kedvel\u0151inek\"}]},{\"@type\":\"WebSite\",\"@id\":\"https:\\\/\\\/super-news.info\\\/hu\\\/#website\",\"url\":\"https:\\\/\\\/super-news.info\\\/hu\\\/\",\"name\":\"Super News\",\"description\":\"Super News Magyarorsz\u00e1g\",\"potentialAction\":[{\"@type\":\"SearchAction\",\"target\":{\"@type\":\"EntryPoint\",\"urlTemplate\":\"https:\\\/\\\/super-news.info\\\/hu\\\/?s={search_term_string}\"},\"query-input\":{\"@type\":\"PropertyValueSpecification\",\"valueRequired\":true,\"valueName\":\"search_term_string\"}}],\"inLanguage\":\"hu\"},{\"@type\":\"Person\",\"@id\":\"https:\\\/\\\/super-news.info\\\/hu\\\/#\\\/schema\\\/person\\\/2d4068cb2f39cd10008c2fce578a7356\",\"name\":\"super-news\",\"image\":{\"@type\":\"ImageObject\",\"inLanguage\":\"hu\",\"@id\":\"https:\\\/\\\/secure.gravatar.com\\\/avatar\\\/64ebac40b93f26a154f8a9b5b6fdccfc46f442b26b3dd6756dbff3bf9dc76fd7?s=96&d=mm&r=g\",\"url\":\"https:\\\/\\\/secure.gravatar.com\\\/avatar\\\/64ebac40b93f26a154f8a9b5b6fdccfc46f442b26b3dd6756dbff3bf9dc76fd7?s=96&d=mm&r=g\",\"contentUrl\":\"https:\\\/\\\/secure.gravatar.com\\\/avatar\\\/64ebac40b93f26a154f8a9b5b6fdccfc46f442b26b3dd6756dbff3bf9dc76fd7?s=96&d=mm&r=g\",\"caption\":\"super-news\"},\"url\":\"https:\\\/\\\/super-news.info\\\/hu\\\/author\\\/pt\\\/\"}]}<\/script>\n<!-- \/ Yoast SEO plugin. -->","yoast_head_json":{"title":"Rossz h\u00edrrel szolg\u00e1l a kamara a k\u00f6rte kedvel\u0151inek - Super News","robots":{"index":"index","follow":"follow","max-snippet":"max-snippet:-1","max-image-preview":"max-image-preview:large","max-video-preview":"max-video-preview:-1"},"canonical":"https:\/\/super-news.info\/hu\/rossz-hirrel-szolgal-a-kamara-a-korte-kedveloinek\/","og_locale":"hu_HU","og_type":"article","og_title":"Rossz h\u00edrrel szolg\u00e1l a kamara a k\u00f6rte kedvel\u0151inek - Super News","og_description":"[ad_1] Kevesebb k\u00f6rte terem id\u00e9n a Nemzeti Agr\u00e1rgazdas\u00e1gi Kamara el\u0151rejelz\u00e9s\u00e9b\u0151l. Az id\u00e9n az \u00e1tlagos \u00e9vekhez k\u00e9pest ak\u00e1r 20-25 sz\u00e1zal\u00e9kkal is kevesebb, mintegy 25 ezer tonna lehet a belf\u00f6ldi k\u00f6rteterm\u00e9s az el\u0151zetes adatok alapj\u00e1n, a min\u0151s\u00e9g megfelel\u0151nek \u00edg\u00e9rkezik \u2013 der\u00fclt ki a Nemzeti Agr\u00e1rgazdas\u00e1gi Kamara (NAK) k\u00f6rk\u00e9p\u00e9b\u0151l. A NAK szerdai k\u00f6zlem\u00e9nye szerint Magyarorsz\u00e1gon a sok\u00e9ves term\u00e9smennnyis\u00e9g [&hellip;]","og_url":"https:\/\/super-news.info\/hu\/rossz-hirrel-szolgal-a-kamara-a-korte-kedveloinek\/","og_site_name":"Super News","article_published_time":"2019-08-21T12:52:18+00:00","article_modified_time":"2019-08-21T12:52:19+00:00","og_image":[{"width":1400,"height":1012,"url":"https:\/\/super-news.info\/hu\/wp-content\/uploads\/sites\/3\/2019\/08\/Rossz-h-rrel-szolg-l-a-kamara-a-k-rte-kedvel-inek.jpg","type":"image\/jpeg"}],"author":"super-news","twitter_card":"summary_large_image","twitter_misc":{"Szerz\u0151:":"super-news","Becs\u00fclt olvas\u00e1si id\u0151":"2 perc"},"schema":{"@context":"https:\/\/schema.org","@graph":[{"@type":"Article","@id":"https:\/\/super-news.info\/hu\/rossz-hirrel-szolgal-a-kamara-a-korte-kedveloinek\/#article","isPartOf":{"@id":"https:\/\/super-news.info\/hu\/rossz-hirrel-szolgal-a-kamara-a-korte-kedveloinek\/"},"author":{"name":"super-news","@id":"https:\/\/super-news.info\/hu\/#\/schema\/person\/2d4068cb2f39cd10008c2fce578a7356"},"headline":"Rossz h\u00edrrel szolg\u00e1l a kamara a k\u00f6rte kedvel\u0151inek","datePublished":"2019-08-21T12:52:18+00:00","dateModified":"2019-08-21T12:52:19+00:00","mainEntityOfPage":{"@id":"https:\/\/super-news.info\/hu\/rossz-hirrel-szolgal-a-kamara-a-korte-kedveloinek\/"},"wordCount":469,"commentCount":0,"image":{"@id":"https:\/\/super-news.info\/hu\/rossz-hirrel-szolgal-a-kamara-a-korte-kedveloinek\/#primaryimage"},"thumbnailUrl":"https:\/\/super-news.info\/hu\/wp-content\/uploads\/sites\/3\/2019\/08\/Rossz-h-rrel-szolg-l-a-kamara-a-k-rte-kedvel-inek.jpg","articleSection":["P\u00c9NZ\u00dcGYI H\u00cdREK"],"inLanguage":"hu","potentialAction":[{"@type":"CommentAction","name":"Comment","target":["https:\/\/super-news.info\/hu\/rossz-hirrel-szolgal-a-kamara-a-korte-kedveloinek\/#respond"]}]},{"@type":"WebPage","@id":"https:\/\/super-news.info\/hu\/rossz-hirrel-szolgal-a-kamara-a-korte-kedveloinek\/","url":"https:\/\/super-news.info\/hu\/rossz-hirrel-szolgal-a-kamara-a-korte-kedveloinek\/","name":"Rossz h\u00edrrel szolg\u00e1l a kamara a k\u00f6rte kedvel\u0151inek - Super News","isPartOf":{"@id":"https:\/\/super-news.info\/hu\/#website"},"primaryImageOfPage":{"@id":"https:\/\/super-news.info\/hu\/rossz-hirrel-szolgal-a-kamara-a-korte-kedveloinek\/#primaryimage"},"image":{"@id":"https:\/\/super-news.info\/hu\/rossz-hirrel-szolgal-a-kamara-a-korte-kedveloinek\/#primaryimage"},"thumbnailUrl":"https:\/\/super-news.info\/hu\/wp-content\/uploads\/sites\/3\/2019\/08\/Rossz-h-rrel-szolg-l-a-kamara-a-k-rte-kedvel-inek.jpg","datePublished":"2019-08-21T12:52:18+00:00","dateModified":"2019-08-21T12:52:19+00:00","author":{"@id":"https:\/\/super-news.info\/hu\/#\/schema\/person\/2d4068cb2f39cd10008c2fce578a7356"},"breadcrumb":{"@id":"https:\/\/super-news.info\/hu\/rossz-hirrel-szolgal-a-kamara-a-korte-kedveloinek\/#breadcrumb"},"inLanguage":"hu","potentialAction":[{"@type":"ReadAction","target":["https:\/\/super-news.info\/hu\/rossz-hirrel-szolgal-a-kamara-a-korte-kedveloinek\/"]}]},{"@type":"ImageObject","inLanguage":"hu","@id":"https:\/\/super-news.info\/hu\/rossz-hirrel-szolgal-a-kamara-a-korte-kedveloinek\/#primaryimage","url":"https:\/\/super-news.info\/hu\/wp-content\/uploads\/sites\/3\/2019\/08\/Rossz-h-rrel-szolg-l-a-kamara-a-k-rte-kedvel-inek.jpg","contentUrl":"https:\/\/super-news.info\/hu\/wp-content\/uploads\/sites\/3\/2019\/08\/Rossz-h-rrel-szolg-l-a-kamara-a-k-rte-kedvel-inek.jpg","width":1400,"height":1012,"caption":"Rossz h\u00edrrel szolg\u00e1l a kamara a k\u00f6rte kedvel\u0151inek"},{"@type":"BreadcrumbList","@id":"https:\/\/super-news.info\/hu\/rossz-hirrel-szolgal-a-kamara-a-korte-kedveloinek\/#breadcrumb","itemListElement":[{"@type":"ListItem","position":1,"name":"\u0413\u043b\u0430\u0432\u043d\u0430\u044f \u0441\u0442\u0440\u0430\u043d\u0438\u0446\u0430","item":"https:\/\/super-news.info\/hu\/"},{"@type":"ListItem","position":2,"name":"Rossz h\u00edrrel szolg\u00e1l a kamara a k\u00f6rte kedvel\u0151inek"}]},{"@type":"WebSite","@id":"https:\/\/super-news.info\/hu\/#website","url":"https:\/\/super-news.info\/hu\/","name":"Super News","description":"Super News Magyarorsz\u00e1g","potentialAction":[{"@type":"SearchAction","target":{"@type":"EntryPoint","urlTemplate":"https:\/\/super-news.info\/hu\/?s={search_term_string}"},"query-input":{"@type":"PropertyValueSpecification","valueRequired":true,"valueName":"search_term_string"}}],"inLanguage":"hu"},{"@type":"Person","@id":"https:\/\/super-news.info\/hu\/#\/schema\/person\/2d4068cb2f39cd10008c2fce578a7356","name":"super-news","image":{"@type":"ImageObject","inLanguage":"hu","@id":"https:\/\/secure.gravatar.com\/avatar\/64ebac40b93f26a154f8a9b5b6fdccfc46f442b26b3dd6756dbff3bf9dc76fd7?s=96&d=mm&r=g","url":"https:\/\/secure.gravatar.com\/avatar\/64ebac40b93f26a154f8a9b5b6fdccfc46f442b26b3dd6756dbff3bf9dc76fd7?s=96&d=mm&r=g","contentUrl":"https:\/\/secure.gravatar.com\/avatar\/64ebac40b93f26a154f8a9b5b6fdccfc46f442b26b3dd6756dbff3bf9dc76fd7?s=96&d=mm&r=g","caption":"super-news"},"url":"https:\/\/super-news.info\/hu\/author\/pt\/"}]}},"_links":{"self":[{"href":"https:\/\/super-news.info\/hu\/wp-json\/wp\/v2\/posts\/8005","targetHints":{"allow":["GET"]}}],"collection":[{"href":"https:\/\/super-news.info\/hu\/wp-json\/wp\/v2\/posts"}],"about":[{"href":"https:\/\/super-news.info\/hu\/wp-json\/wp\/v2\/types\/post"}],"author":[{"embeddable":true,"href":"https:\/\/super-news.info\/hu\/wp-json\/wp\/v2\/users\/2"}],"replies":[{"embeddable":true,"href":"https:\/\/super-news.info\/hu\/wp-json\/wp\/v2\/comments?post=8005"}],"version-history":[{"count":1,"href":"https:\/\/super-news.info\/hu\/wp-json\/wp\/v2\/posts\/8005\/revisions"}],"predecessor-version":[{"id":8007,"href":"https:\/\/super-news.info\/hu\/wp-json\/wp\/v2\/posts\/8005\/revisions\/8007"}],"wp:featuredmedia":[{"embeddable":true,"href":"https:\/\/super-news.info\/hu\/wp-json\/wp\/v2\/media\/8006"}],"wp:attachment":[{"href":"https:\/\/super-news.info\/hu\/wp-json\/wp\/v2\/media?parent=8005"}],"wp:term":[{"taxonomy":"category","embeddable":true,"href":"https:\/\/super-news.info\/hu\/wp-json\/wp\/v2\/categories?post=8005"},{"taxonomy":"post_tag","embeddable":true,"href":"https:\/\/super-news.info\/hu\/wp-json\/wp\/v2\/tags?post=8005"}],"curies":[{"name":"wp","href":"https:\/\/api.w.org\/{rel}","templated":true}]}}