{"id":7949,"date":"2019-08-20T16:36:07","date_gmt":"2019-08-20T13:36:07","guid":{"rendered":"https:\/\/super-news.info\/hu\/huawei-igazsagtalan-intezkedesek-sorozatat-eli-at-a-vallalat\/"},"modified":"2019-08-20T16:36:08","modified_gmt":"2019-08-20T13:36:08","slug":"huawei-igazsagtalan-intezkedesek-sorozatat-eli-at-a-vallalat","status":"publish","type":"post","link":"https:\/\/super-news.info\/hu\/huawei-igazsagtalan-intezkedesek-sorozatat-eli-at-a-vallalat\/","title":{"rendered":"Huawei: igazs\u00e1gtalan int\u00e9zked\u00e9sek sorozat\u00e1t \u00e9li \u00e1t a v\u00e1llalat"},"content":{"rendered":"<p> [ad_1]<br \/>\n<\/p>\n<p>\n\t\t\t\t\t\t\t\tA Huawei ellenzi az Egyes\u00fclt \u00c1llamok Kereskedelmi Miniszt\u00e9rium\u00e1nak d\u00f6nt\u00e9s\u00e9t, melynek k\u00f6vetkezt\u00e9ben tov\u00e1bbi 46 Huawei-le\u00e1nyv\u00e1llalatot helyezett az \u00fagynevezett Entity List-re.\t\t\t\t\t\t\t<\/p>\n<div>\n<p>Nyilv\u00e1nval\u00f3, hogy a d\u00f6nt\u00e9s m\u00f6g\u00f6tt politikai motiv\u00e1ci\u00f3k \u00e1llnak, melyek nincsenek \u00f6sszef\u00fcgg\u00e9sben a nemzetbiztons\u00e1ggal \u2013 \u00e1ll abban a k\u00f6zlem\u00e9nyben, amelyet a v\u00e1llalat juttatott el szerkeszt\u0151s\u00e9g\u00fcnkbe. Ebben a Huawei \u00fagy fogalmaz, hogy az Egyes\u00fclt \u00c1llamok int\u00e9zked\u00e9se s\u00e9rti a szabadpiaci verseny alapelveit, \u00e9s nem szolg\u00e1lja egyik f\u00e9l \u00e9rdekeit sem. A Huawei \u00fczleti tev\u00e9kenys\u00e9g\u00e9nek elnyom\u00e1s\u00e1t c\u00e9lz\u00f3 t\u00f6rekv\u00e9sek nem fogj\u00e1k technol\u00f3giai vezet\u0151 szerephez juttatni az Egyes\u00fclt \u00c1llamokat.<\/p>\n<blockquote>\n<p>A v\u00e1llalat ez\u00faton felsz\u00f3l\u00edtja az Egyes\u00fclt \u00c1llamok korm\u00e1ny\u00e1t, hogy hagyjon fel a h\u00f3napok \u00f3ta tart\u00f3 igazs\u00e1gtalan elj\u00e1r\u00e1ssal, \u00e9s t\u00e1vol\u00edtsa el a Huawei-t az Entity List-r\u0151l<\/p>\n<\/blockquote>\n<p>\u2013 \u00edrj\u00e1k. \u00dagy gondolj\u00e1k, hogy a Temporary General License, vagyis a Huawei-re vonatkoz\u00f3 felf\u00fcggeszt\u00e9s meghosszabb\u00edt\u00e1sa nem v\u00e1ltoztat azon a t\u00e9nyen, hogy a v\u00e1llalatot igazs\u00e1gtalan int\u00e9zked\u00e9sek sorozata \u00e9ri. A h\u00e9tf\u0151i d\u00f6nt\u00e9s nem lesz sz\u00e1mottev\u0151 hat\u00e1ssal a Huawei \u00fczleti tev\u00e9kenys\u00e9g\u00e9re, a v\u00e1llalat tov\u00e1bbra is arra \u00f6sszpontos\u00edt, hogy a lehet\u0151 legjobb min\u0151s\u00e9g\u0171 term\u00e9keket \u00e9s szolg\u00e1ltat\u00e1sokat biztos\u00edtsa fogyaszt\u00f3i sz\u00e1m\u00e1ra vil\u00e1gszerte.<\/p>\n<div id=\"attachment_1519850\" style=\"width: 1410px\" class=\"wp-caption aligncenter\">\n<p class=\"wp-caption-text\">Fot\u00f3: AFP<\/p>\n<\/div>\n<p>Ahogyan arr\u00f3l h\u00e9tf\u0151n besz\u00e1moltunk, Wilbur Ross, amerikai kereskedelmi miniszter bejelentette: az el\u0151z\u0151 kilencven napos felf\u00fcggeszt\u00e9s lej\u00e1rt, az \u00fajabb hosszabb\u00edt\u00e1s november 19-\u00e9ig tart majd. Az Egyes\u00fclt \u00c1llamok tov\u00e1bbi 46 Huawei le\u00e1nyv\u00e1llalatot tesz fel arra a feketelist\u00e1ra, amelyen a nemzetbiztons\u00e1g\u00e1ra vagy k\u00fclpolitikai \u00e9rdekeire potenci\u00e1lis vesz\u00e9lyt jelent\u0151 c\u00e9gek szerepelnek.<\/p>\n<p>Ezek a v\u00e1llalatok az amerikai korm\u00e1nyzat enged\u00e9lye n\u00e9lk\u00fcl nem v\u00e1s\u00e1rolhatnak alkatr\u00e9szeket vagy technol\u00f3gi\u00e1t amerikai c\u00e9gekt\u0151l.<\/p>\n<p>A Huawei tavaly csaknem 70 milli\u00e1rd doll\u00e1r\u00e9rt v\u00e1s\u00e1rolt alkatr\u00e9szeket, ebb\u0151l 11 milli\u00e1rd doll\u00e1r\u00e9rt amerikai c\u00e9gek sz\u00e1ll\u00edtottak, olyanok, mint p\u00e9ld\u00e1ul a Qualcomm, az Intel vagy a Micron Technology.<\/p>\n<\/p><\/div>\n<p><script>\n    window.fbAsyncInit = function() {\n        FB.init({\n            appId      : \"204760236815359\",\n            xfbml      : true,\n            version    : \"v2.12\"\n        });\n        FB.AppEvents.logPageView();\n    };<\/p>\n<p>    (function(d, s, id){\n        var js, fjs = d.getElementsByTagName(s)[0];\n        if (d.getElementById(id)) {return;}\n        js = d.createElement(s); js.id = id;\n        js.src = \"http:\/\/connect.facebook.net\/hu_HU\/sdk.js\";\n        fjs.parentNode.insertBefore(js, fjs);\n    }(document, \"script\", \"facebook-jssdk\"));\n<\/script><br \/>\n<br \/>[ad_2]<br \/>\n<br \/><a href=\"https:\/\/www.vg.hu\/gazdasag\/gazdasagpolitika\/huawei-igazsagtalan-intezkedesek-sorozatat-eli-at-a-vallalat-1698349\/\">Source link <\/a><\/p>\n","protected":false},"excerpt":{"rendered":"<p>[ad_1] A Huawei ellenzi az Egyes\u00fclt \u00c1llamok Kereskedelmi Miniszt\u00e9rium\u00e1nak d\u00f6nt\u00e9s\u00e9t, melynek k\u00f6vetkezt\u00e9ben tov\u00e1bbi 46 Huawei-le\u00e1nyv\u00e1llalatot helyezett az \u00fagynevezett Entity List-re. Nyilv\u00e1nval\u00f3, hogy a d\u00f6nt\u00e9s m\u00f6g\u00f6tt politikai motiv\u00e1ci\u00f3k \u00e1llnak, melyek nincsenek \u00f6sszef\u00fcgg\u00e9sben a nemzetbiztons\u00e1ggal \u2013 \u00e1ll abban a k\u00f6zlem\u00e9nyben, amelyet a v\u00e1llalat juttatott el szerkeszt\u0151s\u00e9g\u00fcnkbe. Ebben a Huawei \u00fagy fogalmaz, hogy az Egyes\u00fclt \u00c1llamok int\u00e9zked\u00e9se s\u00e9rti [&hellip;]<\/p>\n","protected":false},"author":2,"featured_media":5999,"comment_status":"open","ping_status":"open","sticky":false,"template":"","format":"standard","meta":{"footnotes":""},"categories":[1],"tags":[],"class_list":["post-7949","post","type-post","status-publish","format-standard","has-post-thumbnail","hentry","category-penzugyi-hirek"],"yoast_head":"<!-- This site is optimized with the Yoast SEO plugin v27.4 - https:\/\/yoast.com\/product\/yoast-seo-wordpress\/ -->\n<title>Huawei: igazs\u00e1gtalan int\u00e9zked\u00e9sek sorozat\u00e1t \u00e9li \u00e1t a v\u00e1llalat - Super News<\/title>\n<meta name=\"robots\" content=\"index, follow, max-snippet:-1, max-image-preview:large, max-video-preview:-1\" \/>\n<link rel=\"canonical\" href=\"https:\/\/super-news.info\/hu\/huawei-igazsagtalan-intezkedesek-sorozatat-eli-at-a-vallalat\/\" \/>\n<meta property=\"og:locale\" content=\"hu_HU\" \/>\n<meta property=\"og:type\" content=\"article\" \/>\n<meta property=\"og:title\" content=\"Huawei: igazs\u00e1gtalan int\u00e9zked\u00e9sek sorozat\u00e1t \u00e9li \u00e1t a v\u00e1llalat - Super News\" \/>\n<meta property=\"og:description\" content=\"[ad_1] A Huawei ellenzi az Egyes\u00fclt \u00c1llamok Kereskedelmi Miniszt\u00e9rium\u00e1nak d\u00f6nt\u00e9s\u00e9t, melynek k\u00f6vetkezt\u00e9ben tov\u00e1bbi 46 Huawei-le\u00e1nyv\u00e1llalatot helyezett az \u00fagynevezett Entity List-re. Nyilv\u00e1nval\u00f3, hogy a d\u00f6nt\u00e9s m\u00f6g\u00f6tt politikai motiv\u00e1ci\u00f3k \u00e1llnak, melyek nincsenek \u00f6sszef\u00fcgg\u00e9sben a nemzetbiztons\u00e1ggal \u2013 \u00e1ll abban a k\u00f6zlem\u00e9nyben, amelyet a v\u00e1llalat juttatott el szerkeszt\u0151s\u00e9g\u00fcnkbe. Ebben a Huawei \u00fagy fogalmaz, hogy az Egyes\u00fclt \u00c1llamok int\u00e9zked\u00e9se s\u00e9rti [&hellip;]\" \/>\n<meta property=\"og:url\" content=\"https:\/\/super-news.info\/hu\/huawei-igazsagtalan-intezkedesek-sorozatat-eli-at-a-vallalat\/\" \/>\n<meta property=\"og:site_name\" content=\"Super News\" \/>\n<meta property=\"article:published_time\" content=\"2019-08-20T13:36:07+00:00\" \/>\n<meta property=\"article:modified_time\" content=\"2019-08-20T13:36:08+00:00\" \/>\n<meta property=\"og:image\" content=\"https:\/\/super-news.info\/hu\/wp-content\/uploads\/sites\/3\/2019\/07\/K\u00f6zel-h\u00e1rommilli\u00e1rd-eur\u00f3s-beruh\u00e1z\u00e1st-ind\u00edt-Olaszorsz\u00e1gban-a-Huawei.jpg\" \/>\n\t<meta property=\"og:image:width\" content=\"1400\" \/>\n\t<meta property=\"og:image:height\" content=\"787\" \/>\n\t<meta property=\"og:image:type\" content=\"image\/jpeg\" \/>\n<meta name=\"author\" content=\"super-news\" \/>\n<meta name=\"twitter:card\" content=\"summary_large_image\" \/>\n<meta name=\"twitter:label1\" content=\"Szerz\u0151:\" \/>\n\t<meta name=\"twitter:data1\" content=\"super-news\" \/>\n\t<meta name=\"twitter:label2\" content=\"Becs\u00fclt olvas\u00e1si id\u0151\" \/>\n\t<meta name=\"twitter:data2\" content=\"2 perc\" \/>\n<script type=\"application\/ld+json\" class=\"yoast-schema-graph\">{\"@context\":\"https:\\\/\\\/schema.org\",\"@graph\":[{\"@type\":\"Article\",\"@id\":\"https:\\\/\\\/super-news.info\\\/hu\\\/huawei-igazsagtalan-intezkedesek-sorozatat-eli-at-a-vallalat\\\/#article\",\"isPartOf\":{\"@id\":\"https:\\\/\\\/super-news.info\\\/hu\\\/huawei-igazsagtalan-intezkedesek-sorozatat-eli-at-a-vallalat\\\/\"},\"author\":{\"name\":\"super-news\",\"@id\":\"https:\\\/\\\/super-news.info\\\/hu\\\/#\\\/schema\\\/person\\\/2d4068cb2f39cd10008c2fce578a7356\"},\"headline\":\"Huawei: igazs\u00e1gtalan int\u00e9zked\u00e9sek sorozat\u00e1t \u00e9li \u00e1t a v\u00e1llalat\",\"datePublished\":\"2019-08-20T13:36:07+00:00\",\"dateModified\":\"2019-08-20T13:36:08+00:00\",\"mainEntityOfPage\":{\"@id\":\"https:\\\/\\\/super-news.info\\\/hu\\\/huawei-igazsagtalan-intezkedesek-sorozatat-eli-at-a-vallalat\\\/\"},\"wordCount\":404,\"commentCount\":0,\"image\":{\"@id\":\"https:\\\/\\\/super-news.info\\\/hu\\\/huawei-igazsagtalan-intezkedesek-sorozatat-eli-at-a-vallalat\\\/#primaryimage\"},\"thumbnailUrl\":\"https:\\\/\\\/super-news.info\\\/hu\\\/wp-content\\\/uploads\\\/sites\\\/3\\\/2019\\\/07\\\/K\u00f6zel-h\u00e1rommilli\u00e1rd-eur\u00f3s-beruh\u00e1z\u00e1st-ind\u00edt-Olaszorsz\u00e1gban-a-Huawei.jpg\",\"articleSection\":[\"P\u00c9NZ\u00dcGYI H\u00cdREK\"],\"inLanguage\":\"hu\",\"potentialAction\":[{\"@type\":\"CommentAction\",\"name\":\"Comment\",\"target\":[\"https:\\\/\\\/super-news.info\\\/hu\\\/huawei-igazsagtalan-intezkedesek-sorozatat-eli-at-a-vallalat\\\/#respond\"]}]},{\"@type\":\"WebPage\",\"@id\":\"https:\\\/\\\/super-news.info\\\/hu\\\/huawei-igazsagtalan-intezkedesek-sorozatat-eli-at-a-vallalat\\\/\",\"url\":\"https:\\\/\\\/super-news.info\\\/hu\\\/huawei-igazsagtalan-intezkedesek-sorozatat-eli-at-a-vallalat\\\/\",\"name\":\"Huawei: igazs\u00e1gtalan int\u00e9zked\u00e9sek sorozat\u00e1t \u00e9li \u00e1t a v\u00e1llalat - Super News\",\"isPartOf\":{\"@id\":\"https:\\\/\\\/super-news.info\\\/hu\\\/#website\"},\"primaryImageOfPage\":{\"@id\":\"https:\\\/\\\/super-news.info\\\/hu\\\/huawei-igazsagtalan-intezkedesek-sorozatat-eli-at-a-vallalat\\\/#primaryimage\"},\"image\":{\"@id\":\"https:\\\/\\\/super-news.info\\\/hu\\\/huawei-igazsagtalan-intezkedesek-sorozatat-eli-at-a-vallalat\\\/#primaryimage\"},\"thumbnailUrl\":\"https:\\\/\\\/super-news.info\\\/hu\\\/wp-content\\\/uploads\\\/sites\\\/3\\\/2019\\\/07\\\/K\u00f6zel-h\u00e1rommilli\u00e1rd-eur\u00f3s-beruh\u00e1z\u00e1st-ind\u00edt-Olaszorsz\u00e1gban-a-Huawei.jpg\",\"datePublished\":\"2019-08-20T13:36:07+00:00\",\"dateModified\":\"2019-08-20T13:36:08+00:00\",\"author\":{\"@id\":\"https:\\\/\\\/super-news.info\\\/hu\\\/#\\\/schema\\\/person\\\/2d4068cb2f39cd10008c2fce578a7356\"},\"breadcrumb\":{\"@id\":\"https:\\\/\\\/super-news.info\\\/hu\\\/huawei-igazsagtalan-intezkedesek-sorozatat-eli-at-a-vallalat\\\/#breadcrumb\"},\"inLanguage\":\"hu\",\"potentialAction\":[{\"@type\":\"ReadAction\",\"target\":[\"https:\\\/\\\/super-news.info\\\/hu\\\/huawei-igazsagtalan-intezkedesek-sorozatat-eli-at-a-vallalat\\\/\"]}]},{\"@type\":\"ImageObject\",\"inLanguage\":\"hu\",\"@id\":\"https:\\\/\\\/super-news.info\\\/hu\\\/huawei-igazsagtalan-intezkedesek-sorozatat-eli-at-a-vallalat\\\/#primaryimage\",\"url\":\"https:\\\/\\\/super-news.info\\\/hu\\\/wp-content\\\/uploads\\\/sites\\\/3\\\/2019\\\/07\\\/K\u00f6zel-h\u00e1rommilli\u00e1rd-eur\u00f3s-beruh\u00e1z\u00e1st-ind\u00edt-Olaszorsz\u00e1gban-a-Huawei.jpg\",\"contentUrl\":\"https:\\\/\\\/super-news.info\\\/hu\\\/wp-content\\\/uploads\\\/sites\\\/3\\\/2019\\\/07\\\/K\u00f6zel-h\u00e1rommilli\u00e1rd-eur\u00f3s-beruh\u00e1z\u00e1st-ind\u00edt-Olaszorsz\u00e1gban-a-Huawei.jpg\",\"width\":1400,\"height\":787,\"caption\":\"K\u00f6zel h\u00e1rommilli\u00e1rd eur\u00f3s beruh\u00e1z\u00e1st ind\u00edt Olaszorsz\u00e1gban a Huawei\"},{\"@type\":\"BreadcrumbList\",\"@id\":\"https:\\\/\\\/super-news.info\\\/hu\\\/huawei-igazsagtalan-intezkedesek-sorozatat-eli-at-a-vallalat\\\/#breadcrumb\",\"itemListElement\":[{\"@type\":\"ListItem\",\"position\":1,\"name\":\"\u0413\u043b\u0430\u0432\u043d\u0430\u044f \u0441\u0442\u0440\u0430\u043d\u0438\u0446\u0430\",\"item\":\"https:\\\/\\\/super-news.info\\\/hu\\\/\"},{\"@type\":\"ListItem\",\"position\":2,\"name\":\"Huawei: igazs\u00e1gtalan int\u00e9zked\u00e9sek sorozat\u00e1t \u00e9li \u00e1t a v\u00e1llalat\"}]},{\"@type\":\"WebSite\",\"@id\":\"https:\\\/\\\/super-news.info\\\/hu\\\/#website\",\"url\":\"https:\\\/\\\/super-news.info\\\/hu\\\/\",\"name\":\"Super News\",\"description\":\"Super News Magyarorsz\u00e1g\",\"potentialAction\":[{\"@type\":\"SearchAction\",\"target\":{\"@type\":\"EntryPoint\",\"urlTemplate\":\"https:\\\/\\\/super-news.info\\\/hu\\\/?s={search_term_string}\"},\"query-input\":{\"@type\":\"PropertyValueSpecification\",\"valueRequired\":true,\"valueName\":\"search_term_string\"}}],\"inLanguage\":\"hu\"},{\"@type\":\"Person\",\"@id\":\"https:\\\/\\\/super-news.info\\\/hu\\\/#\\\/schema\\\/person\\\/2d4068cb2f39cd10008c2fce578a7356\",\"name\":\"super-news\",\"image\":{\"@type\":\"ImageObject\",\"inLanguage\":\"hu\",\"@id\":\"https:\\\/\\\/secure.gravatar.com\\\/avatar\\\/64ebac40b93f26a154f8a9b5b6fdccfc46f442b26b3dd6756dbff3bf9dc76fd7?s=96&d=mm&r=g\",\"url\":\"https:\\\/\\\/secure.gravatar.com\\\/avatar\\\/64ebac40b93f26a154f8a9b5b6fdccfc46f442b26b3dd6756dbff3bf9dc76fd7?s=96&d=mm&r=g\",\"contentUrl\":\"https:\\\/\\\/secure.gravatar.com\\\/avatar\\\/64ebac40b93f26a154f8a9b5b6fdccfc46f442b26b3dd6756dbff3bf9dc76fd7?s=96&d=mm&r=g\",\"caption\":\"super-news\"},\"url\":\"https:\\\/\\\/super-news.info\\\/hu\\\/author\\\/pt\\\/\"}]}<\/script>\n<!-- \/ Yoast SEO plugin. -->","yoast_head_json":{"title":"Huawei: igazs\u00e1gtalan int\u00e9zked\u00e9sek sorozat\u00e1t \u00e9li \u00e1t a v\u00e1llalat - Super News","robots":{"index":"index","follow":"follow","max-snippet":"max-snippet:-1","max-image-preview":"max-image-preview:large","max-video-preview":"max-video-preview:-1"},"canonical":"https:\/\/super-news.info\/hu\/huawei-igazsagtalan-intezkedesek-sorozatat-eli-at-a-vallalat\/","og_locale":"hu_HU","og_type":"article","og_title":"Huawei: igazs\u00e1gtalan int\u00e9zked\u00e9sek sorozat\u00e1t \u00e9li \u00e1t a v\u00e1llalat - Super News","og_description":"[ad_1] A Huawei ellenzi az Egyes\u00fclt \u00c1llamok Kereskedelmi Miniszt\u00e9rium\u00e1nak d\u00f6nt\u00e9s\u00e9t, melynek k\u00f6vetkezt\u00e9ben tov\u00e1bbi 46 Huawei-le\u00e1nyv\u00e1llalatot helyezett az \u00fagynevezett Entity List-re. Nyilv\u00e1nval\u00f3, hogy a d\u00f6nt\u00e9s m\u00f6g\u00f6tt politikai motiv\u00e1ci\u00f3k \u00e1llnak, melyek nincsenek \u00f6sszef\u00fcgg\u00e9sben a nemzetbiztons\u00e1ggal \u2013 \u00e1ll abban a k\u00f6zlem\u00e9nyben, amelyet a v\u00e1llalat juttatott el szerkeszt\u0151s\u00e9g\u00fcnkbe. Ebben a Huawei \u00fagy fogalmaz, hogy az Egyes\u00fclt \u00c1llamok int\u00e9zked\u00e9se s\u00e9rti [&hellip;]","og_url":"https:\/\/super-news.info\/hu\/huawei-igazsagtalan-intezkedesek-sorozatat-eli-at-a-vallalat\/","og_site_name":"Super News","article_published_time":"2019-08-20T13:36:07+00:00","article_modified_time":"2019-08-20T13:36:08+00:00","og_image":[{"width":1400,"height":787,"url":"https:\/\/super-news.info\/hu\/wp-content\/uploads\/sites\/3\/2019\/07\/K\u00f6zel-h\u00e1rommilli\u00e1rd-eur\u00f3s-beruh\u00e1z\u00e1st-ind\u00edt-Olaszorsz\u00e1gban-a-Huawei.jpg","type":"image\/jpeg"}],"author":"super-news","twitter_card":"summary_large_image","twitter_misc":{"Szerz\u0151:":"super-news","Becs\u00fclt olvas\u00e1si id\u0151":"2 perc"},"schema":{"@context":"https:\/\/schema.org","@graph":[{"@type":"Article","@id":"https:\/\/super-news.info\/hu\/huawei-igazsagtalan-intezkedesek-sorozatat-eli-at-a-vallalat\/#article","isPartOf":{"@id":"https:\/\/super-news.info\/hu\/huawei-igazsagtalan-intezkedesek-sorozatat-eli-at-a-vallalat\/"},"author":{"name":"super-news","@id":"https:\/\/super-news.info\/hu\/#\/schema\/person\/2d4068cb2f39cd10008c2fce578a7356"},"headline":"Huawei: igazs\u00e1gtalan int\u00e9zked\u00e9sek sorozat\u00e1t \u00e9li \u00e1t a v\u00e1llalat","datePublished":"2019-08-20T13:36:07+00:00","dateModified":"2019-08-20T13:36:08+00:00","mainEntityOfPage":{"@id":"https:\/\/super-news.info\/hu\/huawei-igazsagtalan-intezkedesek-sorozatat-eli-at-a-vallalat\/"},"wordCount":404,"commentCount":0,"image":{"@id":"https:\/\/super-news.info\/hu\/huawei-igazsagtalan-intezkedesek-sorozatat-eli-at-a-vallalat\/#primaryimage"},"thumbnailUrl":"https:\/\/super-news.info\/hu\/wp-content\/uploads\/sites\/3\/2019\/07\/K\u00f6zel-h\u00e1rommilli\u00e1rd-eur\u00f3s-beruh\u00e1z\u00e1st-ind\u00edt-Olaszorsz\u00e1gban-a-Huawei.jpg","articleSection":["P\u00c9NZ\u00dcGYI H\u00cdREK"],"inLanguage":"hu","potentialAction":[{"@type":"CommentAction","name":"Comment","target":["https:\/\/super-news.info\/hu\/huawei-igazsagtalan-intezkedesek-sorozatat-eli-at-a-vallalat\/#respond"]}]},{"@type":"WebPage","@id":"https:\/\/super-news.info\/hu\/huawei-igazsagtalan-intezkedesek-sorozatat-eli-at-a-vallalat\/","url":"https:\/\/super-news.info\/hu\/huawei-igazsagtalan-intezkedesek-sorozatat-eli-at-a-vallalat\/","name":"Huawei: igazs\u00e1gtalan int\u00e9zked\u00e9sek sorozat\u00e1t \u00e9li \u00e1t a v\u00e1llalat - Super News","isPartOf":{"@id":"https:\/\/super-news.info\/hu\/#website"},"primaryImageOfPage":{"@id":"https:\/\/super-news.info\/hu\/huawei-igazsagtalan-intezkedesek-sorozatat-eli-at-a-vallalat\/#primaryimage"},"image":{"@id":"https:\/\/super-news.info\/hu\/huawei-igazsagtalan-intezkedesek-sorozatat-eli-at-a-vallalat\/#primaryimage"},"thumbnailUrl":"https:\/\/super-news.info\/hu\/wp-content\/uploads\/sites\/3\/2019\/07\/K\u00f6zel-h\u00e1rommilli\u00e1rd-eur\u00f3s-beruh\u00e1z\u00e1st-ind\u00edt-Olaszorsz\u00e1gban-a-Huawei.jpg","datePublished":"2019-08-20T13:36:07+00:00","dateModified":"2019-08-20T13:36:08+00:00","author":{"@id":"https:\/\/super-news.info\/hu\/#\/schema\/person\/2d4068cb2f39cd10008c2fce578a7356"},"breadcrumb":{"@id":"https:\/\/super-news.info\/hu\/huawei-igazsagtalan-intezkedesek-sorozatat-eli-at-a-vallalat\/#breadcrumb"},"inLanguage":"hu","potentialAction":[{"@type":"ReadAction","target":["https:\/\/super-news.info\/hu\/huawei-igazsagtalan-intezkedesek-sorozatat-eli-at-a-vallalat\/"]}]},{"@type":"ImageObject","inLanguage":"hu","@id":"https:\/\/super-news.info\/hu\/huawei-igazsagtalan-intezkedesek-sorozatat-eli-at-a-vallalat\/#primaryimage","url":"https:\/\/super-news.info\/hu\/wp-content\/uploads\/sites\/3\/2019\/07\/K\u00f6zel-h\u00e1rommilli\u00e1rd-eur\u00f3s-beruh\u00e1z\u00e1st-ind\u00edt-Olaszorsz\u00e1gban-a-Huawei.jpg","contentUrl":"https:\/\/super-news.info\/hu\/wp-content\/uploads\/sites\/3\/2019\/07\/K\u00f6zel-h\u00e1rommilli\u00e1rd-eur\u00f3s-beruh\u00e1z\u00e1st-ind\u00edt-Olaszorsz\u00e1gban-a-Huawei.jpg","width":1400,"height":787,"caption":"K\u00f6zel h\u00e1rommilli\u00e1rd eur\u00f3s beruh\u00e1z\u00e1st ind\u00edt Olaszorsz\u00e1gban a Huawei"},{"@type":"BreadcrumbList","@id":"https:\/\/super-news.info\/hu\/huawei-igazsagtalan-intezkedesek-sorozatat-eli-at-a-vallalat\/#breadcrumb","itemListElement":[{"@type":"ListItem","position":1,"name":"\u0413\u043b\u0430\u0432\u043d\u0430\u044f \u0441\u0442\u0440\u0430\u043d\u0438\u0446\u0430","item":"https:\/\/super-news.info\/hu\/"},{"@type":"ListItem","position":2,"name":"Huawei: igazs\u00e1gtalan int\u00e9zked\u00e9sek sorozat\u00e1t \u00e9li \u00e1t a v\u00e1llalat"}]},{"@type":"WebSite","@id":"https:\/\/super-news.info\/hu\/#website","url":"https:\/\/super-news.info\/hu\/","name":"Super News","description":"Super News Magyarorsz\u00e1g","potentialAction":[{"@type":"SearchAction","target":{"@type":"EntryPoint","urlTemplate":"https:\/\/super-news.info\/hu\/?s={search_term_string}"},"query-input":{"@type":"PropertyValueSpecification","valueRequired":true,"valueName":"search_term_string"}}],"inLanguage":"hu"},{"@type":"Person","@id":"https:\/\/super-news.info\/hu\/#\/schema\/person\/2d4068cb2f39cd10008c2fce578a7356","name":"super-news","image":{"@type":"ImageObject","inLanguage":"hu","@id":"https:\/\/secure.gravatar.com\/avatar\/64ebac40b93f26a154f8a9b5b6fdccfc46f442b26b3dd6756dbff3bf9dc76fd7?s=96&d=mm&r=g","url":"https:\/\/secure.gravatar.com\/avatar\/64ebac40b93f26a154f8a9b5b6fdccfc46f442b26b3dd6756dbff3bf9dc76fd7?s=96&d=mm&r=g","contentUrl":"https:\/\/secure.gravatar.com\/avatar\/64ebac40b93f26a154f8a9b5b6fdccfc46f442b26b3dd6756dbff3bf9dc76fd7?s=96&d=mm&r=g","caption":"super-news"},"url":"https:\/\/super-news.info\/hu\/author\/pt\/"}]}},"_links":{"self":[{"href":"https:\/\/super-news.info\/hu\/wp-json\/wp\/v2\/posts\/7949","targetHints":{"allow":["GET"]}}],"collection":[{"href":"https:\/\/super-news.info\/hu\/wp-json\/wp\/v2\/posts"}],"about":[{"href":"https:\/\/super-news.info\/hu\/wp-json\/wp\/v2\/types\/post"}],"author":[{"embeddable":true,"href":"https:\/\/super-news.info\/hu\/wp-json\/wp\/v2\/users\/2"}],"replies":[{"embeddable":true,"href":"https:\/\/super-news.info\/hu\/wp-json\/wp\/v2\/comments?post=7949"}],"version-history":[{"count":1,"href":"https:\/\/super-news.info\/hu\/wp-json\/wp\/v2\/posts\/7949\/revisions"}],"predecessor-version":[{"id":7950,"href":"https:\/\/super-news.info\/hu\/wp-json\/wp\/v2\/posts\/7949\/revisions\/7950"}],"wp:featuredmedia":[{"embeddable":true,"href":"https:\/\/super-news.info\/hu\/wp-json\/wp\/v2\/media\/5999"}],"wp:attachment":[{"href":"https:\/\/super-news.info\/hu\/wp-json\/wp\/v2\/media?parent=7949"}],"wp:term":[{"taxonomy":"category","embeddable":true,"href":"https:\/\/super-news.info\/hu\/wp-json\/wp\/v2\/categories?post=7949"},{"taxonomy":"post_tag","embeddable":true,"href":"https:\/\/super-news.info\/hu\/wp-json\/wp\/v2\/tags?post=7949"}],"curies":[{"name":"wp","href":"https:\/\/api.w.org\/{rel}","templated":true}]}}