{"id":7930,"date":"2019-08-20T10:16:28","date_gmt":"2019-08-20T07:16:28","guid":{"rendered":"https:\/\/super-news.info\/hu\/uj-gyogyszert-vezetett-be-a-richter-gedeon\/"},"modified":"2019-08-20T10:16:29","modified_gmt":"2019-08-20T07:16:29","slug":"uj-gyogyszert-vezetett-be-a-richter-gedeon","status":"publish","type":"post","link":"https:\/\/super-news.info\/hu\/uj-gyogyszert-vezetett-be-a-richter-gedeon\/","title":{"rendered":"\u00daj gy\u00f3gyszert vezetett be a Richter Gedeon"},"content":{"rendered":"<p> [ad_1]<br \/>\n<\/p>\n<p>\n\t\t\t\t\t\t\t\tLej\u00e1rt a referencia term\u00e9k szabadalmi v\u00e9detts\u00e9ge, a tervezett menetrend szerint indul az \u00e9rt\u00e9kes\u00edt\u00e9s.\t\t\t\t\t\t\t<\/p>\n<div>\n<p>A Richter Gedeon Nyrt. kedden bejelentette, hogy bevezette Eur\u00f3p\u00e1ban a bioszimil\u00e1ris teriparatide k\u00e9sz\u00edtm\u00e9ny\u00e9t, a Terrosa-t. A szert a feln\u0151tt p\u00e1ciensek ugyanazon indik\u00e1ci\u00f3s ter\u00fcleteken haszn\u00e1lhatj\u00e1k majd, mint az amerikai Eli Lilly \u00e1ltal kifejlesztett Forsteo-t:<\/p>\n<p>a csontritkul\u00e1s kezel\u00e9s\u00e9re.<\/p>\n<p>A biotechnol\u00f3giai \u00faton el\u0151\u00e1ll\u00edtott teriparatide-ot a Richter \u00e9s a n\u00e9met Helm BioTec GmbH k\u00f6z\u00f6sen fejlesztette ki. A piaci bevezet\u00e9shez a k\u00e9t gy\u00f3gyszergy\u00e1rt\u00f3nak meg kellett v\u00e1rnia a referencia k\u00e9sz\u00edtm\u00e9ny szabadalmi v\u00e9detts\u00e9ge lej\u00e1rt\u00e1t.<\/p>\n<div id=\"attachment_1150670\" style=\"width: 1410px\" class=\"wp-caption aligncenter\">\n<p class=\"wp-caption-text\">Fot\u00f3: VG<\/p>\n<\/div>\n<p>Az Eur\u00f3pai Bizotts\u00e1g a Terrosa forgalombahozatali enged\u00e9ly k\u00e9relm\u00e9t 2017 janu\u00e1rj\u00e1ban hagyta j\u00f3v\u00e1, a d\u00f6nt\u00e9s az Eur\u00f3pai Uni\u00f3 mind a 28 tag\u00e1llam\u00e1ra, valamint az Eur\u00f3pai Gazdas\u00e1gi T\u00e9rs\u00e9g (EGT) tag\u00e1llamaira vonatkozik.<\/p>\n<blockquote>\n<p>Arra k\u00e9sz\u00fcl\u00fcnk, hogy a j\u00f6v\u0151ben \u00fajabb magas hozz\u00e1adott \u00e9rt\u00e9k\u0171 \u00e9s kedvez\u0151 \u00e1r\u00fa bioszimil\u00e1ris term\u00e9keket hozzunk piacra<\/p>\n<\/blockquote>\n<p>\u2013 id\u00e9zi a k\u00f6zlem\u00e9ny Orb\u00e1n G\u00e1bort, a Richter vez\u00e9rigazgat\u00f3j\u00e1t.<\/p>\n<\/p><\/div>\n<p><script>\n    window.fbAsyncInit = function() {\n        FB.init({\n            appId      : \"204760236815359\",\n            xfbml      : true,\n            version    : \"v2.12\"\n        });\n        FB.AppEvents.logPageView();\n    };<\/p>\n<p>    (function(d, s, id){\n        var js, fjs = d.getElementsByTagName(s)[0];\n        if (d.getElementById(id)) {return;}\n        js = d.createElement(s); js.id = id;\n        js.src = \"http:\/\/connect.facebook.net\/hu_HU\/sdk.js\";\n        fjs.parentNode.insertBefore(js, fjs);\n    }(document, \"script\", \"facebook-jssdk\"));\n<\/script><br \/>\n<br \/>[ad_2]<br \/>\n<br \/><a href=\"https:\/\/www.vg.hu\/penzugy\/tozsde\/uj-gyogyszert-vezetett-be-a-richter-gedeon-1697590\/\">Source link <\/a><\/p>\n","protected":false},"excerpt":{"rendered":"<p>[ad_1] Lej\u00e1rt a referencia term\u00e9k szabadalmi v\u00e9detts\u00e9ge, a tervezett menetrend szerint indul az \u00e9rt\u00e9kes\u00edt\u00e9s. A Richter Gedeon Nyrt. kedden bejelentette, hogy bevezette Eur\u00f3p\u00e1ban a bioszimil\u00e1ris teriparatide k\u00e9sz\u00edtm\u00e9ny\u00e9t, a Terrosa-t. A szert a feln\u0151tt p\u00e1ciensek ugyanazon indik\u00e1ci\u00f3s ter\u00fcleteken haszn\u00e1lhatj\u00e1k majd, mint az amerikai Eli Lilly \u00e1ltal kifejlesztett Forsteo-t: a csontritkul\u00e1s kezel\u00e9s\u00e9re. A biotechnol\u00f3giai \u00faton el\u0151\u00e1ll\u00edtott teriparatide-ot [&hellip;]<\/p>\n","protected":false},"author":2,"featured_media":7931,"comment_status":"open","ping_status":"open","sticky":false,"template":"","format":"standard","meta":{"footnotes":""},"categories":[1],"tags":[],"class_list":["post-7930","post","type-post","status-publish","format-standard","has-post-thumbnail","hentry","category-penzugyi-hirek"],"yoast_head":"<!-- This site is optimized with the Yoast SEO plugin v27.4 - https:\/\/yoast.com\/product\/yoast-seo-wordpress\/ -->\n<title>\u00daj gy\u00f3gyszert vezetett be a Richter Gedeon - Super News<\/title>\n<meta name=\"robots\" content=\"index, follow, max-snippet:-1, max-image-preview:large, max-video-preview:-1\" \/>\n<link rel=\"canonical\" href=\"https:\/\/super-news.info\/hu\/uj-gyogyszert-vezetett-be-a-richter-gedeon\/\" \/>\n<meta property=\"og:locale\" content=\"hu_HU\" \/>\n<meta property=\"og:type\" content=\"article\" \/>\n<meta property=\"og:title\" content=\"\u00daj gy\u00f3gyszert vezetett be a Richter Gedeon - Super News\" \/>\n<meta property=\"og:description\" content=\"[ad_1] Lej\u00e1rt a referencia term\u00e9k szabadalmi v\u00e9detts\u00e9ge, a tervezett menetrend szerint indul az \u00e9rt\u00e9kes\u00edt\u00e9s. A Richter Gedeon Nyrt. kedden bejelentette, hogy bevezette Eur\u00f3p\u00e1ban a bioszimil\u00e1ris teriparatide k\u00e9sz\u00edtm\u00e9ny\u00e9t, a Terrosa-t. A szert a feln\u0151tt p\u00e1ciensek ugyanazon indik\u00e1ci\u00f3s ter\u00fcleteken haszn\u00e1lhatj\u00e1k majd, mint az amerikai Eli Lilly \u00e1ltal kifejlesztett Forsteo-t: a csontritkul\u00e1s kezel\u00e9s\u00e9re. A biotechnol\u00f3giai \u00faton el\u0151\u00e1ll\u00edtott teriparatide-ot [&hellip;]\" \/>\n<meta property=\"og:url\" content=\"https:\/\/super-news.info\/hu\/uj-gyogyszert-vezetett-be-a-richter-gedeon\/\" \/>\n<meta property=\"og:site_name\" content=\"Super News\" \/>\n<meta property=\"article:published_time\" content=\"2019-08-20T07:16:28+00:00\" \/>\n<meta property=\"article:modified_time\" content=\"2019-08-20T07:16:29+00:00\" \/>\n<meta property=\"og:image\" content=\"https:\/\/super-news.info\/hu\/wp-content\/uploads\/sites\/3\/2019\/08\/j-gy-gyszert-vezetett-be-a-Richter-Gedeon.jpg\" \/>\n\t<meta property=\"og:image:width\" content=\"1400\" \/>\n\t<meta property=\"og:image:height\" content=\"787\" \/>\n\t<meta property=\"og:image:type\" content=\"image\/jpeg\" \/>\n<meta name=\"author\" content=\"super-news\" \/>\n<meta name=\"twitter:card\" content=\"summary_large_image\" \/>\n<meta name=\"twitter:label1\" content=\"Szerz\u0151:\" \/>\n\t<meta name=\"twitter:data1\" content=\"super-news\" \/>\n\t<meta name=\"twitter:label2\" content=\"Becs\u00fclt olvas\u00e1si id\u0151\" \/>\n\t<meta name=\"twitter:data2\" content=\"1 perc\" \/>\n<script type=\"application\/ld+json\" class=\"yoast-schema-graph\">{\"@context\":\"https:\\\/\\\/schema.org\",\"@graph\":[{\"@type\":\"Article\",\"@id\":\"https:\\\/\\\/super-news.info\\\/hu\\\/uj-gyogyszert-vezetett-be-a-richter-gedeon\\\/#article\",\"isPartOf\":{\"@id\":\"https:\\\/\\\/super-news.info\\\/hu\\\/uj-gyogyszert-vezetett-be-a-richter-gedeon\\\/\"},\"author\":{\"name\":\"super-news\",\"@id\":\"https:\\\/\\\/super-news.info\\\/hu\\\/#\\\/schema\\\/person\\\/2d4068cb2f39cd10008c2fce578a7356\"},\"headline\":\"\u00daj gy\u00f3gyszert vezetett be a Richter Gedeon\",\"datePublished\":\"2019-08-20T07:16:28+00:00\",\"dateModified\":\"2019-08-20T07:16:29+00:00\",\"mainEntityOfPage\":{\"@id\":\"https:\\\/\\\/super-news.info\\\/hu\\\/uj-gyogyszert-vezetett-be-a-richter-gedeon\\\/\"},\"wordCount\":223,\"commentCount\":0,\"image\":{\"@id\":\"https:\\\/\\\/super-news.info\\\/hu\\\/uj-gyogyszert-vezetett-be-a-richter-gedeon\\\/#primaryimage\"},\"thumbnailUrl\":\"https:\\\/\\\/super-news.info\\\/hu\\\/wp-content\\\/uploads\\\/sites\\\/3\\\/2019\\\/08\\\/j-gy-gyszert-vezetett-be-a-Richter-Gedeon.jpg\",\"articleSection\":[\"P\u00c9NZ\u00dcGYI H\u00cdREK\"],\"inLanguage\":\"hu\",\"potentialAction\":[{\"@type\":\"CommentAction\",\"name\":\"Comment\",\"target\":[\"https:\\\/\\\/super-news.info\\\/hu\\\/uj-gyogyszert-vezetett-be-a-richter-gedeon\\\/#respond\"]}]},{\"@type\":\"WebPage\",\"@id\":\"https:\\\/\\\/super-news.info\\\/hu\\\/uj-gyogyszert-vezetett-be-a-richter-gedeon\\\/\",\"url\":\"https:\\\/\\\/super-news.info\\\/hu\\\/uj-gyogyszert-vezetett-be-a-richter-gedeon\\\/\",\"name\":\"\u00daj gy\u00f3gyszert vezetett be a Richter Gedeon - Super News\",\"isPartOf\":{\"@id\":\"https:\\\/\\\/super-news.info\\\/hu\\\/#website\"},\"primaryImageOfPage\":{\"@id\":\"https:\\\/\\\/super-news.info\\\/hu\\\/uj-gyogyszert-vezetett-be-a-richter-gedeon\\\/#primaryimage\"},\"image\":{\"@id\":\"https:\\\/\\\/super-news.info\\\/hu\\\/uj-gyogyszert-vezetett-be-a-richter-gedeon\\\/#primaryimage\"},\"thumbnailUrl\":\"https:\\\/\\\/super-news.info\\\/hu\\\/wp-content\\\/uploads\\\/sites\\\/3\\\/2019\\\/08\\\/j-gy-gyszert-vezetett-be-a-Richter-Gedeon.jpg\",\"datePublished\":\"2019-08-20T07:16:28+00:00\",\"dateModified\":\"2019-08-20T07:16:29+00:00\",\"author\":{\"@id\":\"https:\\\/\\\/super-news.info\\\/hu\\\/#\\\/schema\\\/person\\\/2d4068cb2f39cd10008c2fce578a7356\"},\"breadcrumb\":{\"@id\":\"https:\\\/\\\/super-news.info\\\/hu\\\/uj-gyogyszert-vezetett-be-a-richter-gedeon\\\/#breadcrumb\"},\"inLanguage\":\"hu\",\"potentialAction\":[{\"@type\":\"ReadAction\",\"target\":[\"https:\\\/\\\/super-news.info\\\/hu\\\/uj-gyogyszert-vezetett-be-a-richter-gedeon\\\/\"]}]},{\"@type\":\"ImageObject\",\"inLanguage\":\"hu\",\"@id\":\"https:\\\/\\\/super-news.info\\\/hu\\\/uj-gyogyszert-vezetett-be-a-richter-gedeon\\\/#primaryimage\",\"url\":\"https:\\\/\\\/super-news.info\\\/hu\\\/wp-content\\\/uploads\\\/sites\\\/3\\\/2019\\\/08\\\/j-gy-gyszert-vezetett-be-a-Richter-Gedeon.jpg\",\"contentUrl\":\"https:\\\/\\\/super-news.info\\\/hu\\\/wp-content\\\/uploads\\\/sites\\\/3\\\/2019\\\/08\\\/j-gy-gyszert-vezetett-be-a-Richter-Gedeon.jpg\",\"width\":1400,\"height\":787,\"caption\":\"\u00daj gy\u00f3gyszert vezetett be a Richter Gedeon\"},{\"@type\":\"BreadcrumbList\",\"@id\":\"https:\\\/\\\/super-news.info\\\/hu\\\/uj-gyogyszert-vezetett-be-a-richter-gedeon\\\/#breadcrumb\",\"itemListElement\":[{\"@type\":\"ListItem\",\"position\":1,\"name\":\"\u0413\u043b\u0430\u0432\u043d\u0430\u044f \u0441\u0442\u0440\u0430\u043d\u0438\u0446\u0430\",\"item\":\"https:\\\/\\\/super-news.info\\\/hu\\\/\"},{\"@type\":\"ListItem\",\"position\":2,\"name\":\"\u00daj gy\u00f3gyszert vezetett be a Richter Gedeon\"}]},{\"@type\":\"WebSite\",\"@id\":\"https:\\\/\\\/super-news.info\\\/hu\\\/#website\",\"url\":\"https:\\\/\\\/super-news.info\\\/hu\\\/\",\"name\":\"Super News\",\"description\":\"Super News Magyarorsz\u00e1g\",\"potentialAction\":[{\"@type\":\"SearchAction\",\"target\":{\"@type\":\"EntryPoint\",\"urlTemplate\":\"https:\\\/\\\/super-news.info\\\/hu\\\/?s={search_term_string}\"},\"query-input\":{\"@type\":\"PropertyValueSpecification\",\"valueRequired\":true,\"valueName\":\"search_term_string\"}}],\"inLanguage\":\"hu\"},{\"@type\":\"Person\",\"@id\":\"https:\\\/\\\/super-news.info\\\/hu\\\/#\\\/schema\\\/person\\\/2d4068cb2f39cd10008c2fce578a7356\",\"name\":\"super-news\",\"image\":{\"@type\":\"ImageObject\",\"inLanguage\":\"hu\",\"@id\":\"https:\\\/\\\/secure.gravatar.com\\\/avatar\\\/64ebac40b93f26a154f8a9b5b6fdccfc46f442b26b3dd6756dbff3bf9dc76fd7?s=96&d=mm&r=g\",\"url\":\"https:\\\/\\\/secure.gravatar.com\\\/avatar\\\/64ebac40b93f26a154f8a9b5b6fdccfc46f442b26b3dd6756dbff3bf9dc76fd7?s=96&d=mm&r=g\",\"contentUrl\":\"https:\\\/\\\/secure.gravatar.com\\\/avatar\\\/64ebac40b93f26a154f8a9b5b6fdccfc46f442b26b3dd6756dbff3bf9dc76fd7?s=96&d=mm&r=g\",\"caption\":\"super-news\"},\"url\":\"https:\\\/\\\/super-news.info\\\/hu\\\/author\\\/pt\\\/\"}]}<\/script>\n<!-- \/ Yoast SEO plugin. -->","yoast_head_json":{"title":"\u00daj gy\u00f3gyszert vezetett be a Richter Gedeon - Super News","robots":{"index":"index","follow":"follow","max-snippet":"max-snippet:-1","max-image-preview":"max-image-preview:large","max-video-preview":"max-video-preview:-1"},"canonical":"https:\/\/super-news.info\/hu\/uj-gyogyszert-vezetett-be-a-richter-gedeon\/","og_locale":"hu_HU","og_type":"article","og_title":"\u00daj gy\u00f3gyszert vezetett be a Richter Gedeon - Super News","og_description":"[ad_1] Lej\u00e1rt a referencia term\u00e9k szabadalmi v\u00e9detts\u00e9ge, a tervezett menetrend szerint indul az \u00e9rt\u00e9kes\u00edt\u00e9s. A Richter Gedeon Nyrt. kedden bejelentette, hogy bevezette Eur\u00f3p\u00e1ban a bioszimil\u00e1ris teriparatide k\u00e9sz\u00edtm\u00e9ny\u00e9t, a Terrosa-t. A szert a feln\u0151tt p\u00e1ciensek ugyanazon indik\u00e1ci\u00f3s ter\u00fcleteken haszn\u00e1lhatj\u00e1k majd, mint az amerikai Eli Lilly \u00e1ltal kifejlesztett Forsteo-t: a csontritkul\u00e1s kezel\u00e9s\u00e9re. A biotechnol\u00f3giai \u00faton el\u0151\u00e1ll\u00edtott teriparatide-ot [&hellip;]","og_url":"https:\/\/super-news.info\/hu\/uj-gyogyszert-vezetett-be-a-richter-gedeon\/","og_site_name":"Super News","article_published_time":"2019-08-20T07:16:28+00:00","article_modified_time":"2019-08-20T07:16:29+00:00","og_image":[{"width":1400,"height":787,"url":"https:\/\/super-news.info\/hu\/wp-content\/uploads\/sites\/3\/2019\/08\/j-gy-gyszert-vezetett-be-a-Richter-Gedeon.jpg","type":"image\/jpeg"}],"author":"super-news","twitter_card":"summary_large_image","twitter_misc":{"Szerz\u0151:":"super-news","Becs\u00fclt olvas\u00e1si id\u0151":"1 perc"},"schema":{"@context":"https:\/\/schema.org","@graph":[{"@type":"Article","@id":"https:\/\/super-news.info\/hu\/uj-gyogyszert-vezetett-be-a-richter-gedeon\/#article","isPartOf":{"@id":"https:\/\/super-news.info\/hu\/uj-gyogyszert-vezetett-be-a-richter-gedeon\/"},"author":{"name":"super-news","@id":"https:\/\/super-news.info\/hu\/#\/schema\/person\/2d4068cb2f39cd10008c2fce578a7356"},"headline":"\u00daj gy\u00f3gyszert vezetett be a Richter Gedeon","datePublished":"2019-08-20T07:16:28+00:00","dateModified":"2019-08-20T07:16:29+00:00","mainEntityOfPage":{"@id":"https:\/\/super-news.info\/hu\/uj-gyogyszert-vezetett-be-a-richter-gedeon\/"},"wordCount":223,"commentCount":0,"image":{"@id":"https:\/\/super-news.info\/hu\/uj-gyogyszert-vezetett-be-a-richter-gedeon\/#primaryimage"},"thumbnailUrl":"https:\/\/super-news.info\/hu\/wp-content\/uploads\/sites\/3\/2019\/08\/j-gy-gyszert-vezetett-be-a-Richter-Gedeon.jpg","articleSection":["P\u00c9NZ\u00dcGYI H\u00cdREK"],"inLanguage":"hu","potentialAction":[{"@type":"CommentAction","name":"Comment","target":["https:\/\/super-news.info\/hu\/uj-gyogyszert-vezetett-be-a-richter-gedeon\/#respond"]}]},{"@type":"WebPage","@id":"https:\/\/super-news.info\/hu\/uj-gyogyszert-vezetett-be-a-richter-gedeon\/","url":"https:\/\/super-news.info\/hu\/uj-gyogyszert-vezetett-be-a-richter-gedeon\/","name":"\u00daj gy\u00f3gyszert vezetett be a Richter Gedeon - Super News","isPartOf":{"@id":"https:\/\/super-news.info\/hu\/#website"},"primaryImageOfPage":{"@id":"https:\/\/super-news.info\/hu\/uj-gyogyszert-vezetett-be-a-richter-gedeon\/#primaryimage"},"image":{"@id":"https:\/\/super-news.info\/hu\/uj-gyogyszert-vezetett-be-a-richter-gedeon\/#primaryimage"},"thumbnailUrl":"https:\/\/super-news.info\/hu\/wp-content\/uploads\/sites\/3\/2019\/08\/j-gy-gyszert-vezetett-be-a-Richter-Gedeon.jpg","datePublished":"2019-08-20T07:16:28+00:00","dateModified":"2019-08-20T07:16:29+00:00","author":{"@id":"https:\/\/super-news.info\/hu\/#\/schema\/person\/2d4068cb2f39cd10008c2fce578a7356"},"breadcrumb":{"@id":"https:\/\/super-news.info\/hu\/uj-gyogyszert-vezetett-be-a-richter-gedeon\/#breadcrumb"},"inLanguage":"hu","potentialAction":[{"@type":"ReadAction","target":["https:\/\/super-news.info\/hu\/uj-gyogyszert-vezetett-be-a-richter-gedeon\/"]}]},{"@type":"ImageObject","inLanguage":"hu","@id":"https:\/\/super-news.info\/hu\/uj-gyogyszert-vezetett-be-a-richter-gedeon\/#primaryimage","url":"https:\/\/super-news.info\/hu\/wp-content\/uploads\/sites\/3\/2019\/08\/j-gy-gyszert-vezetett-be-a-Richter-Gedeon.jpg","contentUrl":"https:\/\/super-news.info\/hu\/wp-content\/uploads\/sites\/3\/2019\/08\/j-gy-gyszert-vezetett-be-a-Richter-Gedeon.jpg","width":1400,"height":787,"caption":"\u00daj gy\u00f3gyszert vezetett be a Richter Gedeon"},{"@type":"BreadcrumbList","@id":"https:\/\/super-news.info\/hu\/uj-gyogyszert-vezetett-be-a-richter-gedeon\/#breadcrumb","itemListElement":[{"@type":"ListItem","position":1,"name":"\u0413\u043b\u0430\u0432\u043d\u0430\u044f \u0441\u0442\u0440\u0430\u043d\u0438\u0446\u0430","item":"https:\/\/super-news.info\/hu\/"},{"@type":"ListItem","position":2,"name":"\u00daj gy\u00f3gyszert vezetett be a Richter Gedeon"}]},{"@type":"WebSite","@id":"https:\/\/super-news.info\/hu\/#website","url":"https:\/\/super-news.info\/hu\/","name":"Super News","description":"Super News Magyarorsz\u00e1g","potentialAction":[{"@type":"SearchAction","target":{"@type":"EntryPoint","urlTemplate":"https:\/\/super-news.info\/hu\/?s={search_term_string}"},"query-input":{"@type":"PropertyValueSpecification","valueRequired":true,"valueName":"search_term_string"}}],"inLanguage":"hu"},{"@type":"Person","@id":"https:\/\/super-news.info\/hu\/#\/schema\/person\/2d4068cb2f39cd10008c2fce578a7356","name":"super-news","image":{"@type":"ImageObject","inLanguage":"hu","@id":"https:\/\/secure.gravatar.com\/avatar\/64ebac40b93f26a154f8a9b5b6fdccfc46f442b26b3dd6756dbff3bf9dc76fd7?s=96&d=mm&r=g","url":"https:\/\/secure.gravatar.com\/avatar\/64ebac40b93f26a154f8a9b5b6fdccfc46f442b26b3dd6756dbff3bf9dc76fd7?s=96&d=mm&r=g","contentUrl":"https:\/\/secure.gravatar.com\/avatar\/64ebac40b93f26a154f8a9b5b6fdccfc46f442b26b3dd6756dbff3bf9dc76fd7?s=96&d=mm&r=g","caption":"super-news"},"url":"https:\/\/super-news.info\/hu\/author\/pt\/"}]}},"_links":{"self":[{"href":"https:\/\/super-news.info\/hu\/wp-json\/wp\/v2\/posts\/7930","targetHints":{"allow":["GET"]}}],"collection":[{"href":"https:\/\/super-news.info\/hu\/wp-json\/wp\/v2\/posts"}],"about":[{"href":"https:\/\/super-news.info\/hu\/wp-json\/wp\/v2\/types\/post"}],"author":[{"embeddable":true,"href":"https:\/\/super-news.info\/hu\/wp-json\/wp\/v2\/users\/2"}],"replies":[{"embeddable":true,"href":"https:\/\/super-news.info\/hu\/wp-json\/wp\/v2\/comments?post=7930"}],"version-history":[{"count":1,"href":"https:\/\/super-news.info\/hu\/wp-json\/wp\/v2\/posts\/7930\/revisions"}],"predecessor-version":[{"id":7932,"href":"https:\/\/super-news.info\/hu\/wp-json\/wp\/v2\/posts\/7930\/revisions\/7932"}],"wp:featuredmedia":[{"embeddable":true,"href":"https:\/\/super-news.info\/hu\/wp-json\/wp\/v2\/media\/7931"}],"wp:attachment":[{"href":"https:\/\/super-news.info\/hu\/wp-json\/wp\/v2\/media?parent=7930"}],"wp:term":[{"taxonomy":"category","embeddable":true,"href":"https:\/\/super-news.info\/hu\/wp-json\/wp\/v2\/categories?post=7930"},{"taxonomy":"post_tag","embeddable":true,"href":"https:\/\/super-news.info\/hu\/wp-json\/wp\/v2\/tags?post=7930"}],"curies":[{"name":"wp","href":"https:\/\/api.w.org\/{rel}","templated":true}]}}