{"id":7924,"date":"2019-08-20T09:24:31","date_gmt":"2019-08-20T06:24:31","guid":{"rendered":"https:\/\/super-news.info\/hu\/tradicio-es-noi-energiak-vilaggazdasag\/"},"modified":"2019-08-20T09:24:32","modified_gmt":"2019-08-20T06:24:32","slug":"tradicio-es-noi-energiak-vilaggazdasag","status":"publish","type":"post","link":"https:\/\/super-news.info\/hu\/tradicio-es-noi-energiak-vilaggazdasag\/","title":{"rendered":"Trad\u00edci\u00f3 \u00e9s n\u0151i energi\u00e1k | Vil\u00e1ggazdas\u00e1g"},"content":{"rendered":"<p> [ad_1]<br \/>\n<\/p>\n<p>\n\t\t\t\t\t\t\t\tM\u00e1ria Ter\u00e9zia 1773-ban alap\u00edtotta meg haz\u00e1nk legnagyobb m\u00falt\u00fa jogfolytonosan m\u0171k\u00f6d\u0151 v\u00e1llalkoz\u00e1s\u00e1t, az Els\u0151 Magyar Kir\u00e1lyi Z\u00e1logh\u00e1zat, ma B\u00c1V Aukci\u00f3sh\u00e1z \u00e9s Z\u00e1loghitel Zrt., \u00e9s t\u00f6rt\u00e9net\u00e9ben el\u0151sz\u00f6r egy n\u0151 vezeti. Zakari\u00e1s Fruzsin\u00e1val besz\u00e9lgett\u00fcnk a 21. sz\u00e1zad n\u0151i vezet\u0151i kih\u00edv\u00e1sair\u00f3l \u00e9s az el\u0151tte \u00e1ll\u00f3 feladatr\u00f3l, a B\u00c1V meg\u00faj\u00edt\u00e1s\u00e1r\u00f3l.\t\t\t\t\t\t\t<\/p>\n<div>\n<p>Az \u00faj vez\u00e9rigazgat\u00f3 a teljes \u00e1talakul\u00e1s levez\u00e9nyl\u00e9s\u00e9re szerz\u0151d\u00f6tt, bele\u00e9rtve a bels\u0151 szervezeti kult\u00farav\u00e1lt\u00e1st, a kifel\u00e9 sz\u00f3l\u00f3 kommunik\u00e1ci\u00f3 \u00e9s marketing meg\u00faj\u00edt\u00e1s\u00e1t, \u00faj term\u00e9kek \u00e9s szolg\u00e1ltat\u00e1sok bevezet\u00e9s\u00e9t \u00e9s a digitaliz\u00e1ci\u00f3t is. A c\u00e9l, felk\u00e9sz\u00edteni a c\u00e9get a 21. sz\u00e1zad kih\u00edv\u00e1saira. Zakari\u00e1s Fruzsina azt mondja, \u00e9pp ez motiv\u00e1lta a feladat elv\u00e1llal\u00e1sakor: \u201eEl\u0151z\u0151 poz\u00edci\u00f3mban is arannyal, ez\u00fcsttel, azaz nemesf\u00e9mekkel foglalkoztunk, a speci\u00e1lis term\u00e9k, speci\u00e1lis \u00e9rt\u00e9kes\u00edt\u00e9s \u00e9s k\u00fcl\u00f6nleges \u00fcgyf\u00e9lk\u00f6r nem idegen sz\u00e1momra. A B\u00c1V-hoz a Magyar \u00c9remkibocs\u00e1t\u00f3 c\u00e9gvezet\u0151i poz\u00edci\u00f3j\u00e1b\u00f3l \u00e9rkeztem, itt a numizmatika \u00e1llt a k\u00f6z\u00e9ppontban: saj\u00e1t \u00e9rm\u00e9ket bocs\u00e1tottunk ki \u00e9s \u00e1ltaluk gy\u0171jt\u0151ket teremtett\u00fcnk, ott a null\u00e1r\u00f3l indulva \u00e9p\u00edtkezt\u00fcnk. Most \u00e9pp ellenkez\u0151leg: egy nagyon r\u00e9g\u00f3ta m\u0171k\u00f6d\u0151, trad\u00edci\u00f3kban gazdag c\u00e9get kell felfriss\u00edteni \u00e9s felk\u00e9sz\u00edteni a k\u00f6vetkez\u0151 id\u0151szakra, a 21. sz\u00e1zad kih\u00edv\u00e1sai ra. Szakmailag rendk\u00edv\u00fcl izgalmas feladatnak \u00edg\u00e9rkezik.\u201d<\/p>\n<h3>Lojalit\u00e1s, teljes spektrum<\/h3>\n<p>A B\u00c1V-n\u00e1l alap\u00e9rt\u00e9k a munkat\u00e1rsak lojalit\u00e1sa. Az 2019 tavasz\u00e1n rendezett 1. Orsz\u00e1gos B\u00c1V Tal\u00e1lkoz\u00f3n az el\u0151zetes tervek szerint azok kaptak volna elismer\u00e9st, akik legal\u00e1bb 15 \u00e9ve a c\u00e9gn\u00e9l dolgoznak, de kider\u00fclt, ebben az esetben 120 munkat\u00e1rsat kellene sz\u00ednpadra sz\u00f3l\u00edtani a 400-b\u00f3l, \u00edgy \u201emind\u00f6ssze\u201d a legal\u00e1bb 30 \u00e9ve a B\u00c1V-n\u00e1l dolgoz\u00f3 29 koll\u00e9g\u00e1t d\u00edjazt\u00e1k.<\/p>\n<div id=\"attachment_1696771\" style=\"width: 1410px\" class=\"wp-caption aligncenter\">\n<p class=\"wp-caption-text\">Az \u00faj vez\u00e9rigazgat\u00f3 a teljes \u00e1talakul\u00e1s levez\u00e9nyl\u00e9s\u00e9re szerz\u0151d\u00f6tt, bele\u00e9rtve a bels\u0151 szervezeti kult\u00farav\u00e1lt\u00e1st, a kifel\u00e9 sz\u00f3l\u00f3 kommunik\u00e1ci\u00f3 \u00e9s marketing meg\u00faj\u00edt\u00e1s\u00e1t, \u00faj term\u00e9kek \u00e9s szolg\u00e1ltat\u00e1sok bevezet\u00e9s\u00e9t \u00e9s a digitaliz\u00e1ci\u00f3t is<br \/>Fot\u00f3: M\u00f3ricz-Sabj\u00e1n Simon<\/p>\n<\/div>\n<p>\u201eNagyon komoly \u00e9rt\u00e9k, hogy ilyen elk\u00f6telezett \u00e9s loj\u00e1lis munkav\u00e1llal\u00f3ink vannak, \u00fagy szeretn\u00e9nk \u00faj v\u00e1llalati kult\u00far\u00e1t bevezetni, hogy ez ne s\u00e9r\u00fclj\u00f6n. Azon mindenk\u00e9pp v\u00e1ltoztatni szeretn\u00e9nk, hogy a B\u00c1V sokakban m\u00e9g mindig egy szocialista nagyv\u00e1llalat k\u00e9pzet\u00e9t kelti. A bels\u0151 szervezeti kult\u00fara \u00e9s a m\u00e1rkastrat\u00e9gia \u00f6sszehangol\u00e1s\u00e1ba sok energi\u00e1t fektet\u00fcnk. Megl\u00e9v\u0151 \u00e9rt\u00e9keink megjelen\u00edt\u00e9s\u00e9ben m\u00e9g sz\u00e1mtalan rejtett tartal\u00e9kot, eddig ki nem haszn\u00e1lt lehet\u0151s\u00e9get l\u00e1tok.\u201d<\/p>\n<p>A B\u00c1V mindig is fontosnak tartotta a m\u0171t\u00e1rgy-kereskedelem teljes spektrum\u00e1t lefedni, \u00edgy h\u00e1t nem el\u00e9gedtek meg az \u00e9kszer- \u00e9s m\u0171t\u00e1rgyszegmensben el\u00e9rt vezet\u0151 hely\u00fckkel, az elm\u00falt \u00e9vekben a festm\u00e9nypiacon is r\u00e1er\u0151s\u00edtettek.<\/p>\n<p>Folyamatosan dolgoznak azon, hogy \u00fajabb \u00e9s \u00fajabb gener\u00e1ci\u00f3kat tudjanak az \u00fcgyfeleik k\u00f6z\u00f6tt. A fiatalokat megsz\u00f3l\u00edt\u00f3 plak\u00e1t\u00e1rver\u00e9sek, a ker\u00e1mi\u00e1k \u00e9s a kort\u00e1rs m\u0171vek megjelen\u00e9se az \u00fczletekben \u00e9s az aukci\u00f3kon eredm\u00e9nyesek voltak.<\/p>\n<p>\u201eA m\u0171t\u00e1rgyv\u00e1s\u00e1rl\u00f3k mellett a m\u0171t\u00e1rgybefektet\u0151k fel\u00e9 is nyitni szeretn\u00e9nk. Ehhez eduk\u00e1ci\u00f3ra van sz\u00fcks\u00e9g, amiben nek\u00fcnk mint z\u00e1szl\u00f3shaj\u00f3nak nagy szerepet kell v\u00e1llalnunk, amiben csak az egyik platform a B\u00c1V Akad\u00e9mi\u00e1nk, az \u00e1rver\u00e9seink min\u0151s\u00e9ge, a hozz\u00e1juk k\u00f6t\u0151d\u0151 kommunik\u00e1ci\u00f3, a rendezv\u00e9nyeink ugyanolyan fontosak.<\/p>\n<blockquote>\n<p>Meg akarjuk t\u00f6rni azt a sokak fej\u00e9ben \u00e9l\u0151 hiedelmet, miszerint a m\u0171gy\u0171jt\u00e9s kiz\u00e1r\u00f3lag a leggazdagabbak kiv\u00e1lts\u00e1ga, mivel nagyon k\u00f6lts\u00e9ges hobbi.<\/p>\n<\/blockquote>\n<p>A kamaraaukci\u00f3ink c\u00e9lja \u00e9ppen az, hogy n\u00e9h\u00e1ny t\u00edzezer forintos \u00f6sszeg\u00e9rt is sz\u00e9p, kult\u00fart\u00f6rt\u00e9netileg \u00e9rdekes, egyedi t\u00e1rgyakat k\u00edn\u00e1ljunk, amolyan els\u0151 l\u00e9p\u00e9sk\u00e9nt ebben a vil\u00e1gban, vagyis a kezd\u0151 gy\u0171jt\u0151knek\u201d \u2013 v\u00e1zolta fel a megsz\u00f3l\u00edt\u00e1s m\u00f3dj\u00e1t \u00e9s az eduk\u00e1ci\u00f3 fontoss\u00e1g\u00e1t a vez\u00e9rigazgat\u00f3.<\/p>\n<p>A B\u00c1V saj\u00e1t vizsg\u00e1lata szerint v\u00e1ltoz\u00e1s \u00e9rz\u00e9kelhet\u0151 mind a gy\u0171jt\u0151k, mind a befektet\u0151k k\u00f6r\u00e9ben a n\u0151k sz\u00e1mar\u00e1ny\u00e1t tekintve. Hagyom\u00e1nyosan eddig a kock\u00e1zatv\u00e1llal\u00f3bb f\u00e9rfiak l\u00e9ptek erre a ter\u00fcletre, de manaps\u00e1g egyre t\u00f6bb n\u0151 \u00e9rdekl\u0151dik, egyre t\u00f6bb\u00fcknek jut ideje \u00e9s energi\u00e1ja arra, hogy ismereteket szerezzen \u00e9s gy\u0171jt\u0151k\u00e9nt is k\u00e9pezze mag\u00e1t. A B\u00c1V k\u00e9pz\u00e9sein a csoportok h\u00e1romnegyede n\u0151kb\u0151l \u00e1ll, \u00e9s mind gyakrabban v\u00e1s\u00e1rolnak maguknak az \u00e1rver\u00e9seken \u2013 els\u0151sorban \u00e9kszert, de m\u00e1s m\u0171t\u00e1rgyakat is.<\/p>\n<h3>Munkareggelik<\/h3>\n<p>Zakari\u00e1s Fruzsina h\u00e9t \u00e9ve tagja a n\u0151i vezet\u0151ket t\u00f6m\u00f6r\u00edt\u0151 TWMC-nek (Top Women Managers Club), melyet Cs\u00edk Kl\u00e1ra alap\u00edtott azzal a sz\u00e1nd\u00e9kkal, hogy a n\u0151i menedzsereknek is teremtsen egy networkingre alkalmas f\u00f3rumot. \u201eA n\u0151i vezet\u0151knek kevesebb idej\u00fck jut az inform\u00e1lis \u00fczleti kapcsolataik \u00e1pol\u00e1s\u00e1ra, hiszen t\u00f6bb szerepk\u00f6r k\u00f6z\u00f6tt kell megosztaniuk az idej\u00fcket. Jellemz\u0151en munkareggelik keret\u00e9ben tal\u00e1lkozunk, gyakran valamelyik\u00fcnk c\u00e9g\u00e9n\u00e9l. Kl\u00e1ra tudatos\u00edtotta benn\u00fcnk, milyen \u00f3ri\u00e1si jelent\u0151s\u00e9ge van ezeknek az \u00f6sszej\u00f6veteleknek. Olyan trivi\u00e1lis \u00fcgyekben is tudunk seg\u00edteni egym\u00e1snak, hogy valamelyik\u00fcnk gazdas\u00e1gi igazgat\u00f3t keres, \u00e9s a t\u00f6bbiek tudnak aj\u00e1nlani valakit, de m\u00e9g enn\u00e9l is fontosabb, hogy a fels\u0151 vezet\u0151k klasszikus elmag\u00e1nyosod\u00e1sa eset\u00e9n van egy f\u00f3rum, egy k\u00f6z\u00f6ss\u00e9g, ahol megbesz\u00e9lhetj\u00fck a probl\u00e9m\u00e1inkat.<\/p>\n<blockquote>\n<p>Min\u00e9l magasabbra jutsz, ann\u00e1l ink\u00e1bb egyed\u00fcl vagy, s ez a n\u0151kre hatv\u00e1nyozottan igaz.<\/p>\n<\/blockquote>\n<p>Egym\u00e1s probl\u00e9m\u00e1inak \u00e9s kih\u00edv\u00e1sainak a megismer\u00e9se fejleszt benn\u00fcnket, a k\u00f6z\u00f6s \u00f6tletel\u00e9s az egyik leghasznosabb r\u00e9sze a t\u00f6rt\u00e9netnek.\u201d Vil\u00e1gszinten a n\u0151i energi\u00e1k bevitele a c\u00e9gvezet\u00e9sbe j\u00f3 n\u00e9h\u00e1ny helyen pozit\u00edv eredm\u00e9nyt hozott. Itthon a p\u00e9nz\u00fcgyi szektorban m\u00e9g mindig kev\u00e9s n\u0151i vezet\u0151t l\u00e1tunk, m\u00e1rpedig a B\u00c1V a z\u00e1log\u00fczlet\u00e1g \u00e9s a m\u0171t\u00e1rgybefektet\u00e9sek ok\u00e1n is idetartozik.<\/p>\n<div id=\"attachment_1696774\" style=\"width: 410px\" class=\"wp-caption alignright\"><img loading=\"lazy\" decoding=\"async\" class=\"wp-image-1696774\" src=\"https:\/\/super-news.info\/hu\/wp-content\/uploads\/sites\/3\/2019\/08\/1566282271_524_Tradicio-es-noi-energiak-Vilaggazdasag.jpg\" alt=\"\" width=\"400\" height=\"600\"  \/><\/p>\n<p class=\"wp-caption-text\">\u201eMin\u00e9l magasabbra jutsz, ann\u00e1l ink\u00e1bb egyed\u00fcl vagy, s ez a n\u0151kre hatv\u00e1nyozottan igaz\u201d<br \/>Fot\u00f3: M\u00f3ricz-Sabj\u00e1n Simon<\/p>\n<\/div>\n<p>Zakari\u00e1s Fruzsina azt mondja, sz\u00e1mos er\u0151s n\u0151i vezet\u0151t ismer, b\u00e1r azt is hozz\u00e1teszi, mostan\u00e1ban sok olyan megbesz\u00e9l\u00e9sen \u00fcl, ahol rajta k\u00edv\u00fcl nincsenek h\u00f6lgyek. \u201eEgy-egy hossz\u00fa, er\u0151s karakter\u0171 f\u00e9rfiakkal folytatott t\u00e1rgyal\u00e1s ut\u00e1n gyakran \u00e9rzem, hogy igenis kell a n\u0151i energia is a halad\u00e1shoz. A sz\u00fcks\u00e9ges konfront\u00e1ci\u00f3k ut\u00e1n elj\u00f6n az a pont, amikor valakinek vissza kell terelni a r\u00e9sztvev\u0151ket a k\u00f6z\u00f6s gondolkod\u00e1sba. A kompromisszumos megold\u00e1sokhoz vezet\u0151 \u00faton kellenek a n\u0151i vezet\u0151k. A 21. sz\u00e1zadban a legfontosabb kompetenci\u00e1k k\u00f6z\u00e9 tartozik a rugalmass\u00e1g \u00e9s a v\u00e1ltoz\u00e1sokra val\u00f3 gyors reag\u00e1l\u00e1s k\u00e9pess\u00e9ge, tapasztalataim szerint a n\u0151i menedzsereknek ezek a legf\u0151bb er\u00e9nyei. Amikor a nemr\u00e9g megrendezett orsz\u00e1gos munkat\u00e1rsi tal\u00e1lkoz\u00f3nkon a k\u00e9t f\u00e9rfi \u00fczlet\u00e1gvezet\u0151 koll\u00e9g\u00e1mmal egym\u00e1s ut\u00e1n prezent\u00e1ltunk, fontos visszajelz\u00e9st kaptam. A koll\u00e9g\u00e1k szerint az el\u0151ad\u00e1somb\u00f3l, a jelenl\u00e9temb\u0151l gondoskod\u00e1s sug\u00e1rzott, valami olyasmi, hogy itt vagyok, \u00e9rtetek vagyok, veletek vagyok, m\u00edg a f\u00e9rfi koll\u00e9g\u00e1k el\u0151ad\u00e1sait a hagyom\u00e1nyosabb hadvez\u00e9rt\u00edpus megk\u00f6zel\u00edt\u00e9s jellemezte, benn\u00fck az elv\u00e1r\u00e1sokkal \u00e9s az \u00fatvonal ismertet\u00e9s\u00e9vel.\u201d<\/p>\n<h3>Konszenzus<\/h3>\n<p>Zakari\u00e1s Fruzsina szerint az, hogy egy vezet\u0151 hol helyezkedik el a demokratikus-autokratikus sk\u00e1l\u00e1n, helyzet- \u00e9s szem\u00e9lyis\u00e9gf\u00fcgg\u0151, \u0151 mag\u00e1t a demokratikus vezet\u0151k k\u00f6z\u00e9 sorolja. Mindig a konszenzus kialak\u00edt\u00e1s\u00e1ra t\u00f6rekszik.<\/p>\n<blockquote>\n<p>Hiszek abban, hogy a k\u00f6z\u00f6s c\u00e9lt addig kell gy\u00farni egy\u00fctt, am\u00edg mindenki mag\u00e1\u00e9v\u00e1 teszi \u00e9s meg\u00e9rti, mi\u00e9rt arra megy\u00fcnk, mert csak \u00edgy tudunk egy\u00fctt haladni \u00e9s v\u00e9g\u00fcl c\u00e9lba \u00e9rni. Er\u0151teljesen bevon\u00f3 vezet\u0151 vagyok, ami nem esik nehezemre, mert kifejezetten \u00e9rdekel a koll\u00e9g\u00e1k v\u00e9lem\u00e9nye.<\/p>\n<\/blockquote>\n<p>A B\u00c1V most \u2013 a c\u00e9g vezet\u0151j\u00e9nek hasonlat\u00e1val \u00e9lve \u2013 egy \u00e1talak\u00edt\u00e1s, fel\u00faj\u00edt\u00e1s alatt \u00e1ll\u00f3 luxus\u00f3ce\u00e1nj\u00e1r\u00f3, amelyet csak egy er\u0151s \u00e9s \u00f6sszedolgoz\u00f3 vezet\u0151i csapattal lehet ir\u00e1nyba \u00e1ll\u00edtani. Egy ilyen haj\u00f3 lassan fordul, Zakari\u00e1s Fruzsina ez\u00e9rt azt emeli ki, hogy a v\u00edzi\u00f3 val \u00e9s a c\u00e9lra tart\u00e1ssal nincs baj, amire viszont \u00fajra \u00e9s \u00fajra figyelmeztetnie kell mag\u00e1t, az a t\u00fcrelem.<\/p>\n<p style=\"text-align: right;\"><em>A cikk a Manager Magazin j\u00faniusi sz\u00e1m\u00e1ban jelent meg<\/em><br \/><em>(Trad\u00edci\u00f3 \u00e9s n\u0151i energi\u00e1k)<br \/><\/em><\/p>\n<\/div>\n<p><script>\n    window.fbAsyncInit = function() {\n        FB.init({\n            appId      : \"204760236815359\",\n            xfbml      : true,\n            version    : \"v2.12\"\n        });\n        FB.AppEvents.logPageView();\n    };<\/p>\n<p>    (function(d, s, id){\n        var js, fjs = d.getElementsByTagName(s)[0];\n        if (d.getElementById(id)) {return;}\n        js = d.createElement(s); js.id = id;\n        js.src = \"http:\/\/connect.facebook.net\/hu_HU\/sdk.js\";\n        fjs.parentNode.insertBefore(js, fjs);\n    }(document, \"script\", \"facebook-jssdk\"));\n<\/script><br \/>\n<br \/>[ad_2]<br \/>\n<br \/><a href=\"https:\/\/www.vg.hu\/manager-magazin\/tradicio-es-noi-energiak-1696759\/\">Source link <\/a><\/p>\n","protected":false},"excerpt":{"rendered":"<p>[ad_1] M\u00e1ria Ter\u00e9zia 1773-ban alap\u00edtotta meg haz\u00e1nk legnagyobb m\u00falt\u00fa jogfolytonosan m\u0171k\u00f6d\u0151 v\u00e1llalkoz\u00e1s\u00e1t, az Els\u0151 Magyar Kir\u00e1lyi Z\u00e1logh\u00e1zat, ma B\u00c1V Aukci\u00f3sh\u00e1z \u00e9s Z\u00e1loghitel Zrt., \u00e9s t\u00f6rt\u00e9net\u00e9ben el\u0151sz\u00f6r egy n\u0151 vezeti. Zakari\u00e1s Fruzsin\u00e1val besz\u00e9lgett\u00fcnk a 21. sz\u00e1zad n\u0151i vezet\u0151i kih\u00edv\u00e1sair\u00f3l \u00e9s az el\u0151tte \u00e1ll\u00f3 feladatr\u00f3l, a B\u00c1V meg\u00faj\u00edt\u00e1s\u00e1r\u00f3l. Az \u00faj vez\u00e9rigazgat\u00f3 a teljes \u00e1talakul\u00e1s levez\u00e9nyl\u00e9s\u00e9re szerz\u0151d\u00f6tt, bele\u00e9rtve [&hellip;]<\/p>\n","protected":false},"author":2,"featured_media":7925,"comment_status":"open","ping_status":"open","sticky":false,"template":"","format":"standard","meta":{"footnotes":""},"categories":[1],"tags":[],"class_list":["post-7924","post","type-post","status-publish","format-standard","has-post-thumbnail","hentry","category-penzugyi-hirek"],"yoast_head":"<!-- This site is optimized with the Yoast SEO plugin v27.4 - https:\/\/yoast.com\/product\/yoast-seo-wordpress\/ -->\n<title>Trad\u00edci\u00f3 \u00e9s n\u0151i energi\u00e1k | Vil\u00e1ggazdas\u00e1g - Super News<\/title>\n<meta name=\"robots\" content=\"index, follow, max-snippet:-1, max-image-preview:large, max-video-preview:-1\" \/>\n<link rel=\"canonical\" href=\"https:\/\/super-news.info\/hu\/tradicio-es-noi-energiak-vilaggazdasag\/\" \/>\n<meta property=\"og:locale\" content=\"hu_HU\" \/>\n<meta property=\"og:type\" content=\"article\" \/>\n<meta property=\"og:title\" content=\"Trad\u00edci\u00f3 \u00e9s n\u0151i energi\u00e1k | Vil\u00e1ggazdas\u00e1g - Super News\" \/>\n<meta property=\"og:description\" content=\"[ad_1] M\u00e1ria Ter\u00e9zia 1773-ban alap\u00edtotta meg haz\u00e1nk legnagyobb m\u00falt\u00fa jogfolytonosan m\u0171k\u00f6d\u0151 v\u00e1llalkoz\u00e1s\u00e1t, az Els\u0151 Magyar Kir\u00e1lyi Z\u00e1logh\u00e1zat, ma B\u00c1V Aukci\u00f3sh\u00e1z \u00e9s Z\u00e1loghitel Zrt., \u00e9s t\u00f6rt\u00e9net\u00e9ben el\u0151sz\u00f6r egy n\u0151 vezeti. Zakari\u00e1s Fruzsin\u00e1val besz\u00e9lgett\u00fcnk a 21. sz\u00e1zad n\u0151i vezet\u0151i kih\u00edv\u00e1sair\u00f3l \u00e9s az el\u0151tte \u00e1ll\u00f3 feladatr\u00f3l, a B\u00c1V meg\u00faj\u00edt\u00e1s\u00e1r\u00f3l. Az \u00faj vez\u00e9rigazgat\u00f3 a teljes \u00e1talakul\u00e1s levez\u00e9nyl\u00e9s\u00e9re szerz\u0151d\u00f6tt, bele\u00e9rtve [&hellip;]\" \/>\n<meta property=\"og:url\" content=\"https:\/\/super-news.info\/hu\/tradicio-es-noi-energiak-vilaggazdasag\/\" \/>\n<meta property=\"og:site_name\" content=\"Super News\" \/>\n<meta property=\"article:published_time\" content=\"2019-08-20T06:24:31+00:00\" \/>\n<meta property=\"article:modified_time\" content=\"2019-08-20T06:24:32+00:00\" \/>\n<meta property=\"og:image\" content=\"https:\/\/super-news.info\/hu\/wp-content\/uploads\/sites\/3\/2019\/08\/Trad-ci-s-n-i-energi-k-Vil-ggazdas-g.jpg\" \/>\n\t<meta property=\"og:image:width\" content=\"1400\" \/>\n\t<meta property=\"og:image:height\" content=\"956\" \/>\n\t<meta property=\"og:image:type\" content=\"image\/jpeg\" \/>\n<meta name=\"author\" content=\"super-news\" \/>\n<meta name=\"twitter:card\" content=\"summary_large_image\" \/>\n<meta name=\"twitter:label1\" content=\"Szerz\u0151:\" \/>\n\t<meta name=\"twitter:data1\" content=\"super-news\" \/>\n\t<meta name=\"twitter:label2\" content=\"Becs\u00fclt olvas\u00e1si id\u0151\" \/>\n\t<meta name=\"twitter:data2\" content=\"8 perc\" \/>\n<script type=\"application\/ld+json\" class=\"yoast-schema-graph\">{\"@context\":\"https:\\\/\\\/schema.org\",\"@graph\":[{\"@type\":\"Article\",\"@id\":\"https:\\\/\\\/super-news.info\\\/hu\\\/tradicio-es-noi-energiak-vilaggazdasag\\\/#article\",\"isPartOf\":{\"@id\":\"https:\\\/\\\/super-news.info\\\/hu\\\/tradicio-es-noi-energiak-vilaggazdasag\\\/\"},\"author\":{\"name\":\"super-news\",\"@id\":\"https:\\\/\\\/super-news.info\\\/hu\\\/#\\\/schema\\\/person\\\/2d4068cb2f39cd10008c2fce578a7356\"},\"headline\":\"Trad\u00edci\u00f3 \u00e9s n\u0151i energi\u00e1k | Vil\u00e1ggazdas\u00e1g\",\"datePublished\":\"2019-08-20T06:24:31+00:00\",\"dateModified\":\"2019-08-20T06:24:32+00:00\",\"mainEntityOfPage\":{\"@id\":\"https:\\\/\\\/super-news.info\\\/hu\\\/tradicio-es-noi-energiak-vilaggazdasag\\\/\"},\"wordCount\":1653,\"commentCount\":0,\"image\":{\"@id\":\"https:\\\/\\\/super-news.info\\\/hu\\\/tradicio-es-noi-energiak-vilaggazdasag\\\/#primaryimage\"},\"thumbnailUrl\":\"https:\\\/\\\/super-news.info\\\/hu\\\/wp-content\\\/uploads\\\/sites\\\/3\\\/2019\\\/08\\\/Trad-ci-s-n-i-energi-k-Vil-ggazdas-g.jpg\",\"articleSection\":[\"P\u00c9NZ\u00dcGYI H\u00cdREK\"],\"inLanguage\":\"hu\",\"potentialAction\":[{\"@type\":\"CommentAction\",\"name\":\"Comment\",\"target\":[\"https:\\\/\\\/super-news.info\\\/hu\\\/tradicio-es-noi-energiak-vilaggazdasag\\\/#respond\"]}]},{\"@type\":\"WebPage\",\"@id\":\"https:\\\/\\\/super-news.info\\\/hu\\\/tradicio-es-noi-energiak-vilaggazdasag\\\/\",\"url\":\"https:\\\/\\\/super-news.info\\\/hu\\\/tradicio-es-noi-energiak-vilaggazdasag\\\/\",\"name\":\"Trad\u00edci\u00f3 \u00e9s n\u0151i energi\u00e1k | Vil\u00e1ggazdas\u00e1g - Super News\",\"isPartOf\":{\"@id\":\"https:\\\/\\\/super-news.info\\\/hu\\\/#website\"},\"primaryImageOfPage\":{\"@id\":\"https:\\\/\\\/super-news.info\\\/hu\\\/tradicio-es-noi-energiak-vilaggazdasag\\\/#primaryimage\"},\"image\":{\"@id\":\"https:\\\/\\\/super-news.info\\\/hu\\\/tradicio-es-noi-energiak-vilaggazdasag\\\/#primaryimage\"},\"thumbnailUrl\":\"https:\\\/\\\/super-news.info\\\/hu\\\/wp-content\\\/uploads\\\/sites\\\/3\\\/2019\\\/08\\\/Trad-ci-s-n-i-energi-k-Vil-ggazdas-g.jpg\",\"datePublished\":\"2019-08-20T06:24:31+00:00\",\"dateModified\":\"2019-08-20T06:24:32+00:00\",\"author\":{\"@id\":\"https:\\\/\\\/super-news.info\\\/hu\\\/#\\\/schema\\\/person\\\/2d4068cb2f39cd10008c2fce578a7356\"},\"breadcrumb\":{\"@id\":\"https:\\\/\\\/super-news.info\\\/hu\\\/tradicio-es-noi-energiak-vilaggazdasag\\\/#breadcrumb\"},\"inLanguage\":\"hu\",\"potentialAction\":[{\"@type\":\"ReadAction\",\"target\":[\"https:\\\/\\\/super-news.info\\\/hu\\\/tradicio-es-noi-energiak-vilaggazdasag\\\/\"]}]},{\"@type\":\"ImageObject\",\"inLanguage\":\"hu\",\"@id\":\"https:\\\/\\\/super-news.info\\\/hu\\\/tradicio-es-noi-energiak-vilaggazdasag\\\/#primaryimage\",\"url\":\"https:\\\/\\\/super-news.info\\\/hu\\\/wp-content\\\/uploads\\\/sites\\\/3\\\/2019\\\/08\\\/Trad-ci-s-n-i-energi-k-Vil-ggazdas-g.jpg\",\"contentUrl\":\"https:\\\/\\\/super-news.info\\\/hu\\\/wp-content\\\/uploads\\\/sites\\\/3\\\/2019\\\/08\\\/Trad-ci-s-n-i-energi-k-Vil-ggazdas-g.jpg\",\"width\":1400,\"height\":956,\"caption\":\"Trad\u00edci\u00f3 \u00e9s n\u0151i energi\u00e1k | Vil\u00e1ggazdas\u00e1g\"},{\"@type\":\"BreadcrumbList\",\"@id\":\"https:\\\/\\\/super-news.info\\\/hu\\\/tradicio-es-noi-energiak-vilaggazdasag\\\/#breadcrumb\",\"itemListElement\":[{\"@type\":\"ListItem\",\"position\":1,\"name\":\"\u0413\u043b\u0430\u0432\u043d\u0430\u044f \u0441\u0442\u0440\u0430\u043d\u0438\u0446\u0430\",\"item\":\"https:\\\/\\\/super-news.info\\\/hu\\\/\"},{\"@type\":\"ListItem\",\"position\":2,\"name\":\"Trad\u00edci\u00f3 \u00e9s n\u0151i energi\u00e1k | Vil\u00e1ggazdas\u00e1g\"}]},{\"@type\":\"WebSite\",\"@id\":\"https:\\\/\\\/super-news.info\\\/hu\\\/#website\",\"url\":\"https:\\\/\\\/super-news.info\\\/hu\\\/\",\"name\":\"Super News\",\"description\":\"Super News Magyarorsz\u00e1g\",\"potentialAction\":[{\"@type\":\"SearchAction\",\"target\":{\"@type\":\"EntryPoint\",\"urlTemplate\":\"https:\\\/\\\/super-news.info\\\/hu\\\/?s={search_term_string}\"},\"query-input\":{\"@type\":\"PropertyValueSpecification\",\"valueRequired\":true,\"valueName\":\"search_term_string\"}}],\"inLanguage\":\"hu\"},{\"@type\":\"Person\",\"@id\":\"https:\\\/\\\/super-news.info\\\/hu\\\/#\\\/schema\\\/person\\\/2d4068cb2f39cd10008c2fce578a7356\",\"name\":\"super-news\",\"image\":{\"@type\":\"ImageObject\",\"inLanguage\":\"hu\",\"@id\":\"https:\\\/\\\/secure.gravatar.com\\\/avatar\\\/64ebac40b93f26a154f8a9b5b6fdccfc46f442b26b3dd6756dbff3bf9dc76fd7?s=96&d=mm&r=g\",\"url\":\"https:\\\/\\\/secure.gravatar.com\\\/avatar\\\/64ebac40b93f26a154f8a9b5b6fdccfc46f442b26b3dd6756dbff3bf9dc76fd7?s=96&d=mm&r=g\",\"contentUrl\":\"https:\\\/\\\/secure.gravatar.com\\\/avatar\\\/64ebac40b93f26a154f8a9b5b6fdccfc46f442b26b3dd6756dbff3bf9dc76fd7?s=96&d=mm&r=g\",\"caption\":\"super-news\"},\"url\":\"https:\\\/\\\/super-news.info\\\/hu\\\/author\\\/pt\\\/\"}]}<\/script>\n<!-- \/ Yoast SEO plugin. -->","yoast_head_json":{"title":"Trad\u00edci\u00f3 \u00e9s n\u0151i energi\u00e1k | Vil\u00e1ggazdas\u00e1g - Super News","robots":{"index":"index","follow":"follow","max-snippet":"max-snippet:-1","max-image-preview":"max-image-preview:large","max-video-preview":"max-video-preview:-1"},"canonical":"https:\/\/super-news.info\/hu\/tradicio-es-noi-energiak-vilaggazdasag\/","og_locale":"hu_HU","og_type":"article","og_title":"Trad\u00edci\u00f3 \u00e9s n\u0151i energi\u00e1k | Vil\u00e1ggazdas\u00e1g - Super News","og_description":"[ad_1] M\u00e1ria Ter\u00e9zia 1773-ban alap\u00edtotta meg haz\u00e1nk legnagyobb m\u00falt\u00fa jogfolytonosan m\u0171k\u00f6d\u0151 v\u00e1llalkoz\u00e1s\u00e1t, az Els\u0151 Magyar Kir\u00e1lyi Z\u00e1logh\u00e1zat, ma B\u00c1V Aukci\u00f3sh\u00e1z \u00e9s Z\u00e1loghitel Zrt., \u00e9s t\u00f6rt\u00e9net\u00e9ben el\u0151sz\u00f6r egy n\u0151 vezeti. Zakari\u00e1s Fruzsin\u00e1val besz\u00e9lgett\u00fcnk a 21. sz\u00e1zad n\u0151i vezet\u0151i kih\u00edv\u00e1sair\u00f3l \u00e9s az el\u0151tte \u00e1ll\u00f3 feladatr\u00f3l, a B\u00c1V meg\u00faj\u00edt\u00e1s\u00e1r\u00f3l. Az \u00faj vez\u00e9rigazgat\u00f3 a teljes \u00e1talakul\u00e1s levez\u00e9nyl\u00e9s\u00e9re szerz\u0151d\u00f6tt, bele\u00e9rtve [&hellip;]","og_url":"https:\/\/super-news.info\/hu\/tradicio-es-noi-energiak-vilaggazdasag\/","og_site_name":"Super News","article_published_time":"2019-08-20T06:24:31+00:00","article_modified_time":"2019-08-20T06:24:32+00:00","og_image":[{"width":1400,"height":956,"url":"https:\/\/super-news.info\/hu\/wp-content\/uploads\/sites\/3\/2019\/08\/Trad-ci-s-n-i-energi-k-Vil-ggazdas-g.jpg","type":"image\/jpeg"}],"author":"super-news","twitter_card":"summary_large_image","twitter_misc":{"Szerz\u0151:":"super-news","Becs\u00fclt olvas\u00e1si id\u0151":"8 perc"},"schema":{"@context":"https:\/\/schema.org","@graph":[{"@type":"Article","@id":"https:\/\/super-news.info\/hu\/tradicio-es-noi-energiak-vilaggazdasag\/#article","isPartOf":{"@id":"https:\/\/super-news.info\/hu\/tradicio-es-noi-energiak-vilaggazdasag\/"},"author":{"name":"super-news","@id":"https:\/\/super-news.info\/hu\/#\/schema\/person\/2d4068cb2f39cd10008c2fce578a7356"},"headline":"Trad\u00edci\u00f3 \u00e9s n\u0151i energi\u00e1k | Vil\u00e1ggazdas\u00e1g","datePublished":"2019-08-20T06:24:31+00:00","dateModified":"2019-08-20T06:24:32+00:00","mainEntityOfPage":{"@id":"https:\/\/super-news.info\/hu\/tradicio-es-noi-energiak-vilaggazdasag\/"},"wordCount":1653,"commentCount":0,"image":{"@id":"https:\/\/super-news.info\/hu\/tradicio-es-noi-energiak-vilaggazdasag\/#primaryimage"},"thumbnailUrl":"https:\/\/super-news.info\/hu\/wp-content\/uploads\/sites\/3\/2019\/08\/Trad-ci-s-n-i-energi-k-Vil-ggazdas-g.jpg","articleSection":["P\u00c9NZ\u00dcGYI H\u00cdREK"],"inLanguage":"hu","potentialAction":[{"@type":"CommentAction","name":"Comment","target":["https:\/\/super-news.info\/hu\/tradicio-es-noi-energiak-vilaggazdasag\/#respond"]}]},{"@type":"WebPage","@id":"https:\/\/super-news.info\/hu\/tradicio-es-noi-energiak-vilaggazdasag\/","url":"https:\/\/super-news.info\/hu\/tradicio-es-noi-energiak-vilaggazdasag\/","name":"Trad\u00edci\u00f3 \u00e9s n\u0151i energi\u00e1k | Vil\u00e1ggazdas\u00e1g - Super News","isPartOf":{"@id":"https:\/\/super-news.info\/hu\/#website"},"primaryImageOfPage":{"@id":"https:\/\/super-news.info\/hu\/tradicio-es-noi-energiak-vilaggazdasag\/#primaryimage"},"image":{"@id":"https:\/\/super-news.info\/hu\/tradicio-es-noi-energiak-vilaggazdasag\/#primaryimage"},"thumbnailUrl":"https:\/\/super-news.info\/hu\/wp-content\/uploads\/sites\/3\/2019\/08\/Trad-ci-s-n-i-energi-k-Vil-ggazdas-g.jpg","datePublished":"2019-08-20T06:24:31+00:00","dateModified":"2019-08-20T06:24:32+00:00","author":{"@id":"https:\/\/super-news.info\/hu\/#\/schema\/person\/2d4068cb2f39cd10008c2fce578a7356"},"breadcrumb":{"@id":"https:\/\/super-news.info\/hu\/tradicio-es-noi-energiak-vilaggazdasag\/#breadcrumb"},"inLanguage":"hu","potentialAction":[{"@type":"ReadAction","target":["https:\/\/super-news.info\/hu\/tradicio-es-noi-energiak-vilaggazdasag\/"]}]},{"@type":"ImageObject","inLanguage":"hu","@id":"https:\/\/super-news.info\/hu\/tradicio-es-noi-energiak-vilaggazdasag\/#primaryimage","url":"https:\/\/super-news.info\/hu\/wp-content\/uploads\/sites\/3\/2019\/08\/Trad-ci-s-n-i-energi-k-Vil-ggazdas-g.jpg","contentUrl":"https:\/\/super-news.info\/hu\/wp-content\/uploads\/sites\/3\/2019\/08\/Trad-ci-s-n-i-energi-k-Vil-ggazdas-g.jpg","width":1400,"height":956,"caption":"Trad\u00edci\u00f3 \u00e9s n\u0151i energi\u00e1k | Vil\u00e1ggazdas\u00e1g"},{"@type":"BreadcrumbList","@id":"https:\/\/super-news.info\/hu\/tradicio-es-noi-energiak-vilaggazdasag\/#breadcrumb","itemListElement":[{"@type":"ListItem","position":1,"name":"\u0413\u043b\u0430\u0432\u043d\u0430\u044f \u0441\u0442\u0440\u0430\u043d\u0438\u0446\u0430","item":"https:\/\/super-news.info\/hu\/"},{"@type":"ListItem","position":2,"name":"Trad\u00edci\u00f3 \u00e9s n\u0151i energi\u00e1k | Vil\u00e1ggazdas\u00e1g"}]},{"@type":"WebSite","@id":"https:\/\/super-news.info\/hu\/#website","url":"https:\/\/super-news.info\/hu\/","name":"Super News","description":"Super News Magyarorsz\u00e1g","potentialAction":[{"@type":"SearchAction","target":{"@type":"EntryPoint","urlTemplate":"https:\/\/super-news.info\/hu\/?s={search_term_string}"},"query-input":{"@type":"PropertyValueSpecification","valueRequired":true,"valueName":"search_term_string"}}],"inLanguage":"hu"},{"@type":"Person","@id":"https:\/\/super-news.info\/hu\/#\/schema\/person\/2d4068cb2f39cd10008c2fce578a7356","name":"super-news","image":{"@type":"ImageObject","inLanguage":"hu","@id":"https:\/\/secure.gravatar.com\/avatar\/64ebac40b93f26a154f8a9b5b6fdccfc46f442b26b3dd6756dbff3bf9dc76fd7?s=96&d=mm&r=g","url":"https:\/\/secure.gravatar.com\/avatar\/64ebac40b93f26a154f8a9b5b6fdccfc46f442b26b3dd6756dbff3bf9dc76fd7?s=96&d=mm&r=g","contentUrl":"https:\/\/secure.gravatar.com\/avatar\/64ebac40b93f26a154f8a9b5b6fdccfc46f442b26b3dd6756dbff3bf9dc76fd7?s=96&d=mm&r=g","caption":"super-news"},"url":"https:\/\/super-news.info\/hu\/author\/pt\/"}]}},"_links":{"self":[{"href":"https:\/\/super-news.info\/hu\/wp-json\/wp\/v2\/posts\/7924","targetHints":{"allow":["GET"]}}],"collection":[{"href":"https:\/\/super-news.info\/hu\/wp-json\/wp\/v2\/posts"}],"about":[{"href":"https:\/\/super-news.info\/hu\/wp-json\/wp\/v2\/types\/post"}],"author":[{"embeddable":true,"href":"https:\/\/super-news.info\/hu\/wp-json\/wp\/v2\/users\/2"}],"replies":[{"embeddable":true,"href":"https:\/\/super-news.info\/hu\/wp-json\/wp\/v2\/comments?post=7924"}],"version-history":[{"count":1,"href":"https:\/\/super-news.info\/hu\/wp-json\/wp\/v2\/posts\/7924\/revisions"}],"predecessor-version":[{"id":7926,"href":"https:\/\/super-news.info\/hu\/wp-json\/wp\/v2\/posts\/7924\/revisions\/7926"}],"wp:featuredmedia":[{"embeddable":true,"href":"https:\/\/super-news.info\/hu\/wp-json\/wp\/v2\/media\/7925"}],"wp:attachment":[{"href":"https:\/\/super-news.info\/hu\/wp-json\/wp\/v2\/media?parent=7924"}],"wp:term":[{"taxonomy":"category","embeddable":true,"href":"https:\/\/super-news.info\/hu\/wp-json\/wp\/v2\/categories?post=7924"},{"taxonomy":"post_tag","embeddable":true,"href":"https:\/\/super-news.info\/hu\/wp-json\/wp\/v2\/tags?post=7924"}],"curies":[{"name":"wp","href":"https:\/\/api.w.org\/{rel}","templated":true}]}}