{"id":7918,"date":"2019-08-19T21:05:18","date_gmt":"2019-08-19T18:05:18","guid":{"rendered":"https:\/\/super-news.info\/hu\/2261-meterre-a-tengerszint-felett-lathatunk-delfineket-farkasokat\/"},"modified":"2019-08-19T21:05:19","modified_gmt":"2019-08-19T18:05:19","slug":"2261-meterre-a-tengerszint-felett-lathatunk-delfineket-farkasokat","status":"publish","type":"post","link":"https:\/\/super-news.info\/hu\/2261-meterre-a-tengerszint-felett-lathatunk-delfineket-farkasokat\/","title":{"rendered":"2261 m\u00e9terre a tengerszint felett l\u00e1thatunk delfineket, farkasokat"},"content":{"rendered":"<p> [ad_1]<\/p>\n<div>\n<p>A vil\u00e1g legmagasabban fekv\u0151 akv\u00e1riuma ny\u00edlt meg a h\u00e9tv\u00e9g\u00e9n a Csinghaj-tibeti-fenns\u00edk legn\u00e9pesebb v\u00e1ros\u00e1ban, Hsziningben. A 2261 m\u00e9teres tengersz\u00ednt feletti magass\u00e1gon k\u00e9t \u00e9v alatt \u00e9p\u00fclt meg a 28 ezer n\u00e9gyzetm\u00e9teres l\u00e9tes\u00edtm\u00e9ny.<\/p>\n<p>Az akv\u00e1riumban mintegy 400 v\u00edzi \u00e9l\u0151l\u00e9nyfajt \u00e9s t\u00f6bb mint sz\u00e1z sz\u00e1razf\u00f6ldi \u00e1llatot tekinthetnek meg a l\u00e1togat\u00f3k.<\/p>\n<p>A Csinghaj-t\u00f3 jellegzetes pontyf\u00e9l\u00e9je, a Gymnocypris przewalskii mellett Oroszorsz\u00e1gb\u00f3l k\u00e9t beluga (feh\u00e9r delfin), Jap\u00e1nb\u00f3l pedig nyolc palackorr\u00fa delfin \u00e9rkezett a v\u00edzi parkba, ahol sarki farkasok \u00e9s r\u00f3k\u00e1k is \u00e9lnek.<\/p>\n<p>Luo Ruibin, az akv\u00e1rium igazgat\u00f3ja elmondta: az \u00e1llatok sz\u00e1m\u00e1ra igyekeztek eredeti \u00e9letk\u00f6r\u00fclm\u00e9nyeiket szimul\u00e1lni \u00e9s a lehet\u0151 legjobb k\u00f6rnyezetet teremteni.<\/p>\n<p>Az akv\u00e1riumnak, amelyet a tudom\u00e1nyos ismeretterjeszt\u00e9sben is haszn\u00e1lnak majd, m\u00e1r a nyit\u00e1s els\u0151 k\u00e9t napj\u00e1n t\u00f6bb mint nyolcezer l\u00e1togat\u00f3ja volt.<\/p>\n<p>\u00a0<\/p>\n<\/p><\/div>\n<p><script>\n    window.fbAsyncInit = function() {\n        FB.init({\n            appId      : \"204760236815359\",\n            xfbml      : true,\n            version    : \"v2.12\"\n        });\n        FB.AppEvents.logPageView();\n    };<\/p>\n<p>    (function(d, s, id){\n        var js, fjs = d.getElementsByTagName(s)[0];\n        if (d.getElementById(id)) {return;}\n        js = d.createElement(s); js.id = id;\n        js.src = \"http:\/\/connect.facebook.net\/hu_HU\/sdk.js\";\n        fjs.parentNode.insertBefore(js, fjs);\n    }(document, \"script\", \"facebook-jssdk\"));\n<\/script><br \/>\n<br \/>[ad_2]<br \/>\n<br \/><a href=\"https:\/\/www.vg.hu\/kozelet\/kornyezetvedelem\/2261-meterre-a-tengerszint-felett-lathatunk-delfineket-farkasokat-1696906\/\">Source link <\/a><\/p>\n","protected":false},"excerpt":{"rendered":"<p>[ad_1] A vil\u00e1g legmagasabban fekv\u0151 akv\u00e1riuma ny\u00edlt meg a h\u00e9tv\u00e9g\u00e9n a Csinghaj-tibeti-fenns\u00edk legn\u00e9pesebb v\u00e1ros\u00e1ban, Hsziningben. A 2261 m\u00e9teres tengersz\u00ednt feletti magass\u00e1gon k\u00e9t \u00e9v alatt \u00e9p\u00fclt meg a 28 ezer n\u00e9gyzetm\u00e9teres l\u00e9tes\u00edtm\u00e9ny. Az akv\u00e1riumban mintegy 400 v\u00edzi \u00e9l\u0151l\u00e9nyfajt \u00e9s t\u00f6bb mint sz\u00e1z sz\u00e1razf\u00f6ldi \u00e1llatot tekinthetnek meg a l\u00e1togat\u00f3k. A Csinghaj-t\u00f3 jellegzetes pontyf\u00e9l\u00e9je, a Gymnocypris przewalskii mellett [&hellip;]<\/p>\n","protected":false},"author":2,"featured_media":7919,"comment_status":"open","ping_status":"open","sticky":false,"template":"","format":"standard","meta":{"footnotes":""},"categories":[1],"tags":[],"class_list":["post-7918","post","type-post","status-publish","format-standard","has-post-thumbnail","hentry","category-penzugyi-hirek"],"yoast_head":"<!-- This site is optimized with the Yoast SEO plugin v27.4 - https:\/\/yoast.com\/product\/yoast-seo-wordpress\/ -->\n<title>2261 m\u00e9terre a tengerszint felett l\u00e1thatunk delfineket, farkasokat - Super News<\/title>\n<meta name=\"robots\" content=\"index, follow, max-snippet:-1, max-image-preview:large, max-video-preview:-1\" \/>\n<link rel=\"canonical\" href=\"https:\/\/super-news.info\/hu\/2261-meterre-a-tengerszint-felett-lathatunk-delfineket-farkasokat\/\" \/>\n<meta property=\"og:locale\" content=\"hu_HU\" \/>\n<meta property=\"og:type\" content=\"article\" \/>\n<meta property=\"og:title\" content=\"2261 m\u00e9terre a tengerszint felett l\u00e1thatunk delfineket, farkasokat - Super News\" \/>\n<meta property=\"og:description\" content=\"[ad_1] A vil\u00e1g legmagasabban fekv\u0151 akv\u00e1riuma ny\u00edlt meg a h\u00e9tv\u00e9g\u00e9n a Csinghaj-tibeti-fenns\u00edk legn\u00e9pesebb v\u00e1ros\u00e1ban, Hsziningben. A 2261 m\u00e9teres tengersz\u00ednt feletti magass\u00e1gon k\u00e9t \u00e9v alatt \u00e9p\u00fclt meg a 28 ezer n\u00e9gyzetm\u00e9teres l\u00e9tes\u00edtm\u00e9ny. Az akv\u00e1riumban mintegy 400 v\u00edzi \u00e9l\u0151l\u00e9nyfajt \u00e9s t\u00f6bb mint sz\u00e1z sz\u00e1razf\u00f6ldi \u00e1llatot tekinthetnek meg a l\u00e1togat\u00f3k. A Csinghaj-t\u00f3 jellegzetes pontyf\u00e9l\u00e9je, a Gymnocypris przewalskii mellett [&hellip;]\" \/>\n<meta property=\"og:url\" content=\"https:\/\/super-news.info\/hu\/2261-meterre-a-tengerszint-felett-lathatunk-delfineket-farkasokat\/\" \/>\n<meta property=\"og:site_name\" content=\"Super News\" \/>\n<meta property=\"article:published_time\" content=\"2019-08-19T18:05:18+00:00\" \/>\n<meta property=\"article:modified_time\" content=\"2019-08-19T18:05:19+00:00\" \/>\n<meta property=\"og:image\" content=\"https:\/\/super-news.info\/hu\/wp-content\/uploads\/sites\/3\/2019\/08\/2261-m-terre-a-tengerszint-felett-l-thatunk-delfineket-farkasokat.jpg\" \/>\n\t<meta property=\"og:image:width\" content=\"993\" \/>\n\t<meta property=\"og:image:height\" content=\"578\" \/>\n\t<meta property=\"og:image:type\" content=\"image\/jpeg\" \/>\n<meta name=\"author\" content=\"super-news\" \/>\n<meta name=\"twitter:card\" content=\"summary_large_image\" \/>\n<meta name=\"twitter:label1\" content=\"Szerz\u0151:\" \/>\n\t<meta name=\"twitter:data1\" content=\"super-news\" \/>\n\t<meta name=\"twitter:label2\" content=\"Becs\u00fclt olvas\u00e1si id\u0151\" \/>\n\t<meta name=\"twitter:data2\" content=\"1 perc\" \/>\n<script type=\"application\/ld+json\" class=\"yoast-schema-graph\">{\"@context\":\"https:\\\/\\\/schema.org\",\"@graph\":[{\"@type\":\"Article\",\"@id\":\"https:\\\/\\\/super-news.info\\\/hu\\\/2261-meterre-a-tengerszint-felett-lathatunk-delfineket-farkasokat\\\/#article\",\"isPartOf\":{\"@id\":\"https:\\\/\\\/super-news.info\\\/hu\\\/2261-meterre-a-tengerszint-felett-lathatunk-delfineket-farkasokat\\\/\"},\"author\":{\"name\":\"super-news\",\"@id\":\"https:\\\/\\\/super-news.info\\\/hu\\\/#\\\/schema\\\/person\\\/2d4068cb2f39cd10008c2fce578a7356\"},\"headline\":\"2261 m\u00e9terre a tengerszint felett l\u00e1thatunk delfineket, farkasokat\",\"datePublished\":\"2019-08-19T18:05:18+00:00\",\"dateModified\":\"2019-08-19T18:05:19+00:00\",\"mainEntityOfPage\":{\"@id\":\"https:\\\/\\\/super-news.info\\\/hu\\\/2261-meterre-a-tengerszint-felett-lathatunk-delfineket-farkasokat\\\/\"},\"wordCount\":185,\"commentCount\":0,\"image\":{\"@id\":\"https:\\\/\\\/super-news.info\\\/hu\\\/2261-meterre-a-tengerszint-felett-lathatunk-delfineket-farkasokat\\\/#primaryimage\"},\"thumbnailUrl\":\"https:\\\/\\\/super-news.info\\\/hu\\\/wp-content\\\/uploads\\\/sites\\\/3\\\/2019\\\/08\\\/2261-m-terre-a-tengerszint-felett-l-thatunk-delfineket-farkasokat.jpg\",\"articleSection\":[\"P\u00c9NZ\u00dcGYI H\u00cdREK\"],\"inLanguage\":\"hu\",\"potentialAction\":[{\"@type\":\"CommentAction\",\"name\":\"Comment\",\"target\":[\"https:\\\/\\\/super-news.info\\\/hu\\\/2261-meterre-a-tengerszint-felett-lathatunk-delfineket-farkasokat\\\/#respond\"]}]},{\"@type\":\"WebPage\",\"@id\":\"https:\\\/\\\/super-news.info\\\/hu\\\/2261-meterre-a-tengerszint-felett-lathatunk-delfineket-farkasokat\\\/\",\"url\":\"https:\\\/\\\/super-news.info\\\/hu\\\/2261-meterre-a-tengerszint-felett-lathatunk-delfineket-farkasokat\\\/\",\"name\":\"2261 m\u00e9terre a tengerszint felett l\u00e1thatunk delfineket, farkasokat - Super News\",\"isPartOf\":{\"@id\":\"https:\\\/\\\/super-news.info\\\/hu\\\/#website\"},\"primaryImageOfPage\":{\"@id\":\"https:\\\/\\\/super-news.info\\\/hu\\\/2261-meterre-a-tengerszint-felett-lathatunk-delfineket-farkasokat\\\/#primaryimage\"},\"image\":{\"@id\":\"https:\\\/\\\/super-news.info\\\/hu\\\/2261-meterre-a-tengerszint-felett-lathatunk-delfineket-farkasokat\\\/#primaryimage\"},\"thumbnailUrl\":\"https:\\\/\\\/super-news.info\\\/hu\\\/wp-content\\\/uploads\\\/sites\\\/3\\\/2019\\\/08\\\/2261-m-terre-a-tengerszint-felett-l-thatunk-delfineket-farkasokat.jpg\",\"datePublished\":\"2019-08-19T18:05:18+00:00\",\"dateModified\":\"2019-08-19T18:05:19+00:00\",\"author\":{\"@id\":\"https:\\\/\\\/super-news.info\\\/hu\\\/#\\\/schema\\\/person\\\/2d4068cb2f39cd10008c2fce578a7356\"},\"breadcrumb\":{\"@id\":\"https:\\\/\\\/super-news.info\\\/hu\\\/2261-meterre-a-tengerszint-felett-lathatunk-delfineket-farkasokat\\\/#breadcrumb\"},\"inLanguage\":\"hu\",\"potentialAction\":[{\"@type\":\"ReadAction\",\"target\":[\"https:\\\/\\\/super-news.info\\\/hu\\\/2261-meterre-a-tengerszint-felett-lathatunk-delfineket-farkasokat\\\/\"]}]},{\"@type\":\"ImageObject\",\"inLanguage\":\"hu\",\"@id\":\"https:\\\/\\\/super-news.info\\\/hu\\\/2261-meterre-a-tengerszint-felett-lathatunk-delfineket-farkasokat\\\/#primaryimage\",\"url\":\"https:\\\/\\\/super-news.info\\\/hu\\\/wp-content\\\/uploads\\\/sites\\\/3\\\/2019\\\/08\\\/2261-m-terre-a-tengerszint-felett-l-thatunk-delfineket-farkasokat.jpg\",\"contentUrl\":\"https:\\\/\\\/super-news.info\\\/hu\\\/wp-content\\\/uploads\\\/sites\\\/3\\\/2019\\\/08\\\/2261-m-terre-a-tengerszint-felett-l-thatunk-delfineket-farkasokat.jpg\",\"width\":993,\"height\":578,\"caption\":\"2261 m\u00e9terre a tengerszint felett l\u00e1thatunk delfineket, farkasokat\"},{\"@type\":\"BreadcrumbList\",\"@id\":\"https:\\\/\\\/super-news.info\\\/hu\\\/2261-meterre-a-tengerszint-felett-lathatunk-delfineket-farkasokat\\\/#breadcrumb\",\"itemListElement\":[{\"@type\":\"ListItem\",\"position\":1,\"name\":\"\u0413\u043b\u0430\u0432\u043d\u0430\u044f \u0441\u0442\u0440\u0430\u043d\u0438\u0446\u0430\",\"item\":\"https:\\\/\\\/super-news.info\\\/hu\\\/\"},{\"@type\":\"ListItem\",\"position\":2,\"name\":\"2261 m\u00e9terre a tengerszint felett l\u00e1thatunk delfineket, farkasokat\"}]},{\"@type\":\"WebSite\",\"@id\":\"https:\\\/\\\/super-news.info\\\/hu\\\/#website\",\"url\":\"https:\\\/\\\/super-news.info\\\/hu\\\/\",\"name\":\"Super News\",\"description\":\"Super News Magyarorsz\u00e1g\",\"potentialAction\":[{\"@type\":\"SearchAction\",\"target\":{\"@type\":\"EntryPoint\",\"urlTemplate\":\"https:\\\/\\\/super-news.info\\\/hu\\\/?s={search_term_string}\"},\"query-input\":{\"@type\":\"PropertyValueSpecification\",\"valueRequired\":true,\"valueName\":\"search_term_string\"}}],\"inLanguage\":\"hu\"},{\"@type\":\"Person\",\"@id\":\"https:\\\/\\\/super-news.info\\\/hu\\\/#\\\/schema\\\/person\\\/2d4068cb2f39cd10008c2fce578a7356\",\"name\":\"super-news\",\"image\":{\"@type\":\"ImageObject\",\"inLanguage\":\"hu\",\"@id\":\"https:\\\/\\\/secure.gravatar.com\\\/avatar\\\/64ebac40b93f26a154f8a9b5b6fdccfc46f442b26b3dd6756dbff3bf9dc76fd7?s=96&d=mm&r=g\",\"url\":\"https:\\\/\\\/secure.gravatar.com\\\/avatar\\\/64ebac40b93f26a154f8a9b5b6fdccfc46f442b26b3dd6756dbff3bf9dc76fd7?s=96&d=mm&r=g\",\"contentUrl\":\"https:\\\/\\\/secure.gravatar.com\\\/avatar\\\/64ebac40b93f26a154f8a9b5b6fdccfc46f442b26b3dd6756dbff3bf9dc76fd7?s=96&d=mm&r=g\",\"caption\":\"super-news\"},\"url\":\"https:\\\/\\\/super-news.info\\\/hu\\\/author\\\/pt\\\/\"}]}<\/script>\n<!-- \/ Yoast SEO plugin. -->","yoast_head_json":{"title":"2261 m\u00e9terre a tengerszint felett l\u00e1thatunk delfineket, farkasokat - Super News","robots":{"index":"index","follow":"follow","max-snippet":"max-snippet:-1","max-image-preview":"max-image-preview:large","max-video-preview":"max-video-preview:-1"},"canonical":"https:\/\/super-news.info\/hu\/2261-meterre-a-tengerszint-felett-lathatunk-delfineket-farkasokat\/","og_locale":"hu_HU","og_type":"article","og_title":"2261 m\u00e9terre a tengerszint felett l\u00e1thatunk delfineket, farkasokat - Super News","og_description":"[ad_1] A vil\u00e1g legmagasabban fekv\u0151 akv\u00e1riuma ny\u00edlt meg a h\u00e9tv\u00e9g\u00e9n a Csinghaj-tibeti-fenns\u00edk legn\u00e9pesebb v\u00e1ros\u00e1ban, Hsziningben. A 2261 m\u00e9teres tengersz\u00ednt feletti magass\u00e1gon k\u00e9t \u00e9v alatt \u00e9p\u00fclt meg a 28 ezer n\u00e9gyzetm\u00e9teres l\u00e9tes\u00edtm\u00e9ny. Az akv\u00e1riumban mintegy 400 v\u00edzi \u00e9l\u0151l\u00e9nyfajt \u00e9s t\u00f6bb mint sz\u00e1z sz\u00e1razf\u00f6ldi \u00e1llatot tekinthetnek meg a l\u00e1togat\u00f3k. A Csinghaj-t\u00f3 jellegzetes pontyf\u00e9l\u00e9je, a Gymnocypris przewalskii mellett [&hellip;]","og_url":"https:\/\/super-news.info\/hu\/2261-meterre-a-tengerszint-felett-lathatunk-delfineket-farkasokat\/","og_site_name":"Super News","article_published_time":"2019-08-19T18:05:18+00:00","article_modified_time":"2019-08-19T18:05:19+00:00","og_image":[{"width":993,"height":578,"url":"https:\/\/super-news.info\/hu\/wp-content\/uploads\/sites\/3\/2019\/08\/2261-m-terre-a-tengerszint-felett-l-thatunk-delfineket-farkasokat.jpg","type":"image\/jpeg"}],"author":"super-news","twitter_card":"summary_large_image","twitter_misc":{"Szerz\u0151:":"super-news","Becs\u00fclt olvas\u00e1si id\u0151":"1 perc"},"schema":{"@context":"https:\/\/schema.org","@graph":[{"@type":"Article","@id":"https:\/\/super-news.info\/hu\/2261-meterre-a-tengerszint-felett-lathatunk-delfineket-farkasokat\/#article","isPartOf":{"@id":"https:\/\/super-news.info\/hu\/2261-meterre-a-tengerszint-felett-lathatunk-delfineket-farkasokat\/"},"author":{"name":"super-news","@id":"https:\/\/super-news.info\/hu\/#\/schema\/person\/2d4068cb2f39cd10008c2fce578a7356"},"headline":"2261 m\u00e9terre a tengerszint felett l\u00e1thatunk delfineket, farkasokat","datePublished":"2019-08-19T18:05:18+00:00","dateModified":"2019-08-19T18:05:19+00:00","mainEntityOfPage":{"@id":"https:\/\/super-news.info\/hu\/2261-meterre-a-tengerszint-felett-lathatunk-delfineket-farkasokat\/"},"wordCount":185,"commentCount":0,"image":{"@id":"https:\/\/super-news.info\/hu\/2261-meterre-a-tengerszint-felett-lathatunk-delfineket-farkasokat\/#primaryimage"},"thumbnailUrl":"https:\/\/super-news.info\/hu\/wp-content\/uploads\/sites\/3\/2019\/08\/2261-m-terre-a-tengerszint-felett-l-thatunk-delfineket-farkasokat.jpg","articleSection":["P\u00c9NZ\u00dcGYI H\u00cdREK"],"inLanguage":"hu","potentialAction":[{"@type":"CommentAction","name":"Comment","target":["https:\/\/super-news.info\/hu\/2261-meterre-a-tengerszint-felett-lathatunk-delfineket-farkasokat\/#respond"]}]},{"@type":"WebPage","@id":"https:\/\/super-news.info\/hu\/2261-meterre-a-tengerszint-felett-lathatunk-delfineket-farkasokat\/","url":"https:\/\/super-news.info\/hu\/2261-meterre-a-tengerszint-felett-lathatunk-delfineket-farkasokat\/","name":"2261 m\u00e9terre a tengerszint felett l\u00e1thatunk delfineket, farkasokat - Super News","isPartOf":{"@id":"https:\/\/super-news.info\/hu\/#website"},"primaryImageOfPage":{"@id":"https:\/\/super-news.info\/hu\/2261-meterre-a-tengerszint-felett-lathatunk-delfineket-farkasokat\/#primaryimage"},"image":{"@id":"https:\/\/super-news.info\/hu\/2261-meterre-a-tengerszint-felett-lathatunk-delfineket-farkasokat\/#primaryimage"},"thumbnailUrl":"https:\/\/super-news.info\/hu\/wp-content\/uploads\/sites\/3\/2019\/08\/2261-m-terre-a-tengerszint-felett-l-thatunk-delfineket-farkasokat.jpg","datePublished":"2019-08-19T18:05:18+00:00","dateModified":"2019-08-19T18:05:19+00:00","author":{"@id":"https:\/\/super-news.info\/hu\/#\/schema\/person\/2d4068cb2f39cd10008c2fce578a7356"},"breadcrumb":{"@id":"https:\/\/super-news.info\/hu\/2261-meterre-a-tengerszint-felett-lathatunk-delfineket-farkasokat\/#breadcrumb"},"inLanguage":"hu","potentialAction":[{"@type":"ReadAction","target":["https:\/\/super-news.info\/hu\/2261-meterre-a-tengerszint-felett-lathatunk-delfineket-farkasokat\/"]}]},{"@type":"ImageObject","inLanguage":"hu","@id":"https:\/\/super-news.info\/hu\/2261-meterre-a-tengerszint-felett-lathatunk-delfineket-farkasokat\/#primaryimage","url":"https:\/\/super-news.info\/hu\/wp-content\/uploads\/sites\/3\/2019\/08\/2261-m-terre-a-tengerszint-felett-l-thatunk-delfineket-farkasokat.jpg","contentUrl":"https:\/\/super-news.info\/hu\/wp-content\/uploads\/sites\/3\/2019\/08\/2261-m-terre-a-tengerszint-felett-l-thatunk-delfineket-farkasokat.jpg","width":993,"height":578,"caption":"2261 m\u00e9terre a tengerszint felett l\u00e1thatunk delfineket, farkasokat"},{"@type":"BreadcrumbList","@id":"https:\/\/super-news.info\/hu\/2261-meterre-a-tengerszint-felett-lathatunk-delfineket-farkasokat\/#breadcrumb","itemListElement":[{"@type":"ListItem","position":1,"name":"\u0413\u043b\u0430\u0432\u043d\u0430\u044f \u0441\u0442\u0440\u0430\u043d\u0438\u0446\u0430","item":"https:\/\/super-news.info\/hu\/"},{"@type":"ListItem","position":2,"name":"2261 m\u00e9terre a tengerszint felett l\u00e1thatunk delfineket, farkasokat"}]},{"@type":"WebSite","@id":"https:\/\/super-news.info\/hu\/#website","url":"https:\/\/super-news.info\/hu\/","name":"Super News","description":"Super News Magyarorsz\u00e1g","potentialAction":[{"@type":"SearchAction","target":{"@type":"EntryPoint","urlTemplate":"https:\/\/super-news.info\/hu\/?s={search_term_string}"},"query-input":{"@type":"PropertyValueSpecification","valueRequired":true,"valueName":"search_term_string"}}],"inLanguage":"hu"},{"@type":"Person","@id":"https:\/\/super-news.info\/hu\/#\/schema\/person\/2d4068cb2f39cd10008c2fce578a7356","name":"super-news","image":{"@type":"ImageObject","inLanguage":"hu","@id":"https:\/\/secure.gravatar.com\/avatar\/64ebac40b93f26a154f8a9b5b6fdccfc46f442b26b3dd6756dbff3bf9dc76fd7?s=96&d=mm&r=g","url":"https:\/\/secure.gravatar.com\/avatar\/64ebac40b93f26a154f8a9b5b6fdccfc46f442b26b3dd6756dbff3bf9dc76fd7?s=96&d=mm&r=g","contentUrl":"https:\/\/secure.gravatar.com\/avatar\/64ebac40b93f26a154f8a9b5b6fdccfc46f442b26b3dd6756dbff3bf9dc76fd7?s=96&d=mm&r=g","caption":"super-news"},"url":"https:\/\/super-news.info\/hu\/author\/pt\/"}]}},"_links":{"self":[{"href":"https:\/\/super-news.info\/hu\/wp-json\/wp\/v2\/posts\/7918","targetHints":{"allow":["GET"]}}],"collection":[{"href":"https:\/\/super-news.info\/hu\/wp-json\/wp\/v2\/posts"}],"about":[{"href":"https:\/\/super-news.info\/hu\/wp-json\/wp\/v2\/types\/post"}],"author":[{"embeddable":true,"href":"https:\/\/super-news.info\/hu\/wp-json\/wp\/v2\/users\/2"}],"replies":[{"embeddable":true,"href":"https:\/\/super-news.info\/hu\/wp-json\/wp\/v2\/comments?post=7918"}],"version-history":[{"count":1,"href":"https:\/\/super-news.info\/hu\/wp-json\/wp\/v2\/posts\/7918\/revisions"}],"predecessor-version":[{"id":7920,"href":"https:\/\/super-news.info\/hu\/wp-json\/wp\/v2\/posts\/7918\/revisions\/7920"}],"wp:featuredmedia":[{"embeddable":true,"href":"https:\/\/super-news.info\/hu\/wp-json\/wp\/v2\/media\/7919"}],"wp:attachment":[{"href":"https:\/\/super-news.info\/hu\/wp-json\/wp\/v2\/media?parent=7918"}],"wp:term":[{"taxonomy":"category","embeddable":true,"href":"https:\/\/super-news.info\/hu\/wp-json\/wp\/v2\/categories?post=7918"},{"taxonomy":"post_tag","embeddable":true,"href":"https:\/\/super-news.info\/hu\/wp-json\/wp\/v2\/tags?post=7918"}],"curies":[{"name":"wp","href":"https:\/\/api.w.org\/{rel}","templated":true}]}}