{"id":7913,"date":"2019-08-19T19:19:12","date_gmt":"2019-08-19T16:19:12","guid":{"rendered":"https:\/\/super-news.info\/hu\/ujabb-90-napra-felfuggesztik-a-huawei-elleni-embargot\/"},"modified":"2019-08-19T19:19:13","modified_gmt":"2019-08-19T16:19:13","slug":"ujabb-90-napra-felfuggesztik-a-huawei-elleni-embargot","status":"publish","type":"post","link":"https:\/\/super-news.info\/hu\/ujabb-90-napra-felfuggesztik-a-huawei-elleni-embargot\/","title":{"rendered":"\u00dajabb 90 napra felf\u00fcggesztik a Huawei elleni embarg\u00f3t"},"content":{"rendered":"<p> [ad_1]<br \/>\n<\/p>\n<p>\n\t\t\t\t\t\t\t\tAz Egyes\u00fclt \u00c1llamok tov\u00e1bbi kilencven napra felf\u00fcggeszti a Huawei Technologies k\u00ednai mobilh\u00e1l\u00f3zati gy\u00e1rt\u00f3 elleni embarg\u00f3t \u2013 jelentette be Wilbur Ross amerikai kereskedelmi miniszter a Fox Business Network h\u00edrtelev\u00edzi\u00f3ban h\u00e9tf\u0151n.\t\t\t\t\t\t\t<\/p>\n<div>\n<p>Az el\u0151z\u0151 kilencven napos felf\u00fcggeszt\u00e9s h\u00e9tf\u0151n j\u00e1rt le, az \u00fajabb hosszabb\u00edt\u00e1s november 19-\u00e9ig tart. Az amerikai kereskedelmi miniszter egyben bejelentette, hogy tov\u00e1bbi 46 Huawei le\u00e1nyv\u00e1llalatot tesznek fel arra a feketelist\u00e1ra, amelyen az Egyes\u00fclt \u00c1llamok nemzetbiztons\u00e1g\u00e1ra vagy k\u00fclpolitikai \u00e9rdekeire potenci\u00e1lis vesz\u00e9lyt jelent\u0151 c\u00e9gek szerepelnek.<\/p>\n<div id=\"attachment_1645992\" style=\"width: 1410px\" class=\"wp-caption alignnone\">\n<p class=\"wp-caption-text\">Fot\u00f3: AFP<\/p>\n<\/div>\n<p>Ezek a v\u00e1llalatok az amerikai korm\u00e1nyzat enged\u00e9lye n\u00e9lk\u00fcl nem v\u00e1s\u00e1rolhatnak alkatr\u00e9szeket vagy technol\u00f3gi\u00e1t amerikai c\u00e9gekt\u0151l.<\/p>\n<p>A Huawei tavaly csaknem 70 milli\u00e1rd doll\u00e1r\u00e9rt v\u00e1s\u00e1rolt alkatr\u00e9szeket, ebb\u0151l 11 milli\u00e1rd doll\u00e1r\u00e9rt amerikai c\u00e9gek sz\u00e1ll\u00edtottak, olyanok, mint p\u00e9ld\u00e1ul a Qualcomm, az Intel vagy a Micron Technology.<\/p>\n<p>Az amerikai kereskedelmi miniszt\u00e9rium m\u00e1jus 21-\u00e9n f\u00fcggesztette fel el\u0151sz\u00f6r kilencven napra a Huawei elleni hozott korl\u00e1toz\u00f3 int\u00e9zked\u00e9seket.<\/p>\n<p>A l\u00e9p\u00e9st akkor a miniszt\u00e9rium azzal indokolta, hogy id\u0151t adnak a v\u00e1llalatoknak a sz\u00fcks\u00e9ges int\u00e9zked\u00e9sek meghozatal\u00e1ra, a miniszt\u00e9riumnak pedig arra, hogy kidolgozza hossz\u00fa t\u00e1vra sz\u00f3l\u00f3 saj\u00e1t rendszab\u00e1lyait, amelyek megfelelnek a jelenleg a Huaweit\u0151l f\u00fcgg\u0151 amerikai \u00e9s k\u00fclf\u00f6ldi t\u00e1vk\u00f6zl\u00e9si szolg\u00e1ltat\u00f3k \u00e9rdekeinek.<\/p>\n<p>Az amerikai kereskedelmi miniszter a Fox t\u00e9v\u00e9csatorn\u00e1n h\u00e9tf\u0151n azt mondta, hogy az \u00fajabb kilencven napra az\u00e9rt van sz\u00fcks\u00e9g, mert a mez\u0151gazdas\u00e1gi \u00e1gazatban \u00e9rdekelt egyes c\u00e9gek f\u00fcggenek a Huaweit\u0151l.<\/p>\n<p>Donald Trump amerikai eln\u00f6k a h\u00e9tv\u00e9g\u00e9n eg\u00e9szen m\u00e1sk\u00e9ppen besz\u00e9lt. Azt mondta, hogy \u201ea Huawei egy olyan c\u00e9g, amellyel egy\u00e1ltal\u00e1n nem tudunk \u00fczletelni. Nem akarok vel\u00fck semmilyen \u00fczletet, mivel a v\u00e1llalat nemzetbiztons\u00e1gi kock\u00e1zatot jelent\u201d.<\/p>\n<\/p><\/div>\n<p><script>\n    window.fbAsyncInit = function() {\n        FB.init({\n            appId      : \"204760236815359\",\n            xfbml      : true,\n            version    : \"v2.12\"\n        });\n        FB.AppEvents.logPageView();\n    };<\/p>\n<p>    (function(d, s, id){\n        var js, fjs = d.getElementsByTagName(s)[0];\n        if (d.getElementById(id)) {return;}\n        js = d.createElement(s); js.id = id;\n        js.src = \"http:\/\/connect.facebook.net\/hu_HU\/sdk.js\";\n        fjs.parentNode.insertBefore(js, fjs);\n    }(document, \"script\", \"facebook-jssdk\"));\n<\/script><br \/>\n<br \/>[ad_2]<br \/>\n<br \/><a href=\"https:\/\/www.vg.hu\/vallalatok\/vallalati-hirek\/ujabb-90-napra-felfuggesztik-a-huawei-elleni-embargot-1697098\/\">Source link <\/a><\/p>\n","protected":false},"excerpt":{"rendered":"<p>[ad_1] Az Egyes\u00fclt \u00c1llamok tov\u00e1bbi kilencven napra felf\u00fcggeszti a Huawei Technologies k\u00ednai mobilh\u00e1l\u00f3zati gy\u00e1rt\u00f3 elleni embarg\u00f3t \u2013 jelentette be Wilbur Ross amerikai kereskedelmi miniszter a Fox Business Network h\u00edrtelev\u00edzi\u00f3ban h\u00e9tf\u0151n. Az el\u0151z\u0151 kilencven napos felf\u00fcggeszt\u00e9s h\u00e9tf\u0151n j\u00e1rt le, az \u00fajabb hosszabb\u00edt\u00e1s november 19-\u00e9ig tart. Az amerikai kereskedelmi miniszter egyben bejelentette, hogy tov\u00e1bbi 46 Huawei le\u00e1nyv\u00e1llalatot [&hellip;]<\/p>\n","protected":false},"author":2,"featured_media":6430,"comment_status":"open","ping_status":"open","sticky":false,"template":"","format":"standard","meta":{"footnotes":""},"categories":[1],"tags":[],"class_list":["post-7913","post","type-post","status-publish","format-standard","has-post-thumbnail","hentry","category-penzugyi-hirek"],"yoast_head":"<!-- This site is optimized with the Yoast SEO plugin v27.4 - https:\/\/yoast.com\/product\/yoast-seo-wordpress\/ -->\n<title>\u00dajabb 90 napra felf\u00fcggesztik a Huawei elleni embarg\u00f3t - Super News<\/title>\n<meta name=\"robots\" content=\"index, follow, max-snippet:-1, max-image-preview:large, max-video-preview:-1\" \/>\n<link rel=\"canonical\" href=\"https:\/\/super-news.info\/hu\/ujabb-90-napra-felfuggesztik-a-huawei-elleni-embargot\/\" \/>\n<meta property=\"og:locale\" content=\"hu_HU\" \/>\n<meta property=\"og:type\" content=\"article\" \/>\n<meta property=\"og:title\" content=\"\u00dajabb 90 napra felf\u00fcggesztik a Huawei elleni embarg\u00f3t - Super News\" \/>\n<meta property=\"og:description\" content=\"[ad_1] Az Egyes\u00fclt \u00c1llamok tov\u00e1bbi kilencven napra felf\u00fcggeszti a Huawei Technologies k\u00ednai mobilh\u00e1l\u00f3zati gy\u00e1rt\u00f3 elleni embarg\u00f3t \u2013 jelentette be Wilbur Ross amerikai kereskedelmi miniszter a Fox Business Network h\u00edrtelev\u00edzi\u00f3ban h\u00e9tf\u0151n. Az el\u0151z\u0151 kilencven napos felf\u00fcggeszt\u00e9s h\u00e9tf\u0151n j\u00e1rt le, az \u00fajabb hosszabb\u00edt\u00e1s november 19-\u00e9ig tart. Az amerikai kereskedelmi miniszter egyben bejelentette, hogy tov\u00e1bbi 46 Huawei le\u00e1nyv\u00e1llalatot [&hellip;]\" \/>\n<meta property=\"og:url\" content=\"https:\/\/super-news.info\/hu\/ujabb-90-napra-felfuggesztik-a-huawei-elleni-embargot\/\" \/>\n<meta property=\"og:site_name\" content=\"Super News\" \/>\n<meta property=\"article:published_time\" content=\"2019-08-19T16:19:12+00:00\" \/>\n<meta property=\"article:modified_time\" content=\"2019-08-19T16:19:13+00:00\" \/>\n<meta property=\"og:image\" content=\"https:\/\/super-news.info\/hu\/wp-content\/uploads\/sites\/3\/2019\/07\/Ism\u00e9t-forr-a-leveg\u0151-a-Huawei-k\u00f6r\u00fcl.jpg\" \/>\n\t<meta property=\"og:image:width\" content=\"1400\" \/>\n\t<meta property=\"og:image:height\" content=\"933\" \/>\n\t<meta property=\"og:image:type\" content=\"image\/jpeg\" \/>\n<meta name=\"author\" content=\"super-news\" \/>\n<meta name=\"twitter:card\" content=\"summary_large_image\" \/>\n<meta name=\"twitter:label1\" content=\"Szerz\u0151:\" \/>\n\t<meta name=\"twitter:data1\" content=\"super-news\" \/>\n\t<meta name=\"twitter:label2\" content=\"Becs\u00fclt olvas\u00e1si id\u0151\" \/>\n\t<meta name=\"twitter:data2\" content=\"2 perc\" \/>\n<script type=\"application\/ld+json\" class=\"yoast-schema-graph\">{\"@context\":\"https:\\\/\\\/schema.org\",\"@graph\":[{\"@type\":\"Article\",\"@id\":\"https:\\\/\\\/super-news.info\\\/hu\\\/ujabb-90-napra-felfuggesztik-a-huawei-elleni-embargot\\\/#article\",\"isPartOf\":{\"@id\":\"https:\\\/\\\/super-news.info\\\/hu\\\/ujabb-90-napra-felfuggesztik-a-huawei-elleni-embargot\\\/\"},\"author\":{\"name\":\"super-news\",\"@id\":\"https:\\\/\\\/super-news.info\\\/hu\\\/#\\\/schema\\\/person\\\/2d4068cb2f39cd10008c2fce578a7356\"},\"headline\":\"\u00dajabb 90 napra felf\u00fcggesztik a Huawei elleni embarg\u00f3t\",\"datePublished\":\"2019-08-19T16:19:12+00:00\",\"dateModified\":\"2019-08-19T16:19:13+00:00\",\"mainEntityOfPage\":{\"@id\":\"https:\\\/\\\/super-news.info\\\/hu\\\/ujabb-90-napra-felfuggesztik-a-huawei-elleni-embargot\\\/\"},\"wordCount\":364,\"commentCount\":0,\"image\":{\"@id\":\"https:\\\/\\\/super-news.info\\\/hu\\\/ujabb-90-napra-felfuggesztik-a-huawei-elleni-embargot\\\/#primaryimage\"},\"thumbnailUrl\":\"https:\\\/\\\/super-news.info\\\/hu\\\/wp-content\\\/uploads\\\/sites\\\/3\\\/2019\\\/07\\\/Ism\u00e9t-forr-a-leveg\u0151-a-Huawei-k\u00f6r\u00fcl.jpg\",\"articleSection\":[\"P\u00c9NZ\u00dcGYI H\u00cdREK\"],\"inLanguage\":\"hu\",\"potentialAction\":[{\"@type\":\"CommentAction\",\"name\":\"Comment\",\"target\":[\"https:\\\/\\\/super-news.info\\\/hu\\\/ujabb-90-napra-felfuggesztik-a-huawei-elleni-embargot\\\/#respond\"]}]},{\"@type\":\"WebPage\",\"@id\":\"https:\\\/\\\/super-news.info\\\/hu\\\/ujabb-90-napra-felfuggesztik-a-huawei-elleni-embargot\\\/\",\"url\":\"https:\\\/\\\/super-news.info\\\/hu\\\/ujabb-90-napra-felfuggesztik-a-huawei-elleni-embargot\\\/\",\"name\":\"\u00dajabb 90 napra felf\u00fcggesztik a Huawei elleni embarg\u00f3t - Super News\",\"isPartOf\":{\"@id\":\"https:\\\/\\\/super-news.info\\\/hu\\\/#website\"},\"primaryImageOfPage\":{\"@id\":\"https:\\\/\\\/super-news.info\\\/hu\\\/ujabb-90-napra-felfuggesztik-a-huawei-elleni-embargot\\\/#primaryimage\"},\"image\":{\"@id\":\"https:\\\/\\\/super-news.info\\\/hu\\\/ujabb-90-napra-felfuggesztik-a-huawei-elleni-embargot\\\/#primaryimage\"},\"thumbnailUrl\":\"https:\\\/\\\/super-news.info\\\/hu\\\/wp-content\\\/uploads\\\/sites\\\/3\\\/2019\\\/07\\\/Ism\u00e9t-forr-a-leveg\u0151-a-Huawei-k\u00f6r\u00fcl.jpg\",\"datePublished\":\"2019-08-19T16:19:12+00:00\",\"dateModified\":\"2019-08-19T16:19:13+00:00\",\"author\":{\"@id\":\"https:\\\/\\\/super-news.info\\\/hu\\\/#\\\/schema\\\/person\\\/2d4068cb2f39cd10008c2fce578a7356\"},\"breadcrumb\":{\"@id\":\"https:\\\/\\\/super-news.info\\\/hu\\\/ujabb-90-napra-felfuggesztik-a-huawei-elleni-embargot\\\/#breadcrumb\"},\"inLanguage\":\"hu\",\"potentialAction\":[{\"@type\":\"ReadAction\",\"target\":[\"https:\\\/\\\/super-news.info\\\/hu\\\/ujabb-90-napra-felfuggesztik-a-huawei-elleni-embargot\\\/\"]}]},{\"@type\":\"ImageObject\",\"inLanguage\":\"hu\",\"@id\":\"https:\\\/\\\/super-news.info\\\/hu\\\/ujabb-90-napra-felfuggesztik-a-huawei-elleni-embargot\\\/#primaryimage\",\"url\":\"https:\\\/\\\/super-news.info\\\/hu\\\/wp-content\\\/uploads\\\/sites\\\/3\\\/2019\\\/07\\\/Ism\u00e9t-forr-a-leveg\u0151-a-Huawei-k\u00f6r\u00fcl.jpg\",\"contentUrl\":\"https:\\\/\\\/super-news.info\\\/hu\\\/wp-content\\\/uploads\\\/sites\\\/3\\\/2019\\\/07\\\/Ism\u00e9t-forr-a-leveg\u0151-a-Huawei-k\u00f6r\u00fcl.jpg\",\"width\":1400,\"height\":933,\"caption\":\"Ism\u00e9t forr a leveg\u0151 a Huawei k\u00f6r\u00fcl\"},{\"@type\":\"BreadcrumbList\",\"@id\":\"https:\\\/\\\/super-news.info\\\/hu\\\/ujabb-90-napra-felfuggesztik-a-huawei-elleni-embargot\\\/#breadcrumb\",\"itemListElement\":[{\"@type\":\"ListItem\",\"position\":1,\"name\":\"\u0413\u043b\u0430\u0432\u043d\u0430\u044f \u0441\u0442\u0440\u0430\u043d\u0438\u0446\u0430\",\"item\":\"https:\\\/\\\/super-news.info\\\/hu\\\/\"},{\"@type\":\"ListItem\",\"position\":2,\"name\":\"\u00dajabb 90 napra felf\u00fcggesztik a Huawei elleni embarg\u00f3t\"}]},{\"@type\":\"WebSite\",\"@id\":\"https:\\\/\\\/super-news.info\\\/hu\\\/#website\",\"url\":\"https:\\\/\\\/super-news.info\\\/hu\\\/\",\"name\":\"Super News\",\"description\":\"Super News Magyarorsz\u00e1g\",\"potentialAction\":[{\"@type\":\"SearchAction\",\"target\":{\"@type\":\"EntryPoint\",\"urlTemplate\":\"https:\\\/\\\/super-news.info\\\/hu\\\/?s={search_term_string}\"},\"query-input\":{\"@type\":\"PropertyValueSpecification\",\"valueRequired\":true,\"valueName\":\"search_term_string\"}}],\"inLanguage\":\"hu\"},{\"@type\":\"Person\",\"@id\":\"https:\\\/\\\/super-news.info\\\/hu\\\/#\\\/schema\\\/person\\\/2d4068cb2f39cd10008c2fce578a7356\",\"name\":\"super-news\",\"image\":{\"@type\":\"ImageObject\",\"inLanguage\":\"hu\",\"@id\":\"https:\\\/\\\/secure.gravatar.com\\\/avatar\\\/64ebac40b93f26a154f8a9b5b6fdccfc46f442b26b3dd6756dbff3bf9dc76fd7?s=96&d=mm&r=g\",\"url\":\"https:\\\/\\\/secure.gravatar.com\\\/avatar\\\/64ebac40b93f26a154f8a9b5b6fdccfc46f442b26b3dd6756dbff3bf9dc76fd7?s=96&d=mm&r=g\",\"contentUrl\":\"https:\\\/\\\/secure.gravatar.com\\\/avatar\\\/64ebac40b93f26a154f8a9b5b6fdccfc46f442b26b3dd6756dbff3bf9dc76fd7?s=96&d=mm&r=g\",\"caption\":\"super-news\"},\"url\":\"https:\\\/\\\/super-news.info\\\/hu\\\/author\\\/pt\\\/\"}]}<\/script>\n<!-- \/ Yoast SEO plugin. -->","yoast_head_json":{"title":"\u00dajabb 90 napra felf\u00fcggesztik a Huawei elleni embarg\u00f3t - Super News","robots":{"index":"index","follow":"follow","max-snippet":"max-snippet:-1","max-image-preview":"max-image-preview:large","max-video-preview":"max-video-preview:-1"},"canonical":"https:\/\/super-news.info\/hu\/ujabb-90-napra-felfuggesztik-a-huawei-elleni-embargot\/","og_locale":"hu_HU","og_type":"article","og_title":"\u00dajabb 90 napra felf\u00fcggesztik a Huawei elleni embarg\u00f3t - Super News","og_description":"[ad_1] Az Egyes\u00fclt \u00c1llamok tov\u00e1bbi kilencven napra felf\u00fcggeszti a Huawei Technologies k\u00ednai mobilh\u00e1l\u00f3zati gy\u00e1rt\u00f3 elleni embarg\u00f3t \u2013 jelentette be Wilbur Ross amerikai kereskedelmi miniszter a Fox Business Network h\u00edrtelev\u00edzi\u00f3ban h\u00e9tf\u0151n. Az el\u0151z\u0151 kilencven napos felf\u00fcggeszt\u00e9s h\u00e9tf\u0151n j\u00e1rt le, az \u00fajabb hosszabb\u00edt\u00e1s november 19-\u00e9ig tart. Az amerikai kereskedelmi miniszter egyben bejelentette, hogy tov\u00e1bbi 46 Huawei le\u00e1nyv\u00e1llalatot [&hellip;]","og_url":"https:\/\/super-news.info\/hu\/ujabb-90-napra-felfuggesztik-a-huawei-elleni-embargot\/","og_site_name":"Super News","article_published_time":"2019-08-19T16:19:12+00:00","article_modified_time":"2019-08-19T16:19:13+00:00","og_image":[{"width":1400,"height":933,"url":"https:\/\/super-news.info\/hu\/wp-content\/uploads\/sites\/3\/2019\/07\/Ism\u00e9t-forr-a-leveg\u0151-a-Huawei-k\u00f6r\u00fcl.jpg","type":"image\/jpeg"}],"author":"super-news","twitter_card":"summary_large_image","twitter_misc":{"Szerz\u0151:":"super-news","Becs\u00fclt olvas\u00e1si id\u0151":"2 perc"},"schema":{"@context":"https:\/\/schema.org","@graph":[{"@type":"Article","@id":"https:\/\/super-news.info\/hu\/ujabb-90-napra-felfuggesztik-a-huawei-elleni-embargot\/#article","isPartOf":{"@id":"https:\/\/super-news.info\/hu\/ujabb-90-napra-felfuggesztik-a-huawei-elleni-embargot\/"},"author":{"name":"super-news","@id":"https:\/\/super-news.info\/hu\/#\/schema\/person\/2d4068cb2f39cd10008c2fce578a7356"},"headline":"\u00dajabb 90 napra felf\u00fcggesztik a Huawei elleni embarg\u00f3t","datePublished":"2019-08-19T16:19:12+00:00","dateModified":"2019-08-19T16:19:13+00:00","mainEntityOfPage":{"@id":"https:\/\/super-news.info\/hu\/ujabb-90-napra-felfuggesztik-a-huawei-elleni-embargot\/"},"wordCount":364,"commentCount":0,"image":{"@id":"https:\/\/super-news.info\/hu\/ujabb-90-napra-felfuggesztik-a-huawei-elleni-embargot\/#primaryimage"},"thumbnailUrl":"https:\/\/super-news.info\/hu\/wp-content\/uploads\/sites\/3\/2019\/07\/Ism\u00e9t-forr-a-leveg\u0151-a-Huawei-k\u00f6r\u00fcl.jpg","articleSection":["P\u00c9NZ\u00dcGYI H\u00cdREK"],"inLanguage":"hu","potentialAction":[{"@type":"CommentAction","name":"Comment","target":["https:\/\/super-news.info\/hu\/ujabb-90-napra-felfuggesztik-a-huawei-elleni-embargot\/#respond"]}]},{"@type":"WebPage","@id":"https:\/\/super-news.info\/hu\/ujabb-90-napra-felfuggesztik-a-huawei-elleni-embargot\/","url":"https:\/\/super-news.info\/hu\/ujabb-90-napra-felfuggesztik-a-huawei-elleni-embargot\/","name":"\u00dajabb 90 napra felf\u00fcggesztik a Huawei elleni embarg\u00f3t - Super News","isPartOf":{"@id":"https:\/\/super-news.info\/hu\/#website"},"primaryImageOfPage":{"@id":"https:\/\/super-news.info\/hu\/ujabb-90-napra-felfuggesztik-a-huawei-elleni-embargot\/#primaryimage"},"image":{"@id":"https:\/\/super-news.info\/hu\/ujabb-90-napra-felfuggesztik-a-huawei-elleni-embargot\/#primaryimage"},"thumbnailUrl":"https:\/\/super-news.info\/hu\/wp-content\/uploads\/sites\/3\/2019\/07\/Ism\u00e9t-forr-a-leveg\u0151-a-Huawei-k\u00f6r\u00fcl.jpg","datePublished":"2019-08-19T16:19:12+00:00","dateModified":"2019-08-19T16:19:13+00:00","author":{"@id":"https:\/\/super-news.info\/hu\/#\/schema\/person\/2d4068cb2f39cd10008c2fce578a7356"},"breadcrumb":{"@id":"https:\/\/super-news.info\/hu\/ujabb-90-napra-felfuggesztik-a-huawei-elleni-embargot\/#breadcrumb"},"inLanguage":"hu","potentialAction":[{"@type":"ReadAction","target":["https:\/\/super-news.info\/hu\/ujabb-90-napra-felfuggesztik-a-huawei-elleni-embargot\/"]}]},{"@type":"ImageObject","inLanguage":"hu","@id":"https:\/\/super-news.info\/hu\/ujabb-90-napra-felfuggesztik-a-huawei-elleni-embargot\/#primaryimage","url":"https:\/\/super-news.info\/hu\/wp-content\/uploads\/sites\/3\/2019\/07\/Ism\u00e9t-forr-a-leveg\u0151-a-Huawei-k\u00f6r\u00fcl.jpg","contentUrl":"https:\/\/super-news.info\/hu\/wp-content\/uploads\/sites\/3\/2019\/07\/Ism\u00e9t-forr-a-leveg\u0151-a-Huawei-k\u00f6r\u00fcl.jpg","width":1400,"height":933,"caption":"Ism\u00e9t forr a leveg\u0151 a Huawei k\u00f6r\u00fcl"},{"@type":"BreadcrumbList","@id":"https:\/\/super-news.info\/hu\/ujabb-90-napra-felfuggesztik-a-huawei-elleni-embargot\/#breadcrumb","itemListElement":[{"@type":"ListItem","position":1,"name":"\u0413\u043b\u0430\u0432\u043d\u0430\u044f \u0441\u0442\u0440\u0430\u043d\u0438\u0446\u0430","item":"https:\/\/super-news.info\/hu\/"},{"@type":"ListItem","position":2,"name":"\u00dajabb 90 napra felf\u00fcggesztik a Huawei elleni embarg\u00f3t"}]},{"@type":"WebSite","@id":"https:\/\/super-news.info\/hu\/#website","url":"https:\/\/super-news.info\/hu\/","name":"Super News","description":"Super News Magyarorsz\u00e1g","potentialAction":[{"@type":"SearchAction","target":{"@type":"EntryPoint","urlTemplate":"https:\/\/super-news.info\/hu\/?s={search_term_string}"},"query-input":{"@type":"PropertyValueSpecification","valueRequired":true,"valueName":"search_term_string"}}],"inLanguage":"hu"},{"@type":"Person","@id":"https:\/\/super-news.info\/hu\/#\/schema\/person\/2d4068cb2f39cd10008c2fce578a7356","name":"super-news","image":{"@type":"ImageObject","inLanguage":"hu","@id":"https:\/\/secure.gravatar.com\/avatar\/64ebac40b93f26a154f8a9b5b6fdccfc46f442b26b3dd6756dbff3bf9dc76fd7?s=96&d=mm&r=g","url":"https:\/\/secure.gravatar.com\/avatar\/64ebac40b93f26a154f8a9b5b6fdccfc46f442b26b3dd6756dbff3bf9dc76fd7?s=96&d=mm&r=g","contentUrl":"https:\/\/secure.gravatar.com\/avatar\/64ebac40b93f26a154f8a9b5b6fdccfc46f442b26b3dd6756dbff3bf9dc76fd7?s=96&d=mm&r=g","caption":"super-news"},"url":"https:\/\/super-news.info\/hu\/author\/pt\/"}]}},"_links":{"self":[{"href":"https:\/\/super-news.info\/hu\/wp-json\/wp\/v2\/posts\/7913","targetHints":{"allow":["GET"]}}],"collection":[{"href":"https:\/\/super-news.info\/hu\/wp-json\/wp\/v2\/posts"}],"about":[{"href":"https:\/\/super-news.info\/hu\/wp-json\/wp\/v2\/types\/post"}],"author":[{"embeddable":true,"href":"https:\/\/super-news.info\/hu\/wp-json\/wp\/v2\/users\/2"}],"replies":[{"embeddable":true,"href":"https:\/\/super-news.info\/hu\/wp-json\/wp\/v2\/comments?post=7913"}],"version-history":[{"count":1,"href":"https:\/\/super-news.info\/hu\/wp-json\/wp\/v2\/posts\/7913\/revisions"}],"predecessor-version":[{"id":7914,"href":"https:\/\/super-news.info\/hu\/wp-json\/wp\/v2\/posts\/7913\/revisions\/7914"}],"wp:featuredmedia":[{"embeddable":true,"href":"https:\/\/super-news.info\/hu\/wp-json\/wp\/v2\/media\/6430"}],"wp:attachment":[{"href":"https:\/\/super-news.info\/hu\/wp-json\/wp\/v2\/media?parent=7913"}],"wp:term":[{"taxonomy":"category","embeddable":true,"href":"https:\/\/super-news.info\/hu\/wp-json\/wp\/v2\/categories?post=7913"},{"taxonomy":"post_tag","embeddable":true,"href":"https:\/\/super-news.info\/hu\/wp-json\/wp\/v2\/tags?post=7913"}],"curies":[{"name":"wp","href":"https:\/\/api.w.org\/{rel}","templated":true}]}}