{"id":7910,"date":"2019-08-19T18:26:46","date_gmt":"2019-08-19T15:26:46","guid":{"rendered":"https:\/\/super-news.info\/hu\/orban-viktor-erositeni-kell-a-magyar-nemet-gazdasagi-egyuttmukodest\/"},"modified":"2019-08-19T18:26:47","modified_gmt":"2019-08-19T15:26:47","slug":"orban-viktor-erositeni-kell-a-magyar-nemet-gazdasagi-egyuttmukodest","status":"publish","type":"post","link":"https:\/\/super-news.info\/hu\/orban-viktor-erositeni-kell-a-magyar-nemet-gazdasagi-egyuttmukodest\/","title":{"rendered":"Orb\u00e1n Viktor: er\u0151s\u00edteni kell a magyar-n\u00e9met gazdas\u00e1gi egy\u00fcttm\u0171k\u00f6d\u00e9st"},"content":{"rendered":"<p> [ad_1]<br \/>\n<\/p>\n<p>\n\t\t\t\t\t\t\t\tA magyar-n\u00e9met gazdas\u00e1gi kapcsolatok er\u0151s\u00edt\u00e9s\u00e9nek sz\u00fcks\u00e9gess\u00e9g\u00e9r\u0151l is besz\u00e9lt Orb\u00e1n Viktor minisztereln\u00f6k h\u00e9tf\u0151n Sopronban, miut\u00e1n t\u00e1rgyalt Angela Merkel n\u00e9met kancell\u00e1rral.\t\t\t\t\t\t\t<\/p>\n<div>\n<p>Orb\u00e1n Viktor \u00e9s Angela Merkel a P\u00e1neur\u00f3pai Piknik 30. \u00e9vfordul\u00f3j\u00e1n \u00f6kumenikus istentiszteleten vett r\u00e9szt, majd k\u00e9toldal\u00fa megbesz\u00e9l\u00e9st folytatott. A t\u00e1rgyal\u00e1s ut\u00e1n tartott sajt\u00f3t\u00e1j\u00e9koztat\u00f3n a minisztereln\u00f6k azt mondta: \u201enem l\u00e1tni olyan esem\u00e9nyeket, amelyek megzavarn\u00e1k a magyar-n\u00e9met kapcsolatokat, viszont vannak olyan t\u00e9nyez\u0151k, amelyek kik\u00e9nyszer\u00edtik a gazdas\u00e1gi egy\u00fcttm\u0171k\u00f6d\u00e9s er\u0151s\u00edt\u00e9s\u00e9t\u201d. Kiemelte: a gazdas\u00e1gi k\u00e9rd\u00e9sek \u00e1lltak a t\u00e1rgyal\u00e1sok s\u00falypontj\u00e1ban, hiszen N\u00e9metorsz\u00e1g els\u0151sz\u00e1m\u00fa kereskedelmi partnere \u00e9s befektet\u0151je Magyarorsz\u00e1gnak.<\/p>\n<div id=\"attachment_1697215\" style=\"width: 1410px\" class=\"wp-caption alignnone\">\n<p class=\"wp-caption-text\">Angela Merkel n\u00e9met kancell\u00e1r \u00e9s Orb\u00e1n Viktor minisztereln\u00f6k sajt\u00f3nyilatkozatot tesz a P\u00e1neur\u00f3pai Piknik 30. \u00e9vfordul\u00f3ja alkalm\u00e1b\u00f3l tartott \u00f6kumenikus istentisztelet ut\u00e1n a soproni v\u00e1rosh\u00e1z\u00e1n 2019. augusztus 19-\u00e9n. MTI\/Kosztics\u00e1k Szil\u00e1rd<\/p>\n<\/div>\n<p>A k\u00e9toldal\u00fa kereskedelmi forgalom minden \u00e9vben rekordot d\u00f6nt, a n\u00e9met befektet\u0151k a legmodernebb gy\u00e1rakat hozz\u00e1k Magyarorsz\u00e1gra. Hatezer Magyarorsz\u00e1gon m\u0171k\u00f6d\u0151 n\u00e9met v\u00e1llalat 300 ezer magyarnak ad munk\u00e1t, \u00e9s augusztus k\u00f6zep\u00e9ig 17 \u00faj nagy n\u00e9met beruh\u00e1z\u00e1sr\u00f3l sz\u00fcletett d\u00f6nt\u00e9s \u2013 k\u00f6z\u00f6lte.<\/p>\n<p>Orb\u00e1n Viktor megjegyezte: az elk\u00f6vetkez\u0151 id\u0151ben \u00fajabb menetrendet \u00e1ll\u00edtanak \u00f6ssze a gazdas\u00e1gi kapcsolatok fejleszt\u00e9s\u00e9r\u0151l a szakminiszterek.<\/p>\n<p>Sz\u00f3 volt tov\u00e1bb\u00e1 arr\u00f3l, hogy a n\u00e9met haditechnika fontos szerepet j\u00e1tszik a magyar hadiipari fejleszt\u00e9sekben, jelentette ki. Orb\u00e1n Viktor elmondta, hogy mindezek mellett az Eur\u00f3pai Uni\u00f3 (EU) b\u0151v\u00edt\u00e9s\u00e9r\u0151l is egyeztettek, ugyanis Magyarorsz\u00e1gnak az az \u00e9rdeke, hogy a Nyugat-Balk\u00e1n miel\u0151bb az uni\u00f3 r\u00e9sze legyen. Magyarorsz\u00e1g szorgalmazza az EU tov\u00e1bbi b\u0151v\u00edt\u00e9s\u00e9t, ebben kulcsorsz\u00e1g Szerbia, amellyel a csatlakoz\u00e1si t\u00e1rgyal\u00e1sok felgyors\u00edt\u00e1sa Eur\u00f3pa \u00e9rdek\u00e9t is szolg\u00e1lja \u2013 tette hozz\u00e1.<\/p>\n<p>Orb\u00e1n Viktor elmondta: besz\u00e9ltek a fejleszt\u00e9si egy\u00fcttm\u0171k\u00f6d\u00e9sr\u0151l is Afrik\u00e1ban, mert a seg\u00edts\u00e9get kell odavinni, ahol a baj van, jav\u00edtani kell Afrika n\u00e9pess\u00e9gmegtart\u00f3 k\u00e9pess\u00e9g\u00e9t, \u00e9s ennek \u00e9rdek\u00e9ben k\u00f6z\u00f6s programokat finansz\u00edroznak. K\u00e9rd\u00e9sre a korm\u00e1nyf\u0151 elmondta: K\u00f6z\u00e9p-Eur\u00f3pa orsz\u00e1gai sokakat, tal\u00e1n a nyugat-eur\u00f3paiakat is meglep\u0151 \u00fctemben moderniz\u00e1l\u00f3dnak \u00e9s fejl\u0151dnek, mi\u00f3ta az EU tagjai lettek. A k\u00f6z\u00e9p-eur\u00f3pai r\u00e9gi\u00f3 felemelked\u00e9s\u00e9r\u0151l lehet besz\u00e9lni, \u00e9s az eur\u00f3pai egys\u00e9g j\u00f6v\u0151je azon m\u00falik, hogy levonj\u00e1k-e ennek konzekvenci\u00e1it \u2013 tette hozz\u00e1.<\/p>\n<p>Kiemelte: K\u00f6z\u00e9p-Eur\u00f3pa most m\u00e1r hozz\u00e1ad az eur\u00f3pai gazdas\u00e1gi teljes\u00edtm\u00e9nyhez, ez\u00e9rt a hagyom\u00e1nyos n\u00e9met-francia tengely kieg\u00e9sz\u00fcl a k\u00f6z\u00e9p-eur\u00f3pai n\u00e9pek \u00e9rdekeinek figyelembe v\u00e9tel\u00e9vel. Ez egy \u00faj folyamat, amely most teljesedik ki, \u00e9s K\u00f6z\u00e9p-Eur\u00f3pa s\u00falya az eur\u00f3pai d\u00f6nt\u00e9shozatalban folyamatosan n\u0151ni fog \u2013 tette hozz\u00e1. Hangs\u00falyozta: N\u00e9metorsz\u00e1g \u00e9rti ezt a folyamatot, ez\u00e9rt a n\u00e9met-k\u00f6z\u00e9p-eur\u00f3pai kapcsolatoknak kit\u00fcntetett jelent\u0151s\u00e9ge lesz az eur\u00f3pai egys\u00e9g fenntart\u00e1s\u00e1ban.<\/p>\n<div class=\"aframe\">\n<h3>\u00daj startra van sz\u00fcks\u00e9g<\/h3>\n<p>A Magyarorsz\u00e1ggal val\u00f3 kereskedelmi egy\u00fcttm\u0171k\u00f6d\u00e9s fontoss\u00e1g\u00e1t emelte ki Angela Merkel n\u00e9met kancell\u00e1r h\u00e9tf\u0151n Sopronban, miut\u00e1n t\u00e1rgyalt Orb\u00e1n Viktor minisztereln\u00f6kkel. A sajt\u00f3t\u00e1j\u00e9koztat\u00f3n a kancell\u00e1r ism\u00e9t k\u00f6sz\u00f6netet mondott Magyarorsz\u00e1g lakoss\u00e1g\u00e1nak a hat\u00e1rnyit\u00e1s\u00e9rt \u00e9s ez\u00e1ltal a n\u00e9met egys\u00e9g helyre\u00e1ll\u00edt\u00e1s\u00e1hoz val\u00f3 hozz\u00e1j\u00e1rul\u00e1s\u00e1\u00e9rt. Angela Merkel elmondta, hogy a megbesz\u00e9l\u00e9sen a j\u00f6v\u0151r\u0151l, els\u0151sorban az Eur\u00f3pai Uni\u00f3 el\u0151tt \u00e1ll\u00f3 kih\u00edv\u00e1sokr\u00f3l esett sz\u00f3. A kancell\u00e1r egyet\u00e9rtett Ursula von der Leyen, az Eur\u00f3pai Bizotts\u00e1g j\u00f6v\u0151beli eln\u00f6ke azon elk\u00e9pzel\u00e9s\u00e9vel, amely szerint az Eur\u00f3pai Uni\u00f3 valamennyi tag\u00e1llam\u00e1t m\u00e9g jobban egyes\u00edt\u0151 politik\u00e1ra, \u201e\u00faj startra\u201d van sz\u00fcks\u00e9g. Angela Merkel utalt a gazdas\u00e1gi \u00e9s a v\u00e9delmi egy\u00fcttm\u0171k\u00f6d\u00e9ssel, valamint a migr\u00e1ci\u00f3val kapcsolatos kih\u00edv\u00e1sokra, \u00e9s k\u00f6z\u00f6s megold\u00e1sokat szorgalmazott.<\/p>\n<\/div>\n<p>\u00a0<\/p>\n<\/p><\/div>\n<p><script>\n    window.fbAsyncInit = function() {\n        FB.init({\n            appId      : \"204760236815359\",\n            xfbml      : true,\n            version    : \"v2.12\"\n        });\n        FB.AppEvents.logPageView();\n    };<\/p>\n<p>    (function(d, s, id){\n        var js, fjs = d.getElementsByTagName(s)[0];\n        if (d.getElementById(id)) {return;}\n        js = d.createElement(s); js.id = id;\n        js.src = \"http:\/\/connect.facebook.net\/hu_HU\/sdk.js\";\n        fjs.parentNode.insertBefore(js, fjs);\n    }(document, \"script\", \"facebook-jssdk\"));\n<\/script><br \/>\n<br \/>[ad_2]<br \/>\n<br \/><a href=\"https:\/\/www.vg.hu\/gazdasag\/gazdasagi-hirek\/orban-viktor-erositeni-kell-a-magyar-nemet-gazdasagi-egyuttmukodest-1697212\/\">Source link <\/a><\/p>\n","protected":false},"excerpt":{"rendered":"<p>[ad_1] A magyar-n\u00e9met gazdas\u00e1gi kapcsolatok er\u0151s\u00edt\u00e9s\u00e9nek sz\u00fcks\u00e9gess\u00e9g\u00e9r\u0151l is besz\u00e9lt Orb\u00e1n Viktor minisztereln\u00f6k h\u00e9tf\u0151n Sopronban, miut\u00e1n t\u00e1rgyalt Angela Merkel n\u00e9met kancell\u00e1rral. Orb\u00e1n Viktor \u00e9s Angela Merkel a P\u00e1neur\u00f3pai Piknik 30. \u00e9vfordul\u00f3j\u00e1n \u00f6kumenikus istentiszteleten vett r\u00e9szt, majd k\u00e9toldal\u00fa megbesz\u00e9l\u00e9st folytatott. A t\u00e1rgyal\u00e1s ut\u00e1n tartott sajt\u00f3t\u00e1j\u00e9koztat\u00f3n a minisztereln\u00f6k azt mondta: \u201enem l\u00e1tni olyan esem\u00e9nyeket, amelyek megzavarn\u00e1k a magyar-n\u00e9met [&hellip;]<\/p>\n","protected":false},"author":2,"featured_media":7911,"comment_status":"open","ping_status":"open","sticky":false,"template":"","format":"standard","meta":{"footnotes":""},"categories":[1],"tags":[],"class_list":["post-7910","post","type-post","status-publish","format-standard","has-post-thumbnail","hentry","category-penzugyi-hirek"],"yoast_head":"<!-- This site is optimized with the Yoast SEO plugin v27.4 - https:\/\/yoast.com\/product\/yoast-seo-wordpress\/ -->\n<title>Orb\u00e1n Viktor: er\u0151s\u00edteni kell a magyar-n\u00e9met gazdas\u00e1gi egy\u00fcttm\u0171k\u00f6d\u00e9st - Super News<\/title>\n<meta name=\"robots\" content=\"index, follow, max-snippet:-1, max-image-preview:large, max-video-preview:-1\" \/>\n<link rel=\"canonical\" href=\"https:\/\/super-news.info\/hu\/orban-viktor-erositeni-kell-a-magyar-nemet-gazdasagi-egyuttmukodest\/\" \/>\n<meta property=\"og:locale\" content=\"hu_HU\" \/>\n<meta property=\"og:type\" content=\"article\" \/>\n<meta property=\"og:title\" content=\"Orb\u00e1n Viktor: er\u0151s\u00edteni kell a magyar-n\u00e9met gazdas\u00e1gi egy\u00fcttm\u0171k\u00f6d\u00e9st - Super News\" \/>\n<meta property=\"og:description\" content=\"[ad_1] A magyar-n\u00e9met gazdas\u00e1gi kapcsolatok er\u0151s\u00edt\u00e9s\u00e9nek sz\u00fcks\u00e9gess\u00e9g\u00e9r\u0151l is besz\u00e9lt Orb\u00e1n Viktor minisztereln\u00f6k h\u00e9tf\u0151n Sopronban, miut\u00e1n t\u00e1rgyalt Angela Merkel n\u00e9met kancell\u00e1rral. Orb\u00e1n Viktor \u00e9s Angela Merkel a P\u00e1neur\u00f3pai Piknik 30. \u00e9vfordul\u00f3j\u00e1n \u00f6kumenikus istentiszteleten vett r\u00e9szt, majd k\u00e9toldal\u00fa megbesz\u00e9l\u00e9st folytatott. A t\u00e1rgyal\u00e1s ut\u00e1n tartott sajt\u00f3t\u00e1j\u00e9koztat\u00f3n a minisztereln\u00f6k azt mondta: \u201enem l\u00e1tni olyan esem\u00e9nyeket, amelyek megzavarn\u00e1k a magyar-n\u00e9met [&hellip;]\" \/>\n<meta property=\"og:url\" content=\"https:\/\/super-news.info\/hu\/orban-viktor-erositeni-kell-a-magyar-nemet-gazdasagi-egyuttmukodest\/\" \/>\n<meta property=\"og:site_name\" content=\"Super News\" \/>\n<meta property=\"article:published_time\" content=\"2019-08-19T15:26:46+00:00\" \/>\n<meta property=\"article:modified_time\" content=\"2019-08-19T15:26:47+00:00\" \/>\n<meta property=\"og:image\" content=\"https:\/\/super-news.info\/hu\/wp-content\/uploads\/sites\/3\/2019\/08\/Orb-n-Viktor-er-s-teni-kell-a-magyar-n-met-gazdas-gi-egy-ttm-k-d-st.jpg\" \/>\n\t<meta property=\"og:image:width\" content=\"1400\" \/>\n\t<meta property=\"og:image:height\" content=\"933\" \/>\n\t<meta property=\"og:image:type\" content=\"image\/jpeg\" \/>\n<meta name=\"author\" content=\"super-news\" \/>\n<meta name=\"twitter:card\" content=\"summary_large_image\" \/>\n<meta name=\"twitter:label1\" content=\"Szerz\u0151:\" \/>\n\t<meta name=\"twitter:data1\" content=\"super-news\" \/>\n\t<meta name=\"twitter:label2\" content=\"Becs\u00fclt olvas\u00e1si id\u0151\" \/>\n\t<meta name=\"twitter:data2\" content=\"4 perc\" \/>\n<script type=\"application\/ld+json\" class=\"yoast-schema-graph\">{\"@context\":\"https:\\\/\\\/schema.org\",\"@graph\":[{\"@type\":\"Article\",\"@id\":\"https:\\\/\\\/super-news.info\\\/hu\\\/orban-viktor-erositeni-kell-a-magyar-nemet-gazdasagi-egyuttmukodest\\\/#article\",\"isPartOf\":{\"@id\":\"https:\\\/\\\/super-news.info\\\/hu\\\/orban-viktor-erositeni-kell-a-magyar-nemet-gazdasagi-egyuttmukodest\\\/\"},\"author\":{\"name\":\"super-news\",\"@id\":\"https:\\\/\\\/super-news.info\\\/hu\\\/#\\\/schema\\\/person\\\/2d4068cb2f39cd10008c2fce578a7356\"},\"headline\":\"Orb\u00e1n Viktor: er\u0151s\u00edteni kell a magyar-n\u00e9met gazdas\u00e1gi egy\u00fcttm\u0171k\u00f6d\u00e9st\",\"datePublished\":\"2019-08-19T15:26:46+00:00\",\"dateModified\":\"2019-08-19T15:26:47+00:00\",\"mainEntityOfPage\":{\"@id\":\"https:\\\/\\\/super-news.info\\\/hu\\\/orban-viktor-erositeni-kell-a-magyar-nemet-gazdasagi-egyuttmukodest\\\/\"},\"wordCount\":797,\"commentCount\":0,\"image\":{\"@id\":\"https:\\\/\\\/super-news.info\\\/hu\\\/orban-viktor-erositeni-kell-a-magyar-nemet-gazdasagi-egyuttmukodest\\\/#primaryimage\"},\"thumbnailUrl\":\"https:\\\/\\\/super-news.info\\\/hu\\\/wp-content\\\/uploads\\\/sites\\\/3\\\/2019\\\/08\\\/Orb-n-Viktor-er-s-teni-kell-a-magyar-n-met-gazdas-gi-egy-ttm-k-d-st.jpg\",\"articleSection\":[\"P\u00c9NZ\u00dcGYI H\u00cdREK\"],\"inLanguage\":\"hu\",\"potentialAction\":[{\"@type\":\"CommentAction\",\"name\":\"Comment\",\"target\":[\"https:\\\/\\\/super-news.info\\\/hu\\\/orban-viktor-erositeni-kell-a-magyar-nemet-gazdasagi-egyuttmukodest\\\/#respond\"]}]},{\"@type\":\"WebPage\",\"@id\":\"https:\\\/\\\/super-news.info\\\/hu\\\/orban-viktor-erositeni-kell-a-magyar-nemet-gazdasagi-egyuttmukodest\\\/\",\"url\":\"https:\\\/\\\/super-news.info\\\/hu\\\/orban-viktor-erositeni-kell-a-magyar-nemet-gazdasagi-egyuttmukodest\\\/\",\"name\":\"Orb\u00e1n Viktor: er\u0151s\u00edteni kell a magyar-n\u00e9met gazdas\u00e1gi egy\u00fcttm\u0171k\u00f6d\u00e9st - Super News\",\"isPartOf\":{\"@id\":\"https:\\\/\\\/super-news.info\\\/hu\\\/#website\"},\"primaryImageOfPage\":{\"@id\":\"https:\\\/\\\/super-news.info\\\/hu\\\/orban-viktor-erositeni-kell-a-magyar-nemet-gazdasagi-egyuttmukodest\\\/#primaryimage\"},\"image\":{\"@id\":\"https:\\\/\\\/super-news.info\\\/hu\\\/orban-viktor-erositeni-kell-a-magyar-nemet-gazdasagi-egyuttmukodest\\\/#primaryimage\"},\"thumbnailUrl\":\"https:\\\/\\\/super-news.info\\\/hu\\\/wp-content\\\/uploads\\\/sites\\\/3\\\/2019\\\/08\\\/Orb-n-Viktor-er-s-teni-kell-a-magyar-n-met-gazdas-gi-egy-ttm-k-d-st.jpg\",\"datePublished\":\"2019-08-19T15:26:46+00:00\",\"dateModified\":\"2019-08-19T15:26:47+00:00\",\"author\":{\"@id\":\"https:\\\/\\\/super-news.info\\\/hu\\\/#\\\/schema\\\/person\\\/2d4068cb2f39cd10008c2fce578a7356\"},\"breadcrumb\":{\"@id\":\"https:\\\/\\\/super-news.info\\\/hu\\\/orban-viktor-erositeni-kell-a-magyar-nemet-gazdasagi-egyuttmukodest\\\/#breadcrumb\"},\"inLanguage\":\"hu\",\"potentialAction\":[{\"@type\":\"ReadAction\",\"target\":[\"https:\\\/\\\/super-news.info\\\/hu\\\/orban-viktor-erositeni-kell-a-magyar-nemet-gazdasagi-egyuttmukodest\\\/\"]}]},{\"@type\":\"ImageObject\",\"inLanguage\":\"hu\",\"@id\":\"https:\\\/\\\/super-news.info\\\/hu\\\/orban-viktor-erositeni-kell-a-magyar-nemet-gazdasagi-egyuttmukodest\\\/#primaryimage\",\"url\":\"https:\\\/\\\/super-news.info\\\/hu\\\/wp-content\\\/uploads\\\/sites\\\/3\\\/2019\\\/08\\\/Orb-n-Viktor-er-s-teni-kell-a-magyar-n-met-gazdas-gi-egy-ttm-k-d-st.jpg\",\"contentUrl\":\"https:\\\/\\\/super-news.info\\\/hu\\\/wp-content\\\/uploads\\\/sites\\\/3\\\/2019\\\/08\\\/Orb-n-Viktor-er-s-teni-kell-a-magyar-n-met-gazdas-gi-egy-ttm-k-d-st.jpg\",\"width\":1400,\"height\":933,\"caption\":\"Orb\u00e1n Viktor: er\u0151s\u00edteni kell a magyar-n\u00e9met gazdas\u00e1gi egy\u00fcttm\u0171k\u00f6d\u00e9st\"},{\"@type\":\"BreadcrumbList\",\"@id\":\"https:\\\/\\\/super-news.info\\\/hu\\\/orban-viktor-erositeni-kell-a-magyar-nemet-gazdasagi-egyuttmukodest\\\/#breadcrumb\",\"itemListElement\":[{\"@type\":\"ListItem\",\"position\":1,\"name\":\"\u0413\u043b\u0430\u0432\u043d\u0430\u044f \u0441\u0442\u0440\u0430\u043d\u0438\u0446\u0430\",\"item\":\"https:\\\/\\\/super-news.info\\\/hu\\\/\"},{\"@type\":\"ListItem\",\"position\":2,\"name\":\"Orb\u00e1n Viktor: er\u0151s\u00edteni kell a magyar-n\u00e9met gazdas\u00e1gi egy\u00fcttm\u0171k\u00f6d\u00e9st\"}]},{\"@type\":\"WebSite\",\"@id\":\"https:\\\/\\\/super-news.info\\\/hu\\\/#website\",\"url\":\"https:\\\/\\\/super-news.info\\\/hu\\\/\",\"name\":\"Super News\",\"description\":\"Super News Magyarorsz\u00e1g\",\"potentialAction\":[{\"@type\":\"SearchAction\",\"target\":{\"@type\":\"EntryPoint\",\"urlTemplate\":\"https:\\\/\\\/super-news.info\\\/hu\\\/?s={search_term_string}\"},\"query-input\":{\"@type\":\"PropertyValueSpecification\",\"valueRequired\":true,\"valueName\":\"search_term_string\"}}],\"inLanguage\":\"hu\"},{\"@type\":\"Person\",\"@id\":\"https:\\\/\\\/super-news.info\\\/hu\\\/#\\\/schema\\\/person\\\/2d4068cb2f39cd10008c2fce578a7356\",\"name\":\"super-news\",\"image\":{\"@type\":\"ImageObject\",\"inLanguage\":\"hu\",\"@id\":\"https:\\\/\\\/secure.gravatar.com\\\/avatar\\\/64ebac40b93f26a154f8a9b5b6fdccfc46f442b26b3dd6756dbff3bf9dc76fd7?s=96&d=mm&r=g\",\"url\":\"https:\\\/\\\/secure.gravatar.com\\\/avatar\\\/64ebac40b93f26a154f8a9b5b6fdccfc46f442b26b3dd6756dbff3bf9dc76fd7?s=96&d=mm&r=g\",\"contentUrl\":\"https:\\\/\\\/secure.gravatar.com\\\/avatar\\\/64ebac40b93f26a154f8a9b5b6fdccfc46f442b26b3dd6756dbff3bf9dc76fd7?s=96&d=mm&r=g\",\"caption\":\"super-news\"},\"url\":\"https:\\\/\\\/super-news.info\\\/hu\\\/author\\\/pt\\\/\"}]}<\/script>\n<!-- \/ Yoast SEO plugin. -->","yoast_head_json":{"title":"Orb\u00e1n Viktor: er\u0151s\u00edteni kell a magyar-n\u00e9met gazdas\u00e1gi egy\u00fcttm\u0171k\u00f6d\u00e9st - Super News","robots":{"index":"index","follow":"follow","max-snippet":"max-snippet:-1","max-image-preview":"max-image-preview:large","max-video-preview":"max-video-preview:-1"},"canonical":"https:\/\/super-news.info\/hu\/orban-viktor-erositeni-kell-a-magyar-nemet-gazdasagi-egyuttmukodest\/","og_locale":"hu_HU","og_type":"article","og_title":"Orb\u00e1n Viktor: er\u0151s\u00edteni kell a magyar-n\u00e9met gazdas\u00e1gi egy\u00fcttm\u0171k\u00f6d\u00e9st - Super News","og_description":"[ad_1] A magyar-n\u00e9met gazdas\u00e1gi kapcsolatok er\u0151s\u00edt\u00e9s\u00e9nek sz\u00fcks\u00e9gess\u00e9g\u00e9r\u0151l is besz\u00e9lt Orb\u00e1n Viktor minisztereln\u00f6k h\u00e9tf\u0151n Sopronban, miut\u00e1n t\u00e1rgyalt Angela Merkel n\u00e9met kancell\u00e1rral. Orb\u00e1n Viktor \u00e9s Angela Merkel a P\u00e1neur\u00f3pai Piknik 30. \u00e9vfordul\u00f3j\u00e1n \u00f6kumenikus istentiszteleten vett r\u00e9szt, majd k\u00e9toldal\u00fa megbesz\u00e9l\u00e9st folytatott. A t\u00e1rgyal\u00e1s ut\u00e1n tartott sajt\u00f3t\u00e1j\u00e9koztat\u00f3n a minisztereln\u00f6k azt mondta: \u201enem l\u00e1tni olyan esem\u00e9nyeket, amelyek megzavarn\u00e1k a magyar-n\u00e9met [&hellip;]","og_url":"https:\/\/super-news.info\/hu\/orban-viktor-erositeni-kell-a-magyar-nemet-gazdasagi-egyuttmukodest\/","og_site_name":"Super News","article_published_time":"2019-08-19T15:26:46+00:00","article_modified_time":"2019-08-19T15:26:47+00:00","og_image":[{"width":1400,"height":933,"url":"https:\/\/super-news.info\/hu\/wp-content\/uploads\/sites\/3\/2019\/08\/Orb-n-Viktor-er-s-teni-kell-a-magyar-n-met-gazdas-gi-egy-ttm-k-d-st.jpg","type":"image\/jpeg"}],"author":"super-news","twitter_card":"summary_large_image","twitter_misc":{"Szerz\u0151:":"super-news","Becs\u00fclt olvas\u00e1si id\u0151":"4 perc"},"schema":{"@context":"https:\/\/schema.org","@graph":[{"@type":"Article","@id":"https:\/\/super-news.info\/hu\/orban-viktor-erositeni-kell-a-magyar-nemet-gazdasagi-egyuttmukodest\/#article","isPartOf":{"@id":"https:\/\/super-news.info\/hu\/orban-viktor-erositeni-kell-a-magyar-nemet-gazdasagi-egyuttmukodest\/"},"author":{"name":"super-news","@id":"https:\/\/super-news.info\/hu\/#\/schema\/person\/2d4068cb2f39cd10008c2fce578a7356"},"headline":"Orb\u00e1n Viktor: er\u0151s\u00edteni kell a magyar-n\u00e9met gazdas\u00e1gi egy\u00fcttm\u0171k\u00f6d\u00e9st","datePublished":"2019-08-19T15:26:46+00:00","dateModified":"2019-08-19T15:26:47+00:00","mainEntityOfPage":{"@id":"https:\/\/super-news.info\/hu\/orban-viktor-erositeni-kell-a-magyar-nemet-gazdasagi-egyuttmukodest\/"},"wordCount":797,"commentCount":0,"image":{"@id":"https:\/\/super-news.info\/hu\/orban-viktor-erositeni-kell-a-magyar-nemet-gazdasagi-egyuttmukodest\/#primaryimage"},"thumbnailUrl":"https:\/\/super-news.info\/hu\/wp-content\/uploads\/sites\/3\/2019\/08\/Orb-n-Viktor-er-s-teni-kell-a-magyar-n-met-gazdas-gi-egy-ttm-k-d-st.jpg","articleSection":["P\u00c9NZ\u00dcGYI H\u00cdREK"],"inLanguage":"hu","potentialAction":[{"@type":"CommentAction","name":"Comment","target":["https:\/\/super-news.info\/hu\/orban-viktor-erositeni-kell-a-magyar-nemet-gazdasagi-egyuttmukodest\/#respond"]}]},{"@type":"WebPage","@id":"https:\/\/super-news.info\/hu\/orban-viktor-erositeni-kell-a-magyar-nemet-gazdasagi-egyuttmukodest\/","url":"https:\/\/super-news.info\/hu\/orban-viktor-erositeni-kell-a-magyar-nemet-gazdasagi-egyuttmukodest\/","name":"Orb\u00e1n Viktor: er\u0151s\u00edteni kell a magyar-n\u00e9met gazdas\u00e1gi egy\u00fcttm\u0171k\u00f6d\u00e9st - Super News","isPartOf":{"@id":"https:\/\/super-news.info\/hu\/#website"},"primaryImageOfPage":{"@id":"https:\/\/super-news.info\/hu\/orban-viktor-erositeni-kell-a-magyar-nemet-gazdasagi-egyuttmukodest\/#primaryimage"},"image":{"@id":"https:\/\/super-news.info\/hu\/orban-viktor-erositeni-kell-a-magyar-nemet-gazdasagi-egyuttmukodest\/#primaryimage"},"thumbnailUrl":"https:\/\/super-news.info\/hu\/wp-content\/uploads\/sites\/3\/2019\/08\/Orb-n-Viktor-er-s-teni-kell-a-magyar-n-met-gazdas-gi-egy-ttm-k-d-st.jpg","datePublished":"2019-08-19T15:26:46+00:00","dateModified":"2019-08-19T15:26:47+00:00","author":{"@id":"https:\/\/super-news.info\/hu\/#\/schema\/person\/2d4068cb2f39cd10008c2fce578a7356"},"breadcrumb":{"@id":"https:\/\/super-news.info\/hu\/orban-viktor-erositeni-kell-a-magyar-nemet-gazdasagi-egyuttmukodest\/#breadcrumb"},"inLanguage":"hu","potentialAction":[{"@type":"ReadAction","target":["https:\/\/super-news.info\/hu\/orban-viktor-erositeni-kell-a-magyar-nemet-gazdasagi-egyuttmukodest\/"]}]},{"@type":"ImageObject","inLanguage":"hu","@id":"https:\/\/super-news.info\/hu\/orban-viktor-erositeni-kell-a-magyar-nemet-gazdasagi-egyuttmukodest\/#primaryimage","url":"https:\/\/super-news.info\/hu\/wp-content\/uploads\/sites\/3\/2019\/08\/Orb-n-Viktor-er-s-teni-kell-a-magyar-n-met-gazdas-gi-egy-ttm-k-d-st.jpg","contentUrl":"https:\/\/super-news.info\/hu\/wp-content\/uploads\/sites\/3\/2019\/08\/Orb-n-Viktor-er-s-teni-kell-a-magyar-n-met-gazdas-gi-egy-ttm-k-d-st.jpg","width":1400,"height":933,"caption":"Orb\u00e1n Viktor: er\u0151s\u00edteni kell a magyar-n\u00e9met gazdas\u00e1gi egy\u00fcttm\u0171k\u00f6d\u00e9st"},{"@type":"BreadcrumbList","@id":"https:\/\/super-news.info\/hu\/orban-viktor-erositeni-kell-a-magyar-nemet-gazdasagi-egyuttmukodest\/#breadcrumb","itemListElement":[{"@type":"ListItem","position":1,"name":"\u0413\u043b\u0430\u0432\u043d\u0430\u044f \u0441\u0442\u0440\u0430\u043d\u0438\u0446\u0430","item":"https:\/\/super-news.info\/hu\/"},{"@type":"ListItem","position":2,"name":"Orb\u00e1n Viktor: er\u0151s\u00edteni kell a magyar-n\u00e9met gazdas\u00e1gi egy\u00fcttm\u0171k\u00f6d\u00e9st"}]},{"@type":"WebSite","@id":"https:\/\/super-news.info\/hu\/#website","url":"https:\/\/super-news.info\/hu\/","name":"Super News","description":"Super News Magyarorsz\u00e1g","potentialAction":[{"@type":"SearchAction","target":{"@type":"EntryPoint","urlTemplate":"https:\/\/super-news.info\/hu\/?s={search_term_string}"},"query-input":{"@type":"PropertyValueSpecification","valueRequired":true,"valueName":"search_term_string"}}],"inLanguage":"hu"},{"@type":"Person","@id":"https:\/\/super-news.info\/hu\/#\/schema\/person\/2d4068cb2f39cd10008c2fce578a7356","name":"super-news","image":{"@type":"ImageObject","inLanguage":"hu","@id":"https:\/\/secure.gravatar.com\/avatar\/64ebac40b93f26a154f8a9b5b6fdccfc46f442b26b3dd6756dbff3bf9dc76fd7?s=96&d=mm&r=g","url":"https:\/\/secure.gravatar.com\/avatar\/64ebac40b93f26a154f8a9b5b6fdccfc46f442b26b3dd6756dbff3bf9dc76fd7?s=96&d=mm&r=g","contentUrl":"https:\/\/secure.gravatar.com\/avatar\/64ebac40b93f26a154f8a9b5b6fdccfc46f442b26b3dd6756dbff3bf9dc76fd7?s=96&d=mm&r=g","caption":"super-news"},"url":"https:\/\/super-news.info\/hu\/author\/pt\/"}]}},"_links":{"self":[{"href":"https:\/\/super-news.info\/hu\/wp-json\/wp\/v2\/posts\/7910","targetHints":{"allow":["GET"]}}],"collection":[{"href":"https:\/\/super-news.info\/hu\/wp-json\/wp\/v2\/posts"}],"about":[{"href":"https:\/\/super-news.info\/hu\/wp-json\/wp\/v2\/types\/post"}],"author":[{"embeddable":true,"href":"https:\/\/super-news.info\/hu\/wp-json\/wp\/v2\/users\/2"}],"replies":[{"embeddable":true,"href":"https:\/\/super-news.info\/hu\/wp-json\/wp\/v2\/comments?post=7910"}],"version-history":[{"count":1,"href":"https:\/\/super-news.info\/hu\/wp-json\/wp\/v2\/posts\/7910\/revisions"}],"predecessor-version":[{"id":7912,"href":"https:\/\/super-news.info\/hu\/wp-json\/wp\/v2\/posts\/7910\/revisions\/7912"}],"wp:featuredmedia":[{"embeddable":true,"href":"https:\/\/super-news.info\/hu\/wp-json\/wp\/v2\/media\/7911"}],"wp:attachment":[{"href":"https:\/\/super-news.info\/hu\/wp-json\/wp\/v2\/media?parent=7910"}],"wp:term":[{"taxonomy":"category","embeddable":true,"href":"https:\/\/super-news.info\/hu\/wp-json\/wp\/v2\/categories?post=7910"},{"taxonomy":"post_tag","embeddable":true,"href":"https:\/\/super-news.info\/hu\/wp-json\/wp\/v2\/tags?post=7910"}],"curies":[{"name":"wp","href":"https:\/\/api.w.org\/{rel}","templated":true}]}}