{"id":7901,"date":"2019-08-19T14:56:27","date_gmt":"2019-08-19T11:56:27","guid":{"rendered":"https:\/\/super-news.info\/hu\/corbyn-elorehozott-parlamenti-valasztast-akar\/"},"modified":"2019-08-19T14:56:29","modified_gmt":"2019-08-19T11:56:29","slug":"corbyn-elorehozott-parlamenti-valasztast-akar","status":"publish","type":"post","link":"https:\/\/super-news.info\/hu\/corbyn-elorehozott-parlamenti-valasztast-akar\/","title":{"rendered":"Corbyn el\u0151rehozott parlamenti v\u00e1laszt\u00e1st akar"},"content":{"rendered":"<p> [ad_1]<br \/>\n<\/p>\n<div>\n<p>A konzervat\u00edv korm\u00e1ny cserben hagyta az Egyes\u00fclt Kir\u00e1lys\u00e1got a brit parlamenti ellenz\u00e9k legnagyobb erej\u00e9t alkot\u00f3 Munk\u00e1sp\u00e1rt vezet\u0151je szerint. Jeremy Corbyn nyomat\u00e9kos\u00edtotta, hogy el\u0151rehozott v\u00e1laszt\u00e1sokra van sz\u00fcks\u00e9g, mert az orsz\u00e1g v\u00e1ls\u00e1gba ker\u00fclt a brit eur\u00f3pai uni\u00f3s tags\u00e1g meg\u00e1llapod\u00e1s n\u00e9lk\u00fcli megsz\u0171n\u00e9s\u00e9nek vesz\u00e9lye miatt. A munk\u00e1sp\u00e1rti vezet\u0151 h\u00e9tf\u0151n Northamptonshire megy\u00e9ben tartand\u00f3 besz\u00e9d\u00e9t el\u0151zetesen ismertetve a BBC azt k\u00f6z\u00f6lte, Jeremy Corbyn fogadkozni fog, hogy mindent megtesz, amit csak kell a rendezetlen Brexit megakad\u00e1lyoz\u00e1s\u00e1\u00e9rt. Szerinte a korm\u00e1nyz\u00f3 Konzervat\u00edv P\u00e1rt a j\u00falius v\u00e9ge \u00f3ta hivatalban l\u00e9v\u0151 vezet\u0151je, Boris Johnson korm\u00e1nyf\u0151 vezet\u00e9s\u00e9vel \u201ea sz\u00e9ls\u0151jobboldal fel\u00e9 hajlik\u201d.<\/p>\n<p>Jeremy Corbyn \u201eNagy-Britannia Trumpj\u00e1nak\u201d nevezi besz\u00e9d\u00e9ben a minisztereln\u00f6k\u00f6t, utalva Donald Trump amerikai eln\u00f6kre.<\/p>\n<p>A Munk\u00e1sp\u00e1rt vezet\u0151je tov\u00e1bb\u00e1 amellett \u00e9rvel, hogy a \u201etory Brexit-v\u00e1ls\u00e1g\u201d miatt sz\u00fcks\u00e9gess\u00e9 v\u00e1lt el\u0151rehozott v\u00e1laszt\u00e1s sorsd\u00f6nt\u0151 lesz az orsz\u00e1g sz\u00e1m\u00e1ra, \u201eember\u00f6lt\u0151nk\u00e9nt egyszer ad\u00f3d\u00f3 lehet\u0151s\u00e9g a val\u00f3di v\u00e1ltoz\u00e1sra\u201d, amelynek jelent\u0151s\u00e9ge az 1945-\u00f6s vagy az 1979-es v\u00e1laszt\u00e1sok\u00e9hoz m\u00e9rhet\u0151. \u201eAmennyiben v\u00e1laszt\u00e1sok lesznek \u0151sszel, a Munk\u00e1sp\u00e1rt egy \u00fajabb n\u00e9pszavaz\u00e1s mellett fog s\u00edkrasz\u00e1llni, hogy a szavaz\u00f3k\u00e9 legyen a d\u00f6nt\u0151 sz\u00f3, hitelt \u00e9rdeml\u0151 v\u00e1laszt\u00e1si lehet\u0151s\u00e9gekkel mindk\u00e9t oldal sz\u00e1m\u00e1ra, bele\u00e9rtve az Eur\u00f3pai Uni\u00f3ban marad\u00e1st is\u201d \u2013 fogalmaz besz\u00e9dben.<\/p>\n<p>Jeremy Corbyn egy vas\u00e1rnap nyilv\u00e1noss\u00e1gra ker\u00fclt korm\u00e1nyzati jelent\u00e9sre reag\u00e1lva igyekszik fokozni a nyom\u00e1st a korm\u00e1nyon szak\u00e9rt\u0151k szerint. A Citroms\u00e1rm\u00e1ny k\u00f3dnev\u0171 jelent\u00e9sb\u0151l kider\u00fclt, hogy a korm\u00e1nyzat szerint az \u00e1rusz\u00e1ll\u00edt\u00e1sban, az \u00fczemanyag- \u00e9s a gy\u00f3gyszerell\u00e1t\u00e1sban, valamint az utasforgalomban jelent\u0151s fennakad\u00e1sok, ennek nyom\u00e1n pedig orsz\u00e1gszerte t\u00fcntet\u00e9sek v\u00e1rhat\u00f3k.<\/p>\n<p>Kevesebb lehet a friss \u00e9lelmiszer, jelent\u0151sen emelkedhetnek az \u00e1rak.<\/p>\n<p>Rendezetlen Brexit eset\u00e9n tov\u00e1bb\u00e1 a korm\u00e1ny a fizikai ellen\u0151rz\u00e9s vissza\u00e1ll\u00edt\u00e1s\u00e1ra sz\u00e1m\u00edt az EU-hoz tart\u00f3z\u00f3 \u00cdr K\u00f6zt\u00e1rsas\u00e1g \u00e9s az Egyes\u00fclt Kir\u00e1lys\u00e1ghoz tart\u00f3z\u00f3 \u00c9szak-\u00cdrorsz\u00e1g hat\u00e1r\u00e1n, noha a hat\u00e1r \u00e1tj\u00e1rhat\u00f3s\u00e1ga sarkalatos eleme az \u00c9szak-\u00cdrorsz\u00e1gban t\u00f6bb \u00e9vtizeden \u00e1t tart\u00f3 felekezeti er\u0151szakot lez\u00e1r\u00f3, 1998-as nagyp\u00e9nteki meg\u00e1llapod\u00e1snak.<\/p>\n<div id=\"attachment_697781\" style=\"width: 1410px\" class=\"wp-caption alignnone\">\n<p class=\"wp-caption-text\">Jeremy Corbyn, a brit Munk\u00e1sp\u00e1rt vezet\u0151je<br \/>Fot\u00f3: AFP<\/p>\n<\/div>\n<p>Boris Johnson korm\u00e1ny\u00e1nak a Brexit el\u0151k\u00e9sz\u00edt\u00e9s\u00e9\u00e9rt felel\u0151s \u00e1llamtitk\u00e1ra, Michael Gove igyekezett kisebb\u00edteni a jelent\u00e9sben foglaltak s\u00falyoss\u00e1g\u00e1t. A korm\u00e1ny r\u00e9sz\u00e9r\u0151l elismert\u00e9k ugyan, hogy a besz\u00e1mol\u00f3t a Gove vezette bizotts\u00e1g els\u0151 \u00fcl\u00e9s\u00e9n t\u00e1rgyalt\u00e1k, de hangs\u00falyozt\u00e1k, hogy m\u00e9g az el\u0151z\u0151, Theresa May vezette korm\u00e1ny \u00e1ll\u00edtotta \u00f6ssze, \u00e9s Boris Johnson minisztereln\u00f6ki kinevez\u00e9se \u00f3ta fokozt\u00e1k az el\u0151k\u00e9sz\u00fcletek \u00fctem\u00e9t a rendezetlen kil\u00e9p\u00e9s eset\u00e9re. A korm\u00e1nyf\u0151i hivatal a BBC \u00e9rtes\u00fcl\u00e9se szerint egy\u00e9bir\u00e1nt \u00fagy v\u00e9li, hogy<\/p>\n<p>egy kor\u00e1bbi \u00e1llamtitk\u00e1r sziv\u00e1rogtatta ki a jelent\u00e9st a The Sunday Times c\u00edm\u0171 konzervat\u00edv vas\u00e1rnapi lapnak, hogy befoly\u00e1solja a t\u00e1rgyal\u00e1sok menet\u00e9t az Eur\u00f3pai Uni\u00f3val.<\/p>\n<p>K\u00f6zben a Munk\u00e1sp\u00e1rt \u00e1rny\u00e9kkorm\u00e1ny\u00e1nak p\u00e9nz\u00fcgyminiszter-jel\u00f6ltje a BBC h\u00edrtelev\u00edzi\u00f3j\u00e1ban h\u00e9tf\u0151n azt mondta, Jeremy Corbyn a j\u00f6v\u0151 h\u00e9ten tal\u00e1lkoz\u00f3t tart \u201em\u00e1s vezet\u0151 politikusokkal\u201d, hogy megvitass\u00e1k a meg\u00e1llapod\u00e1s n\u00e9lk\u00fcli Brexit megakad\u00e1lyoz\u00e1s\u00e1nak lehet\u0151s\u00e9geit. John McDonnell egy\u00fattal s\u00fcrgette a brit parlament jelenleg t\u00f6rv\u00e9nyhoz\u00e1si sz\u00fcneten l\u00e9v\u0151 als\u00f3h\u00e1z\u00e1nak \u00f6sszeh\u00edv\u00e1s\u00e1t \u201eaz elk\u00f6vetkez\u0151 napokban\u201d, hogy \u2013 a rendezetlen kil\u00e9p\u00e9st t\u00f6bbs\u00e9g\u00e9ben am\u00fagy elvet\u0151 \u2013 k\u00e9pvisel\u0151knek lehet\u0151s\u00e9g\u00fck legyen megvitatni a helyzetet. Ehhez azonban arra lenne sz\u00fcks\u00e9g, hogy a korm\u00e1ny kezdem\u00e9nyezze ezt John Bercow h\u00e1zeln\u00f6kn\u00e9l. A sz\u00fcnet szeptember 3-ig tart.<\/p>\n<p>A brit korm\u00e1ny hat\u00e1rozott \u00e1ll\u00e1spontja, hogy az Egyes\u00fclt Kir\u00e1lys\u00e1g mindenk\u00e9ppen kil\u00e9p az EU-b\u00f3l a Brexit jelenleg \u00e9rv\u00e9nyes hat\u00e1rnapj\u00e1n, okt\u00f3ber 31-\u00e9n, ak\u00e1r siker\u00fcl \u00fajrat\u00e1rgyalni a brit r\u00e9szr\u0151l els\u0151sorban az \u00edr-\u00e9szak\u00edr hat\u00e1r ellen\u0151rz\u00e9s\u00e9re vonatkoz\u00f3 tartal\u00e9kmegold\u00e1ssal szembeni fenntart\u00e1sok miatt elutas\u00edtott meg\u00e1llapod\u00e1st, ak\u00e1r nem.<\/p>\n<p>Az Eur\u00f3pai Uni\u00f3 kitart amellett, hogy a Theresa May korm\u00e1ny\u00e1val el\u00e9rt meg\u00e1llapod\u00e1s nem t\u00e1rgyalhat\u00f3 \u00fajra, \u00e9s nem t\u00f6r\u00f6lhet\u0151 bel\u0151le a tartal\u00e9kmegold\u00e1s (backstop), amint azt Boris Johnson k\u00f6veteli.<\/p>\n<p>Jelen \u00e1ll\u00e1s szerint a brit eur\u00f3pai uni\u00f3s tags\u00e1g automatikusan megsz\u0171nik okt\u00f3ber utols\u00f3 napj\u00e1n, brit id\u0151 szerint 23 \u00f3rakor, k\u00f6z\u00e9p-eur\u00f3pai id\u0151 szerint \u00e9jf\u00e9lkor.<\/p>\n<p>A Munk\u00e1sp\u00e1rt \u00e9s m\u00e1s ellenz\u00e9ki p\u00e1rtok szerint viszont a korm\u00e1nynak nincs felhatalmaz\u00e1sa a meg\u00e1llapod\u00e1s n\u00e9lk\u00fcli Brexitre, \u00e9s egyes konzervat\u00edv k\u00e9pvisel\u0151k is azon a v\u00e9lem\u00e9nyen vannak, hogy ezt minden\u00e1ron el kell ker\u00fclni. Jeremy Corbyn a m\u00falt h\u00e9ten ennek \u00e9rdek\u00e9ben m\u00e1r kil\u00e1t\u00e1sba helyezte a bizalmatlans\u00e1gi ind\u00edtv\u00e1ny beny\u00fajt\u00e1s\u00e1t, amennyiben meglesz az elfogad\u00e1s\u00e1hoz sz\u00fcks\u00e9ges t\u00e1mogat\u00e1s. A Munk\u00e1sp\u00e1rt vezet\u0151je azonban sokak sz\u00e1m\u00e1ra nem elfogadhat\u00f3 jel\u00f6lt egy \u00e1tmeneti egys\u00e9gkorm\u00e1ny \u00e9l\u00e9re.<\/p>\n<\/p><\/div>\n<p><script>\n    window.fbAsyncInit = function() {\n        FB.init({\n            appId      : \"204760236815359\",\n            xfbml      : true,\n            version    : \"v2.12\"\n        });\n        FB.AppEvents.logPageView();\n    };<\/p>\n<p>    (function(d, s, id){\n        var js, fjs = d.getElementsByTagName(s)[0];\n        if (d.getElementById(id)) {return;}\n        js = d.createElement(s); js.id = id;\n        js.src = \"http:\/\/connect.facebook.net\/hu_HU\/sdk.js\";\n        fjs.parentNode.insertBefore(js, fjs);\n    }(document, \"script\", \"facebook-jssdk\"));\n<\/script><br \/>\n<br \/>[ad_2]<br \/>\n<br \/><a href=\"https:\/\/www.vg.hu\/kozelet\/politika\/corbyn-elorehozott-parlamenti-valasztast-akar-1696882\/\">Source link <\/a><\/p>\n","protected":false},"excerpt":{"rendered":"<p>[ad_1] A konzervat\u00edv korm\u00e1ny cserben hagyta az Egyes\u00fclt Kir\u00e1lys\u00e1got a brit parlamenti ellenz\u00e9k legnagyobb erej\u00e9t alkot\u00f3 Munk\u00e1sp\u00e1rt vezet\u0151je szerint. Jeremy Corbyn nyomat\u00e9kos\u00edtotta, hogy el\u0151rehozott v\u00e1laszt\u00e1sokra van sz\u00fcks\u00e9g, mert az orsz\u00e1g v\u00e1ls\u00e1gba ker\u00fclt a brit eur\u00f3pai uni\u00f3s tags\u00e1g meg\u00e1llapod\u00e1s n\u00e9lk\u00fcli megsz\u0171n\u00e9s\u00e9nek vesz\u00e9lye miatt. A munk\u00e1sp\u00e1rti vezet\u0151 h\u00e9tf\u0151n Northamptonshire megy\u00e9ben tartand\u00f3 besz\u00e9d\u00e9t el\u0151zetesen ismertetve a BBC azt [&hellip;]<\/p>\n","protected":false},"author":2,"featured_media":7902,"comment_status":"open","ping_status":"open","sticky":false,"template":"","format":"standard","meta":{"footnotes":""},"categories":[1],"tags":[],"class_list":["post-7901","post","type-post","status-publish","format-standard","has-post-thumbnail","hentry","category-penzugyi-hirek"],"yoast_head":"<!-- This site is optimized with the Yoast SEO plugin v27.4 - https:\/\/yoast.com\/product\/yoast-seo-wordpress\/ -->\n<title>Corbyn el\u0151rehozott parlamenti v\u00e1laszt\u00e1st akar - Super News<\/title>\n<meta name=\"robots\" content=\"index, follow, max-snippet:-1, max-image-preview:large, max-video-preview:-1\" \/>\n<link rel=\"canonical\" href=\"https:\/\/super-news.info\/hu\/corbyn-elorehozott-parlamenti-valasztast-akar\/\" \/>\n<meta property=\"og:locale\" content=\"hu_HU\" \/>\n<meta property=\"og:type\" content=\"article\" \/>\n<meta property=\"og:title\" content=\"Corbyn el\u0151rehozott parlamenti v\u00e1laszt\u00e1st akar - Super News\" \/>\n<meta property=\"og:description\" content=\"[ad_1] A konzervat\u00edv korm\u00e1ny cserben hagyta az Egyes\u00fclt Kir\u00e1lys\u00e1got a brit parlamenti ellenz\u00e9k legnagyobb erej\u00e9t alkot\u00f3 Munk\u00e1sp\u00e1rt vezet\u0151je szerint. Jeremy Corbyn nyomat\u00e9kos\u00edtotta, hogy el\u0151rehozott v\u00e1laszt\u00e1sokra van sz\u00fcks\u00e9g, mert az orsz\u00e1g v\u00e1ls\u00e1gba ker\u00fclt a brit eur\u00f3pai uni\u00f3s tags\u00e1g meg\u00e1llapod\u00e1s n\u00e9lk\u00fcli megsz\u0171n\u00e9s\u00e9nek vesz\u00e9lye miatt. A munk\u00e1sp\u00e1rti vezet\u0151 h\u00e9tf\u0151n Northamptonshire megy\u00e9ben tartand\u00f3 besz\u00e9d\u00e9t el\u0151zetesen ismertetve a BBC azt [&hellip;]\" \/>\n<meta property=\"og:url\" content=\"https:\/\/super-news.info\/hu\/corbyn-elorehozott-parlamenti-valasztast-akar\/\" \/>\n<meta property=\"og:site_name\" content=\"Super News\" \/>\n<meta property=\"article:published_time\" content=\"2019-08-19T11:56:27+00:00\" \/>\n<meta property=\"article:modified_time\" content=\"2019-08-19T11:56:29+00:00\" \/>\n<meta property=\"og:image\" content=\"https:\/\/super-news.info\/hu\/wp-content\/uploads\/sites\/3\/2019\/08\/Corbyn-el-rehozott-parlamenti-v-laszt-st-akar.jpg\" \/>\n\t<meta property=\"og:image:width\" content=\"1400\" \/>\n\t<meta property=\"og:image:height\" content=\"933\" \/>\n\t<meta property=\"og:image:type\" content=\"image\/jpeg\" \/>\n<meta name=\"author\" content=\"super-news\" \/>\n<meta name=\"twitter:card\" content=\"summary_large_image\" \/>\n<meta name=\"twitter:label1\" content=\"Szerz\u0151:\" \/>\n\t<meta name=\"twitter:data1\" content=\"super-news\" \/>\n\t<meta name=\"twitter:label2\" content=\"Becs\u00fclt olvas\u00e1si id\u0151\" \/>\n\t<meta name=\"twitter:data2\" content=\"5 perc\" \/>\n<script type=\"application\/ld+json\" class=\"yoast-schema-graph\">{\"@context\":\"https:\\\/\\\/schema.org\",\"@graph\":[{\"@type\":\"Article\",\"@id\":\"https:\\\/\\\/super-news.info\\\/hu\\\/corbyn-elorehozott-parlamenti-valasztast-akar\\\/#article\",\"isPartOf\":{\"@id\":\"https:\\\/\\\/super-news.info\\\/hu\\\/corbyn-elorehozott-parlamenti-valasztast-akar\\\/\"},\"author\":{\"name\":\"super-news\",\"@id\":\"https:\\\/\\\/super-news.info\\\/hu\\\/#\\\/schema\\\/person\\\/2d4068cb2f39cd10008c2fce578a7356\"},\"headline\":\"Corbyn el\u0151rehozott parlamenti v\u00e1laszt\u00e1st akar\",\"datePublished\":\"2019-08-19T11:56:27+00:00\",\"dateModified\":\"2019-08-19T11:56:29+00:00\",\"mainEntityOfPage\":{\"@id\":\"https:\\\/\\\/super-news.info\\\/hu\\\/corbyn-elorehozott-parlamenti-valasztast-akar\\\/\"},\"wordCount\":1019,\"commentCount\":0,\"image\":{\"@id\":\"https:\\\/\\\/super-news.info\\\/hu\\\/corbyn-elorehozott-parlamenti-valasztast-akar\\\/#primaryimage\"},\"thumbnailUrl\":\"https:\\\/\\\/super-news.info\\\/hu\\\/wp-content\\\/uploads\\\/sites\\\/3\\\/2019\\\/08\\\/Corbyn-el-rehozott-parlamenti-v-laszt-st-akar.jpg\",\"articleSection\":[\"P\u00c9NZ\u00dcGYI H\u00cdREK\"],\"inLanguage\":\"hu\",\"potentialAction\":[{\"@type\":\"CommentAction\",\"name\":\"Comment\",\"target\":[\"https:\\\/\\\/super-news.info\\\/hu\\\/corbyn-elorehozott-parlamenti-valasztast-akar\\\/#respond\"]}]},{\"@type\":\"WebPage\",\"@id\":\"https:\\\/\\\/super-news.info\\\/hu\\\/corbyn-elorehozott-parlamenti-valasztast-akar\\\/\",\"url\":\"https:\\\/\\\/super-news.info\\\/hu\\\/corbyn-elorehozott-parlamenti-valasztast-akar\\\/\",\"name\":\"Corbyn el\u0151rehozott parlamenti v\u00e1laszt\u00e1st akar - Super News\",\"isPartOf\":{\"@id\":\"https:\\\/\\\/super-news.info\\\/hu\\\/#website\"},\"primaryImageOfPage\":{\"@id\":\"https:\\\/\\\/super-news.info\\\/hu\\\/corbyn-elorehozott-parlamenti-valasztast-akar\\\/#primaryimage\"},\"image\":{\"@id\":\"https:\\\/\\\/super-news.info\\\/hu\\\/corbyn-elorehozott-parlamenti-valasztast-akar\\\/#primaryimage\"},\"thumbnailUrl\":\"https:\\\/\\\/super-news.info\\\/hu\\\/wp-content\\\/uploads\\\/sites\\\/3\\\/2019\\\/08\\\/Corbyn-el-rehozott-parlamenti-v-laszt-st-akar.jpg\",\"datePublished\":\"2019-08-19T11:56:27+00:00\",\"dateModified\":\"2019-08-19T11:56:29+00:00\",\"author\":{\"@id\":\"https:\\\/\\\/super-news.info\\\/hu\\\/#\\\/schema\\\/person\\\/2d4068cb2f39cd10008c2fce578a7356\"},\"breadcrumb\":{\"@id\":\"https:\\\/\\\/super-news.info\\\/hu\\\/corbyn-elorehozott-parlamenti-valasztast-akar\\\/#breadcrumb\"},\"inLanguage\":\"hu\",\"potentialAction\":[{\"@type\":\"ReadAction\",\"target\":[\"https:\\\/\\\/super-news.info\\\/hu\\\/corbyn-elorehozott-parlamenti-valasztast-akar\\\/\"]}]},{\"@type\":\"ImageObject\",\"inLanguage\":\"hu\",\"@id\":\"https:\\\/\\\/super-news.info\\\/hu\\\/corbyn-elorehozott-parlamenti-valasztast-akar\\\/#primaryimage\",\"url\":\"https:\\\/\\\/super-news.info\\\/hu\\\/wp-content\\\/uploads\\\/sites\\\/3\\\/2019\\\/08\\\/Corbyn-el-rehozott-parlamenti-v-laszt-st-akar.jpg\",\"contentUrl\":\"https:\\\/\\\/super-news.info\\\/hu\\\/wp-content\\\/uploads\\\/sites\\\/3\\\/2019\\\/08\\\/Corbyn-el-rehozott-parlamenti-v-laszt-st-akar.jpg\",\"width\":1400,\"height\":933,\"caption\":\"Corbyn el\u0151rehozott parlamenti v\u00e1laszt\u00e1st akar\"},{\"@type\":\"BreadcrumbList\",\"@id\":\"https:\\\/\\\/super-news.info\\\/hu\\\/corbyn-elorehozott-parlamenti-valasztast-akar\\\/#breadcrumb\",\"itemListElement\":[{\"@type\":\"ListItem\",\"position\":1,\"name\":\"\u0413\u043b\u0430\u0432\u043d\u0430\u044f \u0441\u0442\u0440\u0430\u043d\u0438\u0446\u0430\",\"item\":\"https:\\\/\\\/super-news.info\\\/hu\\\/\"},{\"@type\":\"ListItem\",\"position\":2,\"name\":\"Corbyn el\u0151rehozott parlamenti v\u00e1laszt\u00e1st akar\"}]},{\"@type\":\"WebSite\",\"@id\":\"https:\\\/\\\/super-news.info\\\/hu\\\/#website\",\"url\":\"https:\\\/\\\/super-news.info\\\/hu\\\/\",\"name\":\"Super News\",\"description\":\"Super News Magyarorsz\u00e1g\",\"potentialAction\":[{\"@type\":\"SearchAction\",\"target\":{\"@type\":\"EntryPoint\",\"urlTemplate\":\"https:\\\/\\\/super-news.info\\\/hu\\\/?s={search_term_string}\"},\"query-input\":{\"@type\":\"PropertyValueSpecification\",\"valueRequired\":true,\"valueName\":\"search_term_string\"}}],\"inLanguage\":\"hu\"},{\"@type\":\"Person\",\"@id\":\"https:\\\/\\\/super-news.info\\\/hu\\\/#\\\/schema\\\/person\\\/2d4068cb2f39cd10008c2fce578a7356\",\"name\":\"super-news\",\"image\":{\"@type\":\"ImageObject\",\"inLanguage\":\"hu\",\"@id\":\"https:\\\/\\\/secure.gravatar.com\\\/avatar\\\/64ebac40b93f26a154f8a9b5b6fdccfc46f442b26b3dd6756dbff3bf9dc76fd7?s=96&d=mm&r=g\",\"url\":\"https:\\\/\\\/secure.gravatar.com\\\/avatar\\\/64ebac40b93f26a154f8a9b5b6fdccfc46f442b26b3dd6756dbff3bf9dc76fd7?s=96&d=mm&r=g\",\"contentUrl\":\"https:\\\/\\\/secure.gravatar.com\\\/avatar\\\/64ebac40b93f26a154f8a9b5b6fdccfc46f442b26b3dd6756dbff3bf9dc76fd7?s=96&d=mm&r=g\",\"caption\":\"super-news\"},\"url\":\"https:\\\/\\\/super-news.info\\\/hu\\\/author\\\/pt\\\/\"}]}<\/script>\n<!-- \/ Yoast SEO plugin. -->","yoast_head_json":{"title":"Corbyn el\u0151rehozott parlamenti v\u00e1laszt\u00e1st akar - Super News","robots":{"index":"index","follow":"follow","max-snippet":"max-snippet:-1","max-image-preview":"max-image-preview:large","max-video-preview":"max-video-preview:-1"},"canonical":"https:\/\/super-news.info\/hu\/corbyn-elorehozott-parlamenti-valasztast-akar\/","og_locale":"hu_HU","og_type":"article","og_title":"Corbyn el\u0151rehozott parlamenti v\u00e1laszt\u00e1st akar - Super News","og_description":"[ad_1] A konzervat\u00edv korm\u00e1ny cserben hagyta az Egyes\u00fclt Kir\u00e1lys\u00e1got a brit parlamenti ellenz\u00e9k legnagyobb erej\u00e9t alkot\u00f3 Munk\u00e1sp\u00e1rt vezet\u0151je szerint. Jeremy Corbyn nyomat\u00e9kos\u00edtotta, hogy el\u0151rehozott v\u00e1laszt\u00e1sokra van sz\u00fcks\u00e9g, mert az orsz\u00e1g v\u00e1ls\u00e1gba ker\u00fclt a brit eur\u00f3pai uni\u00f3s tags\u00e1g meg\u00e1llapod\u00e1s n\u00e9lk\u00fcli megsz\u0171n\u00e9s\u00e9nek vesz\u00e9lye miatt. A munk\u00e1sp\u00e1rti vezet\u0151 h\u00e9tf\u0151n Northamptonshire megy\u00e9ben tartand\u00f3 besz\u00e9d\u00e9t el\u0151zetesen ismertetve a BBC azt [&hellip;]","og_url":"https:\/\/super-news.info\/hu\/corbyn-elorehozott-parlamenti-valasztast-akar\/","og_site_name":"Super News","article_published_time":"2019-08-19T11:56:27+00:00","article_modified_time":"2019-08-19T11:56:29+00:00","og_image":[{"width":1400,"height":933,"url":"https:\/\/super-news.info\/hu\/wp-content\/uploads\/sites\/3\/2019\/08\/Corbyn-el-rehozott-parlamenti-v-laszt-st-akar.jpg","type":"image\/jpeg"}],"author":"super-news","twitter_card":"summary_large_image","twitter_misc":{"Szerz\u0151:":"super-news","Becs\u00fclt olvas\u00e1si id\u0151":"5 perc"},"schema":{"@context":"https:\/\/schema.org","@graph":[{"@type":"Article","@id":"https:\/\/super-news.info\/hu\/corbyn-elorehozott-parlamenti-valasztast-akar\/#article","isPartOf":{"@id":"https:\/\/super-news.info\/hu\/corbyn-elorehozott-parlamenti-valasztast-akar\/"},"author":{"name":"super-news","@id":"https:\/\/super-news.info\/hu\/#\/schema\/person\/2d4068cb2f39cd10008c2fce578a7356"},"headline":"Corbyn el\u0151rehozott parlamenti v\u00e1laszt\u00e1st akar","datePublished":"2019-08-19T11:56:27+00:00","dateModified":"2019-08-19T11:56:29+00:00","mainEntityOfPage":{"@id":"https:\/\/super-news.info\/hu\/corbyn-elorehozott-parlamenti-valasztast-akar\/"},"wordCount":1019,"commentCount":0,"image":{"@id":"https:\/\/super-news.info\/hu\/corbyn-elorehozott-parlamenti-valasztast-akar\/#primaryimage"},"thumbnailUrl":"https:\/\/super-news.info\/hu\/wp-content\/uploads\/sites\/3\/2019\/08\/Corbyn-el-rehozott-parlamenti-v-laszt-st-akar.jpg","articleSection":["P\u00c9NZ\u00dcGYI H\u00cdREK"],"inLanguage":"hu","potentialAction":[{"@type":"CommentAction","name":"Comment","target":["https:\/\/super-news.info\/hu\/corbyn-elorehozott-parlamenti-valasztast-akar\/#respond"]}]},{"@type":"WebPage","@id":"https:\/\/super-news.info\/hu\/corbyn-elorehozott-parlamenti-valasztast-akar\/","url":"https:\/\/super-news.info\/hu\/corbyn-elorehozott-parlamenti-valasztast-akar\/","name":"Corbyn el\u0151rehozott parlamenti v\u00e1laszt\u00e1st akar - Super News","isPartOf":{"@id":"https:\/\/super-news.info\/hu\/#website"},"primaryImageOfPage":{"@id":"https:\/\/super-news.info\/hu\/corbyn-elorehozott-parlamenti-valasztast-akar\/#primaryimage"},"image":{"@id":"https:\/\/super-news.info\/hu\/corbyn-elorehozott-parlamenti-valasztast-akar\/#primaryimage"},"thumbnailUrl":"https:\/\/super-news.info\/hu\/wp-content\/uploads\/sites\/3\/2019\/08\/Corbyn-el-rehozott-parlamenti-v-laszt-st-akar.jpg","datePublished":"2019-08-19T11:56:27+00:00","dateModified":"2019-08-19T11:56:29+00:00","author":{"@id":"https:\/\/super-news.info\/hu\/#\/schema\/person\/2d4068cb2f39cd10008c2fce578a7356"},"breadcrumb":{"@id":"https:\/\/super-news.info\/hu\/corbyn-elorehozott-parlamenti-valasztast-akar\/#breadcrumb"},"inLanguage":"hu","potentialAction":[{"@type":"ReadAction","target":["https:\/\/super-news.info\/hu\/corbyn-elorehozott-parlamenti-valasztast-akar\/"]}]},{"@type":"ImageObject","inLanguage":"hu","@id":"https:\/\/super-news.info\/hu\/corbyn-elorehozott-parlamenti-valasztast-akar\/#primaryimage","url":"https:\/\/super-news.info\/hu\/wp-content\/uploads\/sites\/3\/2019\/08\/Corbyn-el-rehozott-parlamenti-v-laszt-st-akar.jpg","contentUrl":"https:\/\/super-news.info\/hu\/wp-content\/uploads\/sites\/3\/2019\/08\/Corbyn-el-rehozott-parlamenti-v-laszt-st-akar.jpg","width":1400,"height":933,"caption":"Corbyn el\u0151rehozott parlamenti v\u00e1laszt\u00e1st akar"},{"@type":"BreadcrumbList","@id":"https:\/\/super-news.info\/hu\/corbyn-elorehozott-parlamenti-valasztast-akar\/#breadcrumb","itemListElement":[{"@type":"ListItem","position":1,"name":"\u0413\u043b\u0430\u0432\u043d\u0430\u044f \u0441\u0442\u0440\u0430\u043d\u0438\u0446\u0430","item":"https:\/\/super-news.info\/hu\/"},{"@type":"ListItem","position":2,"name":"Corbyn el\u0151rehozott parlamenti v\u00e1laszt\u00e1st akar"}]},{"@type":"WebSite","@id":"https:\/\/super-news.info\/hu\/#website","url":"https:\/\/super-news.info\/hu\/","name":"Super News","description":"Super News Magyarorsz\u00e1g","potentialAction":[{"@type":"SearchAction","target":{"@type":"EntryPoint","urlTemplate":"https:\/\/super-news.info\/hu\/?s={search_term_string}"},"query-input":{"@type":"PropertyValueSpecification","valueRequired":true,"valueName":"search_term_string"}}],"inLanguage":"hu"},{"@type":"Person","@id":"https:\/\/super-news.info\/hu\/#\/schema\/person\/2d4068cb2f39cd10008c2fce578a7356","name":"super-news","image":{"@type":"ImageObject","inLanguage":"hu","@id":"https:\/\/secure.gravatar.com\/avatar\/64ebac40b93f26a154f8a9b5b6fdccfc46f442b26b3dd6756dbff3bf9dc76fd7?s=96&d=mm&r=g","url":"https:\/\/secure.gravatar.com\/avatar\/64ebac40b93f26a154f8a9b5b6fdccfc46f442b26b3dd6756dbff3bf9dc76fd7?s=96&d=mm&r=g","contentUrl":"https:\/\/secure.gravatar.com\/avatar\/64ebac40b93f26a154f8a9b5b6fdccfc46f442b26b3dd6756dbff3bf9dc76fd7?s=96&d=mm&r=g","caption":"super-news"},"url":"https:\/\/super-news.info\/hu\/author\/pt\/"}]}},"_links":{"self":[{"href":"https:\/\/super-news.info\/hu\/wp-json\/wp\/v2\/posts\/7901","targetHints":{"allow":["GET"]}}],"collection":[{"href":"https:\/\/super-news.info\/hu\/wp-json\/wp\/v2\/posts"}],"about":[{"href":"https:\/\/super-news.info\/hu\/wp-json\/wp\/v2\/types\/post"}],"author":[{"embeddable":true,"href":"https:\/\/super-news.info\/hu\/wp-json\/wp\/v2\/users\/2"}],"replies":[{"embeddable":true,"href":"https:\/\/super-news.info\/hu\/wp-json\/wp\/v2\/comments?post=7901"}],"version-history":[{"count":1,"href":"https:\/\/super-news.info\/hu\/wp-json\/wp\/v2\/posts\/7901\/revisions"}],"predecessor-version":[{"id":7903,"href":"https:\/\/super-news.info\/hu\/wp-json\/wp\/v2\/posts\/7901\/revisions\/7903"}],"wp:featuredmedia":[{"embeddable":true,"href":"https:\/\/super-news.info\/hu\/wp-json\/wp\/v2\/media\/7902"}],"wp:attachment":[{"href":"https:\/\/super-news.info\/hu\/wp-json\/wp\/v2\/media?parent=7901"}],"wp:term":[{"taxonomy":"category","embeddable":true,"href":"https:\/\/super-news.info\/hu\/wp-json\/wp\/v2\/categories?post=7901"},{"taxonomy":"post_tag","embeddable":true,"href":"https:\/\/super-news.info\/hu\/wp-json\/wp\/v2\/tags?post=7901"}],"curies":[{"name":"wp","href":"https:\/\/api.w.org\/{rel}","templated":true}]}}