{"id":7898,"date":"2019-08-19T14:02:23","date_gmt":"2019-08-19T11:02:23","guid":{"rendered":"https:\/\/super-news.info\/hu\/okostelefonra-koltozhetnek-az-ugyfelszolgalatok-vilaggazdasag\/"},"modified":"2019-08-19T14:02:24","modified_gmt":"2019-08-19T11:02:24","slug":"okostelefonra-koltozhetnek-az-ugyfelszolgalatok-vilaggazdasag","status":"publish","type":"post","link":"https:\/\/super-news.info\/hu\/okostelefonra-koltozhetnek-az-ugyfelszolgalatok-vilaggazdasag\/","title":{"rendered":"Okostelefonra k\u00f6lt\u00f6zhetnek az \u00fcgyf\u00e9lszolg\u00e1latok | Vil\u00e1ggazdas\u00e1g"},"content":{"rendered":"<p> [ad_1]<br \/>\n<\/p>\n<p>\n\t\t\t\t\t\t\t\tOkostelefonra k\u00f6lt\u00f6zhetnek az \u00fcgyf\u00e9lszolg\u00e1latok, az eddig pap\u00edron zajl\u00f3, d\u00f6nt\u0151en szem\u00e9lyes megjelen\u00e9st ig\u00e9nyl\u0151 \u00fcgyint\u00e9z\u00e9st \u00e1tterelve a digit\u00e1lis t\u00e9rbe \u2013 h\u00edvta fel a figyelmet a Netlock hiteles\u00edt\u00e9sszolg\u00e1ltat\u00f3 k\u00f6zlem\u00e9ny\u00e9ben.\t\t\t\t\t\t\t<\/p>\n<div>\n<p>Mint \u00edrt\u00e1k, ehhez m\u00e1r a jogi \u00e9s a technol\u00f3giai keretek is adottak. Sz\u00e1mos ipar\u00e1gban a piaci verseny \u00e9s a szab\u00e1lyoz\u00f3i k\u00f6rnyezet k\u00f6z\u00f6sen k\u00e9nyszer\u00edtik ki a digitaliz\u00e1ci\u00f3t. Ilyen p\u00e9ld\u00e1ul a p\u00e9nz\u00fcgyi szektor is. Ennek egyik l\u00e1that\u00f3 eleme, amikor a bankfi\u00f3kban nem pap\u00edron, hanem tableten kell al\u00e1\u00edrni \u2013 id\u00e9zt\u00e9k a k\u00f6zlem\u00e9nyben Somkuti Andr\u00e1st, a Docler Csoport eln\u00f6k\u00e9t, az e-al\u00e1\u00edr\u00e1s-specialista Netlock \u00fcgyvezet\u0151j\u00e9t.<\/p>\n<div id=\"attachment_774895\" style=\"width: 1410px\" class=\"wp-caption alignnone\">\n<p class=\"wp-caption-text\">Fot\u00f3: AFP<\/p>\n<\/div>\n<p>Hozz\u00e1tette: vannak orsz\u00e1gok, ahol az \u00e1llam \u00f6szt\u00f6nzi a digitaliz\u00e1ci\u00f3t. \u00c9sztorsz\u00e1gban p\u00e9ld\u00e1ul az emberek jelent\u0151s r\u00e9sze m\u00e1r rendelkezik digit\u00e1lis identit\u00e1ssal. A k\u00e9nyelem mellett az \u00e9sztek rengeteget sp\u00f3rolnak mindezzel, sz\u00e1m\u00edt\u00e1saik szerint minden egyes e-al\u00e1\u00edr\u00e1ssal 1 eur\u00f3t. Magyarorsz\u00e1gon egyel\u0151re ink\u00e1bb a nagy c\u00e9gek j\u00e1rnak az \u00e9len, mik\u00f6zben egyre t\u00f6bb kis- \u00e9s k\u00f6z\u00e9pv\u00e1llalat \u00e9bred r\u00e1 a digit\u00e1lis \u00e1t\u00e1ll\u00e1ssal j\u00e1r\u00f3 k\u00f6lts\u00e9gcs\u00f6kkent\u00e9s lehet\u0151s\u00e9geire.<\/p>\n<p>A szakemberek szerint az e-al\u00e1\u00edr\u00e1si technol\u00f3gi\u00e1k rugalmasabb\u00e1 \u00e9s k\u00e9nyelmesebb\u00e9 v\u00e1l\u00e1s\u00e1val \u2013 ak\u00e1r egy laptop, tablet vagy okostelefon seg\u00edts\u00e9g\u00e9vel is \u00edrhatunk al\u00e1 elektronikusan \u2013 valamint az \u00e1llam ez ir\u00e1ny\u00fa kifejezett t\u00f6rekv\u00e9s\u00e9vel egyre t\u00f6bb folyamat ker\u00fclhet majd \u00e1t k\u00f6zigazgat\u00e1si szinten is a digit\u00e1lis t\u00e9rbe.<\/p>\n<p>A k\u00f6zlem\u00e9nyben kifejtik: Magyarorsz\u00e1gon \u00e9vente nagyj\u00e1b\u00f3l 50 ezer tonna pap\u00edrt haszn\u00e1lnak el \u00fczleti c\u00e9lra, ez mintegy 10 milli\u00e1rd oldal. Ennek direkt nyomtat\u00e1si \u00e9s pap\u00edr k\u00f6lts\u00e9ge mellett, nem elhanyagolhat\u00f3 a logisztikai k\u00f6lts\u00e9g sem p\u00e9ld\u00e1ul t\u00e1rolni, visszakeresni vagy csup\u00e1n eljuttatni, post\u00e1zni a dokumentumokat az al\u00e1\u00edr\u00f3khoz \u00e9s vissza.<\/p>\n<p>A digit\u00e1lis \u00fcgymenet kisebb c\u00e9gek eset\u00e9n is milli\u00f3s k\u00f6lts\u00e9gcs\u00f6kken\u00e9st jelenthet a pap\u00edralap\u00faval szemben, m\u00edg \u00e1llami szinten milli\u00e1rdos megtakar\u00edt\u00e1sr\u00f3l lehet besz\u00e9lni, nem sz\u00e1m\u00edtva a gyorsabb, k\u00e9nyelmesebb \u00fcgyint\u00e9z\u00e9s lehet\u0151s\u00e9g\u00e9t az \u00fcgyf\u00e9l\u00e9lm\u00e9ny jelent\u0151s javul\u00e1s\u00e1t. Az e-al\u00e1\u00edr\u00e1s haszn\u00e1lat\u00e1val k\u00f6zigazgat\u00e1si okm\u00e1nyok, sz\u00e1ml\u00e1k, teljes\u00edt\u00e9si igazol\u00e1sok, fuvarlevelek, orvosi leletek, munka\u00fcgyi dokumentumok, szerz\u0151d\u00e9sek t\u00f6megei ker\u00fclhetnek \u00e1t a digit\u00e1lis vil\u00e1gba \u2013 \u00edrt\u00e1k.<\/p>\n<p>A Docler c\u00e9gcsoport tulajdon\u00e1ban \u00e1ll\u00f3 Netlock az elektronikusan hiteles\u00edtett \u00fczleti megold\u00e1sok vezet\u0151 fejleszt\u0151je, szolg\u00e1ltat\u00f3ja \u00e9s integr\u00e1tora Magyarorsz\u00e1gon.<\/p>\n<\/p><\/div>\n<p><script>\n    window.fbAsyncInit = function() {\n        FB.init({\n            appId      : \"204760236815359\",\n            xfbml      : true,\n            version    : \"v2.12\"\n        });\n        FB.AppEvents.logPageView();\n    };<\/p>\n<p>    (function(d, s, id){\n        var js, fjs = d.getElementsByTagName(s)[0];\n        if (d.getElementById(id)) {return;}\n        js = d.createElement(s); js.id = id;\n        js.src = \"http:\/\/connect.facebook.net\/hu_HU\/sdk.js\";\n        fjs.parentNode.insertBefore(js, fjs);\n    }(document, \"script\", \"facebook-jssdk\"));\n<\/script><br \/>\n<br \/>[ad_2]<br \/>\n<br \/><a href=\"https:\/\/www.vg.hu\/vallalatok\/infokommunikacio\/okostelefonra-koltozhetnek-az-ugyfelszolgalatok-1696834\/\">Source link <\/a><\/p>\n","protected":false},"excerpt":{"rendered":"<p>[ad_1] Okostelefonra k\u00f6lt\u00f6zhetnek az \u00fcgyf\u00e9lszolg\u00e1latok, az eddig pap\u00edron zajl\u00f3, d\u00f6nt\u0151en szem\u00e9lyes megjelen\u00e9st ig\u00e9nyl\u0151 \u00fcgyint\u00e9z\u00e9st \u00e1tterelve a digit\u00e1lis t\u00e9rbe \u2013 h\u00edvta fel a figyelmet a Netlock hiteles\u00edt\u00e9sszolg\u00e1ltat\u00f3 k\u00f6zlem\u00e9ny\u00e9ben. Mint \u00edrt\u00e1k, ehhez m\u00e1r a jogi \u00e9s a technol\u00f3giai keretek is adottak. Sz\u00e1mos ipar\u00e1gban a piaci verseny \u00e9s a szab\u00e1lyoz\u00f3i k\u00f6rnyezet k\u00f6z\u00f6sen k\u00e9nyszer\u00edtik ki a digitaliz\u00e1ci\u00f3t. Ilyen p\u00e9ld\u00e1ul [&hellip;]<\/p>\n","protected":false},"author":2,"featured_media":7899,"comment_status":"open","ping_status":"open","sticky":false,"template":"","format":"standard","meta":{"footnotes":""},"categories":[1],"tags":[],"class_list":["post-7898","post","type-post","status-publish","format-standard","has-post-thumbnail","hentry","category-penzugyi-hirek"],"yoast_head":"<!-- This site is optimized with the Yoast SEO plugin v27.4 - https:\/\/yoast.com\/product\/yoast-seo-wordpress\/ -->\n<title>Okostelefonra k\u00f6lt\u00f6zhetnek az \u00fcgyf\u00e9lszolg\u00e1latok | Vil\u00e1ggazdas\u00e1g - Super News<\/title>\n<meta name=\"robots\" content=\"index, follow, max-snippet:-1, max-image-preview:large, max-video-preview:-1\" \/>\n<link rel=\"canonical\" href=\"https:\/\/super-news.info\/hu\/okostelefonra-koltozhetnek-az-ugyfelszolgalatok-vilaggazdasag\/\" \/>\n<meta property=\"og:locale\" content=\"hu_HU\" \/>\n<meta property=\"og:type\" content=\"article\" \/>\n<meta property=\"og:title\" content=\"Okostelefonra k\u00f6lt\u00f6zhetnek az \u00fcgyf\u00e9lszolg\u00e1latok | Vil\u00e1ggazdas\u00e1g - Super News\" \/>\n<meta property=\"og:description\" content=\"[ad_1] Okostelefonra k\u00f6lt\u00f6zhetnek az \u00fcgyf\u00e9lszolg\u00e1latok, az eddig pap\u00edron zajl\u00f3, d\u00f6nt\u0151en szem\u00e9lyes megjelen\u00e9st ig\u00e9nyl\u0151 \u00fcgyint\u00e9z\u00e9st \u00e1tterelve a digit\u00e1lis t\u00e9rbe \u2013 h\u00edvta fel a figyelmet a Netlock hiteles\u00edt\u00e9sszolg\u00e1ltat\u00f3 k\u00f6zlem\u00e9ny\u00e9ben. Mint \u00edrt\u00e1k, ehhez m\u00e1r a jogi \u00e9s a technol\u00f3giai keretek is adottak. Sz\u00e1mos ipar\u00e1gban a piaci verseny \u00e9s a szab\u00e1lyoz\u00f3i k\u00f6rnyezet k\u00f6z\u00f6sen k\u00e9nyszer\u00edtik ki a digitaliz\u00e1ci\u00f3t. Ilyen p\u00e9ld\u00e1ul [&hellip;]\" \/>\n<meta property=\"og:url\" content=\"https:\/\/super-news.info\/hu\/okostelefonra-koltozhetnek-az-ugyfelszolgalatok-vilaggazdasag\/\" \/>\n<meta property=\"og:site_name\" content=\"Super News\" \/>\n<meta property=\"article:published_time\" content=\"2019-08-19T11:02:23+00:00\" \/>\n<meta property=\"article:modified_time\" content=\"2019-08-19T11:02:24+00:00\" \/>\n<meta property=\"og:image\" content=\"https:\/\/super-news.info\/hu\/wp-content\/uploads\/sites\/3\/2019\/08\/Okostelefonra-k-lt-zhetnek-az-gyf-lszolg-latok-Vil-ggazdas-g.jpg\" \/>\n\t<meta property=\"og:image:width\" content=\"1400\" \/>\n\t<meta property=\"og:image:height\" content=\"934\" \/>\n\t<meta property=\"og:image:type\" content=\"image\/jpeg\" \/>\n<meta name=\"author\" content=\"super-news\" \/>\n<meta name=\"twitter:card\" content=\"summary_large_image\" \/>\n<meta name=\"twitter:label1\" content=\"Szerz\u0151:\" \/>\n\t<meta name=\"twitter:data1\" content=\"super-news\" \/>\n\t<meta name=\"twitter:label2\" content=\"Becs\u00fclt olvas\u00e1si id\u0151\" \/>\n\t<meta name=\"twitter:data2\" content=\"2 perc\" \/>\n<script type=\"application\/ld+json\" class=\"yoast-schema-graph\">{\"@context\":\"https:\\\/\\\/schema.org\",\"@graph\":[{\"@type\":\"Article\",\"@id\":\"https:\\\/\\\/super-news.info\\\/hu\\\/okostelefonra-koltozhetnek-az-ugyfelszolgalatok-vilaggazdasag\\\/#article\",\"isPartOf\":{\"@id\":\"https:\\\/\\\/super-news.info\\\/hu\\\/okostelefonra-koltozhetnek-az-ugyfelszolgalatok-vilaggazdasag\\\/\"},\"author\":{\"name\":\"super-news\",\"@id\":\"https:\\\/\\\/super-news.info\\\/hu\\\/#\\\/schema\\\/person\\\/2d4068cb2f39cd10008c2fce578a7356\"},\"headline\":\"Okostelefonra k\u00f6lt\u00f6zhetnek az \u00fcgyf\u00e9lszolg\u00e1latok | Vil\u00e1ggazdas\u00e1g\",\"datePublished\":\"2019-08-19T11:02:23+00:00\",\"dateModified\":\"2019-08-19T11:02:24+00:00\",\"mainEntityOfPage\":{\"@id\":\"https:\\\/\\\/super-news.info\\\/hu\\\/okostelefonra-koltozhetnek-az-ugyfelszolgalatok-vilaggazdasag\\\/\"},\"wordCount\":506,\"commentCount\":0,\"image\":{\"@id\":\"https:\\\/\\\/super-news.info\\\/hu\\\/okostelefonra-koltozhetnek-az-ugyfelszolgalatok-vilaggazdasag\\\/#primaryimage\"},\"thumbnailUrl\":\"https:\\\/\\\/super-news.info\\\/hu\\\/wp-content\\\/uploads\\\/sites\\\/3\\\/2019\\\/08\\\/Okostelefonra-k-lt-zhetnek-az-gyf-lszolg-latok-Vil-ggazdas-g.jpg\",\"articleSection\":[\"P\u00c9NZ\u00dcGYI H\u00cdREK\"],\"inLanguage\":\"hu\",\"potentialAction\":[{\"@type\":\"CommentAction\",\"name\":\"Comment\",\"target\":[\"https:\\\/\\\/super-news.info\\\/hu\\\/okostelefonra-koltozhetnek-az-ugyfelszolgalatok-vilaggazdasag\\\/#respond\"]}]},{\"@type\":\"WebPage\",\"@id\":\"https:\\\/\\\/super-news.info\\\/hu\\\/okostelefonra-koltozhetnek-az-ugyfelszolgalatok-vilaggazdasag\\\/\",\"url\":\"https:\\\/\\\/super-news.info\\\/hu\\\/okostelefonra-koltozhetnek-az-ugyfelszolgalatok-vilaggazdasag\\\/\",\"name\":\"Okostelefonra k\u00f6lt\u00f6zhetnek az \u00fcgyf\u00e9lszolg\u00e1latok | Vil\u00e1ggazdas\u00e1g - Super News\",\"isPartOf\":{\"@id\":\"https:\\\/\\\/super-news.info\\\/hu\\\/#website\"},\"primaryImageOfPage\":{\"@id\":\"https:\\\/\\\/super-news.info\\\/hu\\\/okostelefonra-koltozhetnek-az-ugyfelszolgalatok-vilaggazdasag\\\/#primaryimage\"},\"image\":{\"@id\":\"https:\\\/\\\/super-news.info\\\/hu\\\/okostelefonra-koltozhetnek-az-ugyfelszolgalatok-vilaggazdasag\\\/#primaryimage\"},\"thumbnailUrl\":\"https:\\\/\\\/super-news.info\\\/hu\\\/wp-content\\\/uploads\\\/sites\\\/3\\\/2019\\\/08\\\/Okostelefonra-k-lt-zhetnek-az-gyf-lszolg-latok-Vil-ggazdas-g.jpg\",\"datePublished\":\"2019-08-19T11:02:23+00:00\",\"dateModified\":\"2019-08-19T11:02:24+00:00\",\"author\":{\"@id\":\"https:\\\/\\\/super-news.info\\\/hu\\\/#\\\/schema\\\/person\\\/2d4068cb2f39cd10008c2fce578a7356\"},\"breadcrumb\":{\"@id\":\"https:\\\/\\\/super-news.info\\\/hu\\\/okostelefonra-koltozhetnek-az-ugyfelszolgalatok-vilaggazdasag\\\/#breadcrumb\"},\"inLanguage\":\"hu\",\"potentialAction\":[{\"@type\":\"ReadAction\",\"target\":[\"https:\\\/\\\/super-news.info\\\/hu\\\/okostelefonra-koltozhetnek-az-ugyfelszolgalatok-vilaggazdasag\\\/\"]}]},{\"@type\":\"ImageObject\",\"inLanguage\":\"hu\",\"@id\":\"https:\\\/\\\/super-news.info\\\/hu\\\/okostelefonra-koltozhetnek-az-ugyfelszolgalatok-vilaggazdasag\\\/#primaryimage\",\"url\":\"https:\\\/\\\/super-news.info\\\/hu\\\/wp-content\\\/uploads\\\/sites\\\/3\\\/2019\\\/08\\\/Okostelefonra-k-lt-zhetnek-az-gyf-lszolg-latok-Vil-ggazdas-g.jpg\",\"contentUrl\":\"https:\\\/\\\/super-news.info\\\/hu\\\/wp-content\\\/uploads\\\/sites\\\/3\\\/2019\\\/08\\\/Okostelefonra-k-lt-zhetnek-az-gyf-lszolg-latok-Vil-ggazdas-g.jpg\",\"width\":1400,\"height\":934,\"caption\":\"Okostelefonra k\u00f6lt\u00f6zhetnek az \u00fcgyf\u00e9lszolg\u00e1latok | Vil\u00e1ggazdas\u00e1g\"},{\"@type\":\"BreadcrumbList\",\"@id\":\"https:\\\/\\\/super-news.info\\\/hu\\\/okostelefonra-koltozhetnek-az-ugyfelszolgalatok-vilaggazdasag\\\/#breadcrumb\",\"itemListElement\":[{\"@type\":\"ListItem\",\"position\":1,\"name\":\"\u0413\u043b\u0430\u0432\u043d\u0430\u044f \u0441\u0442\u0440\u0430\u043d\u0438\u0446\u0430\",\"item\":\"https:\\\/\\\/super-news.info\\\/hu\\\/\"},{\"@type\":\"ListItem\",\"position\":2,\"name\":\"Okostelefonra k\u00f6lt\u00f6zhetnek az \u00fcgyf\u00e9lszolg\u00e1latok | Vil\u00e1ggazdas\u00e1g\"}]},{\"@type\":\"WebSite\",\"@id\":\"https:\\\/\\\/super-news.info\\\/hu\\\/#website\",\"url\":\"https:\\\/\\\/super-news.info\\\/hu\\\/\",\"name\":\"Super News\",\"description\":\"Super News Magyarorsz\u00e1g\",\"potentialAction\":[{\"@type\":\"SearchAction\",\"target\":{\"@type\":\"EntryPoint\",\"urlTemplate\":\"https:\\\/\\\/super-news.info\\\/hu\\\/?s={search_term_string}\"},\"query-input\":{\"@type\":\"PropertyValueSpecification\",\"valueRequired\":true,\"valueName\":\"search_term_string\"}}],\"inLanguage\":\"hu\"},{\"@type\":\"Person\",\"@id\":\"https:\\\/\\\/super-news.info\\\/hu\\\/#\\\/schema\\\/person\\\/2d4068cb2f39cd10008c2fce578a7356\",\"name\":\"super-news\",\"image\":{\"@type\":\"ImageObject\",\"inLanguage\":\"hu\",\"@id\":\"https:\\\/\\\/secure.gravatar.com\\\/avatar\\\/64ebac40b93f26a154f8a9b5b6fdccfc46f442b26b3dd6756dbff3bf9dc76fd7?s=96&d=mm&r=g\",\"url\":\"https:\\\/\\\/secure.gravatar.com\\\/avatar\\\/64ebac40b93f26a154f8a9b5b6fdccfc46f442b26b3dd6756dbff3bf9dc76fd7?s=96&d=mm&r=g\",\"contentUrl\":\"https:\\\/\\\/secure.gravatar.com\\\/avatar\\\/64ebac40b93f26a154f8a9b5b6fdccfc46f442b26b3dd6756dbff3bf9dc76fd7?s=96&d=mm&r=g\",\"caption\":\"super-news\"},\"url\":\"https:\\\/\\\/super-news.info\\\/hu\\\/author\\\/pt\\\/\"}]}<\/script>\n<!-- \/ Yoast SEO plugin. -->","yoast_head_json":{"title":"Okostelefonra k\u00f6lt\u00f6zhetnek az \u00fcgyf\u00e9lszolg\u00e1latok | Vil\u00e1ggazdas\u00e1g - Super News","robots":{"index":"index","follow":"follow","max-snippet":"max-snippet:-1","max-image-preview":"max-image-preview:large","max-video-preview":"max-video-preview:-1"},"canonical":"https:\/\/super-news.info\/hu\/okostelefonra-koltozhetnek-az-ugyfelszolgalatok-vilaggazdasag\/","og_locale":"hu_HU","og_type":"article","og_title":"Okostelefonra k\u00f6lt\u00f6zhetnek az \u00fcgyf\u00e9lszolg\u00e1latok | Vil\u00e1ggazdas\u00e1g - Super News","og_description":"[ad_1] Okostelefonra k\u00f6lt\u00f6zhetnek az \u00fcgyf\u00e9lszolg\u00e1latok, az eddig pap\u00edron zajl\u00f3, d\u00f6nt\u0151en szem\u00e9lyes megjelen\u00e9st ig\u00e9nyl\u0151 \u00fcgyint\u00e9z\u00e9st \u00e1tterelve a digit\u00e1lis t\u00e9rbe \u2013 h\u00edvta fel a figyelmet a Netlock hiteles\u00edt\u00e9sszolg\u00e1ltat\u00f3 k\u00f6zlem\u00e9ny\u00e9ben. Mint \u00edrt\u00e1k, ehhez m\u00e1r a jogi \u00e9s a technol\u00f3giai keretek is adottak. Sz\u00e1mos ipar\u00e1gban a piaci verseny \u00e9s a szab\u00e1lyoz\u00f3i k\u00f6rnyezet k\u00f6z\u00f6sen k\u00e9nyszer\u00edtik ki a digitaliz\u00e1ci\u00f3t. Ilyen p\u00e9ld\u00e1ul [&hellip;]","og_url":"https:\/\/super-news.info\/hu\/okostelefonra-koltozhetnek-az-ugyfelszolgalatok-vilaggazdasag\/","og_site_name":"Super News","article_published_time":"2019-08-19T11:02:23+00:00","article_modified_time":"2019-08-19T11:02:24+00:00","og_image":[{"width":1400,"height":934,"url":"https:\/\/super-news.info\/hu\/wp-content\/uploads\/sites\/3\/2019\/08\/Okostelefonra-k-lt-zhetnek-az-gyf-lszolg-latok-Vil-ggazdas-g.jpg","type":"image\/jpeg"}],"author":"super-news","twitter_card":"summary_large_image","twitter_misc":{"Szerz\u0151:":"super-news","Becs\u00fclt olvas\u00e1si id\u0151":"2 perc"},"schema":{"@context":"https:\/\/schema.org","@graph":[{"@type":"Article","@id":"https:\/\/super-news.info\/hu\/okostelefonra-koltozhetnek-az-ugyfelszolgalatok-vilaggazdasag\/#article","isPartOf":{"@id":"https:\/\/super-news.info\/hu\/okostelefonra-koltozhetnek-az-ugyfelszolgalatok-vilaggazdasag\/"},"author":{"name":"super-news","@id":"https:\/\/super-news.info\/hu\/#\/schema\/person\/2d4068cb2f39cd10008c2fce578a7356"},"headline":"Okostelefonra k\u00f6lt\u00f6zhetnek az \u00fcgyf\u00e9lszolg\u00e1latok | Vil\u00e1ggazdas\u00e1g","datePublished":"2019-08-19T11:02:23+00:00","dateModified":"2019-08-19T11:02:24+00:00","mainEntityOfPage":{"@id":"https:\/\/super-news.info\/hu\/okostelefonra-koltozhetnek-az-ugyfelszolgalatok-vilaggazdasag\/"},"wordCount":506,"commentCount":0,"image":{"@id":"https:\/\/super-news.info\/hu\/okostelefonra-koltozhetnek-az-ugyfelszolgalatok-vilaggazdasag\/#primaryimage"},"thumbnailUrl":"https:\/\/super-news.info\/hu\/wp-content\/uploads\/sites\/3\/2019\/08\/Okostelefonra-k-lt-zhetnek-az-gyf-lszolg-latok-Vil-ggazdas-g.jpg","articleSection":["P\u00c9NZ\u00dcGYI H\u00cdREK"],"inLanguage":"hu","potentialAction":[{"@type":"CommentAction","name":"Comment","target":["https:\/\/super-news.info\/hu\/okostelefonra-koltozhetnek-az-ugyfelszolgalatok-vilaggazdasag\/#respond"]}]},{"@type":"WebPage","@id":"https:\/\/super-news.info\/hu\/okostelefonra-koltozhetnek-az-ugyfelszolgalatok-vilaggazdasag\/","url":"https:\/\/super-news.info\/hu\/okostelefonra-koltozhetnek-az-ugyfelszolgalatok-vilaggazdasag\/","name":"Okostelefonra k\u00f6lt\u00f6zhetnek az \u00fcgyf\u00e9lszolg\u00e1latok | Vil\u00e1ggazdas\u00e1g - Super News","isPartOf":{"@id":"https:\/\/super-news.info\/hu\/#website"},"primaryImageOfPage":{"@id":"https:\/\/super-news.info\/hu\/okostelefonra-koltozhetnek-az-ugyfelszolgalatok-vilaggazdasag\/#primaryimage"},"image":{"@id":"https:\/\/super-news.info\/hu\/okostelefonra-koltozhetnek-az-ugyfelszolgalatok-vilaggazdasag\/#primaryimage"},"thumbnailUrl":"https:\/\/super-news.info\/hu\/wp-content\/uploads\/sites\/3\/2019\/08\/Okostelefonra-k-lt-zhetnek-az-gyf-lszolg-latok-Vil-ggazdas-g.jpg","datePublished":"2019-08-19T11:02:23+00:00","dateModified":"2019-08-19T11:02:24+00:00","author":{"@id":"https:\/\/super-news.info\/hu\/#\/schema\/person\/2d4068cb2f39cd10008c2fce578a7356"},"breadcrumb":{"@id":"https:\/\/super-news.info\/hu\/okostelefonra-koltozhetnek-az-ugyfelszolgalatok-vilaggazdasag\/#breadcrumb"},"inLanguage":"hu","potentialAction":[{"@type":"ReadAction","target":["https:\/\/super-news.info\/hu\/okostelefonra-koltozhetnek-az-ugyfelszolgalatok-vilaggazdasag\/"]}]},{"@type":"ImageObject","inLanguage":"hu","@id":"https:\/\/super-news.info\/hu\/okostelefonra-koltozhetnek-az-ugyfelszolgalatok-vilaggazdasag\/#primaryimage","url":"https:\/\/super-news.info\/hu\/wp-content\/uploads\/sites\/3\/2019\/08\/Okostelefonra-k-lt-zhetnek-az-gyf-lszolg-latok-Vil-ggazdas-g.jpg","contentUrl":"https:\/\/super-news.info\/hu\/wp-content\/uploads\/sites\/3\/2019\/08\/Okostelefonra-k-lt-zhetnek-az-gyf-lszolg-latok-Vil-ggazdas-g.jpg","width":1400,"height":934,"caption":"Okostelefonra k\u00f6lt\u00f6zhetnek az \u00fcgyf\u00e9lszolg\u00e1latok | Vil\u00e1ggazdas\u00e1g"},{"@type":"BreadcrumbList","@id":"https:\/\/super-news.info\/hu\/okostelefonra-koltozhetnek-az-ugyfelszolgalatok-vilaggazdasag\/#breadcrumb","itemListElement":[{"@type":"ListItem","position":1,"name":"\u0413\u043b\u0430\u0432\u043d\u0430\u044f \u0441\u0442\u0440\u0430\u043d\u0438\u0446\u0430","item":"https:\/\/super-news.info\/hu\/"},{"@type":"ListItem","position":2,"name":"Okostelefonra k\u00f6lt\u00f6zhetnek az \u00fcgyf\u00e9lszolg\u00e1latok | Vil\u00e1ggazdas\u00e1g"}]},{"@type":"WebSite","@id":"https:\/\/super-news.info\/hu\/#website","url":"https:\/\/super-news.info\/hu\/","name":"Super News","description":"Super News Magyarorsz\u00e1g","potentialAction":[{"@type":"SearchAction","target":{"@type":"EntryPoint","urlTemplate":"https:\/\/super-news.info\/hu\/?s={search_term_string}"},"query-input":{"@type":"PropertyValueSpecification","valueRequired":true,"valueName":"search_term_string"}}],"inLanguage":"hu"},{"@type":"Person","@id":"https:\/\/super-news.info\/hu\/#\/schema\/person\/2d4068cb2f39cd10008c2fce578a7356","name":"super-news","image":{"@type":"ImageObject","inLanguage":"hu","@id":"https:\/\/secure.gravatar.com\/avatar\/64ebac40b93f26a154f8a9b5b6fdccfc46f442b26b3dd6756dbff3bf9dc76fd7?s=96&d=mm&r=g","url":"https:\/\/secure.gravatar.com\/avatar\/64ebac40b93f26a154f8a9b5b6fdccfc46f442b26b3dd6756dbff3bf9dc76fd7?s=96&d=mm&r=g","contentUrl":"https:\/\/secure.gravatar.com\/avatar\/64ebac40b93f26a154f8a9b5b6fdccfc46f442b26b3dd6756dbff3bf9dc76fd7?s=96&d=mm&r=g","caption":"super-news"},"url":"https:\/\/super-news.info\/hu\/author\/pt\/"}]}},"_links":{"self":[{"href":"https:\/\/super-news.info\/hu\/wp-json\/wp\/v2\/posts\/7898","targetHints":{"allow":["GET"]}}],"collection":[{"href":"https:\/\/super-news.info\/hu\/wp-json\/wp\/v2\/posts"}],"about":[{"href":"https:\/\/super-news.info\/hu\/wp-json\/wp\/v2\/types\/post"}],"author":[{"embeddable":true,"href":"https:\/\/super-news.info\/hu\/wp-json\/wp\/v2\/users\/2"}],"replies":[{"embeddable":true,"href":"https:\/\/super-news.info\/hu\/wp-json\/wp\/v2\/comments?post=7898"}],"version-history":[{"count":1,"href":"https:\/\/super-news.info\/hu\/wp-json\/wp\/v2\/posts\/7898\/revisions"}],"predecessor-version":[{"id":7900,"href":"https:\/\/super-news.info\/hu\/wp-json\/wp\/v2\/posts\/7898\/revisions\/7900"}],"wp:featuredmedia":[{"embeddable":true,"href":"https:\/\/super-news.info\/hu\/wp-json\/wp\/v2\/media\/7899"}],"wp:attachment":[{"href":"https:\/\/super-news.info\/hu\/wp-json\/wp\/v2\/media?parent=7898"}],"wp:term":[{"taxonomy":"category","embeddable":true,"href":"https:\/\/super-news.info\/hu\/wp-json\/wp\/v2\/categories?post=7898"},{"taxonomy":"post_tag","embeddable":true,"href":"https:\/\/super-news.info\/hu\/wp-json\/wp\/v2\/tags?post=7898"}],"curies":[{"name":"wp","href":"https:\/\/api.w.org\/{rel}","templated":true}]}}