{"id":7892,"date":"2019-08-19T12:08:42","date_gmt":"2019-08-19T09:08:42","guid":{"rendered":"https:\/\/super-news.info\/hu\/extrem-magas-lehet-a-pollenkoncetracio\/"},"modified":"2020-11-20T15:04:44","modified_gmt":"2020-11-20T12:04:44","slug":"extrem-magas-lehet-a-pollenkoncetracio","status":"publish","type":"post","link":"https:\/\/super-news.info\/hu\/extrem-magas-lehet-a-pollenkoncetracio\/","title":{"rendered":"Extr\u00e9m magas lehet a pollenkoncetr\u00e1ci\u00f3"},"content":{"rendered":"<div>\n<p>A k\u00f6vetkez\u0151 napokban v\u00e1rhat\u00f3an tov\u00e1bb emelkedik a parlagf\u0171 pollenkoncentr\u00e1ci\u00f3ja: orsz\u00e1gszerte el\u00e9rheti a nagyon magas szintet, s\u0151t az er\u0151sen fert\u0151z\u00f6tt ter\u00fcletek k\u00f6zvetlen k\u00f6rnyezet\u00e9ben extr\u00e9m magas is lehet \u2013 k\u00f6z\u00f6lte a tisztif\u0151orvos h\u00e9tf\u0151n a Facebook-oldal\u00e1n.<\/p>\n<p>Mint kiemelte: a parlagf\u0171re \u00e9rz\u00e9kenyek t\u00fcnetei \u00e1lland\u00f3sulhatnak, illetve er\u0151s\u00f6dhetnek. \u00cdgy el\u0151fordulhat t\u00fcssz\u00f6g\u00e9s, n\u00e1tha-jelleg\u0171 orrfoly\u00e1s, enyhe fejf\u00e1j\u00e1s, k\u00f6nnyez\u0151 szemek, torok viszket\u00e9s, torok-k\u00f6sz\u00f6r\u00fcl\u00e9s, a szem f\u00e1rad\u00e9konys\u00e1ga, \u00e1ltal\u00e1nos f\u00e1radts\u00e1g\u00e9rzet.<\/p>\n<p>Azt \u00edrta: a t\u00fcnetek enyh\u00edthet\u0151k lefekv\u00e9s el\u0151tti hajmos\u00e1ssal, a gyakori, nedves ronggyal t\u00f6rt\u00e9n\u0151 port\u00f6rl\u00e9ssel, illetve sokat seg\u00edthet, ha az \u00e1gynem\u0171t, k\u00fcl\u00f6n\u00f6sen a p\u00e1rnahuzatot is gyakrabban cser\u00e9lik.<\/p>\n<p>A napi el\u0151rejelz\u00e9s el\u00e9rhet\u0151 a http:\/\/polleninfo.oki.hu weboldalon.<\/p>\n<p><a href=\"https:\/\/www.vg.hu\/kozelet\/kozeleti-hirek\/extrem-magas-lehet-a-pollenkoncetracio-1696801\/\">Source link <\/a><\/p>\n<\/div>\n","protected":false},"excerpt":{"rendered":"<p>A k\u00f6vetkez\u0151 napokban v\u00e1rhat\u00f3an tov\u00e1bb emelkedik a parlagf\u0171 pollenkoncentr\u00e1ci\u00f3ja: orsz\u00e1gszerte el\u00e9rheti a nagyon magas szintet, s\u0151t az er\u0151sen fert\u0151z\u00f6tt ter\u00fcletek k\u00f6zvetlen k\u00f6rnyezet\u00e9ben extr\u00e9m magas is lehet \u2013 k\u00f6z\u00f6lte a tisztif\u0151orvos h\u00e9tf\u0151n a Facebook-oldal\u00e1n. Mint kiemelte: a parlagf\u0171re \u00e9rz\u00e9kenyek t\u00fcnetei \u00e1lland\u00f3sulhatnak, illetve er\u0151s\u00f6dhetnek. \u00cdgy el\u0151fordulhat t\u00fcssz\u00f6g\u00e9s, n\u00e1tha-jelleg\u0171 orrfoly\u00e1s, enyhe fejf\u00e1j\u00e1s, k\u00f6nnyez\u0151 szemek, torok viszket\u00e9s, torok-k\u00f6sz\u00f6r\u00fcl\u00e9s, a [&hellip;]<\/p>\n","protected":false},"author":2,"featured_media":7893,"comment_status":"open","ping_status":"open","sticky":false,"template":"","format":"standard","meta":{"footnotes":""},"categories":[1],"tags":[],"class_list":["post-7892","post","type-post","status-publish","format-standard","has-post-thumbnail","hentry","category-penzugyi-hirek"],"yoast_head":"<!-- This site is optimized with the Yoast SEO plugin v27.4 - https:\/\/yoast.com\/product\/yoast-seo-wordpress\/ -->\n<title>Extr\u00e9m magas lehet a pollenkoncetr\u00e1ci\u00f3 - Super News<\/title>\n<meta name=\"robots\" content=\"index, follow, max-snippet:-1, max-image-preview:large, max-video-preview:-1\" \/>\n<link rel=\"canonical\" href=\"https:\/\/super-news.info\/hu\/extrem-magas-lehet-a-pollenkoncetracio\/\" \/>\n<meta property=\"og:locale\" content=\"hu_HU\" \/>\n<meta property=\"og:type\" content=\"article\" \/>\n<meta property=\"og:title\" content=\"Extr\u00e9m magas lehet a pollenkoncetr\u00e1ci\u00f3 - Super News\" \/>\n<meta property=\"og:description\" content=\"A k\u00f6vetkez\u0151 napokban v\u00e1rhat\u00f3an tov\u00e1bb emelkedik a parlagf\u0171 pollenkoncentr\u00e1ci\u00f3ja: orsz\u00e1gszerte el\u00e9rheti a nagyon magas szintet, s\u0151t az er\u0151sen fert\u0151z\u00f6tt ter\u00fcletek k\u00f6zvetlen k\u00f6rnyezet\u00e9ben extr\u00e9m magas is lehet \u2013 k\u00f6z\u00f6lte a tisztif\u0151orvos h\u00e9tf\u0151n a Facebook-oldal\u00e1n. Mint kiemelte: a parlagf\u0171re \u00e9rz\u00e9kenyek t\u00fcnetei \u00e1lland\u00f3sulhatnak, illetve er\u0151s\u00f6dhetnek. \u00cdgy el\u0151fordulhat t\u00fcssz\u00f6g\u00e9s, n\u00e1tha-jelleg\u0171 orrfoly\u00e1s, enyhe fejf\u00e1j\u00e1s, k\u00f6nnyez\u0151 szemek, torok viszket\u00e9s, torok-k\u00f6sz\u00f6r\u00fcl\u00e9s, a [&hellip;]\" \/>\n<meta property=\"og:url\" content=\"https:\/\/super-news.info\/hu\/extrem-magas-lehet-a-pollenkoncetracio\/\" \/>\n<meta property=\"og:site_name\" content=\"Super News\" \/>\n<meta property=\"article:published_time\" content=\"2019-08-19T09:08:42+00:00\" \/>\n<meta property=\"article:modified_time\" content=\"2020-11-20T12:04:44+00:00\" \/>\n<meta property=\"og:image\" content=\"https:\/\/super-news.info\/hu\/wp-content\/uploads\/sites\/3\/2019\/08\/Extr-m-magas-lehet-a-pollenkoncetr-ci.jpg\" \/>\n\t<meta property=\"og:image:width\" content=\"1379\" \/>\n\t<meta property=\"og:image:height\" content=\"798\" \/>\n\t<meta property=\"og:image:type\" content=\"image\/jpeg\" \/>\n<meta name=\"author\" content=\"super-news\" \/>\n<meta name=\"twitter:card\" content=\"summary_large_image\" \/>\n<meta name=\"twitter:label1\" content=\"Szerz\u0151:\" \/>\n\t<meta name=\"twitter:data1\" content=\"super-news\" \/>\n\t<meta name=\"twitter:label2\" content=\"Becs\u00fclt olvas\u00e1si id\u0151\" \/>\n\t<meta name=\"twitter:data2\" content=\"1 perc\" \/>\n<script type=\"application\/ld+json\" class=\"yoast-schema-graph\">{\"@context\":\"https:\\\/\\\/schema.org\",\"@graph\":[{\"@type\":\"Article\",\"@id\":\"https:\\\/\\\/super-news.info\\\/hu\\\/extrem-magas-lehet-a-pollenkoncetracio\\\/#article\",\"isPartOf\":{\"@id\":\"https:\\\/\\\/super-news.info\\\/hu\\\/extrem-magas-lehet-a-pollenkoncetracio\\\/\"},\"author\":{\"name\":\"super-news\",\"@id\":\"https:\\\/\\\/super-news.info\\\/hu\\\/#\\\/schema\\\/person\\\/2d4068cb2f39cd10008c2fce578a7356\"},\"headline\":\"Extr\u00e9m magas lehet a pollenkoncetr\u00e1ci\u00f3\",\"datePublished\":\"2019-08-19T09:08:42+00:00\",\"dateModified\":\"2020-11-20T12:04:44+00:00\",\"mainEntityOfPage\":{\"@id\":\"https:\\\/\\\/super-news.info\\\/hu\\\/extrem-magas-lehet-a-pollenkoncetracio\\\/\"},\"wordCount\":173,\"commentCount\":0,\"image\":{\"@id\":\"https:\\\/\\\/super-news.info\\\/hu\\\/extrem-magas-lehet-a-pollenkoncetracio\\\/#primaryimage\"},\"thumbnailUrl\":\"https:\\\/\\\/super-news.info\\\/hu\\\/wp-content\\\/uploads\\\/sites\\\/3\\\/2019\\\/08\\\/Extr-m-magas-lehet-a-pollenkoncetr-ci.jpg\",\"articleSection\":[\"P\u00c9NZ\u00dcGYI H\u00cdREK\"],\"inLanguage\":\"hu\",\"potentialAction\":[{\"@type\":\"CommentAction\",\"name\":\"Comment\",\"target\":[\"https:\\\/\\\/super-news.info\\\/hu\\\/extrem-magas-lehet-a-pollenkoncetracio\\\/#respond\"]}]},{\"@type\":\"WebPage\",\"@id\":\"https:\\\/\\\/super-news.info\\\/hu\\\/extrem-magas-lehet-a-pollenkoncetracio\\\/\",\"url\":\"https:\\\/\\\/super-news.info\\\/hu\\\/extrem-magas-lehet-a-pollenkoncetracio\\\/\",\"name\":\"Extr\u00e9m magas lehet a pollenkoncetr\u00e1ci\u00f3 - Super News\",\"isPartOf\":{\"@id\":\"https:\\\/\\\/super-news.info\\\/hu\\\/#website\"},\"primaryImageOfPage\":{\"@id\":\"https:\\\/\\\/super-news.info\\\/hu\\\/extrem-magas-lehet-a-pollenkoncetracio\\\/#primaryimage\"},\"image\":{\"@id\":\"https:\\\/\\\/super-news.info\\\/hu\\\/extrem-magas-lehet-a-pollenkoncetracio\\\/#primaryimage\"},\"thumbnailUrl\":\"https:\\\/\\\/super-news.info\\\/hu\\\/wp-content\\\/uploads\\\/sites\\\/3\\\/2019\\\/08\\\/Extr-m-magas-lehet-a-pollenkoncetr-ci.jpg\",\"datePublished\":\"2019-08-19T09:08:42+00:00\",\"dateModified\":\"2020-11-20T12:04:44+00:00\",\"author\":{\"@id\":\"https:\\\/\\\/super-news.info\\\/hu\\\/#\\\/schema\\\/person\\\/2d4068cb2f39cd10008c2fce578a7356\"},\"breadcrumb\":{\"@id\":\"https:\\\/\\\/super-news.info\\\/hu\\\/extrem-magas-lehet-a-pollenkoncetracio\\\/#breadcrumb\"},\"inLanguage\":\"hu\",\"potentialAction\":[{\"@type\":\"ReadAction\",\"target\":[\"https:\\\/\\\/super-news.info\\\/hu\\\/extrem-magas-lehet-a-pollenkoncetracio\\\/\"]}]},{\"@type\":\"ImageObject\",\"inLanguage\":\"hu\",\"@id\":\"https:\\\/\\\/super-news.info\\\/hu\\\/extrem-magas-lehet-a-pollenkoncetracio\\\/#primaryimage\",\"url\":\"https:\\\/\\\/super-news.info\\\/hu\\\/wp-content\\\/uploads\\\/sites\\\/3\\\/2019\\\/08\\\/Extr-m-magas-lehet-a-pollenkoncetr-ci.jpg\",\"contentUrl\":\"https:\\\/\\\/super-news.info\\\/hu\\\/wp-content\\\/uploads\\\/sites\\\/3\\\/2019\\\/08\\\/Extr-m-magas-lehet-a-pollenkoncetr-ci.jpg\",\"width\":1379,\"height\":798,\"caption\":\"Extr\u00e9m magas lehet a pollenkoncetr\u00e1ci\u00f3\"},{\"@type\":\"BreadcrumbList\",\"@id\":\"https:\\\/\\\/super-news.info\\\/hu\\\/extrem-magas-lehet-a-pollenkoncetracio\\\/#breadcrumb\",\"itemListElement\":[{\"@type\":\"ListItem\",\"position\":1,\"name\":\"\u0413\u043b\u0430\u0432\u043d\u0430\u044f \u0441\u0442\u0440\u0430\u043d\u0438\u0446\u0430\",\"item\":\"https:\\\/\\\/super-news.info\\\/hu\\\/\"},{\"@type\":\"ListItem\",\"position\":2,\"name\":\"Extr\u00e9m magas lehet a pollenkoncetr\u00e1ci\u00f3\"}]},{\"@type\":\"WebSite\",\"@id\":\"https:\\\/\\\/super-news.info\\\/hu\\\/#website\",\"url\":\"https:\\\/\\\/super-news.info\\\/hu\\\/\",\"name\":\"Super News\",\"description\":\"Super News Magyarorsz\u00e1g\",\"potentialAction\":[{\"@type\":\"SearchAction\",\"target\":{\"@type\":\"EntryPoint\",\"urlTemplate\":\"https:\\\/\\\/super-news.info\\\/hu\\\/?s={search_term_string}\"},\"query-input\":{\"@type\":\"PropertyValueSpecification\",\"valueRequired\":true,\"valueName\":\"search_term_string\"}}],\"inLanguage\":\"hu\"},{\"@type\":\"Person\",\"@id\":\"https:\\\/\\\/super-news.info\\\/hu\\\/#\\\/schema\\\/person\\\/2d4068cb2f39cd10008c2fce578a7356\",\"name\":\"super-news\",\"image\":{\"@type\":\"ImageObject\",\"inLanguage\":\"hu\",\"@id\":\"https:\\\/\\\/secure.gravatar.com\\\/avatar\\\/64ebac40b93f26a154f8a9b5b6fdccfc46f442b26b3dd6756dbff3bf9dc76fd7?s=96&d=mm&r=g\",\"url\":\"https:\\\/\\\/secure.gravatar.com\\\/avatar\\\/64ebac40b93f26a154f8a9b5b6fdccfc46f442b26b3dd6756dbff3bf9dc76fd7?s=96&d=mm&r=g\",\"contentUrl\":\"https:\\\/\\\/secure.gravatar.com\\\/avatar\\\/64ebac40b93f26a154f8a9b5b6fdccfc46f442b26b3dd6756dbff3bf9dc76fd7?s=96&d=mm&r=g\",\"caption\":\"super-news\"},\"url\":\"https:\\\/\\\/super-news.info\\\/hu\\\/author\\\/pt\\\/\"}]}<\/script>\n<!-- \/ Yoast SEO plugin. -->","yoast_head_json":{"title":"Extr\u00e9m magas lehet a pollenkoncetr\u00e1ci\u00f3 - Super News","robots":{"index":"index","follow":"follow","max-snippet":"max-snippet:-1","max-image-preview":"max-image-preview:large","max-video-preview":"max-video-preview:-1"},"canonical":"https:\/\/super-news.info\/hu\/extrem-magas-lehet-a-pollenkoncetracio\/","og_locale":"hu_HU","og_type":"article","og_title":"Extr\u00e9m magas lehet a pollenkoncetr\u00e1ci\u00f3 - Super News","og_description":"A k\u00f6vetkez\u0151 napokban v\u00e1rhat\u00f3an tov\u00e1bb emelkedik a parlagf\u0171 pollenkoncentr\u00e1ci\u00f3ja: orsz\u00e1gszerte el\u00e9rheti a nagyon magas szintet, s\u0151t az er\u0151sen fert\u0151z\u00f6tt ter\u00fcletek k\u00f6zvetlen k\u00f6rnyezet\u00e9ben extr\u00e9m magas is lehet \u2013 k\u00f6z\u00f6lte a tisztif\u0151orvos h\u00e9tf\u0151n a Facebook-oldal\u00e1n. Mint kiemelte: a parlagf\u0171re \u00e9rz\u00e9kenyek t\u00fcnetei \u00e1lland\u00f3sulhatnak, illetve er\u0151s\u00f6dhetnek. \u00cdgy el\u0151fordulhat t\u00fcssz\u00f6g\u00e9s, n\u00e1tha-jelleg\u0171 orrfoly\u00e1s, enyhe fejf\u00e1j\u00e1s, k\u00f6nnyez\u0151 szemek, torok viszket\u00e9s, torok-k\u00f6sz\u00f6r\u00fcl\u00e9s, a [&hellip;]","og_url":"https:\/\/super-news.info\/hu\/extrem-magas-lehet-a-pollenkoncetracio\/","og_site_name":"Super News","article_published_time":"2019-08-19T09:08:42+00:00","article_modified_time":"2020-11-20T12:04:44+00:00","og_image":[{"width":1379,"height":798,"url":"https:\/\/super-news.info\/hu\/wp-content\/uploads\/sites\/3\/2019\/08\/Extr-m-magas-lehet-a-pollenkoncetr-ci.jpg","type":"image\/jpeg"}],"author":"super-news","twitter_card":"summary_large_image","twitter_misc":{"Szerz\u0151:":"super-news","Becs\u00fclt olvas\u00e1si id\u0151":"1 perc"},"schema":{"@context":"https:\/\/schema.org","@graph":[{"@type":"Article","@id":"https:\/\/super-news.info\/hu\/extrem-magas-lehet-a-pollenkoncetracio\/#article","isPartOf":{"@id":"https:\/\/super-news.info\/hu\/extrem-magas-lehet-a-pollenkoncetracio\/"},"author":{"name":"super-news","@id":"https:\/\/super-news.info\/hu\/#\/schema\/person\/2d4068cb2f39cd10008c2fce578a7356"},"headline":"Extr\u00e9m magas lehet a pollenkoncetr\u00e1ci\u00f3","datePublished":"2019-08-19T09:08:42+00:00","dateModified":"2020-11-20T12:04:44+00:00","mainEntityOfPage":{"@id":"https:\/\/super-news.info\/hu\/extrem-magas-lehet-a-pollenkoncetracio\/"},"wordCount":173,"commentCount":0,"image":{"@id":"https:\/\/super-news.info\/hu\/extrem-magas-lehet-a-pollenkoncetracio\/#primaryimage"},"thumbnailUrl":"https:\/\/super-news.info\/hu\/wp-content\/uploads\/sites\/3\/2019\/08\/Extr-m-magas-lehet-a-pollenkoncetr-ci.jpg","articleSection":["P\u00c9NZ\u00dcGYI H\u00cdREK"],"inLanguage":"hu","potentialAction":[{"@type":"CommentAction","name":"Comment","target":["https:\/\/super-news.info\/hu\/extrem-magas-lehet-a-pollenkoncetracio\/#respond"]}]},{"@type":"WebPage","@id":"https:\/\/super-news.info\/hu\/extrem-magas-lehet-a-pollenkoncetracio\/","url":"https:\/\/super-news.info\/hu\/extrem-magas-lehet-a-pollenkoncetracio\/","name":"Extr\u00e9m magas lehet a pollenkoncetr\u00e1ci\u00f3 - Super News","isPartOf":{"@id":"https:\/\/super-news.info\/hu\/#website"},"primaryImageOfPage":{"@id":"https:\/\/super-news.info\/hu\/extrem-magas-lehet-a-pollenkoncetracio\/#primaryimage"},"image":{"@id":"https:\/\/super-news.info\/hu\/extrem-magas-lehet-a-pollenkoncetracio\/#primaryimage"},"thumbnailUrl":"https:\/\/super-news.info\/hu\/wp-content\/uploads\/sites\/3\/2019\/08\/Extr-m-magas-lehet-a-pollenkoncetr-ci.jpg","datePublished":"2019-08-19T09:08:42+00:00","dateModified":"2020-11-20T12:04:44+00:00","author":{"@id":"https:\/\/super-news.info\/hu\/#\/schema\/person\/2d4068cb2f39cd10008c2fce578a7356"},"breadcrumb":{"@id":"https:\/\/super-news.info\/hu\/extrem-magas-lehet-a-pollenkoncetracio\/#breadcrumb"},"inLanguage":"hu","potentialAction":[{"@type":"ReadAction","target":["https:\/\/super-news.info\/hu\/extrem-magas-lehet-a-pollenkoncetracio\/"]}]},{"@type":"ImageObject","inLanguage":"hu","@id":"https:\/\/super-news.info\/hu\/extrem-magas-lehet-a-pollenkoncetracio\/#primaryimage","url":"https:\/\/super-news.info\/hu\/wp-content\/uploads\/sites\/3\/2019\/08\/Extr-m-magas-lehet-a-pollenkoncetr-ci.jpg","contentUrl":"https:\/\/super-news.info\/hu\/wp-content\/uploads\/sites\/3\/2019\/08\/Extr-m-magas-lehet-a-pollenkoncetr-ci.jpg","width":1379,"height":798,"caption":"Extr\u00e9m magas lehet a pollenkoncetr\u00e1ci\u00f3"},{"@type":"BreadcrumbList","@id":"https:\/\/super-news.info\/hu\/extrem-magas-lehet-a-pollenkoncetracio\/#breadcrumb","itemListElement":[{"@type":"ListItem","position":1,"name":"\u0413\u043b\u0430\u0432\u043d\u0430\u044f \u0441\u0442\u0440\u0430\u043d\u0438\u0446\u0430","item":"https:\/\/super-news.info\/hu\/"},{"@type":"ListItem","position":2,"name":"Extr\u00e9m magas lehet a pollenkoncetr\u00e1ci\u00f3"}]},{"@type":"WebSite","@id":"https:\/\/super-news.info\/hu\/#website","url":"https:\/\/super-news.info\/hu\/","name":"Super News","description":"Super News Magyarorsz\u00e1g","potentialAction":[{"@type":"SearchAction","target":{"@type":"EntryPoint","urlTemplate":"https:\/\/super-news.info\/hu\/?s={search_term_string}"},"query-input":{"@type":"PropertyValueSpecification","valueRequired":true,"valueName":"search_term_string"}}],"inLanguage":"hu"},{"@type":"Person","@id":"https:\/\/super-news.info\/hu\/#\/schema\/person\/2d4068cb2f39cd10008c2fce578a7356","name":"super-news","image":{"@type":"ImageObject","inLanguage":"hu","@id":"https:\/\/secure.gravatar.com\/avatar\/64ebac40b93f26a154f8a9b5b6fdccfc46f442b26b3dd6756dbff3bf9dc76fd7?s=96&d=mm&r=g","url":"https:\/\/secure.gravatar.com\/avatar\/64ebac40b93f26a154f8a9b5b6fdccfc46f442b26b3dd6756dbff3bf9dc76fd7?s=96&d=mm&r=g","contentUrl":"https:\/\/secure.gravatar.com\/avatar\/64ebac40b93f26a154f8a9b5b6fdccfc46f442b26b3dd6756dbff3bf9dc76fd7?s=96&d=mm&r=g","caption":"super-news"},"url":"https:\/\/super-news.info\/hu\/author\/pt\/"}]}},"_links":{"self":[{"href":"https:\/\/super-news.info\/hu\/wp-json\/wp\/v2\/posts\/7892","targetHints":{"allow":["GET"]}}],"collection":[{"href":"https:\/\/super-news.info\/hu\/wp-json\/wp\/v2\/posts"}],"about":[{"href":"https:\/\/super-news.info\/hu\/wp-json\/wp\/v2\/types\/post"}],"author":[{"embeddable":true,"href":"https:\/\/super-news.info\/hu\/wp-json\/wp\/v2\/users\/2"}],"replies":[{"embeddable":true,"href":"https:\/\/super-news.info\/hu\/wp-json\/wp\/v2\/comments?post=7892"}],"version-history":[{"count":2,"href":"https:\/\/super-news.info\/hu\/wp-json\/wp\/v2\/posts\/7892\/revisions"}],"predecessor-version":[{"id":10041,"href":"https:\/\/super-news.info\/hu\/wp-json\/wp\/v2\/posts\/7892\/revisions\/10041"}],"wp:featuredmedia":[{"embeddable":true,"href":"https:\/\/super-news.info\/hu\/wp-json\/wp\/v2\/media\/7893"}],"wp:attachment":[{"href":"https:\/\/super-news.info\/hu\/wp-json\/wp\/v2\/media?parent=7892"}],"wp:term":[{"taxonomy":"category","embeddable":true,"href":"https:\/\/super-news.info\/hu\/wp-json\/wp\/v2\/categories?post=7892"},{"taxonomy":"post_tag","embeddable":true,"href":"https:\/\/super-news.info\/hu\/wp-json\/wp\/v2\/tags?post=7892"}],"curies":[{"name":"wp","href":"https:\/\/api.w.org\/{rel}","templated":true}]}}