{"id":7875,"date":"2019-08-18T20:02:34","date_gmt":"2019-08-18T17:02:34","guid":{"rendered":"https:\/\/super-news.info\/hu\/nok-es-gyerekek-is-aldozatai-a-kabuli-merenyletnek\/"},"modified":"2019-08-18T20:02:35","modified_gmt":"2019-08-18T17:02:35","slug":"nok-es-gyerekek-is-aldozatai-a-kabuli-merenyletnek","status":"publish","type":"post","link":"https:\/\/super-news.info\/hu\/nok-es-gyerekek-is-aldozatai-a-kabuli-merenyletnek\/","title":{"rendered":"N\u0151k \u00e9s gyerekek is \u00e1ldozatai a kabuli mer\u00e9nyletnek"},"content":{"rendered":"<p> [ad_1]<br \/>\n<\/p>\n<p>\n\t\t\t\t\t\t\t\t Az \u00f6ngyilkos mer\u00e9nyletet vas\u00e1rnapra virrad\u00f3ra k\u00f6vettek el Kabulban egy esk\u00fcv\u0151n, a robbant\u00e1st az Iszl\u00e1m \u00c1llam nev\u0171 terrorszervezet v\u00e1llalta mag\u00e1ra.\t\t\t\t\t\t\t<\/p>\n<div>\n<p>Hatvanh\u00e1rom hal\u00e1los \u00e1ldozata \u00e9s t\u00f6bb mint sz\u00e1znyolcvan sebes\u00fcltje van annak az \u00f6ngyilkos mer\u00e9nyletnek, amelyet vas\u00e1rnapra virrad\u00f3ra k\u00f6vettek el Kabulban egy s\u00edita muszlim esk\u00fcv\u0151n. A mer\u00e9nylet elk\u00f6vet\u0151jek\u00e9nt az Iszl\u00e1m \u00c1llam nev\u0171 terrorszervezet jelentkezett. \u2013 k\u00f6z\u00f6lt\u00e9k afg\u00e1n hat\u00f3s\u00e1gi forr\u00e1sok.<\/p>\n<p>Naszrat Rahimi bel\u00fcgyminiszt\u00e9riumi sz\u00f3viv\u0151 hozz\u00e1tette, hogy az \u00e1ldozatok k\u00f6zt sok a n\u0151 \u00e9s a gyerek.<\/p>\n<div id=\"attachment_1696159\" style=\"width: 1410px\" class=\"wp-caption alignnone\">\n<p class=\"wp-caption-text\">Fot\u00f3: WAKIL KOHSAR \/ AFP<\/p>\n<\/div>\n<p>A szem\u00e9lyzet szerint a rendezv\u00e9nyre mintegy 1200 embert h\u00edvtak meg a Dubai City k\u00f6zpontba, amely a f\u0151v\u00e1ros nyugati r\u00e9sz\u00e9ben fekszik.<\/p>\n<p>A z\u00f6m\u00e9ben s\u00edit\u00e1k lakta v\u00e1rosr\u00e9szben elk\u00f6vetett mer\u00e9nyletet a t\u00e1libok k\u00f6zlem\u00e9nyben el\u00edt\u00e9lt\u00e9k, \u00e9s tagadt\u00e1k, hogy b\u00e1rmilyen k\u00f6z\u00fck lenne hozz\u00e1. A radik\u00e1lisok sz\u00f3viv\u0151je, Zabihullah Mudzs\u00e1hid Twitteren lesz\u00f6gezte: senkinek sincs joga n\u0151ket \u00e9s gyerekeket meg\u00f6lni.<\/p>\n<p>Az Iszl\u00e1m \u00c1llam a terrorist\u00e1khoz k\u00f6thet\u0151 Nas\u00edr nev\u0171 online \u201eh\u00edr\u00fcgyn\u00f6ks\u00e9gen\u201d kereszt\u00fcl jelentkezett a mer\u00e9nylet elk\u00f6vet\u0151jek\u00e9nt. K\u00f6zlem\u00e9ny\u00fckben lesz\u00f6gezt\u00e9k, hogy eretneknek tartj\u00e1k a s\u00edit\u00e1kat, \u00e9s ez\u00e9rt sz\u00e1nd\u00e9kosan v\u00e1lasztott\u00e1k c\u00e9lpontnak az esem\u00e9nyt.<\/p>\n<\/p><\/div>\n<p><script>\n    window.fbAsyncInit = function() {\n        FB.init({\n            appId      : \"204760236815359\",\n            xfbml      : true,\n            version    : \"v2.12\"\n        });\n        FB.AppEvents.logPageView();\n    };<\/p>\n<p>    (function(d, s, id){\n        var js, fjs = d.getElementsByTagName(s)[0];\n        if (d.getElementById(id)) {return;}\n        js = d.createElement(s); js.id = id;\n        js.src = \"http:\/\/connect.facebook.net\/hu_HU\/sdk.js\";\n        fjs.parentNode.insertBefore(js, fjs);\n    }(document, \"script\", \"facebook-jssdk\"));\n<\/script><br \/>\n<br \/>[ad_2]<br \/>\n<br \/><a href=\"https:\/\/www.vg.hu\/kozelet\/kozeleti-hirek\/nok-es-gyerekek-is-aldozatai-a-kabuli-merenyletnek-1696153\/\">Source link <\/a><\/p>\n","protected":false},"excerpt":{"rendered":"<p>[ad_1] Az \u00f6ngyilkos mer\u00e9nyletet vas\u00e1rnapra virrad\u00f3ra k\u00f6vettek el Kabulban egy esk\u00fcv\u0151n, a robbant\u00e1st az Iszl\u00e1m \u00c1llam nev\u0171 terrorszervezet v\u00e1llalta mag\u00e1ra. Hatvanh\u00e1rom hal\u00e1los \u00e1ldozata \u00e9s t\u00f6bb mint sz\u00e1znyolcvan sebes\u00fcltje van annak az \u00f6ngyilkos mer\u00e9nyletnek, amelyet vas\u00e1rnapra virrad\u00f3ra k\u00f6vettek el Kabulban egy s\u00edita muszlim esk\u00fcv\u0151n. A mer\u00e9nylet elk\u00f6vet\u0151jek\u00e9nt az Iszl\u00e1m \u00c1llam nev\u0171 terrorszervezet jelentkezett. \u2013 k\u00f6z\u00f6lt\u00e9k afg\u00e1n [&hellip;]<\/p>\n","protected":false},"author":2,"featured_media":7876,"comment_status":"open","ping_status":"open","sticky":false,"template":"","format":"standard","meta":{"footnotes":""},"categories":[1],"tags":[],"class_list":["post-7875","post","type-post","status-publish","format-standard","has-post-thumbnail","hentry","category-penzugyi-hirek"],"yoast_head":"<!-- This site is optimized with the Yoast SEO plugin v27.4 - https:\/\/yoast.com\/product\/yoast-seo-wordpress\/ -->\n<title>N\u0151k \u00e9s gyerekek is \u00e1ldozatai a kabuli mer\u00e9nyletnek - Super News<\/title>\n<meta name=\"robots\" content=\"index, follow, max-snippet:-1, max-image-preview:large, max-video-preview:-1\" \/>\n<link rel=\"canonical\" href=\"https:\/\/super-news.info\/hu\/nok-es-gyerekek-is-aldozatai-a-kabuli-merenyletnek\/\" \/>\n<meta property=\"og:locale\" content=\"hu_HU\" \/>\n<meta property=\"og:type\" content=\"article\" \/>\n<meta property=\"og:title\" content=\"N\u0151k \u00e9s gyerekek is \u00e1ldozatai a kabuli mer\u00e9nyletnek - Super News\" \/>\n<meta property=\"og:description\" content=\"[ad_1] Az \u00f6ngyilkos mer\u00e9nyletet vas\u00e1rnapra virrad\u00f3ra k\u00f6vettek el Kabulban egy esk\u00fcv\u0151n, a robbant\u00e1st az Iszl\u00e1m \u00c1llam nev\u0171 terrorszervezet v\u00e1llalta mag\u00e1ra. Hatvanh\u00e1rom hal\u00e1los \u00e1ldozata \u00e9s t\u00f6bb mint sz\u00e1znyolcvan sebes\u00fcltje van annak az \u00f6ngyilkos mer\u00e9nyletnek, amelyet vas\u00e1rnapra virrad\u00f3ra k\u00f6vettek el Kabulban egy s\u00edita muszlim esk\u00fcv\u0151n. A mer\u00e9nylet elk\u00f6vet\u0151jek\u00e9nt az Iszl\u00e1m \u00c1llam nev\u0171 terrorszervezet jelentkezett. \u2013 k\u00f6z\u00f6lt\u00e9k afg\u00e1n [&hellip;]\" \/>\n<meta property=\"og:url\" content=\"https:\/\/super-news.info\/hu\/nok-es-gyerekek-is-aldozatai-a-kabuli-merenyletnek\/\" \/>\n<meta property=\"og:site_name\" content=\"Super News\" \/>\n<meta property=\"article:published_time\" content=\"2019-08-18T17:02:34+00:00\" \/>\n<meta property=\"article:modified_time\" content=\"2019-08-18T17:02:35+00:00\" \/>\n<meta property=\"og:image\" content=\"https:\/\/super-news.info\/hu\/wp-content\/uploads\/sites\/3\/2019\/08\/N-k-s-gyerekek-is-ldozatai-a-kabuli-mer-nyletnek.jpg\" \/>\n\t<meta property=\"og:image:width\" content=\"1400\" \/>\n\t<meta property=\"og:image:height\" content=\"932\" \/>\n\t<meta property=\"og:image:type\" content=\"image\/jpeg\" \/>\n<meta name=\"author\" content=\"super-news\" \/>\n<meta name=\"twitter:card\" content=\"summary_large_image\" \/>\n<meta name=\"twitter:label1\" content=\"Szerz\u0151:\" \/>\n\t<meta name=\"twitter:data1\" content=\"super-news\" \/>\n\t<meta name=\"twitter:label2\" content=\"Becs\u00fclt olvas\u00e1si id\u0151\" \/>\n\t<meta name=\"twitter:data2\" content=\"1 perc\" \/>\n<script type=\"application\/ld+json\" class=\"yoast-schema-graph\">{\"@context\":\"https:\\\/\\\/schema.org\",\"@graph\":[{\"@type\":\"Article\",\"@id\":\"https:\\\/\\\/super-news.info\\\/hu\\\/nok-es-gyerekek-is-aldozatai-a-kabuli-merenyletnek\\\/#article\",\"isPartOf\":{\"@id\":\"https:\\\/\\\/super-news.info\\\/hu\\\/nok-es-gyerekek-is-aldozatai-a-kabuli-merenyletnek\\\/\"},\"author\":{\"name\":\"super-news\",\"@id\":\"https:\\\/\\\/super-news.info\\\/hu\\\/#\\\/schema\\\/person\\\/2d4068cb2f39cd10008c2fce578a7356\"},\"headline\":\"N\u0151k \u00e9s gyerekek is \u00e1ldozatai a kabuli mer\u00e9nyletnek\",\"datePublished\":\"2019-08-18T17:02:34+00:00\",\"dateModified\":\"2019-08-18T17:02:35+00:00\",\"mainEntityOfPage\":{\"@id\":\"https:\\\/\\\/super-news.info\\\/hu\\\/nok-es-gyerekek-is-aldozatai-a-kabuli-merenyletnek\\\/\"},\"wordCount\":268,\"commentCount\":0,\"image\":{\"@id\":\"https:\\\/\\\/super-news.info\\\/hu\\\/nok-es-gyerekek-is-aldozatai-a-kabuli-merenyletnek\\\/#primaryimage\"},\"thumbnailUrl\":\"https:\\\/\\\/super-news.info\\\/hu\\\/wp-content\\\/uploads\\\/sites\\\/3\\\/2019\\\/08\\\/N-k-s-gyerekek-is-ldozatai-a-kabuli-mer-nyletnek.jpg\",\"articleSection\":[\"P\u00c9NZ\u00dcGYI H\u00cdREK\"],\"inLanguage\":\"hu\",\"potentialAction\":[{\"@type\":\"CommentAction\",\"name\":\"Comment\",\"target\":[\"https:\\\/\\\/super-news.info\\\/hu\\\/nok-es-gyerekek-is-aldozatai-a-kabuli-merenyletnek\\\/#respond\"]}]},{\"@type\":\"WebPage\",\"@id\":\"https:\\\/\\\/super-news.info\\\/hu\\\/nok-es-gyerekek-is-aldozatai-a-kabuli-merenyletnek\\\/\",\"url\":\"https:\\\/\\\/super-news.info\\\/hu\\\/nok-es-gyerekek-is-aldozatai-a-kabuli-merenyletnek\\\/\",\"name\":\"N\u0151k \u00e9s gyerekek is \u00e1ldozatai a kabuli mer\u00e9nyletnek - Super News\",\"isPartOf\":{\"@id\":\"https:\\\/\\\/super-news.info\\\/hu\\\/#website\"},\"primaryImageOfPage\":{\"@id\":\"https:\\\/\\\/super-news.info\\\/hu\\\/nok-es-gyerekek-is-aldozatai-a-kabuli-merenyletnek\\\/#primaryimage\"},\"image\":{\"@id\":\"https:\\\/\\\/super-news.info\\\/hu\\\/nok-es-gyerekek-is-aldozatai-a-kabuli-merenyletnek\\\/#primaryimage\"},\"thumbnailUrl\":\"https:\\\/\\\/super-news.info\\\/hu\\\/wp-content\\\/uploads\\\/sites\\\/3\\\/2019\\\/08\\\/N-k-s-gyerekek-is-ldozatai-a-kabuli-mer-nyletnek.jpg\",\"datePublished\":\"2019-08-18T17:02:34+00:00\",\"dateModified\":\"2019-08-18T17:02:35+00:00\",\"author\":{\"@id\":\"https:\\\/\\\/super-news.info\\\/hu\\\/#\\\/schema\\\/person\\\/2d4068cb2f39cd10008c2fce578a7356\"},\"breadcrumb\":{\"@id\":\"https:\\\/\\\/super-news.info\\\/hu\\\/nok-es-gyerekek-is-aldozatai-a-kabuli-merenyletnek\\\/#breadcrumb\"},\"inLanguage\":\"hu\",\"potentialAction\":[{\"@type\":\"ReadAction\",\"target\":[\"https:\\\/\\\/super-news.info\\\/hu\\\/nok-es-gyerekek-is-aldozatai-a-kabuli-merenyletnek\\\/\"]}]},{\"@type\":\"ImageObject\",\"inLanguage\":\"hu\",\"@id\":\"https:\\\/\\\/super-news.info\\\/hu\\\/nok-es-gyerekek-is-aldozatai-a-kabuli-merenyletnek\\\/#primaryimage\",\"url\":\"https:\\\/\\\/super-news.info\\\/hu\\\/wp-content\\\/uploads\\\/sites\\\/3\\\/2019\\\/08\\\/N-k-s-gyerekek-is-ldozatai-a-kabuli-mer-nyletnek.jpg\",\"contentUrl\":\"https:\\\/\\\/super-news.info\\\/hu\\\/wp-content\\\/uploads\\\/sites\\\/3\\\/2019\\\/08\\\/N-k-s-gyerekek-is-ldozatai-a-kabuli-mer-nyletnek.jpg\",\"width\":1400,\"height\":932,\"caption\":\"N\u0151k \u00e9s gyerekek is \u00e1ldozatai a kabuli mer\u00e9nyletnek\"},{\"@type\":\"BreadcrumbList\",\"@id\":\"https:\\\/\\\/super-news.info\\\/hu\\\/nok-es-gyerekek-is-aldozatai-a-kabuli-merenyletnek\\\/#breadcrumb\",\"itemListElement\":[{\"@type\":\"ListItem\",\"position\":1,\"name\":\"\u0413\u043b\u0430\u0432\u043d\u0430\u044f \u0441\u0442\u0440\u0430\u043d\u0438\u0446\u0430\",\"item\":\"https:\\\/\\\/super-news.info\\\/hu\\\/\"},{\"@type\":\"ListItem\",\"position\":2,\"name\":\"N\u0151k \u00e9s gyerekek is \u00e1ldozatai a kabuli mer\u00e9nyletnek\"}]},{\"@type\":\"WebSite\",\"@id\":\"https:\\\/\\\/super-news.info\\\/hu\\\/#website\",\"url\":\"https:\\\/\\\/super-news.info\\\/hu\\\/\",\"name\":\"Super News\",\"description\":\"Super News Magyarorsz\u00e1g\",\"potentialAction\":[{\"@type\":\"SearchAction\",\"target\":{\"@type\":\"EntryPoint\",\"urlTemplate\":\"https:\\\/\\\/super-news.info\\\/hu\\\/?s={search_term_string}\"},\"query-input\":{\"@type\":\"PropertyValueSpecification\",\"valueRequired\":true,\"valueName\":\"search_term_string\"}}],\"inLanguage\":\"hu\"},{\"@type\":\"Person\",\"@id\":\"https:\\\/\\\/super-news.info\\\/hu\\\/#\\\/schema\\\/person\\\/2d4068cb2f39cd10008c2fce578a7356\",\"name\":\"super-news\",\"image\":{\"@type\":\"ImageObject\",\"inLanguage\":\"hu\",\"@id\":\"https:\\\/\\\/secure.gravatar.com\\\/avatar\\\/64ebac40b93f26a154f8a9b5b6fdccfc46f442b26b3dd6756dbff3bf9dc76fd7?s=96&d=mm&r=g\",\"url\":\"https:\\\/\\\/secure.gravatar.com\\\/avatar\\\/64ebac40b93f26a154f8a9b5b6fdccfc46f442b26b3dd6756dbff3bf9dc76fd7?s=96&d=mm&r=g\",\"contentUrl\":\"https:\\\/\\\/secure.gravatar.com\\\/avatar\\\/64ebac40b93f26a154f8a9b5b6fdccfc46f442b26b3dd6756dbff3bf9dc76fd7?s=96&d=mm&r=g\",\"caption\":\"super-news\"},\"url\":\"https:\\\/\\\/super-news.info\\\/hu\\\/author\\\/pt\\\/\"}]}<\/script>\n<!-- \/ Yoast SEO plugin. -->","yoast_head_json":{"title":"N\u0151k \u00e9s gyerekek is \u00e1ldozatai a kabuli mer\u00e9nyletnek - Super News","robots":{"index":"index","follow":"follow","max-snippet":"max-snippet:-1","max-image-preview":"max-image-preview:large","max-video-preview":"max-video-preview:-1"},"canonical":"https:\/\/super-news.info\/hu\/nok-es-gyerekek-is-aldozatai-a-kabuli-merenyletnek\/","og_locale":"hu_HU","og_type":"article","og_title":"N\u0151k \u00e9s gyerekek is \u00e1ldozatai a kabuli mer\u00e9nyletnek - Super News","og_description":"[ad_1] Az \u00f6ngyilkos mer\u00e9nyletet vas\u00e1rnapra virrad\u00f3ra k\u00f6vettek el Kabulban egy esk\u00fcv\u0151n, a robbant\u00e1st az Iszl\u00e1m \u00c1llam nev\u0171 terrorszervezet v\u00e1llalta mag\u00e1ra. Hatvanh\u00e1rom hal\u00e1los \u00e1ldozata \u00e9s t\u00f6bb mint sz\u00e1znyolcvan sebes\u00fcltje van annak az \u00f6ngyilkos mer\u00e9nyletnek, amelyet vas\u00e1rnapra virrad\u00f3ra k\u00f6vettek el Kabulban egy s\u00edita muszlim esk\u00fcv\u0151n. A mer\u00e9nylet elk\u00f6vet\u0151jek\u00e9nt az Iszl\u00e1m \u00c1llam nev\u0171 terrorszervezet jelentkezett. \u2013 k\u00f6z\u00f6lt\u00e9k afg\u00e1n [&hellip;]","og_url":"https:\/\/super-news.info\/hu\/nok-es-gyerekek-is-aldozatai-a-kabuli-merenyletnek\/","og_site_name":"Super News","article_published_time":"2019-08-18T17:02:34+00:00","article_modified_time":"2019-08-18T17:02:35+00:00","og_image":[{"width":1400,"height":932,"url":"https:\/\/super-news.info\/hu\/wp-content\/uploads\/sites\/3\/2019\/08\/N-k-s-gyerekek-is-ldozatai-a-kabuli-mer-nyletnek.jpg","type":"image\/jpeg"}],"author":"super-news","twitter_card":"summary_large_image","twitter_misc":{"Szerz\u0151:":"super-news","Becs\u00fclt olvas\u00e1si id\u0151":"1 perc"},"schema":{"@context":"https:\/\/schema.org","@graph":[{"@type":"Article","@id":"https:\/\/super-news.info\/hu\/nok-es-gyerekek-is-aldozatai-a-kabuli-merenyletnek\/#article","isPartOf":{"@id":"https:\/\/super-news.info\/hu\/nok-es-gyerekek-is-aldozatai-a-kabuli-merenyletnek\/"},"author":{"name":"super-news","@id":"https:\/\/super-news.info\/hu\/#\/schema\/person\/2d4068cb2f39cd10008c2fce578a7356"},"headline":"N\u0151k \u00e9s gyerekek is \u00e1ldozatai a kabuli mer\u00e9nyletnek","datePublished":"2019-08-18T17:02:34+00:00","dateModified":"2019-08-18T17:02:35+00:00","mainEntityOfPage":{"@id":"https:\/\/super-news.info\/hu\/nok-es-gyerekek-is-aldozatai-a-kabuli-merenyletnek\/"},"wordCount":268,"commentCount":0,"image":{"@id":"https:\/\/super-news.info\/hu\/nok-es-gyerekek-is-aldozatai-a-kabuli-merenyletnek\/#primaryimage"},"thumbnailUrl":"https:\/\/super-news.info\/hu\/wp-content\/uploads\/sites\/3\/2019\/08\/N-k-s-gyerekek-is-ldozatai-a-kabuli-mer-nyletnek.jpg","articleSection":["P\u00c9NZ\u00dcGYI H\u00cdREK"],"inLanguage":"hu","potentialAction":[{"@type":"CommentAction","name":"Comment","target":["https:\/\/super-news.info\/hu\/nok-es-gyerekek-is-aldozatai-a-kabuli-merenyletnek\/#respond"]}]},{"@type":"WebPage","@id":"https:\/\/super-news.info\/hu\/nok-es-gyerekek-is-aldozatai-a-kabuli-merenyletnek\/","url":"https:\/\/super-news.info\/hu\/nok-es-gyerekek-is-aldozatai-a-kabuli-merenyletnek\/","name":"N\u0151k \u00e9s gyerekek is \u00e1ldozatai a kabuli mer\u00e9nyletnek - Super News","isPartOf":{"@id":"https:\/\/super-news.info\/hu\/#website"},"primaryImageOfPage":{"@id":"https:\/\/super-news.info\/hu\/nok-es-gyerekek-is-aldozatai-a-kabuli-merenyletnek\/#primaryimage"},"image":{"@id":"https:\/\/super-news.info\/hu\/nok-es-gyerekek-is-aldozatai-a-kabuli-merenyletnek\/#primaryimage"},"thumbnailUrl":"https:\/\/super-news.info\/hu\/wp-content\/uploads\/sites\/3\/2019\/08\/N-k-s-gyerekek-is-ldozatai-a-kabuli-mer-nyletnek.jpg","datePublished":"2019-08-18T17:02:34+00:00","dateModified":"2019-08-18T17:02:35+00:00","author":{"@id":"https:\/\/super-news.info\/hu\/#\/schema\/person\/2d4068cb2f39cd10008c2fce578a7356"},"breadcrumb":{"@id":"https:\/\/super-news.info\/hu\/nok-es-gyerekek-is-aldozatai-a-kabuli-merenyletnek\/#breadcrumb"},"inLanguage":"hu","potentialAction":[{"@type":"ReadAction","target":["https:\/\/super-news.info\/hu\/nok-es-gyerekek-is-aldozatai-a-kabuli-merenyletnek\/"]}]},{"@type":"ImageObject","inLanguage":"hu","@id":"https:\/\/super-news.info\/hu\/nok-es-gyerekek-is-aldozatai-a-kabuli-merenyletnek\/#primaryimage","url":"https:\/\/super-news.info\/hu\/wp-content\/uploads\/sites\/3\/2019\/08\/N-k-s-gyerekek-is-ldozatai-a-kabuli-mer-nyletnek.jpg","contentUrl":"https:\/\/super-news.info\/hu\/wp-content\/uploads\/sites\/3\/2019\/08\/N-k-s-gyerekek-is-ldozatai-a-kabuli-mer-nyletnek.jpg","width":1400,"height":932,"caption":"N\u0151k \u00e9s gyerekek is \u00e1ldozatai a kabuli mer\u00e9nyletnek"},{"@type":"BreadcrumbList","@id":"https:\/\/super-news.info\/hu\/nok-es-gyerekek-is-aldozatai-a-kabuli-merenyletnek\/#breadcrumb","itemListElement":[{"@type":"ListItem","position":1,"name":"\u0413\u043b\u0430\u0432\u043d\u0430\u044f \u0441\u0442\u0440\u0430\u043d\u0438\u0446\u0430","item":"https:\/\/super-news.info\/hu\/"},{"@type":"ListItem","position":2,"name":"N\u0151k \u00e9s gyerekek is \u00e1ldozatai a kabuli mer\u00e9nyletnek"}]},{"@type":"WebSite","@id":"https:\/\/super-news.info\/hu\/#website","url":"https:\/\/super-news.info\/hu\/","name":"Super News","description":"Super News Magyarorsz\u00e1g","potentialAction":[{"@type":"SearchAction","target":{"@type":"EntryPoint","urlTemplate":"https:\/\/super-news.info\/hu\/?s={search_term_string}"},"query-input":{"@type":"PropertyValueSpecification","valueRequired":true,"valueName":"search_term_string"}}],"inLanguage":"hu"},{"@type":"Person","@id":"https:\/\/super-news.info\/hu\/#\/schema\/person\/2d4068cb2f39cd10008c2fce578a7356","name":"super-news","image":{"@type":"ImageObject","inLanguage":"hu","@id":"https:\/\/secure.gravatar.com\/avatar\/64ebac40b93f26a154f8a9b5b6fdccfc46f442b26b3dd6756dbff3bf9dc76fd7?s=96&d=mm&r=g","url":"https:\/\/secure.gravatar.com\/avatar\/64ebac40b93f26a154f8a9b5b6fdccfc46f442b26b3dd6756dbff3bf9dc76fd7?s=96&d=mm&r=g","contentUrl":"https:\/\/secure.gravatar.com\/avatar\/64ebac40b93f26a154f8a9b5b6fdccfc46f442b26b3dd6756dbff3bf9dc76fd7?s=96&d=mm&r=g","caption":"super-news"},"url":"https:\/\/super-news.info\/hu\/author\/pt\/"}]}},"_links":{"self":[{"href":"https:\/\/super-news.info\/hu\/wp-json\/wp\/v2\/posts\/7875","targetHints":{"allow":["GET"]}}],"collection":[{"href":"https:\/\/super-news.info\/hu\/wp-json\/wp\/v2\/posts"}],"about":[{"href":"https:\/\/super-news.info\/hu\/wp-json\/wp\/v2\/types\/post"}],"author":[{"embeddable":true,"href":"https:\/\/super-news.info\/hu\/wp-json\/wp\/v2\/users\/2"}],"replies":[{"embeddable":true,"href":"https:\/\/super-news.info\/hu\/wp-json\/wp\/v2\/comments?post=7875"}],"version-history":[{"count":1,"href":"https:\/\/super-news.info\/hu\/wp-json\/wp\/v2\/posts\/7875\/revisions"}],"predecessor-version":[{"id":7877,"href":"https:\/\/super-news.info\/hu\/wp-json\/wp\/v2\/posts\/7875\/revisions\/7877"}],"wp:featuredmedia":[{"embeddable":true,"href":"https:\/\/super-news.info\/hu\/wp-json\/wp\/v2\/media\/7876"}],"wp:attachment":[{"href":"https:\/\/super-news.info\/hu\/wp-json\/wp\/v2\/media?parent=7875"}],"wp:term":[{"taxonomy":"category","embeddable":true,"href":"https:\/\/super-news.info\/hu\/wp-json\/wp\/v2\/categories?post=7875"},{"taxonomy":"post_tag","embeddable":true,"href":"https:\/\/super-news.info\/hu\/wp-json\/wp\/v2\/tags?post=7875"}],"curies":[{"name":"wp","href":"https:\/\/api.w.org\/{rel}","templated":true}]}}