{"id":7869,"date":"2019-08-18T18:16:39","date_gmt":"2019-08-18T15:16:39","guid":{"rendered":"https:\/\/super-news.info\/hu\/nem-tudjak-megfekezni-a-tuzet-a-kanari-szigeteken\/"},"modified":"2019-08-18T18:16:41","modified_gmt":"2019-08-18T15:16:41","slug":"nem-tudjak-megfekezni-a-tuzet-a-kanari-szigeteken","status":"publish","type":"post","link":"https:\/\/super-news.info\/hu\/nem-tudjak-megfekezni-a-tuzet-a-kanari-szigeteken\/","title":{"rendered":"Nem tudj\u00e1k megf\u00e9kezni a t\u00fczet a Kan\u00e1ri-szigeteken"},"content":{"rendered":"<p> [ad_1]<br \/>\n<\/p>\n<p>\n\t\t\t\t\t\t\t\tMintegy n\u00e9gyezer embert kellett kitelep\u00edteni a Kan\u00e1ri-szigetekhez tartoz\u00f3 Gran Canari\u00e1n az egy napja tombol\u00f3 erd\u0151t\u0171z miatt \u2013 k\u00f6z\u00f6lte \u00c1ngel V\u00edctor Torres, a Kan\u00e1ri-szigetek eln\u00f6ke vas\u00e1rnapi rendk\u00edv\u00fcli sajt\u00f3t\u00e1j\u00e9koztat\u00f3j\u00e1n.\t\t\t\t\t\t\t<\/p>\n<div>\n<p>\u00c1ngel V\u00edctor Torres, a Kan\u00e1ri-szigetek eln\u00f6ke vas\u00e1rnapi rendk\u00edv\u00fcli sajt\u00f3t\u00e1j\u00e9koztat\u00f3j\u00e1n k\u00f6rnyezetv\u00e9delmi katasztr\u00f3f\u00e1nak nevezte a szombat d\u00e9lut\u00e1n keletkezett \u00e9s rendk\u00edv\u00fcl gyorsan terjed\u0151 erd\u0151t\u00fczet, amely a becsl\u00e9sek szerint m\u00e1r 1500-1700 hekt\u00e1rnyi ter\u00fcletet puszt\u00edtott el a sziget k\u00f6z\u00e9ps\u0151, hegyvid\u00e9ki r\u00e9sz\u00e9n Valleseco t\u00e9rs\u00e9g\u00e9ben.<\/p>\n<p>Mint mondta, a mostani t\u0171zeset \u201esokkal s\u00falyosabb\u201d mint, amellyel a m\u00falt h\u00e9tv\u00e9g\u00e9n kellett szemben\u00e9zni\u00fck, ez\u00e9rt seg\u00edts\u00e9get k\u00e9rt a spanyol k\u00f6zponti korm\u00e1nyt\u00f3l az olt\u00e1si munk\u00e1latokhoz. A d\u00e9lut\u00e1n folyam\u00e1n k\u00e9t tov\u00e1bbi t\u0171zolt\u00f3 rep\u00fcl\u0151g\u00e9p \u00e9rkezik Sevill\u00e1b\u00f3l \u2013 tette hozz\u00e1.<\/p>\n<div id=\"attachment_1696360\" style=\"width: 1410px\" class=\"wp-caption alignnone\">\n<p class=\"wp-caption-text\">Fot\u00f3: DESIREE MARTIN \/ AFP<\/p>\n<\/div>\n<p>A spanyol k\u00f6zszolg\u00e1lati telev\u00edzi\u00f3 helysz\u00edni besz\u00e1mol\u00f3ja szerint mintegy 250-en, k\u00f6zt\u00fck a katonas\u00e1g speci\u00e1lis t\u0171zolt\u00f3 egys\u00e9g\u00e9nek tagjai igyekeznek megf\u00e9kezni a l\u00e1ngokat a f\u00f6ld\u00f6n, a leveg\u0151b\u0151l pedig \u00f6sszesen 11 helikopterrel \u00e9s rep\u00fcl\u0151g\u00e9ppel oltanak.<\/p>\n<p>A munk\u00e1t nehez\u00edtik a terepviszonyok, a 32 Celsius-fokos h\u0151m\u00e9rs\u00e9klet, a 24 fokos p\u00e1ratartalom, valamint az \u00f3r\u00e1nk\u00e9nt 45 kilom\u00e9teres sebess\u00e9g\u0171 sz\u00e9l.<\/p>\n<p>A l\u00e1ngok a sziget egyik term\u00e9szeti \u00e9kess\u00e9g\u00e9nek sz\u00e1m\u00edt\u00f3 Tamadaba feny\u0151erd\u0151t is vesz\u00e9lyeztetik.<\/p>\n<p>A t\u0171z miatt hat aut\u00f3utat kellett lez\u00e1rni.<\/p>\n<p>Gran Canari\u00e1n 2007-ben jegyezt\u00e9k fel a sziget t\u00f6rt\u00e9net\u00e9nek legs\u00falyosabb erd\u0151t\u00fcz\u00e9t, akkor t\u00f6bb mint 3500 hekt\u00e1rnyi z\u00f6ldter\u00fclet pusztult el.<\/p>\n<p>A spanyol agr\u00e1rt\u00e1rca adatai szerint a d\u00e9l-eur\u00f3pai orsz\u00e1gban id\u00e9n augusztus 4-ig \u00f6sszesen t\u00f6bb mint 56 ezer hekt\u00e1rnyi ter\u00fclet \u00e9gett ki \u00f6sszesen mintegy nyolcezer k\u00fcl\u00f6nb\u00f6z\u0151 t\u0171zesetben, ami n\u00e9gyszer nagyobb ter\u00fcletet jelent mint tavaly ugyanebben az id\u0151szakban. A szakemberek szerint ennek magyar\u00e1zata, hogy az idei esztend\u0151 j\u00f3val sz\u00e1razabb a tavalyin\u00e1l.<\/p>\n<\/p><\/div>\n<p><script>\n    window.fbAsyncInit = function() {\n        FB.init({\n            appId      : \"204760236815359\",\n            xfbml      : true,\n            version    : \"v2.12\"\n        });\n        FB.AppEvents.logPageView();\n    };<\/p>\n<p>    (function(d, s, id){\n        var js, fjs = d.getElementsByTagName(s)[0];\n        if (d.getElementById(id)) {return;}\n        js = d.createElement(s); js.id = id;\n        js.src = \"http:\/\/connect.facebook.net\/hu_HU\/sdk.js\";\n        fjs.parentNode.insertBefore(js, fjs);\n    }(document, \"script\", \"facebook-jssdk\"));\n<\/script><br \/>\n<br \/>[ad_2]<br \/>\n<br \/><a href=\"https:\/\/www.vg.hu\/kozelet\/kozeleti-hirek\/nem-tudjak-megfekezni-a-tuzet-a-kanari-szigeteken-1696354\/\">Source link <\/a><\/p>\n","protected":false},"excerpt":{"rendered":"<p>[ad_1] Mintegy n\u00e9gyezer embert kellett kitelep\u00edteni a Kan\u00e1ri-szigetekhez tartoz\u00f3 Gran Canari\u00e1n az egy napja tombol\u00f3 erd\u0151t\u0171z miatt \u2013 k\u00f6z\u00f6lte \u00c1ngel V\u00edctor Torres, a Kan\u00e1ri-szigetek eln\u00f6ke vas\u00e1rnapi rendk\u00edv\u00fcli sajt\u00f3t\u00e1j\u00e9koztat\u00f3j\u00e1n. \u00c1ngel V\u00edctor Torres, a Kan\u00e1ri-szigetek eln\u00f6ke vas\u00e1rnapi rendk\u00edv\u00fcli sajt\u00f3t\u00e1j\u00e9koztat\u00f3j\u00e1n k\u00f6rnyezetv\u00e9delmi katasztr\u00f3f\u00e1nak nevezte a szombat d\u00e9lut\u00e1n keletkezett \u00e9s rendk\u00edv\u00fcl gyorsan terjed\u0151 erd\u0151t\u00fczet, amely a becsl\u00e9sek szerint m\u00e1r 1500-1700 [&hellip;]<\/p>\n","protected":false},"author":2,"featured_media":7870,"comment_status":"open","ping_status":"open","sticky":false,"template":"","format":"standard","meta":{"footnotes":""},"categories":[1],"tags":[],"class_list":["post-7869","post","type-post","status-publish","format-standard","has-post-thumbnail","hentry","category-penzugyi-hirek"],"yoast_head":"<!-- This site is optimized with the Yoast SEO plugin v27.4 - https:\/\/yoast.com\/product\/yoast-seo-wordpress\/ -->\n<title>Nem tudj\u00e1k megf\u00e9kezni a t\u00fczet a Kan\u00e1ri-szigeteken - Super News<\/title>\n<meta name=\"robots\" content=\"index, follow, max-snippet:-1, max-image-preview:large, max-video-preview:-1\" \/>\n<link rel=\"canonical\" href=\"https:\/\/super-news.info\/hu\/nem-tudjak-megfekezni-a-tuzet-a-kanari-szigeteken\/\" \/>\n<meta property=\"og:locale\" content=\"hu_HU\" \/>\n<meta property=\"og:type\" content=\"article\" \/>\n<meta property=\"og:title\" content=\"Nem tudj\u00e1k megf\u00e9kezni a t\u00fczet a Kan\u00e1ri-szigeteken - Super News\" \/>\n<meta property=\"og:description\" content=\"[ad_1] Mintegy n\u00e9gyezer embert kellett kitelep\u00edteni a Kan\u00e1ri-szigetekhez tartoz\u00f3 Gran Canari\u00e1n az egy napja tombol\u00f3 erd\u0151t\u0171z miatt \u2013 k\u00f6z\u00f6lte \u00c1ngel V\u00edctor Torres, a Kan\u00e1ri-szigetek eln\u00f6ke vas\u00e1rnapi rendk\u00edv\u00fcli sajt\u00f3t\u00e1j\u00e9koztat\u00f3j\u00e1n. \u00c1ngel V\u00edctor Torres, a Kan\u00e1ri-szigetek eln\u00f6ke vas\u00e1rnapi rendk\u00edv\u00fcli sajt\u00f3t\u00e1j\u00e9koztat\u00f3j\u00e1n k\u00f6rnyezetv\u00e9delmi katasztr\u00f3f\u00e1nak nevezte a szombat d\u00e9lut\u00e1n keletkezett \u00e9s rendk\u00edv\u00fcl gyorsan terjed\u0151 erd\u0151t\u00fczet, amely a becsl\u00e9sek szerint m\u00e1r 1500-1700 [&hellip;]\" \/>\n<meta property=\"og:url\" content=\"https:\/\/super-news.info\/hu\/nem-tudjak-megfekezni-a-tuzet-a-kanari-szigeteken\/\" \/>\n<meta property=\"og:site_name\" content=\"Super News\" \/>\n<meta property=\"article:published_time\" content=\"2019-08-18T15:16:39+00:00\" \/>\n<meta property=\"article:modified_time\" content=\"2019-08-18T15:16:41+00:00\" \/>\n<meta property=\"og:image\" content=\"https:\/\/super-news.info\/hu\/wp-content\/uploads\/sites\/3\/2019\/08\/Nem-tudj-k-megf-kezni-a-t-zet-a-Kan-ri-szigeteken.jpg\" \/>\n\t<meta property=\"og:image:width\" content=\"1400\" \/>\n\t<meta property=\"og:image:height\" content=\"935\" \/>\n\t<meta property=\"og:image:type\" content=\"image\/jpeg\" \/>\n<meta name=\"author\" content=\"super-news\" \/>\n<meta name=\"twitter:card\" content=\"summary_large_image\" \/>\n<meta name=\"twitter:label1\" content=\"Szerz\u0151:\" \/>\n\t<meta name=\"twitter:data1\" content=\"super-news\" \/>\n\t<meta name=\"twitter:label2\" content=\"Becs\u00fclt olvas\u00e1si id\u0151\" \/>\n\t<meta name=\"twitter:data2\" content=\"2 perc\" \/>\n<script type=\"application\/ld+json\" class=\"yoast-schema-graph\">{\"@context\":\"https:\\\/\\\/schema.org\",\"@graph\":[{\"@type\":\"Article\",\"@id\":\"https:\\\/\\\/super-news.info\\\/hu\\\/nem-tudjak-megfekezni-a-tuzet-a-kanari-szigeteken\\\/#article\",\"isPartOf\":{\"@id\":\"https:\\\/\\\/super-news.info\\\/hu\\\/nem-tudjak-megfekezni-a-tuzet-a-kanari-szigeteken\\\/\"},\"author\":{\"name\":\"super-news\",\"@id\":\"https:\\\/\\\/super-news.info\\\/hu\\\/#\\\/schema\\\/person\\\/2d4068cb2f39cd10008c2fce578a7356\"},\"headline\":\"Nem tudj\u00e1k megf\u00e9kezni a t\u00fczet a Kan\u00e1ri-szigeteken\",\"datePublished\":\"2019-08-18T15:16:39+00:00\",\"dateModified\":\"2019-08-18T15:16:41+00:00\",\"mainEntityOfPage\":{\"@id\":\"https:\\\/\\\/super-news.info\\\/hu\\\/nem-tudjak-megfekezni-a-tuzet-a-kanari-szigeteken\\\/\"},\"wordCount\":407,\"commentCount\":0,\"image\":{\"@id\":\"https:\\\/\\\/super-news.info\\\/hu\\\/nem-tudjak-megfekezni-a-tuzet-a-kanari-szigeteken\\\/#primaryimage\"},\"thumbnailUrl\":\"https:\\\/\\\/super-news.info\\\/hu\\\/wp-content\\\/uploads\\\/sites\\\/3\\\/2019\\\/08\\\/Nem-tudj-k-megf-kezni-a-t-zet-a-Kan-ri-szigeteken.jpg\",\"articleSection\":[\"P\u00c9NZ\u00dcGYI H\u00cdREK\"],\"inLanguage\":\"hu\",\"potentialAction\":[{\"@type\":\"CommentAction\",\"name\":\"Comment\",\"target\":[\"https:\\\/\\\/super-news.info\\\/hu\\\/nem-tudjak-megfekezni-a-tuzet-a-kanari-szigeteken\\\/#respond\"]}]},{\"@type\":\"WebPage\",\"@id\":\"https:\\\/\\\/super-news.info\\\/hu\\\/nem-tudjak-megfekezni-a-tuzet-a-kanari-szigeteken\\\/\",\"url\":\"https:\\\/\\\/super-news.info\\\/hu\\\/nem-tudjak-megfekezni-a-tuzet-a-kanari-szigeteken\\\/\",\"name\":\"Nem tudj\u00e1k megf\u00e9kezni a t\u00fczet a Kan\u00e1ri-szigeteken - Super News\",\"isPartOf\":{\"@id\":\"https:\\\/\\\/super-news.info\\\/hu\\\/#website\"},\"primaryImageOfPage\":{\"@id\":\"https:\\\/\\\/super-news.info\\\/hu\\\/nem-tudjak-megfekezni-a-tuzet-a-kanari-szigeteken\\\/#primaryimage\"},\"image\":{\"@id\":\"https:\\\/\\\/super-news.info\\\/hu\\\/nem-tudjak-megfekezni-a-tuzet-a-kanari-szigeteken\\\/#primaryimage\"},\"thumbnailUrl\":\"https:\\\/\\\/super-news.info\\\/hu\\\/wp-content\\\/uploads\\\/sites\\\/3\\\/2019\\\/08\\\/Nem-tudj-k-megf-kezni-a-t-zet-a-Kan-ri-szigeteken.jpg\",\"datePublished\":\"2019-08-18T15:16:39+00:00\",\"dateModified\":\"2019-08-18T15:16:41+00:00\",\"author\":{\"@id\":\"https:\\\/\\\/super-news.info\\\/hu\\\/#\\\/schema\\\/person\\\/2d4068cb2f39cd10008c2fce578a7356\"},\"breadcrumb\":{\"@id\":\"https:\\\/\\\/super-news.info\\\/hu\\\/nem-tudjak-megfekezni-a-tuzet-a-kanari-szigeteken\\\/#breadcrumb\"},\"inLanguage\":\"hu\",\"potentialAction\":[{\"@type\":\"ReadAction\",\"target\":[\"https:\\\/\\\/super-news.info\\\/hu\\\/nem-tudjak-megfekezni-a-tuzet-a-kanari-szigeteken\\\/\"]}]},{\"@type\":\"ImageObject\",\"inLanguage\":\"hu\",\"@id\":\"https:\\\/\\\/super-news.info\\\/hu\\\/nem-tudjak-megfekezni-a-tuzet-a-kanari-szigeteken\\\/#primaryimage\",\"url\":\"https:\\\/\\\/super-news.info\\\/hu\\\/wp-content\\\/uploads\\\/sites\\\/3\\\/2019\\\/08\\\/Nem-tudj-k-megf-kezni-a-t-zet-a-Kan-ri-szigeteken.jpg\",\"contentUrl\":\"https:\\\/\\\/super-news.info\\\/hu\\\/wp-content\\\/uploads\\\/sites\\\/3\\\/2019\\\/08\\\/Nem-tudj-k-megf-kezni-a-t-zet-a-Kan-ri-szigeteken.jpg\",\"width\":1400,\"height\":935,\"caption\":\"Nem tudj\u00e1k megf\u00e9kezni a t\u00fczet a Kan\u00e1ri-szigeteken\"},{\"@type\":\"BreadcrumbList\",\"@id\":\"https:\\\/\\\/super-news.info\\\/hu\\\/nem-tudjak-megfekezni-a-tuzet-a-kanari-szigeteken\\\/#breadcrumb\",\"itemListElement\":[{\"@type\":\"ListItem\",\"position\":1,\"name\":\"\u0413\u043b\u0430\u0432\u043d\u0430\u044f \u0441\u0442\u0440\u0430\u043d\u0438\u0446\u0430\",\"item\":\"https:\\\/\\\/super-news.info\\\/hu\\\/\"},{\"@type\":\"ListItem\",\"position\":2,\"name\":\"Nem tudj\u00e1k megf\u00e9kezni a t\u00fczet a Kan\u00e1ri-szigeteken\"}]},{\"@type\":\"WebSite\",\"@id\":\"https:\\\/\\\/super-news.info\\\/hu\\\/#website\",\"url\":\"https:\\\/\\\/super-news.info\\\/hu\\\/\",\"name\":\"Super News\",\"description\":\"Super News Magyarorsz\u00e1g\",\"potentialAction\":[{\"@type\":\"SearchAction\",\"target\":{\"@type\":\"EntryPoint\",\"urlTemplate\":\"https:\\\/\\\/super-news.info\\\/hu\\\/?s={search_term_string}\"},\"query-input\":{\"@type\":\"PropertyValueSpecification\",\"valueRequired\":true,\"valueName\":\"search_term_string\"}}],\"inLanguage\":\"hu\"},{\"@type\":\"Person\",\"@id\":\"https:\\\/\\\/super-news.info\\\/hu\\\/#\\\/schema\\\/person\\\/2d4068cb2f39cd10008c2fce578a7356\",\"name\":\"super-news\",\"image\":{\"@type\":\"ImageObject\",\"inLanguage\":\"hu\",\"@id\":\"https:\\\/\\\/secure.gravatar.com\\\/avatar\\\/64ebac40b93f26a154f8a9b5b6fdccfc46f442b26b3dd6756dbff3bf9dc76fd7?s=96&d=mm&r=g\",\"url\":\"https:\\\/\\\/secure.gravatar.com\\\/avatar\\\/64ebac40b93f26a154f8a9b5b6fdccfc46f442b26b3dd6756dbff3bf9dc76fd7?s=96&d=mm&r=g\",\"contentUrl\":\"https:\\\/\\\/secure.gravatar.com\\\/avatar\\\/64ebac40b93f26a154f8a9b5b6fdccfc46f442b26b3dd6756dbff3bf9dc76fd7?s=96&d=mm&r=g\",\"caption\":\"super-news\"},\"url\":\"https:\\\/\\\/super-news.info\\\/hu\\\/author\\\/pt\\\/\"}]}<\/script>\n<!-- \/ Yoast SEO plugin. -->","yoast_head_json":{"title":"Nem tudj\u00e1k megf\u00e9kezni a t\u00fczet a Kan\u00e1ri-szigeteken - Super News","robots":{"index":"index","follow":"follow","max-snippet":"max-snippet:-1","max-image-preview":"max-image-preview:large","max-video-preview":"max-video-preview:-1"},"canonical":"https:\/\/super-news.info\/hu\/nem-tudjak-megfekezni-a-tuzet-a-kanari-szigeteken\/","og_locale":"hu_HU","og_type":"article","og_title":"Nem tudj\u00e1k megf\u00e9kezni a t\u00fczet a Kan\u00e1ri-szigeteken - Super News","og_description":"[ad_1] Mintegy n\u00e9gyezer embert kellett kitelep\u00edteni a Kan\u00e1ri-szigetekhez tartoz\u00f3 Gran Canari\u00e1n az egy napja tombol\u00f3 erd\u0151t\u0171z miatt \u2013 k\u00f6z\u00f6lte \u00c1ngel V\u00edctor Torres, a Kan\u00e1ri-szigetek eln\u00f6ke vas\u00e1rnapi rendk\u00edv\u00fcli sajt\u00f3t\u00e1j\u00e9koztat\u00f3j\u00e1n. \u00c1ngel V\u00edctor Torres, a Kan\u00e1ri-szigetek eln\u00f6ke vas\u00e1rnapi rendk\u00edv\u00fcli sajt\u00f3t\u00e1j\u00e9koztat\u00f3j\u00e1n k\u00f6rnyezetv\u00e9delmi katasztr\u00f3f\u00e1nak nevezte a szombat d\u00e9lut\u00e1n keletkezett \u00e9s rendk\u00edv\u00fcl gyorsan terjed\u0151 erd\u0151t\u00fczet, amely a becsl\u00e9sek szerint m\u00e1r 1500-1700 [&hellip;]","og_url":"https:\/\/super-news.info\/hu\/nem-tudjak-megfekezni-a-tuzet-a-kanari-szigeteken\/","og_site_name":"Super News","article_published_time":"2019-08-18T15:16:39+00:00","article_modified_time":"2019-08-18T15:16:41+00:00","og_image":[{"width":1400,"height":935,"url":"https:\/\/super-news.info\/hu\/wp-content\/uploads\/sites\/3\/2019\/08\/Nem-tudj-k-megf-kezni-a-t-zet-a-Kan-ri-szigeteken.jpg","type":"image\/jpeg"}],"author":"super-news","twitter_card":"summary_large_image","twitter_misc":{"Szerz\u0151:":"super-news","Becs\u00fclt olvas\u00e1si id\u0151":"2 perc"},"schema":{"@context":"https:\/\/schema.org","@graph":[{"@type":"Article","@id":"https:\/\/super-news.info\/hu\/nem-tudjak-megfekezni-a-tuzet-a-kanari-szigeteken\/#article","isPartOf":{"@id":"https:\/\/super-news.info\/hu\/nem-tudjak-megfekezni-a-tuzet-a-kanari-szigeteken\/"},"author":{"name":"super-news","@id":"https:\/\/super-news.info\/hu\/#\/schema\/person\/2d4068cb2f39cd10008c2fce578a7356"},"headline":"Nem tudj\u00e1k megf\u00e9kezni a t\u00fczet a Kan\u00e1ri-szigeteken","datePublished":"2019-08-18T15:16:39+00:00","dateModified":"2019-08-18T15:16:41+00:00","mainEntityOfPage":{"@id":"https:\/\/super-news.info\/hu\/nem-tudjak-megfekezni-a-tuzet-a-kanari-szigeteken\/"},"wordCount":407,"commentCount":0,"image":{"@id":"https:\/\/super-news.info\/hu\/nem-tudjak-megfekezni-a-tuzet-a-kanari-szigeteken\/#primaryimage"},"thumbnailUrl":"https:\/\/super-news.info\/hu\/wp-content\/uploads\/sites\/3\/2019\/08\/Nem-tudj-k-megf-kezni-a-t-zet-a-Kan-ri-szigeteken.jpg","articleSection":["P\u00c9NZ\u00dcGYI H\u00cdREK"],"inLanguage":"hu","potentialAction":[{"@type":"CommentAction","name":"Comment","target":["https:\/\/super-news.info\/hu\/nem-tudjak-megfekezni-a-tuzet-a-kanari-szigeteken\/#respond"]}]},{"@type":"WebPage","@id":"https:\/\/super-news.info\/hu\/nem-tudjak-megfekezni-a-tuzet-a-kanari-szigeteken\/","url":"https:\/\/super-news.info\/hu\/nem-tudjak-megfekezni-a-tuzet-a-kanari-szigeteken\/","name":"Nem tudj\u00e1k megf\u00e9kezni a t\u00fczet a Kan\u00e1ri-szigeteken - Super News","isPartOf":{"@id":"https:\/\/super-news.info\/hu\/#website"},"primaryImageOfPage":{"@id":"https:\/\/super-news.info\/hu\/nem-tudjak-megfekezni-a-tuzet-a-kanari-szigeteken\/#primaryimage"},"image":{"@id":"https:\/\/super-news.info\/hu\/nem-tudjak-megfekezni-a-tuzet-a-kanari-szigeteken\/#primaryimage"},"thumbnailUrl":"https:\/\/super-news.info\/hu\/wp-content\/uploads\/sites\/3\/2019\/08\/Nem-tudj-k-megf-kezni-a-t-zet-a-Kan-ri-szigeteken.jpg","datePublished":"2019-08-18T15:16:39+00:00","dateModified":"2019-08-18T15:16:41+00:00","author":{"@id":"https:\/\/super-news.info\/hu\/#\/schema\/person\/2d4068cb2f39cd10008c2fce578a7356"},"breadcrumb":{"@id":"https:\/\/super-news.info\/hu\/nem-tudjak-megfekezni-a-tuzet-a-kanari-szigeteken\/#breadcrumb"},"inLanguage":"hu","potentialAction":[{"@type":"ReadAction","target":["https:\/\/super-news.info\/hu\/nem-tudjak-megfekezni-a-tuzet-a-kanari-szigeteken\/"]}]},{"@type":"ImageObject","inLanguage":"hu","@id":"https:\/\/super-news.info\/hu\/nem-tudjak-megfekezni-a-tuzet-a-kanari-szigeteken\/#primaryimage","url":"https:\/\/super-news.info\/hu\/wp-content\/uploads\/sites\/3\/2019\/08\/Nem-tudj-k-megf-kezni-a-t-zet-a-Kan-ri-szigeteken.jpg","contentUrl":"https:\/\/super-news.info\/hu\/wp-content\/uploads\/sites\/3\/2019\/08\/Nem-tudj-k-megf-kezni-a-t-zet-a-Kan-ri-szigeteken.jpg","width":1400,"height":935,"caption":"Nem tudj\u00e1k megf\u00e9kezni a t\u00fczet a Kan\u00e1ri-szigeteken"},{"@type":"BreadcrumbList","@id":"https:\/\/super-news.info\/hu\/nem-tudjak-megfekezni-a-tuzet-a-kanari-szigeteken\/#breadcrumb","itemListElement":[{"@type":"ListItem","position":1,"name":"\u0413\u043b\u0430\u0432\u043d\u0430\u044f \u0441\u0442\u0440\u0430\u043d\u0438\u0446\u0430","item":"https:\/\/super-news.info\/hu\/"},{"@type":"ListItem","position":2,"name":"Nem tudj\u00e1k megf\u00e9kezni a t\u00fczet a Kan\u00e1ri-szigeteken"}]},{"@type":"WebSite","@id":"https:\/\/super-news.info\/hu\/#website","url":"https:\/\/super-news.info\/hu\/","name":"Super News","description":"Super News Magyarorsz\u00e1g","potentialAction":[{"@type":"SearchAction","target":{"@type":"EntryPoint","urlTemplate":"https:\/\/super-news.info\/hu\/?s={search_term_string}"},"query-input":{"@type":"PropertyValueSpecification","valueRequired":true,"valueName":"search_term_string"}}],"inLanguage":"hu"},{"@type":"Person","@id":"https:\/\/super-news.info\/hu\/#\/schema\/person\/2d4068cb2f39cd10008c2fce578a7356","name":"super-news","image":{"@type":"ImageObject","inLanguage":"hu","@id":"https:\/\/secure.gravatar.com\/avatar\/64ebac40b93f26a154f8a9b5b6fdccfc46f442b26b3dd6756dbff3bf9dc76fd7?s=96&d=mm&r=g","url":"https:\/\/secure.gravatar.com\/avatar\/64ebac40b93f26a154f8a9b5b6fdccfc46f442b26b3dd6756dbff3bf9dc76fd7?s=96&d=mm&r=g","contentUrl":"https:\/\/secure.gravatar.com\/avatar\/64ebac40b93f26a154f8a9b5b6fdccfc46f442b26b3dd6756dbff3bf9dc76fd7?s=96&d=mm&r=g","caption":"super-news"},"url":"https:\/\/super-news.info\/hu\/author\/pt\/"}]}},"_links":{"self":[{"href":"https:\/\/super-news.info\/hu\/wp-json\/wp\/v2\/posts\/7869","targetHints":{"allow":["GET"]}}],"collection":[{"href":"https:\/\/super-news.info\/hu\/wp-json\/wp\/v2\/posts"}],"about":[{"href":"https:\/\/super-news.info\/hu\/wp-json\/wp\/v2\/types\/post"}],"author":[{"embeddable":true,"href":"https:\/\/super-news.info\/hu\/wp-json\/wp\/v2\/users\/2"}],"replies":[{"embeddable":true,"href":"https:\/\/super-news.info\/hu\/wp-json\/wp\/v2\/comments?post=7869"}],"version-history":[{"count":1,"href":"https:\/\/super-news.info\/hu\/wp-json\/wp\/v2\/posts\/7869\/revisions"}],"predecessor-version":[{"id":7871,"href":"https:\/\/super-news.info\/hu\/wp-json\/wp\/v2\/posts\/7869\/revisions\/7871"}],"wp:featuredmedia":[{"embeddable":true,"href":"https:\/\/super-news.info\/hu\/wp-json\/wp\/v2\/media\/7870"}],"wp:attachment":[{"href":"https:\/\/super-news.info\/hu\/wp-json\/wp\/v2\/media?parent=7869"}],"wp:term":[{"taxonomy":"category","embeddable":true,"href":"https:\/\/super-news.info\/hu\/wp-json\/wp\/v2\/categories?post=7869"},{"taxonomy":"post_tag","embeddable":true,"href":"https:\/\/super-news.info\/hu\/wp-json\/wp\/v2\/tags?post=7869"}],"curies":[{"name":"wp","href":"https:\/\/api.w.org\/{rel}","templated":true}]}}