{"id":7867,"date":"2019-08-18T17:25:07","date_gmt":"2019-08-18T14:25:07","guid":{"rendered":"https:\/\/super-news.info\/hu\/a-jovo-heten-is-sok-lesz-a-napsutes\/"},"modified":"2019-08-18T17:25:07","modified_gmt":"2019-08-18T14:25:07","slug":"a-jovo-heten-is-sok-lesz-a-napsutes","status":"publish","type":"post","link":"https:\/\/super-news.info\/hu\/a-jovo-heten-is-sok-lesz-a-napsutes\/","title":{"rendered":"A j\u00f6v\u0151 h\u00e9ten is sok lesz a naps\u00fct\u00e9s"},"content":{"rendered":"<p> [ad_1]<br \/>\n<\/p>\n<p>\n\t\t\t\t\t\t\t\tA j\u00f6v\u0151 h\u00e9ten is sok lesz a naps\u00fct\u00e9s, csak helyenk\u00e9nt lehetnek z\u00e1porok, zivatarok. Augusztus 20-\u00e1n is sz\u00e1raz id\u0151 v\u00e1rhat\u00f3, k\u00e1nikul\u00e1val. A h\u00e9t m\u00e1sodik fel\u00e9ben m\u00e9rs\u00e9kl\u0151dik a meleg \u2013 der\u00fcl ki az Orsz\u00e1gos Meteorol\u00f3giai Szolg\u00e1lat orsz\u00e1gos, k\u00f6z\u00e9pt\u00e1v\u00fa el\u0151rejelz\u00e9s\u00e9b\u0151l.\t\t\t\t\t\t\t<\/p>\n<div>\n<p>H\u00e9tf\u0151n napos id\u0151 v\u00e1rhat\u00f3, de a nyugati hat\u00e1rvid\u00e9k f\u00f6l\u00e9 d\u00e9lut\u00e1n, este besodr\u00f3dhat egy-egy zivatar. A legmagasabb h\u0151m\u00e9rs\u00e9klet 29 \u00e9s 34 fok k\u00f6z\u00f6tt alakul.<\/p>\n<div id=\"attachment_1561211\" style=\"width: 1410px\" class=\"wp-caption alignnone\">\n<p class=\"wp-caption-text\">Fot\u00f3: Oliver Berg\/dpa\/AFP<\/p>\n<\/div>\n<p>Kedden, augusztus 20-\u00e1n t\u00falnyom\u00f3an napos id\u0151 lesz, csapad\u00e9k nem val\u00f3sz\u00edn\u0171, de Sopron t\u00e9rs\u00e9g\u00e9ben lehet egy-egy zivatar. A leghidegebb \u00f3r\u00e1kban 14-20 fok lesz, napk\u00f6zben 30-34 fokig melegszik fel a leveg\u0151. Budapest t\u00e9rs\u00e9g\u00e9ben gyeng\u00e9n felh\u0151s, sz\u00e1raz id\u0151 val\u00f3sz\u00edn\u0171, t\u00f6bbnyire m\u00e9rs\u00e9kelt l\u00e9gmozg\u00e1ssal, a d\u00e9lel\u0151tti \u00e9s esti \u00f3r\u00e1kban is. A hajnali 18 fokr\u00f3l 33 fokig emelkedik a h\u0151m\u00e9rs\u00e9klet.<\/p>\n<p>Szerd\u00e1n t\u00f6bb \u00f3r\u00e1ra kis\u00fct a nap. A nyugati \u00e9s \u00e9szaki megy\u00e9kben el\u0151fordulhat z\u00e1por, zivatar, m\u00e1sutt nem val\u00f3sz\u00edn\u0171 csapad\u00e9k. A sz\u00e9l t\u00f6bb helyen meger\u0151s\u00f6dik, a Dun\u00e1nt\u00falon n\u00e9hol viharos sz\u00e9ll\u00f6k\u00e9sek is lehetnek. A minimumh\u0151m\u00e9rs\u00e9klet 16-22, a maximumh\u0151m\u00e9rs\u00e9klet nyugaton 25, keleten 34 fok k\u00f6r\u00fcl alakul.<\/p>\n<p>Cs\u00fct\u00f6rt\u00f6k\u00f6n is t\u00f6bb\u00f3r\u00e1s naps\u00fct\u00e9s v\u00e1rhat\u00f3, csak helyenk\u00e9nt alakulhat ki z\u00e1por, zivatar. A sz\u00e9l az orsz\u00e1g keleti fel\u00e9ben eleinte er\u0151s lesz, majd fokozatosan m\u00e9rs\u00e9kl\u0151dik a l\u00e9gmozg\u00e1s. A legalacsonyabb h\u0151m\u00e9rs\u00e9klet 15 \u00e9s 20, a legmagasabb h\u0151m\u00e9rs\u00e9klet 26 \u00e9s 32 fok k\u00f6z\u00f6tt alakul.<\/p>\n<p>P\u00e9nteken is sok lesz a naps\u00fct\u00e9s, de helyenk\u00e9nt kialakulhat z\u00e1por, zivatar. A leghidegebb \u00f3r\u00e1kban 14-19 fok lesz. Napk\u00f6zben 26-31 fokig melegszik fel a leveg\u0151.<\/p>\n<p>Szombaton a t\u00f6bb-kevesebb naps\u00fct\u00e9s mellett sz\u00f3rv\u00e1nyosan val\u00f3sz\u00edn\u0171 z\u00e1por, zivatar. A sz\u00e9l helyenk\u00e9nt meg\u00e9l\u00e9nk\u00fcl, de zivatarok k\u00f6rnyezet\u00e9ben viharos sz\u00e9ll\u00f6k\u00e9s is lehet. A minimumh\u0151m\u00e9rs\u00e9klet 14 \u00e9s 19 fok k\u00f6z\u00f6tt val\u00f3sz\u00edn\u0171. A nappali maximumok 26 \u00e9s 31 fok k\u00f6z\u00f6tt alakulnak.<\/p>\n<p>Vas\u00e1rnap is jellemz\u0151en naps\u00fct\u00e9ses lesz az id\u0151, sz\u00f3rv\u00e1nyosan v\u00e1rhat\u00f3 z\u00e1por, zivatar. Zivatarok k\u00f6rnyezet\u00e9ben lehetnek viharos sz\u00e9ll\u00f6k\u00e9sek. A legalacsonyabb h\u0151m\u00e9rs\u00e9klet 14 \u00e9s 19, a legmagasabb h\u0151m\u00e9rs\u00e9klet 26 \u00e9s 31 fok k\u00f6z\u00f6tt alakul \u2013 olvashat\u00f3 az el\u0151rejelz\u00e9sben.<\/p>\n<\/p><\/div>\n<p><script>\n    window.fbAsyncInit = function() {\n        FB.init({\n            appId      : \"204760236815359\",\n            xfbml      : true,\n            version    : \"v2.12\"\n        });\n        FB.AppEvents.logPageView();\n    };<\/p>\n<p>    (function(d, s, id){\n        var js, fjs = d.getElementsByTagName(s)[0];\n        if (d.getElementById(id)) {return;}\n        js = d.createElement(s); js.id = id;\n        js.src = \"http:\/\/connect.facebook.net\/hu_HU\/sdk.js\";\n        fjs.parentNode.insertBefore(js, fjs);\n    }(document, \"script\", \"facebook-jssdk\"));\n<\/script><br \/>\n<br \/>[ad_2]<br \/>\n<br \/><a href=\"https:\/\/www.vg.hu\/kozelet\/kozeleti-hirek\/a-jovo-heten-is-sok-lesz-a-napsutes-1696336\/\">Source link <\/a><\/p>\n","protected":false},"excerpt":{"rendered":"<p>[ad_1] A j\u00f6v\u0151 h\u00e9ten is sok lesz a naps\u00fct\u00e9s, csak helyenk\u00e9nt lehetnek z\u00e1porok, zivatarok. Augusztus 20-\u00e1n is sz\u00e1raz id\u0151 v\u00e1rhat\u00f3, k\u00e1nikul\u00e1val. A h\u00e9t m\u00e1sodik fel\u00e9ben m\u00e9rs\u00e9kl\u0151dik a meleg \u2013 der\u00fcl ki az Orsz\u00e1gos Meteorol\u00f3giai Szolg\u00e1lat orsz\u00e1gos, k\u00f6z\u00e9pt\u00e1v\u00fa el\u0151rejelz\u00e9s\u00e9b\u0151l. H\u00e9tf\u0151n napos id\u0151 v\u00e1rhat\u00f3, de a nyugati hat\u00e1rvid\u00e9k f\u00f6l\u00e9 d\u00e9lut\u00e1n, este besodr\u00f3dhat egy-egy zivatar. A legmagasabb h\u0151m\u00e9rs\u00e9klet [&hellip;]<\/p>\n","protected":false},"author":2,"featured_media":5908,"comment_status":"open","ping_status":"open","sticky":false,"template":"","format":"standard","meta":{"footnotes":""},"categories":[1],"tags":[],"class_list":["post-7867","post","type-post","status-publish","format-standard","has-post-thumbnail","hentry","category-penzugyi-hirek"],"yoast_head":"<!-- This site is optimized with the Yoast SEO plugin v27.4 - https:\/\/yoast.com\/product\/yoast-seo-wordpress\/ -->\n<title>A j\u00f6v\u0151 h\u00e9ten is sok lesz a naps\u00fct\u00e9s - Super News<\/title>\n<meta name=\"robots\" content=\"index, follow, max-snippet:-1, max-image-preview:large, max-video-preview:-1\" \/>\n<link rel=\"canonical\" href=\"https:\/\/super-news.info\/hu\/a-jovo-heten-is-sok-lesz-a-napsutes\/\" \/>\n<meta property=\"og:locale\" content=\"hu_HU\" \/>\n<meta property=\"og:type\" content=\"article\" \/>\n<meta property=\"og:title\" content=\"A j\u00f6v\u0151 h\u00e9ten is sok lesz a naps\u00fct\u00e9s - Super News\" \/>\n<meta property=\"og:description\" content=\"[ad_1] A j\u00f6v\u0151 h\u00e9ten is sok lesz a naps\u00fct\u00e9s, csak helyenk\u00e9nt lehetnek z\u00e1porok, zivatarok. Augusztus 20-\u00e1n is sz\u00e1raz id\u0151 v\u00e1rhat\u00f3, k\u00e1nikul\u00e1val. A h\u00e9t m\u00e1sodik fel\u00e9ben m\u00e9rs\u00e9kl\u0151dik a meleg \u2013 der\u00fcl ki az Orsz\u00e1gos Meteorol\u00f3giai Szolg\u00e1lat orsz\u00e1gos, k\u00f6z\u00e9pt\u00e1v\u00fa el\u0151rejelz\u00e9s\u00e9b\u0151l. H\u00e9tf\u0151n napos id\u0151 v\u00e1rhat\u00f3, de a nyugati hat\u00e1rvid\u00e9k f\u00f6l\u00e9 d\u00e9lut\u00e1n, este besodr\u00f3dhat egy-egy zivatar. A legmagasabb h\u0151m\u00e9rs\u00e9klet [&hellip;]\" \/>\n<meta property=\"og:url\" content=\"https:\/\/super-news.info\/hu\/a-jovo-heten-is-sok-lesz-a-napsutes\/\" \/>\n<meta property=\"og:site_name\" content=\"Super News\" \/>\n<meta property=\"article:published_time\" content=\"2019-08-18T14:25:07+00:00\" \/>\n<meta property=\"og:image\" content=\"https:\/\/super-news.info\/hu\/wp-content\/uploads\/sites\/3\/2019\/07\/Az-id\u0151j\u00e1r\u00e1s-v\u00e1ltoz\u00e1s-ellen-nincsenek-csodaszerek.jpg\" \/>\n\t<meta property=\"og:image:width\" content=\"1400\" \/>\n\t<meta property=\"og:image:height\" content=\"1014\" \/>\n\t<meta property=\"og:image:type\" content=\"image\/jpeg\" \/>\n<meta name=\"author\" content=\"super-news\" \/>\n<meta name=\"twitter:card\" content=\"summary_large_image\" \/>\n<meta name=\"twitter:label1\" content=\"Szerz\u0151:\" \/>\n\t<meta name=\"twitter:data1\" content=\"super-news\" \/>\n\t<meta name=\"twitter:label2\" content=\"Becs\u00fclt olvas\u00e1si id\u0151\" \/>\n\t<meta name=\"twitter:data2\" content=\"2 perc\" \/>\n<script type=\"application\/ld+json\" class=\"yoast-schema-graph\">{\"@context\":\"https:\\\/\\\/schema.org\",\"@graph\":[{\"@type\":\"Article\",\"@id\":\"https:\\\/\\\/super-news.info\\\/hu\\\/a-jovo-heten-is-sok-lesz-a-napsutes\\\/#article\",\"isPartOf\":{\"@id\":\"https:\\\/\\\/super-news.info\\\/hu\\\/a-jovo-heten-is-sok-lesz-a-napsutes\\\/\"},\"author\":{\"name\":\"super-news\",\"@id\":\"https:\\\/\\\/super-news.info\\\/hu\\\/#\\\/schema\\\/person\\\/2d4068cb2f39cd10008c2fce578a7356\"},\"headline\":\"A j\u00f6v\u0151 h\u00e9ten is sok lesz a naps\u00fct\u00e9s\",\"datePublished\":\"2019-08-18T14:25:07+00:00\",\"mainEntityOfPage\":{\"@id\":\"https:\\\/\\\/super-news.info\\\/hu\\\/a-jovo-heten-is-sok-lesz-a-napsutes\\\/\"},\"wordCount\":482,\"commentCount\":0,\"image\":{\"@id\":\"https:\\\/\\\/super-news.info\\\/hu\\\/a-jovo-heten-is-sok-lesz-a-napsutes\\\/#primaryimage\"},\"thumbnailUrl\":\"https:\\\/\\\/super-news.info\\\/hu\\\/wp-content\\\/uploads\\\/sites\\\/3\\\/2019\\\/07\\\/Az-id\u0151j\u00e1r\u00e1s-v\u00e1ltoz\u00e1s-ellen-nincsenek-csodaszerek.jpg\",\"articleSection\":[\"P\u00c9NZ\u00dcGYI H\u00cdREK\"],\"inLanguage\":\"hu\",\"potentialAction\":[{\"@type\":\"CommentAction\",\"name\":\"Comment\",\"target\":[\"https:\\\/\\\/super-news.info\\\/hu\\\/a-jovo-heten-is-sok-lesz-a-napsutes\\\/#respond\"]}]},{\"@type\":\"WebPage\",\"@id\":\"https:\\\/\\\/super-news.info\\\/hu\\\/a-jovo-heten-is-sok-lesz-a-napsutes\\\/\",\"url\":\"https:\\\/\\\/super-news.info\\\/hu\\\/a-jovo-heten-is-sok-lesz-a-napsutes\\\/\",\"name\":\"A j\u00f6v\u0151 h\u00e9ten is sok lesz a naps\u00fct\u00e9s - Super News\",\"isPartOf\":{\"@id\":\"https:\\\/\\\/super-news.info\\\/hu\\\/#website\"},\"primaryImageOfPage\":{\"@id\":\"https:\\\/\\\/super-news.info\\\/hu\\\/a-jovo-heten-is-sok-lesz-a-napsutes\\\/#primaryimage\"},\"image\":{\"@id\":\"https:\\\/\\\/super-news.info\\\/hu\\\/a-jovo-heten-is-sok-lesz-a-napsutes\\\/#primaryimage\"},\"thumbnailUrl\":\"https:\\\/\\\/super-news.info\\\/hu\\\/wp-content\\\/uploads\\\/sites\\\/3\\\/2019\\\/07\\\/Az-id\u0151j\u00e1r\u00e1s-v\u00e1ltoz\u00e1s-ellen-nincsenek-csodaszerek.jpg\",\"datePublished\":\"2019-08-18T14:25:07+00:00\",\"author\":{\"@id\":\"https:\\\/\\\/super-news.info\\\/hu\\\/#\\\/schema\\\/person\\\/2d4068cb2f39cd10008c2fce578a7356\"},\"breadcrumb\":{\"@id\":\"https:\\\/\\\/super-news.info\\\/hu\\\/a-jovo-heten-is-sok-lesz-a-napsutes\\\/#breadcrumb\"},\"inLanguage\":\"hu\",\"potentialAction\":[{\"@type\":\"ReadAction\",\"target\":[\"https:\\\/\\\/super-news.info\\\/hu\\\/a-jovo-heten-is-sok-lesz-a-napsutes\\\/\"]}]},{\"@type\":\"ImageObject\",\"inLanguage\":\"hu\",\"@id\":\"https:\\\/\\\/super-news.info\\\/hu\\\/a-jovo-heten-is-sok-lesz-a-napsutes\\\/#primaryimage\",\"url\":\"https:\\\/\\\/super-news.info\\\/hu\\\/wp-content\\\/uploads\\\/sites\\\/3\\\/2019\\\/07\\\/Az-id\u0151j\u00e1r\u00e1s-v\u00e1ltoz\u00e1s-ellen-nincsenek-csodaszerek.jpg\",\"contentUrl\":\"https:\\\/\\\/super-news.info\\\/hu\\\/wp-content\\\/uploads\\\/sites\\\/3\\\/2019\\\/07\\\/Az-id\u0151j\u00e1r\u00e1s-v\u00e1ltoz\u00e1s-ellen-nincsenek-csodaszerek.jpg\",\"width\":1400,\"height\":1014,\"caption\":\"Az id\u0151j\u00e1r\u00e1s-v\u00e1ltoz\u00e1s ellen nincsenek csodaszerek\"},{\"@type\":\"BreadcrumbList\",\"@id\":\"https:\\\/\\\/super-news.info\\\/hu\\\/a-jovo-heten-is-sok-lesz-a-napsutes\\\/#breadcrumb\",\"itemListElement\":[{\"@type\":\"ListItem\",\"position\":1,\"name\":\"\u0413\u043b\u0430\u0432\u043d\u0430\u044f \u0441\u0442\u0440\u0430\u043d\u0438\u0446\u0430\",\"item\":\"https:\\\/\\\/super-news.info\\\/hu\\\/\"},{\"@type\":\"ListItem\",\"position\":2,\"name\":\"A j\u00f6v\u0151 h\u00e9ten is sok lesz a naps\u00fct\u00e9s\"}]},{\"@type\":\"WebSite\",\"@id\":\"https:\\\/\\\/super-news.info\\\/hu\\\/#website\",\"url\":\"https:\\\/\\\/super-news.info\\\/hu\\\/\",\"name\":\"Super News\",\"description\":\"Super News Magyarorsz\u00e1g\",\"potentialAction\":[{\"@type\":\"SearchAction\",\"target\":{\"@type\":\"EntryPoint\",\"urlTemplate\":\"https:\\\/\\\/super-news.info\\\/hu\\\/?s={search_term_string}\"},\"query-input\":{\"@type\":\"PropertyValueSpecification\",\"valueRequired\":true,\"valueName\":\"search_term_string\"}}],\"inLanguage\":\"hu\"},{\"@type\":\"Person\",\"@id\":\"https:\\\/\\\/super-news.info\\\/hu\\\/#\\\/schema\\\/person\\\/2d4068cb2f39cd10008c2fce578a7356\",\"name\":\"super-news\",\"image\":{\"@type\":\"ImageObject\",\"inLanguage\":\"hu\",\"@id\":\"https:\\\/\\\/secure.gravatar.com\\\/avatar\\\/64ebac40b93f26a154f8a9b5b6fdccfc46f442b26b3dd6756dbff3bf9dc76fd7?s=96&d=mm&r=g\",\"url\":\"https:\\\/\\\/secure.gravatar.com\\\/avatar\\\/64ebac40b93f26a154f8a9b5b6fdccfc46f442b26b3dd6756dbff3bf9dc76fd7?s=96&d=mm&r=g\",\"contentUrl\":\"https:\\\/\\\/secure.gravatar.com\\\/avatar\\\/64ebac40b93f26a154f8a9b5b6fdccfc46f442b26b3dd6756dbff3bf9dc76fd7?s=96&d=mm&r=g\",\"caption\":\"super-news\"},\"url\":\"https:\\\/\\\/super-news.info\\\/hu\\\/author\\\/pt\\\/\"}]}<\/script>\n<!-- \/ Yoast SEO plugin. -->","yoast_head_json":{"title":"A j\u00f6v\u0151 h\u00e9ten is sok lesz a naps\u00fct\u00e9s - Super News","robots":{"index":"index","follow":"follow","max-snippet":"max-snippet:-1","max-image-preview":"max-image-preview:large","max-video-preview":"max-video-preview:-1"},"canonical":"https:\/\/super-news.info\/hu\/a-jovo-heten-is-sok-lesz-a-napsutes\/","og_locale":"hu_HU","og_type":"article","og_title":"A j\u00f6v\u0151 h\u00e9ten is sok lesz a naps\u00fct\u00e9s - Super News","og_description":"[ad_1] A j\u00f6v\u0151 h\u00e9ten is sok lesz a naps\u00fct\u00e9s, csak helyenk\u00e9nt lehetnek z\u00e1porok, zivatarok. Augusztus 20-\u00e1n is sz\u00e1raz id\u0151 v\u00e1rhat\u00f3, k\u00e1nikul\u00e1val. A h\u00e9t m\u00e1sodik fel\u00e9ben m\u00e9rs\u00e9kl\u0151dik a meleg \u2013 der\u00fcl ki az Orsz\u00e1gos Meteorol\u00f3giai Szolg\u00e1lat orsz\u00e1gos, k\u00f6z\u00e9pt\u00e1v\u00fa el\u0151rejelz\u00e9s\u00e9b\u0151l. H\u00e9tf\u0151n napos id\u0151 v\u00e1rhat\u00f3, de a nyugati hat\u00e1rvid\u00e9k f\u00f6l\u00e9 d\u00e9lut\u00e1n, este besodr\u00f3dhat egy-egy zivatar. A legmagasabb h\u0151m\u00e9rs\u00e9klet [&hellip;]","og_url":"https:\/\/super-news.info\/hu\/a-jovo-heten-is-sok-lesz-a-napsutes\/","og_site_name":"Super News","article_published_time":"2019-08-18T14:25:07+00:00","og_image":[{"width":1400,"height":1014,"url":"https:\/\/super-news.info\/hu\/wp-content\/uploads\/sites\/3\/2019\/07\/Az-id\u0151j\u00e1r\u00e1s-v\u00e1ltoz\u00e1s-ellen-nincsenek-csodaszerek.jpg","type":"image\/jpeg"}],"author":"super-news","twitter_card":"summary_large_image","twitter_misc":{"Szerz\u0151:":"super-news","Becs\u00fclt olvas\u00e1si id\u0151":"2 perc"},"schema":{"@context":"https:\/\/schema.org","@graph":[{"@type":"Article","@id":"https:\/\/super-news.info\/hu\/a-jovo-heten-is-sok-lesz-a-napsutes\/#article","isPartOf":{"@id":"https:\/\/super-news.info\/hu\/a-jovo-heten-is-sok-lesz-a-napsutes\/"},"author":{"name":"super-news","@id":"https:\/\/super-news.info\/hu\/#\/schema\/person\/2d4068cb2f39cd10008c2fce578a7356"},"headline":"A j\u00f6v\u0151 h\u00e9ten is sok lesz a naps\u00fct\u00e9s","datePublished":"2019-08-18T14:25:07+00:00","mainEntityOfPage":{"@id":"https:\/\/super-news.info\/hu\/a-jovo-heten-is-sok-lesz-a-napsutes\/"},"wordCount":482,"commentCount":0,"image":{"@id":"https:\/\/super-news.info\/hu\/a-jovo-heten-is-sok-lesz-a-napsutes\/#primaryimage"},"thumbnailUrl":"https:\/\/super-news.info\/hu\/wp-content\/uploads\/sites\/3\/2019\/07\/Az-id\u0151j\u00e1r\u00e1s-v\u00e1ltoz\u00e1s-ellen-nincsenek-csodaszerek.jpg","articleSection":["P\u00c9NZ\u00dcGYI H\u00cdREK"],"inLanguage":"hu","potentialAction":[{"@type":"CommentAction","name":"Comment","target":["https:\/\/super-news.info\/hu\/a-jovo-heten-is-sok-lesz-a-napsutes\/#respond"]}]},{"@type":"WebPage","@id":"https:\/\/super-news.info\/hu\/a-jovo-heten-is-sok-lesz-a-napsutes\/","url":"https:\/\/super-news.info\/hu\/a-jovo-heten-is-sok-lesz-a-napsutes\/","name":"A j\u00f6v\u0151 h\u00e9ten is sok lesz a naps\u00fct\u00e9s - Super News","isPartOf":{"@id":"https:\/\/super-news.info\/hu\/#website"},"primaryImageOfPage":{"@id":"https:\/\/super-news.info\/hu\/a-jovo-heten-is-sok-lesz-a-napsutes\/#primaryimage"},"image":{"@id":"https:\/\/super-news.info\/hu\/a-jovo-heten-is-sok-lesz-a-napsutes\/#primaryimage"},"thumbnailUrl":"https:\/\/super-news.info\/hu\/wp-content\/uploads\/sites\/3\/2019\/07\/Az-id\u0151j\u00e1r\u00e1s-v\u00e1ltoz\u00e1s-ellen-nincsenek-csodaszerek.jpg","datePublished":"2019-08-18T14:25:07+00:00","author":{"@id":"https:\/\/super-news.info\/hu\/#\/schema\/person\/2d4068cb2f39cd10008c2fce578a7356"},"breadcrumb":{"@id":"https:\/\/super-news.info\/hu\/a-jovo-heten-is-sok-lesz-a-napsutes\/#breadcrumb"},"inLanguage":"hu","potentialAction":[{"@type":"ReadAction","target":["https:\/\/super-news.info\/hu\/a-jovo-heten-is-sok-lesz-a-napsutes\/"]}]},{"@type":"ImageObject","inLanguage":"hu","@id":"https:\/\/super-news.info\/hu\/a-jovo-heten-is-sok-lesz-a-napsutes\/#primaryimage","url":"https:\/\/super-news.info\/hu\/wp-content\/uploads\/sites\/3\/2019\/07\/Az-id\u0151j\u00e1r\u00e1s-v\u00e1ltoz\u00e1s-ellen-nincsenek-csodaszerek.jpg","contentUrl":"https:\/\/super-news.info\/hu\/wp-content\/uploads\/sites\/3\/2019\/07\/Az-id\u0151j\u00e1r\u00e1s-v\u00e1ltoz\u00e1s-ellen-nincsenek-csodaszerek.jpg","width":1400,"height":1014,"caption":"Az id\u0151j\u00e1r\u00e1s-v\u00e1ltoz\u00e1s ellen nincsenek csodaszerek"},{"@type":"BreadcrumbList","@id":"https:\/\/super-news.info\/hu\/a-jovo-heten-is-sok-lesz-a-napsutes\/#breadcrumb","itemListElement":[{"@type":"ListItem","position":1,"name":"\u0413\u043b\u0430\u0432\u043d\u0430\u044f \u0441\u0442\u0440\u0430\u043d\u0438\u0446\u0430","item":"https:\/\/super-news.info\/hu\/"},{"@type":"ListItem","position":2,"name":"A j\u00f6v\u0151 h\u00e9ten is sok lesz a naps\u00fct\u00e9s"}]},{"@type":"WebSite","@id":"https:\/\/super-news.info\/hu\/#website","url":"https:\/\/super-news.info\/hu\/","name":"Super News","description":"Super News Magyarorsz\u00e1g","potentialAction":[{"@type":"SearchAction","target":{"@type":"EntryPoint","urlTemplate":"https:\/\/super-news.info\/hu\/?s={search_term_string}"},"query-input":{"@type":"PropertyValueSpecification","valueRequired":true,"valueName":"search_term_string"}}],"inLanguage":"hu"},{"@type":"Person","@id":"https:\/\/super-news.info\/hu\/#\/schema\/person\/2d4068cb2f39cd10008c2fce578a7356","name":"super-news","image":{"@type":"ImageObject","inLanguage":"hu","@id":"https:\/\/secure.gravatar.com\/avatar\/64ebac40b93f26a154f8a9b5b6fdccfc46f442b26b3dd6756dbff3bf9dc76fd7?s=96&d=mm&r=g","url":"https:\/\/secure.gravatar.com\/avatar\/64ebac40b93f26a154f8a9b5b6fdccfc46f442b26b3dd6756dbff3bf9dc76fd7?s=96&d=mm&r=g","contentUrl":"https:\/\/secure.gravatar.com\/avatar\/64ebac40b93f26a154f8a9b5b6fdccfc46f442b26b3dd6756dbff3bf9dc76fd7?s=96&d=mm&r=g","caption":"super-news"},"url":"https:\/\/super-news.info\/hu\/author\/pt\/"}]}},"_links":{"self":[{"href":"https:\/\/super-news.info\/hu\/wp-json\/wp\/v2\/posts\/7867","targetHints":{"allow":["GET"]}}],"collection":[{"href":"https:\/\/super-news.info\/hu\/wp-json\/wp\/v2\/posts"}],"about":[{"href":"https:\/\/super-news.info\/hu\/wp-json\/wp\/v2\/types\/post"}],"author":[{"embeddable":true,"href":"https:\/\/super-news.info\/hu\/wp-json\/wp\/v2\/users\/2"}],"replies":[{"embeddable":true,"href":"https:\/\/super-news.info\/hu\/wp-json\/wp\/v2\/comments?post=7867"}],"version-history":[{"count":1,"href":"https:\/\/super-news.info\/hu\/wp-json\/wp\/v2\/posts\/7867\/revisions"}],"predecessor-version":[{"id":7868,"href":"https:\/\/super-news.info\/hu\/wp-json\/wp\/v2\/posts\/7867\/revisions\/7868"}],"wp:featuredmedia":[{"embeddable":true,"href":"https:\/\/super-news.info\/hu\/wp-json\/wp\/v2\/media\/5908"}],"wp:attachment":[{"href":"https:\/\/super-news.info\/hu\/wp-json\/wp\/v2\/media?parent=7867"}],"wp:term":[{"taxonomy":"category","embeddable":true,"href":"https:\/\/super-news.info\/hu\/wp-json\/wp\/v2\/categories?post=7867"},{"taxonomy":"post_tag","embeddable":true,"href":"https:\/\/super-news.info\/hu\/wp-json\/wp\/v2\/tags?post=7867"}],"curies":[{"name":"wp","href":"https:\/\/api.w.org\/{rel}","templated":true}]}}