{"id":7860,"date":"2019-08-18T14:45:54","date_gmt":"2019-08-18T11:45:54","guid":{"rendered":"https:\/\/super-news.info\/hu\/osszefogott-pecs-es-kaposvar-az-autopalyaert\/"},"modified":"2019-08-18T14:45:55","modified_gmt":"2019-08-18T11:45:55","slug":"osszefogott-pecs-es-kaposvar-az-autopalyaert","status":"publish","type":"post","link":"https:\/\/super-news.info\/hu\/osszefogott-pecs-es-kaposvar-az-autopalyaert\/","title":{"rendered":"\u00d6sszefogott P\u00e9cs \u00e9s Kaposv\u00e1r az aut\u00f3p\u00e1ly\u00e1\u00e9rt"},"content":{"rendered":"<p> [ad_1]<br \/>\n<\/p>\n<p>\n\t\t\t\t\t\t\t\tA Magyarorsz\u00e1got nyugati-keleti ir\u00e1nyban \u00e1tszel\u0151, leend\u0151 M9-es aut\u00f3p\u00e1ly\u00e1r\u00f3l egyeztetett Szita K\u00e1roly, Kaposv\u00e1r korm\u00e1nyp\u00e1rti polg\u00e1rmestere \u00e9s V\u00e1ri Attila, P\u00e9cs korm\u00e1nyp\u00e1rti polg\u00e1rmester-jel\u00f6ltje \u2013 hangzott el az M1 aktu\u00e1lis csatorn\u00e1n szombaton.\t\t\t\t\t\t\t<\/p>\n<div>\n<p>Szita K\u00e1roly \u00e9s V\u00e1ri Attila egyet\u00e9rtettek abban, hogy a gyorsforgalmi \u00fatnak gazdas\u00e1g\u00e9l\u00e9nk\u00edt\u0151 hat\u00e1sa lenne a t\u00e9rs\u00e9gben, ez\u00e9rt a k\u00e9t v\u00e1rosnak k\u00f6z\u00f6s \u00e9rdeke, hogy min\u00e9l hamarabb megval\u00f3suljon a beruh\u00e1z\u00e1s.<\/p>\n<div id=\"attachment_1175621\" style=\"width: 1410px\" class=\"wp-caption alignnone\">\n<p class=\"wp-caption-text\">Fot\u00f3: MTI \/K\u00e1lm\u00e1ndy Ferenc<\/p>\n<\/div>\n<p>V\u00e1ri Attila az M1 aktu\u00e1lis csatorn\u00e1nak azt mondta, ha az M9-es aut\u00f3p\u00e1lya P\u00e9cset is el\u00e9rn\u00e9, az komoly l\u00f6k\u00e9st adna a v\u00e1ros gazdas\u00e1gi fejl\u0151d\u00e9s\u00e9nek. A v\u00e1rosnak azonban nemcsak az a feladata, hogy saj\u00e1t mag\u00e1t, hanem hogy a r\u00e9gi\u00f3t is er\u0151s\u00edtse, \u00e9s hat\u00e1ron \u00e1tny\u00fal\u00f3 r\u00e9gi\u00f3s k\u00f6zpontt\u00e1 n\u0151j\u00f6n \u2013 hangs\u00falyozta.<\/p>\n<p>Hozz\u00e1tette, fontos, hogy minden ir\u00e1nyba, \u00edgy Moh\u00e1cson \u00e1t az Alf\u00f6ld fel\u00e9 is j\u00f3 min\u0151s\u00e9g\u0171, k\u00f6zvetlen \u00fatkapcsolata legyen a v\u00e1rosnak.<\/p>\n<p>Az egyeztet\u00e9st k\u00f6vet\u0151en Szita K\u00e1roly k\u00f6z\u00f6ss\u00e9gi oldal\u00e1n azt \u00edrta,<\/p>\n<blockquote>\n<p>P\u00e9cs \u00e9s Kaposv\u00e1r k\u00f6z\u00f6s \u00e9rdeke, hogy \u00f6sszefogjon \u00e9s a k\u00f6vetkez\u0151 t\u00edz \u00e9vben szorosan egy\u00fcttm\u0171k\u00f6dj\u00f6n az M9-es aut\u00f3p\u00e1lya meg\u00e9p\u00edt\u00e9s\u00e9ben. A k\u00e9t v\u00e1ros ugyanis szerinte egy\u00fctt sikeres lehet.<\/p>\n<\/blockquote>\n<p>Az M9-es aut\u00f3p\u00e1lya terv\u00e9t m\u00e1rciusban mutatt\u00e1k be, amely szerint \u2013 a kor\u00e1bbi elk\u00e9pzel\u00e9sekkel ellent\u00e9tben \u2013 a nyomvonal \u00e9rinten\u00e9 P\u00e9cset is, a c\u00e9l ugyanis az, hogy az \u00faj aut\u00f3p\u00e1lya K\u0151szegt\u0151l Debrecenig \u00f6sszek\u00f6sse az orsz\u00e1g d\u00e9li hat\u00e1rvonala ment\u00e9n h\u00faz\u00f3d\u00f3 vid\u00e9ki v\u00e1rosokat.<\/p>\n<p>Szak\u00e9rt\u0151k szerint a M9-es meg\u00e9p\u00edt\u00e9s\u00e9vel az aut\u00f3sok id\u0151t takar\u00edthatn\u00e1nak meg, az \u00fat pedig tehermentes\u00edten\u00e9 a f\u0151v\u00e1rosi k\u00f6zleked\u00e9st \u00e9s \u00faj munkahelyeket is teremtene.<\/p>\n<\/p><\/div>\n<p><script>\n    window.fbAsyncInit = function() {\n        FB.init({\n            appId      : \"204760236815359\",\n            xfbml      : true,\n            version    : \"v2.12\"\n        });\n        FB.AppEvents.logPageView();\n    };<\/p>\n<p>    (function(d, s, id){\n        var js, fjs = d.getElementsByTagName(s)[0];\n        if (d.getElementById(id)) {return;}\n        js = d.createElement(s); js.id = id;\n        js.src = \"http:\/\/connect.facebook.net\/hu_HU\/sdk.js\";\n        fjs.parentNode.insertBefore(js, fjs);\n    }(document, \"script\", \"facebook-jssdk\"));\n<\/script><br \/>\n<br \/>[ad_2]<br \/>\n<br \/><a href=\"https:\/\/www.vg.hu\/gazdasag\/onkormanyzatok\/osszefogott-pecs-es-kaposvar-az-autopalyaert-1696255\/\">Source link <\/a><\/p>\n","protected":false},"excerpt":{"rendered":"<p>[ad_1] A Magyarorsz\u00e1got nyugati-keleti ir\u00e1nyban \u00e1tszel\u0151, leend\u0151 M9-es aut\u00f3p\u00e1ly\u00e1r\u00f3l egyeztetett Szita K\u00e1roly, Kaposv\u00e1r korm\u00e1nyp\u00e1rti polg\u00e1rmestere \u00e9s V\u00e1ri Attila, P\u00e9cs korm\u00e1nyp\u00e1rti polg\u00e1rmester-jel\u00f6ltje \u2013 hangzott el az M1 aktu\u00e1lis csatorn\u00e1n szombaton. Szita K\u00e1roly \u00e9s V\u00e1ri Attila egyet\u00e9rtettek abban, hogy a gyorsforgalmi \u00fatnak gazdas\u00e1g\u00e9l\u00e9nk\u00edt\u0151 hat\u00e1sa lenne a t\u00e9rs\u00e9gben, ez\u00e9rt a k\u00e9t v\u00e1rosnak k\u00f6z\u00f6s \u00e9rdeke, hogy min\u00e9l hamarabb megval\u00f3suljon [&hellip;]<\/p>\n","protected":false},"author":2,"featured_media":1312,"comment_status":"open","ping_status":"open","sticky":false,"template":"","format":"standard","meta":{"footnotes":""},"categories":[1],"tags":[],"class_list":["post-7860","post","type-post","status-publish","format-standard","has-post-thumbnail","hentry","category-penzugyi-hirek"],"yoast_head":"<!-- This site is optimized with the Yoast SEO plugin v27.4 - https:\/\/yoast.com\/product\/yoast-seo-wordpress\/ -->\n<title>\u00d6sszefogott P\u00e9cs \u00e9s Kaposv\u00e1r az aut\u00f3p\u00e1ly\u00e1\u00e9rt - Super News<\/title>\n<meta name=\"robots\" content=\"index, follow, max-snippet:-1, max-image-preview:large, max-video-preview:-1\" \/>\n<link rel=\"canonical\" href=\"https:\/\/super-news.info\/hu\/osszefogott-pecs-es-kaposvar-az-autopalyaert\/\" \/>\n<meta property=\"og:locale\" content=\"hu_HU\" \/>\n<meta property=\"og:type\" content=\"article\" \/>\n<meta property=\"og:title\" content=\"\u00d6sszefogott P\u00e9cs \u00e9s Kaposv\u00e1r az aut\u00f3p\u00e1ly\u00e1\u00e9rt - Super News\" \/>\n<meta property=\"og:description\" content=\"[ad_1] A Magyarorsz\u00e1got nyugati-keleti ir\u00e1nyban \u00e1tszel\u0151, leend\u0151 M9-es aut\u00f3p\u00e1ly\u00e1r\u00f3l egyeztetett Szita K\u00e1roly, Kaposv\u00e1r korm\u00e1nyp\u00e1rti polg\u00e1rmestere \u00e9s V\u00e1ri Attila, P\u00e9cs korm\u00e1nyp\u00e1rti polg\u00e1rmester-jel\u00f6ltje \u2013 hangzott el az M1 aktu\u00e1lis csatorn\u00e1n szombaton. Szita K\u00e1roly \u00e9s V\u00e1ri Attila egyet\u00e9rtettek abban, hogy a gyorsforgalmi \u00fatnak gazdas\u00e1g\u00e9l\u00e9nk\u00edt\u0151 hat\u00e1sa lenne a t\u00e9rs\u00e9gben, ez\u00e9rt a k\u00e9t v\u00e1rosnak k\u00f6z\u00f6s \u00e9rdeke, hogy min\u00e9l hamarabb megval\u00f3suljon [&hellip;]\" \/>\n<meta property=\"og:url\" content=\"https:\/\/super-news.info\/hu\/osszefogott-pecs-es-kaposvar-az-autopalyaert\/\" \/>\n<meta property=\"og:site_name\" content=\"Super News\" \/>\n<meta property=\"article:published_time\" content=\"2019-08-18T11:45:54+00:00\" \/>\n<meta property=\"article:modified_time\" content=\"2019-08-18T11:45:55+00:00\" \/>\n<meta property=\"og:image\" content=\"https:\/\/super-news.info\/hu\/wp-content\/uploads\/sites\/3\/2019\/05\/Aki-teheti-ker\u00fclje-p\u00e9ntek-este-az-M1-es-aut\u00f3p\u00e1ly\u00e1t.jpg\" \/>\n\t<meta property=\"og:image:width\" content=\"1400\" \/>\n\t<meta property=\"og:image:height\" content=\"930\" \/>\n\t<meta property=\"og:image:type\" content=\"image\/jpeg\" \/>\n<meta name=\"author\" content=\"super-news\" \/>\n<meta name=\"twitter:card\" content=\"summary_large_image\" \/>\n<meta name=\"twitter:label1\" content=\"Szerz\u0151:\" \/>\n\t<meta name=\"twitter:data1\" content=\"super-news\" \/>\n\t<meta name=\"twitter:label2\" content=\"Becs\u00fclt olvas\u00e1si id\u0151\" \/>\n\t<meta name=\"twitter:data2\" content=\"2 perc\" \/>\n<script type=\"application\/ld+json\" class=\"yoast-schema-graph\">{\"@context\":\"https:\\\/\\\/schema.org\",\"@graph\":[{\"@type\":\"Article\",\"@id\":\"https:\\\/\\\/super-news.info\\\/hu\\\/osszefogott-pecs-es-kaposvar-az-autopalyaert\\\/#article\",\"isPartOf\":{\"@id\":\"https:\\\/\\\/super-news.info\\\/hu\\\/osszefogott-pecs-es-kaposvar-az-autopalyaert\\\/\"},\"author\":{\"name\":\"super-news\",\"@id\":\"https:\\\/\\\/super-news.info\\\/hu\\\/#\\\/schema\\\/person\\\/2d4068cb2f39cd10008c2fce578a7356\"},\"headline\":\"\u00d6sszefogott P\u00e9cs \u00e9s Kaposv\u00e1r az aut\u00f3p\u00e1ly\u00e1\u00e9rt\",\"datePublished\":\"2019-08-18T11:45:54+00:00\",\"dateModified\":\"2019-08-18T11:45:55+00:00\",\"mainEntityOfPage\":{\"@id\":\"https:\\\/\\\/super-news.info\\\/hu\\\/osszefogott-pecs-es-kaposvar-az-autopalyaert\\\/\"},\"wordCount\":381,\"commentCount\":0,\"image\":{\"@id\":\"https:\\\/\\\/super-news.info\\\/hu\\\/osszefogott-pecs-es-kaposvar-az-autopalyaert\\\/#primaryimage\"},\"thumbnailUrl\":\"https:\\\/\\\/super-news.info\\\/hu\\\/wp-content\\\/uploads\\\/sites\\\/3\\\/2019\\\/05\\\/Aki-teheti-ker\u00fclje-p\u00e9ntek-este-az-M1-es-aut\u00f3p\u00e1ly\u00e1t.jpg\",\"articleSection\":[\"P\u00c9NZ\u00dcGYI H\u00cdREK\"],\"inLanguage\":\"hu\",\"potentialAction\":[{\"@type\":\"CommentAction\",\"name\":\"Comment\",\"target\":[\"https:\\\/\\\/super-news.info\\\/hu\\\/osszefogott-pecs-es-kaposvar-az-autopalyaert\\\/#respond\"]}]},{\"@type\":\"WebPage\",\"@id\":\"https:\\\/\\\/super-news.info\\\/hu\\\/osszefogott-pecs-es-kaposvar-az-autopalyaert\\\/\",\"url\":\"https:\\\/\\\/super-news.info\\\/hu\\\/osszefogott-pecs-es-kaposvar-az-autopalyaert\\\/\",\"name\":\"\u00d6sszefogott P\u00e9cs \u00e9s Kaposv\u00e1r az aut\u00f3p\u00e1ly\u00e1\u00e9rt - Super News\",\"isPartOf\":{\"@id\":\"https:\\\/\\\/super-news.info\\\/hu\\\/#website\"},\"primaryImageOfPage\":{\"@id\":\"https:\\\/\\\/super-news.info\\\/hu\\\/osszefogott-pecs-es-kaposvar-az-autopalyaert\\\/#primaryimage\"},\"image\":{\"@id\":\"https:\\\/\\\/super-news.info\\\/hu\\\/osszefogott-pecs-es-kaposvar-az-autopalyaert\\\/#primaryimage\"},\"thumbnailUrl\":\"https:\\\/\\\/super-news.info\\\/hu\\\/wp-content\\\/uploads\\\/sites\\\/3\\\/2019\\\/05\\\/Aki-teheti-ker\u00fclje-p\u00e9ntek-este-az-M1-es-aut\u00f3p\u00e1ly\u00e1t.jpg\",\"datePublished\":\"2019-08-18T11:45:54+00:00\",\"dateModified\":\"2019-08-18T11:45:55+00:00\",\"author\":{\"@id\":\"https:\\\/\\\/super-news.info\\\/hu\\\/#\\\/schema\\\/person\\\/2d4068cb2f39cd10008c2fce578a7356\"},\"breadcrumb\":{\"@id\":\"https:\\\/\\\/super-news.info\\\/hu\\\/osszefogott-pecs-es-kaposvar-az-autopalyaert\\\/#breadcrumb\"},\"inLanguage\":\"hu\",\"potentialAction\":[{\"@type\":\"ReadAction\",\"target\":[\"https:\\\/\\\/super-news.info\\\/hu\\\/osszefogott-pecs-es-kaposvar-az-autopalyaert\\\/\"]}]},{\"@type\":\"ImageObject\",\"inLanguage\":\"hu\",\"@id\":\"https:\\\/\\\/super-news.info\\\/hu\\\/osszefogott-pecs-es-kaposvar-az-autopalyaert\\\/#primaryimage\",\"url\":\"https:\\\/\\\/super-news.info\\\/hu\\\/wp-content\\\/uploads\\\/sites\\\/3\\\/2019\\\/05\\\/Aki-teheti-ker\u00fclje-p\u00e9ntek-este-az-M1-es-aut\u00f3p\u00e1ly\u00e1t.jpg\",\"contentUrl\":\"https:\\\/\\\/super-news.info\\\/hu\\\/wp-content\\\/uploads\\\/sites\\\/3\\\/2019\\\/05\\\/Aki-teheti-ker\u00fclje-p\u00e9ntek-este-az-M1-es-aut\u00f3p\u00e1ly\u00e1t.jpg\",\"width\":1400,\"height\":930,\"caption\":\"Aki teheti, ker\u00fclje p\u00e9ntek este az M1-es aut\u00f3p\u00e1ly\u00e1t\"},{\"@type\":\"BreadcrumbList\",\"@id\":\"https:\\\/\\\/super-news.info\\\/hu\\\/osszefogott-pecs-es-kaposvar-az-autopalyaert\\\/#breadcrumb\",\"itemListElement\":[{\"@type\":\"ListItem\",\"position\":1,\"name\":\"\u0413\u043b\u0430\u0432\u043d\u0430\u044f \u0441\u0442\u0440\u0430\u043d\u0438\u0446\u0430\",\"item\":\"https:\\\/\\\/super-news.info\\\/hu\\\/\"},{\"@type\":\"ListItem\",\"position\":2,\"name\":\"\u00d6sszefogott P\u00e9cs \u00e9s Kaposv\u00e1r az aut\u00f3p\u00e1ly\u00e1\u00e9rt\"}]},{\"@type\":\"WebSite\",\"@id\":\"https:\\\/\\\/super-news.info\\\/hu\\\/#website\",\"url\":\"https:\\\/\\\/super-news.info\\\/hu\\\/\",\"name\":\"Super News\",\"description\":\"Super News Magyarorsz\u00e1g\",\"potentialAction\":[{\"@type\":\"SearchAction\",\"target\":{\"@type\":\"EntryPoint\",\"urlTemplate\":\"https:\\\/\\\/super-news.info\\\/hu\\\/?s={search_term_string}\"},\"query-input\":{\"@type\":\"PropertyValueSpecification\",\"valueRequired\":true,\"valueName\":\"search_term_string\"}}],\"inLanguage\":\"hu\"},{\"@type\":\"Person\",\"@id\":\"https:\\\/\\\/super-news.info\\\/hu\\\/#\\\/schema\\\/person\\\/2d4068cb2f39cd10008c2fce578a7356\",\"name\":\"super-news\",\"image\":{\"@type\":\"ImageObject\",\"inLanguage\":\"hu\",\"@id\":\"https:\\\/\\\/secure.gravatar.com\\\/avatar\\\/64ebac40b93f26a154f8a9b5b6fdccfc46f442b26b3dd6756dbff3bf9dc76fd7?s=96&d=mm&r=g\",\"url\":\"https:\\\/\\\/secure.gravatar.com\\\/avatar\\\/64ebac40b93f26a154f8a9b5b6fdccfc46f442b26b3dd6756dbff3bf9dc76fd7?s=96&d=mm&r=g\",\"contentUrl\":\"https:\\\/\\\/secure.gravatar.com\\\/avatar\\\/64ebac40b93f26a154f8a9b5b6fdccfc46f442b26b3dd6756dbff3bf9dc76fd7?s=96&d=mm&r=g\",\"caption\":\"super-news\"},\"url\":\"https:\\\/\\\/super-news.info\\\/hu\\\/author\\\/pt\\\/\"}]}<\/script>\n<!-- \/ Yoast SEO plugin. -->","yoast_head_json":{"title":"\u00d6sszefogott P\u00e9cs \u00e9s Kaposv\u00e1r az aut\u00f3p\u00e1ly\u00e1\u00e9rt - Super News","robots":{"index":"index","follow":"follow","max-snippet":"max-snippet:-1","max-image-preview":"max-image-preview:large","max-video-preview":"max-video-preview:-1"},"canonical":"https:\/\/super-news.info\/hu\/osszefogott-pecs-es-kaposvar-az-autopalyaert\/","og_locale":"hu_HU","og_type":"article","og_title":"\u00d6sszefogott P\u00e9cs \u00e9s Kaposv\u00e1r az aut\u00f3p\u00e1ly\u00e1\u00e9rt - Super News","og_description":"[ad_1] A Magyarorsz\u00e1got nyugati-keleti ir\u00e1nyban \u00e1tszel\u0151, leend\u0151 M9-es aut\u00f3p\u00e1ly\u00e1r\u00f3l egyeztetett Szita K\u00e1roly, Kaposv\u00e1r korm\u00e1nyp\u00e1rti polg\u00e1rmestere \u00e9s V\u00e1ri Attila, P\u00e9cs korm\u00e1nyp\u00e1rti polg\u00e1rmester-jel\u00f6ltje \u2013 hangzott el az M1 aktu\u00e1lis csatorn\u00e1n szombaton. Szita K\u00e1roly \u00e9s V\u00e1ri Attila egyet\u00e9rtettek abban, hogy a gyorsforgalmi \u00fatnak gazdas\u00e1g\u00e9l\u00e9nk\u00edt\u0151 hat\u00e1sa lenne a t\u00e9rs\u00e9gben, ez\u00e9rt a k\u00e9t v\u00e1rosnak k\u00f6z\u00f6s \u00e9rdeke, hogy min\u00e9l hamarabb megval\u00f3suljon [&hellip;]","og_url":"https:\/\/super-news.info\/hu\/osszefogott-pecs-es-kaposvar-az-autopalyaert\/","og_site_name":"Super News","article_published_time":"2019-08-18T11:45:54+00:00","article_modified_time":"2019-08-18T11:45:55+00:00","og_image":[{"width":1400,"height":930,"url":"https:\/\/super-news.info\/hu\/wp-content\/uploads\/sites\/3\/2019\/05\/Aki-teheti-ker\u00fclje-p\u00e9ntek-este-az-M1-es-aut\u00f3p\u00e1ly\u00e1t.jpg","type":"image\/jpeg"}],"author":"super-news","twitter_card":"summary_large_image","twitter_misc":{"Szerz\u0151:":"super-news","Becs\u00fclt olvas\u00e1si id\u0151":"2 perc"},"schema":{"@context":"https:\/\/schema.org","@graph":[{"@type":"Article","@id":"https:\/\/super-news.info\/hu\/osszefogott-pecs-es-kaposvar-az-autopalyaert\/#article","isPartOf":{"@id":"https:\/\/super-news.info\/hu\/osszefogott-pecs-es-kaposvar-az-autopalyaert\/"},"author":{"name":"super-news","@id":"https:\/\/super-news.info\/hu\/#\/schema\/person\/2d4068cb2f39cd10008c2fce578a7356"},"headline":"\u00d6sszefogott P\u00e9cs \u00e9s Kaposv\u00e1r az aut\u00f3p\u00e1ly\u00e1\u00e9rt","datePublished":"2019-08-18T11:45:54+00:00","dateModified":"2019-08-18T11:45:55+00:00","mainEntityOfPage":{"@id":"https:\/\/super-news.info\/hu\/osszefogott-pecs-es-kaposvar-az-autopalyaert\/"},"wordCount":381,"commentCount":0,"image":{"@id":"https:\/\/super-news.info\/hu\/osszefogott-pecs-es-kaposvar-az-autopalyaert\/#primaryimage"},"thumbnailUrl":"https:\/\/super-news.info\/hu\/wp-content\/uploads\/sites\/3\/2019\/05\/Aki-teheti-ker\u00fclje-p\u00e9ntek-este-az-M1-es-aut\u00f3p\u00e1ly\u00e1t.jpg","articleSection":["P\u00c9NZ\u00dcGYI H\u00cdREK"],"inLanguage":"hu","potentialAction":[{"@type":"CommentAction","name":"Comment","target":["https:\/\/super-news.info\/hu\/osszefogott-pecs-es-kaposvar-az-autopalyaert\/#respond"]}]},{"@type":"WebPage","@id":"https:\/\/super-news.info\/hu\/osszefogott-pecs-es-kaposvar-az-autopalyaert\/","url":"https:\/\/super-news.info\/hu\/osszefogott-pecs-es-kaposvar-az-autopalyaert\/","name":"\u00d6sszefogott P\u00e9cs \u00e9s Kaposv\u00e1r az aut\u00f3p\u00e1ly\u00e1\u00e9rt - Super News","isPartOf":{"@id":"https:\/\/super-news.info\/hu\/#website"},"primaryImageOfPage":{"@id":"https:\/\/super-news.info\/hu\/osszefogott-pecs-es-kaposvar-az-autopalyaert\/#primaryimage"},"image":{"@id":"https:\/\/super-news.info\/hu\/osszefogott-pecs-es-kaposvar-az-autopalyaert\/#primaryimage"},"thumbnailUrl":"https:\/\/super-news.info\/hu\/wp-content\/uploads\/sites\/3\/2019\/05\/Aki-teheti-ker\u00fclje-p\u00e9ntek-este-az-M1-es-aut\u00f3p\u00e1ly\u00e1t.jpg","datePublished":"2019-08-18T11:45:54+00:00","dateModified":"2019-08-18T11:45:55+00:00","author":{"@id":"https:\/\/super-news.info\/hu\/#\/schema\/person\/2d4068cb2f39cd10008c2fce578a7356"},"breadcrumb":{"@id":"https:\/\/super-news.info\/hu\/osszefogott-pecs-es-kaposvar-az-autopalyaert\/#breadcrumb"},"inLanguage":"hu","potentialAction":[{"@type":"ReadAction","target":["https:\/\/super-news.info\/hu\/osszefogott-pecs-es-kaposvar-az-autopalyaert\/"]}]},{"@type":"ImageObject","inLanguage":"hu","@id":"https:\/\/super-news.info\/hu\/osszefogott-pecs-es-kaposvar-az-autopalyaert\/#primaryimage","url":"https:\/\/super-news.info\/hu\/wp-content\/uploads\/sites\/3\/2019\/05\/Aki-teheti-ker\u00fclje-p\u00e9ntek-este-az-M1-es-aut\u00f3p\u00e1ly\u00e1t.jpg","contentUrl":"https:\/\/super-news.info\/hu\/wp-content\/uploads\/sites\/3\/2019\/05\/Aki-teheti-ker\u00fclje-p\u00e9ntek-este-az-M1-es-aut\u00f3p\u00e1ly\u00e1t.jpg","width":1400,"height":930,"caption":"Aki teheti, ker\u00fclje p\u00e9ntek este az M1-es aut\u00f3p\u00e1ly\u00e1t"},{"@type":"BreadcrumbList","@id":"https:\/\/super-news.info\/hu\/osszefogott-pecs-es-kaposvar-az-autopalyaert\/#breadcrumb","itemListElement":[{"@type":"ListItem","position":1,"name":"\u0413\u043b\u0430\u0432\u043d\u0430\u044f \u0441\u0442\u0440\u0430\u043d\u0438\u0446\u0430","item":"https:\/\/super-news.info\/hu\/"},{"@type":"ListItem","position":2,"name":"\u00d6sszefogott P\u00e9cs \u00e9s Kaposv\u00e1r az aut\u00f3p\u00e1ly\u00e1\u00e9rt"}]},{"@type":"WebSite","@id":"https:\/\/super-news.info\/hu\/#website","url":"https:\/\/super-news.info\/hu\/","name":"Super News","description":"Super News Magyarorsz\u00e1g","potentialAction":[{"@type":"SearchAction","target":{"@type":"EntryPoint","urlTemplate":"https:\/\/super-news.info\/hu\/?s={search_term_string}"},"query-input":{"@type":"PropertyValueSpecification","valueRequired":true,"valueName":"search_term_string"}}],"inLanguage":"hu"},{"@type":"Person","@id":"https:\/\/super-news.info\/hu\/#\/schema\/person\/2d4068cb2f39cd10008c2fce578a7356","name":"super-news","image":{"@type":"ImageObject","inLanguage":"hu","@id":"https:\/\/secure.gravatar.com\/avatar\/64ebac40b93f26a154f8a9b5b6fdccfc46f442b26b3dd6756dbff3bf9dc76fd7?s=96&d=mm&r=g","url":"https:\/\/secure.gravatar.com\/avatar\/64ebac40b93f26a154f8a9b5b6fdccfc46f442b26b3dd6756dbff3bf9dc76fd7?s=96&d=mm&r=g","contentUrl":"https:\/\/secure.gravatar.com\/avatar\/64ebac40b93f26a154f8a9b5b6fdccfc46f442b26b3dd6756dbff3bf9dc76fd7?s=96&d=mm&r=g","caption":"super-news"},"url":"https:\/\/super-news.info\/hu\/author\/pt\/"}]}},"_links":{"self":[{"href":"https:\/\/super-news.info\/hu\/wp-json\/wp\/v2\/posts\/7860","targetHints":{"allow":["GET"]}}],"collection":[{"href":"https:\/\/super-news.info\/hu\/wp-json\/wp\/v2\/posts"}],"about":[{"href":"https:\/\/super-news.info\/hu\/wp-json\/wp\/v2\/types\/post"}],"author":[{"embeddable":true,"href":"https:\/\/super-news.info\/hu\/wp-json\/wp\/v2\/users\/2"}],"replies":[{"embeddable":true,"href":"https:\/\/super-news.info\/hu\/wp-json\/wp\/v2\/comments?post=7860"}],"version-history":[{"count":1,"href":"https:\/\/super-news.info\/hu\/wp-json\/wp\/v2\/posts\/7860\/revisions"}],"predecessor-version":[{"id":7861,"href":"https:\/\/super-news.info\/hu\/wp-json\/wp\/v2\/posts\/7860\/revisions\/7861"}],"wp:featuredmedia":[{"embeddable":true,"href":"https:\/\/super-news.info\/hu\/wp-json\/wp\/v2\/media\/1312"}],"wp:attachment":[{"href":"https:\/\/super-news.info\/hu\/wp-json\/wp\/v2\/media?parent=7860"}],"wp:term":[{"taxonomy":"category","embeddable":true,"href":"https:\/\/super-news.info\/hu\/wp-json\/wp\/v2\/categories?post=7860"},{"taxonomy":"post_tag","embeddable":true,"href":"https:\/\/super-news.info\/hu\/wp-json\/wp\/v2\/tags?post=7860"}],"curies":[{"name":"wp","href":"https:\/\/api.w.org\/{rel}","templated":true}]}}