{"id":7858,"date":"2019-08-18T13:52:03","date_gmt":"2019-08-18T10:52:03","guid":{"rendered":"https:\/\/super-news.info\/hu\/csokkeno-forgalomban-esett-a-bux-a-heten\/"},"modified":"2019-08-18T13:52:04","modified_gmt":"2019-08-18T10:52:04","slug":"csokkeno-forgalomban-esett-a-bux-a-heten","status":"publish","type":"post","link":"https:\/\/super-news.info\/hu\/csokkeno-forgalomban-esett-a-bux-a-heten\/","title":{"rendered":"Cs\u00f6kken\u0151 forgalomban esett a BUX a h\u00e9ten"},"content":{"rendered":"<p> [ad_1]<br \/>\n<\/p>\n<p>\n\t\t\t\t\t\t\t\tCs\u00f6kken\u0151 forgalomban esett a Budapesti \u00c9rt\u00e9kt\u0151zsde r\u00e9szv\u00e9nyindexe a h\u00e9ten, a BUX 40 005,90 ponton z\u00e1rt p\u00e9nteken, 609,52 ponttal, 1,50 sz\u00e1zal\u00e9kkal alacsonyabban az el\u0151z\u0151 heti z\u00e1r\u00f3\u00e9rt\u00e9k\u00e9n\u00e9l.\t\t\t\t\t\t\t<\/p>\n<div>\n<p>A r\u00e9szv\u00e9nypiac heti forgalma 40,62 milli\u00e1rd forint volt az el\u0151z\u0151 heti 53,18 milli\u00e1rd forint ut\u00e1n, a vezet\u0151 r\u00e9szv\u00e9nyek a Magyar Telekom kiv\u00e9tel\u00e9vel gyeng\u00fcltek a h\u00e9ten.<\/p>\n<div id=\"attachment_1671673\" style=\"width: 1410px\" class=\"wp-caption alignnone\">\n<p class=\"wp-caption-text\">Fot\u00f3: VG \/ M\u00f3ricz-Sabj\u00e1n Simon<\/p>\n<\/div>\n<ul>\n<li>H\u00e9tf\u0151n a B\u00c9T fel\u00fclteljes\u00edt\u0151 volt. A vezet\u0151 magyar pap\u00edrok k\u00f6z\u00fcl kiemelkedett a Mol \u00e9s a Magyar Telekom teljes\u00edtm\u00e9nye, ugyanis el\u0151bbi \u00e1rfolyama 1,41 sz\u00e1zal\u00e9kkal 3026 forintra, ut\u00f3bbi \u00e1ra pedig 1,67 sz\u00e1zal\u00e9kkal 425 forintra emelkedett.<\/li>\n<li>Kedden a keresked\u00e9s kezdeti id\u0151szak\u00e1t a politikai bizonytalans\u00e1gok \u2013 argentin v\u00e1laszt\u00e1s, hongkongi t\u00fcntet\u00e9sek, a kereskedelmi h\u00e1bor\u00fa durvul\u00e1sa \u2013 befoly\u00e1solt\u00e1k. A BUX \u00e9s a t\u00f6bbi eur\u00f3pai t\u0151zsdeindex is jelent\u0151s m\u00ednuszban volt a nap folyam\u00e1n, a nap v\u00e9ge fel\u00e9 azonban pluszba l\u00f6kte a piacokat, hogy d\u00e9lut\u00e1n kider\u00fclt, Donald Trump amerikai eln\u00f6k megenyh\u00fclt a kereskedelmi h\u00e1bor\u00fa kapcs\u00e1n. Az amerikai korm\u00e1ny keddi bejelent\u00e9se szerint m\u00e9gsem s\u00fajt p\u00f3tv\u00e1mmal bizonyos k\u00ednai importterm\u00e9keket, egy sor m\u00e1sik \u00e1rucikk eset\u00e9ben pedig szeptember 1-j\u00e9r\u0151l december 15-re halasztja a 10 sz\u00e1zal\u00e9kos p\u00f3tl\u00f3lagos v\u00e1mtarifa kivet\u00e9s\u00e9t.<\/li>\n<li>Szerd\u00e1n komoly elad\u00f3i hull\u00e1m alakult ki, miut\u00e1n a recesszi\u00f3s f\u00e9lelmek ker\u00fcltek a piaci szerepl\u0151k f\u00f3kusz\u00e1ba. T\u00f6bb gyeng\u00e9bb makroadat \u00e9rkezett egyebek k\u00f6zt az Eur\u00f3pai Uni\u00f3b\u00f3l \u00e9s K\u00edn\u00e1b\u00f3l, illetve a k\u00f6tv\u00e9nypiacon a hossz\u00fa t\u00e1v\u00fa hozamok cs\u00f6kken\u00e9se is fokozta a recesszi\u00f3s f\u00e9lelmeket, ez\u00e1ltal az eur\u00f3pai parketten \u00e9s az amerikai t\u0151zsd\u00e9n is egy nagyobb elad\u00f3i nyom\u00e1s rajzol\u00f3dott ki. Ezzel p\u00e1rhuzamosan a B\u00c9T is esett, a vezet\u0151 r\u00e9szv\u00e9nyek k\u00f6z\u00fcl az OTP gyeng\u00fclt a legink\u00e1bb, r\u00e9szv\u00e9nyeinek \u00e1rfolyama 2,36 sz\u00e1zal\u00e9kkal 12 400 forintra esett.<\/li>\n<\/ul>\n<p>A K\u00f6zponti Statisztikai Hivatal (KSH) szerd\u00e1n k\u00f6z\u00f6lte, hogy els\u0151 becsl\u00e9se szerint Magyarorsz\u00e1g brutt\u00f3 hazai term\u00e9ke (GDP) a nyers adatok szerint 4,9 sz\u00e1zal\u00e9kkal, a szezon\u00e1lisan \u00e9s napt\u00e1rhat\u00e1ssal kiigaz\u00edtott \u00e9s kiegyens\u00falyozott adatok szerint 5,1 sz\u00e1zal\u00e9kkal n\u0151tt az idei m\u00e1sodik negyed\u00e9vben az el\u0151z\u0151 \u00e9v azonos id\u0151szak\u00e1hoz viszony\u00edtva.<\/p>\n<p>Az Equilor Befektet\u00e9si Zrt. az MTI-hez eljuttatott heti elemz\u00e9s\u00e9ben felid\u00e9zte, hogy Varga Mih\u00e1ly p\u00e9nz\u00fcgyminiszter a KSH adatokra reag\u00e1lva szerd\u00e1n elmondta, hogy 4,3-4,4 sz\u00e1zal\u00e9kos GDP- n\u00f6veked\u00e9s v\u00e1rhat\u00f3 az id\u00e9n. A p\u00e9nz\u00fcgyminiszter kifejtette, hogy a magyar gazdas\u00e1g nem vesz\u00edtett lend\u00fclet\u00e9b\u0151l, a n\u00f6veked\u00e9s m\u00e9rt\u00e9ke a miniszt\u00e9rium el\u0151rejelz\u00e9s\u00e9t is meghaladta. A kock\u00e1zatok k\u00f6z\u00f6tt kiemelte az Egyes\u00fclt Kir\u00e1lys\u00e1g kil\u00e9p\u00e9s\u00e9t az Eur\u00f3pai Uni\u00f3b\u00f3l, illetve a vil\u00e1ggazdas\u00e1gi n\u00f6veked\u00e9s lassul\u00e1s\u00e1t, ugyanakkor al\u00e1h\u00fazta, hogy a hazai aut\u00f3ipar k\u00f6lts\u00e9gszintjei miatt egyel\u0151re nem \u00e9rezhet\u0151 a n\u00e9met gazdas\u00e1gi lassul\u00e1s.<br \/>Arr\u00f3l is besz\u00e1moltak, hogy a 4iG Nyrt. augusztus 14-\u00e9n nagy \u00f6sszeg\u0171, 1,2 milli\u00e1rd forintos szerz\u0151d\u00e9st k\u00f6t\u00f6tt a Budapest Bank (BB) Zrt.-vel, a szerz\u0151d\u00e9s \u00e9rtelm\u00e9ben az informatikai t\u00e1rsas\u00e1g fejleszti a bank \u00fczleti alkalmaz\u00e1s\u00e1t \u00e9s kapcsol\u00f3d\u00f3 rendszereit.<\/p>\n<ul>\n<li>A h\u00e9ten a vezet\u0151 r\u00e9szv\u00e9nyek k\u00f6z\u00fcl a Magyar Telekom teljes\u00edtett a legjobban, a r\u00e9szv\u00e9nyek \u00e1ra 0,48 sz\u00e1zal\u00e9kkal emelkedett, p\u00e9nteken 420 forinton fejezte be a keresked\u00e9st, heti forgalma meghaladta az egymilli\u00e1rd forintot.<\/li>\n<li>A legkev\u00e9sb\u00e9, 0,41 sz\u00e1zal\u00e9kkal a Richter \u00e1rfolyama gyeng\u00fclt, a p\u00e9nteki z\u00e1r\u00f3\u00e1ra 4880 forint volt, heti forgalma 5,25 milli\u00e1rd forint volt.<\/li>\n<li>A h\u00e9ten a Mol \u00e1rfolyama 0,60 sz\u00e1zal\u00e9kkal visszaesett, a h\u00e9t utols\u00f3 keresked\u00e9si napj\u00e1n 2966 forinton z\u00e1rt, heti forgalma meghaladta a 8 milli\u00e1rd forintot.<\/li>\n<li>Az OTP \u00e1rfolyama a h\u00e9ten 3,16 sz\u00e1zal\u00e9kkal cs\u00f6kkent, p\u00e9nteken 12 250 forinton z\u00e1rt, heti forgalma t\u00f6bb mint 22,71 milli\u00e1rd forint volt.<\/li>\n<li>A kis- \u00e9s k\u00f6zepes r\u00e9szv\u00e9nyek indexe, a BUMIX 4320,18 ponton z\u00e1rt p\u00e9nteken, az el\u0151z\u0151 h\u00e9thez k\u00e9pest 6,56 ponttal, 0,15 sz\u00e1zal\u00e9kkal gyeng\u00fclt.<\/li>\n<\/ul>\n<\/div>\n<p><script>\n    window.fbAsyncInit = function() {\n        FB.init({\n            appId      : \"204760236815359\",\n            xfbml      : true,\n            version    : \"v2.12\"\n        });\n        FB.AppEvents.logPageView();\n    };<\/p>\n<p>    (function(d, s, id){\n        var js, fjs = d.getElementsByTagName(s)[0];\n        if (d.getElementById(id)) {return;}\n        js = d.createElement(s); js.id = id;\n        js.src = \"http:\/\/connect.facebook.net\/hu_HU\/sdk.js\";\n        fjs.parentNode.insertBefore(js, fjs);\n    }(document, \"script\", \"facebook-jssdk\"));\n<\/script><br \/>\n<br \/>[ad_2]<br \/>\n<br \/><a href=\"https:\/\/www.vg.hu\/penzugy\/tozsde\/csokkeno-forgalomban-esett-a-bux-a-heten-1696243\/\">Source link <\/a><\/p>\n","protected":false},"excerpt":{"rendered":"<p>[ad_1] Cs\u00f6kken\u0151 forgalomban esett a Budapesti \u00c9rt\u00e9kt\u0151zsde r\u00e9szv\u00e9nyindexe a h\u00e9ten, a BUX 40 005,90 ponton z\u00e1rt p\u00e9nteken, 609,52 ponttal, 1,50 sz\u00e1zal\u00e9kkal alacsonyabban az el\u0151z\u0151 heti z\u00e1r\u00f3\u00e9rt\u00e9k\u00e9n\u00e9l. A r\u00e9szv\u00e9nypiac heti forgalma 40,62 milli\u00e1rd forint volt az el\u0151z\u0151 heti 53,18 milli\u00e1rd forint ut\u00e1n, a vezet\u0151 r\u00e9szv\u00e9nyek a Magyar Telekom kiv\u00e9tel\u00e9vel gyeng\u00fcltek a h\u00e9ten. Fot\u00f3: VG \/ M\u00f3ricz-Sabj\u00e1n [&hellip;]<\/p>\n","protected":false},"author":2,"featured_media":7785,"comment_status":"open","ping_status":"open","sticky":false,"template":"","format":"standard","meta":{"footnotes":""},"categories":[1],"tags":[],"class_list":["post-7858","post","type-post","status-publish","format-standard","has-post-thumbnail","hentry","category-penzugyi-hirek"],"yoast_head":"<!-- This site is optimized with the Yoast SEO plugin v27.4 - https:\/\/yoast.com\/product\/yoast-seo-wordpress\/ -->\n<title>Cs\u00f6kken\u0151 forgalomban esett a BUX a h\u00e9ten - Super News<\/title>\n<meta name=\"robots\" content=\"index, follow, max-snippet:-1, max-image-preview:large, max-video-preview:-1\" \/>\n<link rel=\"canonical\" href=\"https:\/\/super-news.info\/hu\/csokkeno-forgalomban-esett-a-bux-a-heten\/\" \/>\n<meta property=\"og:locale\" content=\"hu_HU\" \/>\n<meta property=\"og:type\" content=\"article\" \/>\n<meta property=\"og:title\" content=\"Cs\u00f6kken\u0151 forgalomban esett a BUX a h\u00e9ten - Super News\" \/>\n<meta property=\"og:description\" content=\"[ad_1] Cs\u00f6kken\u0151 forgalomban esett a Budapesti \u00c9rt\u00e9kt\u0151zsde r\u00e9szv\u00e9nyindexe a h\u00e9ten, a BUX 40 005,90 ponton z\u00e1rt p\u00e9nteken, 609,52 ponttal, 1,50 sz\u00e1zal\u00e9kkal alacsonyabban az el\u0151z\u0151 heti z\u00e1r\u00f3\u00e9rt\u00e9k\u00e9n\u00e9l. A r\u00e9szv\u00e9nypiac heti forgalma 40,62 milli\u00e1rd forint volt az el\u0151z\u0151 heti 53,18 milli\u00e1rd forint ut\u00e1n, a vezet\u0151 r\u00e9szv\u00e9nyek a Magyar Telekom kiv\u00e9tel\u00e9vel gyeng\u00fcltek a h\u00e9ten. Fot\u00f3: VG \/ M\u00f3ricz-Sabj\u00e1n [&hellip;]\" \/>\n<meta property=\"og:url\" content=\"https:\/\/super-news.info\/hu\/csokkeno-forgalomban-esett-a-bux-a-heten\/\" \/>\n<meta property=\"og:site_name\" content=\"Super News\" \/>\n<meta property=\"article:published_time\" content=\"2019-08-18T10:52:03+00:00\" \/>\n<meta property=\"article:modified_time\" content=\"2019-08-18T10:52:04+00:00\" \/>\n<meta property=\"og:image\" content=\"https:\/\/super-news.info\/hu\/wp-content\/uploads\/sites\/3\/2019\/08\/Enyhe-m-nuszban-z-rt-a-BUX.jpg\" \/>\n\t<meta property=\"og:image:width\" content=\"1400\" \/>\n\t<meta property=\"og:image:height\" content=\"787\" \/>\n\t<meta property=\"og:image:type\" content=\"image\/jpeg\" \/>\n<meta name=\"author\" content=\"super-news\" \/>\n<meta name=\"twitter:card\" content=\"summary_large_image\" \/>\n<meta name=\"twitter:label1\" content=\"Szerz\u0151:\" \/>\n\t<meta name=\"twitter:data1\" content=\"super-news\" \/>\n\t<meta name=\"twitter:label2\" content=\"Becs\u00fclt olvas\u00e1si id\u0151\" \/>\n\t<meta name=\"twitter:data2\" content=\"4 perc\" \/>\n<script type=\"application\/ld+json\" class=\"yoast-schema-graph\">{\"@context\":\"https:\\\/\\\/schema.org\",\"@graph\":[{\"@type\":\"Article\",\"@id\":\"https:\\\/\\\/super-news.info\\\/hu\\\/csokkeno-forgalomban-esett-a-bux-a-heten\\\/#article\",\"isPartOf\":{\"@id\":\"https:\\\/\\\/super-news.info\\\/hu\\\/csokkeno-forgalomban-esett-a-bux-a-heten\\\/\"},\"author\":{\"name\":\"super-news\",\"@id\":\"https:\\\/\\\/super-news.info\\\/hu\\\/#\\\/schema\\\/person\\\/2d4068cb2f39cd10008c2fce578a7356\"},\"headline\":\"Cs\u00f6kken\u0151 forgalomban esett a BUX a h\u00e9ten\",\"datePublished\":\"2019-08-18T10:52:03+00:00\",\"dateModified\":\"2019-08-18T10:52:04+00:00\",\"mainEntityOfPage\":{\"@id\":\"https:\\\/\\\/super-news.info\\\/hu\\\/csokkeno-forgalomban-esett-a-bux-a-heten\\\/\"},\"wordCount\":780,\"commentCount\":0,\"image\":{\"@id\":\"https:\\\/\\\/super-news.info\\\/hu\\\/csokkeno-forgalomban-esett-a-bux-a-heten\\\/#primaryimage\"},\"thumbnailUrl\":\"https:\\\/\\\/super-news.info\\\/hu\\\/wp-content\\\/uploads\\\/sites\\\/3\\\/2019\\\/08\\\/Enyhe-m-nuszban-z-rt-a-BUX.jpg\",\"articleSection\":[\"P\u00c9NZ\u00dcGYI H\u00cdREK\"],\"inLanguage\":\"hu\",\"potentialAction\":[{\"@type\":\"CommentAction\",\"name\":\"Comment\",\"target\":[\"https:\\\/\\\/super-news.info\\\/hu\\\/csokkeno-forgalomban-esett-a-bux-a-heten\\\/#respond\"]}]},{\"@type\":\"WebPage\",\"@id\":\"https:\\\/\\\/super-news.info\\\/hu\\\/csokkeno-forgalomban-esett-a-bux-a-heten\\\/\",\"url\":\"https:\\\/\\\/super-news.info\\\/hu\\\/csokkeno-forgalomban-esett-a-bux-a-heten\\\/\",\"name\":\"Cs\u00f6kken\u0151 forgalomban esett a BUX a h\u00e9ten - Super News\",\"isPartOf\":{\"@id\":\"https:\\\/\\\/super-news.info\\\/hu\\\/#website\"},\"primaryImageOfPage\":{\"@id\":\"https:\\\/\\\/super-news.info\\\/hu\\\/csokkeno-forgalomban-esett-a-bux-a-heten\\\/#primaryimage\"},\"image\":{\"@id\":\"https:\\\/\\\/super-news.info\\\/hu\\\/csokkeno-forgalomban-esett-a-bux-a-heten\\\/#primaryimage\"},\"thumbnailUrl\":\"https:\\\/\\\/super-news.info\\\/hu\\\/wp-content\\\/uploads\\\/sites\\\/3\\\/2019\\\/08\\\/Enyhe-m-nuszban-z-rt-a-BUX.jpg\",\"datePublished\":\"2019-08-18T10:52:03+00:00\",\"dateModified\":\"2019-08-18T10:52:04+00:00\",\"author\":{\"@id\":\"https:\\\/\\\/super-news.info\\\/hu\\\/#\\\/schema\\\/person\\\/2d4068cb2f39cd10008c2fce578a7356\"},\"breadcrumb\":{\"@id\":\"https:\\\/\\\/super-news.info\\\/hu\\\/csokkeno-forgalomban-esett-a-bux-a-heten\\\/#breadcrumb\"},\"inLanguage\":\"hu\",\"potentialAction\":[{\"@type\":\"ReadAction\",\"target\":[\"https:\\\/\\\/super-news.info\\\/hu\\\/csokkeno-forgalomban-esett-a-bux-a-heten\\\/\"]}]},{\"@type\":\"ImageObject\",\"inLanguage\":\"hu\",\"@id\":\"https:\\\/\\\/super-news.info\\\/hu\\\/csokkeno-forgalomban-esett-a-bux-a-heten\\\/#primaryimage\",\"url\":\"https:\\\/\\\/super-news.info\\\/hu\\\/wp-content\\\/uploads\\\/sites\\\/3\\\/2019\\\/08\\\/Enyhe-m-nuszban-z-rt-a-BUX.jpg\",\"contentUrl\":\"https:\\\/\\\/super-news.info\\\/hu\\\/wp-content\\\/uploads\\\/sites\\\/3\\\/2019\\\/08\\\/Enyhe-m-nuszban-z-rt-a-BUX.jpg\",\"width\":1400,\"height\":787,\"caption\":\"Enyhe m\u00ednuszban z\u00e1rt a BUX\"},{\"@type\":\"BreadcrumbList\",\"@id\":\"https:\\\/\\\/super-news.info\\\/hu\\\/csokkeno-forgalomban-esett-a-bux-a-heten\\\/#breadcrumb\",\"itemListElement\":[{\"@type\":\"ListItem\",\"position\":1,\"name\":\"\u0413\u043b\u0430\u0432\u043d\u0430\u044f \u0441\u0442\u0440\u0430\u043d\u0438\u0446\u0430\",\"item\":\"https:\\\/\\\/super-news.info\\\/hu\\\/\"},{\"@type\":\"ListItem\",\"position\":2,\"name\":\"Cs\u00f6kken\u0151 forgalomban esett a BUX a h\u00e9ten\"}]},{\"@type\":\"WebSite\",\"@id\":\"https:\\\/\\\/super-news.info\\\/hu\\\/#website\",\"url\":\"https:\\\/\\\/super-news.info\\\/hu\\\/\",\"name\":\"Super News\",\"description\":\"Super News Magyarorsz\u00e1g\",\"potentialAction\":[{\"@type\":\"SearchAction\",\"target\":{\"@type\":\"EntryPoint\",\"urlTemplate\":\"https:\\\/\\\/super-news.info\\\/hu\\\/?s={search_term_string}\"},\"query-input\":{\"@type\":\"PropertyValueSpecification\",\"valueRequired\":true,\"valueName\":\"search_term_string\"}}],\"inLanguage\":\"hu\"},{\"@type\":\"Person\",\"@id\":\"https:\\\/\\\/super-news.info\\\/hu\\\/#\\\/schema\\\/person\\\/2d4068cb2f39cd10008c2fce578a7356\",\"name\":\"super-news\",\"image\":{\"@type\":\"ImageObject\",\"inLanguage\":\"hu\",\"@id\":\"https:\\\/\\\/secure.gravatar.com\\\/avatar\\\/64ebac40b93f26a154f8a9b5b6fdccfc46f442b26b3dd6756dbff3bf9dc76fd7?s=96&d=mm&r=g\",\"url\":\"https:\\\/\\\/secure.gravatar.com\\\/avatar\\\/64ebac40b93f26a154f8a9b5b6fdccfc46f442b26b3dd6756dbff3bf9dc76fd7?s=96&d=mm&r=g\",\"contentUrl\":\"https:\\\/\\\/secure.gravatar.com\\\/avatar\\\/64ebac40b93f26a154f8a9b5b6fdccfc46f442b26b3dd6756dbff3bf9dc76fd7?s=96&d=mm&r=g\",\"caption\":\"super-news\"},\"url\":\"https:\\\/\\\/super-news.info\\\/hu\\\/author\\\/pt\\\/\"}]}<\/script>\n<!-- \/ Yoast SEO plugin. -->","yoast_head_json":{"title":"Cs\u00f6kken\u0151 forgalomban esett a BUX a h\u00e9ten - Super News","robots":{"index":"index","follow":"follow","max-snippet":"max-snippet:-1","max-image-preview":"max-image-preview:large","max-video-preview":"max-video-preview:-1"},"canonical":"https:\/\/super-news.info\/hu\/csokkeno-forgalomban-esett-a-bux-a-heten\/","og_locale":"hu_HU","og_type":"article","og_title":"Cs\u00f6kken\u0151 forgalomban esett a BUX a h\u00e9ten - Super News","og_description":"[ad_1] Cs\u00f6kken\u0151 forgalomban esett a Budapesti \u00c9rt\u00e9kt\u0151zsde r\u00e9szv\u00e9nyindexe a h\u00e9ten, a BUX 40 005,90 ponton z\u00e1rt p\u00e9nteken, 609,52 ponttal, 1,50 sz\u00e1zal\u00e9kkal alacsonyabban az el\u0151z\u0151 heti z\u00e1r\u00f3\u00e9rt\u00e9k\u00e9n\u00e9l. A r\u00e9szv\u00e9nypiac heti forgalma 40,62 milli\u00e1rd forint volt az el\u0151z\u0151 heti 53,18 milli\u00e1rd forint ut\u00e1n, a vezet\u0151 r\u00e9szv\u00e9nyek a Magyar Telekom kiv\u00e9tel\u00e9vel gyeng\u00fcltek a h\u00e9ten. Fot\u00f3: VG \/ M\u00f3ricz-Sabj\u00e1n [&hellip;]","og_url":"https:\/\/super-news.info\/hu\/csokkeno-forgalomban-esett-a-bux-a-heten\/","og_site_name":"Super News","article_published_time":"2019-08-18T10:52:03+00:00","article_modified_time":"2019-08-18T10:52:04+00:00","og_image":[{"width":1400,"height":787,"url":"https:\/\/super-news.info\/hu\/wp-content\/uploads\/sites\/3\/2019\/08\/Enyhe-m-nuszban-z-rt-a-BUX.jpg","type":"image\/jpeg"}],"author":"super-news","twitter_card":"summary_large_image","twitter_misc":{"Szerz\u0151:":"super-news","Becs\u00fclt olvas\u00e1si id\u0151":"4 perc"},"schema":{"@context":"https:\/\/schema.org","@graph":[{"@type":"Article","@id":"https:\/\/super-news.info\/hu\/csokkeno-forgalomban-esett-a-bux-a-heten\/#article","isPartOf":{"@id":"https:\/\/super-news.info\/hu\/csokkeno-forgalomban-esett-a-bux-a-heten\/"},"author":{"name":"super-news","@id":"https:\/\/super-news.info\/hu\/#\/schema\/person\/2d4068cb2f39cd10008c2fce578a7356"},"headline":"Cs\u00f6kken\u0151 forgalomban esett a BUX a h\u00e9ten","datePublished":"2019-08-18T10:52:03+00:00","dateModified":"2019-08-18T10:52:04+00:00","mainEntityOfPage":{"@id":"https:\/\/super-news.info\/hu\/csokkeno-forgalomban-esett-a-bux-a-heten\/"},"wordCount":780,"commentCount":0,"image":{"@id":"https:\/\/super-news.info\/hu\/csokkeno-forgalomban-esett-a-bux-a-heten\/#primaryimage"},"thumbnailUrl":"https:\/\/super-news.info\/hu\/wp-content\/uploads\/sites\/3\/2019\/08\/Enyhe-m-nuszban-z-rt-a-BUX.jpg","articleSection":["P\u00c9NZ\u00dcGYI H\u00cdREK"],"inLanguage":"hu","potentialAction":[{"@type":"CommentAction","name":"Comment","target":["https:\/\/super-news.info\/hu\/csokkeno-forgalomban-esett-a-bux-a-heten\/#respond"]}]},{"@type":"WebPage","@id":"https:\/\/super-news.info\/hu\/csokkeno-forgalomban-esett-a-bux-a-heten\/","url":"https:\/\/super-news.info\/hu\/csokkeno-forgalomban-esett-a-bux-a-heten\/","name":"Cs\u00f6kken\u0151 forgalomban esett a BUX a h\u00e9ten - Super News","isPartOf":{"@id":"https:\/\/super-news.info\/hu\/#website"},"primaryImageOfPage":{"@id":"https:\/\/super-news.info\/hu\/csokkeno-forgalomban-esett-a-bux-a-heten\/#primaryimage"},"image":{"@id":"https:\/\/super-news.info\/hu\/csokkeno-forgalomban-esett-a-bux-a-heten\/#primaryimage"},"thumbnailUrl":"https:\/\/super-news.info\/hu\/wp-content\/uploads\/sites\/3\/2019\/08\/Enyhe-m-nuszban-z-rt-a-BUX.jpg","datePublished":"2019-08-18T10:52:03+00:00","dateModified":"2019-08-18T10:52:04+00:00","author":{"@id":"https:\/\/super-news.info\/hu\/#\/schema\/person\/2d4068cb2f39cd10008c2fce578a7356"},"breadcrumb":{"@id":"https:\/\/super-news.info\/hu\/csokkeno-forgalomban-esett-a-bux-a-heten\/#breadcrumb"},"inLanguage":"hu","potentialAction":[{"@type":"ReadAction","target":["https:\/\/super-news.info\/hu\/csokkeno-forgalomban-esett-a-bux-a-heten\/"]}]},{"@type":"ImageObject","inLanguage":"hu","@id":"https:\/\/super-news.info\/hu\/csokkeno-forgalomban-esett-a-bux-a-heten\/#primaryimage","url":"https:\/\/super-news.info\/hu\/wp-content\/uploads\/sites\/3\/2019\/08\/Enyhe-m-nuszban-z-rt-a-BUX.jpg","contentUrl":"https:\/\/super-news.info\/hu\/wp-content\/uploads\/sites\/3\/2019\/08\/Enyhe-m-nuszban-z-rt-a-BUX.jpg","width":1400,"height":787,"caption":"Enyhe m\u00ednuszban z\u00e1rt a BUX"},{"@type":"BreadcrumbList","@id":"https:\/\/super-news.info\/hu\/csokkeno-forgalomban-esett-a-bux-a-heten\/#breadcrumb","itemListElement":[{"@type":"ListItem","position":1,"name":"\u0413\u043b\u0430\u0432\u043d\u0430\u044f \u0441\u0442\u0440\u0430\u043d\u0438\u0446\u0430","item":"https:\/\/super-news.info\/hu\/"},{"@type":"ListItem","position":2,"name":"Cs\u00f6kken\u0151 forgalomban esett a BUX a h\u00e9ten"}]},{"@type":"WebSite","@id":"https:\/\/super-news.info\/hu\/#website","url":"https:\/\/super-news.info\/hu\/","name":"Super News","description":"Super News Magyarorsz\u00e1g","potentialAction":[{"@type":"SearchAction","target":{"@type":"EntryPoint","urlTemplate":"https:\/\/super-news.info\/hu\/?s={search_term_string}"},"query-input":{"@type":"PropertyValueSpecification","valueRequired":true,"valueName":"search_term_string"}}],"inLanguage":"hu"},{"@type":"Person","@id":"https:\/\/super-news.info\/hu\/#\/schema\/person\/2d4068cb2f39cd10008c2fce578a7356","name":"super-news","image":{"@type":"ImageObject","inLanguage":"hu","@id":"https:\/\/secure.gravatar.com\/avatar\/64ebac40b93f26a154f8a9b5b6fdccfc46f442b26b3dd6756dbff3bf9dc76fd7?s=96&d=mm&r=g","url":"https:\/\/secure.gravatar.com\/avatar\/64ebac40b93f26a154f8a9b5b6fdccfc46f442b26b3dd6756dbff3bf9dc76fd7?s=96&d=mm&r=g","contentUrl":"https:\/\/secure.gravatar.com\/avatar\/64ebac40b93f26a154f8a9b5b6fdccfc46f442b26b3dd6756dbff3bf9dc76fd7?s=96&d=mm&r=g","caption":"super-news"},"url":"https:\/\/super-news.info\/hu\/author\/pt\/"}]}},"_links":{"self":[{"href":"https:\/\/super-news.info\/hu\/wp-json\/wp\/v2\/posts\/7858","targetHints":{"allow":["GET"]}}],"collection":[{"href":"https:\/\/super-news.info\/hu\/wp-json\/wp\/v2\/posts"}],"about":[{"href":"https:\/\/super-news.info\/hu\/wp-json\/wp\/v2\/types\/post"}],"author":[{"embeddable":true,"href":"https:\/\/super-news.info\/hu\/wp-json\/wp\/v2\/users\/2"}],"replies":[{"embeddable":true,"href":"https:\/\/super-news.info\/hu\/wp-json\/wp\/v2\/comments?post=7858"}],"version-history":[{"count":1,"href":"https:\/\/super-news.info\/hu\/wp-json\/wp\/v2\/posts\/7858\/revisions"}],"predecessor-version":[{"id":7859,"href":"https:\/\/super-news.info\/hu\/wp-json\/wp\/v2\/posts\/7858\/revisions\/7859"}],"wp:featuredmedia":[{"embeddable":true,"href":"https:\/\/super-news.info\/hu\/wp-json\/wp\/v2\/media\/7785"}],"wp:attachment":[{"href":"https:\/\/super-news.info\/hu\/wp-json\/wp\/v2\/media?parent=7858"}],"wp:term":[{"taxonomy":"category","embeddable":true,"href":"https:\/\/super-news.info\/hu\/wp-json\/wp\/v2\/categories?post=7858"},{"taxonomy":"post_tag","embeddable":true,"href":"https:\/\/super-news.info\/hu\/wp-json\/wp\/v2\/tags?post=7858"}],"curies":[{"name":"wp","href":"https:\/\/api.w.org\/{rel}","templated":true}]}}