{"id":7855,"date":"2019-08-18T12:59:52","date_gmt":"2019-08-18T09:59:52","guid":{"rendered":"https:\/\/super-news.info\/hu\/nagyon-jo-evjarat-lehet-a-2019-es-borokbol\/"},"modified":"2019-08-18T12:59:53","modified_gmt":"2019-08-18T09:59:53","slug":"nagyon-jo-evjarat-lehet-a-2019-es-borokbol","status":"publish","type":"post","link":"https:\/\/super-news.info\/hu\/nagyon-jo-evjarat-lehet-a-2019-es-borokbol\/","title":{"rendered":"Nagyon j\u00f3 \u00e9vj\u00e1rat lehet a 2019-es borokb\u00f3l"},"content":{"rendered":"<p> [ad_1]<br \/>\n<\/p>\n<p>\n\t\t\t\t\t\t\t\tA sz\u0151l\u00e9szek visszajelz\u00e9sei alapj\u00e1n nagyon j\u00f3 min\u0151s\u00e9g\u0171 \u00e9vj\u00e1rat el\u0151tt \u00e1llunk \u2013 mondta Brazsil D\u00e1vid, a Hegyk\u00f6zs\u00e9gek Nemzeti Tan\u00e1csa f\u0151titk\u00e1ra az M1 aktu\u00e1lis csatorna vas\u00e1rnapi m\u0171sor\u00e1ban.\t\t\t\t\t\t\t<\/p>\n<div>\n<p>Brazsil D\u00e1vid, a Hegyk\u00f6zs\u00e9gek Nemzeti Tan\u00e1csa f\u0151titk\u00e1ra az M1 aktu\u00e1lis csatorna vas\u00e1rnapi m\u0171sor\u00e1ban besz\u00e9lt az idei sz\u0151l\u0151term\u00e9sr\u0151l \u00e9s a v\u00e1rhat\u00f3 bormin\u0151s\u00e9gr\u0151l.<\/p>\n<p>K\u00f6z\u00f6lte, a borvid\u00e9kek t\u00f6bbs\u00e9g\u00e9ben id\u0151ben el tudt\u00e1k v\u00e9gezni a sz\u0151l\u00e9szek a munk\u00e1t, \u00edgy minden adott lehet ahhoz, hogy a 2019-es \u00e9vj\u00e1rat kiv\u00e1l\u00f3 legyen.<\/p>\n<div id=\"attachment_609447\" style=\"width: 1410px\" class=\"wp-caption alignnone\">\n<p class=\"wp-caption-text\">MTI Fot\u00f3: Komka P\u00e9ter<\/p>\n<\/div>\n<p>Hozz\u00e1tette: a sz\u00fcret elkezd\u0151d\u00f6tt a korai \u00e9r\u00e9s\u0171 fajt\u00e1kkal, mint amilyen a Csabagy\u00f6ngye, ezekb\u0151l k\u00e9t-h\u00e1rom h\u00e9ten bel\u00fcl m\u00e1r k\u00f3stolhat\u00f3 az \u00fajbor. A Budav\u00e1ri Borfesztiv\u00e1lon \u2013 szeptember elej\u00e9n \u2013 a pinc\u00e9szetek m\u00e1r az els\u0151 prim\u0151r t\u00e9telekkel megjelennek, M\u00e1rton napkor pedig a k\u00f6zepes \u00e9r\u00e9s\u0171 fajt\u00e1k prim\u0151r t\u00e9teleit lehet k\u00f3stolni.<\/p>\n<p>Brazsil D\u00e1vid elmondta: nemzetk\u00f6zi szinten 2018-ban 45-46 milli\u00f3 hektoliterrel t\u00f6bb bort \u00e1ll\u00edtottak el\u0151 a termel\u0151k, mint amennyi a fogyaszt\u00e1s, ez\u00e9rt jelent\u0151s k\u00e9szlet halmoz\u00f3dott fel.<\/p>\n<p>Magyarorsz\u00e1gon j\u00faliusban 700-800 ezer hektoliterrel t\u00f6bb bor volt a pinc\u00e9kben, mint szokott, ez\u00e9rt ind\u00edtott\u00e1k meg a z\u00f6ldsz\u00fcretet. Jelezte: a z\u00f6lden leszedett f\u00fcrt\u00f6k\u00e9rt eur\u00f3pai uni\u00f3s forr\u00e1sb\u00f3l tudtak fizetni az\u00e9rt, hogy a sz\u0151l\u0151 ne ker\u00fclj\u00f6n a piacra.<\/p>\n<p>A f\u0151titk\u00e1r szerint id\u00e9n k\u00f6r\u00fclbel\u00fcl 4,6-4,8 milli\u00f3 m\u00e1zsa sz\u0151l\u0151 termel\u00e9s\u00e9re sz\u00e1m\u00edtanak, amib\u0151l v\u00e1rhat\u00f3an 2,8-3,2 milli\u00f3 hektoliter bort \u00e1ll\u00edtanak majd el\u0151, de ez f\u00fcgg att\u00f3l, milyen lesz az id\u0151j\u00e1r\u00e1s augusztus v\u00e9g\u00e9n, szeptember elej\u00e9n, ugyanis a fajt\u00e1k nagy r\u00e9sze k\u00f6zepes, vagy k\u00e9s\u0151i \u00e9r\u00e9s\u0171.<\/p>\n<\/p><\/div>\n<p><script>\n    window.fbAsyncInit = function() {\n        FB.init({\n            appId      : \"204760236815359\",\n            xfbml      : true,\n            version    : \"v2.12\"\n        });\n        FB.AppEvents.logPageView();\n    };<\/p>\n<p>    (function(d, s, id){\n        var js, fjs = d.getElementsByTagName(s)[0];\n        if (d.getElementById(id)) {return;}\n        js = d.createElement(s); js.id = id;\n        js.src = \"http:\/\/connect.facebook.net\/hu_HU\/sdk.js\";\n        fjs.parentNode.insertBefore(js, fjs);\n    }(document, \"script\", \"facebook-jssdk\"));\n<\/script><br \/>\n<br \/>[ad_2]<br \/>\n<br \/><a href=\"https:\/\/www.vg.hu\/vallalatok\/mezogazdasag\/nagyon-jo-evjarat-lehet-a-2019-es-borokbol-1696174\/\">Source link <\/a><\/p>\n","protected":false},"excerpt":{"rendered":"<p>[ad_1] A sz\u0151l\u00e9szek visszajelz\u00e9sei alapj\u00e1n nagyon j\u00f3 min\u0151s\u00e9g\u0171 \u00e9vj\u00e1rat el\u0151tt \u00e1llunk \u2013 mondta Brazsil D\u00e1vid, a Hegyk\u00f6zs\u00e9gek Nemzeti Tan\u00e1csa f\u0151titk\u00e1ra az M1 aktu\u00e1lis csatorna vas\u00e1rnapi m\u0171sor\u00e1ban. Brazsil D\u00e1vid, a Hegyk\u00f6zs\u00e9gek Nemzeti Tan\u00e1csa f\u0151titk\u00e1ra az M1 aktu\u00e1lis csatorna vas\u00e1rnapi m\u0171sor\u00e1ban besz\u00e9lt az idei sz\u0151l\u0151term\u00e9sr\u0151l \u00e9s a v\u00e1rhat\u00f3 bormin\u0151s\u00e9gr\u0151l. K\u00f6z\u00f6lte, a borvid\u00e9kek t\u00f6bbs\u00e9g\u00e9ben id\u0151ben el tudt\u00e1k v\u00e9gezni [&hellip;]<\/p>\n","protected":false},"author":2,"featured_media":7856,"comment_status":"open","ping_status":"open","sticky":false,"template":"","format":"standard","meta":{"footnotes":""},"categories":[1],"tags":[],"class_list":["post-7855","post","type-post","status-publish","format-standard","has-post-thumbnail","hentry","category-penzugyi-hirek"],"yoast_head":"<!-- This site is optimized with the Yoast SEO plugin v27.4 - https:\/\/yoast.com\/product\/yoast-seo-wordpress\/ -->\n<title>Nagyon j\u00f3 \u00e9vj\u00e1rat lehet a 2019-es borokb\u00f3l - Super News<\/title>\n<meta name=\"robots\" content=\"index, follow, max-snippet:-1, max-image-preview:large, max-video-preview:-1\" \/>\n<link rel=\"canonical\" href=\"https:\/\/super-news.info\/hu\/nagyon-jo-evjarat-lehet-a-2019-es-borokbol\/\" \/>\n<meta property=\"og:locale\" content=\"hu_HU\" \/>\n<meta property=\"og:type\" content=\"article\" \/>\n<meta property=\"og:title\" content=\"Nagyon j\u00f3 \u00e9vj\u00e1rat lehet a 2019-es borokb\u00f3l - Super News\" \/>\n<meta property=\"og:description\" content=\"[ad_1] A sz\u0151l\u00e9szek visszajelz\u00e9sei alapj\u00e1n nagyon j\u00f3 min\u0151s\u00e9g\u0171 \u00e9vj\u00e1rat el\u0151tt \u00e1llunk \u2013 mondta Brazsil D\u00e1vid, a Hegyk\u00f6zs\u00e9gek Nemzeti Tan\u00e1csa f\u0151titk\u00e1ra az M1 aktu\u00e1lis csatorna vas\u00e1rnapi m\u0171sor\u00e1ban. Brazsil D\u00e1vid, a Hegyk\u00f6zs\u00e9gek Nemzeti Tan\u00e1csa f\u0151titk\u00e1ra az M1 aktu\u00e1lis csatorna vas\u00e1rnapi m\u0171sor\u00e1ban besz\u00e9lt az idei sz\u0151l\u0151term\u00e9sr\u0151l \u00e9s a v\u00e1rhat\u00f3 bormin\u0151s\u00e9gr\u0151l. K\u00f6z\u00f6lte, a borvid\u00e9kek t\u00f6bbs\u00e9g\u00e9ben id\u0151ben el tudt\u00e1k v\u00e9gezni [&hellip;]\" \/>\n<meta property=\"og:url\" content=\"https:\/\/super-news.info\/hu\/nagyon-jo-evjarat-lehet-a-2019-es-borokbol\/\" \/>\n<meta property=\"og:site_name\" content=\"Super News\" \/>\n<meta property=\"article:published_time\" content=\"2019-08-18T09:59:52+00:00\" \/>\n<meta property=\"article:modified_time\" content=\"2019-08-18T09:59:53+00:00\" \/>\n<meta property=\"og:image\" content=\"https:\/\/super-news.info\/hu\/wp-content\/uploads\/sites\/3\/2019\/08\/Nagyon-j-vj-rat-lehet-a-2019-es-borokb-l.jpg\" \/>\n\t<meta property=\"og:image:width\" content=\"1400\" \/>\n\t<meta property=\"og:image:height\" content=\"932\" \/>\n\t<meta property=\"og:image:type\" content=\"image\/jpeg\" \/>\n<meta name=\"author\" content=\"super-news\" \/>\n<meta name=\"twitter:card\" content=\"summary_large_image\" \/>\n<meta name=\"twitter:label1\" content=\"Szerz\u0151:\" \/>\n\t<meta name=\"twitter:data1\" content=\"super-news\" \/>\n\t<meta name=\"twitter:label2\" content=\"Becs\u00fclt olvas\u00e1si id\u0151\" \/>\n\t<meta name=\"twitter:data2\" content=\"2 perc\" \/>\n<script type=\"application\/ld+json\" class=\"yoast-schema-graph\">{\"@context\":\"https:\\\/\\\/schema.org\",\"@graph\":[{\"@type\":\"Article\",\"@id\":\"https:\\\/\\\/super-news.info\\\/hu\\\/nagyon-jo-evjarat-lehet-a-2019-es-borokbol\\\/#article\",\"isPartOf\":{\"@id\":\"https:\\\/\\\/super-news.info\\\/hu\\\/nagyon-jo-evjarat-lehet-a-2019-es-borokbol\\\/\"},\"author\":{\"name\":\"super-news\",\"@id\":\"https:\\\/\\\/super-news.info\\\/hu\\\/#\\\/schema\\\/person\\\/2d4068cb2f39cd10008c2fce578a7356\"},\"headline\":\"Nagyon j\u00f3 \u00e9vj\u00e1rat lehet a 2019-es borokb\u00f3l\",\"datePublished\":\"2019-08-18T09:59:52+00:00\",\"dateModified\":\"2019-08-18T09:59:53+00:00\",\"mainEntityOfPage\":{\"@id\":\"https:\\\/\\\/super-news.info\\\/hu\\\/nagyon-jo-evjarat-lehet-a-2019-es-borokbol\\\/\"},\"wordCount\":370,\"commentCount\":0,\"image\":{\"@id\":\"https:\\\/\\\/super-news.info\\\/hu\\\/nagyon-jo-evjarat-lehet-a-2019-es-borokbol\\\/#primaryimage\"},\"thumbnailUrl\":\"https:\\\/\\\/super-news.info\\\/hu\\\/wp-content\\\/uploads\\\/sites\\\/3\\\/2019\\\/08\\\/Nagyon-j-vj-rat-lehet-a-2019-es-borokb-l.jpg\",\"articleSection\":[\"P\u00c9NZ\u00dcGYI H\u00cdREK\"],\"inLanguage\":\"hu\",\"potentialAction\":[{\"@type\":\"CommentAction\",\"name\":\"Comment\",\"target\":[\"https:\\\/\\\/super-news.info\\\/hu\\\/nagyon-jo-evjarat-lehet-a-2019-es-borokbol\\\/#respond\"]}]},{\"@type\":\"WebPage\",\"@id\":\"https:\\\/\\\/super-news.info\\\/hu\\\/nagyon-jo-evjarat-lehet-a-2019-es-borokbol\\\/\",\"url\":\"https:\\\/\\\/super-news.info\\\/hu\\\/nagyon-jo-evjarat-lehet-a-2019-es-borokbol\\\/\",\"name\":\"Nagyon j\u00f3 \u00e9vj\u00e1rat lehet a 2019-es borokb\u00f3l - Super News\",\"isPartOf\":{\"@id\":\"https:\\\/\\\/super-news.info\\\/hu\\\/#website\"},\"primaryImageOfPage\":{\"@id\":\"https:\\\/\\\/super-news.info\\\/hu\\\/nagyon-jo-evjarat-lehet-a-2019-es-borokbol\\\/#primaryimage\"},\"image\":{\"@id\":\"https:\\\/\\\/super-news.info\\\/hu\\\/nagyon-jo-evjarat-lehet-a-2019-es-borokbol\\\/#primaryimage\"},\"thumbnailUrl\":\"https:\\\/\\\/super-news.info\\\/hu\\\/wp-content\\\/uploads\\\/sites\\\/3\\\/2019\\\/08\\\/Nagyon-j-vj-rat-lehet-a-2019-es-borokb-l.jpg\",\"datePublished\":\"2019-08-18T09:59:52+00:00\",\"dateModified\":\"2019-08-18T09:59:53+00:00\",\"author\":{\"@id\":\"https:\\\/\\\/super-news.info\\\/hu\\\/#\\\/schema\\\/person\\\/2d4068cb2f39cd10008c2fce578a7356\"},\"breadcrumb\":{\"@id\":\"https:\\\/\\\/super-news.info\\\/hu\\\/nagyon-jo-evjarat-lehet-a-2019-es-borokbol\\\/#breadcrumb\"},\"inLanguage\":\"hu\",\"potentialAction\":[{\"@type\":\"ReadAction\",\"target\":[\"https:\\\/\\\/super-news.info\\\/hu\\\/nagyon-jo-evjarat-lehet-a-2019-es-borokbol\\\/\"]}]},{\"@type\":\"ImageObject\",\"inLanguage\":\"hu\",\"@id\":\"https:\\\/\\\/super-news.info\\\/hu\\\/nagyon-jo-evjarat-lehet-a-2019-es-borokbol\\\/#primaryimage\",\"url\":\"https:\\\/\\\/super-news.info\\\/hu\\\/wp-content\\\/uploads\\\/sites\\\/3\\\/2019\\\/08\\\/Nagyon-j-vj-rat-lehet-a-2019-es-borokb-l.jpg\",\"contentUrl\":\"https:\\\/\\\/super-news.info\\\/hu\\\/wp-content\\\/uploads\\\/sites\\\/3\\\/2019\\\/08\\\/Nagyon-j-vj-rat-lehet-a-2019-es-borokb-l.jpg\",\"width\":1400,\"height\":932,\"caption\":\"Nagyon j\u00f3 \u00e9vj\u00e1rat lehet a 2019-es borokb\u00f3l\"},{\"@type\":\"BreadcrumbList\",\"@id\":\"https:\\\/\\\/super-news.info\\\/hu\\\/nagyon-jo-evjarat-lehet-a-2019-es-borokbol\\\/#breadcrumb\",\"itemListElement\":[{\"@type\":\"ListItem\",\"position\":1,\"name\":\"\u0413\u043b\u0430\u0432\u043d\u0430\u044f \u0441\u0442\u0440\u0430\u043d\u0438\u0446\u0430\",\"item\":\"https:\\\/\\\/super-news.info\\\/hu\\\/\"},{\"@type\":\"ListItem\",\"position\":2,\"name\":\"Nagyon j\u00f3 \u00e9vj\u00e1rat lehet a 2019-es borokb\u00f3l\"}]},{\"@type\":\"WebSite\",\"@id\":\"https:\\\/\\\/super-news.info\\\/hu\\\/#website\",\"url\":\"https:\\\/\\\/super-news.info\\\/hu\\\/\",\"name\":\"Super News\",\"description\":\"Super News Magyarorsz\u00e1g\",\"potentialAction\":[{\"@type\":\"SearchAction\",\"target\":{\"@type\":\"EntryPoint\",\"urlTemplate\":\"https:\\\/\\\/super-news.info\\\/hu\\\/?s={search_term_string}\"},\"query-input\":{\"@type\":\"PropertyValueSpecification\",\"valueRequired\":true,\"valueName\":\"search_term_string\"}}],\"inLanguage\":\"hu\"},{\"@type\":\"Person\",\"@id\":\"https:\\\/\\\/super-news.info\\\/hu\\\/#\\\/schema\\\/person\\\/2d4068cb2f39cd10008c2fce578a7356\",\"name\":\"super-news\",\"image\":{\"@type\":\"ImageObject\",\"inLanguage\":\"hu\",\"@id\":\"https:\\\/\\\/secure.gravatar.com\\\/avatar\\\/64ebac40b93f26a154f8a9b5b6fdccfc46f442b26b3dd6756dbff3bf9dc76fd7?s=96&d=mm&r=g\",\"url\":\"https:\\\/\\\/secure.gravatar.com\\\/avatar\\\/64ebac40b93f26a154f8a9b5b6fdccfc46f442b26b3dd6756dbff3bf9dc76fd7?s=96&d=mm&r=g\",\"contentUrl\":\"https:\\\/\\\/secure.gravatar.com\\\/avatar\\\/64ebac40b93f26a154f8a9b5b6fdccfc46f442b26b3dd6756dbff3bf9dc76fd7?s=96&d=mm&r=g\",\"caption\":\"super-news\"},\"url\":\"https:\\\/\\\/super-news.info\\\/hu\\\/author\\\/pt\\\/\"}]}<\/script>\n<!-- \/ Yoast SEO plugin. -->","yoast_head_json":{"title":"Nagyon j\u00f3 \u00e9vj\u00e1rat lehet a 2019-es borokb\u00f3l - Super News","robots":{"index":"index","follow":"follow","max-snippet":"max-snippet:-1","max-image-preview":"max-image-preview:large","max-video-preview":"max-video-preview:-1"},"canonical":"https:\/\/super-news.info\/hu\/nagyon-jo-evjarat-lehet-a-2019-es-borokbol\/","og_locale":"hu_HU","og_type":"article","og_title":"Nagyon j\u00f3 \u00e9vj\u00e1rat lehet a 2019-es borokb\u00f3l - Super News","og_description":"[ad_1] A sz\u0151l\u00e9szek visszajelz\u00e9sei alapj\u00e1n nagyon j\u00f3 min\u0151s\u00e9g\u0171 \u00e9vj\u00e1rat el\u0151tt \u00e1llunk \u2013 mondta Brazsil D\u00e1vid, a Hegyk\u00f6zs\u00e9gek Nemzeti Tan\u00e1csa f\u0151titk\u00e1ra az M1 aktu\u00e1lis csatorna vas\u00e1rnapi m\u0171sor\u00e1ban. Brazsil D\u00e1vid, a Hegyk\u00f6zs\u00e9gek Nemzeti Tan\u00e1csa f\u0151titk\u00e1ra az M1 aktu\u00e1lis csatorna vas\u00e1rnapi m\u0171sor\u00e1ban besz\u00e9lt az idei sz\u0151l\u0151term\u00e9sr\u0151l \u00e9s a v\u00e1rhat\u00f3 bormin\u0151s\u00e9gr\u0151l. K\u00f6z\u00f6lte, a borvid\u00e9kek t\u00f6bbs\u00e9g\u00e9ben id\u0151ben el tudt\u00e1k v\u00e9gezni [&hellip;]","og_url":"https:\/\/super-news.info\/hu\/nagyon-jo-evjarat-lehet-a-2019-es-borokbol\/","og_site_name":"Super News","article_published_time":"2019-08-18T09:59:52+00:00","article_modified_time":"2019-08-18T09:59:53+00:00","og_image":[{"width":1400,"height":932,"url":"https:\/\/super-news.info\/hu\/wp-content\/uploads\/sites\/3\/2019\/08\/Nagyon-j-vj-rat-lehet-a-2019-es-borokb-l.jpg","type":"image\/jpeg"}],"author":"super-news","twitter_card":"summary_large_image","twitter_misc":{"Szerz\u0151:":"super-news","Becs\u00fclt olvas\u00e1si id\u0151":"2 perc"},"schema":{"@context":"https:\/\/schema.org","@graph":[{"@type":"Article","@id":"https:\/\/super-news.info\/hu\/nagyon-jo-evjarat-lehet-a-2019-es-borokbol\/#article","isPartOf":{"@id":"https:\/\/super-news.info\/hu\/nagyon-jo-evjarat-lehet-a-2019-es-borokbol\/"},"author":{"name":"super-news","@id":"https:\/\/super-news.info\/hu\/#\/schema\/person\/2d4068cb2f39cd10008c2fce578a7356"},"headline":"Nagyon j\u00f3 \u00e9vj\u00e1rat lehet a 2019-es borokb\u00f3l","datePublished":"2019-08-18T09:59:52+00:00","dateModified":"2019-08-18T09:59:53+00:00","mainEntityOfPage":{"@id":"https:\/\/super-news.info\/hu\/nagyon-jo-evjarat-lehet-a-2019-es-borokbol\/"},"wordCount":370,"commentCount":0,"image":{"@id":"https:\/\/super-news.info\/hu\/nagyon-jo-evjarat-lehet-a-2019-es-borokbol\/#primaryimage"},"thumbnailUrl":"https:\/\/super-news.info\/hu\/wp-content\/uploads\/sites\/3\/2019\/08\/Nagyon-j-vj-rat-lehet-a-2019-es-borokb-l.jpg","articleSection":["P\u00c9NZ\u00dcGYI H\u00cdREK"],"inLanguage":"hu","potentialAction":[{"@type":"CommentAction","name":"Comment","target":["https:\/\/super-news.info\/hu\/nagyon-jo-evjarat-lehet-a-2019-es-borokbol\/#respond"]}]},{"@type":"WebPage","@id":"https:\/\/super-news.info\/hu\/nagyon-jo-evjarat-lehet-a-2019-es-borokbol\/","url":"https:\/\/super-news.info\/hu\/nagyon-jo-evjarat-lehet-a-2019-es-borokbol\/","name":"Nagyon j\u00f3 \u00e9vj\u00e1rat lehet a 2019-es borokb\u00f3l - Super News","isPartOf":{"@id":"https:\/\/super-news.info\/hu\/#website"},"primaryImageOfPage":{"@id":"https:\/\/super-news.info\/hu\/nagyon-jo-evjarat-lehet-a-2019-es-borokbol\/#primaryimage"},"image":{"@id":"https:\/\/super-news.info\/hu\/nagyon-jo-evjarat-lehet-a-2019-es-borokbol\/#primaryimage"},"thumbnailUrl":"https:\/\/super-news.info\/hu\/wp-content\/uploads\/sites\/3\/2019\/08\/Nagyon-j-vj-rat-lehet-a-2019-es-borokb-l.jpg","datePublished":"2019-08-18T09:59:52+00:00","dateModified":"2019-08-18T09:59:53+00:00","author":{"@id":"https:\/\/super-news.info\/hu\/#\/schema\/person\/2d4068cb2f39cd10008c2fce578a7356"},"breadcrumb":{"@id":"https:\/\/super-news.info\/hu\/nagyon-jo-evjarat-lehet-a-2019-es-borokbol\/#breadcrumb"},"inLanguage":"hu","potentialAction":[{"@type":"ReadAction","target":["https:\/\/super-news.info\/hu\/nagyon-jo-evjarat-lehet-a-2019-es-borokbol\/"]}]},{"@type":"ImageObject","inLanguage":"hu","@id":"https:\/\/super-news.info\/hu\/nagyon-jo-evjarat-lehet-a-2019-es-borokbol\/#primaryimage","url":"https:\/\/super-news.info\/hu\/wp-content\/uploads\/sites\/3\/2019\/08\/Nagyon-j-vj-rat-lehet-a-2019-es-borokb-l.jpg","contentUrl":"https:\/\/super-news.info\/hu\/wp-content\/uploads\/sites\/3\/2019\/08\/Nagyon-j-vj-rat-lehet-a-2019-es-borokb-l.jpg","width":1400,"height":932,"caption":"Nagyon j\u00f3 \u00e9vj\u00e1rat lehet a 2019-es borokb\u00f3l"},{"@type":"BreadcrumbList","@id":"https:\/\/super-news.info\/hu\/nagyon-jo-evjarat-lehet-a-2019-es-borokbol\/#breadcrumb","itemListElement":[{"@type":"ListItem","position":1,"name":"\u0413\u043b\u0430\u0432\u043d\u0430\u044f \u0441\u0442\u0440\u0430\u043d\u0438\u0446\u0430","item":"https:\/\/super-news.info\/hu\/"},{"@type":"ListItem","position":2,"name":"Nagyon j\u00f3 \u00e9vj\u00e1rat lehet a 2019-es borokb\u00f3l"}]},{"@type":"WebSite","@id":"https:\/\/super-news.info\/hu\/#website","url":"https:\/\/super-news.info\/hu\/","name":"Super News","description":"Super News Magyarorsz\u00e1g","potentialAction":[{"@type":"SearchAction","target":{"@type":"EntryPoint","urlTemplate":"https:\/\/super-news.info\/hu\/?s={search_term_string}"},"query-input":{"@type":"PropertyValueSpecification","valueRequired":true,"valueName":"search_term_string"}}],"inLanguage":"hu"},{"@type":"Person","@id":"https:\/\/super-news.info\/hu\/#\/schema\/person\/2d4068cb2f39cd10008c2fce578a7356","name":"super-news","image":{"@type":"ImageObject","inLanguage":"hu","@id":"https:\/\/secure.gravatar.com\/avatar\/64ebac40b93f26a154f8a9b5b6fdccfc46f442b26b3dd6756dbff3bf9dc76fd7?s=96&d=mm&r=g","url":"https:\/\/secure.gravatar.com\/avatar\/64ebac40b93f26a154f8a9b5b6fdccfc46f442b26b3dd6756dbff3bf9dc76fd7?s=96&d=mm&r=g","contentUrl":"https:\/\/secure.gravatar.com\/avatar\/64ebac40b93f26a154f8a9b5b6fdccfc46f442b26b3dd6756dbff3bf9dc76fd7?s=96&d=mm&r=g","caption":"super-news"},"url":"https:\/\/super-news.info\/hu\/author\/pt\/"}]}},"_links":{"self":[{"href":"https:\/\/super-news.info\/hu\/wp-json\/wp\/v2\/posts\/7855","targetHints":{"allow":["GET"]}}],"collection":[{"href":"https:\/\/super-news.info\/hu\/wp-json\/wp\/v2\/posts"}],"about":[{"href":"https:\/\/super-news.info\/hu\/wp-json\/wp\/v2\/types\/post"}],"author":[{"embeddable":true,"href":"https:\/\/super-news.info\/hu\/wp-json\/wp\/v2\/users\/2"}],"replies":[{"embeddable":true,"href":"https:\/\/super-news.info\/hu\/wp-json\/wp\/v2\/comments?post=7855"}],"version-history":[{"count":1,"href":"https:\/\/super-news.info\/hu\/wp-json\/wp\/v2\/posts\/7855\/revisions"}],"predecessor-version":[{"id":7857,"href":"https:\/\/super-news.info\/hu\/wp-json\/wp\/v2\/posts\/7855\/revisions\/7857"}],"wp:featuredmedia":[{"embeddable":true,"href":"https:\/\/super-news.info\/hu\/wp-json\/wp\/v2\/media\/7856"}],"wp:attachment":[{"href":"https:\/\/super-news.info\/hu\/wp-json\/wp\/v2\/media?parent=7855"}],"wp:term":[{"taxonomy":"category","embeddable":true,"href":"https:\/\/super-news.info\/hu\/wp-json\/wp\/v2\/categories?post=7855"},{"taxonomy":"post_tag","embeddable":true,"href":"https:\/\/super-news.info\/hu\/wp-json\/wp\/v2\/tags?post=7855"}],"curies":[{"name":"wp","href":"https:\/\/api.w.org\/{rel}","templated":true}]}}