{"id":7843,"date":"2019-08-17T20:24:32","date_gmt":"2019-08-17T17:24:32","guid":{"rendered":"https:\/\/super-news.info\/hu\/meg-senki-sem-tekerte-at-ilyen-gyorsan-europat\/"},"modified":"2019-08-17T20:24:33","modified_gmt":"2019-08-17T17:24:33","slug":"meg-senki-sem-tekerte-at-ilyen-gyorsan-europat","status":"publish","type":"post","link":"https:\/\/super-news.info\/hu\/meg-senki-sem-tekerte-at-ilyen-gyorsan-europat\/","title":{"rendered":"M\u00e9g senki sem tekerte \u00e1t ilyen gyorsan Eur\u00f3p\u00e1t"},"content":{"rendered":"<p> [ad_1]<br \/>\n<\/p>\n<p>\n\t\t\t\t\t\t\t\tRekordid\u0151 alatt tekerte \u00e1t Eur\u00f3p\u00e1t Wolfgang Fasching osztr\u00e1k extr\u00e9m ker\u00e9kp\u00e1ros: az 5656 kilom\u00e9tert t\u00edz nap, h\u00fasz \u00f3ra \u00e9s 47 perc alatt tette meg.\t\t\t\t\t\t\t<\/p>\n<div>\n<p>\u00datja Gibralt\u00e1rt\u00f3l a norv\u00e9giai Nordkapig tartott, k\u00f6zben mind\u00f6ssze 18 \u00f3r\u00e1t aludt, balesetet is szenvedett, \u00e9s az id\u0151j\u00e1r\u00e1s viszontags\u00e1gaival is meg kellett k\u00fczdenie \u2013 tette k\u00f6zz\u00e9 Fasching csapata p\u00e9nteken.<\/p>\n<p>Az 52 \u00e9ves sportol\u00f3 p\u00e9nteken 13.59 \u00f3rakor \u00e9rte el Eur\u00f3pa leg\u00e9szakibb pontj\u00e1t.<\/p>\n<p>Eredetileg 12 nap alatt tervezte a 30 ezer m\u00e9ter szintemelked\u00e9st tartalmaz\u00f3 utat megtenni, m\u00e1r ebb\u0151l is l\u00e1tszott, hogy az 1998-ban Franz Kaserer \u00e1ltal fel\u00e1ll\u00edtott rekord megd\u00f6nt\u00e9s\u00e9re k\u00e9sz\u00fcl.<\/p>\n<p>Az extr\u00e9m ker\u00e9kp\u00e1rost nem k\u00eds\u00e9rte a szerencse a EuropeCoast2Coast (Eur\u00f3pa partt\u00f3l partig) n\u00e9vre keresztelt v\u00e1llalkoz\u00e1sa alatt.<\/p>\n<div id=\"attachment_1695475\" style=\"width: 1410px\" class=\"wp-caption aligncenter\">\n<p class=\"wp-caption-text\">Wolfgang Fasching 2002 j\u00fanius\u00e1ban<br \/>Fot\u00f3: AFP PHOTO\/APA\/ALOIS FURTNER\/hds mda<\/p>\n<\/div>\n<p>M\u00falt p\u00e9nteken a belgiumi Liege-ben k\u00f6zleked\u00e9si baleset \u00e9rte, k\u00f3rh\u00e1zba kellett vinni, \u00e1m csak horzsol\u00e1sokat szenvedett. Az es\u00e9s 17 \u00f3r\u00e1j\u00e1ba ker\u00fclt.<\/p>\n<p>Az id\u0151j\u00e1r\u00e1s sem \u00e1llt mell\u00e9: Spanyolorsz\u00e1gban 40 Celsius-fok feletti h\u0151m\u00e9rs\u00e9kletet kellett elviselnie, az \u00e9szaki orsz\u00e1gokban viszont sok es\u0151t \u00e9s fagypont alatti hidegeket is.<\/p>\n<blockquote>\n<p>Csapatommal egy\u00fctt j\u00f3 id\u0151eredm\u00e9nnyel akartam teljes\u00edteni a tervemet, ami a szerencs\u00e9tlen, de komoly s\u00e9r\u00fcl\u00e9s n\u00e9lk\u00fcl v\u00e9gz\u0151d\u00f6tt baleset ellen\u00e9re is siker\u00fclt. \u0150r\u00fcletes megk\u00f6nnyebb\u00fcl\u00e9st jelent<\/p>\n<\/blockquote>\n<p>\u2013 mondta Fasching a be\u00e9rkez\u00e9s ut\u00e1n.<\/p>\n<p>A ker\u00e9kp\u00e1ros \u00e1ttekert m\u00e1r \u00c9szak-Amerik\u00e1n, \u00c1zsi\u00e1n, Ausztr\u00e1li\u00e1n \u00e9s imm\u00e1r Eur\u00f3p\u00e1n is, rekordid\u0151 alatt.<\/p>\n<p>H\u00e1romszor nyerte meg a 4828 kilom\u00e9teres, t\u00f6bb mint 51 ezer m\u00e9ter szintemelked\u00e9st tartalmaz\u00f3 Race Across America nev\u0171 nonstop versenyt, 2002-ben pedig fel\u00e1ll\u00edtotta a 24 \u00f3r\u00e1s ker\u00e9kp\u00e1roz\u00e1s vil\u00e1grekordj\u00e1t.<\/p>\n<p>\u201eEgy h\u00edj\u00e1n minden kontinensen \u00e1tkeltem, Afrika van csak h\u00e1tra, ez a k\u00f6vetkez\u0151 c\u00e9lom\u201d \u2013 tette hozz\u00e1.<\/p>\n<\/p><\/div>\n<p><script>\n    window.fbAsyncInit = function() {\n        FB.init({\n            appId      : \"204760236815359\",\n            xfbml      : true,\n            version    : \"v2.12\"\n        });\n        FB.AppEvents.logPageView();\n    };<\/p>\n<p>    (function(d, s, id){\n        var js, fjs = d.getElementsByTagName(s)[0];\n        if (d.getElementById(id)) {return;}\n        js = d.createElement(s); js.id = id;\n        js.src = \"http:\/\/connect.facebook.net\/hu_HU\/sdk.js\";\n        fjs.parentNode.insertBefore(js, fjs);\n    }(document, \"script\", \"facebook-jssdk\"));\n<\/script><br \/>\n<br \/>[ad_2]<br \/>\n<br \/><a href=\"https:\/\/www.vg.hu\/mozaik\/meg-senki-sem-tekerte-at-ilyen-gyorsan-europat-1695472\/\">Source link <\/a><\/p>\n","protected":false},"excerpt":{"rendered":"<p>[ad_1] Rekordid\u0151 alatt tekerte \u00e1t Eur\u00f3p\u00e1t Wolfgang Fasching osztr\u00e1k extr\u00e9m ker\u00e9kp\u00e1ros: az 5656 kilom\u00e9tert t\u00edz nap, h\u00fasz \u00f3ra \u00e9s 47 perc alatt tette meg. \u00datja Gibralt\u00e1rt\u00f3l a norv\u00e9giai Nordkapig tartott, k\u00f6zben mind\u00f6ssze 18 \u00f3r\u00e1t aludt, balesetet is szenvedett, \u00e9s az id\u0151j\u00e1r\u00e1s viszontags\u00e1gaival is meg kellett k\u00fczdenie \u2013 tette k\u00f6zz\u00e9 Fasching csapata p\u00e9nteken. Az 52 \u00e9ves [&hellip;]<\/p>\n","protected":false},"author":2,"featured_media":7844,"comment_status":"open","ping_status":"open","sticky":false,"template":"","format":"standard","meta":{"footnotes":""},"categories":[1],"tags":[],"class_list":["post-7843","post","type-post","status-publish","format-standard","has-post-thumbnail","hentry","category-penzugyi-hirek"],"yoast_head":"<!-- This site is optimized with the Yoast SEO plugin v27.4 - https:\/\/yoast.com\/product\/yoast-seo-wordpress\/ -->\n<title>M\u00e9g senki sem tekerte \u00e1t ilyen gyorsan Eur\u00f3p\u00e1t - Super News<\/title>\n<meta name=\"robots\" content=\"index, follow, max-snippet:-1, max-image-preview:large, max-video-preview:-1\" \/>\n<link rel=\"canonical\" href=\"https:\/\/super-news.info\/hu\/meg-senki-sem-tekerte-at-ilyen-gyorsan-europat\/\" \/>\n<meta property=\"og:locale\" content=\"hu_HU\" \/>\n<meta property=\"og:type\" content=\"article\" \/>\n<meta property=\"og:title\" content=\"M\u00e9g senki sem tekerte \u00e1t ilyen gyorsan Eur\u00f3p\u00e1t - Super News\" \/>\n<meta property=\"og:description\" content=\"[ad_1] Rekordid\u0151 alatt tekerte \u00e1t Eur\u00f3p\u00e1t Wolfgang Fasching osztr\u00e1k extr\u00e9m ker\u00e9kp\u00e1ros: az 5656 kilom\u00e9tert t\u00edz nap, h\u00fasz \u00f3ra \u00e9s 47 perc alatt tette meg. \u00datja Gibralt\u00e1rt\u00f3l a norv\u00e9giai Nordkapig tartott, k\u00f6zben mind\u00f6ssze 18 \u00f3r\u00e1t aludt, balesetet is szenvedett, \u00e9s az id\u0151j\u00e1r\u00e1s viszontags\u00e1gaival is meg kellett k\u00fczdenie \u2013 tette k\u00f6zz\u00e9 Fasching csapata p\u00e9nteken. Az 52 \u00e9ves [&hellip;]\" \/>\n<meta property=\"og:url\" content=\"https:\/\/super-news.info\/hu\/meg-senki-sem-tekerte-at-ilyen-gyorsan-europat\/\" \/>\n<meta property=\"og:site_name\" content=\"Super News\" \/>\n<meta property=\"article:published_time\" content=\"2019-08-17T17:24:32+00:00\" \/>\n<meta property=\"article:modified_time\" content=\"2019-08-17T17:24:33+00:00\" \/>\n<meta property=\"og:image\" content=\"https:\/\/super-news.info\/hu\/wp-content\/uploads\/sites\/3\/2019\/08\/M-g-senki-sem-tekerte-t-ilyen-gyorsan-Eur-p-t.jpg\" \/>\n\t<meta property=\"og:image:width\" content=\"1400\" \/>\n\t<meta property=\"og:image:height\" content=\"1039\" \/>\n\t<meta property=\"og:image:type\" content=\"image\/jpeg\" \/>\n<meta name=\"author\" content=\"super-news\" \/>\n<meta name=\"twitter:card\" content=\"summary_large_image\" \/>\n<meta name=\"twitter:label1\" content=\"Szerz\u0151:\" \/>\n\t<meta name=\"twitter:data1\" content=\"super-news\" \/>\n\t<meta name=\"twitter:label2\" content=\"Becs\u00fclt olvas\u00e1si id\u0151\" \/>\n\t<meta name=\"twitter:data2\" content=\"2 perc\" \/>\n<script type=\"application\/ld+json\" class=\"yoast-schema-graph\">{\"@context\":\"https:\\\/\\\/schema.org\",\"@graph\":[{\"@type\":\"Article\",\"@id\":\"https:\\\/\\\/super-news.info\\\/hu\\\/meg-senki-sem-tekerte-at-ilyen-gyorsan-europat\\\/#article\",\"isPartOf\":{\"@id\":\"https:\\\/\\\/super-news.info\\\/hu\\\/meg-senki-sem-tekerte-at-ilyen-gyorsan-europat\\\/\"},\"author\":{\"name\":\"super-news\",\"@id\":\"https:\\\/\\\/super-news.info\\\/hu\\\/#\\\/schema\\\/person\\\/2d4068cb2f39cd10008c2fce578a7356\"},\"headline\":\"M\u00e9g senki sem tekerte \u00e1t ilyen gyorsan Eur\u00f3p\u00e1t\",\"datePublished\":\"2019-08-17T17:24:32+00:00\",\"dateModified\":\"2019-08-17T17:24:33+00:00\",\"mainEntityOfPage\":{\"@id\":\"https:\\\/\\\/super-news.info\\\/hu\\\/meg-senki-sem-tekerte-at-ilyen-gyorsan-europat\\\/\"},\"wordCount\":365,\"commentCount\":0,\"image\":{\"@id\":\"https:\\\/\\\/super-news.info\\\/hu\\\/meg-senki-sem-tekerte-at-ilyen-gyorsan-europat\\\/#primaryimage\"},\"thumbnailUrl\":\"https:\\\/\\\/super-news.info\\\/hu\\\/wp-content\\\/uploads\\\/sites\\\/3\\\/2019\\\/08\\\/M-g-senki-sem-tekerte-t-ilyen-gyorsan-Eur-p-t.jpg\",\"articleSection\":[\"P\u00c9NZ\u00dcGYI H\u00cdREK\"],\"inLanguage\":\"hu\",\"potentialAction\":[{\"@type\":\"CommentAction\",\"name\":\"Comment\",\"target\":[\"https:\\\/\\\/super-news.info\\\/hu\\\/meg-senki-sem-tekerte-at-ilyen-gyorsan-europat\\\/#respond\"]}]},{\"@type\":\"WebPage\",\"@id\":\"https:\\\/\\\/super-news.info\\\/hu\\\/meg-senki-sem-tekerte-at-ilyen-gyorsan-europat\\\/\",\"url\":\"https:\\\/\\\/super-news.info\\\/hu\\\/meg-senki-sem-tekerte-at-ilyen-gyorsan-europat\\\/\",\"name\":\"M\u00e9g senki sem tekerte \u00e1t ilyen gyorsan Eur\u00f3p\u00e1t - Super News\",\"isPartOf\":{\"@id\":\"https:\\\/\\\/super-news.info\\\/hu\\\/#website\"},\"primaryImageOfPage\":{\"@id\":\"https:\\\/\\\/super-news.info\\\/hu\\\/meg-senki-sem-tekerte-at-ilyen-gyorsan-europat\\\/#primaryimage\"},\"image\":{\"@id\":\"https:\\\/\\\/super-news.info\\\/hu\\\/meg-senki-sem-tekerte-at-ilyen-gyorsan-europat\\\/#primaryimage\"},\"thumbnailUrl\":\"https:\\\/\\\/super-news.info\\\/hu\\\/wp-content\\\/uploads\\\/sites\\\/3\\\/2019\\\/08\\\/M-g-senki-sem-tekerte-t-ilyen-gyorsan-Eur-p-t.jpg\",\"datePublished\":\"2019-08-17T17:24:32+00:00\",\"dateModified\":\"2019-08-17T17:24:33+00:00\",\"author\":{\"@id\":\"https:\\\/\\\/super-news.info\\\/hu\\\/#\\\/schema\\\/person\\\/2d4068cb2f39cd10008c2fce578a7356\"},\"breadcrumb\":{\"@id\":\"https:\\\/\\\/super-news.info\\\/hu\\\/meg-senki-sem-tekerte-at-ilyen-gyorsan-europat\\\/#breadcrumb\"},\"inLanguage\":\"hu\",\"potentialAction\":[{\"@type\":\"ReadAction\",\"target\":[\"https:\\\/\\\/super-news.info\\\/hu\\\/meg-senki-sem-tekerte-at-ilyen-gyorsan-europat\\\/\"]}]},{\"@type\":\"ImageObject\",\"inLanguage\":\"hu\",\"@id\":\"https:\\\/\\\/super-news.info\\\/hu\\\/meg-senki-sem-tekerte-at-ilyen-gyorsan-europat\\\/#primaryimage\",\"url\":\"https:\\\/\\\/super-news.info\\\/hu\\\/wp-content\\\/uploads\\\/sites\\\/3\\\/2019\\\/08\\\/M-g-senki-sem-tekerte-t-ilyen-gyorsan-Eur-p-t.jpg\",\"contentUrl\":\"https:\\\/\\\/super-news.info\\\/hu\\\/wp-content\\\/uploads\\\/sites\\\/3\\\/2019\\\/08\\\/M-g-senki-sem-tekerte-t-ilyen-gyorsan-Eur-p-t.jpg\",\"width\":1400,\"height\":1039,\"caption\":\"M\u00e9g senki sem tekerte \u00e1t ilyen gyorsan Eur\u00f3p\u00e1t\"},{\"@type\":\"BreadcrumbList\",\"@id\":\"https:\\\/\\\/super-news.info\\\/hu\\\/meg-senki-sem-tekerte-at-ilyen-gyorsan-europat\\\/#breadcrumb\",\"itemListElement\":[{\"@type\":\"ListItem\",\"position\":1,\"name\":\"\u0413\u043b\u0430\u0432\u043d\u0430\u044f \u0441\u0442\u0440\u0430\u043d\u0438\u0446\u0430\",\"item\":\"https:\\\/\\\/super-news.info\\\/hu\\\/\"},{\"@type\":\"ListItem\",\"position\":2,\"name\":\"M\u00e9g senki sem tekerte \u00e1t ilyen gyorsan Eur\u00f3p\u00e1t\"}]},{\"@type\":\"WebSite\",\"@id\":\"https:\\\/\\\/super-news.info\\\/hu\\\/#website\",\"url\":\"https:\\\/\\\/super-news.info\\\/hu\\\/\",\"name\":\"Super News\",\"description\":\"Super News Magyarorsz\u00e1g\",\"potentialAction\":[{\"@type\":\"SearchAction\",\"target\":{\"@type\":\"EntryPoint\",\"urlTemplate\":\"https:\\\/\\\/super-news.info\\\/hu\\\/?s={search_term_string}\"},\"query-input\":{\"@type\":\"PropertyValueSpecification\",\"valueRequired\":true,\"valueName\":\"search_term_string\"}}],\"inLanguage\":\"hu\"},{\"@type\":\"Person\",\"@id\":\"https:\\\/\\\/super-news.info\\\/hu\\\/#\\\/schema\\\/person\\\/2d4068cb2f39cd10008c2fce578a7356\",\"name\":\"super-news\",\"image\":{\"@type\":\"ImageObject\",\"inLanguage\":\"hu\",\"@id\":\"https:\\\/\\\/secure.gravatar.com\\\/avatar\\\/64ebac40b93f26a154f8a9b5b6fdccfc46f442b26b3dd6756dbff3bf9dc76fd7?s=96&d=mm&r=g\",\"url\":\"https:\\\/\\\/secure.gravatar.com\\\/avatar\\\/64ebac40b93f26a154f8a9b5b6fdccfc46f442b26b3dd6756dbff3bf9dc76fd7?s=96&d=mm&r=g\",\"contentUrl\":\"https:\\\/\\\/secure.gravatar.com\\\/avatar\\\/64ebac40b93f26a154f8a9b5b6fdccfc46f442b26b3dd6756dbff3bf9dc76fd7?s=96&d=mm&r=g\",\"caption\":\"super-news\"},\"url\":\"https:\\\/\\\/super-news.info\\\/hu\\\/author\\\/pt\\\/\"}]}<\/script>\n<!-- \/ Yoast SEO plugin. -->","yoast_head_json":{"title":"M\u00e9g senki sem tekerte \u00e1t ilyen gyorsan Eur\u00f3p\u00e1t - Super News","robots":{"index":"index","follow":"follow","max-snippet":"max-snippet:-1","max-image-preview":"max-image-preview:large","max-video-preview":"max-video-preview:-1"},"canonical":"https:\/\/super-news.info\/hu\/meg-senki-sem-tekerte-at-ilyen-gyorsan-europat\/","og_locale":"hu_HU","og_type":"article","og_title":"M\u00e9g senki sem tekerte \u00e1t ilyen gyorsan Eur\u00f3p\u00e1t - Super News","og_description":"[ad_1] Rekordid\u0151 alatt tekerte \u00e1t Eur\u00f3p\u00e1t Wolfgang Fasching osztr\u00e1k extr\u00e9m ker\u00e9kp\u00e1ros: az 5656 kilom\u00e9tert t\u00edz nap, h\u00fasz \u00f3ra \u00e9s 47 perc alatt tette meg. \u00datja Gibralt\u00e1rt\u00f3l a norv\u00e9giai Nordkapig tartott, k\u00f6zben mind\u00f6ssze 18 \u00f3r\u00e1t aludt, balesetet is szenvedett, \u00e9s az id\u0151j\u00e1r\u00e1s viszontags\u00e1gaival is meg kellett k\u00fczdenie \u2013 tette k\u00f6zz\u00e9 Fasching csapata p\u00e9nteken. Az 52 \u00e9ves [&hellip;]","og_url":"https:\/\/super-news.info\/hu\/meg-senki-sem-tekerte-at-ilyen-gyorsan-europat\/","og_site_name":"Super News","article_published_time":"2019-08-17T17:24:32+00:00","article_modified_time":"2019-08-17T17:24:33+00:00","og_image":[{"width":1400,"height":1039,"url":"https:\/\/super-news.info\/hu\/wp-content\/uploads\/sites\/3\/2019\/08\/M-g-senki-sem-tekerte-t-ilyen-gyorsan-Eur-p-t.jpg","type":"image\/jpeg"}],"author":"super-news","twitter_card":"summary_large_image","twitter_misc":{"Szerz\u0151:":"super-news","Becs\u00fclt olvas\u00e1si id\u0151":"2 perc"},"schema":{"@context":"https:\/\/schema.org","@graph":[{"@type":"Article","@id":"https:\/\/super-news.info\/hu\/meg-senki-sem-tekerte-at-ilyen-gyorsan-europat\/#article","isPartOf":{"@id":"https:\/\/super-news.info\/hu\/meg-senki-sem-tekerte-at-ilyen-gyorsan-europat\/"},"author":{"name":"super-news","@id":"https:\/\/super-news.info\/hu\/#\/schema\/person\/2d4068cb2f39cd10008c2fce578a7356"},"headline":"M\u00e9g senki sem tekerte \u00e1t ilyen gyorsan Eur\u00f3p\u00e1t","datePublished":"2019-08-17T17:24:32+00:00","dateModified":"2019-08-17T17:24:33+00:00","mainEntityOfPage":{"@id":"https:\/\/super-news.info\/hu\/meg-senki-sem-tekerte-at-ilyen-gyorsan-europat\/"},"wordCount":365,"commentCount":0,"image":{"@id":"https:\/\/super-news.info\/hu\/meg-senki-sem-tekerte-at-ilyen-gyorsan-europat\/#primaryimage"},"thumbnailUrl":"https:\/\/super-news.info\/hu\/wp-content\/uploads\/sites\/3\/2019\/08\/M-g-senki-sem-tekerte-t-ilyen-gyorsan-Eur-p-t.jpg","articleSection":["P\u00c9NZ\u00dcGYI H\u00cdREK"],"inLanguage":"hu","potentialAction":[{"@type":"CommentAction","name":"Comment","target":["https:\/\/super-news.info\/hu\/meg-senki-sem-tekerte-at-ilyen-gyorsan-europat\/#respond"]}]},{"@type":"WebPage","@id":"https:\/\/super-news.info\/hu\/meg-senki-sem-tekerte-at-ilyen-gyorsan-europat\/","url":"https:\/\/super-news.info\/hu\/meg-senki-sem-tekerte-at-ilyen-gyorsan-europat\/","name":"M\u00e9g senki sem tekerte \u00e1t ilyen gyorsan Eur\u00f3p\u00e1t - Super News","isPartOf":{"@id":"https:\/\/super-news.info\/hu\/#website"},"primaryImageOfPage":{"@id":"https:\/\/super-news.info\/hu\/meg-senki-sem-tekerte-at-ilyen-gyorsan-europat\/#primaryimage"},"image":{"@id":"https:\/\/super-news.info\/hu\/meg-senki-sem-tekerte-at-ilyen-gyorsan-europat\/#primaryimage"},"thumbnailUrl":"https:\/\/super-news.info\/hu\/wp-content\/uploads\/sites\/3\/2019\/08\/M-g-senki-sem-tekerte-t-ilyen-gyorsan-Eur-p-t.jpg","datePublished":"2019-08-17T17:24:32+00:00","dateModified":"2019-08-17T17:24:33+00:00","author":{"@id":"https:\/\/super-news.info\/hu\/#\/schema\/person\/2d4068cb2f39cd10008c2fce578a7356"},"breadcrumb":{"@id":"https:\/\/super-news.info\/hu\/meg-senki-sem-tekerte-at-ilyen-gyorsan-europat\/#breadcrumb"},"inLanguage":"hu","potentialAction":[{"@type":"ReadAction","target":["https:\/\/super-news.info\/hu\/meg-senki-sem-tekerte-at-ilyen-gyorsan-europat\/"]}]},{"@type":"ImageObject","inLanguage":"hu","@id":"https:\/\/super-news.info\/hu\/meg-senki-sem-tekerte-at-ilyen-gyorsan-europat\/#primaryimage","url":"https:\/\/super-news.info\/hu\/wp-content\/uploads\/sites\/3\/2019\/08\/M-g-senki-sem-tekerte-t-ilyen-gyorsan-Eur-p-t.jpg","contentUrl":"https:\/\/super-news.info\/hu\/wp-content\/uploads\/sites\/3\/2019\/08\/M-g-senki-sem-tekerte-t-ilyen-gyorsan-Eur-p-t.jpg","width":1400,"height":1039,"caption":"M\u00e9g senki sem tekerte \u00e1t ilyen gyorsan Eur\u00f3p\u00e1t"},{"@type":"BreadcrumbList","@id":"https:\/\/super-news.info\/hu\/meg-senki-sem-tekerte-at-ilyen-gyorsan-europat\/#breadcrumb","itemListElement":[{"@type":"ListItem","position":1,"name":"\u0413\u043b\u0430\u0432\u043d\u0430\u044f \u0441\u0442\u0440\u0430\u043d\u0438\u0446\u0430","item":"https:\/\/super-news.info\/hu\/"},{"@type":"ListItem","position":2,"name":"M\u00e9g senki sem tekerte \u00e1t ilyen gyorsan Eur\u00f3p\u00e1t"}]},{"@type":"WebSite","@id":"https:\/\/super-news.info\/hu\/#website","url":"https:\/\/super-news.info\/hu\/","name":"Super News","description":"Super News Magyarorsz\u00e1g","potentialAction":[{"@type":"SearchAction","target":{"@type":"EntryPoint","urlTemplate":"https:\/\/super-news.info\/hu\/?s={search_term_string}"},"query-input":{"@type":"PropertyValueSpecification","valueRequired":true,"valueName":"search_term_string"}}],"inLanguage":"hu"},{"@type":"Person","@id":"https:\/\/super-news.info\/hu\/#\/schema\/person\/2d4068cb2f39cd10008c2fce578a7356","name":"super-news","image":{"@type":"ImageObject","inLanguage":"hu","@id":"https:\/\/secure.gravatar.com\/avatar\/64ebac40b93f26a154f8a9b5b6fdccfc46f442b26b3dd6756dbff3bf9dc76fd7?s=96&d=mm&r=g","url":"https:\/\/secure.gravatar.com\/avatar\/64ebac40b93f26a154f8a9b5b6fdccfc46f442b26b3dd6756dbff3bf9dc76fd7?s=96&d=mm&r=g","contentUrl":"https:\/\/secure.gravatar.com\/avatar\/64ebac40b93f26a154f8a9b5b6fdccfc46f442b26b3dd6756dbff3bf9dc76fd7?s=96&d=mm&r=g","caption":"super-news"},"url":"https:\/\/super-news.info\/hu\/author\/pt\/"}]}},"_links":{"self":[{"href":"https:\/\/super-news.info\/hu\/wp-json\/wp\/v2\/posts\/7843","targetHints":{"allow":["GET"]}}],"collection":[{"href":"https:\/\/super-news.info\/hu\/wp-json\/wp\/v2\/posts"}],"about":[{"href":"https:\/\/super-news.info\/hu\/wp-json\/wp\/v2\/types\/post"}],"author":[{"embeddable":true,"href":"https:\/\/super-news.info\/hu\/wp-json\/wp\/v2\/users\/2"}],"replies":[{"embeddable":true,"href":"https:\/\/super-news.info\/hu\/wp-json\/wp\/v2\/comments?post=7843"}],"version-history":[{"count":1,"href":"https:\/\/super-news.info\/hu\/wp-json\/wp\/v2\/posts\/7843\/revisions"}],"predecessor-version":[{"id":7845,"href":"https:\/\/super-news.info\/hu\/wp-json\/wp\/v2\/posts\/7843\/revisions\/7845"}],"wp:featuredmedia":[{"embeddable":true,"href":"https:\/\/super-news.info\/hu\/wp-json\/wp\/v2\/media\/7844"}],"wp:attachment":[{"href":"https:\/\/super-news.info\/hu\/wp-json\/wp\/v2\/media?parent=7843"}],"wp:term":[{"taxonomy":"category","embeddable":true,"href":"https:\/\/super-news.info\/hu\/wp-json\/wp\/v2\/categories?post=7843"},{"taxonomy":"post_tag","embeddable":true,"href":"https:\/\/super-news.info\/hu\/wp-json\/wp\/v2\/tags?post=7843"}],"curies":[{"name":"wp","href":"https:\/\/api.w.org\/{rel}","templated":true}]}}