{"id":7835,"date":"2019-08-17T17:34:35","date_gmt":"2019-08-17T14:34:35","guid":{"rendered":"https:\/\/super-news.info\/hu\/meghalt-torok-zsolt-hegymaszo-vilaggazdasag\/"},"modified":"2019-08-17T17:34:36","modified_gmt":"2019-08-17T14:34:36","slug":"meghalt-torok-zsolt-hegymaszo-vilaggazdasag","status":"publish","type":"post","link":"https:\/\/super-news.info\/hu\/meghalt-torok-zsolt-hegymaszo-vilaggazdasag\/","title":{"rendered":"Meghalt T\u00f6r\u00f6k Zsolt hegym\u00e1sz\u00f3 | Vil\u00e1ggazdas\u00e1g"},"content":{"rendered":"<p> [ad_1]<br \/>\n<\/p>\n<p>\n\t\t\t\t\t\t\t\tHoltan tal\u00e1lt\u00e1k szombaton a Fogarasi havasok egyik szakad\u00e9k\u00e1ban T\u00f6r\u00f6k Zsolt aradi hegym\u00e1sz\u00f3t \u2013 k\u00f6z\u00f6lte a Digi24 h\u00edrtelev\u00edzi\u00f3.\t\t\t\t\t\t\t<\/p>\n<div>\n<p>Az Aradon.ro aradi h\u00edrport\u00e1l k\u00f6zl\u00e9se szerint a 45 \u00e9ves hegym\u00e1sz\u00f3 h\u00e1rom nappal ezel\u0151tt indult el a Fogarasi-havasokba, hogy megm\u00e1ssza a 2535 m\u00e9ter magas Negoj (Negoiu) cs\u00facsot. Napok \u00f3ta nem adott \u00e9letjelt mag\u00e1r\u00f3l, ez\u00e9rt a csal\u00e1dja riasztotta a hat\u00f3s\u00e1gokat. A hegyi ment\u0151k t\u00f6bb csapata \u00e9s egy helikopter is a keres\u00e9s\u00e9re indult szombaton. Test\u00e9t a Negoj cs\u00facs alatt, egy szakad\u00e9kban tal\u00e1lt\u00e1k meg.<\/p>\n<p>Adrian David a Szeben megyei hegyi ment\u0151k vezet\u0151je val\u00f3sz\u00edn\u0171nek tartotta, hogy T\u00f6r\u00f6k Zsolt a Negoj meredek oldal\u00e1n a m\u00e9lybe zuhant.<\/p>\n<p>T\u00f6r\u00f6k Zsolt az egyik legeredm\u00e9nyesebb rom\u00e1niai hegym\u00e1sz\u00f3 volt.<\/p>\n<p>\u0150 vezette 2013-ban azt a rom\u00e1niai exped\u00edci\u00f3t, amely felvitte a rom\u00e1n z\u00e1szl\u00f3t a Himal\u00e1j\u00e1ban a Nanga Parbat 8125 m\u00e9ter magas cs\u00facs\u00e1ra. M\u00e1ig ez a rom\u00e1niai alpinizmus egyik legnagyobb teljes\u00edtm\u00e9nye.<\/p>\n<div id=\"attachment_1695928\" style=\"width: 1410px\" class=\"wp-caption aligncenter\">\n<p class=\"wp-caption-text\">A Nanga Parbat 2013 exped\u00edci\u00f3 \u00e1ltal k\u00f6zreadott, 2011. j\u00falius 20-i arch\u00edv k\u00e9pen T\u00f6r\u00f6k Zsolt rom\u00e1niai hegym\u00e1sz\u00f3 l\u00e1that\u00f3 a sv\u00e1jci Matterhorn cs\u00facs\u00e1nak megm\u00e1sz\u00e1sa k\u00f6zben<br \/>Fot\u00f3: MTI \/ Nanga Parbat 2013 exped\u00edci\u00f3<\/p>\n<\/div>\n<p>2015 tavasz\u00e1n a Mount Everest megm\u00e1sz\u00e1s\u00e1ra k\u00e9sz\u00fclt, amikor az \u00e1prilis 25-i nep\u00e1li f\u00f6ldreng\u00e9s \u00e1ltal el\u0151id\u00e9zett lavina az alapt\u00e1borban hagyott s\u00e1tr\u00e1t \u00e9s teljes felszerel\u00e9s\u00e9t elsodorta, ez\u00e9rt le kellett mondania a cs\u00facs megh\u00f3d\u00edt\u00e1s\u00e1r\u00f3l.<\/p>\n<p>Az \u00e1ltala vezetett rom\u00e1niai csapat tavaly okt\u00f3berben feljutott a Mount Everest szomsz\u00e9ds\u00e1g\u00e1ban \u00e1ll\u00f3 7161 m\u00e9ter magas Pumori-cs\u00facsra. A cs\u00facson m\u00ednusz 27 fokban, t\u00f6bb mint sz\u00e1z kilom\u00e9ter\/\u00f3r\u00e1s sz\u00e9ll\u00f6k\u00e9sek k\u00f6zepette bontott\u00e1k ki az Erd\u00e9ly \u00e9s Rom\u00e1nia egyes\u00fcl\u00e9se centen\u00e1riumi jelk\u00e9p\u00e9vel is ell\u00e1tott rom\u00e1n z\u00e1szl\u00f3t, melyet a rom\u00e1n v\u00e9delmi miniszt\u00e9riumt\u00f3l kaptak.<\/p>\n<p>Ezt k\u00f6vet\u0151en Mihai Fifor akkori v\u00e9delmi miniszter, jelenlegi minisztereln\u00f6k-helyettes a rom\u00e1n v\u00e9delmi t\u00e1rca \u00e9rdem\u00e9rm\u00e9t adta \u00e1t neki Rom\u00e1nia j\u00f3 h\u00edr\u00e9nek a terjeszt\u00e9s\u00e9\u00e9rt.<\/p>\n<\/p><\/div>\n<p><script>\n    window.fbAsyncInit = function() {\n        FB.init({\n            appId      : \"204760236815359\",\n            xfbml      : true,\n            version    : \"v2.12\"\n        });\n        FB.AppEvents.logPageView();\n    };<\/p>\n<p>    (function(d, s, id){\n        var js, fjs = d.getElementsByTagName(s)[0];\n        if (d.getElementById(id)) {return;}\n        js = d.createElement(s); js.id = id;\n        js.src = \"http:\/\/connect.facebook.net\/hu_HU\/sdk.js\";\n        fjs.parentNode.insertBefore(js, fjs);\n    }(document, \"script\", \"facebook-jssdk\"));\n<\/script><br \/>\n<br \/>[ad_2]<br \/>\n<br \/><a href=\"https:\/\/www.vg.hu\/kozelet\/sport\/meghalt-torok-zsolt-hegymaszo-1695907\/\">Source link <\/a><\/p>\n","protected":false},"excerpt":{"rendered":"<p>[ad_1] Holtan tal\u00e1lt\u00e1k szombaton a Fogarasi havasok egyik szakad\u00e9k\u00e1ban T\u00f6r\u00f6k Zsolt aradi hegym\u00e1sz\u00f3t \u2013 k\u00f6z\u00f6lte a Digi24 h\u00edrtelev\u00edzi\u00f3. Az Aradon.ro aradi h\u00edrport\u00e1l k\u00f6zl\u00e9se szerint a 45 \u00e9ves hegym\u00e1sz\u00f3 h\u00e1rom nappal ezel\u0151tt indult el a Fogarasi-havasokba, hogy megm\u00e1ssza a 2535 m\u00e9ter magas Negoj (Negoiu) cs\u00facsot. Napok \u00f3ta nem adott \u00e9letjelt mag\u00e1r\u00f3l, ez\u00e9rt a csal\u00e1dja riasztotta a [&hellip;]<\/p>\n","protected":false},"author":2,"featured_media":7836,"comment_status":"open","ping_status":"open","sticky":false,"template":"","format":"standard","meta":{"footnotes":""},"categories":[1],"tags":[],"class_list":["post-7835","post","type-post","status-publish","format-standard","has-post-thumbnail","hentry","category-penzugyi-hirek"],"yoast_head":"<!-- This site is optimized with the Yoast SEO plugin v27.4 - https:\/\/yoast.com\/product\/yoast-seo-wordpress\/ -->\n<title>Meghalt T\u00f6r\u00f6k Zsolt hegym\u00e1sz\u00f3 | Vil\u00e1ggazdas\u00e1g - Super News<\/title>\n<meta name=\"robots\" content=\"index, follow, max-snippet:-1, max-image-preview:large, max-video-preview:-1\" \/>\n<link rel=\"canonical\" href=\"https:\/\/super-news.info\/hu\/meghalt-torok-zsolt-hegymaszo-vilaggazdasag\/\" \/>\n<meta property=\"og:locale\" content=\"hu_HU\" \/>\n<meta property=\"og:type\" content=\"article\" \/>\n<meta property=\"og:title\" content=\"Meghalt T\u00f6r\u00f6k Zsolt hegym\u00e1sz\u00f3 | Vil\u00e1ggazdas\u00e1g - Super News\" \/>\n<meta property=\"og:description\" content=\"[ad_1] Holtan tal\u00e1lt\u00e1k szombaton a Fogarasi havasok egyik szakad\u00e9k\u00e1ban T\u00f6r\u00f6k Zsolt aradi hegym\u00e1sz\u00f3t \u2013 k\u00f6z\u00f6lte a Digi24 h\u00edrtelev\u00edzi\u00f3. Az Aradon.ro aradi h\u00edrport\u00e1l k\u00f6zl\u00e9se szerint a 45 \u00e9ves hegym\u00e1sz\u00f3 h\u00e1rom nappal ezel\u0151tt indult el a Fogarasi-havasokba, hogy megm\u00e1ssza a 2535 m\u00e9ter magas Negoj (Negoiu) cs\u00facsot. Napok \u00f3ta nem adott \u00e9letjelt mag\u00e1r\u00f3l, ez\u00e9rt a csal\u00e1dja riasztotta a [&hellip;]\" \/>\n<meta property=\"og:url\" content=\"https:\/\/super-news.info\/hu\/meghalt-torok-zsolt-hegymaszo-vilaggazdasag\/\" \/>\n<meta property=\"og:site_name\" content=\"Super News\" \/>\n<meta property=\"article:published_time\" content=\"2019-08-17T14:34:35+00:00\" \/>\n<meta property=\"article:modified_time\" content=\"2019-08-17T14:34:36+00:00\" \/>\n<meta property=\"og:image\" content=\"https:\/\/super-news.info\/hu\/wp-content\/uploads\/sites\/3\/2019\/08\/Meghalt-T-r-k-Zsolt-hegym-sz-Vil-ggazdas-g.jpg\" \/>\n\t<meta property=\"og:image:width\" content=\"1400\" \/>\n\t<meta property=\"og:image:height\" content=\"1050\" \/>\n\t<meta property=\"og:image:type\" content=\"image\/jpeg\" \/>\n<meta name=\"author\" content=\"super-news\" \/>\n<meta name=\"twitter:card\" content=\"summary_large_image\" \/>\n<meta name=\"twitter:label1\" content=\"Szerz\u0151:\" \/>\n\t<meta name=\"twitter:data1\" content=\"super-news\" \/>\n\t<meta name=\"twitter:label2\" content=\"Becs\u00fclt olvas\u00e1si id\u0151\" \/>\n\t<meta name=\"twitter:data2\" content=\"2 perc\" \/>\n<script type=\"application\/ld+json\" class=\"yoast-schema-graph\">{\"@context\":\"https:\\\/\\\/schema.org\",\"@graph\":[{\"@type\":\"Article\",\"@id\":\"https:\\\/\\\/super-news.info\\\/hu\\\/meghalt-torok-zsolt-hegymaszo-vilaggazdasag\\\/#article\",\"isPartOf\":{\"@id\":\"https:\\\/\\\/super-news.info\\\/hu\\\/meghalt-torok-zsolt-hegymaszo-vilaggazdasag\\\/\"},\"author\":{\"name\":\"super-news\",\"@id\":\"https:\\\/\\\/super-news.info\\\/hu\\\/#\\\/schema\\\/person\\\/2d4068cb2f39cd10008c2fce578a7356\"},\"headline\":\"Meghalt T\u00f6r\u00f6k Zsolt hegym\u00e1sz\u00f3 | Vil\u00e1ggazdas\u00e1g\",\"datePublished\":\"2019-08-17T14:34:35+00:00\",\"dateModified\":\"2019-08-17T14:34:36+00:00\",\"mainEntityOfPage\":{\"@id\":\"https:\\\/\\\/super-news.info\\\/hu\\\/meghalt-torok-zsolt-hegymaszo-vilaggazdasag\\\/\"},\"wordCount\":420,\"commentCount\":0,\"image\":{\"@id\":\"https:\\\/\\\/super-news.info\\\/hu\\\/meghalt-torok-zsolt-hegymaszo-vilaggazdasag\\\/#primaryimage\"},\"thumbnailUrl\":\"https:\\\/\\\/super-news.info\\\/hu\\\/wp-content\\\/uploads\\\/sites\\\/3\\\/2019\\\/08\\\/Meghalt-T-r-k-Zsolt-hegym-sz-Vil-ggazdas-g.jpg\",\"articleSection\":[\"P\u00c9NZ\u00dcGYI H\u00cdREK\"],\"inLanguage\":\"hu\",\"potentialAction\":[{\"@type\":\"CommentAction\",\"name\":\"Comment\",\"target\":[\"https:\\\/\\\/super-news.info\\\/hu\\\/meghalt-torok-zsolt-hegymaszo-vilaggazdasag\\\/#respond\"]}]},{\"@type\":\"WebPage\",\"@id\":\"https:\\\/\\\/super-news.info\\\/hu\\\/meghalt-torok-zsolt-hegymaszo-vilaggazdasag\\\/\",\"url\":\"https:\\\/\\\/super-news.info\\\/hu\\\/meghalt-torok-zsolt-hegymaszo-vilaggazdasag\\\/\",\"name\":\"Meghalt T\u00f6r\u00f6k Zsolt hegym\u00e1sz\u00f3 | Vil\u00e1ggazdas\u00e1g - Super News\",\"isPartOf\":{\"@id\":\"https:\\\/\\\/super-news.info\\\/hu\\\/#website\"},\"primaryImageOfPage\":{\"@id\":\"https:\\\/\\\/super-news.info\\\/hu\\\/meghalt-torok-zsolt-hegymaszo-vilaggazdasag\\\/#primaryimage\"},\"image\":{\"@id\":\"https:\\\/\\\/super-news.info\\\/hu\\\/meghalt-torok-zsolt-hegymaszo-vilaggazdasag\\\/#primaryimage\"},\"thumbnailUrl\":\"https:\\\/\\\/super-news.info\\\/hu\\\/wp-content\\\/uploads\\\/sites\\\/3\\\/2019\\\/08\\\/Meghalt-T-r-k-Zsolt-hegym-sz-Vil-ggazdas-g.jpg\",\"datePublished\":\"2019-08-17T14:34:35+00:00\",\"dateModified\":\"2019-08-17T14:34:36+00:00\",\"author\":{\"@id\":\"https:\\\/\\\/super-news.info\\\/hu\\\/#\\\/schema\\\/person\\\/2d4068cb2f39cd10008c2fce578a7356\"},\"breadcrumb\":{\"@id\":\"https:\\\/\\\/super-news.info\\\/hu\\\/meghalt-torok-zsolt-hegymaszo-vilaggazdasag\\\/#breadcrumb\"},\"inLanguage\":\"hu\",\"potentialAction\":[{\"@type\":\"ReadAction\",\"target\":[\"https:\\\/\\\/super-news.info\\\/hu\\\/meghalt-torok-zsolt-hegymaszo-vilaggazdasag\\\/\"]}]},{\"@type\":\"ImageObject\",\"inLanguage\":\"hu\",\"@id\":\"https:\\\/\\\/super-news.info\\\/hu\\\/meghalt-torok-zsolt-hegymaszo-vilaggazdasag\\\/#primaryimage\",\"url\":\"https:\\\/\\\/super-news.info\\\/hu\\\/wp-content\\\/uploads\\\/sites\\\/3\\\/2019\\\/08\\\/Meghalt-T-r-k-Zsolt-hegym-sz-Vil-ggazdas-g.jpg\",\"contentUrl\":\"https:\\\/\\\/super-news.info\\\/hu\\\/wp-content\\\/uploads\\\/sites\\\/3\\\/2019\\\/08\\\/Meghalt-T-r-k-Zsolt-hegym-sz-Vil-ggazdas-g.jpg\",\"width\":1400,\"height\":1050,\"caption\":\"Meghalt T\u00f6r\u00f6k Zsolt hegym\u00e1sz\u00f3 | Vil\u00e1ggazdas\u00e1g\"},{\"@type\":\"BreadcrumbList\",\"@id\":\"https:\\\/\\\/super-news.info\\\/hu\\\/meghalt-torok-zsolt-hegymaszo-vilaggazdasag\\\/#breadcrumb\",\"itemListElement\":[{\"@type\":\"ListItem\",\"position\":1,\"name\":\"\u0413\u043b\u0430\u0432\u043d\u0430\u044f \u0441\u0442\u0440\u0430\u043d\u0438\u0446\u0430\",\"item\":\"https:\\\/\\\/super-news.info\\\/hu\\\/\"},{\"@type\":\"ListItem\",\"position\":2,\"name\":\"Meghalt T\u00f6r\u00f6k Zsolt hegym\u00e1sz\u00f3 | Vil\u00e1ggazdas\u00e1g\"}]},{\"@type\":\"WebSite\",\"@id\":\"https:\\\/\\\/super-news.info\\\/hu\\\/#website\",\"url\":\"https:\\\/\\\/super-news.info\\\/hu\\\/\",\"name\":\"Super News\",\"description\":\"Super News Magyarorsz\u00e1g\",\"potentialAction\":[{\"@type\":\"SearchAction\",\"target\":{\"@type\":\"EntryPoint\",\"urlTemplate\":\"https:\\\/\\\/super-news.info\\\/hu\\\/?s={search_term_string}\"},\"query-input\":{\"@type\":\"PropertyValueSpecification\",\"valueRequired\":true,\"valueName\":\"search_term_string\"}}],\"inLanguage\":\"hu\"},{\"@type\":\"Person\",\"@id\":\"https:\\\/\\\/super-news.info\\\/hu\\\/#\\\/schema\\\/person\\\/2d4068cb2f39cd10008c2fce578a7356\",\"name\":\"super-news\",\"image\":{\"@type\":\"ImageObject\",\"inLanguage\":\"hu\",\"@id\":\"https:\\\/\\\/secure.gravatar.com\\\/avatar\\\/64ebac40b93f26a154f8a9b5b6fdccfc46f442b26b3dd6756dbff3bf9dc76fd7?s=96&d=mm&r=g\",\"url\":\"https:\\\/\\\/secure.gravatar.com\\\/avatar\\\/64ebac40b93f26a154f8a9b5b6fdccfc46f442b26b3dd6756dbff3bf9dc76fd7?s=96&d=mm&r=g\",\"contentUrl\":\"https:\\\/\\\/secure.gravatar.com\\\/avatar\\\/64ebac40b93f26a154f8a9b5b6fdccfc46f442b26b3dd6756dbff3bf9dc76fd7?s=96&d=mm&r=g\",\"caption\":\"super-news\"},\"url\":\"https:\\\/\\\/super-news.info\\\/hu\\\/author\\\/pt\\\/\"}]}<\/script>\n<!-- \/ Yoast SEO plugin. -->","yoast_head_json":{"title":"Meghalt T\u00f6r\u00f6k Zsolt hegym\u00e1sz\u00f3 | Vil\u00e1ggazdas\u00e1g - Super News","robots":{"index":"index","follow":"follow","max-snippet":"max-snippet:-1","max-image-preview":"max-image-preview:large","max-video-preview":"max-video-preview:-1"},"canonical":"https:\/\/super-news.info\/hu\/meghalt-torok-zsolt-hegymaszo-vilaggazdasag\/","og_locale":"hu_HU","og_type":"article","og_title":"Meghalt T\u00f6r\u00f6k Zsolt hegym\u00e1sz\u00f3 | Vil\u00e1ggazdas\u00e1g - Super News","og_description":"[ad_1] Holtan tal\u00e1lt\u00e1k szombaton a Fogarasi havasok egyik szakad\u00e9k\u00e1ban T\u00f6r\u00f6k Zsolt aradi hegym\u00e1sz\u00f3t \u2013 k\u00f6z\u00f6lte a Digi24 h\u00edrtelev\u00edzi\u00f3. Az Aradon.ro aradi h\u00edrport\u00e1l k\u00f6zl\u00e9se szerint a 45 \u00e9ves hegym\u00e1sz\u00f3 h\u00e1rom nappal ezel\u0151tt indult el a Fogarasi-havasokba, hogy megm\u00e1ssza a 2535 m\u00e9ter magas Negoj (Negoiu) cs\u00facsot. Napok \u00f3ta nem adott \u00e9letjelt mag\u00e1r\u00f3l, ez\u00e9rt a csal\u00e1dja riasztotta a [&hellip;]","og_url":"https:\/\/super-news.info\/hu\/meghalt-torok-zsolt-hegymaszo-vilaggazdasag\/","og_site_name":"Super News","article_published_time":"2019-08-17T14:34:35+00:00","article_modified_time":"2019-08-17T14:34:36+00:00","og_image":[{"width":1400,"height":1050,"url":"https:\/\/super-news.info\/hu\/wp-content\/uploads\/sites\/3\/2019\/08\/Meghalt-T-r-k-Zsolt-hegym-sz-Vil-ggazdas-g.jpg","type":"image\/jpeg"}],"author":"super-news","twitter_card":"summary_large_image","twitter_misc":{"Szerz\u0151:":"super-news","Becs\u00fclt olvas\u00e1si id\u0151":"2 perc"},"schema":{"@context":"https:\/\/schema.org","@graph":[{"@type":"Article","@id":"https:\/\/super-news.info\/hu\/meghalt-torok-zsolt-hegymaszo-vilaggazdasag\/#article","isPartOf":{"@id":"https:\/\/super-news.info\/hu\/meghalt-torok-zsolt-hegymaszo-vilaggazdasag\/"},"author":{"name":"super-news","@id":"https:\/\/super-news.info\/hu\/#\/schema\/person\/2d4068cb2f39cd10008c2fce578a7356"},"headline":"Meghalt T\u00f6r\u00f6k Zsolt hegym\u00e1sz\u00f3 | Vil\u00e1ggazdas\u00e1g","datePublished":"2019-08-17T14:34:35+00:00","dateModified":"2019-08-17T14:34:36+00:00","mainEntityOfPage":{"@id":"https:\/\/super-news.info\/hu\/meghalt-torok-zsolt-hegymaszo-vilaggazdasag\/"},"wordCount":420,"commentCount":0,"image":{"@id":"https:\/\/super-news.info\/hu\/meghalt-torok-zsolt-hegymaszo-vilaggazdasag\/#primaryimage"},"thumbnailUrl":"https:\/\/super-news.info\/hu\/wp-content\/uploads\/sites\/3\/2019\/08\/Meghalt-T-r-k-Zsolt-hegym-sz-Vil-ggazdas-g.jpg","articleSection":["P\u00c9NZ\u00dcGYI H\u00cdREK"],"inLanguage":"hu","potentialAction":[{"@type":"CommentAction","name":"Comment","target":["https:\/\/super-news.info\/hu\/meghalt-torok-zsolt-hegymaszo-vilaggazdasag\/#respond"]}]},{"@type":"WebPage","@id":"https:\/\/super-news.info\/hu\/meghalt-torok-zsolt-hegymaszo-vilaggazdasag\/","url":"https:\/\/super-news.info\/hu\/meghalt-torok-zsolt-hegymaszo-vilaggazdasag\/","name":"Meghalt T\u00f6r\u00f6k Zsolt hegym\u00e1sz\u00f3 | Vil\u00e1ggazdas\u00e1g - Super News","isPartOf":{"@id":"https:\/\/super-news.info\/hu\/#website"},"primaryImageOfPage":{"@id":"https:\/\/super-news.info\/hu\/meghalt-torok-zsolt-hegymaszo-vilaggazdasag\/#primaryimage"},"image":{"@id":"https:\/\/super-news.info\/hu\/meghalt-torok-zsolt-hegymaszo-vilaggazdasag\/#primaryimage"},"thumbnailUrl":"https:\/\/super-news.info\/hu\/wp-content\/uploads\/sites\/3\/2019\/08\/Meghalt-T-r-k-Zsolt-hegym-sz-Vil-ggazdas-g.jpg","datePublished":"2019-08-17T14:34:35+00:00","dateModified":"2019-08-17T14:34:36+00:00","author":{"@id":"https:\/\/super-news.info\/hu\/#\/schema\/person\/2d4068cb2f39cd10008c2fce578a7356"},"breadcrumb":{"@id":"https:\/\/super-news.info\/hu\/meghalt-torok-zsolt-hegymaszo-vilaggazdasag\/#breadcrumb"},"inLanguage":"hu","potentialAction":[{"@type":"ReadAction","target":["https:\/\/super-news.info\/hu\/meghalt-torok-zsolt-hegymaszo-vilaggazdasag\/"]}]},{"@type":"ImageObject","inLanguage":"hu","@id":"https:\/\/super-news.info\/hu\/meghalt-torok-zsolt-hegymaszo-vilaggazdasag\/#primaryimage","url":"https:\/\/super-news.info\/hu\/wp-content\/uploads\/sites\/3\/2019\/08\/Meghalt-T-r-k-Zsolt-hegym-sz-Vil-ggazdas-g.jpg","contentUrl":"https:\/\/super-news.info\/hu\/wp-content\/uploads\/sites\/3\/2019\/08\/Meghalt-T-r-k-Zsolt-hegym-sz-Vil-ggazdas-g.jpg","width":1400,"height":1050,"caption":"Meghalt T\u00f6r\u00f6k Zsolt hegym\u00e1sz\u00f3 | Vil\u00e1ggazdas\u00e1g"},{"@type":"BreadcrumbList","@id":"https:\/\/super-news.info\/hu\/meghalt-torok-zsolt-hegymaszo-vilaggazdasag\/#breadcrumb","itemListElement":[{"@type":"ListItem","position":1,"name":"\u0413\u043b\u0430\u0432\u043d\u0430\u044f \u0441\u0442\u0440\u0430\u043d\u0438\u0446\u0430","item":"https:\/\/super-news.info\/hu\/"},{"@type":"ListItem","position":2,"name":"Meghalt T\u00f6r\u00f6k Zsolt hegym\u00e1sz\u00f3 | Vil\u00e1ggazdas\u00e1g"}]},{"@type":"WebSite","@id":"https:\/\/super-news.info\/hu\/#website","url":"https:\/\/super-news.info\/hu\/","name":"Super News","description":"Super News Magyarorsz\u00e1g","potentialAction":[{"@type":"SearchAction","target":{"@type":"EntryPoint","urlTemplate":"https:\/\/super-news.info\/hu\/?s={search_term_string}"},"query-input":{"@type":"PropertyValueSpecification","valueRequired":true,"valueName":"search_term_string"}}],"inLanguage":"hu"},{"@type":"Person","@id":"https:\/\/super-news.info\/hu\/#\/schema\/person\/2d4068cb2f39cd10008c2fce578a7356","name":"super-news","image":{"@type":"ImageObject","inLanguage":"hu","@id":"https:\/\/secure.gravatar.com\/avatar\/64ebac40b93f26a154f8a9b5b6fdccfc46f442b26b3dd6756dbff3bf9dc76fd7?s=96&d=mm&r=g","url":"https:\/\/secure.gravatar.com\/avatar\/64ebac40b93f26a154f8a9b5b6fdccfc46f442b26b3dd6756dbff3bf9dc76fd7?s=96&d=mm&r=g","contentUrl":"https:\/\/secure.gravatar.com\/avatar\/64ebac40b93f26a154f8a9b5b6fdccfc46f442b26b3dd6756dbff3bf9dc76fd7?s=96&d=mm&r=g","caption":"super-news"},"url":"https:\/\/super-news.info\/hu\/author\/pt\/"}]}},"_links":{"self":[{"href":"https:\/\/super-news.info\/hu\/wp-json\/wp\/v2\/posts\/7835","targetHints":{"allow":["GET"]}}],"collection":[{"href":"https:\/\/super-news.info\/hu\/wp-json\/wp\/v2\/posts"}],"about":[{"href":"https:\/\/super-news.info\/hu\/wp-json\/wp\/v2\/types\/post"}],"author":[{"embeddable":true,"href":"https:\/\/super-news.info\/hu\/wp-json\/wp\/v2\/users\/2"}],"replies":[{"embeddable":true,"href":"https:\/\/super-news.info\/hu\/wp-json\/wp\/v2\/comments?post=7835"}],"version-history":[{"count":1,"href":"https:\/\/super-news.info\/hu\/wp-json\/wp\/v2\/posts\/7835\/revisions"}],"predecessor-version":[{"id":7837,"href":"https:\/\/super-news.info\/hu\/wp-json\/wp\/v2\/posts\/7835\/revisions\/7837"}],"wp:featuredmedia":[{"embeddable":true,"href":"https:\/\/super-news.info\/hu\/wp-json\/wp\/v2\/media\/7836"}],"wp:attachment":[{"href":"https:\/\/super-news.info\/hu\/wp-json\/wp\/v2\/media?parent=7835"}],"wp:term":[{"taxonomy":"category","embeddable":true,"href":"https:\/\/super-news.info\/hu\/wp-json\/wp\/v2\/categories?post=7835"},{"taxonomy":"post_tag","embeddable":true,"href":"https:\/\/super-news.info\/hu\/wp-json\/wp\/v2\/tags?post=7835"}],"curies":[{"name":"wp","href":"https:\/\/api.w.org\/{rel}","templated":true}]}}