{"id":7813,"date":"2019-08-17T10:29:35","date_gmt":"2019-08-17T07:29:35","guid":{"rendered":"https:\/\/super-news.info\/hu\/varhato-volt-hogy-nem-valtozik-magyarorszag-adosbesorolasa\/"},"modified":"2019-08-17T10:29:36","modified_gmt":"2019-08-17T07:29:36","slug":"varhato-volt-hogy-nem-valtozik-magyarorszag-adosbesorolasa","status":"publish","type":"post","link":"https:\/\/super-news.info\/hu\/varhato-volt-hogy-nem-valtozik-magyarorszag-adosbesorolasa\/","title":{"rendered":"V\u00e1rhat\u00f3 volt, hogy nem v\u00e1ltozik Magyarorsz\u00e1g ad\u00f3sbesorol\u00e1sa"},"content":{"rendered":"<p> [ad_1]<br \/>\n<\/p>\n<p>\n\t\t\t\t\t\t\t\tAz MTI \u00e1ltal megk\u00e9rdezett elemz\u0151k szerint sz\u00e1m\u00edtani lehetett arra, hogy a nemzetk\u00f6zi hitelmin\u0151s\u00edt\u0151k nem v\u00e1ltoztatnak p\u00e9nteken Magyarorsz\u00e1g \u00e1llamad\u00f3s-besorol\u00e1s\u00e1n, mivel id\u00e9n tavasszal m\u00e1r felmin\u0151s\u00edtett\u00e9k azt.\t\t\t\t\t\t\t<\/p>\n<div>\n<p>A Fitch Ratingsen k\u00edv\u00fcl a Standard &amp; Poor\u2019s fel\u00fclvizsg\u00e1lata is esed\u00e9kes volt, \u00e1m ut\u00f3bbin\u00e1l nem sz\u00fcletett \u00e9rdemi d\u00f6nt\u00e9s, val\u00f3sz\u00edn\u0171leg ez\u00e9rt nem t\u00e1j\u00e9koztattak r\u00f3la.<\/p>\n<div class=\"aframe aframe-half float-right clearfix\">\n<h3>D\u00f6nt\u00f6tt a Fitch a magyar ad\u00f3sbesorol\u00e1sr\u00f3l<\/h3>\n<p>Meger\u0151s\u00edtette Magyarorsz\u00e1g \u201eBBB\u201d szint\u0171, stabil kil\u00e1t\u00e1s\u00fa \u00e1llamad\u00f3s-besorol\u00e1s\u00e1t a Fitch Ratings.<\/p>\n<\/div>\n<p>Suppan Gergely, a Takar\u00e9kbank vezet\u0151 elemz\u0151je az MTI-nek \u00edrt komment\u00e1rj\u00e1ban k\u00f6z\u00f6lte: mivel az id\u00e9n tavasszal m\u00e1r volt egy felmin\u0151s\u00edt\u00e9s a Fitch \u00e9s az S&amp;P r\u00e9sz\u00e9r\u0151l is, nem lehetett \u00fajabbat v\u00e1rni. Ugyanakkor a hitelmin\u0151s\u00edt\u0151k tov\u00e1bbra is \u201ele vannak maradva\u201d. A magyar gazdas\u00e1g mutat\u00f3inak l\u00e1tv\u00e1nyos javul\u00e1s\u00e1t egyel\u0151re nem veszik figyelembe, holott sz\u00e1mos mutat\u00f3 \u2013 a k\u00fcls\u0151 ad\u00f3ss\u00e1g, a bankok m\u00e9rlegei, a tart\u00f3s k\u00fcls\u0151 finansz\u00edroz\u00e1si t\u00f6bblet, a tart\u00f3san alacsony \u00e9s a k\u00f6vetkez\u0151 \u00e9vekben tov\u00e1bb cs\u00f6kken\u0151 \u00e1llamh\u00e1ztart\u00e1si hi\u00e1ny, az \u00e1llamad\u00f3ss\u00e1g szerkezet\u00e9nek pozit\u00edv v\u00e1ltoz\u00e1sa, cs\u00f6kken\u0151 devizaar\u00e1nya, \u00e9s annak n\u00f6vekv\u0151 hazai finansz\u00edroz\u00e1sa \u2013 m\u00e1r l\u00e9nyegesen jobb k\u00e9pet t\u00fckr\u00f6z a v\u00e1ls\u00e1g el\u0151tti szintekhez k\u00e9pest, ami indokoltt\u00e1 tenn\u00e9, hogy ism\u00e9t a v\u00e1ls\u00e1g el\u0151tti szintekre ker\u00fclj\u00f6n az orsz\u00e1g besorol\u00e1sa.<\/p>\n<h3>\u00dajabb felmin\u0151s\u00edt\u00e9sek j\u00f6hetnek<\/h3>\n<p>A Takar\u00e9kbank vezet\u0151 elemz\u0151je r\u00e1mutatott: ezt azonban a piaci \u00e1raz\u00e1sok, \u00edgy a t\u00f6rleszt\u00e9skock\u00e1zati fel\u00e1rak, t\u00f6bb\u00e9-kev\u00e9sb\u00e9 m\u00e1r t\u00fckr\u00f6zik. A k\u00f6vetkez\u0151 \u00e9vekben folytat\u00f3dhat a hazai ad\u00f3ss\u00e1g besorol\u00e1s\u00e1nak jav\u00edt\u00e1sa, k\u00fcl\u00f6n\u00f6sen, hogy a kifejezetten dinamikus nomin\u00e1lis GDP-n\u00f6veked\u00e9s \u00e9s a fegyelmezett k\u00f6lts\u00e9gvet\u00e9s hat\u00e1s\u00e1ra az ad\u00f3ss\u00e1gr\u00e1ta meredeken cs\u00f6kkenhet a k\u00f6vetkez\u0151 \u00e9vekben, \u00edgy m\u00e1r ak\u00e1r 2021-ben el\u00e9rhet\u0151 lesz a 60 sz\u00e1zal\u00e9k alatti GDP-ar\u00e1nyos \u00e1llamad\u00f3ss\u00e1g r\u00e1ta. A hitelmin\u0151s\u00edt\u0151ket ugyanakkor \u00f3vatoss\u00e1gra intheti, hogy a roml\u00f3 k\u00fcls\u0151 kil\u00e1t\u00e1sok milyen m\u00e9rt\u00e9kben \u00e9rintik a magyar gazdas\u00e1got \u2013 jelezte Suppan Gergely.<\/p>\n<div id=\"attachment_360363\" style=\"width: 1290px\" class=\"wp-caption aligncenter\">\n<p class=\"wp-caption-text\">Fot\u00f3: AFP<\/p>\n<\/div>\n<p>Varga Zolt\u00e1n, az Equilor Befektet\u00e9si Zrt. senior elemz\u0151je is a v\u00e1rakoz\u00e1soknak megfelel\u0151nek nevezte a Fitch Ratings d\u00f6nt\u00e9s\u00e9t. Megjegyezte, hogy legk\u00f6zelebb a Moody\u2019s Investors Service tart fel\u00fclvizsg\u00e1latot, okt\u00f3ber 25-\u00e9n, \u00e9s mivel ott egy fokozattal alacsonyabb, Baa3 besorol\u00e1s van \u00e9rv\u00e9nyben, \u00fagy v\u00e9lte, j\u00f3 es\u00e9ly van a felmin\u0151s\u00edt\u00e9sre.<\/p>\n<p>A magyar \u00e1llamad\u00f3s-besorol\u00e1st az idei els\u0151, febru\u00e1ri vizsg\u00e1latok id\u0151pontj\u00e1ban az S&amp;P \u00e9s a Fitch egyar\u00e1nt felmin\u0151s\u00edtette. Febru\u00e1r 15-\u00e9n a Standard &amp; Poor\u2019s egy fokozattal \u201eBBB\/A-2\u201d-re jav\u00edtotta a hossz\u00fa \u00e9s r\u00f6vid futamidej\u0171, deviz\u00e1ban \u00e9s forintban fenn\u00e1ll\u00f3 magyar \u00e1llamad\u00f3ss\u00e1g-k\u00f6telezetts\u00e9gek besorol\u00e1s\u00e1t az addigi \u201eBBB m\u00ednusz\/A-3\u201d-r\u00f3l. Egy h\u00e9ttel k\u00e9s\u0151bb, febru\u00e1r 22-\u00e9n a Fitch Ratings ugyancsak egy fokozattal \u201eBBB\u201d-re jav\u00edtotta a besorol\u00e1st az addigi \u201eBBB m\u00ednusz\u201d-r\u00f3l. Mindk\u00e9t min\u0151s\u00edt\u0151 magyar oszt\u00e1lyzat\u00e1nak kil\u00e1t\u00e1sa is stabil.<\/p>\n<\/p><\/div>\n<p><script>\n    window.fbAsyncInit = function() {\n        FB.init({\n            appId      : \"204760236815359\",\n            xfbml      : true,\n            version    : \"v2.12\"\n        });\n        FB.AppEvents.logPageView();\n    };<\/p>\n<p>    (function(d, s, id){\n        var js, fjs = d.getElementsByTagName(s)[0];\n        if (d.getElementById(id)) {return;}\n        js = d.createElement(s); js.id = id;\n        js.src = \"http:\/\/connect.facebook.net\/hu_HU\/sdk.js\";\n        fjs.parentNode.insertBefore(js, fjs);\n    }(document, \"script\", \"facebook-jssdk\"));\n<\/script><br \/>\n<br \/>[ad_2]<br \/>\n<br \/><a href=\"https:\/\/www.vg.hu\/gazdasag\/makrogazdasag\/varhato-volt-hogy-nem-valtozik-magyarorszag-adosbesorolasa-1695625\/\">Source link <\/a><\/p>\n","protected":false},"excerpt":{"rendered":"<p>[ad_1] Az MTI \u00e1ltal megk\u00e9rdezett elemz\u0151k szerint sz\u00e1m\u00edtani lehetett arra, hogy a nemzetk\u00f6zi hitelmin\u0151s\u00edt\u0151k nem v\u00e1ltoztatnak p\u00e9nteken Magyarorsz\u00e1g \u00e1llamad\u00f3s-besorol\u00e1s\u00e1n, mivel id\u00e9n tavasszal m\u00e1r felmin\u0151s\u00edtett\u00e9k azt. A Fitch Ratingsen k\u00edv\u00fcl a Standard &amp; Poor\u2019s fel\u00fclvizsg\u00e1lata is esed\u00e9kes volt, \u00e1m ut\u00f3bbin\u00e1l nem sz\u00fcletett \u00e9rdemi d\u00f6nt\u00e9s, val\u00f3sz\u00edn\u0171leg ez\u00e9rt nem t\u00e1j\u00e9koztattak r\u00f3la. D\u00f6nt\u00f6tt a Fitch a magyar ad\u00f3sbesorol\u00e1sr\u00f3l Meger\u0151s\u00edtette [&hellip;]<\/p>\n","protected":false},"author":2,"featured_media":7814,"comment_status":"open","ping_status":"open","sticky":false,"template":"","format":"standard","meta":{"footnotes":""},"categories":[1],"tags":[],"class_list":["post-7813","post","type-post","status-publish","format-standard","has-post-thumbnail","hentry","category-penzugyi-hirek"],"yoast_head":"<!-- This site is optimized with the Yoast SEO plugin v27.4 - https:\/\/yoast.com\/product\/yoast-seo-wordpress\/ -->\n<title>V\u00e1rhat\u00f3 volt, hogy nem v\u00e1ltozik Magyarorsz\u00e1g ad\u00f3sbesorol\u00e1sa - Super News<\/title>\n<meta name=\"robots\" content=\"index, follow, max-snippet:-1, max-image-preview:large, max-video-preview:-1\" \/>\n<link rel=\"canonical\" href=\"https:\/\/super-news.info\/hu\/varhato-volt-hogy-nem-valtozik-magyarorszag-adosbesorolasa\/\" \/>\n<meta property=\"og:locale\" content=\"hu_HU\" \/>\n<meta property=\"og:type\" content=\"article\" \/>\n<meta property=\"og:title\" content=\"V\u00e1rhat\u00f3 volt, hogy nem v\u00e1ltozik Magyarorsz\u00e1g ad\u00f3sbesorol\u00e1sa - Super News\" \/>\n<meta property=\"og:description\" content=\"[ad_1] Az MTI \u00e1ltal megk\u00e9rdezett elemz\u0151k szerint sz\u00e1m\u00edtani lehetett arra, hogy a nemzetk\u00f6zi hitelmin\u0151s\u00edt\u0151k nem v\u00e1ltoztatnak p\u00e9nteken Magyarorsz\u00e1g \u00e1llamad\u00f3s-besorol\u00e1s\u00e1n, mivel id\u00e9n tavasszal m\u00e1r felmin\u0151s\u00edtett\u00e9k azt. A Fitch Ratingsen k\u00edv\u00fcl a Standard &amp; Poor\u2019s fel\u00fclvizsg\u00e1lata is esed\u00e9kes volt, \u00e1m ut\u00f3bbin\u00e1l nem sz\u00fcletett \u00e9rdemi d\u00f6nt\u00e9s, val\u00f3sz\u00edn\u0171leg ez\u00e9rt nem t\u00e1j\u00e9koztattak r\u00f3la. D\u00f6nt\u00f6tt a Fitch a magyar ad\u00f3sbesorol\u00e1sr\u00f3l Meger\u0151s\u00edtette [&hellip;]\" \/>\n<meta property=\"og:url\" content=\"https:\/\/super-news.info\/hu\/varhato-volt-hogy-nem-valtozik-magyarorszag-adosbesorolasa\/\" \/>\n<meta property=\"og:site_name\" content=\"Super News\" \/>\n<meta property=\"article:published_time\" content=\"2019-08-17T07:29:35+00:00\" \/>\n<meta property=\"article:modified_time\" content=\"2019-08-17T07:29:36+00:00\" \/>\n<meta property=\"og:image\" content=\"https:\/\/super-news.info\/hu\/wp-content\/uploads\/sites\/3\/2019\/08\/V-rhat-volt-hogy-nem-v-ltozik-Magyarorsz-g-ad-sbesorol-sa.jpg\" \/>\n\t<meta property=\"og:image:width\" content=\"1280\" \/>\n\t<meta property=\"og:image:height\" content=\"720\" \/>\n\t<meta property=\"og:image:type\" content=\"image\/jpeg\" \/>\n<meta name=\"author\" content=\"super-news\" \/>\n<meta name=\"twitter:card\" content=\"summary_large_image\" \/>\n<meta name=\"twitter:label1\" content=\"Szerz\u0151:\" \/>\n\t<meta name=\"twitter:data1\" content=\"super-news\" \/>\n\t<meta name=\"twitter:label2\" content=\"Becs\u00fclt olvas\u00e1si id\u0151\" \/>\n\t<meta name=\"twitter:data2\" content=\"3 perc\" \/>\n<script type=\"application\/ld+json\" class=\"yoast-schema-graph\">{\"@context\":\"https:\\\/\\\/schema.org\",\"@graph\":[{\"@type\":\"Article\",\"@id\":\"https:\\\/\\\/super-news.info\\\/hu\\\/varhato-volt-hogy-nem-valtozik-magyarorszag-adosbesorolasa\\\/#article\",\"isPartOf\":{\"@id\":\"https:\\\/\\\/super-news.info\\\/hu\\\/varhato-volt-hogy-nem-valtozik-magyarorszag-adosbesorolasa\\\/\"},\"author\":{\"name\":\"super-news\",\"@id\":\"https:\\\/\\\/super-news.info\\\/hu\\\/#\\\/schema\\\/person\\\/2d4068cb2f39cd10008c2fce578a7356\"},\"headline\":\"V\u00e1rhat\u00f3 volt, hogy nem v\u00e1ltozik Magyarorsz\u00e1g ad\u00f3sbesorol\u00e1sa\",\"datePublished\":\"2019-08-17T07:29:35+00:00\",\"dateModified\":\"2019-08-17T07:29:36+00:00\",\"mainEntityOfPage\":{\"@id\":\"https:\\\/\\\/super-news.info\\\/hu\\\/varhato-volt-hogy-nem-valtozik-magyarorszag-adosbesorolasa\\\/\"},\"wordCount\":635,\"commentCount\":0,\"image\":{\"@id\":\"https:\\\/\\\/super-news.info\\\/hu\\\/varhato-volt-hogy-nem-valtozik-magyarorszag-adosbesorolasa\\\/#primaryimage\"},\"thumbnailUrl\":\"https:\\\/\\\/super-news.info\\\/hu\\\/wp-content\\\/uploads\\\/sites\\\/3\\\/2019\\\/08\\\/V-rhat-volt-hogy-nem-v-ltozik-Magyarorsz-g-ad-sbesorol-sa.jpg\",\"articleSection\":[\"P\u00c9NZ\u00dcGYI H\u00cdREK\"],\"inLanguage\":\"hu\",\"potentialAction\":[{\"@type\":\"CommentAction\",\"name\":\"Comment\",\"target\":[\"https:\\\/\\\/super-news.info\\\/hu\\\/varhato-volt-hogy-nem-valtozik-magyarorszag-adosbesorolasa\\\/#respond\"]}]},{\"@type\":\"WebPage\",\"@id\":\"https:\\\/\\\/super-news.info\\\/hu\\\/varhato-volt-hogy-nem-valtozik-magyarorszag-adosbesorolasa\\\/\",\"url\":\"https:\\\/\\\/super-news.info\\\/hu\\\/varhato-volt-hogy-nem-valtozik-magyarorszag-adosbesorolasa\\\/\",\"name\":\"V\u00e1rhat\u00f3 volt, hogy nem v\u00e1ltozik Magyarorsz\u00e1g ad\u00f3sbesorol\u00e1sa - Super News\",\"isPartOf\":{\"@id\":\"https:\\\/\\\/super-news.info\\\/hu\\\/#website\"},\"primaryImageOfPage\":{\"@id\":\"https:\\\/\\\/super-news.info\\\/hu\\\/varhato-volt-hogy-nem-valtozik-magyarorszag-adosbesorolasa\\\/#primaryimage\"},\"image\":{\"@id\":\"https:\\\/\\\/super-news.info\\\/hu\\\/varhato-volt-hogy-nem-valtozik-magyarorszag-adosbesorolasa\\\/#primaryimage\"},\"thumbnailUrl\":\"https:\\\/\\\/super-news.info\\\/hu\\\/wp-content\\\/uploads\\\/sites\\\/3\\\/2019\\\/08\\\/V-rhat-volt-hogy-nem-v-ltozik-Magyarorsz-g-ad-sbesorol-sa.jpg\",\"datePublished\":\"2019-08-17T07:29:35+00:00\",\"dateModified\":\"2019-08-17T07:29:36+00:00\",\"author\":{\"@id\":\"https:\\\/\\\/super-news.info\\\/hu\\\/#\\\/schema\\\/person\\\/2d4068cb2f39cd10008c2fce578a7356\"},\"breadcrumb\":{\"@id\":\"https:\\\/\\\/super-news.info\\\/hu\\\/varhato-volt-hogy-nem-valtozik-magyarorszag-adosbesorolasa\\\/#breadcrumb\"},\"inLanguage\":\"hu\",\"potentialAction\":[{\"@type\":\"ReadAction\",\"target\":[\"https:\\\/\\\/super-news.info\\\/hu\\\/varhato-volt-hogy-nem-valtozik-magyarorszag-adosbesorolasa\\\/\"]}]},{\"@type\":\"ImageObject\",\"inLanguage\":\"hu\",\"@id\":\"https:\\\/\\\/super-news.info\\\/hu\\\/varhato-volt-hogy-nem-valtozik-magyarorszag-adosbesorolasa\\\/#primaryimage\",\"url\":\"https:\\\/\\\/super-news.info\\\/hu\\\/wp-content\\\/uploads\\\/sites\\\/3\\\/2019\\\/08\\\/V-rhat-volt-hogy-nem-v-ltozik-Magyarorsz-g-ad-sbesorol-sa.jpg\",\"contentUrl\":\"https:\\\/\\\/super-news.info\\\/hu\\\/wp-content\\\/uploads\\\/sites\\\/3\\\/2019\\\/08\\\/V-rhat-volt-hogy-nem-v-ltozik-Magyarorsz-g-ad-sbesorol-sa.jpg\",\"width\":1280,\"height\":720,\"caption\":\"V\u00e1rhat\u00f3 volt, hogy nem v\u00e1ltozik Magyarorsz\u00e1g ad\u00f3sbesorol\u00e1sa\"},{\"@type\":\"BreadcrumbList\",\"@id\":\"https:\\\/\\\/super-news.info\\\/hu\\\/varhato-volt-hogy-nem-valtozik-magyarorszag-adosbesorolasa\\\/#breadcrumb\",\"itemListElement\":[{\"@type\":\"ListItem\",\"position\":1,\"name\":\"\u0413\u043b\u0430\u0432\u043d\u0430\u044f \u0441\u0442\u0440\u0430\u043d\u0438\u0446\u0430\",\"item\":\"https:\\\/\\\/super-news.info\\\/hu\\\/\"},{\"@type\":\"ListItem\",\"position\":2,\"name\":\"V\u00e1rhat\u00f3 volt, hogy nem v\u00e1ltozik Magyarorsz\u00e1g ad\u00f3sbesorol\u00e1sa\"}]},{\"@type\":\"WebSite\",\"@id\":\"https:\\\/\\\/super-news.info\\\/hu\\\/#website\",\"url\":\"https:\\\/\\\/super-news.info\\\/hu\\\/\",\"name\":\"Super News\",\"description\":\"Super News Magyarorsz\u00e1g\",\"potentialAction\":[{\"@type\":\"SearchAction\",\"target\":{\"@type\":\"EntryPoint\",\"urlTemplate\":\"https:\\\/\\\/super-news.info\\\/hu\\\/?s={search_term_string}\"},\"query-input\":{\"@type\":\"PropertyValueSpecification\",\"valueRequired\":true,\"valueName\":\"search_term_string\"}}],\"inLanguage\":\"hu\"},{\"@type\":\"Person\",\"@id\":\"https:\\\/\\\/super-news.info\\\/hu\\\/#\\\/schema\\\/person\\\/2d4068cb2f39cd10008c2fce578a7356\",\"name\":\"super-news\",\"image\":{\"@type\":\"ImageObject\",\"inLanguage\":\"hu\",\"@id\":\"https:\\\/\\\/secure.gravatar.com\\\/avatar\\\/64ebac40b93f26a154f8a9b5b6fdccfc46f442b26b3dd6756dbff3bf9dc76fd7?s=96&d=mm&r=g\",\"url\":\"https:\\\/\\\/secure.gravatar.com\\\/avatar\\\/64ebac40b93f26a154f8a9b5b6fdccfc46f442b26b3dd6756dbff3bf9dc76fd7?s=96&d=mm&r=g\",\"contentUrl\":\"https:\\\/\\\/secure.gravatar.com\\\/avatar\\\/64ebac40b93f26a154f8a9b5b6fdccfc46f442b26b3dd6756dbff3bf9dc76fd7?s=96&d=mm&r=g\",\"caption\":\"super-news\"},\"url\":\"https:\\\/\\\/super-news.info\\\/hu\\\/author\\\/pt\\\/\"}]}<\/script>\n<!-- \/ Yoast SEO plugin. -->","yoast_head_json":{"title":"V\u00e1rhat\u00f3 volt, hogy nem v\u00e1ltozik Magyarorsz\u00e1g ad\u00f3sbesorol\u00e1sa - Super News","robots":{"index":"index","follow":"follow","max-snippet":"max-snippet:-1","max-image-preview":"max-image-preview:large","max-video-preview":"max-video-preview:-1"},"canonical":"https:\/\/super-news.info\/hu\/varhato-volt-hogy-nem-valtozik-magyarorszag-adosbesorolasa\/","og_locale":"hu_HU","og_type":"article","og_title":"V\u00e1rhat\u00f3 volt, hogy nem v\u00e1ltozik Magyarorsz\u00e1g ad\u00f3sbesorol\u00e1sa - Super News","og_description":"[ad_1] Az MTI \u00e1ltal megk\u00e9rdezett elemz\u0151k szerint sz\u00e1m\u00edtani lehetett arra, hogy a nemzetk\u00f6zi hitelmin\u0151s\u00edt\u0151k nem v\u00e1ltoztatnak p\u00e9nteken Magyarorsz\u00e1g \u00e1llamad\u00f3s-besorol\u00e1s\u00e1n, mivel id\u00e9n tavasszal m\u00e1r felmin\u0151s\u00edtett\u00e9k azt. A Fitch Ratingsen k\u00edv\u00fcl a Standard &amp; Poor\u2019s fel\u00fclvizsg\u00e1lata is esed\u00e9kes volt, \u00e1m ut\u00f3bbin\u00e1l nem sz\u00fcletett \u00e9rdemi d\u00f6nt\u00e9s, val\u00f3sz\u00edn\u0171leg ez\u00e9rt nem t\u00e1j\u00e9koztattak r\u00f3la. D\u00f6nt\u00f6tt a Fitch a magyar ad\u00f3sbesorol\u00e1sr\u00f3l Meger\u0151s\u00edtette [&hellip;]","og_url":"https:\/\/super-news.info\/hu\/varhato-volt-hogy-nem-valtozik-magyarorszag-adosbesorolasa\/","og_site_name":"Super News","article_published_time":"2019-08-17T07:29:35+00:00","article_modified_time":"2019-08-17T07:29:36+00:00","og_image":[{"width":1280,"height":720,"url":"https:\/\/super-news.info\/hu\/wp-content\/uploads\/sites\/3\/2019\/08\/V-rhat-volt-hogy-nem-v-ltozik-Magyarorsz-g-ad-sbesorol-sa.jpg","type":"image\/jpeg"}],"author":"super-news","twitter_card":"summary_large_image","twitter_misc":{"Szerz\u0151:":"super-news","Becs\u00fclt olvas\u00e1si id\u0151":"3 perc"},"schema":{"@context":"https:\/\/schema.org","@graph":[{"@type":"Article","@id":"https:\/\/super-news.info\/hu\/varhato-volt-hogy-nem-valtozik-magyarorszag-adosbesorolasa\/#article","isPartOf":{"@id":"https:\/\/super-news.info\/hu\/varhato-volt-hogy-nem-valtozik-magyarorszag-adosbesorolasa\/"},"author":{"name":"super-news","@id":"https:\/\/super-news.info\/hu\/#\/schema\/person\/2d4068cb2f39cd10008c2fce578a7356"},"headline":"V\u00e1rhat\u00f3 volt, hogy nem v\u00e1ltozik Magyarorsz\u00e1g ad\u00f3sbesorol\u00e1sa","datePublished":"2019-08-17T07:29:35+00:00","dateModified":"2019-08-17T07:29:36+00:00","mainEntityOfPage":{"@id":"https:\/\/super-news.info\/hu\/varhato-volt-hogy-nem-valtozik-magyarorszag-adosbesorolasa\/"},"wordCount":635,"commentCount":0,"image":{"@id":"https:\/\/super-news.info\/hu\/varhato-volt-hogy-nem-valtozik-magyarorszag-adosbesorolasa\/#primaryimage"},"thumbnailUrl":"https:\/\/super-news.info\/hu\/wp-content\/uploads\/sites\/3\/2019\/08\/V-rhat-volt-hogy-nem-v-ltozik-Magyarorsz-g-ad-sbesorol-sa.jpg","articleSection":["P\u00c9NZ\u00dcGYI H\u00cdREK"],"inLanguage":"hu","potentialAction":[{"@type":"CommentAction","name":"Comment","target":["https:\/\/super-news.info\/hu\/varhato-volt-hogy-nem-valtozik-magyarorszag-adosbesorolasa\/#respond"]}]},{"@type":"WebPage","@id":"https:\/\/super-news.info\/hu\/varhato-volt-hogy-nem-valtozik-magyarorszag-adosbesorolasa\/","url":"https:\/\/super-news.info\/hu\/varhato-volt-hogy-nem-valtozik-magyarorszag-adosbesorolasa\/","name":"V\u00e1rhat\u00f3 volt, hogy nem v\u00e1ltozik Magyarorsz\u00e1g ad\u00f3sbesorol\u00e1sa - Super News","isPartOf":{"@id":"https:\/\/super-news.info\/hu\/#website"},"primaryImageOfPage":{"@id":"https:\/\/super-news.info\/hu\/varhato-volt-hogy-nem-valtozik-magyarorszag-adosbesorolasa\/#primaryimage"},"image":{"@id":"https:\/\/super-news.info\/hu\/varhato-volt-hogy-nem-valtozik-magyarorszag-adosbesorolasa\/#primaryimage"},"thumbnailUrl":"https:\/\/super-news.info\/hu\/wp-content\/uploads\/sites\/3\/2019\/08\/V-rhat-volt-hogy-nem-v-ltozik-Magyarorsz-g-ad-sbesorol-sa.jpg","datePublished":"2019-08-17T07:29:35+00:00","dateModified":"2019-08-17T07:29:36+00:00","author":{"@id":"https:\/\/super-news.info\/hu\/#\/schema\/person\/2d4068cb2f39cd10008c2fce578a7356"},"breadcrumb":{"@id":"https:\/\/super-news.info\/hu\/varhato-volt-hogy-nem-valtozik-magyarorszag-adosbesorolasa\/#breadcrumb"},"inLanguage":"hu","potentialAction":[{"@type":"ReadAction","target":["https:\/\/super-news.info\/hu\/varhato-volt-hogy-nem-valtozik-magyarorszag-adosbesorolasa\/"]}]},{"@type":"ImageObject","inLanguage":"hu","@id":"https:\/\/super-news.info\/hu\/varhato-volt-hogy-nem-valtozik-magyarorszag-adosbesorolasa\/#primaryimage","url":"https:\/\/super-news.info\/hu\/wp-content\/uploads\/sites\/3\/2019\/08\/V-rhat-volt-hogy-nem-v-ltozik-Magyarorsz-g-ad-sbesorol-sa.jpg","contentUrl":"https:\/\/super-news.info\/hu\/wp-content\/uploads\/sites\/3\/2019\/08\/V-rhat-volt-hogy-nem-v-ltozik-Magyarorsz-g-ad-sbesorol-sa.jpg","width":1280,"height":720,"caption":"V\u00e1rhat\u00f3 volt, hogy nem v\u00e1ltozik Magyarorsz\u00e1g ad\u00f3sbesorol\u00e1sa"},{"@type":"BreadcrumbList","@id":"https:\/\/super-news.info\/hu\/varhato-volt-hogy-nem-valtozik-magyarorszag-adosbesorolasa\/#breadcrumb","itemListElement":[{"@type":"ListItem","position":1,"name":"\u0413\u043b\u0430\u0432\u043d\u0430\u044f \u0441\u0442\u0440\u0430\u043d\u0438\u0446\u0430","item":"https:\/\/super-news.info\/hu\/"},{"@type":"ListItem","position":2,"name":"V\u00e1rhat\u00f3 volt, hogy nem v\u00e1ltozik Magyarorsz\u00e1g ad\u00f3sbesorol\u00e1sa"}]},{"@type":"WebSite","@id":"https:\/\/super-news.info\/hu\/#website","url":"https:\/\/super-news.info\/hu\/","name":"Super News","description":"Super News Magyarorsz\u00e1g","potentialAction":[{"@type":"SearchAction","target":{"@type":"EntryPoint","urlTemplate":"https:\/\/super-news.info\/hu\/?s={search_term_string}"},"query-input":{"@type":"PropertyValueSpecification","valueRequired":true,"valueName":"search_term_string"}}],"inLanguage":"hu"},{"@type":"Person","@id":"https:\/\/super-news.info\/hu\/#\/schema\/person\/2d4068cb2f39cd10008c2fce578a7356","name":"super-news","image":{"@type":"ImageObject","inLanguage":"hu","@id":"https:\/\/secure.gravatar.com\/avatar\/64ebac40b93f26a154f8a9b5b6fdccfc46f442b26b3dd6756dbff3bf9dc76fd7?s=96&d=mm&r=g","url":"https:\/\/secure.gravatar.com\/avatar\/64ebac40b93f26a154f8a9b5b6fdccfc46f442b26b3dd6756dbff3bf9dc76fd7?s=96&d=mm&r=g","contentUrl":"https:\/\/secure.gravatar.com\/avatar\/64ebac40b93f26a154f8a9b5b6fdccfc46f442b26b3dd6756dbff3bf9dc76fd7?s=96&d=mm&r=g","caption":"super-news"},"url":"https:\/\/super-news.info\/hu\/author\/pt\/"}]}},"_links":{"self":[{"href":"https:\/\/super-news.info\/hu\/wp-json\/wp\/v2\/posts\/7813","targetHints":{"allow":["GET"]}}],"collection":[{"href":"https:\/\/super-news.info\/hu\/wp-json\/wp\/v2\/posts"}],"about":[{"href":"https:\/\/super-news.info\/hu\/wp-json\/wp\/v2\/types\/post"}],"author":[{"embeddable":true,"href":"https:\/\/super-news.info\/hu\/wp-json\/wp\/v2\/users\/2"}],"replies":[{"embeddable":true,"href":"https:\/\/super-news.info\/hu\/wp-json\/wp\/v2\/comments?post=7813"}],"version-history":[{"count":1,"href":"https:\/\/super-news.info\/hu\/wp-json\/wp\/v2\/posts\/7813\/revisions"}],"predecessor-version":[{"id":7815,"href":"https:\/\/super-news.info\/hu\/wp-json\/wp\/v2\/posts\/7813\/revisions\/7815"}],"wp:featuredmedia":[{"embeddable":true,"href":"https:\/\/super-news.info\/hu\/wp-json\/wp\/v2\/media\/7814"}],"wp:attachment":[{"href":"https:\/\/super-news.info\/hu\/wp-json\/wp\/v2\/media?parent=7813"}],"wp:term":[{"taxonomy":"category","embeddable":true,"href":"https:\/\/super-news.info\/hu\/wp-json\/wp\/v2\/categories?post=7813"},{"taxonomy":"post_tag","embeddable":true,"href":"https:\/\/super-news.info\/hu\/wp-json\/wp\/v2\/tags?post=7813"}],"curies":[{"name":"wp","href":"https:\/\/api.w.org\/{rel}","templated":true}]}}