{"id":7807,"date":"2019-08-17T02:30:21","date_gmt":"2019-08-16T23:30:21","guid":{"rendered":"https:\/\/super-news.info\/hu\/szemettelep-miatt-allhatott-le-az-orosz-gep-hajtomuve\/"},"modified":"2019-08-17T02:30:22","modified_gmt":"2019-08-16T23:30:22","slug":"szemettelep-miatt-allhatott-le-az-orosz-gep-hajtomuve","status":"publish","type":"post","link":"https:\/\/super-news.info\/hu\/szemettelep-miatt-allhatott-le-az-orosz-gep-hajtomuve\/","title":{"rendered":"Szem\u00e9ttelep miatt \u00e1llhatott le az orosz g\u00e9p hajt\u00f3m\u0171ve"},"content":{"rendered":"<p> [ad_1]<br \/>\n<\/p>\n<p>\n\t\t\t\t\t\t\t\tFontol\u00f3ra vett\u00e9k a helyi orosz hat\u00f3s\u00e1gok az Ekotransz hullad\u00e9k\u00e1trakod\u00f3 \u00e1llom\u00e1s m\u00e1shov\u00e1 telep\u00edt\u00e9s\u00e9t a zsukovszkiji rep\u00fcl\u0151t\u00e9r k\u00f6zel\u00e9b\u0151l, miut\u00e1n cs\u00fct\u00f6rt\u00f6k\u00f6n mad\u00e1rrajnak \u00fctk\u00f6z\u00f6tt \u00e9s k\u00e9nyszerlesz\u00e1ll\u00e1st hajtott v\u00e9gre egy utassz\u00e1ll\u00edt\u00f3 rep\u00fcl\u0151g\u00e9p.\t\t\t\t\t\t\t<\/p>\n<div>\n<p>Az Ekotransz 1300 m\u00e9terre tal\u00e1lhat\u00f3 a zsukovszkiji rep\u00fcl\u0151t\u00e9rr\u0151l, \u00e9s felt\u00e9telez\u00e9sek szerint egyike azoknak a hullad\u00e9kt\u00e1rol\u00e1ssal kapcsolatos objektumoknak, amelyek a k\u00f6rny\u00e9kre vonzhatt\u00e1k a madarakat \u2013 ezt Dmitrij Kurakin, Moszkva megye k\u00f6rnyezetv\u00e9delmi minisztere jelentette be p\u00e9nteken.<\/p>\n<p>Kurakin elmondta, hogy a baleset idej\u00e9n az \u00e1llom\u00e1son neh\u00e9zg\u00e9pek dolgoztak, amelyek felriaszthatt\u00e1k a madarakat, \u00e9s a p\u00e9nteki ellen\u0151rz\u00e9s sor\u00e1n is l\u00e1ttak mad\u00e1rrajokat a k\u00f6rny\u00e9ken. A megyei hat\u00f3s\u00e1gok cs\u00fct\u00f6rt\u00f6k\u00f6n m\u00e9g arr\u00f3l adtak ki k\u00f6zlem\u00e9nyt, hogy madarak csoportosul\u00e1s\u00e1t sem a 14 kilom\u00e9terre l\u00e9v\u0151 szafonov\u00f3i betemetett szil\u00e1rd hullad\u00e9kt\u00e1rol\u00f3n\u00e1l, sem a Glusica t\u00f3 partj\u00e1n l\u00e9tes\u00edtett szem\u00e9ttelepn\u00e9l nem \u00e9szlelt\u00e9k.<\/p>\n<div>\n<div id=\"attachment_1695115\" style=\"width: 1310px\" class=\"wp-caption alignnone\">\n<p class=\"wp-caption-text\">Fot\u00f3: AFP<\/p>\n<\/div>\n<\/div>\n<p>Jevgenyij Szologyilin, a Zsukovszkiji Nemzetk\u00f6zi Rep\u00fcl\u0151t\u00e9r egyik vezet\u0151je k\u00f6z\u00f6lte, hogy az objektum tulajdonosa kor\u00e1bban t\u00f6bbsz\u00f6r fordult panasszal az \u00fcgy\u00e9szs\u00e9ghez a k\u00f6rny\u00e9kbeli szem\u00e9ttelepek miatt. Szavai szerint ennek eredm\u00e9nyk\u00e9ppen t\u00f6bb hullad\u00e9klerakatot felsz\u00e1moltak, \u00e9s a rept\u00e9r k\u00f6rny\u00e9k\u00e9n m\u0171k\u00f6d\u0151 szem\u00e9ttelep nincsen m\u00e1r.<\/p>\n<p>A kiemelt \u00fcgyekben elj\u00e1r\u00f3 orosz Nyomoz\u00f3 Bizotts\u00e1g (SZK) k\u00f6z\u00f6lte a TASZSZ h\u00edr\u00fcgyn\u00f6ks\u00e9ggel, hogy elemzi a rept\u00e9r ornitol\u00f3giai k\u00f6rnyezet\u00e9\u00e9rt felel\u0151s szervek tev\u00e9kenys\u00e9g\u00e9t. A t\u00f6rt\u00e9ntek ut\u00e1n egy\u00e9bk\u00e9nt vizsg\u00e1lat indult, az illet\u00e9kes hat\u00f3s\u00e1gok tanulm\u00e1nyozz\u00e1k a g\u00e9p \u00e9pen maradt \u201efeketedobozai\u201d \u00e1ltal r\u00f6gz\u00edtett adatokat.<\/p>\n<p>Az Ural Airlines l\u00e9git\u00e1rsas\u00e1g Moszkv\u00e1b\u00f3l Szimferopolba tart\u00f3 Airbus 321-es utassz\u00e1ll\u00edt\u00f3ja cs\u00fct\u00f6rt\u00f6k reggel felsz\u00e1ll\u00e1s k\u00f6zben egy sir\u00e1lyrajba \u00fctk\u00f6z\u00f6tt. A g\u00e9p mindk\u00e9t hajt\u00f3m\u0171ve madarat szippantott be, \u00e9s az egyik ki is gyulladt. A g\u00e9p, fed\u00e9lzet\u00e9n 234 f\u0151nyi utassal \u00e9s szem\u00e9lyzettel, beh\u00fazott fut\u00f3m\u0171vel hajtott v\u00e9gre k\u00e9nyszerlesz\u00e1ll\u00e1st. A balesetnek hal\u00e1los \u00e1ldozata nem volt, de 76-an megs\u00e9r\u00fcltek benne.<\/p>\n<p>A Ural Airlines k\u00f6z\u00f6lte, hogy a l\u00e9git\u00e1rsas\u00e1g oktatni fogja a cs\u00fct\u00f6rt\u00f6ki k\u00e9nyszerlesz\u00e1ll\u00e1st pil\u00f3takik\u00e9pz\u0151 programja keret\u00e9ben.<\/p>\n<p>A k\u00e9t pil\u00f3ta, Damir Juszupov kapit\u00e1ny \u00e9s Georgij Murzin m\u00e1sodpil\u00f3ta \u2013 ut\u00f3bbi mellkasi s\u00e9r\u00fcl\u00e9sei miatt p\u00e9nteken k\u00f3rh\u00e1zba ker\u00fclt \u2013 a tervek szerint h\u00e1rom h\u00e9ten bel\u00fcl visszat\u00e9r a rep\u00fcl\u00e9shez. A g\u00e9p utasai k\u00f6z\u00fcl egy\u00e9bk\u00e9nt mintegy nyolcvanan d\u00f6nt\u00f6ttek \u00fagy, hogy nem pr\u00f3b\u00e1lnak meg rep\u00fcl\u0151vel eljutni Szimferopolba.<\/p>\n<p>Orosz sajt\u00f3\u00e9rtes\u00fcl\u00e9sek szerint az Ukrajn\u00e1t\u00f3l elcsatolt Kr\u00edmbe tart\u00f3 g\u00e9p utasait megment\u0151 k\u00e9t pil\u00f3t\u00e1t a Mirotvorec sz\u00e9ls\u0151s\u00e9ges ukr\u00e1n szervezet felvette a honlapj\u00e1n k\u00f6z\u00f6lt \u201ehal\u00e1llist\u00e1j\u00e1ra\u201d. Ebben az inform\u00e1ci\u00f3s b\u00e1zisban az ukr\u00e1n nacionalist\u00e1k \u00e1ltal nemk\u00edv\u00e1natosnak min\u0151s\u00edtett emberek szem\u00e9lyes adatai szerepelnek, a szem\u00e9lyes adatok v\u00e9delm\u00e9r\u0151l sz\u00f3l\u00f3 t\u00f6rv\u00e9nyt s\u00e9rt\u0151 m\u00f3don. N\u00e9h\u00e1ny ember, akikr\u0151l inform\u00e1ci\u00f3 jelent meg a honlapon, gyilkoss\u00e1g \u00e1ldozata lett.<\/p>\n<\/p><\/div>\n<p><script>\n    window.fbAsyncInit = function() {\n        FB.init({\n            appId      : \"204760236815359\",\n            xfbml      : true,\n            version    : \"v2.12\"\n        });\n        FB.AppEvents.logPageView();\n    };<\/p>\n<p>    (function(d, s, id){\n        var js, fjs = d.getElementsByTagName(s)[0];\n        if (d.getElementById(id)) {return;}\n        js = d.createElement(s); js.id = id;\n        js.src = \"http:\/\/connect.facebook.net\/hu_HU\/sdk.js\";\n        fjs.parentNode.insertBefore(js, fjs);\n    }(document, \"script\", \"facebook-jssdk\"));\n<\/script><br \/>\n<br \/>[ad_2]<br \/>\n<br \/><a href=\"https:\/\/www.vg.hu\/vallalatok\/kozlekedes\/szemettelep-miatt-allhatott-le-az-orosz-gep-hajtomuve-1695106\/\">Source link <\/a><\/p>\n","protected":false},"excerpt":{"rendered":"<p>[ad_1] Fontol\u00f3ra vett\u00e9k a helyi orosz hat\u00f3s\u00e1gok az Ekotransz hullad\u00e9k\u00e1trakod\u00f3 \u00e1llom\u00e1s m\u00e1shov\u00e1 telep\u00edt\u00e9s\u00e9t a zsukovszkiji rep\u00fcl\u0151t\u00e9r k\u00f6zel\u00e9b\u0151l, miut\u00e1n cs\u00fct\u00f6rt\u00f6k\u00f6n mad\u00e1rrajnak \u00fctk\u00f6z\u00f6tt \u00e9s k\u00e9nyszerlesz\u00e1ll\u00e1st hajtott v\u00e9gre egy utassz\u00e1ll\u00edt\u00f3 rep\u00fcl\u0151g\u00e9p. Az Ekotransz 1300 m\u00e9terre tal\u00e1lhat\u00f3 a zsukovszkiji rep\u00fcl\u0151t\u00e9rr\u0151l, \u00e9s felt\u00e9telez\u00e9sek szerint egyike azoknak a hullad\u00e9kt\u00e1rol\u00e1ssal kapcsolatos objektumoknak, amelyek a k\u00f6rny\u00e9kre vonzhatt\u00e1k a madarakat \u2013 ezt Dmitrij Kurakin, [&hellip;]<\/p>\n","protected":false},"author":2,"featured_media":7808,"comment_status":"open","ping_status":"open","sticky":false,"template":"","format":"standard","meta":{"footnotes":""},"categories":[1],"tags":[],"class_list":["post-7807","post","type-post","status-publish","format-standard","has-post-thumbnail","hentry","category-penzugyi-hirek"],"yoast_head":"<!-- This site is optimized with the Yoast SEO plugin v27.4 - https:\/\/yoast.com\/product\/yoast-seo-wordpress\/ -->\n<title>Szem\u00e9ttelep miatt \u00e1llhatott le az orosz g\u00e9p hajt\u00f3m\u0171ve - Super News<\/title>\n<meta name=\"robots\" content=\"index, follow, max-snippet:-1, max-image-preview:large, max-video-preview:-1\" \/>\n<link rel=\"canonical\" href=\"https:\/\/super-news.info\/hu\/szemettelep-miatt-allhatott-le-az-orosz-gep-hajtomuve\/\" \/>\n<meta property=\"og:locale\" content=\"hu_HU\" \/>\n<meta property=\"og:type\" content=\"article\" \/>\n<meta property=\"og:title\" content=\"Szem\u00e9ttelep miatt \u00e1llhatott le az orosz g\u00e9p hajt\u00f3m\u0171ve - Super News\" \/>\n<meta property=\"og:description\" content=\"[ad_1] Fontol\u00f3ra vett\u00e9k a helyi orosz hat\u00f3s\u00e1gok az Ekotransz hullad\u00e9k\u00e1trakod\u00f3 \u00e1llom\u00e1s m\u00e1shov\u00e1 telep\u00edt\u00e9s\u00e9t a zsukovszkiji rep\u00fcl\u0151t\u00e9r k\u00f6zel\u00e9b\u0151l, miut\u00e1n cs\u00fct\u00f6rt\u00f6k\u00f6n mad\u00e1rrajnak \u00fctk\u00f6z\u00f6tt \u00e9s k\u00e9nyszerlesz\u00e1ll\u00e1st hajtott v\u00e9gre egy utassz\u00e1ll\u00edt\u00f3 rep\u00fcl\u0151g\u00e9p. Az Ekotransz 1300 m\u00e9terre tal\u00e1lhat\u00f3 a zsukovszkiji rep\u00fcl\u0151t\u00e9rr\u0151l, \u00e9s felt\u00e9telez\u00e9sek szerint egyike azoknak a hullad\u00e9kt\u00e1rol\u00e1ssal kapcsolatos objektumoknak, amelyek a k\u00f6rny\u00e9kre vonzhatt\u00e1k a madarakat \u2013 ezt Dmitrij Kurakin, [&hellip;]\" \/>\n<meta property=\"og:url\" content=\"https:\/\/super-news.info\/hu\/szemettelep-miatt-allhatott-le-az-orosz-gep-hajtomuve\/\" \/>\n<meta property=\"og:site_name\" content=\"Super News\" \/>\n<meta property=\"article:published_time\" content=\"2019-08-16T23:30:21+00:00\" \/>\n<meta property=\"article:modified_time\" content=\"2019-08-16T23:30:22+00:00\" \/>\n<meta property=\"og:image\" content=\"https:\/\/super-news.info\/hu\/wp-content\/uploads\/sites\/3\/2019\/08\/Szem-ttelep-miatt-llhatott-le-az-orosz-g-p-hajt-m-ve.jpg\" \/>\n\t<meta property=\"og:image:width\" content=\"827\" \/>\n\t<meta property=\"og:image:height\" content=\"465\" \/>\n\t<meta property=\"og:image:type\" content=\"image\/jpeg\" \/>\n<meta name=\"author\" content=\"super-news\" \/>\n<meta name=\"twitter:card\" content=\"summary_large_image\" \/>\n<meta name=\"twitter:label1\" content=\"Szerz\u0151:\" \/>\n\t<meta name=\"twitter:data1\" content=\"super-news\" \/>\n\t<meta name=\"twitter:label2\" content=\"Becs\u00fclt olvas\u00e1si id\u0151\" \/>\n\t<meta name=\"twitter:data2\" content=\"3 perc\" \/>\n<script type=\"application\/ld+json\" class=\"yoast-schema-graph\">{\"@context\":\"https:\\\/\\\/schema.org\",\"@graph\":[{\"@type\":\"Article\",\"@id\":\"https:\\\/\\\/super-news.info\\\/hu\\\/szemettelep-miatt-allhatott-le-az-orosz-gep-hajtomuve\\\/#article\",\"isPartOf\":{\"@id\":\"https:\\\/\\\/super-news.info\\\/hu\\\/szemettelep-miatt-allhatott-le-az-orosz-gep-hajtomuve\\\/\"},\"author\":{\"name\":\"super-news\",\"@id\":\"https:\\\/\\\/super-news.info\\\/hu\\\/#\\\/schema\\\/person\\\/2d4068cb2f39cd10008c2fce578a7356\"},\"headline\":\"Szem\u00e9ttelep miatt \u00e1llhatott le az orosz g\u00e9p hajt\u00f3m\u0171ve\",\"datePublished\":\"2019-08-16T23:30:21+00:00\",\"dateModified\":\"2019-08-16T23:30:22+00:00\",\"mainEntityOfPage\":{\"@id\":\"https:\\\/\\\/super-news.info\\\/hu\\\/szemettelep-miatt-allhatott-le-az-orosz-gep-hajtomuve\\\/\"},\"wordCount\":644,\"commentCount\":0,\"image\":{\"@id\":\"https:\\\/\\\/super-news.info\\\/hu\\\/szemettelep-miatt-allhatott-le-az-orosz-gep-hajtomuve\\\/#primaryimage\"},\"thumbnailUrl\":\"https:\\\/\\\/super-news.info\\\/hu\\\/wp-content\\\/uploads\\\/sites\\\/3\\\/2019\\\/08\\\/Szem-ttelep-miatt-llhatott-le-az-orosz-g-p-hajt-m-ve.jpg\",\"articleSection\":[\"P\u00c9NZ\u00dcGYI H\u00cdREK\"],\"inLanguage\":\"hu\",\"potentialAction\":[{\"@type\":\"CommentAction\",\"name\":\"Comment\",\"target\":[\"https:\\\/\\\/super-news.info\\\/hu\\\/szemettelep-miatt-allhatott-le-az-orosz-gep-hajtomuve\\\/#respond\"]}]},{\"@type\":\"WebPage\",\"@id\":\"https:\\\/\\\/super-news.info\\\/hu\\\/szemettelep-miatt-allhatott-le-az-orosz-gep-hajtomuve\\\/\",\"url\":\"https:\\\/\\\/super-news.info\\\/hu\\\/szemettelep-miatt-allhatott-le-az-orosz-gep-hajtomuve\\\/\",\"name\":\"Szem\u00e9ttelep miatt \u00e1llhatott le az orosz g\u00e9p hajt\u00f3m\u0171ve - Super News\",\"isPartOf\":{\"@id\":\"https:\\\/\\\/super-news.info\\\/hu\\\/#website\"},\"primaryImageOfPage\":{\"@id\":\"https:\\\/\\\/super-news.info\\\/hu\\\/szemettelep-miatt-allhatott-le-az-orosz-gep-hajtomuve\\\/#primaryimage\"},\"image\":{\"@id\":\"https:\\\/\\\/super-news.info\\\/hu\\\/szemettelep-miatt-allhatott-le-az-orosz-gep-hajtomuve\\\/#primaryimage\"},\"thumbnailUrl\":\"https:\\\/\\\/super-news.info\\\/hu\\\/wp-content\\\/uploads\\\/sites\\\/3\\\/2019\\\/08\\\/Szem-ttelep-miatt-llhatott-le-az-orosz-g-p-hajt-m-ve.jpg\",\"datePublished\":\"2019-08-16T23:30:21+00:00\",\"dateModified\":\"2019-08-16T23:30:22+00:00\",\"author\":{\"@id\":\"https:\\\/\\\/super-news.info\\\/hu\\\/#\\\/schema\\\/person\\\/2d4068cb2f39cd10008c2fce578a7356\"},\"breadcrumb\":{\"@id\":\"https:\\\/\\\/super-news.info\\\/hu\\\/szemettelep-miatt-allhatott-le-az-orosz-gep-hajtomuve\\\/#breadcrumb\"},\"inLanguage\":\"hu\",\"potentialAction\":[{\"@type\":\"ReadAction\",\"target\":[\"https:\\\/\\\/super-news.info\\\/hu\\\/szemettelep-miatt-allhatott-le-az-orosz-gep-hajtomuve\\\/\"]}]},{\"@type\":\"ImageObject\",\"inLanguage\":\"hu\",\"@id\":\"https:\\\/\\\/super-news.info\\\/hu\\\/szemettelep-miatt-allhatott-le-az-orosz-gep-hajtomuve\\\/#primaryimage\",\"url\":\"https:\\\/\\\/super-news.info\\\/hu\\\/wp-content\\\/uploads\\\/sites\\\/3\\\/2019\\\/08\\\/Szem-ttelep-miatt-llhatott-le-az-orosz-g-p-hajt-m-ve.jpg\",\"contentUrl\":\"https:\\\/\\\/super-news.info\\\/hu\\\/wp-content\\\/uploads\\\/sites\\\/3\\\/2019\\\/08\\\/Szem-ttelep-miatt-llhatott-le-az-orosz-g-p-hajt-m-ve.jpg\",\"width\":827,\"height\":465,\"caption\":\"Szem\u00e9ttelep miatt \u00e1llhatott le az orosz g\u00e9p hajt\u00f3m\u0171ve\"},{\"@type\":\"BreadcrumbList\",\"@id\":\"https:\\\/\\\/super-news.info\\\/hu\\\/szemettelep-miatt-allhatott-le-az-orosz-gep-hajtomuve\\\/#breadcrumb\",\"itemListElement\":[{\"@type\":\"ListItem\",\"position\":1,\"name\":\"\u0413\u043b\u0430\u0432\u043d\u0430\u044f \u0441\u0442\u0440\u0430\u043d\u0438\u0446\u0430\",\"item\":\"https:\\\/\\\/super-news.info\\\/hu\\\/\"},{\"@type\":\"ListItem\",\"position\":2,\"name\":\"Szem\u00e9ttelep miatt \u00e1llhatott le az orosz g\u00e9p hajt\u00f3m\u0171ve\"}]},{\"@type\":\"WebSite\",\"@id\":\"https:\\\/\\\/super-news.info\\\/hu\\\/#website\",\"url\":\"https:\\\/\\\/super-news.info\\\/hu\\\/\",\"name\":\"Super News\",\"description\":\"Super News Magyarorsz\u00e1g\",\"potentialAction\":[{\"@type\":\"SearchAction\",\"target\":{\"@type\":\"EntryPoint\",\"urlTemplate\":\"https:\\\/\\\/super-news.info\\\/hu\\\/?s={search_term_string}\"},\"query-input\":{\"@type\":\"PropertyValueSpecification\",\"valueRequired\":true,\"valueName\":\"search_term_string\"}}],\"inLanguage\":\"hu\"},{\"@type\":\"Person\",\"@id\":\"https:\\\/\\\/super-news.info\\\/hu\\\/#\\\/schema\\\/person\\\/2d4068cb2f39cd10008c2fce578a7356\",\"name\":\"super-news\",\"image\":{\"@type\":\"ImageObject\",\"inLanguage\":\"hu\",\"@id\":\"https:\\\/\\\/secure.gravatar.com\\\/avatar\\\/64ebac40b93f26a154f8a9b5b6fdccfc46f442b26b3dd6756dbff3bf9dc76fd7?s=96&d=mm&r=g\",\"url\":\"https:\\\/\\\/secure.gravatar.com\\\/avatar\\\/64ebac40b93f26a154f8a9b5b6fdccfc46f442b26b3dd6756dbff3bf9dc76fd7?s=96&d=mm&r=g\",\"contentUrl\":\"https:\\\/\\\/secure.gravatar.com\\\/avatar\\\/64ebac40b93f26a154f8a9b5b6fdccfc46f442b26b3dd6756dbff3bf9dc76fd7?s=96&d=mm&r=g\",\"caption\":\"super-news\"},\"url\":\"https:\\\/\\\/super-news.info\\\/hu\\\/author\\\/pt\\\/\"}]}<\/script>\n<!-- \/ Yoast SEO plugin. -->","yoast_head_json":{"title":"Szem\u00e9ttelep miatt \u00e1llhatott le az orosz g\u00e9p hajt\u00f3m\u0171ve - Super News","robots":{"index":"index","follow":"follow","max-snippet":"max-snippet:-1","max-image-preview":"max-image-preview:large","max-video-preview":"max-video-preview:-1"},"canonical":"https:\/\/super-news.info\/hu\/szemettelep-miatt-allhatott-le-az-orosz-gep-hajtomuve\/","og_locale":"hu_HU","og_type":"article","og_title":"Szem\u00e9ttelep miatt \u00e1llhatott le az orosz g\u00e9p hajt\u00f3m\u0171ve - Super News","og_description":"[ad_1] Fontol\u00f3ra vett\u00e9k a helyi orosz hat\u00f3s\u00e1gok az Ekotransz hullad\u00e9k\u00e1trakod\u00f3 \u00e1llom\u00e1s m\u00e1shov\u00e1 telep\u00edt\u00e9s\u00e9t a zsukovszkiji rep\u00fcl\u0151t\u00e9r k\u00f6zel\u00e9b\u0151l, miut\u00e1n cs\u00fct\u00f6rt\u00f6k\u00f6n mad\u00e1rrajnak \u00fctk\u00f6z\u00f6tt \u00e9s k\u00e9nyszerlesz\u00e1ll\u00e1st hajtott v\u00e9gre egy utassz\u00e1ll\u00edt\u00f3 rep\u00fcl\u0151g\u00e9p. Az Ekotransz 1300 m\u00e9terre tal\u00e1lhat\u00f3 a zsukovszkiji rep\u00fcl\u0151t\u00e9rr\u0151l, \u00e9s felt\u00e9telez\u00e9sek szerint egyike azoknak a hullad\u00e9kt\u00e1rol\u00e1ssal kapcsolatos objektumoknak, amelyek a k\u00f6rny\u00e9kre vonzhatt\u00e1k a madarakat \u2013 ezt Dmitrij Kurakin, [&hellip;]","og_url":"https:\/\/super-news.info\/hu\/szemettelep-miatt-allhatott-le-az-orosz-gep-hajtomuve\/","og_site_name":"Super News","article_published_time":"2019-08-16T23:30:21+00:00","article_modified_time":"2019-08-16T23:30:22+00:00","og_image":[{"width":827,"height":465,"url":"https:\/\/super-news.info\/hu\/wp-content\/uploads\/sites\/3\/2019\/08\/Szem-ttelep-miatt-llhatott-le-az-orosz-g-p-hajt-m-ve.jpg","type":"image\/jpeg"}],"author":"super-news","twitter_card":"summary_large_image","twitter_misc":{"Szerz\u0151:":"super-news","Becs\u00fclt olvas\u00e1si id\u0151":"3 perc"},"schema":{"@context":"https:\/\/schema.org","@graph":[{"@type":"Article","@id":"https:\/\/super-news.info\/hu\/szemettelep-miatt-allhatott-le-az-orosz-gep-hajtomuve\/#article","isPartOf":{"@id":"https:\/\/super-news.info\/hu\/szemettelep-miatt-allhatott-le-az-orosz-gep-hajtomuve\/"},"author":{"name":"super-news","@id":"https:\/\/super-news.info\/hu\/#\/schema\/person\/2d4068cb2f39cd10008c2fce578a7356"},"headline":"Szem\u00e9ttelep miatt \u00e1llhatott le az orosz g\u00e9p hajt\u00f3m\u0171ve","datePublished":"2019-08-16T23:30:21+00:00","dateModified":"2019-08-16T23:30:22+00:00","mainEntityOfPage":{"@id":"https:\/\/super-news.info\/hu\/szemettelep-miatt-allhatott-le-az-orosz-gep-hajtomuve\/"},"wordCount":644,"commentCount":0,"image":{"@id":"https:\/\/super-news.info\/hu\/szemettelep-miatt-allhatott-le-az-orosz-gep-hajtomuve\/#primaryimage"},"thumbnailUrl":"https:\/\/super-news.info\/hu\/wp-content\/uploads\/sites\/3\/2019\/08\/Szem-ttelep-miatt-llhatott-le-az-orosz-g-p-hajt-m-ve.jpg","articleSection":["P\u00c9NZ\u00dcGYI H\u00cdREK"],"inLanguage":"hu","potentialAction":[{"@type":"CommentAction","name":"Comment","target":["https:\/\/super-news.info\/hu\/szemettelep-miatt-allhatott-le-az-orosz-gep-hajtomuve\/#respond"]}]},{"@type":"WebPage","@id":"https:\/\/super-news.info\/hu\/szemettelep-miatt-allhatott-le-az-orosz-gep-hajtomuve\/","url":"https:\/\/super-news.info\/hu\/szemettelep-miatt-allhatott-le-az-orosz-gep-hajtomuve\/","name":"Szem\u00e9ttelep miatt \u00e1llhatott le az orosz g\u00e9p hajt\u00f3m\u0171ve - Super News","isPartOf":{"@id":"https:\/\/super-news.info\/hu\/#website"},"primaryImageOfPage":{"@id":"https:\/\/super-news.info\/hu\/szemettelep-miatt-allhatott-le-az-orosz-gep-hajtomuve\/#primaryimage"},"image":{"@id":"https:\/\/super-news.info\/hu\/szemettelep-miatt-allhatott-le-az-orosz-gep-hajtomuve\/#primaryimage"},"thumbnailUrl":"https:\/\/super-news.info\/hu\/wp-content\/uploads\/sites\/3\/2019\/08\/Szem-ttelep-miatt-llhatott-le-az-orosz-g-p-hajt-m-ve.jpg","datePublished":"2019-08-16T23:30:21+00:00","dateModified":"2019-08-16T23:30:22+00:00","author":{"@id":"https:\/\/super-news.info\/hu\/#\/schema\/person\/2d4068cb2f39cd10008c2fce578a7356"},"breadcrumb":{"@id":"https:\/\/super-news.info\/hu\/szemettelep-miatt-allhatott-le-az-orosz-gep-hajtomuve\/#breadcrumb"},"inLanguage":"hu","potentialAction":[{"@type":"ReadAction","target":["https:\/\/super-news.info\/hu\/szemettelep-miatt-allhatott-le-az-orosz-gep-hajtomuve\/"]}]},{"@type":"ImageObject","inLanguage":"hu","@id":"https:\/\/super-news.info\/hu\/szemettelep-miatt-allhatott-le-az-orosz-gep-hajtomuve\/#primaryimage","url":"https:\/\/super-news.info\/hu\/wp-content\/uploads\/sites\/3\/2019\/08\/Szem-ttelep-miatt-llhatott-le-az-orosz-g-p-hajt-m-ve.jpg","contentUrl":"https:\/\/super-news.info\/hu\/wp-content\/uploads\/sites\/3\/2019\/08\/Szem-ttelep-miatt-llhatott-le-az-orosz-g-p-hajt-m-ve.jpg","width":827,"height":465,"caption":"Szem\u00e9ttelep miatt \u00e1llhatott le az orosz g\u00e9p hajt\u00f3m\u0171ve"},{"@type":"BreadcrumbList","@id":"https:\/\/super-news.info\/hu\/szemettelep-miatt-allhatott-le-az-orosz-gep-hajtomuve\/#breadcrumb","itemListElement":[{"@type":"ListItem","position":1,"name":"\u0413\u043b\u0430\u0432\u043d\u0430\u044f \u0441\u0442\u0440\u0430\u043d\u0438\u0446\u0430","item":"https:\/\/super-news.info\/hu\/"},{"@type":"ListItem","position":2,"name":"Szem\u00e9ttelep miatt \u00e1llhatott le az orosz g\u00e9p hajt\u00f3m\u0171ve"}]},{"@type":"WebSite","@id":"https:\/\/super-news.info\/hu\/#website","url":"https:\/\/super-news.info\/hu\/","name":"Super News","description":"Super News Magyarorsz\u00e1g","potentialAction":[{"@type":"SearchAction","target":{"@type":"EntryPoint","urlTemplate":"https:\/\/super-news.info\/hu\/?s={search_term_string}"},"query-input":{"@type":"PropertyValueSpecification","valueRequired":true,"valueName":"search_term_string"}}],"inLanguage":"hu"},{"@type":"Person","@id":"https:\/\/super-news.info\/hu\/#\/schema\/person\/2d4068cb2f39cd10008c2fce578a7356","name":"super-news","image":{"@type":"ImageObject","inLanguage":"hu","@id":"https:\/\/secure.gravatar.com\/avatar\/64ebac40b93f26a154f8a9b5b6fdccfc46f442b26b3dd6756dbff3bf9dc76fd7?s=96&d=mm&r=g","url":"https:\/\/secure.gravatar.com\/avatar\/64ebac40b93f26a154f8a9b5b6fdccfc46f442b26b3dd6756dbff3bf9dc76fd7?s=96&d=mm&r=g","contentUrl":"https:\/\/secure.gravatar.com\/avatar\/64ebac40b93f26a154f8a9b5b6fdccfc46f442b26b3dd6756dbff3bf9dc76fd7?s=96&d=mm&r=g","caption":"super-news"},"url":"https:\/\/super-news.info\/hu\/author\/pt\/"}]}},"_links":{"self":[{"href":"https:\/\/super-news.info\/hu\/wp-json\/wp\/v2\/posts\/7807","targetHints":{"allow":["GET"]}}],"collection":[{"href":"https:\/\/super-news.info\/hu\/wp-json\/wp\/v2\/posts"}],"about":[{"href":"https:\/\/super-news.info\/hu\/wp-json\/wp\/v2\/types\/post"}],"author":[{"embeddable":true,"href":"https:\/\/super-news.info\/hu\/wp-json\/wp\/v2\/users\/2"}],"replies":[{"embeddable":true,"href":"https:\/\/super-news.info\/hu\/wp-json\/wp\/v2\/comments?post=7807"}],"version-history":[{"count":1,"href":"https:\/\/super-news.info\/hu\/wp-json\/wp\/v2\/posts\/7807\/revisions"}],"predecessor-version":[{"id":7809,"href":"https:\/\/super-news.info\/hu\/wp-json\/wp\/v2\/posts\/7807\/revisions\/7809"}],"wp:featuredmedia":[{"embeddable":true,"href":"https:\/\/super-news.info\/hu\/wp-json\/wp\/v2\/media\/7808"}],"wp:attachment":[{"href":"https:\/\/super-news.info\/hu\/wp-json\/wp\/v2\/media?parent=7807"}],"wp:term":[{"taxonomy":"category","embeddable":true,"href":"https:\/\/super-news.info\/hu\/wp-json\/wp\/v2\/categories?post=7807"},{"taxonomy":"post_tag","embeddable":true,"href":"https:\/\/super-news.info\/hu\/wp-json\/wp\/v2\/tags?post=7807"}],"curies":[{"name":"wp","href":"https:\/\/api.w.org\/{rel}","templated":true}]}}