{"id":7801,"date":"2019-08-17T00:45:02","date_gmt":"2019-08-16T21:45:02","guid":{"rendered":"https:\/\/super-news.info\/hu\/rekordszinten-a-vilag-100-legnagyobb-cegenek-piaci-tokeerteke\/"},"modified":"2019-08-17T00:45:03","modified_gmt":"2019-08-16T21:45:03","slug":"rekordszinten-a-vilag-100-legnagyobb-cegenek-piaci-tokeerteke","status":"publish","type":"post","link":"https:\/\/super-news.info\/hu\/rekordszinten-a-vilag-100-legnagyobb-cegenek-piaci-tokeerteke\/","title":{"rendered":"Rekordszinten a vil\u00e1g 100 legnagyobb c\u00e9g\u00e9nek piaci t\u0151ke\u00e9rt\u00e9ke"},"content":{"rendered":"<p> [ad_1]<br \/>\n<\/p>\n<p>\n\t\t\t\t\t\t\t\tRekordszintre, 21 ezer milli\u00e1rd doll\u00e1rra emelkedett a vil\u00e1g sz\u00e1z vezet\u0151, t\u0151zsd\u00e9n jegyzett c\u00e9g\u00e9nek piaci t\u0151ke\u00e9rt\u00e9ke \u2013 der\u00fcl ki a PwC Global Top 100 felm\u00e9r\u00e9s\u00e9b\u0151l.\t\t\t\t\t\t\t<\/p>\n<div>\n<p>A tavaly \u00e1prilist\u00f3l sz\u00e1m\u00edtott egy \u00e9v alatt a sz\u00e1z vezet\u0151 c\u00e9g piaci t\u0151ke\u00e9rt\u00e9ke 5 sz\u00e1zal\u00e9kkal n\u0151tt, ami lassul\u00e1s az egy \u00e9vvel kor\u00e1bbi 10 sz\u00e1zal\u00e9kos b\u0151v\u00fcl\u00e9shez k\u00e9pest.<\/p>\n<p>A sz\u0171k\u00edtett t\u00edzes list\u00e1n tov\u00e1bbra is a technol\u00f3giai \u00e9s az online kereskedelmi \u00e1gazat c\u00e9gei vannak t\u00fals\u00falyban, h\u00e9t ilyen v\u00e1llalkoz\u00e1s van az els\u0151 t\u00edzben: az amerikai Microsoft, az Apple, az Amazon, az Alphabet \u00e9s a Facebook, tov\u00e1bb\u00e1 k\u00e9t k\u00ednai, az Alibaba \u00e9s a Tencent.<\/p>\n<p>M\u00e1r \u00f6t\u00f6dik \u00e9ve a sz\u00e1z legnagyobb v\u00e1llalat 54 sz\u00e1zal\u00e9ka amerikai, piaci t\u0151ke\u00e9rt\u00e9k\u00fck az \u00e1tlagn\u00e1l nagyobb m\u00e9rt\u00e9kben, 9 sz\u00e1zal\u00e9kkal n\u0151tt egy \u00e9v alatt.<\/p>\n<p>A Global Top 100 lista m\u00e1sodik hely\u00e9n ism\u00e9t K\u00edna \u00e1ll annak ellen\u00e9re, hogy az \u00e1zsiai orsz\u00e1g c\u00e9geinek piaci t\u0151ke\u00e9rt\u00e9ke 4 sz\u00e1zal\u00e9kkal cs\u00f6kkent az elm\u00falt 12 h\u00f3napban.<\/p>\n<p>Egy \u00e9ve a k\u00ednai c\u00e9gek piaci t\u0151ke\u00e9rt\u00e9ke m\u00e9g 57 sz\u00e1zal\u00e9kkal n\u0151tt. Akkor h\u00e1rom \u00faj k\u00ednai c\u00e9g ker\u00fclt be a Top 100-ba \u00e9s kett\u0151 a Top 10-be.<\/p>\n<div id=\"attachment_1695130\" style=\"width: 1410px\" class=\"wp-caption aligncenter\">\n<p class=\"wp-caption-text\">Fot\u00f3: AFP<\/p>\n<\/div>\n<p>A PwC legfrissebb list\u00e1ja szerint az eur\u00f3pai c\u00e9gek piaci t\u0151ke\u00e9rt\u00e9ke 5 sz\u00e1zal\u00e9kkal cs\u00f6kkent egy \u00e9v alatt \u00e9s h\u00e1rom c\u00e9g kiesett a sz\u00e1zas list\u00e1b\u00f3l.<\/p>\n<p>A leg\u00fajabb sz\u00e1zas list\u00e1t a Microsoft vezeti, miut\u00e1n tavaly m\u00e9g a harmadik volt, piaci t\u0151ke\u00e9rt\u00e9ke egy \u00e9v alatt 202 milli\u00e1rd doll\u00e1rral 905 milli\u00e1rd doll\u00e1rra emelkedett.<\/p>\n<p>A tavaly listavezet\u0151 Apple a m\u00e1sodik helyre szorult vissza, piaci t\u0151ke\u00e9rt\u00e9ke 45 milli\u00e1rd doll\u00e1rral, 896 milli\u00e1rd doll\u00e1rra emelkedett.<\/p>\n<p>A t\u00edzes list\u00e1n a tov\u00e1bbi n\u00e9gy c\u00e9g is amerikai, az Amazon, az Alphabet, a Berkshire Hathaway \u00e9s a Facebook.<\/p>\n<p>A lista hetedik \u00e9s nyolcadik hely\u00e9n k\u00ednai c\u00e9gek \u00e1llnak: az Alibaba meg\u0151rizte hetedik hely\u00e9t, a Tencent ugyanakkor a tavalyi \u00f6t\u00f6dik helyr\u0151l a nyolcadikra cs\u00faszott vissza.<\/p>\n<p>A t\u00edzes lista utols\u00f3 k\u00e9t hely\u00e9n ism\u00e9t amerikai c\u00e9gek k\u00f6vetkeznek: a kilencedik a Johnson &amp; Johnson, a tizedik pedig az Exxon Mobil.<\/p>\n<\/p><\/div>\n<p><script>\n    window.fbAsyncInit = function() {\n        FB.init({\n            appId      : \"204760236815359\",\n            xfbml      : true,\n            version    : \"v2.12\"\n        });\n        FB.AppEvents.logPageView();\n    };<\/p>\n<p>    (function(d, s, id){\n        var js, fjs = d.getElementsByTagName(s)[0];\n        if (d.getElementById(id)) {return;}\n        js = d.createElement(s); js.id = id;\n        js.src = \"http:\/\/connect.facebook.net\/hu_HU\/sdk.js\";\n        fjs.parentNode.insertBefore(js, fjs);\n    }(document, \"script\", \"facebook-jssdk\"));\n<\/script><br \/>\n<br \/>[ad_2]<br \/>\n<br \/><a href=\"https:\/\/www.vg.hu\/penzugy\/penzugyi-hirek\/rekordszinten-a-vilag-100-legnagyobb-cegenek-piaci-tokeerteke-1695127\/\">Source link <\/a><\/p>\n","protected":false},"excerpt":{"rendered":"<p>[ad_1] Rekordszintre, 21 ezer milli\u00e1rd doll\u00e1rra emelkedett a vil\u00e1g sz\u00e1z vezet\u0151, t\u0151zsd\u00e9n jegyzett c\u00e9g\u00e9nek piaci t\u0151ke\u00e9rt\u00e9ke \u2013 der\u00fcl ki a PwC Global Top 100 felm\u00e9r\u00e9s\u00e9b\u0151l. A tavaly \u00e1prilist\u00f3l sz\u00e1m\u00edtott egy \u00e9v alatt a sz\u00e1z vezet\u0151 c\u00e9g piaci t\u0151ke\u00e9rt\u00e9ke 5 sz\u00e1zal\u00e9kkal n\u0151tt, ami lassul\u00e1s az egy \u00e9vvel kor\u00e1bbi 10 sz\u00e1zal\u00e9kos b\u0151v\u00fcl\u00e9shez k\u00e9pest. A sz\u0171k\u00edtett t\u00edzes list\u00e1n [&hellip;]<\/p>\n","protected":false},"author":2,"featured_media":7802,"comment_status":"open","ping_status":"open","sticky":false,"template":"","format":"standard","meta":{"footnotes":""},"categories":[1],"tags":[],"class_list":["post-7801","post","type-post","status-publish","format-standard","has-post-thumbnail","hentry","category-penzugyi-hirek"],"yoast_head":"<!-- This site is optimized with the Yoast SEO plugin v27.4 - https:\/\/yoast.com\/product\/yoast-seo-wordpress\/ -->\n<title>Rekordszinten a vil\u00e1g 100 legnagyobb c\u00e9g\u00e9nek piaci t\u0151ke\u00e9rt\u00e9ke - Super News<\/title>\n<meta name=\"robots\" content=\"index, follow, max-snippet:-1, max-image-preview:large, max-video-preview:-1\" \/>\n<link rel=\"canonical\" href=\"https:\/\/super-news.info\/hu\/rekordszinten-a-vilag-100-legnagyobb-cegenek-piaci-tokeerteke\/\" \/>\n<meta property=\"og:locale\" content=\"hu_HU\" \/>\n<meta property=\"og:type\" content=\"article\" \/>\n<meta property=\"og:title\" content=\"Rekordszinten a vil\u00e1g 100 legnagyobb c\u00e9g\u00e9nek piaci t\u0151ke\u00e9rt\u00e9ke - Super News\" \/>\n<meta property=\"og:description\" content=\"[ad_1] Rekordszintre, 21 ezer milli\u00e1rd doll\u00e1rra emelkedett a vil\u00e1g sz\u00e1z vezet\u0151, t\u0151zsd\u00e9n jegyzett c\u00e9g\u00e9nek piaci t\u0151ke\u00e9rt\u00e9ke \u2013 der\u00fcl ki a PwC Global Top 100 felm\u00e9r\u00e9s\u00e9b\u0151l. A tavaly \u00e1prilist\u00f3l sz\u00e1m\u00edtott egy \u00e9v alatt a sz\u00e1z vezet\u0151 c\u00e9g piaci t\u0151ke\u00e9rt\u00e9ke 5 sz\u00e1zal\u00e9kkal n\u0151tt, ami lassul\u00e1s az egy \u00e9vvel kor\u00e1bbi 10 sz\u00e1zal\u00e9kos b\u0151v\u00fcl\u00e9shez k\u00e9pest. A sz\u0171k\u00edtett t\u00edzes list\u00e1n [&hellip;]\" \/>\n<meta property=\"og:url\" content=\"https:\/\/super-news.info\/hu\/rekordszinten-a-vilag-100-legnagyobb-cegenek-piaci-tokeerteke\/\" \/>\n<meta property=\"og:site_name\" content=\"Super News\" \/>\n<meta property=\"article:published_time\" content=\"2019-08-16T21:45:02+00:00\" \/>\n<meta property=\"article:modified_time\" content=\"2019-08-16T21:45:03+00:00\" \/>\n<meta property=\"og:image\" content=\"https:\/\/super-news.info\/hu\/wp-content\/uploads\/sites\/3\/2019\/08\/Rekordszinten-a-vil-g-100-legnagyobb-c-g-nek-piaci-t-ke-rt-ke.jpg\" \/>\n\t<meta property=\"og:image:width\" content=\"1400\" \/>\n\t<meta property=\"og:image:height\" content=\"933\" \/>\n\t<meta property=\"og:image:type\" content=\"image\/jpeg\" \/>\n<meta name=\"author\" content=\"super-news\" \/>\n<meta name=\"twitter:card\" content=\"summary_large_image\" \/>\n<meta name=\"twitter:label1\" content=\"Szerz\u0151:\" \/>\n\t<meta name=\"twitter:data1\" content=\"super-news\" \/>\n\t<meta name=\"twitter:label2\" content=\"Becs\u00fclt olvas\u00e1si id\u0151\" \/>\n\t<meta name=\"twitter:data2\" content=\"2 perc\" \/>\n<script type=\"application\/ld+json\" class=\"yoast-schema-graph\">{\"@context\":\"https:\\\/\\\/schema.org\",\"@graph\":[{\"@type\":\"Article\",\"@id\":\"https:\\\/\\\/super-news.info\\\/hu\\\/rekordszinten-a-vilag-100-legnagyobb-cegenek-piaci-tokeerteke\\\/#article\",\"isPartOf\":{\"@id\":\"https:\\\/\\\/super-news.info\\\/hu\\\/rekordszinten-a-vilag-100-legnagyobb-cegenek-piaci-tokeerteke\\\/\"},\"author\":{\"name\":\"super-news\",\"@id\":\"https:\\\/\\\/super-news.info\\\/hu\\\/#\\\/schema\\\/person\\\/2d4068cb2f39cd10008c2fce578a7356\"},\"headline\":\"Rekordszinten a vil\u00e1g 100 legnagyobb c\u00e9g\u00e9nek piaci t\u0151ke\u00e9rt\u00e9ke\",\"datePublished\":\"2019-08-16T21:45:02+00:00\",\"dateModified\":\"2019-08-16T21:45:03+00:00\",\"mainEntityOfPage\":{\"@id\":\"https:\\\/\\\/super-news.info\\\/hu\\\/rekordszinten-a-vilag-100-legnagyobb-cegenek-piaci-tokeerteke\\\/\"},\"wordCount\":450,\"commentCount\":0,\"image\":{\"@id\":\"https:\\\/\\\/super-news.info\\\/hu\\\/rekordszinten-a-vilag-100-legnagyobb-cegenek-piaci-tokeerteke\\\/#primaryimage\"},\"thumbnailUrl\":\"https:\\\/\\\/super-news.info\\\/hu\\\/wp-content\\\/uploads\\\/sites\\\/3\\\/2019\\\/08\\\/Rekordszinten-a-vil-g-100-legnagyobb-c-g-nek-piaci-t-ke-rt-ke.jpg\",\"articleSection\":[\"P\u00c9NZ\u00dcGYI H\u00cdREK\"],\"inLanguage\":\"hu\",\"potentialAction\":[{\"@type\":\"CommentAction\",\"name\":\"Comment\",\"target\":[\"https:\\\/\\\/super-news.info\\\/hu\\\/rekordszinten-a-vilag-100-legnagyobb-cegenek-piaci-tokeerteke\\\/#respond\"]}]},{\"@type\":\"WebPage\",\"@id\":\"https:\\\/\\\/super-news.info\\\/hu\\\/rekordszinten-a-vilag-100-legnagyobb-cegenek-piaci-tokeerteke\\\/\",\"url\":\"https:\\\/\\\/super-news.info\\\/hu\\\/rekordszinten-a-vilag-100-legnagyobb-cegenek-piaci-tokeerteke\\\/\",\"name\":\"Rekordszinten a vil\u00e1g 100 legnagyobb c\u00e9g\u00e9nek piaci t\u0151ke\u00e9rt\u00e9ke - Super News\",\"isPartOf\":{\"@id\":\"https:\\\/\\\/super-news.info\\\/hu\\\/#website\"},\"primaryImageOfPage\":{\"@id\":\"https:\\\/\\\/super-news.info\\\/hu\\\/rekordszinten-a-vilag-100-legnagyobb-cegenek-piaci-tokeerteke\\\/#primaryimage\"},\"image\":{\"@id\":\"https:\\\/\\\/super-news.info\\\/hu\\\/rekordszinten-a-vilag-100-legnagyobb-cegenek-piaci-tokeerteke\\\/#primaryimage\"},\"thumbnailUrl\":\"https:\\\/\\\/super-news.info\\\/hu\\\/wp-content\\\/uploads\\\/sites\\\/3\\\/2019\\\/08\\\/Rekordszinten-a-vil-g-100-legnagyobb-c-g-nek-piaci-t-ke-rt-ke.jpg\",\"datePublished\":\"2019-08-16T21:45:02+00:00\",\"dateModified\":\"2019-08-16T21:45:03+00:00\",\"author\":{\"@id\":\"https:\\\/\\\/super-news.info\\\/hu\\\/#\\\/schema\\\/person\\\/2d4068cb2f39cd10008c2fce578a7356\"},\"breadcrumb\":{\"@id\":\"https:\\\/\\\/super-news.info\\\/hu\\\/rekordszinten-a-vilag-100-legnagyobb-cegenek-piaci-tokeerteke\\\/#breadcrumb\"},\"inLanguage\":\"hu\",\"potentialAction\":[{\"@type\":\"ReadAction\",\"target\":[\"https:\\\/\\\/super-news.info\\\/hu\\\/rekordszinten-a-vilag-100-legnagyobb-cegenek-piaci-tokeerteke\\\/\"]}]},{\"@type\":\"ImageObject\",\"inLanguage\":\"hu\",\"@id\":\"https:\\\/\\\/super-news.info\\\/hu\\\/rekordszinten-a-vilag-100-legnagyobb-cegenek-piaci-tokeerteke\\\/#primaryimage\",\"url\":\"https:\\\/\\\/super-news.info\\\/hu\\\/wp-content\\\/uploads\\\/sites\\\/3\\\/2019\\\/08\\\/Rekordszinten-a-vil-g-100-legnagyobb-c-g-nek-piaci-t-ke-rt-ke.jpg\",\"contentUrl\":\"https:\\\/\\\/super-news.info\\\/hu\\\/wp-content\\\/uploads\\\/sites\\\/3\\\/2019\\\/08\\\/Rekordszinten-a-vil-g-100-legnagyobb-c-g-nek-piaci-t-ke-rt-ke.jpg\",\"width\":1400,\"height\":933,\"caption\":\"Rekordszinten a vil\u00e1g 100 legnagyobb c\u00e9g\u00e9nek piaci t\u0151ke\u00e9rt\u00e9ke\"},{\"@type\":\"BreadcrumbList\",\"@id\":\"https:\\\/\\\/super-news.info\\\/hu\\\/rekordszinten-a-vilag-100-legnagyobb-cegenek-piaci-tokeerteke\\\/#breadcrumb\",\"itemListElement\":[{\"@type\":\"ListItem\",\"position\":1,\"name\":\"\u0413\u043b\u0430\u0432\u043d\u0430\u044f \u0441\u0442\u0440\u0430\u043d\u0438\u0446\u0430\",\"item\":\"https:\\\/\\\/super-news.info\\\/hu\\\/\"},{\"@type\":\"ListItem\",\"position\":2,\"name\":\"Rekordszinten a vil\u00e1g 100 legnagyobb c\u00e9g\u00e9nek piaci t\u0151ke\u00e9rt\u00e9ke\"}]},{\"@type\":\"WebSite\",\"@id\":\"https:\\\/\\\/super-news.info\\\/hu\\\/#website\",\"url\":\"https:\\\/\\\/super-news.info\\\/hu\\\/\",\"name\":\"Super News\",\"description\":\"Super News Magyarorsz\u00e1g\",\"potentialAction\":[{\"@type\":\"SearchAction\",\"target\":{\"@type\":\"EntryPoint\",\"urlTemplate\":\"https:\\\/\\\/super-news.info\\\/hu\\\/?s={search_term_string}\"},\"query-input\":{\"@type\":\"PropertyValueSpecification\",\"valueRequired\":true,\"valueName\":\"search_term_string\"}}],\"inLanguage\":\"hu\"},{\"@type\":\"Person\",\"@id\":\"https:\\\/\\\/super-news.info\\\/hu\\\/#\\\/schema\\\/person\\\/2d4068cb2f39cd10008c2fce578a7356\",\"name\":\"super-news\",\"image\":{\"@type\":\"ImageObject\",\"inLanguage\":\"hu\",\"@id\":\"https:\\\/\\\/secure.gravatar.com\\\/avatar\\\/64ebac40b93f26a154f8a9b5b6fdccfc46f442b26b3dd6756dbff3bf9dc76fd7?s=96&d=mm&r=g\",\"url\":\"https:\\\/\\\/secure.gravatar.com\\\/avatar\\\/64ebac40b93f26a154f8a9b5b6fdccfc46f442b26b3dd6756dbff3bf9dc76fd7?s=96&d=mm&r=g\",\"contentUrl\":\"https:\\\/\\\/secure.gravatar.com\\\/avatar\\\/64ebac40b93f26a154f8a9b5b6fdccfc46f442b26b3dd6756dbff3bf9dc76fd7?s=96&d=mm&r=g\",\"caption\":\"super-news\"},\"url\":\"https:\\\/\\\/super-news.info\\\/hu\\\/author\\\/pt\\\/\"}]}<\/script>\n<!-- \/ Yoast SEO plugin. -->","yoast_head_json":{"title":"Rekordszinten a vil\u00e1g 100 legnagyobb c\u00e9g\u00e9nek piaci t\u0151ke\u00e9rt\u00e9ke - Super News","robots":{"index":"index","follow":"follow","max-snippet":"max-snippet:-1","max-image-preview":"max-image-preview:large","max-video-preview":"max-video-preview:-1"},"canonical":"https:\/\/super-news.info\/hu\/rekordszinten-a-vilag-100-legnagyobb-cegenek-piaci-tokeerteke\/","og_locale":"hu_HU","og_type":"article","og_title":"Rekordszinten a vil\u00e1g 100 legnagyobb c\u00e9g\u00e9nek piaci t\u0151ke\u00e9rt\u00e9ke - Super News","og_description":"[ad_1] Rekordszintre, 21 ezer milli\u00e1rd doll\u00e1rra emelkedett a vil\u00e1g sz\u00e1z vezet\u0151, t\u0151zsd\u00e9n jegyzett c\u00e9g\u00e9nek piaci t\u0151ke\u00e9rt\u00e9ke \u2013 der\u00fcl ki a PwC Global Top 100 felm\u00e9r\u00e9s\u00e9b\u0151l. A tavaly \u00e1prilist\u00f3l sz\u00e1m\u00edtott egy \u00e9v alatt a sz\u00e1z vezet\u0151 c\u00e9g piaci t\u0151ke\u00e9rt\u00e9ke 5 sz\u00e1zal\u00e9kkal n\u0151tt, ami lassul\u00e1s az egy \u00e9vvel kor\u00e1bbi 10 sz\u00e1zal\u00e9kos b\u0151v\u00fcl\u00e9shez k\u00e9pest. A sz\u0171k\u00edtett t\u00edzes list\u00e1n [&hellip;]","og_url":"https:\/\/super-news.info\/hu\/rekordszinten-a-vilag-100-legnagyobb-cegenek-piaci-tokeerteke\/","og_site_name":"Super News","article_published_time":"2019-08-16T21:45:02+00:00","article_modified_time":"2019-08-16T21:45:03+00:00","og_image":[{"width":1400,"height":933,"url":"https:\/\/super-news.info\/hu\/wp-content\/uploads\/sites\/3\/2019\/08\/Rekordszinten-a-vil-g-100-legnagyobb-c-g-nek-piaci-t-ke-rt-ke.jpg","type":"image\/jpeg"}],"author":"super-news","twitter_card":"summary_large_image","twitter_misc":{"Szerz\u0151:":"super-news","Becs\u00fclt olvas\u00e1si id\u0151":"2 perc"},"schema":{"@context":"https:\/\/schema.org","@graph":[{"@type":"Article","@id":"https:\/\/super-news.info\/hu\/rekordszinten-a-vilag-100-legnagyobb-cegenek-piaci-tokeerteke\/#article","isPartOf":{"@id":"https:\/\/super-news.info\/hu\/rekordszinten-a-vilag-100-legnagyobb-cegenek-piaci-tokeerteke\/"},"author":{"name":"super-news","@id":"https:\/\/super-news.info\/hu\/#\/schema\/person\/2d4068cb2f39cd10008c2fce578a7356"},"headline":"Rekordszinten a vil\u00e1g 100 legnagyobb c\u00e9g\u00e9nek piaci t\u0151ke\u00e9rt\u00e9ke","datePublished":"2019-08-16T21:45:02+00:00","dateModified":"2019-08-16T21:45:03+00:00","mainEntityOfPage":{"@id":"https:\/\/super-news.info\/hu\/rekordszinten-a-vilag-100-legnagyobb-cegenek-piaci-tokeerteke\/"},"wordCount":450,"commentCount":0,"image":{"@id":"https:\/\/super-news.info\/hu\/rekordszinten-a-vilag-100-legnagyobb-cegenek-piaci-tokeerteke\/#primaryimage"},"thumbnailUrl":"https:\/\/super-news.info\/hu\/wp-content\/uploads\/sites\/3\/2019\/08\/Rekordszinten-a-vil-g-100-legnagyobb-c-g-nek-piaci-t-ke-rt-ke.jpg","articleSection":["P\u00c9NZ\u00dcGYI H\u00cdREK"],"inLanguage":"hu","potentialAction":[{"@type":"CommentAction","name":"Comment","target":["https:\/\/super-news.info\/hu\/rekordszinten-a-vilag-100-legnagyobb-cegenek-piaci-tokeerteke\/#respond"]}]},{"@type":"WebPage","@id":"https:\/\/super-news.info\/hu\/rekordszinten-a-vilag-100-legnagyobb-cegenek-piaci-tokeerteke\/","url":"https:\/\/super-news.info\/hu\/rekordszinten-a-vilag-100-legnagyobb-cegenek-piaci-tokeerteke\/","name":"Rekordszinten a vil\u00e1g 100 legnagyobb c\u00e9g\u00e9nek piaci t\u0151ke\u00e9rt\u00e9ke - Super News","isPartOf":{"@id":"https:\/\/super-news.info\/hu\/#website"},"primaryImageOfPage":{"@id":"https:\/\/super-news.info\/hu\/rekordszinten-a-vilag-100-legnagyobb-cegenek-piaci-tokeerteke\/#primaryimage"},"image":{"@id":"https:\/\/super-news.info\/hu\/rekordszinten-a-vilag-100-legnagyobb-cegenek-piaci-tokeerteke\/#primaryimage"},"thumbnailUrl":"https:\/\/super-news.info\/hu\/wp-content\/uploads\/sites\/3\/2019\/08\/Rekordszinten-a-vil-g-100-legnagyobb-c-g-nek-piaci-t-ke-rt-ke.jpg","datePublished":"2019-08-16T21:45:02+00:00","dateModified":"2019-08-16T21:45:03+00:00","author":{"@id":"https:\/\/super-news.info\/hu\/#\/schema\/person\/2d4068cb2f39cd10008c2fce578a7356"},"breadcrumb":{"@id":"https:\/\/super-news.info\/hu\/rekordszinten-a-vilag-100-legnagyobb-cegenek-piaci-tokeerteke\/#breadcrumb"},"inLanguage":"hu","potentialAction":[{"@type":"ReadAction","target":["https:\/\/super-news.info\/hu\/rekordszinten-a-vilag-100-legnagyobb-cegenek-piaci-tokeerteke\/"]}]},{"@type":"ImageObject","inLanguage":"hu","@id":"https:\/\/super-news.info\/hu\/rekordszinten-a-vilag-100-legnagyobb-cegenek-piaci-tokeerteke\/#primaryimage","url":"https:\/\/super-news.info\/hu\/wp-content\/uploads\/sites\/3\/2019\/08\/Rekordszinten-a-vil-g-100-legnagyobb-c-g-nek-piaci-t-ke-rt-ke.jpg","contentUrl":"https:\/\/super-news.info\/hu\/wp-content\/uploads\/sites\/3\/2019\/08\/Rekordszinten-a-vil-g-100-legnagyobb-c-g-nek-piaci-t-ke-rt-ke.jpg","width":1400,"height":933,"caption":"Rekordszinten a vil\u00e1g 100 legnagyobb c\u00e9g\u00e9nek piaci t\u0151ke\u00e9rt\u00e9ke"},{"@type":"BreadcrumbList","@id":"https:\/\/super-news.info\/hu\/rekordszinten-a-vilag-100-legnagyobb-cegenek-piaci-tokeerteke\/#breadcrumb","itemListElement":[{"@type":"ListItem","position":1,"name":"\u0413\u043b\u0430\u0432\u043d\u0430\u044f \u0441\u0442\u0440\u0430\u043d\u0438\u0446\u0430","item":"https:\/\/super-news.info\/hu\/"},{"@type":"ListItem","position":2,"name":"Rekordszinten a vil\u00e1g 100 legnagyobb c\u00e9g\u00e9nek piaci t\u0151ke\u00e9rt\u00e9ke"}]},{"@type":"WebSite","@id":"https:\/\/super-news.info\/hu\/#website","url":"https:\/\/super-news.info\/hu\/","name":"Super News","description":"Super News Magyarorsz\u00e1g","potentialAction":[{"@type":"SearchAction","target":{"@type":"EntryPoint","urlTemplate":"https:\/\/super-news.info\/hu\/?s={search_term_string}"},"query-input":{"@type":"PropertyValueSpecification","valueRequired":true,"valueName":"search_term_string"}}],"inLanguage":"hu"},{"@type":"Person","@id":"https:\/\/super-news.info\/hu\/#\/schema\/person\/2d4068cb2f39cd10008c2fce578a7356","name":"super-news","image":{"@type":"ImageObject","inLanguage":"hu","@id":"https:\/\/secure.gravatar.com\/avatar\/64ebac40b93f26a154f8a9b5b6fdccfc46f442b26b3dd6756dbff3bf9dc76fd7?s=96&d=mm&r=g","url":"https:\/\/secure.gravatar.com\/avatar\/64ebac40b93f26a154f8a9b5b6fdccfc46f442b26b3dd6756dbff3bf9dc76fd7?s=96&d=mm&r=g","contentUrl":"https:\/\/secure.gravatar.com\/avatar\/64ebac40b93f26a154f8a9b5b6fdccfc46f442b26b3dd6756dbff3bf9dc76fd7?s=96&d=mm&r=g","caption":"super-news"},"url":"https:\/\/super-news.info\/hu\/author\/pt\/"}]}},"_links":{"self":[{"href":"https:\/\/super-news.info\/hu\/wp-json\/wp\/v2\/posts\/7801","targetHints":{"allow":["GET"]}}],"collection":[{"href":"https:\/\/super-news.info\/hu\/wp-json\/wp\/v2\/posts"}],"about":[{"href":"https:\/\/super-news.info\/hu\/wp-json\/wp\/v2\/types\/post"}],"author":[{"embeddable":true,"href":"https:\/\/super-news.info\/hu\/wp-json\/wp\/v2\/users\/2"}],"replies":[{"embeddable":true,"href":"https:\/\/super-news.info\/hu\/wp-json\/wp\/v2\/comments?post=7801"}],"version-history":[{"count":1,"href":"https:\/\/super-news.info\/hu\/wp-json\/wp\/v2\/posts\/7801\/revisions"}],"predecessor-version":[{"id":7803,"href":"https:\/\/super-news.info\/hu\/wp-json\/wp\/v2\/posts\/7801\/revisions\/7803"}],"wp:featuredmedia":[{"embeddable":true,"href":"https:\/\/super-news.info\/hu\/wp-json\/wp\/v2\/media\/7802"}],"wp:attachment":[{"href":"https:\/\/super-news.info\/hu\/wp-json\/wp\/v2\/media?parent=7801"}],"wp:term":[{"taxonomy":"category","embeddable":true,"href":"https:\/\/super-news.info\/hu\/wp-json\/wp\/v2\/categories?post=7801"},{"taxonomy":"post_tag","embeddable":true,"href":"https:\/\/super-news.info\/hu\/wp-json\/wp\/v2\/tags?post=7801"}],"curies":[{"name":"wp","href":"https:\/\/api.w.org\/{rel}","templated":true}]}}