{"id":7278,"date":"2019-08-07T12:38:34","date_gmt":"2019-08-07T09:38:34","guid":{"rendered":"https:\/\/super-news.info\/hu\/ujabb-tevhit-terjeng-a-babavaro-hitellel-kapcsolatban\/"},"modified":"2019-08-07T12:38:36","modified_gmt":"2019-08-07T09:38:36","slug":"ujabb-tevhit-terjeng-a-babavaro-hitellel-kapcsolatban","status":"publish","type":"post","link":"https:\/\/super-news.info\/hu\/ujabb-tevhit-terjeng-a-babavaro-hitellel-kapcsolatban\/","title":{"rendered":"\u00dajabb t\u00e9vhit terjeng a babav\u00e1r\u00f3 hitellel kapcsolatban"},"content":{"rendered":"<p> [ad_1]<br \/>\n<\/p>\n<p>\n\t\t\t\t\t\t\t\tA k\u00f6z\u00f6ss\u00e9gi m\u00e9di\u00e1ban felt\u0171nt, babav\u00e1r\u00f3 hitellel kapcsolatos pletyk\u00e1kat igyekszik eloszlatni a Bank360 k\u00f6zlem\u00e9nye.\t\t\t\t\t\t\t<\/p>\n<div>\n<p>Egyre-m\u00e1sra \u00e9rkeztek a kommentek egy bejegyz\u00e9s al\u00e1 az egyik legnagyobb babav\u00e1r\u00f3s csoportban, ahol arr\u00f3l \u00edrnak: t\u00f6bb bank is \u00fagy t\u00e1j\u00e9koztatta az \u00fcgyfeleket, hogy a gyermek sz\u00fclet\u00e9se ut\u00e1ni 3 \u00e9ves t\u00f6rleszt\u00e9si sz\u00fcneteltet\u00e9s alatt is fizetni kell az \u00e9ves 0,5 sz\u00e1zal\u00e9kos kezess\u00e9gv\u00e1llal\u00e1si d\u00edjat.<\/p>\n<p>A kezess\u00e9gv\u00e1llal\u00e1si d\u00edj fizet\u00e9s\u00e9vel kapcsolatos k\u00e9rd\u00e9s a Bank360-hoz is \u00e9rkezett a napokban. B\u00e1r a szakport\u00e1l m\u00e1r kor\u00e1bban eloszlatta az erre vonatkoz\u00f3 t\u00e9vhitelek az Emberi Er\u0151forr\u00e1sok Miniszt\u00e9rium\u00e1t\u00f3l sz\u00e1rmaz\u00f3 hivatalos inform\u00e1ci\u00f3k seg\u00edts\u00e9g\u00e9vel, most a bankokhoz fordultak azzal a k\u00e9rd\u00e9ssel: kell-e az \u00fcgyf\u00e9lnek kezess\u00e9gv\u00e1llal\u00e1si d\u00edjat fizetnie babav\u00e1r\u00f3 hitel eset\u00e9n a gyermekek sz\u00fclet\u00e9se ut\u00e1ni 3 \u00e9vben, a hitel t\u00f6rleszt\u00e9s sz\u00fcneteltet\u00e9se alatt?<\/p>\n<h3>Nem egy\u00e9rtelm\u0171 a rendelet<\/h3>\n<p>El\u0151sz\u00f6r viszont vizsg\u00e1ljuk meg, hogy mit mond a babav\u00e1r\u00f3 hitel rendelet a kezess\u00e9gv\u00e1llal\u00e1si d\u00edj fizet\u00e9s\u00e9vel kapcsolatban. A jogalkot\u00f3 kit\u00e9r<\/p>\n<ul>\n<li>a kezess\u00e9gv\u00e1llal\u00e1si d\u00edj m\u00e9rt\u00e9k\u00e9re (az \u00e9ves fenn\u00e1ll\u00f3 k\u00f6telezetts\u00e9g 0,5 sz\u00e1zal\u00e9ka egy \u00e9vben),<\/li>\n<li>a kezess\u00e9gv\u00e1llal\u00e1si d\u00edjat havonta kell megfizetni<\/li>\n<li>arra, hogy a t\u00f6rleszt\u0151r\u00e9szlet havi \u00f6sszege a kamatt\u00e1mogat\u00e1s id\u0151szaka alatt a kezess\u00e9gv\u00e1llal\u00e1si d\u00edjjal egy\u00fctt nem haladhatja meg az 50 000 forintot<\/li>\n<li>\u00e9s arra, hogy a jogosulatlanul ig\u00e9nybe vett babav\u00e1r\u00f3 t\u00e1mogat\u00e1st \u00e9s a meg nem fizetett kezess\u00e9gv\u00e1llal\u00e1si d\u00edjat k\u00e9sedelmi kamattal n\u00f6velt \u00f6sszegben kell megfizetni.<\/li>\n<\/ul>\n<p>Arr\u00f3l teh\u00e1t nincs egy\u00e9rtelm\u0171en sz\u00f3 a rendeletben, hogy mi lesz a kezess\u00e9gv\u00e1llal\u00e1si d\u00edj sorsa akkor, amikor az \u00fcgyf\u00e9l k\u00e9rn\u00e9 a gyermekek sz\u00fclet\u00e9se ut\u00e1ni h\u00e1rom \u00e9ves t\u00f6rleszt\u00e9si sz\u00fcneteltet\u00e9st.<\/p>\n<h3>Tiszt\u00e1zott az EMMI<\/h3>\n<p>A bizonytalans\u00e1g miatt a Bank360 m\u00e9g m\u00e1jus v\u00e9g\u00e9n k\u00e9rte az Emberi Er\u0151forr\u00e1sok Miniszt\u00e9rium\u00e1nak (EMMI) \u00e1ll\u00e1sfoglal\u00e1s\u00e1t, amelyet meg is kapott. Az EMMI azt k\u00f6z\u00f6lte: a kezess\u00e9gv\u00e1llal\u00e1si d\u00edj a havi t\u00f6rleszt\u0151r\u00e9szlethez kapcsol\u00f3d\u00f3an fizetend\u0151, \u00edgy sz\u00fcneteltet\u00e9s idej\u00e9n a d\u00edjat sem kell fizetni. Ekkor \u00fagy t\u0171nt, minden tiszt\u00e1z\u00f3dott a kezess\u00e9gv\u00e1llal\u00e1si d\u00edj k\u00f6r\u00fcl.<\/p>\n<div id=\"attachment_1640936\" style=\"width: 1286px\" class=\"wp-caption alignnone\">\n<p class=\"wp-caption-text\">Fot\u00f3: Pixabay<\/p>\n<\/div>\n<h3>A bank \u00fcgyint\u00e9z\u0151i is t\u00e9vedhetnek<\/h3>\n<p>Ugyanakkor j\u00falius v\u00e9g\u00e9re t\u00f6bb forr\u00e1sb\u00f3l is \u00fagy \u00e9rtes\u00fclt a Bank360, hogy az \u00fcgyfeleket a bankok pontatlanul t\u00e1j\u00e9koztatj\u00e1k a kezess\u00e9gv\u00e1llal\u00e1si d\u00edjjal kapcsolatban \u00e9s azt mondj\u00e1k, a sz\u00fcneteltet\u00e9s sor\u00e1n is kell fizetni. Azok a gyan\u00fatlan \u00fcgyfelek, akik nem szeretn\u00e9nek fizetni, elkezdenek olyan p\u00e9nzint\u00e9zetet keresni, ahol nem kell kifizetni ezt a d\u00edjat.<\/p>\n<p>A t\u00e9vhit kapcs\u00e1n a Bank360 megkereste a babav\u00e1r\u00f3t k\u00edn\u00e1l\u00f3 bankokat: minden p\u00e9nzint\u00e9zet \u00fagy t\u00e1j\u00e9koztatta a szakport\u00e1lt, hogy nem kell fizetni a sz\u00fcneteltet\u00e9s alatt kezess\u00e9gv\u00e1llal\u00e1si d\u00edjat. A Bank360 szerint a f\u00e9lre\u00e9rt\u00e9snek t\u00f6bb oka lehet:<\/p>\n<ul>\n<li>volt olyan p\u00e9nzint\u00e9zet, amely arr\u00f3l besz\u00e9lt a port\u00e1lnak, hogy neh\u00e9z az ig\u00e9nyl\u00e9si roham miatt egy\u00e9bk\u00e9nt is t\u00falterhelt \u00fcgyint\u00e9z\u0151knek t\u00f6bb tucat term\u00e9k mellett egy ilyen bonyolult hitel minden r\u00e9szlet\u00e9vel tiszt\u00e1ban lenni.<\/li>\n<li>Ebb\u0151l az okb\u00f3l kifoly\u00f3lag az \u00fcgyint\u00e9z\u0151k is t\u00e9vedhetnek \u00e9s akaratukon k\u00edv\u00fcl adhatnak pontatlan inform\u00e1ci\u00f3kat. A Bank360 tan\u00e1csa erre az esetre, hogy ismerkedj\u00fcnk meg ig\u00e9nyl\u0151k\u00e9nt mi is alaposan a rendelet sz\u00f6veg\u00e9vel, a term\u00e9k r\u00e9szleteivel egy kalkul\u00e1tor seg\u00edts\u00e9g\u00e9vel, vagy k\u00e9rj\u00fck szak\u00e9rt\u0151k seg\u00edts\u00e9g\u00e9t.<\/li>\n<li>T\u00e9vedhetnek az ig\u00e9nyl\u0151k is. T\u00f6bb bankn\u00e1l ugyanis akci\u00f3san visszat\u00e9r\u00edtik a kezess\u00e9gv\u00e1llal\u00e1si d\u00edjat, ha banksz\u00e1ml\u00e1t is ig\u00e9nyelnek az \u00fcgyfelek a hitel mell\u00e9. Ez megzavarhatja az ig\u00e9nyl\u0151ket \u00e9s azt gondolhatj\u00e1k, hogy a d\u00edjat a sz\u00fcneteltet\u00e9s idej\u00e9n is fizetni\u00fck kell.<\/li>\n<\/ul>\n<p>A Bank360 inform\u00e1ci\u00f3ja, az EMMI \u00e1ll\u00e1sfoglal\u00e1sa \u00e9s a bankok v\u00e1lasza alapj\u00e1n is kijelenthet\u0151, hogy<\/p>\n<p>nem kell kezess\u00e9gv\u00e1llal\u00e1si d\u00edjat fizetni a gyermek sz\u00fclet\u00e9se ut\u00e1ni 3 \u00e9ves t\u00f6rleszt\u00e9si sz\u00fcneteltet\u00e9s alatt.<\/p>\n<\/p><\/div>\n<p><script>\n    window.fbAsyncInit = function() {\n        FB.init({\n            appId      : \"204760236815359\",\n            xfbml      : true,\n            version    : \"v2.12\"\n        });\n        FB.AppEvents.logPageView();\n    };<\/p>\n<p>    (function(d, s, id){\n        var js, fjs = d.getElementsByTagName(s)[0];\n        if (d.getElementById(id)) {return;}\n        js = d.createElement(s); js.id = id;\n        js.src = \"http:\/\/connect.facebook.net\/hu_HU\/sdk.js\";\n        fjs.parentNode.insertBefore(js, fjs);\n    }(document, \"script\", \"facebook-jssdk\"));\n<\/script><br \/>\n<br \/>[ad_2]<br \/>\n<br \/><a href=\"https:\/\/www.vg.hu\/penzugy\/hitel\/ujabb-tevhit-terjeng-a-babavaro-hitellel-kapcsolatban-1677010\/\">Source link <\/a><\/p>\n","protected":false},"excerpt":{"rendered":"<p>[ad_1] A k\u00f6z\u00f6ss\u00e9gi m\u00e9di\u00e1ban felt\u0171nt, babav\u00e1r\u00f3 hitellel kapcsolatos pletyk\u00e1kat igyekszik eloszlatni a Bank360 k\u00f6zlem\u00e9nye. Egyre-m\u00e1sra \u00e9rkeztek a kommentek egy bejegyz\u00e9s al\u00e1 az egyik legnagyobb babav\u00e1r\u00f3s csoportban, ahol arr\u00f3l \u00edrnak: t\u00f6bb bank is \u00fagy t\u00e1j\u00e9koztatta az \u00fcgyfeleket, hogy a gyermek sz\u00fclet\u00e9se ut\u00e1ni 3 \u00e9ves t\u00f6rleszt\u00e9si sz\u00fcneteltet\u00e9s alatt is fizetni kell az \u00e9ves 0,5 sz\u00e1zal\u00e9kos kezess\u00e9gv\u00e1llal\u00e1si d\u00edjat. [&hellip;]<\/p>\n","protected":false},"author":2,"featured_media":7279,"comment_status":"open","ping_status":"open","sticky":false,"template":"","format":"standard","meta":{"footnotes":""},"categories":[1],"tags":[],"class_list":["post-7278","post","type-post","status-publish","format-standard","has-post-thumbnail","hentry","category-penzugyi-hirek"],"yoast_head":"<!-- This site is optimized with the Yoast SEO plugin v27.4 - https:\/\/yoast.com\/product\/yoast-seo-wordpress\/ -->\n<title>\u00dajabb t\u00e9vhit terjeng a babav\u00e1r\u00f3 hitellel kapcsolatban - Super News<\/title>\n<meta name=\"robots\" content=\"index, follow, max-snippet:-1, max-image-preview:large, max-video-preview:-1\" \/>\n<link rel=\"canonical\" href=\"https:\/\/super-news.info\/hu\/ujabb-tevhit-terjeng-a-babavaro-hitellel-kapcsolatban\/\" \/>\n<meta property=\"og:locale\" content=\"hu_HU\" \/>\n<meta property=\"og:type\" content=\"article\" \/>\n<meta property=\"og:title\" content=\"\u00dajabb t\u00e9vhit terjeng a babav\u00e1r\u00f3 hitellel kapcsolatban - Super News\" \/>\n<meta property=\"og:description\" content=\"[ad_1] A k\u00f6z\u00f6ss\u00e9gi m\u00e9di\u00e1ban felt\u0171nt, babav\u00e1r\u00f3 hitellel kapcsolatos pletyk\u00e1kat igyekszik eloszlatni a Bank360 k\u00f6zlem\u00e9nye. Egyre-m\u00e1sra \u00e9rkeztek a kommentek egy bejegyz\u00e9s al\u00e1 az egyik legnagyobb babav\u00e1r\u00f3s csoportban, ahol arr\u00f3l \u00edrnak: t\u00f6bb bank is \u00fagy t\u00e1j\u00e9koztatta az \u00fcgyfeleket, hogy a gyermek sz\u00fclet\u00e9se ut\u00e1ni 3 \u00e9ves t\u00f6rleszt\u00e9si sz\u00fcneteltet\u00e9s alatt is fizetni kell az \u00e9ves 0,5 sz\u00e1zal\u00e9kos kezess\u00e9gv\u00e1llal\u00e1si d\u00edjat. [&hellip;]\" \/>\n<meta property=\"og:url\" content=\"https:\/\/super-news.info\/hu\/ujabb-tevhit-terjeng-a-babavaro-hitellel-kapcsolatban\/\" \/>\n<meta property=\"og:site_name\" content=\"Super News\" \/>\n<meta property=\"article:published_time\" content=\"2019-08-07T09:38:34+00:00\" \/>\n<meta property=\"article:modified_time\" content=\"2019-08-07T09:38:36+00:00\" \/>\n<meta property=\"og:image\" content=\"https:\/\/super-news.info\/hu\/wp-content\/uploads\/sites\/3\/2019\/08\/\u00dajabb-t\u00e9vhit-terjeng-a-babav\u00e1r\u00f3-hitellel-kapcsolatban.jpg\" \/>\n\t<meta property=\"og:image:width\" content=\"1276\" \/>\n\t<meta property=\"og:image:height\" content=\"716\" \/>\n\t<meta property=\"og:image:type\" content=\"image\/jpeg\" \/>\n<meta name=\"author\" content=\"super-news\" \/>\n<meta name=\"twitter:card\" content=\"summary_large_image\" \/>\n<meta name=\"twitter:label1\" content=\"Szerz\u0151:\" \/>\n\t<meta name=\"twitter:data1\" content=\"super-news\" \/>\n\t<meta name=\"twitter:label2\" content=\"Becs\u00fclt olvas\u00e1si id\u0151\" \/>\n\t<meta name=\"twitter:data2\" content=\"4 perc\" \/>\n<script type=\"application\/ld+json\" class=\"yoast-schema-graph\">{\"@context\":\"https:\\\/\\\/schema.org\",\"@graph\":[{\"@type\":\"Article\",\"@id\":\"https:\\\/\\\/super-news.info\\\/hu\\\/ujabb-tevhit-terjeng-a-babavaro-hitellel-kapcsolatban\\\/#article\",\"isPartOf\":{\"@id\":\"https:\\\/\\\/super-news.info\\\/hu\\\/ujabb-tevhit-terjeng-a-babavaro-hitellel-kapcsolatban\\\/\"},\"author\":{\"name\":\"super-news\",\"@id\":\"https:\\\/\\\/super-news.info\\\/hu\\\/#\\\/schema\\\/person\\\/2d4068cb2f39cd10008c2fce578a7356\"},\"headline\":\"\u00dajabb t\u00e9vhit terjeng a babav\u00e1r\u00f3 hitellel kapcsolatban\",\"datePublished\":\"2019-08-07T09:38:34+00:00\",\"dateModified\":\"2019-08-07T09:38:36+00:00\",\"mainEntityOfPage\":{\"@id\":\"https:\\\/\\\/super-news.info\\\/hu\\\/ujabb-tevhit-terjeng-a-babavaro-hitellel-kapcsolatban\\\/\"},\"wordCount\":815,\"commentCount\":0,\"image\":{\"@id\":\"https:\\\/\\\/super-news.info\\\/hu\\\/ujabb-tevhit-terjeng-a-babavaro-hitellel-kapcsolatban\\\/#primaryimage\"},\"thumbnailUrl\":\"https:\\\/\\\/super-news.info\\\/hu\\\/wp-content\\\/uploads\\\/sites\\\/3\\\/2019\\\/08\\\/\u00dajabb-t\u00e9vhit-terjeng-a-babav\u00e1r\u00f3-hitellel-kapcsolatban.jpg\",\"articleSection\":[\"P\u00c9NZ\u00dcGYI H\u00cdREK\"],\"inLanguage\":\"hu\",\"potentialAction\":[{\"@type\":\"CommentAction\",\"name\":\"Comment\",\"target\":[\"https:\\\/\\\/super-news.info\\\/hu\\\/ujabb-tevhit-terjeng-a-babavaro-hitellel-kapcsolatban\\\/#respond\"]}]},{\"@type\":\"WebPage\",\"@id\":\"https:\\\/\\\/super-news.info\\\/hu\\\/ujabb-tevhit-terjeng-a-babavaro-hitellel-kapcsolatban\\\/\",\"url\":\"https:\\\/\\\/super-news.info\\\/hu\\\/ujabb-tevhit-terjeng-a-babavaro-hitellel-kapcsolatban\\\/\",\"name\":\"\u00dajabb t\u00e9vhit terjeng a babav\u00e1r\u00f3 hitellel kapcsolatban - Super News\",\"isPartOf\":{\"@id\":\"https:\\\/\\\/super-news.info\\\/hu\\\/#website\"},\"primaryImageOfPage\":{\"@id\":\"https:\\\/\\\/super-news.info\\\/hu\\\/ujabb-tevhit-terjeng-a-babavaro-hitellel-kapcsolatban\\\/#primaryimage\"},\"image\":{\"@id\":\"https:\\\/\\\/super-news.info\\\/hu\\\/ujabb-tevhit-terjeng-a-babavaro-hitellel-kapcsolatban\\\/#primaryimage\"},\"thumbnailUrl\":\"https:\\\/\\\/super-news.info\\\/hu\\\/wp-content\\\/uploads\\\/sites\\\/3\\\/2019\\\/08\\\/\u00dajabb-t\u00e9vhit-terjeng-a-babav\u00e1r\u00f3-hitellel-kapcsolatban.jpg\",\"datePublished\":\"2019-08-07T09:38:34+00:00\",\"dateModified\":\"2019-08-07T09:38:36+00:00\",\"author\":{\"@id\":\"https:\\\/\\\/super-news.info\\\/hu\\\/#\\\/schema\\\/person\\\/2d4068cb2f39cd10008c2fce578a7356\"},\"breadcrumb\":{\"@id\":\"https:\\\/\\\/super-news.info\\\/hu\\\/ujabb-tevhit-terjeng-a-babavaro-hitellel-kapcsolatban\\\/#breadcrumb\"},\"inLanguage\":\"hu\",\"potentialAction\":[{\"@type\":\"ReadAction\",\"target\":[\"https:\\\/\\\/super-news.info\\\/hu\\\/ujabb-tevhit-terjeng-a-babavaro-hitellel-kapcsolatban\\\/\"]}]},{\"@type\":\"ImageObject\",\"inLanguage\":\"hu\",\"@id\":\"https:\\\/\\\/super-news.info\\\/hu\\\/ujabb-tevhit-terjeng-a-babavaro-hitellel-kapcsolatban\\\/#primaryimage\",\"url\":\"https:\\\/\\\/super-news.info\\\/hu\\\/wp-content\\\/uploads\\\/sites\\\/3\\\/2019\\\/08\\\/\u00dajabb-t\u00e9vhit-terjeng-a-babav\u00e1r\u00f3-hitellel-kapcsolatban.jpg\",\"contentUrl\":\"https:\\\/\\\/super-news.info\\\/hu\\\/wp-content\\\/uploads\\\/sites\\\/3\\\/2019\\\/08\\\/\u00dajabb-t\u00e9vhit-terjeng-a-babav\u00e1r\u00f3-hitellel-kapcsolatban.jpg\",\"width\":1276,\"height\":716,\"caption\":\"\u00dajabb t\u00e9vhit terjeng a babav\u00e1r\u00f3 hitellel kapcsolatban\"},{\"@type\":\"BreadcrumbList\",\"@id\":\"https:\\\/\\\/super-news.info\\\/hu\\\/ujabb-tevhit-terjeng-a-babavaro-hitellel-kapcsolatban\\\/#breadcrumb\",\"itemListElement\":[{\"@type\":\"ListItem\",\"position\":1,\"name\":\"\u0413\u043b\u0430\u0432\u043d\u0430\u044f \u0441\u0442\u0440\u0430\u043d\u0438\u0446\u0430\",\"item\":\"https:\\\/\\\/super-news.info\\\/hu\\\/\"},{\"@type\":\"ListItem\",\"position\":2,\"name\":\"\u00dajabb t\u00e9vhit terjeng a babav\u00e1r\u00f3 hitellel kapcsolatban\"}]},{\"@type\":\"WebSite\",\"@id\":\"https:\\\/\\\/super-news.info\\\/hu\\\/#website\",\"url\":\"https:\\\/\\\/super-news.info\\\/hu\\\/\",\"name\":\"Super News\",\"description\":\"Super News Magyarorsz\u00e1g\",\"potentialAction\":[{\"@type\":\"SearchAction\",\"target\":{\"@type\":\"EntryPoint\",\"urlTemplate\":\"https:\\\/\\\/super-news.info\\\/hu\\\/?s={search_term_string}\"},\"query-input\":{\"@type\":\"PropertyValueSpecification\",\"valueRequired\":true,\"valueName\":\"search_term_string\"}}],\"inLanguage\":\"hu\"},{\"@type\":\"Person\",\"@id\":\"https:\\\/\\\/super-news.info\\\/hu\\\/#\\\/schema\\\/person\\\/2d4068cb2f39cd10008c2fce578a7356\",\"name\":\"super-news\",\"image\":{\"@type\":\"ImageObject\",\"inLanguage\":\"hu\",\"@id\":\"https:\\\/\\\/secure.gravatar.com\\\/avatar\\\/64ebac40b93f26a154f8a9b5b6fdccfc46f442b26b3dd6756dbff3bf9dc76fd7?s=96&d=mm&r=g\",\"url\":\"https:\\\/\\\/secure.gravatar.com\\\/avatar\\\/64ebac40b93f26a154f8a9b5b6fdccfc46f442b26b3dd6756dbff3bf9dc76fd7?s=96&d=mm&r=g\",\"contentUrl\":\"https:\\\/\\\/secure.gravatar.com\\\/avatar\\\/64ebac40b93f26a154f8a9b5b6fdccfc46f442b26b3dd6756dbff3bf9dc76fd7?s=96&d=mm&r=g\",\"caption\":\"super-news\"},\"url\":\"https:\\\/\\\/super-news.info\\\/hu\\\/author\\\/pt\\\/\"}]}<\/script>\n<!-- \/ Yoast SEO plugin. -->","yoast_head_json":{"title":"\u00dajabb t\u00e9vhit terjeng a babav\u00e1r\u00f3 hitellel kapcsolatban - Super News","robots":{"index":"index","follow":"follow","max-snippet":"max-snippet:-1","max-image-preview":"max-image-preview:large","max-video-preview":"max-video-preview:-1"},"canonical":"https:\/\/super-news.info\/hu\/ujabb-tevhit-terjeng-a-babavaro-hitellel-kapcsolatban\/","og_locale":"hu_HU","og_type":"article","og_title":"\u00dajabb t\u00e9vhit terjeng a babav\u00e1r\u00f3 hitellel kapcsolatban - Super News","og_description":"[ad_1] A k\u00f6z\u00f6ss\u00e9gi m\u00e9di\u00e1ban felt\u0171nt, babav\u00e1r\u00f3 hitellel kapcsolatos pletyk\u00e1kat igyekszik eloszlatni a Bank360 k\u00f6zlem\u00e9nye. Egyre-m\u00e1sra \u00e9rkeztek a kommentek egy bejegyz\u00e9s al\u00e1 az egyik legnagyobb babav\u00e1r\u00f3s csoportban, ahol arr\u00f3l \u00edrnak: t\u00f6bb bank is \u00fagy t\u00e1j\u00e9koztatta az \u00fcgyfeleket, hogy a gyermek sz\u00fclet\u00e9se ut\u00e1ni 3 \u00e9ves t\u00f6rleszt\u00e9si sz\u00fcneteltet\u00e9s alatt is fizetni kell az \u00e9ves 0,5 sz\u00e1zal\u00e9kos kezess\u00e9gv\u00e1llal\u00e1si d\u00edjat. [&hellip;]","og_url":"https:\/\/super-news.info\/hu\/ujabb-tevhit-terjeng-a-babavaro-hitellel-kapcsolatban\/","og_site_name":"Super News","article_published_time":"2019-08-07T09:38:34+00:00","article_modified_time":"2019-08-07T09:38:36+00:00","og_image":[{"width":1276,"height":716,"url":"https:\/\/super-news.info\/hu\/wp-content\/uploads\/sites\/3\/2019\/08\/\u00dajabb-t\u00e9vhit-terjeng-a-babav\u00e1r\u00f3-hitellel-kapcsolatban.jpg","type":"image\/jpeg"}],"author":"super-news","twitter_card":"summary_large_image","twitter_misc":{"Szerz\u0151:":"super-news","Becs\u00fclt olvas\u00e1si id\u0151":"4 perc"},"schema":{"@context":"https:\/\/schema.org","@graph":[{"@type":"Article","@id":"https:\/\/super-news.info\/hu\/ujabb-tevhit-terjeng-a-babavaro-hitellel-kapcsolatban\/#article","isPartOf":{"@id":"https:\/\/super-news.info\/hu\/ujabb-tevhit-terjeng-a-babavaro-hitellel-kapcsolatban\/"},"author":{"name":"super-news","@id":"https:\/\/super-news.info\/hu\/#\/schema\/person\/2d4068cb2f39cd10008c2fce578a7356"},"headline":"\u00dajabb t\u00e9vhit terjeng a babav\u00e1r\u00f3 hitellel kapcsolatban","datePublished":"2019-08-07T09:38:34+00:00","dateModified":"2019-08-07T09:38:36+00:00","mainEntityOfPage":{"@id":"https:\/\/super-news.info\/hu\/ujabb-tevhit-terjeng-a-babavaro-hitellel-kapcsolatban\/"},"wordCount":815,"commentCount":0,"image":{"@id":"https:\/\/super-news.info\/hu\/ujabb-tevhit-terjeng-a-babavaro-hitellel-kapcsolatban\/#primaryimage"},"thumbnailUrl":"https:\/\/super-news.info\/hu\/wp-content\/uploads\/sites\/3\/2019\/08\/\u00dajabb-t\u00e9vhit-terjeng-a-babav\u00e1r\u00f3-hitellel-kapcsolatban.jpg","articleSection":["P\u00c9NZ\u00dcGYI H\u00cdREK"],"inLanguage":"hu","potentialAction":[{"@type":"CommentAction","name":"Comment","target":["https:\/\/super-news.info\/hu\/ujabb-tevhit-terjeng-a-babavaro-hitellel-kapcsolatban\/#respond"]}]},{"@type":"WebPage","@id":"https:\/\/super-news.info\/hu\/ujabb-tevhit-terjeng-a-babavaro-hitellel-kapcsolatban\/","url":"https:\/\/super-news.info\/hu\/ujabb-tevhit-terjeng-a-babavaro-hitellel-kapcsolatban\/","name":"\u00dajabb t\u00e9vhit terjeng a babav\u00e1r\u00f3 hitellel kapcsolatban - Super News","isPartOf":{"@id":"https:\/\/super-news.info\/hu\/#website"},"primaryImageOfPage":{"@id":"https:\/\/super-news.info\/hu\/ujabb-tevhit-terjeng-a-babavaro-hitellel-kapcsolatban\/#primaryimage"},"image":{"@id":"https:\/\/super-news.info\/hu\/ujabb-tevhit-terjeng-a-babavaro-hitellel-kapcsolatban\/#primaryimage"},"thumbnailUrl":"https:\/\/super-news.info\/hu\/wp-content\/uploads\/sites\/3\/2019\/08\/\u00dajabb-t\u00e9vhit-terjeng-a-babav\u00e1r\u00f3-hitellel-kapcsolatban.jpg","datePublished":"2019-08-07T09:38:34+00:00","dateModified":"2019-08-07T09:38:36+00:00","author":{"@id":"https:\/\/super-news.info\/hu\/#\/schema\/person\/2d4068cb2f39cd10008c2fce578a7356"},"breadcrumb":{"@id":"https:\/\/super-news.info\/hu\/ujabb-tevhit-terjeng-a-babavaro-hitellel-kapcsolatban\/#breadcrumb"},"inLanguage":"hu","potentialAction":[{"@type":"ReadAction","target":["https:\/\/super-news.info\/hu\/ujabb-tevhit-terjeng-a-babavaro-hitellel-kapcsolatban\/"]}]},{"@type":"ImageObject","inLanguage":"hu","@id":"https:\/\/super-news.info\/hu\/ujabb-tevhit-terjeng-a-babavaro-hitellel-kapcsolatban\/#primaryimage","url":"https:\/\/super-news.info\/hu\/wp-content\/uploads\/sites\/3\/2019\/08\/\u00dajabb-t\u00e9vhit-terjeng-a-babav\u00e1r\u00f3-hitellel-kapcsolatban.jpg","contentUrl":"https:\/\/super-news.info\/hu\/wp-content\/uploads\/sites\/3\/2019\/08\/\u00dajabb-t\u00e9vhit-terjeng-a-babav\u00e1r\u00f3-hitellel-kapcsolatban.jpg","width":1276,"height":716,"caption":"\u00dajabb t\u00e9vhit terjeng a babav\u00e1r\u00f3 hitellel kapcsolatban"},{"@type":"BreadcrumbList","@id":"https:\/\/super-news.info\/hu\/ujabb-tevhit-terjeng-a-babavaro-hitellel-kapcsolatban\/#breadcrumb","itemListElement":[{"@type":"ListItem","position":1,"name":"\u0413\u043b\u0430\u0432\u043d\u0430\u044f \u0441\u0442\u0440\u0430\u043d\u0438\u0446\u0430","item":"https:\/\/super-news.info\/hu\/"},{"@type":"ListItem","position":2,"name":"\u00dajabb t\u00e9vhit terjeng a babav\u00e1r\u00f3 hitellel kapcsolatban"}]},{"@type":"WebSite","@id":"https:\/\/super-news.info\/hu\/#website","url":"https:\/\/super-news.info\/hu\/","name":"Super News","description":"Super News Magyarorsz\u00e1g","potentialAction":[{"@type":"SearchAction","target":{"@type":"EntryPoint","urlTemplate":"https:\/\/super-news.info\/hu\/?s={search_term_string}"},"query-input":{"@type":"PropertyValueSpecification","valueRequired":true,"valueName":"search_term_string"}}],"inLanguage":"hu"},{"@type":"Person","@id":"https:\/\/super-news.info\/hu\/#\/schema\/person\/2d4068cb2f39cd10008c2fce578a7356","name":"super-news","image":{"@type":"ImageObject","inLanguage":"hu","@id":"https:\/\/secure.gravatar.com\/avatar\/64ebac40b93f26a154f8a9b5b6fdccfc46f442b26b3dd6756dbff3bf9dc76fd7?s=96&d=mm&r=g","url":"https:\/\/secure.gravatar.com\/avatar\/64ebac40b93f26a154f8a9b5b6fdccfc46f442b26b3dd6756dbff3bf9dc76fd7?s=96&d=mm&r=g","contentUrl":"https:\/\/secure.gravatar.com\/avatar\/64ebac40b93f26a154f8a9b5b6fdccfc46f442b26b3dd6756dbff3bf9dc76fd7?s=96&d=mm&r=g","caption":"super-news"},"url":"https:\/\/super-news.info\/hu\/author\/pt\/"}]}},"_links":{"self":[{"href":"https:\/\/super-news.info\/hu\/wp-json\/wp\/v2\/posts\/7278","targetHints":{"allow":["GET"]}}],"collection":[{"href":"https:\/\/super-news.info\/hu\/wp-json\/wp\/v2\/posts"}],"about":[{"href":"https:\/\/super-news.info\/hu\/wp-json\/wp\/v2\/types\/post"}],"author":[{"embeddable":true,"href":"https:\/\/super-news.info\/hu\/wp-json\/wp\/v2\/users\/2"}],"replies":[{"embeddable":true,"href":"https:\/\/super-news.info\/hu\/wp-json\/wp\/v2\/comments?post=7278"}],"version-history":[{"count":1,"href":"https:\/\/super-news.info\/hu\/wp-json\/wp\/v2\/posts\/7278\/revisions"}],"predecessor-version":[{"id":7280,"href":"https:\/\/super-news.info\/hu\/wp-json\/wp\/v2\/posts\/7278\/revisions\/7280"}],"wp:featuredmedia":[{"embeddable":true,"href":"https:\/\/super-news.info\/hu\/wp-json\/wp\/v2\/media\/7279"}],"wp:attachment":[{"href":"https:\/\/super-news.info\/hu\/wp-json\/wp\/v2\/media?parent=7278"}],"wp:term":[{"taxonomy":"category","embeddable":true,"href":"https:\/\/super-news.info\/hu\/wp-json\/wp\/v2\/categories?post=7278"},{"taxonomy":"post_tag","embeddable":true,"href":"https:\/\/super-news.info\/hu\/wp-json\/wp\/v2\/tags?post=7278"}],"curies":[{"name":"wp","href":"https:\/\/api.w.org\/{rel}","templated":true}]}}