{"id":7260,"date":"2019-08-07T02:29:23","date_gmt":"2019-08-06T23:29:23","guid":{"rendered":"https:\/\/super-news.info\/hu\/veszteseges-zaras-europaban-vilaggazdasag\/"},"modified":"2019-08-07T02:29:24","modified_gmt":"2019-08-06T23:29:24","slug":"veszteseges-zaras-europaban-vilaggazdasag","status":"publish","type":"post","link":"https:\/\/super-news.info\/hu\/veszteseges-zaras-europaban-vilaggazdasag\/","title":{"rendered":"Vesztes\u00e9ges z\u00e1r\u00e1s Eur\u00f3p\u00e1ban | Vil\u00e1ggazdas\u00e1g"},"content":{"rendered":"<p> [ad_1]<br \/>\n<\/p>\n<p>\n\t\t\t\t\t\t\t\t Indexcs\u00f6kken\u00e9ssel fejezt\u00e9k be a keddi keresked\u00e9st a f\u0151bb eur\u00f3pai \u00e9rt\u00e9kpap\u00edrpiacok, a BUX ezzel szemben pluszban z\u00e1rt.\t\t\t\t\t\t\t<\/p>\n<div>\n<p>A h\u00e9tf\u0151i nagy zuhan\u00e1s ut\u00e1n kedden m\u00e1r valamelyest konszolid\u00e1l\u00f3dott a helyzet az eur\u00f3pai t\u0151zsd\u00e9ken. A h\u00e9tf\u0151i es\u00e9st nemcsak Eur\u00f3p\u00e1ban, de vil\u00e1gszerte az amerikai-k\u00ednai kereskedelmi visz\u00e1ly elm\u00e9ly\u00fcl\u00e9se v\u00e1ltotta ki. Washington ugyanis hivatalosan devizamanipul\u00e1tornak min\u0151s\u00edtette K\u00edn\u00e1t, 1994 \u00f3ta el\u0151sz\u00f6r.<\/p>\n<p>A pekingi jegybank 11 \u00e9ve a leggyeng\u00e9bb szinten engedte jegyezni a doll\u00e1rral szemben nemzeti deviz\u00e1ja, a j\u00fcan \u00e1rfolyam\u00e1t h\u00e9tf\u0151n. Kedden viszont m\u00e1r enyh\u00fclt valamelyest a fesz\u00fclts\u00e9g a k\u00e9t orsz\u00e1g k\u00f6z\u00f6tt annak k\u00f6sz\u00f6nhet\u0151en, hogy K\u00edna er\u0151s\u00edtett kiss\u00e9 a j\u00fcan \u00e1rfolyam\u00e1n. A pekingi jegybank a h\u00e9tf\u0151i 7 j\u00fcan feletti jegyz\u00e9s ut\u00e1n kedden 7 j\u00fcan alatt \u00e1llap\u00edtotta meg a doll\u00e1r hivatalos referencia \u00e1rfolyam\u00e1t.<\/p>\n<p>Hozott n\u00e9mi enyh\u00fcl\u00e9st a befektet\u0151i aggodalmaknak az eur\u00f3pai piacokon a n\u00e9met feldolgoz\u00f3ipari megrendel\u00e9sek v\u00e1rakoz\u00e1son fel\u00fcli j\u00faniusi emelked\u00e9se is. A n\u00e9met statisztikai hivatal (Destatis) el\u0151zetes adatai szerint \u00e1r-, szezon\u00e1lis \u00e9s napt\u00e1ri hat\u00e1ssal kiigaz\u00edtva j\u00faniusban 2,5 sz\u00e1zal\u00e9kkal n\u0151ttek a n\u00e9met gy\u00e1ripari megrendel\u00e9sek m\u00e1jushoz k\u00e9pest. Elemz\u0151k 0,5 sz\u00e1zal\u00e9kos emelked\u00e9st v\u00e1rtak a m\u00e1jusi 2,0 sz\u00e1zal\u00e9kos cs\u00f6kken\u00e9s ut\u00e1n.<\/p>\n<p>Az eur\u00f3pai keresked\u00e9si id\u0151 v\u00e9g\u00e9n a p\u00e1neur\u00f3pai FTSE EuroFirst 300 \u00e9s Stoxx Europe 600 indexek 0,46 \u00e9s 0,47 sz\u00e1zal\u00e9k cs\u00f6kken\u00e9st az eur\u00f3\u00f6vezeti EuroStoxx50 index pedig 0,49 sz\u00e1zal\u00e9k es\u00e9st mutatott.<\/p>\n<ul>\n<li>Londonban 0,66 sz\u00e1zal\u00e9k vesztes\u00e9ggel v\u00e9gzett az FTSE-100 index a m\u00e9g nem hivatalos z\u00e1r\u00f3adatok szerint.<\/li>\n<li>Frankfurtban a DAX index 0,63 sz\u00e1zal\u00e9kkal v\u00e9gzett alacsonyabban,<\/li>\n<li>a CAC-40 pedig P\u00e1rizsban sz\u00e1zal\u00e9kban nem kimutathat\u00f3 t\u00f6red\u00e9kponttal gyeng\u00fclt.<\/li>\n<\/ul>\n<p>Madridban 0,83 sz\u00e1zal\u00e9kkal, Mil\u00e1n\u00f3ban 0,54 sz\u00e1zal\u00e9kkal gyeng\u00fclt a t\u0151zsdeindex z\u00e1r\u00e1sra.<\/p>\n<p>Az olaj\u00e1r cs\u00f6kkent, a Brent 0,33 sz\u00e1zal\u00e9kkal hord\u00f3nk\u00e9nt 59,61 doll\u00e1rra, a WTI 0,55 sz\u00e1zal\u00e9kkal 54,39 doll\u00e1rra.<\/p>\n<p>A Brent \u00e1ra az eszkal\u00e1l\u00f3d\u00f3 amerikai-k\u00ednai fesz\u00fclts\u00e9g miatt a m\u00falt h\u00e9ten kilenc sz\u00e1zal\u00e9kkal esett \u00e9s az\u00f3ta h\u00e9thavi m\u00e9lypont, 60 doll\u00e1r k\u00f6zel\u00e9ben ingadozik.<\/p>\n<p>Az arany hat\u00e9ves cs\u00facsn\u00e1l j\u00e1r, mivel a kereskedelmi fesz\u00fclts\u00e9gek okozta aggodalom miatt er\u0151s a kereslet a v\u00e1ls\u00e1g\u00e1ll\u00f3 befektet\u00e9si eszk\u00f6z\u00f6k ir\u00e1nt. A legk\u00f6zelebbi teljes\u00edt\u00e9sre sz\u00f3l\u00f3 hat\u00e1rid\u0151s jegyz\u00e9s kedden 0,50 sz\u00e1zal\u00e9kkal 1483,85 doll\u00e1rra emelkedett.<\/p>\n<p>Az eur\u00f3t 0,06 sz\u00e1zal\u00e9kkal jegyzik gyeng\u00e9bben 1,1195 doll\u00e1ron.<\/p>\n<\/p><\/div>\n<p><script>\n    window.fbAsyncInit = function() {\n        FB.init({\n            appId      : \"204760236815359\",\n            xfbml      : true,\n            version    : \"v2.12\"\n        });\n        FB.AppEvents.logPageView();\n    };<\/p>\n<p>    (function(d, s, id){\n        var js, fjs = d.getElementsByTagName(s)[0];\n        if (d.getElementById(id)) {return;}\n        js = d.createElement(s); js.id = id;\n        js.src = \"http:\/\/connect.facebook.net\/hu_HU\/sdk.js\";\n        fjs.parentNode.insertBefore(js, fjs);\n    }(document, \"script\", \"facebook-jssdk\"));\n<\/script><br \/>\n<br \/>[ad_2]<br \/>\n<br \/><a href=\"https:\/\/www.vg.hu\/penzugy\/tozsde\/veszteseges-zaras-europaban-2-1676158\/\">Source link <\/a><\/p>\n","protected":false},"excerpt":{"rendered":"<p>[ad_1] Indexcs\u00f6kken\u00e9ssel fejezt\u00e9k be a keddi keresked\u00e9st a f\u0151bb eur\u00f3pai \u00e9rt\u00e9kpap\u00edrpiacok, a BUX ezzel szemben pluszban z\u00e1rt. A h\u00e9tf\u0151i nagy zuhan\u00e1s ut\u00e1n kedden m\u00e1r valamelyest konszolid\u00e1l\u00f3dott a helyzet az eur\u00f3pai t\u0151zsd\u00e9ken. A h\u00e9tf\u0151i es\u00e9st nemcsak Eur\u00f3p\u00e1ban, de vil\u00e1gszerte az amerikai-k\u00ednai kereskedelmi visz\u00e1ly elm\u00e9ly\u00fcl\u00e9se v\u00e1ltotta ki. Washington ugyanis hivatalosan devizamanipul\u00e1tornak min\u0151s\u00edtette K\u00edn\u00e1t, 1994 \u00f3ta el\u0151sz\u00f6r. A [&hellip;]<\/p>\n","protected":false},"author":2,"featured_media":300,"comment_status":"open","ping_status":"open","sticky":false,"template":"","format":"standard","meta":{"footnotes":""},"categories":[1],"tags":[],"class_list":["post-7260","post","type-post","status-publish","format-standard","has-post-thumbnail","hentry","category-penzugyi-hirek"],"yoast_head":"<!-- This site is optimized with the Yoast SEO plugin v27.4 - https:\/\/yoast.com\/product\/yoast-seo-wordpress\/ -->\n<title>Vesztes\u00e9ges z\u00e1r\u00e1s Eur\u00f3p\u00e1ban | Vil\u00e1ggazdas\u00e1g - Super News<\/title>\n<meta name=\"robots\" content=\"index, follow, max-snippet:-1, max-image-preview:large, max-video-preview:-1\" \/>\n<link rel=\"canonical\" href=\"https:\/\/super-news.info\/hu\/veszteseges-zaras-europaban-vilaggazdasag\/\" \/>\n<meta property=\"og:locale\" content=\"hu_HU\" \/>\n<meta property=\"og:type\" content=\"article\" \/>\n<meta property=\"og:title\" content=\"Vesztes\u00e9ges z\u00e1r\u00e1s Eur\u00f3p\u00e1ban | Vil\u00e1ggazdas\u00e1g - Super News\" \/>\n<meta property=\"og:description\" content=\"[ad_1] Indexcs\u00f6kken\u00e9ssel fejezt\u00e9k be a keddi keresked\u00e9st a f\u0151bb eur\u00f3pai \u00e9rt\u00e9kpap\u00edrpiacok, a BUX ezzel szemben pluszban z\u00e1rt. A h\u00e9tf\u0151i nagy zuhan\u00e1s ut\u00e1n kedden m\u00e1r valamelyest konszolid\u00e1l\u00f3dott a helyzet az eur\u00f3pai t\u0151zsd\u00e9ken. A h\u00e9tf\u0151i es\u00e9st nemcsak Eur\u00f3p\u00e1ban, de vil\u00e1gszerte az amerikai-k\u00ednai kereskedelmi visz\u00e1ly elm\u00e9ly\u00fcl\u00e9se v\u00e1ltotta ki. Washington ugyanis hivatalosan devizamanipul\u00e1tornak min\u0151s\u00edtette K\u00edn\u00e1t, 1994 \u00f3ta el\u0151sz\u00f6r. A [&hellip;]\" \/>\n<meta property=\"og:url\" content=\"https:\/\/super-news.info\/hu\/veszteseges-zaras-europaban-vilaggazdasag\/\" \/>\n<meta property=\"og:site_name\" content=\"Super News\" \/>\n<meta property=\"article:published_time\" content=\"2019-08-06T23:29:23+00:00\" \/>\n<meta property=\"article:modified_time\" content=\"2019-08-06T23:29:24+00:00\" \/>\n<meta property=\"og:image\" content=\"https:\/\/super-news.info\/hu\/wp-content\/uploads\/sites\/3\/2019\/04\/V\u00e1ltoz\u00f3-k\u00e9pet-mutat-az-eur\u00f3pai-keresked\u00e9s.png\" \/>\n\t<meta property=\"og:image:width\" content=\"1400\" \/>\n\t<meta property=\"og:image:height\" content=\"900\" \/>\n\t<meta property=\"og:image:type\" content=\"image\/png\" \/>\n<meta name=\"author\" content=\"super-news\" \/>\n<meta name=\"twitter:card\" content=\"summary_large_image\" \/>\n<meta name=\"twitter:label1\" content=\"Szerz\u0151:\" \/>\n\t<meta name=\"twitter:data1\" content=\"super-news\" \/>\n\t<meta name=\"twitter:label2\" content=\"Becs\u00fclt olvas\u00e1si id\u0151\" \/>\n\t<meta name=\"twitter:data2\" content=\"2 perc\" \/>\n<script type=\"application\/ld+json\" class=\"yoast-schema-graph\">{\"@context\":\"https:\\\/\\\/schema.org\",\"@graph\":[{\"@type\":\"Article\",\"@id\":\"https:\\\/\\\/super-news.info\\\/hu\\\/veszteseges-zaras-europaban-vilaggazdasag\\\/#article\",\"isPartOf\":{\"@id\":\"https:\\\/\\\/super-news.info\\\/hu\\\/veszteseges-zaras-europaban-vilaggazdasag\\\/\"},\"author\":{\"name\":\"super-news\",\"@id\":\"https:\\\/\\\/super-news.info\\\/hu\\\/#\\\/schema\\\/person\\\/2d4068cb2f39cd10008c2fce578a7356\"},\"headline\":\"Vesztes\u00e9ges z\u00e1r\u00e1s Eur\u00f3p\u00e1ban | Vil\u00e1ggazdas\u00e1g\",\"datePublished\":\"2019-08-06T23:29:23+00:00\",\"dateModified\":\"2019-08-06T23:29:24+00:00\",\"mainEntityOfPage\":{\"@id\":\"https:\\\/\\\/super-news.info\\\/hu\\\/veszteseges-zaras-europaban-vilaggazdasag\\\/\"},\"wordCount\":507,\"commentCount\":0,\"image\":{\"@id\":\"https:\\\/\\\/super-news.info\\\/hu\\\/veszteseges-zaras-europaban-vilaggazdasag\\\/#primaryimage\"},\"thumbnailUrl\":\"https:\\\/\\\/super-news.info\\\/hu\\\/wp-content\\\/uploads\\\/sites\\\/3\\\/2019\\\/04\\\/V\u00e1ltoz\u00f3-k\u00e9pet-mutat-az-eur\u00f3pai-keresked\u00e9s.png\",\"articleSection\":[\"P\u00c9NZ\u00dcGYI H\u00cdREK\"],\"inLanguage\":\"hu\",\"potentialAction\":[{\"@type\":\"CommentAction\",\"name\":\"Comment\",\"target\":[\"https:\\\/\\\/super-news.info\\\/hu\\\/veszteseges-zaras-europaban-vilaggazdasag\\\/#respond\"]}]},{\"@type\":\"WebPage\",\"@id\":\"https:\\\/\\\/super-news.info\\\/hu\\\/veszteseges-zaras-europaban-vilaggazdasag\\\/\",\"url\":\"https:\\\/\\\/super-news.info\\\/hu\\\/veszteseges-zaras-europaban-vilaggazdasag\\\/\",\"name\":\"Vesztes\u00e9ges z\u00e1r\u00e1s Eur\u00f3p\u00e1ban | Vil\u00e1ggazdas\u00e1g - Super News\",\"isPartOf\":{\"@id\":\"https:\\\/\\\/super-news.info\\\/hu\\\/#website\"},\"primaryImageOfPage\":{\"@id\":\"https:\\\/\\\/super-news.info\\\/hu\\\/veszteseges-zaras-europaban-vilaggazdasag\\\/#primaryimage\"},\"image\":{\"@id\":\"https:\\\/\\\/super-news.info\\\/hu\\\/veszteseges-zaras-europaban-vilaggazdasag\\\/#primaryimage\"},\"thumbnailUrl\":\"https:\\\/\\\/super-news.info\\\/hu\\\/wp-content\\\/uploads\\\/sites\\\/3\\\/2019\\\/04\\\/V\u00e1ltoz\u00f3-k\u00e9pet-mutat-az-eur\u00f3pai-keresked\u00e9s.png\",\"datePublished\":\"2019-08-06T23:29:23+00:00\",\"dateModified\":\"2019-08-06T23:29:24+00:00\",\"author\":{\"@id\":\"https:\\\/\\\/super-news.info\\\/hu\\\/#\\\/schema\\\/person\\\/2d4068cb2f39cd10008c2fce578a7356\"},\"breadcrumb\":{\"@id\":\"https:\\\/\\\/super-news.info\\\/hu\\\/veszteseges-zaras-europaban-vilaggazdasag\\\/#breadcrumb\"},\"inLanguage\":\"hu\",\"potentialAction\":[{\"@type\":\"ReadAction\",\"target\":[\"https:\\\/\\\/super-news.info\\\/hu\\\/veszteseges-zaras-europaban-vilaggazdasag\\\/\"]}]},{\"@type\":\"ImageObject\",\"inLanguage\":\"hu\",\"@id\":\"https:\\\/\\\/super-news.info\\\/hu\\\/veszteseges-zaras-europaban-vilaggazdasag\\\/#primaryimage\",\"url\":\"https:\\\/\\\/super-news.info\\\/hu\\\/wp-content\\\/uploads\\\/sites\\\/3\\\/2019\\\/04\\\/V\u00e1ltoz\u00f3-k\u00e9pet-mutat-az-eur\u00f3pai-keresked\u00e9s.png\",\"contentUrl\":\"https:\\\/\\\/super-news.info\\\/hu\\\/wp-content\\\/uploads\\\/sites\\\/3\\\/2019\\\/04\\\/V\u00e1ltoz\u00f3-k\u00e9pet-mutat-az-eur\u00f3pai-keresked\u00e9s.png\",\"width\":1400,\"height\":900,\"caption\":\"V\u00e1ltoz\u00f3 k\u00e9pet mutat az eur\u00f3pai keresked\u00e9s\"},{\"@type\":\"BreadcrumbList\",\"@id\":\"https:\\\/\\\/super-news.info\\\/hu\\\/veszteseges-zaras-europaban-vilaggazdasag\\\/#breadcrumb\",\"itemListElement\":[{\"@type\":\"ListItem\",\"position\":1,\"name\":\"\u0413\u043b\u0430\u0432\u043d\u0430\u044f \u0441\u0442\u0440\u0430\u043d\u0438\u0446\u0430\",\"item\":\"https:\\\/\\\/super-news.info\\\/hu\\\/\"},{\"@type\":\"ListItem\",\"position\":2,\"name\":\"Vesztes\u00e9ges z\u00e1r\u00e1s Eur\u00f3p\u00e1ban | Vil\u00e1ggazdas\u00e1g\"}]},{\"@type\":\"WebSite\",\"@id\":\"https:\\\/\\\/super-news.info\\\/hu\\\/#website\",\"url\":\"https:\\\/\\\/super-news.info\\\/hu\\\/\",\"name\":\"Super News\",\"description\":\"Super News Magyarorsz\u00e1g\",\"potentialAction\":[{\"@type\":\"SearchAction\",\"target\":{\"@type\":\"EntryPoint\",\"urlTemplate\":\"https:\\\/\\\/super-news.info\\\/hu\\\/?s={search_term_string}\"},\"query-input\":{\"@type\":\"PropertyValueSpecification\",\"valueRequired\":true,\"valueName\":\"search_term_string\"}}],\"inLanguage\":\"hu\"},{\"@type\":\"Person\",\"@id\":\"https:\\\/\\\/super-news.info\\\/hu\\\/#\\\/schema\\\/person\\\/2d4068cb2f39cd10008c2fce578a7356\",\"name\":\"super-news\",\"image\":{\"@type\":\"ImageObject\",\"inLanguage\":\"hu\",\"@id\":\"https:\\\/\\\/secure.gravatar.com\\\/avatar\\\/64ebac40b93f26a154f8a9b5b6fdccfc46f442b26b3dd6756dbff3bf9dc76fd7?s=96&d=mm&r=g\",\"url\":\"https:\\\/\\\/secure.gravatar.com\\\/avatar\\\/64ebac40b93f26a154f8a9b5b6fdccfc46f442b26b3dd6756dbff3bf9dc76fd7?s=96&d=mm&r=g\",\"contentUrl\":\"https:\\\/\\\/secure.gravatar.com\\\/avatar\\\/64ebac40b93f26a154f8a9b5b6fdccfc46f442b26b3dd6756dbff3bf9dc76fd7?s=96&d=mm&r=g\",\"caption\":\"super-news\"},\"url\":\"https:\\\/\\\/super-news.info\\\/hu\\\/author\\\/pt\\\/\"}]}<\/script>\n<!-- \/ Yoast SEO plugin. -->","yoast_head_json":{"title":"Vesztes\u00e9ges z\u00e1r\u00e1s Eur\u00f3p\u00e1ban | Vil\u00e1ggazdas\u00e1g - Super News","robots":{"index":"index","follow":"follow","max-snippet":"max-snippet:-1","max-image-preview":"max-image-preview:large","max-video-preview":"max-video-preview:-1"},"canonical":"https:\/\/super-news.info\/hu\/veszteseges-zaras-europaban-vilaggazdasag\/","og_locale":"hu_HU","og_type":"article","og_title":"Vesztes\u00e9ges z\u00e1r\u00e1s Eur\u00f3p\u00e1ban | Vil\u00e1ggazdas\u00e1g - Super News","og_description":"[ad_1] Indexcs\u00f6kken\u00e9ssel fejezt\u00e9k be a keddi keresked\u00e9st a f\u0151bb eur\u00f3pai \u00e9rt\u00e9kpap\u00edrpiacok, a BUX ezzel szemben pluszban z\u00e1rt. A h\u00e9tf\u0151i nagy zuhan\u00e1s ut\u00e1n kedden m\u00e1r valamelyest konszolid\u00e1l\u00f3dott a helyzet az eur\u00f3pai t\u0151zsd\u00e9ken. A h\u00e9tf\u0151i es\u00e9st nemcsak Eur\u00f3p\u00e1ban, de vil\u00e1gszerte az amerikai-k\u00ednai kereskedelmi visz\u00e1ly elm\u00e9ly\u00fcl\u00e9se v\u00e1ltotta ki. Washington ugyanis hivatalosan devizamanipul\u00e1tornak min\u0151s\u00edtette K\u00edn\u00e1t, 1994 \u00f3ta el\u0151sz\u00f6r. A [&hellip;]","og_url":"https:\/\/super-news.info\/hu\/veszteseges-zaras-europaban-vilaggazdasag\/","og_site_name":"Super News","article_published_time":"2019-08-06T23:29:23+00:00","article_modified_time":"2019-08-06T23:29:24+00:00","og_image":[{"width":1400,"height":900,"url":"https:\/\/super-news.info\/hu\/wp-content\/uploads\/sites\/3\/2019\/04\/V\u00e1ltoz\u00f3-k\u00e9pet-mutat-az-eur\u00f3pai-keresked\u00e9s.png","type":"image\/png"}],"author":"super-news","twitter_card":"summary_large_image","twitter_misc":{"Szerz\u0151:":"super-news","Becs\u00fclt olvas\u00e1si id\u0151":"2 perc"},"schema":{"@context":"https:\/\/schema.org","@graph":[{"@type":"Article","@id":"https:\/\/super-news.info\/hu\/veszteseges-zaras-europaban-vilaggazdasag\/#article","isPartOf":{"@id":"https:\/\/super-news.info\/hu\/veszteseges-zaras-europaban-vilaggazdasag\/"},"author":{"name":"super-news","@id":"https:\/\/super-news.info\/hu\/#\/schema\/person\/2d4068cb2f39cd10008c2fce578a7356"},"headline":"Vesztes\u00e9ges z\u00e1r\u00e1s Eur\u00f3p\u00e1ban | Vil\u00e1ggazdas\u00e1g","datePublished":"2019-08-06T23:29:23+00:00","dateModified":"2019-08-06T23:29:24+00:00","mainEntityOfPage":{"@id":"https:\/\/super-news.info\/hu\/veszteseges-zaras-europaban-vilaggazdasag\/"},"wordCount":507,"commentCount":0,"image":{"@id":"https:\/\/super-news.info\/hu\/veszteseges-zaras-europaban-vilaggazdasag\/#primaryimage"},"thumbnailUrl":"https:\/\/super-news.info\/hu\/wp-content\/uploads\/sites\/3\/2019\/04\/V\u00e1ltoz\u00f3-k\u00e9pet-mutat-az-eur\u00f3pai-keresked\u00e9s.png","articleSection":["P\u00c9NZ\u00dcGYI H\u00cdREK"],"inLanguage":"hu","potentialAction":[{"@type":"CommentAction","name":"Comment","target":["https:\/\/super-news.info\/hu\/veszteseges-zaras-europaban-vilaggazdasag\/#respond"]}]},{"@type":"WebPage","@id":"https:\/\/super-news.info\/hu\/veszteseges-zaras-europaban-vilaggazdasag\/","url":"https:\/\/super-news.info\/hu\/veszteseges-zaras-europaban-vilaggazdasag\/","name":"Vesztes\u00e9ges z\u00e1r\u00e1s Eur\u00f3p\u00e1ban | Vil\u00e1ggazdas\u00e1g - Super News","isPartOf":{"@id":"https:\/\/super-news.info\/hu\/#website"},"primaryImageOfPage":{"@id":"https:\/\/super-news.info\/hu\/veszteseges-zaras-europaban-vilaggazdasag\/#primaryimage"},"image":{"@id":"https:\/\/super-news.info\/hu\/veszteseges-zaras-europaban-vilaggazdasag\/#primaryimage"},"thumbnailUrl":"https:\/\/super-news.info\/hu\/wp-content\/uploads\/sites\/3\/2019\/04\/V\u00e1ltoz\u00f3-k\u00e9pet-mutat-az-eur\u00f3pai-keresked\u00e9s.png","datePublished":"2019-08-06T23:29:23+00:00","dateModified":"2019-08-06T23:29:24+00:00","author":{"@id":"https:\/\/super-news.info\/hu\/#\/schema\/person\/2d4068cb2f39cd10008c2fce578a7356"},"breadcrumb":{"@id":"https:\/\/super-news.info\/hu\/veszteseges-zaras-europaban-vilaggazdasag\/#breadcrumb"},"inLanguage":"hu","potentialAction":[{"@type":"ReadAction","target":["https:\/\/super-news.info\/hu\/veszteseges-zaras-europaban-vilaggazdasag\/"]}]},{"@type":"ImageObject","inLanguage":"hu","@id":"https:\/\/super-news.info\/hu\/veszteseges-zaras-europaban-vilaggazdasag\/#primaryimage","url":"https:\/\/super-news.info\/hu\/wp-content\/uploads\/sites\/3\/2019\/04\/V\u00e1ltoz\u00f3-k\u00e9pet-mutat-az-eur\u00f3pai-keresked\u00e9s.png","contentUrl":"https:\/\/super-news.info\/hu\/wp-content\/uploads\/sites\/3\/2019\/04\/V\u00e1ltoz\u00f3-k\u00e9pet-mutat-az-eur\u00f3pai-keresked\u00e9s.png","width":1400,"height":900,"caption":"V\u00e1ltoz\u00f3 k\u00e9pet mutat az eur\u00f3pai keresked\u00e9s"},{"@type":"BreadcrumbList","@id":"https:\/\/super-news.info\/hu\/veszteseges-zaras-europaban-vilaggazdasag\/#breadcrumb","itemListElement":[{"@type":"ListItem","position":1,"name":"\u0413\u043b\u0430\u0432\u043d\u0430\u044f \u0441\u0442\u0440\u0430\u043d\u0438\u0446\u0430","item":"https:\/\/super-news.info\/hu\/"},{"@type":"ListItem","position":2,"name":"Vesztes\u00e9ges z\u00e1r\u00e1s Eur\u00f3p\u00e1ban | Vil\u00e1ggazdas\u00e1g"}]},{"@type":"WebSite","@id":"https:\/\/super-news.info\/hu\/#website","url":"https:\/\/super-news.info\/hu\/","name":"Super News","description":"Super News Magyarorsz\u00e1g","potentialAction":[{"@type":"SearchAction","target":{"@type":"EntryPoint","urlTemplate":"https:\/\/super-news.info\/hu\/?s={search_term_string}"},"query-input":{"@type":"PropertyValueSpecification","valueRequired":true,"valueName":"search_term_string"}}],"inLanguage":"hu"},{"@type":"Person","@id":"https:\/\/super-news.info\/hu\/#\/schema\/person\/2d4068cb2f39cd10008c2fce578a7356","name":"super-news","image":{"@type":"ImageObject","inLanguage":"hu","@id":"https:\/\/secure.gravatar.com\/avatar\/64ebac40b93f26a154f8a9b5b6fdccfc46f442b26b3dd6756dbff3bf9dc76fd7?s=96&d=mm&r=g","url":"https:\/\/secure.gravatar.com\/avatar\/64ebac40b93f26a154f8a9b5b6fdccfc46f442b26b3dd6756dbff3bf9dc76fd7?s=96&d=mm&r=g","contentUrl":"https:\/\/secure.gravatar.com\/avatar\/64ebac40b93f26a154f8a9b5b6fdccfc46f442b26b3dd6756dbff3bf9dc76fd7?s=96&d=mm&r=g","caption":"super-news"},"url":"https:\/\/super-news.info\/hu\/author\/pt\/"}]}},"_links":{"self":[{"href":"https:\/\/super-news.info\/hu\/wp-json\/wp\/v2\/posts\/7260","targetHints":{"allow":["GET"]}}],"collection":[{"href":"https:\/\/super-news.info\/hu\/wp-json\/wp\/v2\/posts"}],"about":[{"href":"https:\/\/super-news.info\/hu\/wp-json\/wp\/v2\/types\/post"}],"author":[{"embeddable":true,"href":"https:\/\/super-news.info\/hu\/wp-json\/wp\/v2\/users\/2"}],"replies":[{"embeddable":true,"href":"https:\/\/super-news.info\/hu\/wp-json\/wp\/v2\/comments?post=7260"}],"version-history":[{"count":1,"href":"https:\/\/super-news.info\/hu\/wp-json\/wp\/v2\/posts\/7260\/revisions"}],"predecessor-version":[{"id":7261,"href":"https:\/\/super-news.info\/hu\/wp-json\/wp\/v2\/posts\/7260\/revisions\/7261"}],"wp:featuredmedia":[{"embeddable":true,"href":"https:\/\/super-news.info\/hu\/wp-json\/wp\/v2\/media\/300"}],"wp:attachment":[{"href":"https:\/\/super-news.info\/hu\/wp-json\/wp\/v2\/media?parent=7260"}],"wp:term":[{"taxonomy":"category","embeddable":true,"href":"https:\/\/super-news.info\/hu\/wp-json\/wp\/v2\/categories?post=7260"},{"taxonomy":"post_tag","embeddable":true,"href":"https:\/\/super-news.info\/hu\/wp-json\/wp\/v2\/tags?post=7260"}],"curies":[{"name":"wp","href":"https:\/\/api.w.org\/{rel}","templated":true}]}}