{"id":7257,"date":"2019-08-07T01:33:26","date_gmt":"2019-08-06T22:33:26","guid":{"rendered":"https:\/\/super-news.info\/hu\/eredmenyes-felevet-pipalhatott-ki-az-allianz\/"},"modified":"2019-08-07T01:33:28","modified_gmt":"2019-08-06T22:33:28","slug":"eredmenyes-felevet-pipalhatott-ki-az-allianz","status":"publish","type":"post","link":"https:\/\/super-news.info\/hu\/eredmenyes-felevet-pipalhatott-ki-az-allianz\/","title":{"rendered":"Eredm\u00e9nyes f\u00e9l\u00e9vet pip\u00e1lhatott ki az Allianz"},"content":{"rendered":"<p> [ad_1]<br \/>\n<\/p>\n<p>\n\t\t\t\t\t\t\t\tN\u00f6velte d\u00edjbev\u00e9tel\u00e9t \u00e9s nyeres\u00e9g\u00e9t a m\u00e1sodik negyed\u00e9vben, valamint az \u00e9v els\u0151 fel\u00e9ben az Allianz biztos\u00edt\u00f3csoport \u2013 k\u00f6z\u00f6lte kedden a t\u00e1rsas\u00e1g.\t\t\t\t\t\t\t<\/p>\n<div>\n<p>Az Allianz csoport az idei m\u00e1sodik negyed\u00e9vben 33,2 milli\u00e1rd eur\u00f3, az egy \u00e9vvel kor\u00e1bbin\u00e1l 6,1 sz\u00e1zal\u00e9kkal magasabb d\u00edjbev\u00e9tel mellett 5,4 sz\u00e1zal\u00e9kkal 3,159 milli\u00e1rd eur\u00f3ra n\u00f6velte m\u0171k\u00f6d\u00e9si eredm\u00e9ny\u00e9t. A csoport<\/p>\n<ul>\n<li>ad\u00f3zott eredm\u00e9nye 13,5 sz\u00e1zal\u00e9kkal 2,265 milli\u00e1rd eur\u00f3ra,<\/li>\n<li>a r\u00e9szv\u00e9nyesekre jut\u00f3 nyeres\u00e9g 13,1 sz\u00e1zal\u00e9kkal 2,140 milli\u00e1rd eur\u00f3ra emelkedett.<\/li>\n<\/ul>\n<p>Az \u00e9v els\u0151 fel\u00e9ben 7,7 sz\u00e1zal\u00e9kkal 73,5 milli\u00e1rd eur\u00f3ra n\u00f6velte d\u00edjbev\u00e9tel\u00e9t az Allianz csoport. M\u0171k\u00f6d\u00e9si eredm\u00e9nye 6,4 sz\u00e1zal\u00e9kkal 6,121 milli\u00e1rd eur\u00f3ra, ad\u00f3zott eredm\u00e9nye pedig 7,2 sz\u00e1zal\u00e9kkal 4,025 milli\u00e1rd eur\u00f3ra, a r\u00e9szv\u00e9nyesekre jut\u00f3 nyeres\u00e9ge 7,3 sz\u00e1zal\u00e9kkal 4,109 milli\u00e1rd eur\u00f3ra n\u0151tt.<\/p>\n<div id=\"attachment_983794\" style=\"width: 1410px\" class=\"wp-caption alignnone\">\n<p class=\"wp-caption-text\">Fot\u00f3: Andreas Gebert\/dpa<\/p>\n<\/div>\n<blockquote>\n<p>A szigor\u00fa strat\u00e9gia-megval\u00f3s\u00edt\u00e1sunk eredm\u00e9nyezi azt a fenntarthat\u00f3 teljes\u00edtm\u00e9nyt, mely meghozza a k\u00edv\u00e1nt megold\u00e1sokat \u00fcgyfeleink sz\u00e1m\u00e1ra. F\u00e9l\u00e9ves eredm\u00e9nyeink azt mutatj\u00e1k, hogy az Allianz j\u00f3 \u00faton halad az \u00e9ves c\u00e9lok teljes\u00edt\u00e9se fel\u00e9<\/p>\n<\/blockquote>\n<p>\u2013 komment\u00e1lta az eredm\u00e9nybesz\u00e1mol\u00f3t Oliver B\u00e4te, az Allianz SE vez\u00e9rigazgat\u00f3ja.<\/p>\n<div class=\"aframe\">\n<p>Az Allianz SE biztos\u00edt\u00f3 \u00e9s vagyonkezel\u0151 csoport t\u00f6bb mint 92 milli\u00f3 lakoss\u00e1gi \u00e9s v\u00e1llalati \u00fcgyf\u00e9llel rendelkezik vil\u00e1gszerte. A 142 ezer alkalmazottat foglalkoztat\u00f3 csoport a vil\u00e1g t\u00f6bb mint nyolcvan orsz\u00e1g\u00e1ban 132 milli\u00e1rd eur\u00f3 d\u00edjbev\u00e9telt \u00e9s 11,5 milli\u00e1rd eur\u00f3 m\u0171k\u00f6d\u00e9si eredm\u00e9nyt \u00e9rt el tavaly. A csoport biztos\u00edt\u00e1si \u00fcgyfelei megb\u00edz\u00e1s\u00e1b\u00f3l 729 milli\u00e1rd eur\u00f3 befektet\u00e9st kezel, vagyonkezel\u0151i pedig, a PIMCO \u00e9s az Allianz Global Investors t\u00f6bb mint 1500 milli\u00e1rd eur\u00f3 \u00e9rt\u00e9k\u0171, harmadik f\u00e9lt\u0151l sz\u00e1rmaz\u00f3 vagyont kezelnek.<\/p>\n<\/div>\n<p>\u00a0<\/p>\n<\/p><\/div>\n<p><script>\n    window.fbAsyncInit = function() {\n        FB.init({\n            appId      : \"204760236815359\",\n            xfbml      : true,\n            version    : \"v2.12\"\n        });\n        FB.AppEvents.logPageView();\n    };<\/p>\n<p>    (function(d, s, id){\n        var js, fjs = d.getElementsByTagName(s)[0];\n        if (d.getElementById(id)) {return;}\n        js = d.createElement(s); js.id = id;\n        js.src = \"http:\/\/connect.facebook.net\/hu_HU\/sdk.js\";\n        fjs.parentNode.insertBefore(js, fjs);\n    }(document, \"script\", \"facebook-jssdk\"));\n<\/script><br \/>\n<br \/>[ad_2]<br \/>\n<br \/><a href=\"https:\/\/www.vg.hu\/vallalatok\/vallalati-hirek\/eredmenyes-felevet-pipalhatott-ki-az-allianz-1675705\/\">Source link <\/a><\/p>\n","protected":false},"excerpt":{"rendered":"<p>[ad_1] N\u00f6velte d\u00edjbev\u00e9tel\u00e9t \u00e9s nyeres\u00e9g\u00e9t a m\u00e1sodik negyed\u00e9vben, valamint az \u00e9v els\u0151 fel\u00e9ben az Allianz biztos\u00edt\u00f3csoport \u2013 k\u00f6z\u00f6lte kedden a t\u00e1rsas\u00e1g. Az Allianz csoport az idei m\u00e1sodik negyed\u00e9vben 33,2 milli\u00e1rd eur\u00f3, az egy \u00e9vvel kor\u00e1bbin\u00e1l 6,1 sz\u00e1zal\u00e9kkal magasabb d\u00edjbev\u00e9tel mellett 5,4 sz\u00e1zal\u00e9kkal 3,159 milli\u00e1rd eur\u00f3ra n\u00f6velte m\u0171k\u00f6d\u00e9si eredm\u00e9ny\u00e9t. A csoport ad\u00f3zott eredm\u00e9nye 13,5 sz\u00e1zal\u00e9kkal 2,265 [&hellip;]<\/p>\n","protected":false},"author":2,"featured_media":7258,"comment_status":"open","ping_status":"open","sticky":false,"template":"","format":"standard","meta":{"footnotes":""},"categories":[1],"tags":[],"class_list":["post-7257","post","type-post","status-publish","format-standard","has-post-thumbnail","hentry","category-penzugyi-hirek"],"yoast_head":"<!-- This site is optimized with the Yoast SEO plugin v27.4 - https:\/\/yoast.com\/product\/yoast-seo-wordpress\/ -->\n<title>Eredm\u00e9nyes f\u00e9l\u00e9vet pip\u00e1lhatott ki az Allianz - Super News<\/title>\n<meta name=\"robots\" content=\"index, follow, max-snippet:-1, max-image-preview:large, max-video-preview:-1\" \/>\n<link rel=\"canonical\" href=\"https:\/\/super-news.info\/hu\/eredmenyes-felevet-pipalhatott-ki-az-allianz\/\" \/>\n<meta property=\"og:locale\" content=\"hu_HU\" \/>\n<meta property=\"og:type\" content=\"article\" \/>\n<meta property=\"og:title\" content=\"Eredm\u00e9nyes f\u00e9l\u00e9vet pip\u00e1lhatott ki az Allianz - Super News\" \/>\n<meta property=\"og:description\" content=\"[ad_1] N\u00f6velte d\u00edjbev\u00e9tel\u00e9t \u00e9s nyeres\u00e9g\u00e9t a m\u00e1sodik negyed\u00e9vben, valamint az \u00e9v els\u0151 fel\u00e9ben az Allianz biztos\u00edt\u00f3csoport \u2013 k\u00f6z\u00f6lte kedden a t\u00e1rsas\u00e1g. Az Allianz csoport az idei m\u00e1sodik negyed\u00e9vben 33,2 milli\u00e1rd eur\u00f3, az egy \u00e9vvel kor\u00e1bbin\u00e1l 6,1 sz\u00e1zal\u00e9kkal magasabb d\u00edjbev\u00e9tel mellett 5,4 sz\u00e1zal\u00e9kkal 3,159 milli\u00e1rd eur\u00f3ra n\u00f6velte m\u0171k\u00f6d\u00e9si eredm\u00e9ny\u00e9t. A csoport ad\u00f3zott eredm\u00e9nye 13,5 sz\u00e1zal\u00e9kkal 2,265 [&hellip;]\" \/>\n<meta property=\"og:url\" content=\"https:\/\/super-news.info\/hu\/eredmenyes-felevet-pipalhatott-ki-az-allianz\/\" \/>\n<meta property=\"og:site_name\" content=\"Super News\" \/>\n<meta property=\"article:published_time\" content=\"2019-08-06T22:33:26+00:00\" \/>\n<meta property=\"article:modified_time\" content=\"2019-08-06T22:33:28+00:00\" \/>\n<meta property=\"og:image\" content=\"https:\/\/super-news.info\/hu\/wp-content\/uploads\/sites\/3\/2019\/08\/Eredm\u00e9nyes-f\u00e9l\u00e9vet-pip\u00e1lhatott-ki-az-Allianz.jpg\" \/>\n\t<meta property=\"og:image:width\" content=\"1400\" \/>\n\t<meta property=\"og:image:height\" content=\"932\" \/>\n\t<meta property=\"og:image:type\" content=\"image\/jpeg\" \/>\n<meta name=\"author\" content=\"super-news\" \/>\n<meta name=\"twitter:card\" content=\"summary_large_image\" \/>\n<meta name=\"twitter:label1\" content=\"Szerz\u0151:\" \/>\n\t<meta name=\"twitter:data1\" content=\"super-news\" \/>\n\t<meta name=\"twitter:label2\" content=\"Becs\u00fclt olvas\u00e1si id\u0151\" \/>\n\t<meta name=\"twitter:data2\" content=\"2 perc\" \/>\n<script type=\"application\/ld+json\" class=\"yoast-schema-graph\">{\"@context\":\"https:\\\/\\\/schema.org\",\"@graph\":[{\"@type\":\"Article\",\"@id\":\"https:\\\/\\\/super-news.info\\\/hu\\\/eredmenyes-felevet-pipalhatott-ki-az-allianz\\\/#article\",\"isPartOf\":{\"@id\":\"https:\\\/\\\/super-news.info\\\/hu\\\/eredmenyes-felevet-pipalhatott-ki-az-allianz\\\/\"},\"author\":{\"name\":\"super-news\",\"@id\":\"https:\\\/\\\/super-news.info\\\/hu\\\/#\\\/schema\\\/person\\\/2d4068cb2f39cd10008c2fce578a7356\"},\"headline\":\"Eredm\u00e9nyes f\u00e9l\u00e9vet pip\u00e1lhatott ki az Allianz\",\"datePublished\":\"2019-08-06T22:33:26+00:00\",\"dateModified\":\"2019-08-06T22:33:28+00:00\",\"mainEntityOfPage\":{\"@id\":\"https:\\\/\\\/super-news.info\\\/hu\\\/eredmenyes-felevet-pipalhatott-ki-az-allianz\\\/\"},\"wordCount\":348,\"commentCount\":0,\"image\":{\"@id\":\"https:\\\/\\\/super-news.info\\\/hu\\\/eredmenyes-felevet-pipalhatott-ki-az-allianz\\\/#primaryimage\"},\"thumbnailUrl\":\"https:\\\/\\\/super-news.info\\\/hu\\\/wp-content\\\/uploads\\\/sites\\\/3\\\/2019\\\/08\\\/Eredm\u00e9nyes-f\u00e9l\u00e9vet-pip\u00e1lhatott-ki-az-Allianz.jpg\",\"articleSection\":[\"P\u00c9NZ\u00dcGYI H\u00cdREK\"],\"inLanguage\":\"hu\",\"potentialAction\":[{\"@type\":\"CommentAction\",\"name\":\"Comment\",\"target\":[\"https:\\\/\\\/super-news.info\\\/hu\\\/eredmenyes-felevet-pipalhatott-ki-az-allianz\\\/#respond\"]}]},{\"@type\":\"WebPage\",\"@id\":\"https:\\\/\\\/super-news.info\\\/hu\\\/eredmenyes-felevet-pipalhatott-ki-az-allianz\\\/\",\"url\":\"https:\\\/\\\/super-news.info\\\/hu\\\/eredmenyes-felevet-pipalhatott-ki-az-allianz\\\/\",\"name\":\"Eredm\u00e9nyes f\u00e9l\u00e9vet pip\u00e1lhatott ki az Allianz - Super News\",\"isPartOf\":{\"@id\":\"https:\\\/\\\/super-news.info\\\/hu\\\/#website\"},\"primaryImageOfPage\":{\"@id\":\"https:\\\/\\\/super-news.info\\\/hu\\\/eredmenyes-felevet-pipalhatott-ki-az-allianz\\\/#primaryimage\"},\"image\":{\"@id\":\"https:\\\/\\\/super-news.info\\\/hu\\\/eredmenyes-felevet-pipalhatott-ki-az-allianz\\\/#primaryimage\"},\"thumbnailUrl\":\"https:\\\/\\\/super-news.info\\\/hu\\\/wp-content\\\/uploads\\\/sites\\\/3\\\/2019\\\/08\\\/Eredm\u00e9nyes-f\u00e9l\u00e9vet-pip\u00e1lhatott-ki-az-Allianz.jpg\",\"datePublished\":\"2019-08-06T22:33:26+00:00\",\"dateModified\":\"2019-08-06T22:33:28+00:00\",\"author\":{\"@id\":\"https:\\\/\\\/super-news.info\\\/hu\\\/#\\\/schema\\\/person\\\/2d4068cb2f39cd10008c2fce578a7356\"},\"breadcrumb\":{\"@id\":\"https:\\\/\\\/super-news.info\\\/hu\\\/eredmenyes-felevet-pipalhatott-ki-az-allianz\\\/#breadcrumb\"},\"inLanguage\":\"hu\",\"potentialAction\":[{\"@type\":\"ReadAction\",\"target\":[\"https:\\\/\\\/super-news.info\\\/hu\\\/eredmenyes-felevet-pipalhatott-ki-az-allianz\\\/\"]}]},{\"@type\":\"ImageObject\",\"inLanguage\":\"hu\",\"@id\":\"https:\\\/\\\/super-news.info\\\/hu\\\/eredmenyes-felevet-pipalhatott-ki-az-allianz\\\/#primaryimage\",\"url\":\"https:\\\/\\\/super-news.info\\\/hu\\\/wp-content\\\/uploads\\\/sites\\\/3\\\/2019\\\/08\\\/Eredm\u00e9nyes-f\u00e9l\u00e9vet-pip\u00e1lhatott-ki-az-Allianz.jpg\",\"contentUrl\":\"https:\\\/\\\/super-news.info\\\/hu\\\/wp-content\\\/uploads\\\/sites\\\/3\\\/2019\\\/08\\\/Eredm\u00e9nyes-f\u00e9l\u00e9vet-pip\u00e1lhatott-ki-az-Allianz.jpg\",\"width\":1400,\"height\":932,\"caption\":\"Eredm\u00e9nyes f\u00e9l\u00e9vet pip\u00e1lhatott ki az Allianz\"},{\"@type\":\"BreadcrumbList\",\"@id\":\"https:\\\/\\\/super-news.info\\\/hu\\\/eredmenyes-felevet-pipalhatott-ki-az-allianz\\\/#breadcrumb\",\"itemListElement\":[{\"@type\":\"ListItem\",\"position\":1,\"name\":\"\u0413\u043b\u0430\u0432\u043d\u0430\u044f \u0441\u0442\u0440\u0430\u043d\u0438\u0446\u0430\",\"item\":\"https:\\\/\\\/super-news.info\\\/hu\\\/\"},{\"@type\":\"ListItem\",\"position\":2,\"name\":\"Eredm\u00e9nyes f\u00e9l\u00e9vet pip\u00e1lhatott ki az Allianz\"}]},{\"@type\":\"WebSite\",\"@id\":\"https:\\\/\\\/super-news.info\\\/hu\\\/#website\",\"url\":\"https:\\\/\\\/super-news.info\\\/hu\\\/\",\"name\":\"Super News\",\"description\":\"Super News Magyarorsz\u00e1g\",\"potentialAction\":[{\"@type\":\"SearchAction\",\"target\":{\"@type\":\"EntryPoint\",\"urlTemplate\":\"https:\\\/\\\/super-news.info\\\/hu\\\/?s={search_term_string}\"},\"query-input\":{\"@type\":\"PropertyValueSpecification\",\"valueRequired\":true,\"valueName\":\"search_term_string\"}}],\"inLanguage\":\"hu\"},{\"@type\":\"Person\",\"@id\":\"https:\\\/\\\/super-news.info\\\/hu\\\/#\\\/schema\\\/person\\\/2d4068cb2f39cd10008c2fce578a7356\",\"name\":\"super-news\",\"image\":{\"@type\":\"ImageObject\",\"inLanguage\":\"hu\",\"@id\":\"https:\\\/\\\/secure.gravatar.com\\\/avatar\\\/64ebac40b93f26a154f8a9b5b6fdccfc46f442b26b3dd6756dbff3bf9dc76fd7?s=96&d=mm&r=g\",\"url\":\"https:\\\/\\\/secure.gravatar.com\\\/avatar\\\/64ebac40b93f26a154f8a9b5b6fdccfc46f442b26b3dd6756dbff3bf9dc76fd7?s=96&d=mm&r=g\",\"contentUrl\":\"https:\\\/\\\/secure.gravatar.com\\\/avatar\\\/64ebac40b93f26a154f8a9b5b6fdccfc46f442b26b3dd6756dbff3bf9dc76fd7?s=96&d=mm&r=g\",\"caption\":\"super-news\"},\"url\":\"https:\\\/\\\/super-news.info\\\/hu\\\/author\\\/pt\\\/\"}]}<\/script>\n<!-- \/ Yoast SEO plugin. -->","yoast_head_json":{"title":"Eredm\u00e9nyes f\u00e9l\u00e9vet pip\u00e1lhatott ki az Allianz - Super News","robots":{"index":"index","follow":"follow","max-snippet":"max-snippet:-1","max-image-preview":"max-image-preview:large","max-video-preview":"max-video-preview:-1"},"canonical":"https:\/\/super-news.info\/hu\/eredmenyes-felevet-pipalhatott-ki-az-allianz\/","og_locale":"hu_HU","og_type":"article","og_title":"Eredm\u00e9nyes f\u00e9l\u00e9vet pip\u00e1lhatott ki az Allianz - Super News","og_description":"[ad_1] N\u00f6velte d\u00edjbev\u00e9tel\u00e9t \u00e9s nyeres\u00e9g\u00e9t a m\u00e1sodik negyed\u00e9vben, valamint az \u00e9v els\u0151 fel\u00e9ben az Allianz biztos\u00edt\u00f3csoport \u2013 k\u00f6z\u00f6lte kedden a t\u00e1rsas\u00e1g. Az Allianz csoport az idei m\u00e1sodik negyed\u00e9vben 33,2 milli\u00e1rd eur\u00f3, az egy \u00e9vvel kor\u00e1bbin\u00e1l 6,1 sz\u00e1zal\u00e9kkal magasabb d\u00edjbev\u00e9tel mellett 5,4 sz\u00e1zal\u00e9kkal 3,159 milli\u00e1rd eur\u00f3ra n\u00f6velte m\u0171k\u00f6d\u00e9si eredm\u00e9ny\u00e9t. A csoport ad\u00f3zott eredm\u00e9nye 13,5 sz\u00e1zal\u00e9kkal 2,265 [&hellip;]","og_url":"https:\/\/super-news.info\/hu\/eredmenyes-felevet-pipalhatott-ki-az-allianz\/","og_site_name":"Super News","article_published_time":"2019-08-06T22:33:26+00:00","article_modified_time":"2019-08-06T22:33:28+00:00","og_image":[{"width":1400,"height":932,"url":"https:\/\/super-news.info\/hu\/wp-content\/uploads\/sites\/3\/2019\/08\/Eredm\u00e9nyes-f\u00e9l\u00e9vet-pip\u00e1lhatott-ki-az-Allianz.jpg","type":"image\/jpeg"}],"author":"super-news","twitter_card":"summary_large_image","twitter_misc":{"Szerz\u0151:":"super-news","Becs\u00fclt olvas\u00e1si id\u0151":"2 perc"},"schema":{"@context":"https:\/\/schema.org","@graph":[{"@type":"Article","@id":"https:\/\/super-news.info\/hu\/eredmenyes-felevet-pipalhatott-ki-az-allianz\/#article","isPartOf":{"@id":"https:\/\/super-news.info\/hu\/eredmenyes-felevet-pipalhatott-ki-az-allianz\/"},"author":{"name":"super-news","@id":"https:\/\/super-news.info\/hu\/#\/schema\/person\/2d4068cb2f39cd10008c2fce578a7356"},"headline":"Eredm\u00e9nyes f\u00e9l\u00e9vet pip\u00e1lhatott ki az Allianz","datePublished":"2019-08-06T22:33:26+00:00","dateModified":"2019-08-06T22:33:28+00:00","mainEntityOfPage":{"@id":"https:\/\/super-news.info\/hu\/eredmenyes-felevet-pipalhatott-ki-az-allianz\/"},"wordCount":348,"commentCount":0,"image":{"@id":"https:\/\/super-news.info\/hu\/eredmenyes-felevet-pipalhatott-ki-az-allianz\/#primaryimage"},"thumbnailUrl":"https:\/\/super-news.info\/hu\/wp-content\/uploads\/sites\/3\/2019\/08\/Eredm\u00e9nyes-f\u00e9l\u00e9vet-pip\u00e1lhatott-ki-az-Allianz.jpg","articleSection":["P\u00c9NZ\u00dcGYI H\u00cdREK"],"inLanguage":"hu","potentialAction":[{"@type":"CommentAction","name":"Comment","target":["https:\/\/super-news.info\/hu\/eredmenyes-felevet-pipalhatott-ki-az-allianz\/#respond"]}]},{"@type":"WebPage","@id":"https:\/\/super-news.info\/hu\/eredmenyes-felevet-pipalhatott-ki-az-allianz\/","url":"https:\/\/super-news.info\/hu\/eredmenyes-felevet-pipalhatott-ki-az-allianz\/","name":"Eredm\u00e9nyes f\u00e9l\u00e9vet pip\u00e1lhatott ki az Allianz - Super News","isPartOf":{"@id":"https:\/\/super-news.info\/hu\/#website"},"primaryImageOfPage":{"@id":"https:\/\/super-news.info\/hu\/eredmenyes-felevet-pipalhatott-ki-az-allianz\/#primaryimage"},"image":{"@id":"https:\/\/super-news.info\/hu\/eredmenyes-felevet-pipalhatott-ki-az-allianz\/#primaryimage"},"thumbnailUrl":"https:\/\/super-news.info\/hu\/wp-content\/uploads\/sites\/3\/2019\/08\/Eredm\u00e9nyes-f\u00e9l\u00e9vet-pip\u00e1lhatott-ki-az-Allianz.jpg","datePublished":"2019-08-06T22:33:26+00:00","dateModified":"2019-08-06T22:33:28+00:00","author":{"@id":"https:\/\/super-news.info\/hu\/#\/schema\/person\/2d4068cb2f39cd10008c2fce578a7356"},"breadcrumb":{"@id":"https:\/\/super-news.info\/hu\/eredmenyes-felevet-pipalhatott-ki-az-allianz\/#breadcrumb"},"inLanguage":"hu","potentialAction":[{"@type":"ReadAction","target":["https:\/\/super-news.info\/hu\/eredmenyes-felevet-pipalhatott-ki-az-allianz\/"]}]},{"@type":"ImageObject","inLanguage":"hu","@id":"https:\/\/super-news.info\/hu\/eredmenyes-felevet-pipalhatott-ki-az-allianz\/#primaryimage","url":"https:\/\/super-news.info\/hu\/wp-content\/uploads\/sites\/3\/2019\/08\/Eredm\u00e9nyes-f\u00e9l\u00e9vet-pip\u00e1lhatott-ki-az-Allianz.jpg","contentUrl":"https:\/\/super-news.info\/hu\/wp-content\/uploads\/sites\/3\/2019\/08\/Eredm\u00e9nyes-f\u00e9l\u00e9vet-pip\u00e1lhatott-ki-az-Allianz.jpg","width":1400,"height":932,"caption":"Eredm\u00e9nyes f\u00e9l\u00e9vet pip\u00e1lhatott ki az Allianz"},{"@type":"BreadcrumbList","@id":"https:\/\/super-news.info\/hu\/eredmenyes-felevet-pipalhatott-ki-az-allianz\/#breadcrumb","itemListElement":[{"@type":"ListItem","position":1,"name":"\u0413\u043b\u0430\u0432\u043d\u0430\u044f \u0441\u0442\u0440\u0430\u043d\u0438\u0446\u0430","item":"https:\/\/super-news.info\/hu\/"},{"@type":"ListItem","position":2,"name":"Eredm\u00e9nyes f\u00e9l\u00e9vet pip\u00e1lhatott ki az Allianz"}]},{"@type":"WebSite","@id":"https:\/\/super-news.info\/hu\/#website","url":"https:\/\/super-news.info\/hu\/","name":"Super News","description":"Super News Magyarorsz\u00e1g","potentialAction":[{"@type":"SearchAction","target":{"@type":"EntryPoint","urlTemplate":"https:\/\/super-news.info\/hu\/?s={search_term_string}"},"query-input":{"@type":"PropertyValueSpecification","valueRequired":true,"valueName":"search_term_string"}}],"inLanguage":"hu"},{"@type":"Person","@id":"https:\/\/super-news.info\/hu\/#\/schema\/person\/2d4068cb2f39cd10008c2fce578a7356","name":"super-news","image":{"@type":"ImageObject","inLanguage":"hu","@id":"https:\/\/secure.gravatar.com\/avatar\/64ebac40b93f26a154f8a9b5b6fdccfc46f442b26b3dd6756dbff3bf9dc76fd7?s=96&d=mm&r=g","url":"https:\/\/secure.gravatar.com\/avatar\/64ebac40b93f26a154f8a9b5b6fdccfc46f442b26b3dd6756dbff3bf9dc76fd7?s=96&d=mm&r=g","contentUrl":"https:\/\/secure.gravatar.com\/avatar\/64ebac40b93f26a154f8a9b5b6fdccfc46f442b26b3dd6756dbff3bf9dc76fd7?s=96&d=mm&r=g","caption":"super-news"},"url":"https:\/\/super-news.info\/hu\/author\/pt\/"}]}},"_links":{"self":[{"href":"https:\/\/super-news.info\/hu\/wp-json\/wp\/v2\/posts\/7257","targetHints":{"allow":["GET"]}}],"collection":[{"href":"https:\/\/super-news.info\/hu\/wp-json\/wp\/v2\/posts"}],"about":[{"href":"https:\/\/super-news.info\/hu\/wp-json\/wp\/v2\/types\/post"}],"author":[{"embeddable":true,"href":"https:\/\/super-news.info\/hu\/wp-json\/wp\/v2\/users\/2"}],"replies":[{"embeddable":true,"href":"https:\/\/super-news.info\/hu\/wp-json\/wp\/v2\/comments?post=7257"}],"version-history":[{"count":1,"href":"https:\/\/super-news.info\/hu\/wp-json\/wp\/v2\/posts\/7257\/revisions"}],"predecessor-version":[{"id":7259,"href":"https:\/\/super-news.info\/hu\/wp-json\/wp\/v2\/posts\/7257\/revisions\/7259"}],"wp:featuredmedia":[{"embeddable":true,"href":"https:\/\/super-news.info\/hu\/wp-json\/wp\/v2\/media\/7258"}],"wp:attachment":[{"href":"https:\/\/super-news.info\/hu\/wp-json\/wp\/v2\/media?parent=7257"}],"wp:term":[{"taxonomy":"category","embeddable":true,"href":"https:\/\/super-news.info\/hu\/wp-json\/wp\/v2\/categories?post=7257"},{"taxonomy":"post_tag","embeddable":true,"href":"https:\/\/super-news.info\/hu\/wp-json\/wp\/v2\/tags?post=7257"}],"curies":[{"name":"wp","href":"https:\/\/api.w.org\/{rel}","templated":true}]}}