{"id":7252,"date":"2019-08-06T23:48:25","date_gmt":"2019-08-06T20:48:25","guid":{"rendered":"https:\/\/super-news.info\/hu\/augusztus-vegen-erkeznek-a-szeptemberi-csaladtamogatasok\/"},"modified":"2019-08-06T23:48:26","modified_gmt":"2019-08-06T20:48:26","slug":"augusztus-vegen-erkeznek-a-szeptemberi-csaladtamogatasok","status":"publish","type":"post","link":"https:\/\/super-news.info\/hu\/augusztus-vegen-erkeznek-a-szeptemberi-csaladtamogatasok\/","title":{"rendered":"Augusztus v\u00e9g\u00e9n \u00e9rkeznek a szeptemberi csal\u00e1dt\u00e1mogat\u00e1sok"},"content":{"rendered":"<p> [ad_1]<br \/>\n<\/p>\n<p>\n\t\t\t\t\t\t\t\tA gyermeket nevel\u0151 csal\u00e1dok m\u00e1r augusztus v\u00e9g\u00e9n megkapj\u00e1k a szeptemberben esed\u00e9kes csal\u00e1dt\u00e1mogat\u00e1sokat \u2013 k\u00f6z\u00f6lte az Emberi Er\u0151forr\u00e1sok Miniszt\u00e9riuma kedden.\t\t\t\t\t\t\t<\/p>\n<div>\n<p>A jogosultak a csal\u00e1di p\u00f3tl\u00e9kot, a gyermekgondoz\u00e1st seg\u00edt\u0151 ell\u00e1t\u00e1st \u00e9s a gyermeknevel\u00e9si t\u00e1mogat\u00e1st is k\u00e9zhez kapj\u00e1k, hogy k\u00f6nnyebb legyen sz\u00e1mukra az iskolakezd\u00e9s. Postai k\u00e9zbes\u00edt\u00e9s eset\u00e9n, amennyiben a c\u00edmzett nem tart\u00f3zkodik otthon, \u00e9rtes\u00edt\u0151t kap, hol \u00e9s mikor vehet\u0151 fel a t\u00e1mogat\u00e1s.<\/p>\n<p>Az int\u00e9zked\u00e9s mintegy 1,2 milli\u00f3 csal\u00e1dot \u00e9rint \u2013 olvashat\u00f3 a szakt\u00e1rca k\u00f6zlem\u00e9ny\u00e9ben.<\/p>\n<p>T\u00e1j\u00e9koztat\u00e1suk szerint a korm\u00e1ny az el\u0151rehozott utal\u00e1s mellett minden tanul\u00f3nak ingyen biztos\u00edtja a tank\u00f6nyveket a szeptemberben kezd\u0151d\u0151 tan\u00e9vben az 1-9. \u00e9vfolyamokon, m\u00edg a 10-12. \u00e9vfolyamon szoci\u00e1lis r\u00e1szorults\u00e1g vagy nagycsal\u00e1dos h\u00e1tt\u00e9r eset\u00e9n k\u00e9rhet\u0151 a tank\u00f6nyvek ingyeness\u00e9ge. Eml\u00e9keztettek, hogy a 2020-2021-es tan\u00e9vt\u0151l az ingyenes tank\u00f6nyvell\u00e1t\u00e1s valamennyi \u00e9vfolyamra kiterjed.<\/p>\n<\/p><\/div>\n<p><script>\n    window.fbAsyncInit = function() {\n        FB.init({\n            appId      : \"204760236815359\",\n            xfbml      : true,\n            version    : \"v2.12\"\n        });\n        FB.AppEvents.logPageView();\n    };<\/p>\n<p>    (function(d, s, id){\n        var js, fjs = d.getElementsByTagName(s)[0];\n        if (d.getElementById(id)) {return;}\n        js = d.createElement(s); js.id = id;\n        js.src = \"http:\/\/connect.facebook.net\/hu_HU\/sdk.js\";\n        fjs.parentNode.insertBefore(js, fjs);\n    }(document, \"script\", \"facebook-jssdk\"));\n<\/script><br \/>\n<br \/>[ad_2]<br \/>\n<br \/><a href=\"https:\/\/www.vg.hu\/kozelet\/kozeleti-hirek\/augusztus-vegen-erkeznek-a-szeptemberi-csaladtamogatasok-1675858\/\">Source link <\/a><\/p>\n","protected":false},"excerpt":{"rendered":"<p>[ad_1] A gyermeket nevel\u0151 csal\u00e1dok m\u00e1r augusztus v\u00e9g\u00e9n megkapj\u00e1k a szeptemberben esed\u00e9kes csal\u00e1dt\u00e1mogat\u00e1sokat \u2013 k\u00f6z\u00f6lte az Emberi Er\u0151forr\u00e1sok Miniszt\u00e9riuma kedden. A jogosultak a csal\u00e1di p\u00f3tl\u00e9kot, a gyermekgondoz\u00e1st seg\u00edt\u0151 ell\u00e1t\u00e1st \u00e9s a gyermeknevel\u00e9si t\u00e1mogat\u00e1st is k\u00e9zhez kapj\u00e1k, hogy k\u00f6nnyebb legyen sz\u00e1mukra az iskolakezd\u00e9s. Postai k\u00e9zbes\u00edt\u00e9s eset\u00e9n, amennyiben a c\u00edmzett nem tart\u00f3zkodik otthon, \u00e9rtes\u00edt\u0151t kap, hol \u00e9s [&hellip;]<\/p>\n","protected":false},"author":2,"featured_media":300,"comment_status":"open","ping_status":"open","sticky":false,"template":"","format":"standard","meta":{"footnotes":""},"categories":[1],"tags":[],"class_list":["post-7252","post","type-post","status-publish","format-standard","has-post-thumbnail","hentry","category-penzugyi-hirek"],"yoast_head":"<!-- This site is optimized with the Yoast SEO plugin v27.4 - https:\/\/yoast.com\/product\/yoast-seo-wordpress\/ -->\n<title>Augusztus v\u00e9g\u00e9n \u00e9rkeznek a szeptemberi csal\u00e1dt\u00e1mogat\u00e1sok - Super News<\/title>\n<meta name=\"robots\" content=\"index, follow, max-snippet:-1, max-image-preview:large, max-video-preview:-1\" \/>\n<link rel=\"canonical\" href=\"https:\/\/super-news.info\/hu\/augusztus-vegen-erkeznek-a-szeptemberi-csaladtamogatasok\/\" \/>\n<meta property=\"og:locale\" content=\"hu_HU\" \/>\n<meta property=\"og:type\" content=\"article\" \/>\n<meta property=\"og:title\" content=\"Augusztus v\u00e9g\u00e9n \u00e9rkeznek a szeptemberi csal\u00e1dt\u00e1mogat\u00e1sok - Super News\" \/>\n<meta property=\"og:description\" content=\"[ad_1] A gyermeket nevel\u0151 csal\u00e1dok m\u00e1r augusztus v\u00e9g\u00e9n megkapj\u00e1k a szeptemberben esed\u00e9kes csal\u00e1dt\u00e1mogat\u00e1sokat \u2013 k\u00f6z\u00f6lte az Emberi Er\u0151forr\u00e1sok Miniszt\u00e9riuma kedden. A jogosultak a csal\u00e1di p\u00f3tl\u00e9kot, a gyermekgondoz\u00e1st seg\u00edt\u0151 ell\u00e1t\u00e1st \u00e9s a gyermeknevel\u00e9si t\u00e1mogat\u00e1st is k\u00e9zhez kapj\u00e1k, hogy k\u00f6nnyebb legyen sz\u00e1mukra az iskolakezd\u00e9s. Postai k\u00e9zbes\u00edt\u00e9s eset\u00e9n, amennyiben a c\u00edmzett nem tart\u00f3zkodik otthon, \u00e9rtes\u00edt\u0151t kap, hol \u00e9s [&hellip;]\" \/>\n<meta property=\"og:url\" content=\"https:\/\/super-news.info\/hu\/augusztus-vegen-erkeznek-a-szeptemberi-csaladtamogatasok\/\" \/>\n<meta property=\"og:site_name\" content=\"Super News\" \/>\n<meta property=\"article:published_time\" content=\"2019-08-06T20:48:25+00:00\" \/>\n<meta property=\"article:modified_time\" content=\"2019-08-06T20:48:26+00:00\" \/>\n<meta property=\"og:image\" content=\"https:\/\/super-news.info\/hu\/wp-content\/uploads\/sites\/3\/2019\/04\/V\u00e1ltoz\u00f3-k\u00e9pet-mutat-az-eur\u00f3pai-keresked\u00e9s.png\" \/>\n\t<meta property=\"og:image:width\" content=\"1400\" \/>\n\t<meta property=\"og:image:height\" content=\"900\" \/>\n\t<meta property=\"og:image:type\" content=\"image\/png\" \/>\n<meta name=\"author\" content=\"super-news\" \/>\n<meta name=\"twitter:card\" content=\"summary_large_image\" \/>\n<meta name=\"twitter:label1\" content=\"Szerz\u0151:\" \/>\n\t<meta name=\"twitter:data1\" content=\"super-news\" \/>\n\t<meta name=\"twitter:label2\" content=\"Becs\u00fclt olvas\u00e1si id\u0151\" \/>\n\t<meta name=\"twitter:data2\" content=\"1 perc\" \/>\n<script type=\"application\/ld+json\" class=\"yoast-schema-graph\">{\"@context\":\"https:\\\/\\\/schema.org\",\"@graph\":[{\"@type\":\"Article\",\"@id\":\"https:\\\/\\\/super-news.info\\\/hu\\\/augusztus-vegen-erkeznek-a-szeptemberi-csaladtamogatasok\\\/#article\",\"isPartOf\":{\"@id\":\"https:\\\/\\\/super-news.info\\\/hu\\\/augusztus-vegen-erkeznek-a-szeptemberi-csaladtamogatasok\\\/\"},\"author\":{\"name\":\"super-news\",\"@id\":\"https:\\\/\\\/super-news.info\\\/hu\\\/#\\\/schema\\\/person\\\/2d4068cb2f39cd10008c2fce578a7356\"},\"headline\":\"Augusztus v\u00e9g\u00e9n \u00e9rkeznek a szeptemberi csal\u00e1dt\u00e1mogat\u00e1sok\",\"datePublished\":\"2019-08-06T20:48:25+00:00\",\"dateModified\":\"2019-08-06T20:48:26+00:00\",\"mainEntityOfPage\":{\"@id\":\"https:\\\/\\\/super-news.info\\\/hu\\\/augusztus-vegen-erkeznek-a-szeptemberi-csaladtamogatasok\\\/\"},\"wordCount\":204,\"commentCount\":0,\"image\":{\"@id\":\"https:\\\/\\\/super-news.info\\\/hu\\\/augusztus-vegen-erkeznek-a-szeptemberi-csaladtamogatasok\\\/#primaryimage\"},\"thumbnailUrl\":\"https:\\\/\\\/super-news.info\\\/hu\\\/wp-content\\\/uploads\\\/sites\\\/3\\\/2019\\\/04\\\/V\u00e1ltoz\u00f3-k\u00e9pet-mutat-az-eur\u00f3pai-keresked\u00e9s.png\",\"articleSection\":[\"P\u00c9NZ\u00dcGYI H\u00cdREK\"],\"inLanguage\":\"hu\",\"potentialAction\":[{\"@type\":\"CommentAction\",\"name\":\"Comment\",\"target\":[\"https:\\\/\\\/super-news.info\\\/hu\\\/augusztus-vegen-erkeznek-a-szeptemberi-csaladtamogatasok\\\/#respond\"]}]},{\"@type\":\"WebPage\",\"@id\":\"https:\\\/\\\/super-news.info\\\/hu\\\/augusztus-vegen-erkeznek-a-szeptemberi-csaladtamogatasok\\\/\",\"url\":\"https:\\\/\\\/super-news.info\\\/hu\\\/augusztus-vegen-erkeznek-a-szeptemberi-csaladtamogatasok\\\/\",\"name\":\"Augusztus v\u00e9g\u00e9n \u00e9rkeznek a szeptemberi csal\u00e1dt\u00e1mogat\u00e1sok - Super News\",\"isPartOf\":{\"@id\":\"https:\\\/\\\/super-news.info\\\/hu\\\/#website\"},\"primaryImageOfPage\":{\"@id\":\"https:\\\/\\\/super-news.info\\\/hu\\\/augusztus-vegen-erkeznek-a-szeptemberi-csaladtamogatasok\\\/#primaryimage\"},\"image\":{\"@id\":\"https:\\\/\\\/super-news.info\\\/hu\\\/augusztus-vegen-erkeznek-a-szeptemberi-csaladtamogatasok\\\/#primaryimage\"},\"thumbnailUrl\":\"https:\\\/\\\/super-news.info\\\/hu\\\/wp-content\\\/uploads\\\/sites\\\/3\\\/2019\\\/04\\\/V\u00e1ltoz\u00f3-k\u00e9pet-mutat-az-eur\u00f3pai-keresked\u00e9s.png\",\"datePublished\":\"2019-08-06T20:48:25+00:00\",\"dateModified\":\"2019-08-06T20:48:26+00:00\",\"author\":{\"@id\":\"https:\\\/\\\/super-news.info\\\/hu\\\/#\\\/schema\\\/person\\\/2d4068cb2f39cd10008c2fce578a7356\"},\"breadcrumb\":{\"@id\":\"https:\\\/\\\/super-news.info\\\/hu\\\/augusztus-vegen-erkeznek-a-szeptemberi-csaladtamogatasok\\\/#breadcrumb\"},\"inLanguage\":\"hu\",\"potentialAction\":[{\"@type\":\"ReadAction\",\"target\":[\"https:\\\/\\\/super-news.info\\\/hu\\\/augusztus-vegen-erkeznek-a-szeptemberi-csaladtamogatasok\\\/\"]}]},{\"@type\":\"ImageObject\",\"inLanguage\":\"hu\",\"@id\":\"https:\\\/\\\/super-news.info\\\/hu\\\/augusztus-vegen-erkeznek-a-szeptemberi-csaladtamogatasok\\\/#primaryimage\",\"url\":\"https:\\\/\\\/super-news.info\\\/hu\\\/wp-content\\\/uploads\\\/sites\\\/3\\\/2019\\\/04\\\/V\u00e1ltoz\u00f3-k\u00e9pet-mutat-az-eur\u00f3pai-keresked\u00e9s.png\",\"contentUrl\":\"https:\\\/\\\/super-news.info\\\/hu\\\/wp-content\\\/uploads\\\/sites\\\/3\\\/2019\\\/04\\\/V\u00e1ltoz\u00f3-k\u00e9pet-mutat-az-eur\u00f3pai-keresked\u00e9s.png\",\"width\":1400,\"height\":900,\"caption\":\"V\u00e1ltoz\u00f3 k\u00e9pet mutat az eur\u00f3pai keresked\u00e9s\"},{\"@type\":\"BreadcrumbList\",\"@id\":\"https:\\\/\\\/super-news.info\\\/hu\\\/augusztus-vegen-erkeznek-a-szeptemberi-csaladtamogatasok\\\/#breadcrumb\",\"itemListElement\":[{\"@type\":\"ListItem\",\"position\":1,\"name\":\"\u0413\u043b\u0430\u0432\u043d\u0430\u044f \u0441\u0442\u0440\u0430\u043d\u0438\u0446\u0430\",\"item\":\"https:\\\/\\\/super-news.info\\\/hu\\\/\"},{\"@type\":\"ListItem\",\"position\":2,\"name\":\"Augusztus v\u00e9g\u00e9n \u00e9rkeznek a szeptemberi csal\u00e1dt\u00e1mogat\u00e1sok\"}]},{\"@type\":\"WebSite\",\"@id\":\"https:\\\/\\\/super-news.info\\\/hu\\\/#website\",\"url\":\"https:\\\/\\\/super-news.info\\\/hu\\\/\",\"name\":\"Super News\",\"description\":\"Super News Magyarorsz\u00e1g\",\"potentialAction\":[{\"@type\":\"SearchAction\",\"target\":{\"@type\":\"EntryPoint\",\"urlTemplate\":\"https:\\\/\\\/super-news.info\\\/hu\\\/?s={search_term_string}\"},\"query-input\":{\"@type\":\"PropertyValueSpecification\",\"valueRequired\":true,\"valueName\":\"search_term_string\"}}],\"inLanguage\":\"hu\"},{\"@type\":\"Person\",\"@id\":\"https:\\\/\\\/super-news.info\\\/hu\\\/#\\\/schema\\\/person\\\/2d4068cb2f39cd10008c2fce578a7356\",\"name\":\"super-news\",\"image\":{\"@type\":\"ImageObject\",\"inLanguage\":\"hu\",\"@id\":\"https:\\\/\\\/secure.gravatar.com\\\/avatar\\\/64ebac40b93f26a154f8a9b5b6fdccfc46f442b26b3dd6756dbff3bf9dc76fd7?s=96&d=mm&r=g\",\"url\":\"https:\\\/\\\/secure.gravatar.com\\\/avatar\\\/64ebac40b93f26a154f8a9b5b6fdccfc46f442b26b3dd6756dbff3bf9dc76fd7?s=96&d=mm&r=g\",\"contentUrl\":\"https:\\\/\\\/secure.gravatar.com\\\/avatar\\\/64ebac40b93f26a154f8a9b5b6fdccfc46f442b26b3dd6756dbff3bf9dc76fd7?s=96&d=mm&r=g\",\"caption\":\"super-news\"},\"url\":\"https:\\\/\\\/super-news.info\\\/hu\\\/author\\\/pt\\\/\"}]}<\/script>\n<!-- \/ Yoast SEO plugin. -->","yoast_head_json":{"title":"Augusztus v\u00e9g\u00e9n \u00e9rkeznek a szeptemberi csal\u00e1dt\u00e1mogat\u00e1sok - Super News","robots":{"index":"index","follow":"follow","max-snippet":"max-snippet:-1","max-image-preview":"max-image-preview:large","max-video-preview":"max-video-preview:-1"},"canonical":"https:\/\/super-news.info\/hu\/augusztus-vegen-erkeznek-a-szeptemberi-csaladtamogatasok\/","og_locale":"hu_HU","og_type":"article","og_title":"Augusztus v\u00e9g\u00e9n \u00e9rkeznek a szeptemberi csal\u00e1dt\u00e1mogat\u00e1sok - Super News","og_description":"[ad_1] A gyermeket nevel\u0151 csal\u00e1dok m\u00e1r augusztus v\u00e9g\u00e9n megkapj\u00e1k a szeptemberben esed\u00e9kes csal\u00e1dt\u00e1mogat\u00e1sokat \u2013 k\u00f6z\u00f6lte az Emberi Er\u0151forr\u00e1sok Miniszt\u00e9riuma kedden. A jogosultak a csal\u00e1di p\u00f3tl\u00e9kot, a gyermekgondoz\u00e1st seg\u00edt\u0151 ell\u00e1t\u00e1st \u00e9s a gyermeknevel\u00e9si t\u00e1mogat\u00e1st is k\u00e9zhez kapj\u00e1k, hogy k\u00f6nnyebb legyen sz\u00e1mukra az iskolakezd\u00e9s. Postai k\u00e9zbes\u00edt\u00e9s eset\u00e9n, amennyiben a c\u00edmzett nem tart\u00f3zkodik otthon, \u00e9rtes\u00edt\u0151t kap, hol \u00e9s [&hellip;]","og_url":"https:\/\/super-news.info\/hu\/augusztus-vegen-erkeznek-a-szeptemberi-csaladtamogatasok\/","og_site_name":"Super News","article_published_time":"2019-08-06T20:48:25+00:00","article_modified_time":"2019-08-06T20:48:26+00:00","og_image":[{"width":1400,"height":900,"url":"https:\/\/super-news.info\/hu\/wp-content\/uploads\/sites\/3\/2019\/04\/V\u00e1ltoz\u00f3-k\u00e9pet-mutat-az-eur\u00f3pai-keresked\u00e9s.png","type":"image\/png"}],"author":"super-news","twitter_card":"summary_large_image","twitter_misc":{"Szerz\u0151:":"super-news","Becs\u00fclt olvas\u00e1si id\u0151":"1 perc"},"schema":{"@context":"https:\/\/schema.org","@graph":[{"@type":"Article","@id":"https:\/\/super-news.info\/hu\/augusztus-vegen-erkeznek-a-szeptemberi-csaladtamogatasok\/#article","isPartOf":{"@id":"https:\/\/super-news.info\/hu\/augusztus-vegen-erkeznek-a-szeptemberi-csaladtamogatasok\/"},"author":{"name":"super-news","@id":"https:\/\/super-news.info\/hu\/#\/schema\/person\/2d4068cb2f39cd10008c2fce578a7356"},"headline":"Augusztus v\u00e9g\u00e9n \u00e9rkeznek a szeptemberi csal\u00e1dt\u00e1mogat\u00e1sok","datePublished":"2019-08-06T20:48:25+00:00","dateModified":"2019-08-06T20:48:26+00:00","mainEntityOfPage":{"@id":"https:\/\/super-news.info\/hu\/augusztus-vegen-erkeznek-a-szeptemberi-csaladtamogatasok\/"},"wordCount":204,"commentCount":0,"image":{"@id":"https:\/\/super-news.info\/hu\/augusztus-vegen-erkeznek-a-szeptemberi-csaladtamogatasok\/#primaryimage"},"thumbnailUrl":"https:\/\/super-news.info\/hu\/wp-content\/uploads\/sites\/3\/2019\/04\/V\u00e1ltoz\u00f3-k\u00e9pet-mutat-az-eur\u00f3pai-keresked\u00e9s.png","articleSection":["P\u00c9NZ\u00dcGYI H\u00cdREK"],"inLanguage":"hu","potentialAction":[{"@type":"CommentAction","name":"Comment","target":["https:\/\/super-news.info\/hu\/augusztus-vegen-erkeznek-a-szeptemberi-csaladtamogatasok\/#respond"]}]},{"@type":"WebPage","@id":"https:\/\/super-news.info\/hu\/augusztus-vegen-erkeznek-a-szeptemberi-csaladtamogatasok\/","url":"https:\/\/super-news.info\/hu\/augusztus-vegen-erkeznek-a-szeptemberi-csaladtamogatasok\/","name":"Augusztus v\u00e9g\u00e9n \u00e9rkeznek a szeptemberi csal\u00e1dt\u00e1mogat\u00e1sok - Super News","isPartOf":{"@id":"https:\/\/super-news.info\/hu\/#website"},"primaryImageOfPage":{"@id":"https:\/\/super-news.info\/hu\/augusztus-vegen-erkeznek-a-szeptemberi-csaladtamogatasok\/#primaryimage"},"image":{"@id":"https:\/\/super-news.info\/hu\/augusztus-vegen-erkeznek-a-szeptemberi-csaladtamogatasok\/#primaryimage"},"thumbnailUrl":"https:\/\/super-news.info\/hu\/wp-content\/uploads\/sites\/3\/2019\/04\/V\u00e1ltoz\u00f3-k\u00e9pet-mutat-az-eur\u00f3pai-keresked\u00e9s.png","datePublished":"2019-08-06T20:48:25+00:00","dateModified":"2019-08-06T20:48:26+00:00","author":{"@id":"https:\/\/super-news.info\/hu\/#\/schema\/person\/2d4068cb2f39cd10008c2fce578a7356"},"breadcrumb":{"@id":"https:\/\/super-news.info\/hu\/augusztus-vegen-erkeznek-a-szeptemberi-csaladtamogatasok\/#breadcrumb"},"inLanguage":"hu","potentialAction":[{"@type":"ReadAction","target":["https:\/\/super-news.info\/hu\/augusztus-vegen-erkeznek-a-szeptemberi-csaladtamogatasok\/"]}]},{"@type":"ImageObject","inLanguage":"hu","@id":"https:\/\/super-news.info\/hu\/augusztus-vegen-erkeznek-a-szeptemberi-csaladtamogatasok\/#primaryimage","url":"https:\/\/super-news.info\/hu\/wp-content\/uploads\/sites\/3\/2019\/04\/V\u00e1ltoz\u00f3-k\u00e9pet-mutat-az-eur\u00f3pai-keresked\u00e9s.png","contentUrl":"https:\/\/super-news.info\/hu\/wp-content\/uploads\/sites\/3\/2019\/04\/V\u00e1ltoz\u00f3-k\u00e9pet-mutat-az-eur\u00f3pai-keresked\u00e9s.png","width":1400,"height":900,"caption":"V\u00e1ltoz\u00f3 k\u00e9pet mutat az eur\u00f3pai keresked\u00e9s"},{"@type":"BreadcrumbList","@id":"https:\/\/super-news.info\/hu\/augusztus-vegen-erkeznek-a-szeptemberi-csaladtamogatasok\/#breadcrumb","itemListElement":[{"@type":"ListItem","position":1,"name":"\u0413\u043b\u0430\u0432\u043d\u0430\u044f \u0441\u0442\u0440\u0430\u043d\u0438\u0446\u0430","item":"https:\/\/super-news.info\/hu\/"},{"@type":"ListItem","position":2,"name":"Augusztus v\u00e9g\u00e9n \u00e9rkeznek a szeptemberi csal\u00e1dt\u00e1mogat\u00e1sok"}]},{"@type":"WebSite","@id":"https:\/\/super-news.info\/hu\/#website","url":"https:\/\/super-news.info\/hu\/","name":"Super News","description":"Super News Magyarorsz\u00e1g","potentialAction":[{"@type":"SearchAction","target":{"@type":"EntryPoint","urlTemplate":"https:\/\/super-news.info\/hu\/?s={search_term_string}"},"query-input":{"@type":"PropertyValueSpecification","valueRequired":true,"valueName":"search_term_string"}}],"inLanguage":"hu"},{"@type":"Person","@id":"https:\/\/super-news.info\/hu\/#\/schema\/person\/2d4068cb2f39cd10008c2fce578a7356","name":"super-news","image":{"@type":"ImageObject","inLanguage":"hu","@id":"https:\/\/secure.gravatar.com\/avatar\/64ebac40b93f26a154f8a9b5b6fdccfc46f442b26b3dd6756dbff3bf9dc76fd7?s=96&d=mm&r=g","url":"https:\/\/secure.gravatar.com\/avatar\/64ebac40b93f26a154f8a9b5b6fdccfc46f442b26b3dd6756dbff3bf9dc76fd7?s=96&d=mm&r=g","contentUrl":"https:\/\/secure.gravatar.com\/avatar\/64ebac40b93f26a154f8a9b5b6fdccfc46f442b26b3dd6756dbff3bf9dc76fd7?s=96&d=mm&r=g","caption":"super-news"},"url":"https:\/\/super-news.info\/hu\/author\/pt\/"}]}},"_links":{"self":[{"href":"https:\/\/super-news.info\/hu\/wp-json\/wp\/v2\/posts\/7252","targetHints":{"allow":["GET"]}}],"collection":[{"href":"https:\/\/super-news.info\/hu\/wp-json\/wp\/v2\/posts"}],"about":[{"href":"https:\/\/super-news.info\/hu\/wp-json\/wp\/v2\/types\/post"}],"author":[{"embeddable":true,"href":"https:\/\/super-news.info\/hu\/wp-json\/wp\/v2\/users\/2"}],"replies":[{"embeddable":true,"href":"https:\/\/super-news.info\/hu\/wp-json\/wp\/v2\/comments?post=7252"}],"version-history":[{"count":1,"href":"https:\/\/super-news.info\/hu\/wp-json\/wp\/v2\/posts\/7252\/revisions"}],"predecessor-version":[{"id":7253,"href":"https:\/\/super-news.info\/hu\/wp-json\/wp\/v2\/posts\/7252\/revisions\/7253"}],"wp:featuredmedia":[{"embeddable":true,"href":"https:\/\/super-news.info\/hu\/wp-json\/wp\/v2\/media\/300"}],"wp:attachment":[{"href":"https:\/\/super-news.info\/hu\/wp-json\/wp\/v2\/media?parent=7252"}],"wp:term":[{"taxonomy":"category","embeddable":true,"href":"https:\/\/super-news.info\/hu\/wp-json\/wp\/v2\/categories?post=7252"},{"taxonomy":"post_tag","embeddable":true,"href":"https:\/\/super-news.info\/hu\/wp-json\/wp\/v2\/tags?post=7252"}],"curies":[{"name":"wp","href":"https:\/\/api.w.org\/{rel}","templated":true}]}}