{"id":7246,"date":"2019-08-06T21:54:28","date_gmt":"2019-08-06T18:54:28","guid":{"rendered":"https:\/\/super-news.info\/hu\/otvenmillio-ev-kell-ahhoz-hogy-kiheverjek-az-emberek-okozta-karokat\/"},"modified":"2019-08-06T21:54:29","modified_gmt":"2019-08-06T18:54:29","slug":"otvenmillio-ev-kell-ahhoz-hogy-kiheverjek-az-emberek-okozta-karokat","status":"publish","type":"post","link":"https:\/\/super-news.info\/hu\/otvenmillio-ev-kell-ahhoz-hogy-kiheverjek-az-emberek-okozta-karokat\/","title":{"rendered":"\u00d6tvenmilli\u00f3 \u00e9v kell ahhoz, hogy kiheverj\u00e9k az emberek okozta k\u00e1rokat"},"content":{"rendered":"<p> [ad_1]<br \/>\n<\/p>\n<p>\n\t\t\t\t\t\t\t\t\u00daj-Z\u00e9landra \u00e9rkez\u00e9se \u00f3ta az ember olyan m\u00e9rt\u00e9kben megtizedelte a mad\u00e1rvil\u00e1got, hogy regener\u00e1l\u00f3d\u00e1s\u00e1hoz mintegy 50 milli\u00f3 \u00e9vre lenne sz\u00fcks\u00e9g. \t\t\t\t\t\t\t<\/p>\n<div>\n<p>Az egykorihoz hasonl\u00f3an soksz\u00edn\u0171 mad\u00e1rvil\u00e1g \u00fajb\u00f3li evol\u00faci\u00f3s regener\u00e1l\u00f3d\u00e1s\u00e1hoz, kifejl\u0151d\u00e9s\u00e9hez t\u00f6bb id\u0151 kellene, mint amennyi ideje l\u00e9tezik az emberis\u00e9g \u2013 \u00edrja egy nemzetk\u00f6zi kutat\u00f3csoport a Current Biology c\u00edm\u0171 szaklapban.<\/p>\n<p>Nagyj\u00e1b\u00f3l 700 \u00e9vvel ezel\u0151tti, \u00daj-Z\u00e9landra \u00e9rkez\u00e9se ut\u00e1n az ember \u00e9s a mag\u00e1val hozott \u00e1llatok puszt\u00edt\u00f3 kihal\u00e1si hull\u00e1mot id\u00e9ztek el\u0151 a helyi mad\u00e1rvil\u00e1gban. T\u00f6bb mint 70 mad\u00e1rfaj t\u0171nt el \u2013 k\u00f6z\u00f6lte a berlini Term\u00e9szettudom\u00e1nyi M\u00fazeum, ahol a tanulm\u00e1ny egyik t\u00e1rsszerz\u0151je, Luis Valente v\u00e9gez kutat\u00e1sokat.<\/p>\n<div id=\"attachment_1676116\" style=\"width: 1034px\" class=\"wp-caption alignnone\">\n<p class=\"wp-caption-text\">Hatalmas puszt\u00edt\u00e1st v\u00e9gzett az ember a sziget \u00e1llatvil\u00e1g\u00e1ban is<br \/>Fot\u00f3: bird.org.nz<\/p>\n<\/div>\n<p>A mad\u00e1rv\u00e9delmi er\u0151fesz\u00edt\u00e9sek ellen\u00e9re a m\u00e9g megl\u00e9v\u0151 fajok 30 sz\u00e1zal\u00e9k\u00e1t fenyegeti a kihal\u00e1s vesz\u00e9lye. A kakap\u00f3 p\u00e9ld\u00e1ul n\u00e9h\u00e1ny \u00e9ve csaknem kihalt, mivel vesz\u00e9lyeztetik a patk\u00e1nyok, nyestek, vad\u00e1szg\u00f6r\u00e9nyek, macsk\u00e1k \u00e9s m\u00e1s, az ember \u00e1ltal behozott \u00e1llatok. A kakap\u00f3k az erd\u0151k talajszintj\u00e9n \u00e9lnek, ott rakj\u00e1k le toj\u00e1saikat is, \u00e9s semmilyen v\u00e9dekez\u00e9si strat\u00e9gi\u00e1val nem rendelkeznek.<\/p>\n<p>Mivel a szigeteken eredetileg a denev\u00e9reken k\u00edv\u00fcl nem \u00e9ltek eml\u0151s\u00f6k, a madaraknak nem kellett ilyesfajta ellens\u00e9gre sz\u00e1m\u00edtaniuk. Sok itt \u00e9l\u0151 mad\u00e1r ez\u00e9rt r\u00f6pk\u00e9ptelen, nagy, viselked\u00e9se f\u0151k\u00e9nt \u201enaiv\u201d, \u00edgy viszonylag k\u00f6nny\u0171 pr\u00e9d\u00e1nak sz\u00e1m\u00edtanak \u2013 \u00edrj\u00e1k a szak\u00e9rt\u0151k. A behurcolt \u00e1llatfajokon k\u00edv\u00fcl a vad\u00e1szat \u00e9s a megv\u00e1ltozott f\u00f6ldhaszn\u00e1lat is h\u00e1tr\u00e1nyukra v\u00e1lt.<\/p>\n<p>A kutat\u00f3k kielemezt\u00e9k az \u00faj-z\u00e9landi kihalt \u00e9s m\u00e9g \u00e9l\u0151 madarak genetikai \u00e9s fosszilis adatait. Ezut\u00e1n sz\u00e1m\u00edt\u00f3g\u00e9pes szimul\u00e1ci\u00f3k seg\u00edts\u00e9g\u00e9vel meghat\u00e1rozt\u00e1k, milyen sok\u00e1ig tartana, m\u00edg a szigeteken az evol\u00faci\u00f3 r\u00e9v\u00e9n \u00fajra l\u00e9trej\u00f6nne az elveszett soksz\u00edn\u0171s\u00e9g.<\/p>\n<blockquote>\n<p>Ha azok a fajok, amelyek jelenleg a potenci\u00e1lisan vesz\u00e9lyeztetett kateg\u00f3ri\u00e1ba tartoznak, szint\u00e9n kihaln\u00e1nak, tov\u00e1bbi t\u00edzmilli\u00f3 \u00e9vre lenne sz\u00fcks\u00e9g<\/p>\n<\/blockquote>\n<p>\u2013 k\u00f6z\u00f6lte a berlini Term\u00e9szettudom\u00e1nyi M\u00fazeum.<\/p>\n<p>Mivel \u00daj-Z\u00e9landot szigetek alkotj\u00e1k, melyeken a n\u00f6v\u00e9nyek \u00e9s \u00e1llatok a vil\u00e1g t\u00f6bbi r\u00e9sz\u00e9t\u0151l elz\u00e1rtan, zavartalanul fejl\u0151dhettek, k\u00fcl\u00f6nleges madarak otthon\u00e1v\u00e1 v\u00e1lt. Ilyen p\u00e9ld\u00e1ul c\u00edmer\u00e1llata, a r\u00f6pk\u00e9ptelen, \u00e9jszaka akt\u00edv kiwi.<\/p>\n<\/p><\/div>\n<p><script>\n    window.fbAsyncInit = function() {\n        FB.init({\n            appId      : \"204760236815359\",\n            xfbml      : true,\n            version    : \"v2.12\"\n        });\n        FB.AppEvents.logPageView();\n    };<\/p>\n<p>    (function(d, s, id){\n        var js, fjs = d.getElementsByTagName(s)[0];\n        if (d.getElementById(id)) {return;}\n        js = d.createElement(s); js.id = id;\n        js.src = \"http:\/\/connect.facebook.net\/hu_HU\/sdk.js\";\n        fjs.parentNode.insertBefore(js, fjs);\n    }(document, \"script\", \"facebook-jssdk\"));\n<\/script><br \/>\n<br \/>[ad_2]<br \/>\n<br \/><a href=\"https:\/\/www.vg.hu\/kozelet\/kornyezetvedelem\/otvenmillio-ev-kell-ahhoz-hogy-kiheverjek-az-emberek-okozta-karokat-1676092\/\">Source link <\/a><\/p>\n","protected":false},"excerpt":{"rendered":"<p>[ad_1] \u00daj-Z\u00e9landra \u00e9rkez\u00e9se \u00f3ta az ember olyan m\u00e9rt\u00e9kben megtizedelte a mad\u00e1rvil\u00e1got, hogy regener\u00e1l\u00f3d\u00e1s\u00e1hoz mintegy 50 milli\u00f3 \u00e9vre lenne sz\u00fcks\u00e9g. Az egykorihoz hasonl\u00f3an soksz\u00edn\u0171 mad\u00e1rvil\u00e1g \u00fajb\u00f3li evol\u00faci\u00f3s regener\u00e1l\u00f3d\u00e1s\u00e1hoz, kifejl\u0151d\u00e9s\u00e9hez t\u00f6bb id\u0151 kellene, mint amennyi ideje l\u00e9tezik az emberis\u00e9g \u2013 \u00edrja egy nemzetk\u00f6zi kutat\u00f3csoport a Current Biology c\u00edm\u0171 szaklapban. Nagyj\u00e1b\u00f3l 700 \u00e9vvel ezel\u0151tti, \u00daj-Z\u00e9landra \u00e9rkez\u00e9se ut\u00e1n az [&hellip;]<\/p>\n","protected":false},"author":2,"featured_media":7247,"comment_status":"open","ping_status":"open","sticky":false,"template":"","format":"standard","meta":{"footnotes":""},"categories":[1],"tags":[],"class_list":["post-7246","post","type-post","status-publish","format-standard","has-post-thumbnail","hentry","category-penzugyi-hirek"],"yoast_head":"<!-- This site is optimized with the Yoast SEO plugin v27.4 - https:\/\/yoast.com\/product\/yoast-seo-wordpress\/ -->\n<title>\u00d6tvenmilli\u00f3 \u00e9v kell ahhoz, hogy kiheverj\u00e9k az emberek okozta k\u00e1rokat - Super News<\/title>\n<meta name=\"robots\" content=\"index, follow, max-snippet:-1, max-image-preview:large, max-video-preview:-1\" \/>\n<link rel=\"canonical\" href=\"https:\/\/super-news.info\/hu\/otvenmillio-ev-kell-ahhoz-hogy-kiheverjek-az-emberek-okozta-karokat\/\" \/>\n<meta property=\"og:locale\" content=\"hu_HU\" \/>\n<meta property=\"og:type\" content=\"article\" \/>\n<meta property=\"og:title\" content=\"\u00d6tvenmilli\u00f3 \u00e9v kell ahhoz, hogy kiheverj\u00e9k az emberek okozta k\u00e1rokat - Super News\" \/>\n<meta property=\"og:description\" content=\"[ad_1] \u00daj-Z\u00e9landra \u00e9rkez\u00e9se \u00f3ta az ember olyan m\u00e9rt\u00e9kben megtizedelte a mad\u00e1rvil\u00e1got, hogy regener\u00e1l\u00f3d\u00e1s\u00e1hoz mintegy 50 milli\u00f3 \u00e9vre lenne sz\u00fcks\u00e9g. Az egykorihoz hasonl\u00f3an soksz\u00edn\u0171 mad\u00e1rvil\u00e1g \u00fajb\u00f3li evol\u00faci\u00f3s regener\u00e1l\u00f3d\u00e1s\u00e1hoz, kifejl\u0151d\u00e9s\u00e9hez t\u00f6bb id\u0151 kellene, mint amennyi ideje l\u00e9tezik az emberis\u00e9g \u2013 \u00edrja egy nemzetk\u00f6zi kutat\u00f3csoport a Current Biology c\u00edm\u0171 szaklapban. Nagyj\u00e1b\u00f3l 700 \u00e9vvel ezel\u0151tti, \u00daj-Z\u00e9landra \u00e9rkez\u00e9se ut\u00e1n az [&hellip;]\" \/>\n<meta property=\"og:url\" content=\"https:\/\/super-news.info\/hu\/otvenmillio-ev-kell-ahhoz-hogy-kiheverjek-az-emberek-okozta-karokat\/\" \/>\n<meta property=\"og:site_name\" content=\"Super News\" \/>\n<meta property=\"article:published_time\" content=\"2019-08-06T18:54:28+00:00\" \/>\n<meta property=\"article:modified_time\" content=\"2019-08-06T18:54:29+00:00\" \/>\n<meta property=\"og:image\" content=\"https:\/\/super-news.info\/hu\/wp-content\/uploads\/sites\/3\/2019\/08\/\u00d6tvenmilli\u00f3-\u00e9v-kell-ahhoz-hogy-kiheverj\u00e9k-az-emberek-okozta-k\u00e1rokat.jpg\" \/>\n\t<meta property=\"og:image:width\" content=\"1024\" \/>\n\t<meta property=\"og:image:height\" content=\"683\" \/>\n\t<meta property=\"og:image:type\" content=\"image\/jpeg\" \/>\n<meta name=\"author\" content=\"super-news\" \/>\n<meta name=\"twitter:card\" content=\"summary_large_image\" \/>\n<meta name=\"twitter:label1\" content=\"Szerz\u0151:\" \/>\n\t<meta name=\"twitter:data1\" content=\"super-news\" \/>\n\t<meta name=\"twitter:label2\" content=\"Becs\u00fclt olvas\u00e1si id\u0151\" \/>\n\t<meta name=\"twitter:data2\" content=\"2 perc\" \/>\n<script type=\"application\/ld+json\" class=\"yoast-schema-graph\">{\"@context\":\"https:\\\/\\\/schema.org\",\"@graph\":[{\"@type\":\"Article\",\"@id\":\"https:\\\/\\\/super-news.info\\\/hu\\\/otvenmillio-ev-kell-ahhoz-hogy-kiheverjek-az-emberek-okozta-karokat\\\/#article\",\"isPartOf\":{\"@id\":\"https:\\\/\\\/super-news.info\\\/hu\\\/otvenmillio-ev-kell-ahhoz-hogy-kiheverjek-az-emberek-okozta-karokat\\\/\"},\"author\":{\"name\":\"super-news\",\"@id\":\"https:\\\/\\\/super-news.info\\\/hu\\\/#\\\/schema\\\/person\\\/2d4068cb2f39cd10008c2fce578a7356\"},\"headline\":\"\u00d6tvenmilli\u00f3 \u00e9v kell ahhoz, hogy kiheverj\u00e9k az emberek okozta k\u00e1rokat\",\"datePublished\":\"2019-08-06T18:54:28+00:00\",\"dateModified\":\"2019-08-06T18:54:29+00:00\",\"mainEntityOfPage\":{\"@id\":\"https:\\\/\\\/super-news.info\\\/hu\\\/otvenmillio-ev-kell-ahhoz-hogy-kiheverjek-az-emberek-okozta-karokat\\\/\"},\"wordCount\":486,\"commentCount\":0,\"image\":{\"@id\":\"https:\\\/\\\/super-news.info\\\/hu\\\/otvenmillio-ev-kell-ahhoz-hogy-kiheverjek-az-emberek-okozta-karokat\\\/#primaryimage\"},\"thumbnailUrl\":\"https:\\\/\\\/super-news.info\\\/hu\\\/wp-content\\\/uploads\\\/sites\\\/3\\\/2019\\\/08\\\/\u00d6tvenmilli\u00f3-\u00e9v-kell-ahhoz-hogy-kiheverj\u00e9k-az-emberek-okozta-k\u00e1rokat.jpg\",\"articleSection\":[\"P\u00c9NZ\u00dcGYI H\u00cdREK\"],\"inLanguage\":\"hu\",\"potentialAction\":[{\"@type\":\"CommentAction\",\"name\":\"Comment\",\"target\":[\"https:\\\/\\\/super-news.info\\\/hu\\\/otvenmillio-ev-kell-ahhoz-hogy-kiheverjek-az-emberek-okozta-karokat\\\/#respond\"]}]},{\"@type\":\"WebPage\",\"@id\":\"https:\\\/\\\/super-news.info\\\/hu\\\/otvenmillio-ev-kell-ahhoz-hogy-kiheverjek-az-emberek-okozta-karokat\\\/\",\"url\":\"https:\\\/\\\/super-news.info\\\/hu\\\/otvenmillio-ev-kell-ahhoz-hogy-kiheverjek-az-emberek-okozta-karokat\\\/\",\"name\":\"\u00d6tvenmilli\u00f3 \u00e9v kell ahhoz, hogy kiheverj\u00e9k az emberek okozta k\u00e1rokat - Super News\",\"isPartOf\":{\"@id\":\"https:\\\/\\\/super-news.info\\\/hu\\\/#website\"},\"primaryImageOfPage\":{\"@id\":\"https:\\\/\\\/super-news.info\\\/hu\\\/otvenmillio-ev-kell-ahhoz-hogy-kiheverjek-az-emberek-okozta-karokat\\\/#primaryimage\"},\"image\":{\"@id\":\"https:\\\/\\\/super-news.info\\\/hu\\\/otvenmillio-ev-kell-ahhoz-hogy-kiheverjek-az-emberek-okozta-karokat\\\/#primaryimage\"},\"thumbnailUrl\":\"https:\\\/\\\/super-news.info\\\/hu\\\/wp-content\\\/uploads\\\/sites\\\/3\\\/2019\\\/08\\\/\u00d6tvenmilli\u00f3-\u00e9v-kell-ahhoz-hogy-kiheverj\u00e9k-az-emberek-okozta-k\u00e1rokat.jpg\",\"datePublished\":\"2019-08-06T18:54:28+00:00\",\"dateModified\":\"2019-08-06T18:54:29+00:00\",\"author\":{\"@id\":\"https:\\\/\\\/super-news.info\\\/hu\\\/#\\\/schema\\\/person\\\/2d4068cb2f39cd10008c2fce578a7356\"},\"breadcrumb\":{\"@id\":\"https:\\\/\\\/super-news.info\\\/hu\\\/otvenmillio-ev-kell-ahhoz-hogy-kiheverjek-az-emberek-okozta-karokat\\\/#breadcrumb\"},\"inLanguage\":\"hu\",\"potentialAction\":[{\"@type\":\"ReadAction\",\"target\":[\"https:\\\/\\\/super-news.info\\\/hu\\\/otvenmillio-ev-kell-ahhoz-hogy-kiheverjek-az-emberek-okozta-karokat\\\/\"]}]},{\"@type\":\"ImageObject\",\"inLanguage\":\"hu\",\"@id\":\"https:\\\/\\\/super-news.info\\\/hu\\\/otvenmillio-ev-kell-ahhoz-hogy-kiheverjek-az-emberek-okozta-karokat\\\/#primaryimage\",\"url\":\"https:\\\/\\\/super-news.info\\\/hu\\\/wp-content\\\/uploads\\\/sites\\\/3\\\/2019\\\/08\\\/\u00d6tvenmilli\u00f3-\u00e9v-kell-ahhoz-hogy-kiheverj\u00e9k-az-emberek-okozta-k\u00e1rokat.jpg\",\"contentUrl\":\"https:\\\/\\\/super-news.info\\\/hu\\\/wp-content\\\/uploads\\\/sites\\\/3\\\/2019\\\/08\\\/\u00d6tvenmilli\u00f3-\u00e9v-kell-ahhoz-hogy-kiheverj\u00e9k-az-emberek-okozta-k\u00e1rokat.jpg\",\"width\":1024,\"height\":683,\"caption\":\"\u00d6tvenmilli\u00f3 \u00e9v kell ahhoz, hogy kiheverj\u00e9k az emberek okozta k\u00e1rokat\"},{\"@type\":\"BreadcrumbList\",\"@id\":\"https:\\\/\\\/super-news.info\\\/hu\\\/otvenmillio-ev-kell-ahhoz-hogy-kiheverjek-az-emberek-okozta-karokat\\\/#breadcrumb\",\"itemListElement\":[{\"@type\":\"ListItem\",\"position\":1,\"name\":\"\u0413\u043b\u0430\u0432\u043d\u0430\u044f \u0441\u0442\u0440\u0430\u043d\u0438\u0446\u0430\",\"item\":\"https:\\\/\\\/super-news.info\\\/hu\\\/\"},{\"@type\":\"ListItem\",\"position\":2,\"name\":\"\u00d6tvenmilli\u00f3 \u00e9v kell ahhoz, hogy kiheverj\u00e9k az emberek okozta k\u00e1rokat\"}]},{\"@type\":\"WebSite\",\"@id\":\"https:\\\/\\\/super-news.info\\\/hu\\\/#website\",\"url\":\"https:\\\/\\\/super-news.info\\\/hu\\\/\",\"name\":\"Super News\",\"description\":\"Super News Magyarorsz\u00e1g\",\"potentialAction\":[{\"@type\":\"SearchAction\",\"target\":{\"@type\":\"EntryPoint\",\"urlTemplate\":\"https:\\\/\\\/super-news.info\\\/hu\\\/?s={search_term_string}\"},\"query-input\":{\"@type\":\"PropertyValueSpecification\",\"valueRequired\":true,\"valueName\":\"search_term_string\"}}],\"inLanguage\":\"hu\"},{\"@type\":\"Person\",\"@id\":\"https:\\\/\\\/super-news.info\\\/hu\\\/#\\\/schema\\\/person\\\/2d4068cb2f39cd10008c2fce578a7356\",\"name\":\"super-news\",\"image\":{\"@type\":\"ImageObject\",\"inLanguage\":\"hu\",\"@id\":\"https:\\\/\\\/secure.gravatar.com\\\/avatar\\\/64ebac40b93f26a154f8a9b5b6fdccfc46f442b26b3dd6756dbff3bf9dc76fd7?s=96&d=mm&r=g\",\"url\":\"https:\\\/\\\/secure.gravatar.com\\\/avatar\\\/64ebac40b93f26a154f8a9b5b6fdccfc46f442b26b3dd6756dbff3bf9dc76fd7?s=96&d=mm&r=g\",\"contentUrl\":\"https:\\\/\\\/secure.gravatar.com\\\/avatar\\\/64ebac40b93f26a154f8a9b5b6fdccfc46f442b26b3dd6756dbff3bf9dc76fd7?s=96&d=mm&r=g\",\"caption\":\"super-news\"},\"url\":\"https:\\\/\\\/super-news.info\\\/hu\\\/author\\\/pt\\\/\"}]}<\/script>\n<!-- \/ Yoast SEO plugin. -->","yoast_head_json":{"title":"\u00d6tvenmilli\u00f3 \u00e9v kell ahhoz, hogy kiheverj\u00e9k az emberek okozta k\u00e1rokat - Super News","robots":{"index":"index","follow":"follow","max-snippet":"max-snippet:-1","max-image-preview":"max-image-preview:large","max-video-preview":"max-video-preview:-1"},"canonical":"https:\/\/super-news.info\/hu\/otvenmillio-ev-kell-ahhoz-hogy-kiheverjek-az-emberek-okozta-karokat\/","og_locale":"hu_HU","og_type":"article","og_title":"\u00d6tvenmilli\u00f3 \u00e9v kell ahhoz, hogy kiheverj\u00e9k az emberek okozta k\u00e1rokat - Super News","og_description":"[ad_1] \u00daj-Z\u00e9landra \u00e9rkez\u00e9se \u00f3ta az ember olyan m\u00e9rt\u00e9kben megtizedelte a mad\u00e1rvil\u00e1got, hogy regener\u00e1l\u00f3d\u00e1s\u00e1hoz mintegy 50 milli\u00f3 \u00e9vre lenne sz\u00fcks\u00e9g. Az egykorihoz hasonl\u00f3an soksz\u00edn\u0171 mad\u00e1rvil\u00e1g \u00fajb\u00f3li evol\u00faci\u00f3s regener\u00e1l\u00f3d\u00e1s\u00e1hoz, kifejl\u0151d\u00e9s\u00e9hez t\u00f6bb id\u0151 kellene, mint amennyi ideje l\u00e9tezik az emberis\u00e9g \u2013 \u00edrja egy nemzetk\u00f6zi kutat\u00f3csoport a Current Biology c\u00edm\u0171 szaklapban. Nagyj\u00e1b\u00f3l 700 \u00e9vvel ezel\u0151tti, \u00daj-Z\u00e9landra \u00e9rkez\u00e9se ut\u00e1n az [&hellip;]","og_url":"https:\/\/super-news.info\/hu\/otvenmillio-ev-kell-ahhoz-hogy-kiheverjek-az-emberek-okozta-karokat\/","og_site_name":"Super News","article_published_time":"2019-08-06T18:54:28+00:00","article_modified_time":"2019-08-06T18:54:29+00:00","og_image":[{"width":1024,"height":683,"url":"https:\/\/super-news.info\/hu\/wp-content\/uploads\/sites\/3\/2019\/08\/\u00d6tvenmilli\u00f3-\u00e9v-kell-ahhoz-hogy-kiheverj\u00e9k-az-emberek-okozta-k\u00e1rokat.jpg","type":"image\/jpeg"}],"author":"super-news","twitter_card":"summary_large_image","twitter_misc":{"Szerz\u0151:":"super-news","Becs\u00fclt olvas\u00e1si id\u0151":"2 perc"},"schema":{"@context":"https:\/\/schema.org","@graph":[{"@type":"Article","@id":"https:\/\/super-news.info\/hu\/otvenmillio-ev-kell-ahhoz-hogy-kiheverjek-az-emberek-okozta-karokat\/#article","isPartOf":{"@id":"https:\/\/super-news.info\/hu\/otvenmillio-ev-kell-ahhoz-hogy-kiheverjek-az-emberek-okozta-karokat\/"},"author":{"name":"super-news","@id":"https:\/\/super-news.info\/hu\/#\/schema\/person\/2d4068cb2f39cd10008c2fce578a7356"},"headline":"\u00d6tvenmilli\u00f3 \u00e9v kell ahhoz, hogy kiheverj\u00e9k az emberek okozta k\u00e1rokat","datePublished":"2019-08-06T18:54:28+00:00","dateModified":"2019-08-06T18:54:29+00:00","mainEntityOfPage":{"@id":"https:\/\/super-news.info\/hu\/otvenmillio-ev-kell-ahhoz-hogy-kiheverjek-az-emberek-okozta-karokat\/"},"wordCount":486,"commentCount":0,"image":{"@id":"https:\/\/super-news.info\/hu\/otvenmillio-ev-kell-ahhoz-hogy-kiheverjek-az-emberek-okozta-karokat\/#primaryimage"},"thumbnailUrl":"https:\/\/super-news.info\/hu\/wp-content\/uploads\/sites\/3\/2019\/08\/\u00d6tvenmilli\u00f3-\u00e9v-kell-ahhoz-hogy-kiheverj\u00e9k-az-emberek-okozta-k\u00e1rokat.jpg","articleSection":["P\u00c9NZ\u00dcGYI H\u00cdREK"],"inLanguage":"hu","potentialAction":[{"@type":"CommentAction","name":"Comment","target":["https:\/\/super-news.info\/hu\/otvenmillio-ev-kell-ahhoz-hogy-kiheverjek-az-emberek-okozta-karokat\/#respond"]}]},{"@type":"WebPage","@id":"https:\/\/super-news.info\/hu\/otvenmillio-ev-kell-ahhoz-hogy-kiheverjek-az-emberek-okozta-karokat\/","url":"https:\/\/super-news.info\/hu\/otvenmillio-ev-kell-ahhoz-hogy-kiheverjek-az-emberek-okozta-karokat\/","name":"\u00d6tvenmilli\u00f3 \u00e9v kell ahhoz, hogy kiheverj\u00e9k az emberek okozta k\u00e1rokat - Super News","isPartOf":{"@id":"https:\/\/super-news.info\/hu\/#website"},"primaryImageOfPage":{"@id":"https:\/\/super-news.info\/hu\/otvenmillio-ev-kell-ahhoz-hogy-kiheverjek-az-emberek-okozta-karokat\/#primaryimage"},"image":{"@id":"https:\/\/super-news.info\/hu\/otvenmillio-ev-kell-ahhoz-hogy-kiheverjek-az-emberek-okozta-karokat\/#primaryimage"},"thumbnailUrl":"https:\/\/super-news.info\/hu\/wp-content\/uploads\/sites\/3\/2019\/08\/\u00d6tvenmilli\u00f3-\u00e9v-kell-ahhoz-hogy-kiheverj\u00e9k-az-emberek-okozta-k\u00e1rokat.jpg","datePublished":"2019-08-06T18:54:28+00:00","dateModified":"2019-08-06T18:54:29+00:00","author":{"@id":"https:\/\/super-news.info\/hu\/#\/schema\/person\/2d4068cb2f39cd10008c2fce578a7356"},"breadcrumb":{"@id":"https:\/\/super-news.info\/hu\/otvenmillio-ev-kell-ahhoz-hogy-kiheverjek-az-emberek-okozta-karokat\/#breadcrumb"},"inLanguage":"hu","potentialAction":[{"@type":"ReadAction","target":["https:\/\/super-news.info\/hu\/otvenmillio-ev-kell-ahhoz-hogy-kiheverjek-az-emberek-okozta-karokat\/"]}]},{"@type":"ImageObject","inLanguage":"hu","@id":"https:\/\/super-news.info\/hu\/otvenmillio-ev-kell-ahhoz-hogy-kiheverjek-az-emberek-okozta-karokat\/#primaryimage","url":"https:\/\/super-news.info\/hu\/wp-content\/uploads\/sites\/3\/2019\/08\/\u00d6tvenmilli\u00f3-\u00e9v-kell-ahhoz-hogy-kiheverj\u00e9k-az-emberek-okozta-k\u00e1rokat.jpg","contentUrl":"https:\/\/super-news.info\/hu\/wp-content\/uploads\/sites\/3\/2019\/08\/\u00d6tvenmilli\u00f3-\u00e9v-kell-ahhoz-hogy-kiheverj\u00e9k-az-emberek-okozta-k\u00e1rokat.jpg","width":1024,"height":683,"caption":"\u00d6tvenmilli\u00f3 \u00e9v kell ahhoz, hogy kiheverj\u00e9k az emberek okozta k\u00e1rokat"},{"@type":"BreadcrumbList","@id":"https:\/\/super-news.info\/hu\/otvenmillio-ev-kell-ahhoz-hogy-kiheverjek-az-emberek-okozta-karokat\/#breadcrumb","itemListElement":[{"@type":"ListItem","position":1,"name":"\u0413\u043b\u0430\u0432\u043d\u0430\u044f \u0441\u0442\u0440\u0430\u043d\u0438\u0446\u0430","item":"https:\/\/super-news.info\/hu\/"},{"@type":"ListItem","position":2,"name":"\u00d6tvenmilli\u00f3 \u00e9v kell ahhoz, hogy kiheverj\u00e9k az emberek okozta k\u00e1rokat"}]},{"@type":"WebSite","@id":"https:\/\/super-news.info\/hu\/#website","url":"https:\/\/super-news.info\/hu\/","name":"Super News","description":"Super News Magyarorsz\u00e1g","potentialAction":[{"@type":"SearchAction","target":{"@type":"EntryPoint","urlTemplate":"https:\/\/super-news.info\/hu\/?s={search_term_string}"},"query-input":{"@type":"PropertyValueSpecification","valueRequired":true,"valueName":"search_term_string"}}],"inLanguage":"hu"},{"@type":"Person","@id":"https:\/\/super-news.info\/hu\/#\/schema\/person\/2d4068cb2f39cd10008c2fce578a7356","name":"super-news","image":{"@type":"ImageObject","inLanguage":"hu","@id":"https:\/\/secure.gravatar.com\/avatar\/64ebac40b93f26a154f8a9b5b6fdccfc46f442b26b3dd6756dbff3bf9dc76fd7?s=96&d=mm&r=g","url":"https:\/\/secure.gravatar.com\/avatar\/64ebac40b93f26a154f8a9b5b6fdccfc46f442b26b3dd6756dbff3bf9dc76fd7?s=96&d=mm&r=g","contentUrl":"https:\/\/secure.gravatar.com\/avatar\/64ebac40b93f26a154f8a9b5b6fdccfc46f442b26b3dd6756dbff3bf9dc76fd7?s=96&d=mm&r=g","caption":"super-news"},"url":"https:\/\/super-news.info\/hu\/author\/pt\/"}]}},"_links":{"self":[{"href":"https:\/\/super-news.info\/hu\/wp-json\/wp\/v2\/posts\/7246","targetHints":{"allow":["GET"]}}],"collection":[{"href":"https:\/\/super-news.info\/hu\/wp-json\/wp\/v2\/posts"}],"about":[{"href":"https:\/\/super-news.info\/hu\/wp-json\/wp\/v2\/types\/post"}],"author":[{"embeddable":true,"href":"https:\/\/super-news.info\/hu\/wp-json\/wp\/v2\/users\/2"}],"replies":[{"embeddable":true,"href":"https:\/\/super-news.info\/hu\/wp-json\/wp\/v2\/comments?post=7246"}],"version-history":[{"count":1,"href":"https:\/\/super-news.info\/hu\/wp-json\/wp\/v2\/posts\/7246\/revisions"}],"predecessor-version":[{"id":7248,"href":"https:\/\/super-news.info\/hu\/wp-json\/wp\/v2\/posts\/7246\/revisions\/7248"}],"wp:featuredmedia":[{"embeddable":true,"href":"https:\/\/super-news.info\/hu\/wp-json\/wp\/v2\/media\/7247"}],"wp:attachment":[{"href":"https:\/\/super-news.info\/hu\/wp-json\/wp\/v2\/media?parent=7246"}],"wp:term":[{"taxonomy":"category","embeddable":true,"href":"https:\/\/super-news.info\/hu\/wp-json\/wp\/v2\/categories?post=7246"},{"taxonomy":"post_tag","embeddable":true,"href":"https:\/\/super-news.info\/hu\/wp-json\/wp\/v2\/tags?post=7246"}],"curies":[{"name":"wp","href":"https:\/\/api.w.org\/{rel}","templated":true}]}}