{"id":7244,"date":"2019-08-06T21:02:39","date_gmt":"2019-08-06T18:02:39","guid":{"rendered":"https:\/\/super-news.info\/hu\/kina-oda-utott-ahol-leginkabb-faj\/"},"modified":"2019-08-06T21:02:40","modified_gmt":"2019-08-06T18:02:40","slug":"kina-oda-utott-ahol-leginkabb-faj","status":"publish","type":"post","link":"https:\/\/super-news.info\/hu\/kina-oda-utott-ahol-leginkabb-faj\/","title":{"rendered":"K\u00edna oda \u00fct\u00f6tt, ahol legink\u00e1bb f\u00e1j"},"content":{"rendered":"<p> [ad_1]<br \/>\n<\/p>\n<p>\n\t\t\t\t\t\t\t\tA legfrissebb fejlem\u00e9nyek f\u00e9ny\u00e9ben nem sok rem\u00e9nyt l\u00e1tnak az elemz\u0151k arra, hogy a kereskedelmi h\u00e1bor\u00fa megegyez\u00e9ssel z\u00e1rulna a 2020-as amerikai eln\u00f6kv\u00e1laszt\u00e1s el\u0151tt.&#13;\n\t\t\t\t\t\t\t<\/p>\n<div>\n<p>K\u00edna egyszerre k\u00e9t f\u00e1j\u00f3 ponton tal\u00e1lta el Donald Trumpot: fegyverk\u00e9nt vetette be a j\u00fcant, \u00e9s le\u00e1ll\u00edtotta az amerikai agr\u00e1rexportot, innen kezdve pedig a Feh\u00e9r H\u00e1znak kell eld\u00f6ntenie, hogy mennyire engedi elfajulni a helyzetet, de nem lesz k\u00f6nny\u0171 dolga. Peking mindenesetre megtette az els\u0151 l\u00e9p\u00e9st, amelyet \u00e1rgus szemmel figyeltek a piacok: a jegybank \u2013 a Reuters \u00e9rt\u00e9kel\u00e9se szerint \u2013 a rem\u00e9ltn\u00e9l hat\u00e1rozottabban stabiliz\u00e1lta a deviza \u00e1rfolyam\u00e1t, \u00e9s az offshore j\u00fcan majdnem 0,5 sz\u00e1zal\u00e9kkal er\u0151s\u00f6d\u00f6tt a doll\u00e1rral szemben. \u201eNem hiszem, hogy hagyn\u00e1k szabadon, lebegni a j\u00fcant \u2013 mondta a brit h\u00edr\u00fcgyn\u00f6ks\u00e9gnek Khiem Do, a Barings k\u00ednai befektet\u00e9ssel foglalkoz\u00f3 vezet\u0151je. \u2013 Finoman figyelmeztett\u00e9k a piacot, hogy ne nagyon shortolja a j\u00fcant\u201d \u2013 tette hozz\u00e1, \u00e9s a szavait al\u00e1t\u00e1masztja, hogy a k\u00ednai jegybank bejelentette 30 milli\u00e1rd j\u00fcan (4,25 milli\u00e1rd doll\u00e1r) \u00e9rt\u00e9k\u0171 k\u00f6tv\u00e9ny elad\u00e1s\u00e1t is.<\/p>\n<div id=\"attachment_1486576\" style=\"width: 1410px\" class=\"wp-caption alignnone\">\n<p class=\"wp-caption-text\">Fot\u00f3: AFP<\/p>\n<\/div>\n<p>Az \u00e1rfolyam stabiliz\u00e1l\u00e1sa seg\u00edtett ugyan, arra azonban nem volt el\u00e9g, hogy teljesen meg\u00e1ll\u00edtsa a t\u0151zsd\u00e9k gyeng\u00fcl\u00e9s\u00e9t: az \u00e1zsiai b\u00f6rz\u00e9k k\u00f6z\u00fcl a Shanghai Composite 1,56 sz\u00e1zal\u00e9kkal, febru\u00e1r \u00f3ta a legalacsonyabb szintre esett, a jap\u00e1n Nikkei 0,65, a d\u00e9l-koreai Kospi 1,51, a hongkongi Hang Seng 0,67 sz\u00e1zal\u00e9kot vesz\u00edtett. A pekingi jegybank emellett tegnap hat\u00e1rozott tiltakoz\u00e1s\u00e1t fejezte ki amiatt, hogy az amerikai p\u00e9nz\u00fcgyminiszt\u00e9rium hivatalosan is devizamanipul\u00e1tornak min\u0151s\u00edtette K\u00edn\u00e1t; Steven Mnuchin t\u00e1rcavezet\u0151 h\u00e9tf\u0151n a piacok z\u00e1r\u00e1sa ut\u00e1n hozta nyilv\u00e1noss\u00e1gra err\u0151l sz\u00f3l\u00f3 k\u00f6zlem\u00e9ny\u00e9t.<\/p>\n<p>A min\u0151s\u00edt\u00e9s politikai h\u00e1tter\u0171, Trump k\u00f6vetel\u00e9s\u00e9re sz\u00fcletett, K\u00edna ugyanis m\u00e9g az amerikai t\u00f6rv\u00e9nyi krit\u00e9riumok alapj\u00e1n sem v\u00e1dolhat\u00f3.<\/p>\n<p>Az Egyes\u00fclt \u00c1llamokkal \u00e9s a vil\u00e1g t\u00f6bbi r\u00e9sz\u00e9vel szemben ugyan jelent\u0151s k\u00fclkereskedelmi t\u00f6bblettel rendelkezik, de nem folytat folyamatos egyoldal\u00fa intervenci\u00f3t a j\u00fcan \u00e1rfolyam\u00e1ban, ahogyan ezt az amerikai p\u00e9nz\u00fcgyminiszt\u00e9rium f\u00e9l\u00e9ves k\u00f6telez\u0151 jelent\u00e9seiben is k\u00e9nytelen volt elismerni.<\/p>\n<blockquote>\n<p>A j\u00fcan id\u00e9n 2,5 sz\u00e1zal\u00e9kot vesz\u00edtett \u00e9rt\u00e9k\u00e9b\u0151l. Ha a k\u00ednaiak exportel\u0151ny\u00f6k\u00e9rt manipul\u00e1lj\u00e1k a deviz\u00e1jukat, akkor nem v\u00e9geznek t\u00fal j\u00f3 munk\u00e1t<\/p>\n<\/blockquote>\n<p>\u2013 \u00e9rtetlenkedett a CNBC-nek Marc Chandler, a Bannockburn Global Forex vezet\u0151 piaci strat\u00e9g\u00e1ja.<\/p>\n<p>Az IMF is meger\u0151s\u00edtette a m\u00falt h\u00f3napban, hogy a j\u00fcan \u00e1rfolyama \u00f6sszhangban van K\u00edna gyeng\u00e9bb gazdas\u00e1gi teljes\u00edtm\u00e9ny\u00e9vel, a doll\u00e1r ellenben 6\u201312 sz\u00e1zal\u00e9kkal t\u00fal van \u00e9rt\u00e9kelve.<img loading=\"lazy\" decoding=\"async\" class=\"wp-image-1676527 size-medium alignright\" src=\"https:\/\/super-news.info\/hu\/wp-content\/uploads\/sites\/3\/2019\/08\/Kina-oda-utott-ahol-leginkabb-faj.jpg\" alt=\"\" width=\"300\" height=\"285\"  \/><\/p>\n<p>Az olcs\u00f3 j\u00fcan r\u00e1ad\u00e1sul nem j\u00f3 a k\u00ednai import\u0151r\u00f6knek, fogyaszt\u00f3knak \u00e9s k\u00fcl\u00f6n\u00f6sen azoknak a v\u00e1llalatoknak, amelyek amerikai doll\u00e1rban vettek fel hiteleket. Washingtonnak szinte semmi eszk\u00f6ze sincs a k\u00ednai \u201edevizamanipul\u00e1ci\u00f3\u201d ellen, Trump legf\u00f6ljebb az importra kivetett v\u00e1mokat emelheti, de nincs nagy j\u00e1t\u00e9ktere, mivel szeptember 1-j\u00e9t\u0151l minden behozott \u00e1rucikket tarif\u00e1k terhelnek.<\/p>\n<p>A leg\u00fajabb fejlem\u00e9nyek csak meger\u0151s\u00edtik, hogy nem v\u00e1rhat\u00f3 jelent\u0151s el\u0151rel\u00e9p\u00e9s a kereskedelmi h\u00e1bor\u00faban.<\/p>\n<p>\u201eA k\u00ednai d\u00f6nt\u00e9sek azt jelzik, hogy Peking k\u00e9sz j\u00f3val 2020 ut\u00e1nra elh\u00fazni a t\u00e1rgyal\u00e1sokat. Az Egyes\u00fclt \u00c1llamoknak nem lesz k\u00f6nny\u0171 dolga\u201d \u2013 \u00f6sszegezte a befektet\u0151k v\u00e9lem\u00e9ny\u00e9t a MarketWatchnak Paul Christopher, a Wells Fargo Investment Institute vezet\u0151 vil\u00e1gpiaci strat\u00e9g\u00e1ja. Jan Hatzius, a Goldman Sachs vezet\u0151 k\u00f6zgazd\u00e1sza sem v\u00e1r megegyez\u00e9st a 2020-as amerikai eln\u00f6kv\u00e1laszt\u00e1s el\u0151tt, a j\u00fcan \u00e1rfolyames\u00e9se \u00e9s az amerikai agr\u00e1rimport le\u00e1ll\u00edt\u00e1sa szerinte gyors \u00e9s jelent\u0151s\u00e9gteljes v\u00e1lasz volt Trump v\u00e1mfenyeget\u00e9s\u00e9re.<\/p>\n<\/p><\/div>\n<p><script>\n    window.fbAsyncInit = function() {\n        FB.init({\n            appId      : \"204760236815359\",\n            xfbml      : true,\n            version    : \"v2.12\"\n        });\n        FB.AppEvents.logPageView();\n    };<\/p>\n<p>    (function(d, s, id){\n        var js, fjs = d.getElementsByTagName(s)[0];\n        if (d.getElementById(id)) {return;}\n        js = d.createElement(s); js.id = id;\n        js.src = \"http:\/\/connect.facebook.net\/hu_HU\/sdk.js\";\n        fjs.parentNode.insertBefore(js, fjs);\n    }(document, \"script\", \"facebook-jssdk\"));\n<\/script><br \/>\n<br \/>[ad_2]<br \/>\n<br \/><a href=\"https:\/\/www.vg.hu\/gazdasag\/gazdasagi-hirek\/kina-oda-utott-ahol-leginkabb-faj-2-1676446\/\">Source link <\/a><\/p>\n","protected":false},"excerpt":{"rendered":"<p>[ad_1] A legfrissebb fejlem\u00e9nyek f\u00e9ny\u00e9ben nem sok rem\u00e9nyt l\u00e1tnak az elemz\u0151k arra, hogy a kereskedelmi h\u00e1bor\u00fa megegyez\u00e9ssel z\u00e1rulna a 2020-as amerikai eln\u00f6kv\u00e1laszt\u00e1s el\u0151tt.&#13; K\u00edna egyszerre k\u00e9t f\u00e1j\u00f3 ponton tal\u00e1lta el Donald Trumpot: fegyverk\u00e9nt vetette be a j\u00fcant, \u00e9s le\u00e1ll\u00edtotta az amerikai agr\u00e1rexportot, innen kezdve pedig a Feh\u00e9r H\u00e1znak kell eld\u00f6ntenie, hogy mennyire engedi elfajulni a [&hellip;]<\/p>\n","protected":false},"author":2,"featured_media":6039,"comment_status":"open","ping_status":"open","sticky":false,"template":"","format":"standard","meta":{"footnotes":""},"categories":[1],"tags":[],"class_list":["post-7244","post","type-post","status-publish","format-standard","has-post-thumbnail","hentry","category-penzugyi-hirek"],"yoast_head":"<!-- This site is optimized with the Yoast SEO plugin v27.4 - https:\/\/yoast.com\/product\/yoast-seo-wordpress\/ -->\n<title>K\u00edna oda \u00fct\u00f6tt, ahol legink\u00e1bb f\u00e1j - Super News<\/title>\n<meta name=\"robots\" content=\"index, follow, max-snippet:-1, max-image-preview:large, max-video-preview:-1\" \/>\n<link rel=\"canonical\" href=\"https:\/\/super-news.info\/hu\/kina-oda-utott-ahol-leginkabb-faj\/\" \/>\n<meta property=\"og:locale\" content=\"hu_HU\" \/>\n<meta property=\"og:type\" content=\"article\" \/>\n<meta property=\"og:title\" content=\"K\u00edna oda \u00fct\u00f6tt, ahol legink\u00e1bb f\u00e1j - Super News\" \/>\n<meta property=\"og:description\" content=\"[ad_1] A legfrissebb fejlem\u00e9nyek f\u00e9ny\u00e9ben nem sok rem\u00e9nyt l\u00e1tnak az elemz\u0151k arra, hogy a kereskedelmi h\u00e1bor\u00fa megegyez\u00e9ssel z\u00e1rulna a 2020-as amerikai eln\u00f6kv\u00e1laszt\u00e1s el\u0151tt.&#013; K\u00edna egyszerre k\u00e9t f\u00e1j\u00f3 ponton tal\u00e1lta el Donald Trumpot: fegyverk\u00e9nt vetette be a j\u00fcant, \u00e9s le\u00e1ll\u00edtotta az amerikai agr\u00e1rexportot, innen kezdve pedig a Feh\u00e9r H\u00e1znak kell eld\u00f6ntenie, hogy mennyire engedi elfajulni a [&hellip;]\" \/>\n<meta property=\"og:url\" content=\"https:\/\/super-news.info\/hu\/kina-oda-utott-ahol-leginkabb-faj\/\" \/>\n<meta property=\"og:site_name\" content=\"Super News\" \/>\n<meta property=\"article:published_time\" content=\"2019-08-06T18:02:39+00:00\" \/>\n<meta property=\"article:modified_time\" content=\"2019-08-06T18:02:40+00:00\" \/>\n<meta property=\"og:image\" content=\"https:\/\/super-news.info\/hu\/wp-content\/uploads\/sites\/3\/2019\/07\/Nagyon-fogyott-a-k\u00ednai-lik\u0151r.jpg\" \/>\n\t<meta property=\"og:image:width\" content=\"1400\" \/>\n\t<meta property=\"og:image:height\" content=\"787\" \/>\n\t<meta property=\"og:image:type\" content=\"image\/jpeg\" \/>\n<meta name=\"author\" content=\"super-news\" \/>\n<meta name=\"twitter:card\" content=\"summary_large_image\" \/>\n<meta name=\"twitter:label1\" content=\"Szerz\u0151:\" \/>\n\t<meta name=\"twitter:data1\" content=\"super-news\" \/>\n\t<meta name=\"twitter:label2\" content=\"Becs\u00fclt olvas\u00e1si id\u0151\" \/>\n\t<meta name=\"twitter:data2\" content=\"4 perc\" \/>\n<script type=\"application\/ld+json\" class=\"yoast-schema-graph\">{\"@context\":\"https:\\\/\\\/schema.org\",\"@graph\":[{\"@type\":\"Article\",\"@id\":\"https:\\\/\\\/super-news.info\\\/hu\\\/kina-oda-utott-ahol-leginkabb-faj\\\/#article\",\"isPartOf\":{\"@id\":\"https:\\\/\\\/super-news.info\\\/hu\\\/kina-oda-utott-ahol-leginkabb-faj\\\/\"},\"author\":{\"name\":\"super-news\",\"@id\":\"https:\\\/\\\/super-news.info\\\/hu\\\/#\\\/schema\\\/person\\\/2d4068cb2f39cd10008c2fce578a7356\"},\"headline\":\"K\u00edna oda \u00fct\u00f6tt, ahol legink\u00e1bb f\u00e1j\",\"datePublished\":\"2019-08-06T18:02:39+00:00\",\"dateModified\":\"2019-08-06T18:02:40+00:00\",\"mainEntityOfPage\":{\"@id\":\"https:\\\/\\\/super-news.info\\\/hu\\\/kina-oda-utott-ahol-leginkabb-faj\\\/\"},\"wordCount\":723,\"commentCount\":0,\"image\":{\"@id\":\"https:\\\/\\\/super-news.info\\\/hu\\\/kina-oda-utott-ahol-leginkabb-faj\\\/#primaryimage\"},\"thumbnailUrl\":\"https:\\\/\\\/super-news.info\\\/hu\\\/wp-content\\\/uploads\\\/sites\\\/3\\\/2019\\\/07\\\/Nagyon-fogyott-a-k\u00ednai-lik\u0151r.jpg\",\"articleSection\":[\"P\u00c9NZ\u00dcGYI H\u00cdREK\"],\"inLanguage\":\"hu\",\"potentialAction\":[{\"@type\":\"CommentAction\",\"name\":\"Comment\",\"target\":[\"https:\\\/\\\/super-news.info\\\/hu\\\/kina-oda-utott-ahol-leginkabb-faj\\\/#respond\"]}]},{\"@type\":\"WebPage\",\"@id\":\"https:\\\/\\\/super-news.info\\\/hu\\\/kina-oda-utott-ahol-leginkabb-faj\\\/\",\"url\":\"https:\\\/\\\/super-news.info\\\/hu\\\/kina-oda-utott-ahol-leginkabb-faj\\\/\",\"name\":\"K\u00edna oda \u00fct\u00f6tt, ahol legink\u00e1bb f\u00e1j - Super News\",\"isPartOf\":{\"@id\":\"https:\\\/\\\/super-news.info\\\/hu\\\/#website\"},\"primaryImageOfPage\":{\"@id\":\"https:\\\/\\\/super-news.info\\\/hu\\\/kina-oda-utott-ahol-leginkabb-faj\\\/#primaryimage\"},\"image\":{\"@id\":\"https:\\\/\\\/super-news.info\\\/hu\\\/kina-oda-utott-ahol-leginkabb-faj\\\/#primaryimage\"},\"thumbnailUrl\":\"https:\\\/\\\/super-news.info\\\/hu\\\/wp-content\\\/uploads\\\/sites\\\/3\\\/2019\\\/07\\\/Nagyon-fogyott-a-k\u00ednai-lik\u0151r.jpg\",\"datePublished\":\"2019-08-06T18:02:39+00:00\",\"dateModified\":\"2019-08-06T18:02:40+00:00\",\"author\":{\"@id\":\"https:\\\/\\\/super-news.info\\\/hu\\\/#\\\/schema\\\/person\\\/2d4068cb2f39cd10008c2fce578a7356\"},\"breadcrumb\":{\"@id\":\"https:\\\/\\\/super-news.info\\\/hu\\\/kina-oda-utott-ahol-leginkabb-faj\\\/#breadcrumb\"},\"inLanguage\":\"hu\",\"potentialAction\":[{\"@type\":\"ReadAction\",\"target\":[\"https:\\\/\\\/super-news.info\\\/hu\\\/kina-oda-utott-ahol-leginkabb-faj\\\/\"]}]},{\"@type\":\"ImageObject\",\"inLanguage\":\"hu\",\"@id\":\"https:\\\/\\\/super-news.info\\\/hu\\\/kina-oda-utott-ahol-leginkabb-faj\\\/#primaryimage\",\"url\":\"https:\\\/\\\/super-news.info\\\/hu\\\/wp-content\\\/uploads\\\/sites\\\/3\\\/2019\\\/07\\\/Nagyon-fogyott-a-k\u00ednai-lik\u0151r.jpg\",\"contentUrl\":\"https:\\\/\\\/super-news.info\\\/hu\\\/wp-content\\\/uploads\\\/sites\\\/3\\\/2019\\\/07\\\/Nagyon-fogyott-a-k\u00ednai-lik\u0151r.jpg\",\"width\":1400,\"height\":787,\"caption\":\"Nagyon fogyott a k\u00ednai lik\u0151r\"},{\"@type\":\"BreadcrumbList\",\"@id\":\"https:\\\/\\\/super-news.info\\\/hu\\\/kina-oda-utott-ahol-leginkabb-faj\\\/#breadcrumb\",\"itemListElement\":[{\"@type\":\"ListItem\",\"position\":1,\"name\":\"\u0413\u043b\u0430\u0432\u043d\u0430\u044f \u0441\u0442\u0440\u0430\u043d\u0438\u0446\u0430\",\"item\":\"https:\\\/\\\/super-news.info\\\/hu\\\/\"},{\"@type\":\"ListItem\",\"position\":2,\"name\":\"K\u00edna oda \u00fct\u00f6tt, ahol legink\u00e1bb f\u00e1j\"}]},{\"@type\":\"WebSite\",\"@id\":\"https:\\\/\\\/super-news.info\\\/hu\\\/#website\",\"url\":\"https:\\\/\\\/super-news.info\\\/hu\\\/\",\"name\":\"Super News\",\"description\":\"Super News Magyarorsz\u00e1g\",\"potentialAction\":[{\"@type\":\"SearchAction\",\"target\":{\"@type\":\"EntryPoint\",\"urlTemplate\":\"https:\\\/\\\/super-news.info\\\/hu\\\/?s={search_term_string}\"},\"query-input\":{\"@type\":\"PropertyValueSpecification\",\"valueRequired\":true,\"valueName\":\"search_term_string\"}}],\"inLanguage\":\"hu\"},{\"@type\":\"Person\",\"@id\":\"https:\\\/\\\/super-news.info\\\/hu\\\/#\\\/schema\\\/person\\\/2d4068cb2f39cd10008c2fce578a7356\",\"name\":\"super-news\",\"image\":{\"@type\":\"ImageObject\",\"inLanguage\":\"hu\",\"@id\":\"https:\\\/\\\/secure.gravatar.com\\\/avatar\\\/64ebac40b93f26a154f8a9b5b6fdccfc46f442b26b3dd6756dbff3bf9dc76fd7?s=96&d=mm&r=g\",\"url\":\"https:\\\/\\\/secure.gravatar.com\\\/avatar\\\/64ebac40b93f26a154f8a9b5b6fdccfc46f442b26b3dd6756dbff3bf9dc76fd7?s=96&d=mm&r=g\",\"contentUrl\":\"https:\\\/\\\/secure.gravatar.com\\\/avatar\\\/64ebac40b93f26a154f8a9b5b6fdccfc46f442b26b3dd6756dbff3bf9dc76fd7?s=96&d=mm&r=g\",\"caption\":\"super-news\"},\"url\":\"https:\\\/\\\/super-news.info\\\/hu\\\/author\\\/pt\\\/\"}]}<\/script>\n<!-- \/ Yoast SEO plugin. -->","yoast_head_json":{"title":"K\u00edna oda \u00fct\u00f6tt, ahol legink\u00e1bb f\u00e1j - Super News","robots":{"index":"index","follow":"follow","max-snippet":"max-snippet:-1","max-image-preview":"max-image-preview:large","max-video-preview":"max-video-preview:-1"},"canonical":"https:\/\/super-news.info\/hu\/kina-oda-utott-ahol-leginkabb-faj\/","og_locale":"hu_HU","og_type":"article","og_title":"K\u00edna oda \u00fct\u00f6tt, ahol legink\u00e1bb f\u00e1j - Super News","og_description":"[ad_1] A legfrissebb fejlem\u00e9nyek f\u00e9ny\u00e9ben nem sok rem\u00e9nyt l\u00e1tnak az elemz\u0151k arra, hogy a kereskedelmi h\u00e1bor\u00fa megegyez\u00e9ssel z\u00e1rulna a 2020-as amerikai eln\u00f6kv\u00e1laszt\u00e1s el\u0151tt.&#13; K\u00edna egyszerre k\u00e9t f\u00e1j\u00f3 ponton tal\u00e1lta el Donald Trumpot: fegyverk\u00e9nt vetette be a j\u00fcant, \u00e9s le\u00e1ll\u00edtotta az amerikai agr\u00e1rexportot, innen kezdve pedig a Feh\u00e9r H\u00e1znak kell eld\u00f6ntenie, hogy mennyire engedi elfajulni a [&hellip;]","og_url":"https:\/\/super-news.info\/hu\/kina-oda-utott-ahol-leginkabb-faj\/","og_site_name":"Super News","article_published_time":"2019-08-06T18:02:39+00:00","article_modified_time":"2019-08-06T18:02:40+00:00","og_image":[{"width":1400,"height":787,"url":"https:\/\/super-news.info\/hu\/wp-content\/uploads\/sites\/3\/2019\/07\/Nagyon-fogyott-a-k\u00ednai-lik\u0151r.jpg","type":"image\/jpeg"}],"author":"super-news","twitter_card":"summary_large_image","twitter_misc":{"Szerz\u0151:":"super-news","Becs\u00fclt olvas\u00e1si id\u0151":"4 perc"},"schema":{"@context":"https:\/\/schema.org","@graph":[{"@type":"Article","@id":"https:\/\/super-news.info\/hu\/kina-oda-utott-ahol-leginkabb-faj\/#article","isPartOf":{"@id":"https:\/\/super-news.info\/hu\/kina-oda-utott-ahol-leginkabb-faj\/"},"author":{"name":"super-news","@id":"https:\/\/super-news.info\/hu\/#\/schema\/person\/2d4068cb2f39cd10008c2fce578a7356"},"headline":"K\u00edna oda \u00fct\u00f6tt, ahol legink\u00e1bb f\u00e1j","datePublished":"2019-08-06T18:02:39+00:00","dateModified":"2019-08-06T18:02:40+00:00","mainEntityOfPage":{"@id":"https:\/\/super-news.info\/hu\/kina-oda-utott-ahol-leginkabb-faj\/"},"wordCount":723,"commentCount":0,"image":{"@id":"https:\/\/super-news.info\/hu\/kina-oda-utott-ahol-leginkabb-faj\/#primaryimage"},"thumbnailUrl":"https:\/\/super-news.info\/hu\/wp-content\/uploads\/sites\/3\/2019\/07\/Nagyon-fogyott-a-k\u00ednai-lik\u0151r.jpg","articleSection":["P\u00c9NZ\u00dcGYI H\u00cdREK"],"inLanguage":"hu","potentialAction":[{"@type":"CommentAction","name":"Comment","target":["https:\/\/super-news.info\/hu\/kina-oda-utott-ahol-leginkabb-faj\/#respond"]}]},{"@type":"WebPage","@id":"https:\/\/super-news.info\/hu\/kina-oda-utott-ahol-leginkabb-faj\/","url":"https:\/\/super-news.info\/hu\/kina-oda-utott-ahol-leginkabb-faj\/","name":"K\u00edna oda \u00fct\u00f6tt, ahol legink\u00e1bb f\u00e1j - Super News","isPartOf":{"@id":"https:\/\/super-news.info\/hu\/#website"},"primaryImageOfPage":{"@id":"https:\/\/super-news.info\/hu\/kina-oda-utott-ahol-leginkabb-faj\/#primaryimage"},"image":{"@id":"https:\/\/super-news.info\/hu\/kina-oda-utott-ahol-leginkabb-faj\/#primaryimage"},"thumbnailUrl":"https:\/\/super-news.info\/hu\/wp-content\/uploads\/sites\/3\/2019\/07\/Nagyon-fogyott-a-k\u00ednai-lik\u0151r.jpg","datePublished":"2019-08-06T18:02:39+00:00","dateModified":"2019-08-06T18:02:40+00:00","author":{"@id":"https:\/\/super-news.info\/hu\/#\/schema\/person\/2d4068cb2f39cd10008c2fce578a7356"},"breadcrumb":{"@id":"https:\/\/super-news.info\/hu\/kina-oda-utott-ahol-leginkabb-faj\/#breadcrumb"},"inLanguage":"hu","potentialAction":[{"@type":"ReadAction","target":["https:\/\/super-news.info\/hu\/kina-oda-utott-ahol-leginkabb-faj\/"]}]},{"@type":"ImageObject","inLanguage":"hu","@id":"https:\/\/super-news.info\/hu\/kina-oda-utott-ahol-leginkabb-faj\/#primaryimage","url":"https:\/\/super-news.info\/hu\/wp-content\/uploads\/sites\/3\/2019\/07\/Nagyon-fogyott-a-k\u00ednai-lik\u0151r.jpg","contentUrl":"https:\/\/super-news.info\/hu\/wp-content\/uploads\/sites\/3\/2019\/07\/Nagyon-fogyott-a-k\u00ednai-lik\u0151r.jpg","width":1400,"height":787,"caption":"Nagyon fogyott a k\u00ednai lik\u0151r"},{"@type":"BreadcrumbList","@id":"https:\/\/super-news.info\/hu\/kina-oda-utott-ahol-leginkabb-faj\/#breadcrumb","itemListElement":[{"@type":"ListItem","position":1,"name":"\u0413\u043b\u0430\u0432\u043d\u0430\u044f \u0441\u0442\u0440\u0430\u043d\u0438\u0446\u0430","item":"https:\/\/super-news.info\/hu\/"},{"@type":"ListItem","position":2,"name":"K\u00edna oda \u00fct\u00f6tt, ahol legink\u00e1bb f\u00e1j"}]},{"@type":"WebSite","@id":"https:\/\/super-news.info\/hu\/#website","url":"https:\/\/super-news.info\/hu\/","name":"Super News","description":"Super News Magyarorsz\u00e1g","potentialAction":[{"@type":"SearchAction","target":{"@type":"EntryPoint","urlTemplate":"https:\/\/super-news.info\/hu\/?s={search_term_string}"},"query-input":{"@type":"PropertyValueSpecification","valueRequired":true,"valueName":"search_term_string"}}],"inLanguage":"hu"},{"@type":"Person","@id":"https:\/\/super-news.info\/hu\/#\/schema\/person\/2d4068cb2f39cd10008c2fce578a7356","name":"super-news","image":{"@type":"ImageObject","inLanguage":"hu","@id":"https:\/\/secure.gravatar.com\/avatar\/64ebac40b93f26a154f8a9b5b6fdccfc46f442b26b3dd6756dbff3bf9dc76fd7?s=96&d=mm&r=g","url":"https:\/\/secure.gravatar.com\/avatar\/64ebac40b93f26a154f8a9b5b6fdccfc46f442b26b3dd6756dbff3bf9dc76fd7?s=96&d=mm&r=g","contentUrl":"https:\/\/secure.gravatar.com\/avatar\/64ebac40b93f26a154f8a9b5b6fdccfc46f442b26b3dd6756dbff3bf9dc76fd7?s=96&d=mm&r=g","caption":"super-news"},"url":"https:\/\/super-news.info\/hu\/author\/pt\/"}]}},"_links":{"self":[{"href":"https:\/\/super-news.info\/hu\/wp-json\/wp\/v2\/posts\/7244","targetHints":{"allow":["GET"]}}],"collection":[{"href":"https:\/\/super-news.info\/hu\/wp-json\/wp\/v2\/posts"}],"about":[{"href":"https:\/\/super-news.info\/hu\/wp-json\/wp\/v2\/types\/post"}],"author":[{"embeddable":true,"href":"https:\/\/super-news.info\/hu\/wp-json\/wp\/v2\/users\/2"}],"replies":[{"embeddable":true,"href":"https:\/\/super-news.info\/hu\/wp-json\/wp\/v2\/comments?post=7244"}],"version-history":[{"count":1,"href":"https:\/\/super-news.info\/hu\/wp-json\/wp\/v2\/posts\/7244\/revisions"}],"predecessor-version":[{"id":7245,"href":"https:\/\/super-news.info\/hu\/wp-json\/wp\/v2\/posts\/7244\/revisions\/7245"}],"wp:featuredmedia":[{"embeddable":true,"href":"https:\/\/super-news.info\/hu\/wp-json\/wp\/v2\/media\/6039"}],"wp:attachment":[{"href":"https:\/\/super-news.info\/hu\/wp-json\/wp\/v2\/media?parent=7244"}],"wp:term":[{"taxonomy":"category","embeddable":true,"href":"https:\/\/super-news.info\/hu\/wp-json\/wp\/v2\/categories?post=7244"},{"taxonomy":"post_tag","embeddable":true,"href":"https:\/\/super-news.info\/hu\/wp-json\/wp\/v2\/tags?post=7244"}],"curies":[{"name":"wp","href":"https:\/\/api.w.org\/{rel}","templated":true}]}}