{"id":7241,"date":"2019-08-06T20:10:02","date_gmt":"2019-08-06T17:10:02","guid":{"rendered":"https:\/\/super-news.info\/hu\/felhoszakadas-es-hoseg-is-varhato-szerdan\/"},"modified":"2019-08-06T20:10:03","modified_gmt":"2019-08-06T17:10:03","slug":"felhoszakadas-es-hoseg-is-varhato-szerdan","status":"publish","type":"post","link":"https:\/\/super-news.info\/hu\/felhoszakadas-es-hoseg-is-varhato-szerdan\/","title":{"rendered":"Felh\u0151szakad\u00e1s \u00e9s h\u0151s\u00e9g is v\u00e1rhat\u00f3 szerd\u00e1n"},"content":{"rendered":"<p> [ad_1]<br \/>\n<\/p>\n<p>\n\t\t\t\t\t\t\t\tA zivatar, a felh\u0151szakad\u00e1s \u00e9s a h\u0151s\u00e9g vesz\u00e9lye miatt is figyelmeztet\u00e9st adott ki t\u00f6bb megy\u00e9re \u00e9s a f\u0151v\u00e1rosra szerd\u00e1ra az Orsz\u00e1gos Meteorol\u00f3giai Szolg\u00e1lat.\t\t\t\t\t\t\t<\/p>\n<div>\n<p>Vesz\u00e9lyjelz\u00e9s\u00fck szerint zivatarvesz\u00e9ly miatt Budapestre, Pest, Borsod-Aba\u00faj-Zempl\u00e9n, Gy\u0151r-Moson-Sopron, Heves, Kom\u00e1rom-Esztergom, N\u00f3gr\u00e1d \u00e9s Szabolcs-Szatm\u00e1r-Bereg megy\u00e9re adtak ki els\u0151fok\u00fa figyelmeztet\u00e9st. Emellett a f\u0151v\u00e1rosban, Pest, Gy\u0151r-Moson-Sopron \u00e9s Kom\u00e1rom-Esztergom megy\u00e9ben a felh\u0151szakad\u00e1s miatt is figyelmeztetnek.<\/p>\n<p>Azt \u00edrt\u00e1k, szerd\u00e1ra virrad\u00f3 \u00e9jszaka a k\u00f6z\u00e9ps\u0151, \u00e9szakkeleti ter\u00fcleteken tov\u00e1bbi zivatarok alakulhatnak ki, egy-egy helyen lok\u00e1lisan jelent\u0151s mennyis\u00e9g\u0171 csapad\u00e9k vagy felh\u0151szakad\u00e1s, illetve sz\u00e9ler\u0151s\u00f6d\u00e9s, j\u00e9ges\u0151 k\u00eds\u00e9ret\u00e9ben.<\/p>\n<div id=\"attachment_1010148\" style=\"width: 1410px\" class=\"wp-caption alignnone\">\n<p class=\"wp-caption-text\">Fot\u00f3: AFP<\/p>\n<\/div>\n<p>Szerd\u00e1n els\u0151sorban az orsz\u00e1g \u00e9szaki r\u00e9sz\u00e9n alakulhatnak ki zivatarok. A d\u00e9lut\u00e1ni \u00f3r\u00e1kt\u00f3l egy-egy heves zivatar is el\u0151fordulhat, 90 kilom\u00e9ter\/\u00f3ra feletti sz\u00e9lrohammal, nagy m\u00e9ret\u0171 j\u00e9ggel. Egy-egy heves zivatarnak az \u00e9szaki hat\u00e1r k\u00f6zel\u00e9ben \u2013 egy hidegfronthoz kapcsol\u00f3d\u00f3an \u2013 a k\u00e9s\u0151 esti \u00f3r\u00e1kban is van es\u00e9lye \u2013 tett\u00e9k hozz\u00e1.<\/p>\n<p>Kiemelt\u00e9k tov\u00e1bb\u00e1, hogy tov\u00e1bb er\u0151s\u00f6dik a nappali felmeleged\u00e9s, a napi k\u00f6z\u00e9ph\u0151m\u00e9rs\u00e9klet ma a D\u00e9l-Dun\u00e1nt\u00falon helyenk\u00e9nt m\u00e1r 25 fok k\u00f6r\u00e9, szerd\u00e1n az \u00e9szakkeleti megy\u00e9k kiv\u00e9tel\u00e9vel 25-27 fok k\u00f6z\u00e9 emelkedik.<\/p>\n<p>Az el\u0151rejelz\u00e9s szerint a legalacsonyabb h\u0151m\u00e9rs\u00e9klet 14-20, a legmagasabb h\u0151m\u00e9rs\u00e9klet 29-35 fok k\u00f6z\u00f6tt alakul.<\/p>\n<p>A h\u0151s\u00e9g miatt Budapestre, Pest, Baranya, B\u00e1cs-Kiskun, B\u00e9k\u00e9s, Csongr\u00e1d, Fej\u00e9r, J\u00e1sz-Nagykun-Szolnok, Somogy, Tolna, Veszpr\u00e9m \u00e9s Zala megy\u00e9re adtak ki szint\u00e9n els\u0151fok\u00fa figyelmeztet\u00e9st.<\/p>\n<\/p><\/div>\n<p><script>\n    window.fbAsyncInit = function() {\n        FB.init({\n            appId      : \"204760236815359\",\n            xfbml      : true,\n            version    : \"v2.12\"\n        });\n        FB.AppEvents.logPageView();\n    };<\/p>\n<p>    (function(d, s, id){\n        var js, fjs = d.getElementsByTagName(s)[0];\n        if (d.getElementById(id)) {return;}\n        js = d.createElement(s); js.id = id;\n        js.src = \"http:\/\/connect.facebook.net\/hu_HU\/sdk.js\";\n        fjs.parentNode.insertBefore(js, fjs);\n    }(document, \"script\", \"facebook-jssdk\"));\n<\/script><br \/>\n<br \/>[ad_2]<br \/>\n<br \/><a href=\"https:\/\/www.vg.hu\/kozelet\/kozeleti-hirek\/felhoszakadas-es-hoseg-is-varhato-szerdan-1675888\/\">Source link <\/a><\/p>\n","protected":false},"excerpt":{"rendered":"<p>[ad_1] A zivatar, a felh\u0151szakad\u00e1s \u00e9s a h\u0151s\u00e9g vesz\u00e9lye miatt is figyelmeztet\u00e9st adott ki t\u00f6bb megy\u00e9re \u00e9s a f\u0151v\u00e1rosra szerd\u00e1ra az Orsz\u00e1gos Meteorol\u00f3giai Szolg\u00e1lat. Vesz\u00e9lyjelz\u00e9s\u00fck szerint zivatarvesz\u00e9ly miatt Budapestre, Pest, Borsod-Aba\u00faj-Zempl\u00e9n, Gy\u0151r-Moson-Sopron, Heves, Kom\u00e1rom-Esztergom, N\u00f3gr\u00e1d \u00e9s Szabolcs-Szatm\u00e1r-Bereg megy\u00e9re adtak ki els\u0151fok\u00fa figyelmeztet\u00e9st. Emellett a f\u0151v\u00e1rosban, Pest, Gy\u0151r-Moson-Sopron \u00e9s Kom\u00e1rom-Esztergom megy\u00e9ben a felh\u0151szakad\u00e1s miatt is figyelmeztetnek. [&hellip;]<\/p>\n","protected":false},"author":2,"featured_media":7242,"comment_status":"open","ping_status":"open","sticky":false,"template":"","format":"standard","meta":{"footnotes":""},"categories":[1],"tags":[],"class_list":["post-7241","post","type-post","status-publish","format-standard","has-post-thumbnail","hentry","category-penzugyi-hirek"],"yoast_head":"<!-- This site is optimized with the Yoast SEO plugin v27.4 - https:\/\/yoast.com\/product\/yoast-seo-wordpress\/ -->\n<title>Felh\u0151szakad\u00e1s \u00e9s h\u0151s\u00e9g is v\u00e1rhat\u00f3 szerd\u00e1n - Super News<\/title>\n<meta name=\"robots\" content=\"index, follow, max-snippet:-1, max-image-preview:large, max-video-preview:-1\" \/>\n<link rel=\"canonical\" href=\"https:\/\/super-news.info\/hu\/felhoszakadas-es-hoseg-is-varhato-szerdan\/\" \/>\n<meta property=\"og:locale\" content=\"hu_HU\" \/>\n<meta property=\"og:type\" content=\"article\" \/>\n<meta property=\"og:title\" content=\"Felh\u0151szakad\u00e1s \u00e9s h\u0151s\u00e9g is v\u00e1rhat\u00f3 szerd\u00e1n - Super News\" \/>\n<meta property=\"og:description\" content=\"[ad_1] A zivatar, a felh\u0151szakad\u00e1s \u00e9s a h\u0151s\u00e9g vesz\u00e9lye miatt is figyelmeztet\u00e9st adott ki t\u00f6bb megy\u00e9re \u00e9s a f\u0151v\u00e1rosra szerd\u00e1ra az Orsz\u00e1gos Meteorol\u00f3giai Szolg\u00e1lat. Vesz\u00e9lyjelz\u00e9s\u00fck szerint zivatarvesz\u00e9ly miatt Budapestre, Pest, Borsod-Aba\u00faj-Zempl\u00e9n, Gy\u0151r-Moson-Sopron, Heves, Kom\u00e1rom-Esztergom, N\u00f3gr\u00e1d \u00e9s Szabolcs-Szatm\u00e1r-Bereg megy\u00e9re adtak ki els\u0151fok\u00fa figyelmeztet\u00e9st. Emellett a f\u0151v\u00e1rosban, Pest, Gy\u0151r-Moson-Sopron \u00e9s Kom\u00e1rom-Esztergom megy\u00e9ben a felh\u0151szakad\u00e1s miatt is figyelmeztetnek. [&hellip;]\" \/>\n<meta property=\"og:url\" content=\"https:\/\/super-news.info\/hu\/felhoszakadas-es-hoseg-is-varhato-szerdan\/\" \/>\n<meta property=\"og:site_name\" content=\"Super News\" \/>\n<meta property=\"article:published_time\" content=\"2019-08-06T17:10:02+00:00\" \/>\n<meta property=\"article:modified_time\" content=\"2019-08-06T17:10:03+00:00\" \/>\n<meta property=\"og:image\" content=\"https:\/\/super-news.info\/hu\/wp-content\/uploads\/sites\/3\/2019\/08\/Felh\u0151szakad\u00e1s-\u00e9s-h\u0151s\u00e9g-is-v\u00e1rhat\u00f3-szerd\u00e1n.jpg\" \/>\n\t<meta property=\"og:image:width\" content=\"1400\" \/>\n\t<meta property=\"og:image:height\" content=\"871\" \/>\n\t<meta property=\"og:image:type\" content=\"image\/jpeg\" \/>\n<meta name=\"author\" content=\"super-news\" \/>\n<meta name=\"twitter:card\" content=\"summary_large_image\" \/>\n<meta name=\"twitter:label1\" content=\"Szerz\u0151:\" \/>\n\t<meta name=\"twitter:data1\" content=\"super-news\" \/>\n\t<meta name=\"twitter:label2\" content=\"Becs\u00fclt olvas\u00e1si id\u0151\" \/>\n\t<meta name=\"twitter:data2\" content=\"2 perc\" \/>\n<script type=\"application\/ld+json\" class=\"yoast-schema-graph\">{\"@context\":\"https:\\\/\\\/schema.org\",\"@graph\":[{\"@type\":\"Article\",\"@id\":\"https:\\\/\\\/super-news.info\\\/hu\\\/felhoszakadas-es-hoseg-is-varhato-szerdan\\\/#article\",\"isPartOf\":{\"@id\":\"https:\\\/\\\/super-news.info\\\/hu\\\/felhoszakadas-es-hoseg-is-varhato-szerdan\\\/\"},\"author\":{\"name\":\"super-news\",\"@id\":\"https:\\\/\\\/super-news.info\\\/hu\\\/#\\\/schema\\\/person\\\/2d4068cb2f39cd10008c2fce578a7356\"},\"headline\":\"Felh\u0151szakad\u00e1s \u00e9s h\u0151s\u00e9g is v\u00e1rhat\u00f3 szerd\u00e1n\",\"datePublished\":\"2019-08-06T17:10:02+00:00\",\"dateModified\":\"2019-08-06T17:10:03+00:00\",\"mainEntityOfPage\":{\"@id\":\"https:\\\/\\\/super-news.info\\\/hu\\\/felhoszakadas-es-hoseg-is-varhato-szerdan\\\/\"},\"wordCount\":326,\"commentCount\":0,\"image\":{\"@id\":\"https:\\\/\\\/super-news.info\\\/hu\\\/felhoszakadas-es-hoseg-is-varhato-szerdan\\\/#primaryimage\"},\"thumbnailUrl\":\"https:\\\/\\\/super-news.info\\\/hu\\\/wp-content\\\/uploads\\\/sites\\\/3\\\/2019\\\/08\\\/Felh\u0151szakad\u00e1s-\u00e9s-h\u0151s\u00e9g-is-v\u00e1rhat\u00f3-szerd\u00e1n.jpg\",\"articleSection\":[\"P\u00c9NZ\u00dcGYI H\u00cdREK\"],\"inLanguage\":\"hu\",\"potentialAction\":[{\"@type\":\"CommentAction\",\"name\":\"Comment\",\"target\":[\"https:\\\/\\\/super-news.info\\\/hu\\\/felhoszakadas-es-hoseg-is-varhato-szerdan\\\/#respond\"]}]},{\"@type\":\"WebPage\",\"@id\":\"https:\\\/\\\/super-news.info\\\/hu\\\/felhoszakadas-es-hoseg-is-varhato-szerdan\\\/\",\"url\":\"https:\\\/\\\/super-news.info\\\/hu\\\/felhoszakadas-es-hoseg-is-varhato-szerdan\\\/\",\"name\":\"Felh\u0151szakad\u00e1s \u00e9s h\u0151s\u00e9g is v\u00e1rhat\u00f3 szerd\u00e1n - Super News\",\"isPartOf\":{\"@id\":\"https:\\\/\\\/super-news.info\\\/hu\\\/#website\"},\"primaryImageOfPage\":{\"@id\":\"https:\\\/\\\/super-news.info\\\/hu\\\/felhoszakadas-es-hoseg-is-varhato-szerdan\\\/#primaryimage\"},\"image\":{\"@id\":\"https:\\\/\\\/super-news.info\\\/hu\\\/felhoszakadas-es-hoseg-is-varhato-szerdan\\\/#primaryimage\"},\"thumbnailUrl\":\"https:\\\/\\\/super-news.info\\\/hu\\\/wp-content\\\/uploads\\\/sites\\\/3\\\/2019\\\/08\\\/Felh\u0151szakad\u00e1s-\u00e9s-h\u0151s\u00e9g-is-v\u00e1rhat\u00f3-szerd\u00e1n.jpg\",\"datePublished\":\"2019-08-06T17:10:02+00:00\",\"dateModified\":\"2019-08-06T17:10:03+00:00\",\"author\":{\"@id\":\"https:\\\/\\\/super-news.info\\\/hu\\\/#\\\/schema\\\/person\\\/2d4068cb2f39cd10008c2fce578a7356\"},\"breadcrumb\":{\"@id\":\"https:\\\/\\\/super-news.info\\\/hu\\\/felhoszakadas-es-hoseg-is-varhato-szerdan\\\/#breadcrumb\"},\"inLanguage\":\"hu\",\"potentialAction\":[{\"@type\":\"ReadAction\",\"target\":[\"https:\\\/\\\/super-news.info\\\/hu\\\/felhoszakadas-es-hoseg-is-varhato-szerdan\\\/\"]}]},{\"@type\":\"ImageObject\",\"inLanguage\":\"hu\",\"@id\":\"https:\\\/\\\/super-news.info\\\/hu\\\/felhoszakadas-es-hoseg-is-varhato-szerdan\\\/#primaryimage\",\"url\":\"https:\\\/\\\/super-news.info\\\/hu\\\/wp-content\\\/uploads\\\/sites\\\/3\\\/2019\\\/08\\\/Felh\u0151szakad\u00e1s-\u00e9s-h\u0151s\u00e9g-is-v\u00e1rhat\u00f3-szerd\u00e1n.jpg\",\"contentUrl\":\"https:\\\/\\\/super-news.info\\\/hu\\\/wp-content\\\/uploads\\\/sites\\\/3\\\/2019\\\/08\\\/Felh\u0151szakad\u00e1s-\u00e9s-h\u0151s\u00e9g-is-v\u00e1rhat\u00f3-szerd\u00e1n.jpg\",\"width\":1400,\"height\":871,\"caption\":\"Felh\u0151szakad\u00e1s \u00e9s h\u0151s\u00e9g is v\u00e1rhat\u00f3 szerd\u00e1n\"},{\"@type\":\"BreadcrumbList\",\"@id\":\"https:\\\/\\\/super-news.info\\\/hu\\\/felhoszakadas-es-hoseg-is-varhato-szerdan\\\/#breadcrumb\",\"itemListElement\":[{\"@type\":\"ListItem\",\"position\":1,\"name\":\"\u0413\u043b\u0430\u0432\u043d\u0430\u044f \u0441\u0442\u0440\u0430\u043d\u0438\u0446\u0430\",\"item\":\"https:\\\/\\\/super-news.info\\\/hu\\\/\"},{\"@type\":\"ListItem\",\"position\":2,\"name\":\"Felh\u0151szakad\u00e1s \u00e9s h\u0151s\u00e9g is v\u00e1rhat\u00f3 szerd\u00e1n\"}]},{\"@type\":\"WebSite\",\"@id\":\"https:\\\/\\\/super-news.info\\\/hu\\\/#website\",\"url\":\"https:\\\/\\\/super-news.info\\\/hu\\\/\",\"name\":\"Super News\",\"description\":\"Super News Magyarorsz\u00e1g\",\"potentialAction\":[{\"@type\":\"SearchAction\",\"target\":{\"@type\":\"EntryPoint\",\"urlTemplate\":\"https:\\\/\\\/super-news.info\\\/hu\\\/?s={search_term_string}\"},\"query-input\":{\"@type\":\"PropertyValueSpecification\",\"valueRequired\":true,\"valueName\":\"search_term_string\"}}],\"inLanguage\":\"hu\"},{\"@type\":\"Person\",\"@id\":\"https:\\\/\\\/super-news.info\\\/hu\\\/#\\\/schema\\\/person\\\/2d4068cb2f39cd10008c2fce578a7356\",\"name\":\"super-news\",\"image\":{\"@type\":\"ImageObject\",\"inLanguage\":\"hu\",\"@id\":\"https:\\\/\\\/secure.gravatar.com\\\/avatar\\\/64ebac40b93f26a154f8a9b5b6fdccfc46f442b26b3dd6756dbff3bf9dc76fd7?s=96&d=mm&r=g\",\"url\":\"https:\\\/\\\/secure.gravatar.com\\\/avatar\\\/64ebac40b93f26a154f8a9b5b6fdccfc46f442b26b3dd6756dbff3bf9dc76fd7?s=96&d=mm&r=g\",\"contentUrl\":\"https:\\\/\\\/secure.gravatar.com\\\/avatar\\\/64ebac40b93f26a154f8a9b5b6fdccfc46f442b26b3dd6756dbff3bf9dc76fd7?s=96&d=mm&r=g\",\"caption\":\"super-news\"},\"url\":\"https:\\\/\\\/super-news.info\\\/hu\\\/author\\\/pt\\\/\"}]}<\/script>\n<!-- \/ Yoast SEO plugin. -->","yoast_head_json":{"title":"Felh\u0151szakad\u00e1s \u00e9s h\u0151s\u00e9g is v\u00e1rhat\u00f3 szerd\u00e1n - Super News","robots":{"index":"index","follow":"follow","max-snippet":"max-snippet:-1","max-image-preview":"max-image-preview:large","max-video-preview":"max-video-preview:-1"},"canonical":"https:\/\/super-news.info\/hu\/felhoszakadas-es-hoseg-is-varhato-szerdan\/","og_locale":"hu_HU","og_type":"article","og_title":"Felh\u0151szakad\u00e1s \u00e9s h\u0151s\u00e9g is v\u00e1rhat\u00f3 szerd\u00e1n - Super News","og_description":"[ad_1] A zivatar, a felh\u0151szakad\u00e1s \u00e9s a h\u0151s\u00e9g vesz\u00e9lye miatt is figyelmeztet\u00e9st adott ki t\u00f6bb megy\u00e9re \u00e9s a f\u0151v\u00e1rosra szerd\u00e1ra az Orsz\u00e1gos Meteorol\u00f3giai Szolg\u00e1lat. Vesz\u00e9lyjelz\u00e9s\u00fck szerint zivatarvesz\u00e9ly miatt Budapestre, Pest, Borsod-Aba\u00faj-Zempl\u00e9n, Gy\u0151r-Moson-Sopron, Heves, Kom\u00e1rom-Esztergom, N\u00f3gr\u00e1d \u00e9s Szabolcs-Szatm\u00e1r-Bereg megy\u00e9re adtak ki els\u0151fok\u00fa figyelmeztet\u00e9st. Emellett a f\u0151v\u00e1rosban, Pest, Gy\u0151r-Moson-Sopron \u00e9s Kom\u00e1rom-Esztergom megy\u00e9ben a felh\u0151szakad\u00e1s miatt is figyelmeztetnek. [&hellip;]","og_url":"https:\/\/super-news.info\/hu\/felhoszakadas-es-hoseg-is-varhato-szerdan\/","og_site_name":"Super News","article_published_time":"2019-08-06T17:10:02+00:00","article_modified_time":"2019-08-06T17:10:03+00:00","og_image":[{"width":1400,"height":871,"url":"https:\/\/super-news.info\/hu\/wp-content\/uploads\/sites\/3\/2019\/08\/Felh\u0151szakad\u00e1s-\u00e9s-h\u0151s\u00e9g-is-v\u00e1rhat\u00f3-szerd\u00e1n.jpg","type":"image\/jpeg"}],"author":"super-news","twitter_card":"summary_large_image","twitter_misc":{"Szerz\u0151:":"super-news","Becs\u00fclt olvas\u00e1si id\u0151":"2 perc"},"schema":{"@context":"https:\/\/schema.org","@graph":[{"@type":"Article","@id":"https:\/\/super-news.info\/hu\/felhoszakadas-es-hoseg-is-varhato-szerdan\/#article","isPartOf":{"@id":"https:\/\/super-news.info\/hu\/felhoszakadas-es-hoseg-is-varhato-szerdan\/"},"author":{"name":"super-news","@id":"https:\/\/super-news.info\/hu\/#\/schema\/person\/2d4068cb2f39cd10008c2fce578a7356"},"headline":"Felh\u0151szakad\u00e1s \u00e9s h\u0151s\u00e9g is v\u00e1rhat\u00f3 szerd\u00e1n","datePublished":"2019-08-06T17:10:02+00:00","dateModified":"2019-08-06T17:10:03+00:00","mainEntityOfPage":{"@id":"https:\/\/super-news.info\/hu\/felhoszakadas-es-hoseg-is-varhato-szerdan\/"},"wordCount":326,"commentCount":0,"image":{"@id":"https:\/\/super-news.info\/hu\/felhoszakadas-es-hoseg-is-varhato-szerdan\/#primaryimage"},"thumbnailUrl":"https:\/\/super-news.info\/hu\/wp-content\/uploads\/sites\/3\/2019\/08\/Felh\u0151szakad\u00e1s-\u00e9s-h\u0151s\u00e9g-is-v\u00e1rhat\u00f3-szerd\u00e1n.jpg","articleSection":["P\u00c9NZ\u00dcGYI H\u00cdREK"],"inLanguage":"hu","potentialAction":[{"@type":"CommentAction","name":"Comment","target":["https:\/\/super-news.info\/hu\/felhoszakadas-es-hoseg-is-varhato-szerdan\/#respond"]}]},{"@type":"WebPage","@id":"https:\/\/super-news.info\/hu\/felhoszakadas-es-hoseg-is-varhato-szerdan\/","url":"https:\/\/super-news.info\/hu\/felhoszakadas-es-hoseg-is-varhato-szerdan\/","name":"Felh\u0151szakad\u00e1s \u00e9s h\u0151s\u00e9g is v\u00e1rhat\u00f3 szerd\u00e1n - Super News","isPartOf":{"@id":"https:\/\/super-news.info\/hu\/#website"},"primaryImageOfPage":{"@id":"https:\/\/super-news.info\/hu\/felhoszakadas-es-hoseg-is-varhato-szerdan\/#primaryimage"},"image":{"@id":"https:\/\/super-news.info\/hu\/felhoszakadas-es-hoseg-is-varhato-szerdan\/#primaryimage"},"thumbnailUrl":"https:\/\/super-news.info\/hu\/wp-content\/uploads\/sites\/3\/2019\/08\/Felh\u0151szakad\u00e1s-\u00e9s-h\u0151s\u00e9g-is-v\u00e1rhat\u00f3-szerd\u00e1n.jpg","datePublished":"2019-08-06T17:10:02+00:00","dateModified":"2019-08-06T17:10:03+00:00","author":{"@id":"https:\/\/super-news.info\/hu\/#\/schema\/person\/2d4068cb2f39cd10008c2fce578a7356"},"breadcrumb":{"@id":"https:\/\/super-news.info\/hu\/felhoszakadas-es-hoseg-is-varhato-szerdan\/#breadcrumb"},"inLanguage":"hu","potentialAction":[{"@type":"ReadAction","target":["https:\/\/super-news.info\/hu\/felhoszakadas-es-hoseg-is-varhato-szerdan\/"]}]},{"@type":"ImageObject","inLanguage":"hu","@id":"https:\/\/super-news.info\/hu\/felhoszakadas-es-hoseg-is-varhato-szerdan\/#primaryimage","url":"https:\/\/super-news.info\/hu\/wp-content\/uploads\/sites\/3\/2019\/08\/Felh\u0151szakad\u00e1s-\u00e9s-h\u0151s\u00e9g-is-v\u00e1rhat\u00f3-szerd\u00e1n.jpg","contentUrl":"https:\/\/super-news.info\/hu\/wp-content\/uploads\/sites\/3\/2019\/08\/Felh\u0151szakad\u00e1s-\u00e9s-h\u0151s\u00e9g-is-v\u00e1rhat\u00f3-szerd\u00e1n.jpg","width":1400,"height":871,"caption":"Felh\u0151szakad\u00e1s \u00e9s h\u0151s\u00e9g is v\u00e1rhat\u00f3 szerd\u00e1n"},{"@type":"BreadcrumbList","@id":"https:\/\/super-news.info\/hu\/felhoszakadas-es-hoseg-is-varhato-szerdan\/#breadcrumb","itemListElement":[{"@type":"ListItem","position":1,"name":"\u0413\u043b\u0430\u0432\u043d\u0430\u044f \u0441\u0442\u0440\u0430\u043d\u0438\u0446\u0430","item":"https:\/\/super-news.info\/hu\/"},{"@type":"ListItem","position":2,"name":"Felh\u0151szakad\u00e1s \u00e9s h\u0151s\u00e9g is v\u00e1rhat\u00f3 szerd\u00e1n"}]},{"@type":"WebSite","@id":"https:\/\/super-news.info\/hu\/#website","url":"https:\/\/super-news.info\/hu\/","name":"Super News","description":"Super News Magyarorsz\u00e1g","potentialAction":[{"@type":"SearchAction","target":{"@type":"EntryPoint","urlTemplate":"https:\/\/super-news.info\/hu\/?s={search_term_string}"},"query-input":{"@type":"PropertyValueSpecification","valueRequired":true,"valueName":"search_term_string"}}],"inLanguage":"hu"},{"@type":"Person","@id":"https:\/\/super-news.info\/hu\/#\/schema\/person\/2d4068cb2f39cd10008c2fce578a7356","name":"super-news","image":{"@type":"ImageObject","inLanguage":"hu","@id":"https:\/\/secure.gravatar.com\/avatar\/64ebac40b93f26a154f8a9b5b6fdccfc46f442b26b3dd6756dbff3bf9dc76fd7?s=96&d=mm&r=g","url":"https:\/\/secure.gravatar.com\/avatar\/64ebac40b93f26a154f8a9b5b6fdccfc46f442b26b3dd6756dbff3bf9dc76fd7?s=96&d=mm&r=g","contentUrl":"https:\/\/secure.gravatar.com\/avatar\/64ebac40b93f26a154f8a9b5b6fdccfc46f442b26b3dd6756dbff3bf9dc76fd7?s=96&d=mm&r=g","caption":"super-news"},"url":"https:\/\/super-news.info\/hu\/author\/pt\/"}]}},"_links":{"self":[{"href":"https:\/\/super-news.info\/hu\/wp-json\/wp\/v2\/posts\/7241","targetHints":{"allow":["GET"]}}],"collection":[{"href":"https:\/\/super-news.info\/hu\/wp-json\/wp\/v2\/posts"}],"about":[{"href":"https:\/\/super-news.info\/hu\/wp-json\/wp\/v2\/types\/post"}],"author":[{"embeddable":true,"href":"https:\/\/super-news.info\/hu\/wp-json\/wp\/v2\/users\/2"}],"replies":[{"embeddable":true,"href":"https:\/\/super-news.info\/hu\/wp-json\/wp\/v2\/comments?post=7241"}],"version-history":[{"count":1,"href":"https:\/\/super-news.info\/hu\/wp-json\/wp\/v2\/posts\/7241\/revisions"}],"predecessor-version":[{"id":7243,"href":"https:\/\/super-news.info\/hu\/wp-json\/wp\/v2\/posts\/7241\/revisions\/7243"}],"wp:featuredmedia":[{"embeddable":true,"href":"https:\/\/super-news.info\/hu\/wp-json\/wp\/v2\/media\/7242"}],"wp:attachment":[{"href":"https:\/\/super-news.info\/hu\/wp-json\/wp\/v2\/media?parent=7241"}],"wp:term":[{"taxonomy":"category","embeddable":true,"href":"https:\/\/super-news.info\/hu\/wp-json\/wp\/v2\/categories?post=7241"},{"taxonomy":"post_tag","embeddable":true,"href":"https:\/\/super-news.info\/hu\/wp-json\/wp\/v2\/tags?post=7241"}],"curies":[{"name":"wp","href":"https:\/\/api.w.org\/{rel}","templated":true}]}}