{"id":7238,"date":"2019-08-06T19:16:00","date_gmt":"2019-08-06T16:16:00","guid":{"rendered":"https:\/\/super-news.info\/hu\/napelemparkot-letesitett-a-videoton-holding-szekesfehervaron\/"},"modified":"2019-08-06T19:16:01","modified_gmt":"2019-08-06T16:16:01","slug":"napelemparkot-letesitett-a-videoton-holding-szekesfehervaron","status":"publish","type":"post","link":"https:\/\/super-news.info\/hu\/napelemparkot-letesitett-a-videoton-holding-szekesfehervaron\/","title":{"rendered":"Napelemparkot l\u00e9tes\u00edtett a Videoton Holding Sz\u00e9kesfeh\u00e9rv\u00e1ron"},"content":{"rendered":"<p> [ad_1]<br \/>\n<\/p>\n<p>\n\t\t\t\t\t\t\t\tK\u00eds\u00e9rleti jelleggel, mintegy k\u00e9tsz\u00e1zmilli\u00f3 forintb\u00f3l l\u00e9tes\u00edtett napelemparkot a Videoton Holding Zrt. saj\u00e1t, sz\u00e9kesfeh\u00e9rv\u00e1ri ipari parkj\u00e1ban.\t\t\t\t\t\t\t<\/p>\n<div>\n<p>A naper\u0151m\u0171 keddi sajt\u00f3nyilv\u00e1nos bej\u00e1r\u00e1s\u00e1n Sink\u00f3 Ott\u00f3 t\u00e1rs-vez\u00e9rigazgat\u00f3 hangs\u00falyozta, hogy a Videoton m\u00e9ret\u00e9hez k\u00e9pest csek\u00e9ly \u00e9rt\u00e9k\u0171 beruh\u00e1z\u00e1sr\u00f3l van sz\u00f3, ugyanakkor fontosnak nevezte a technol\u00f3gia bevezet\u00e9s\u00e9t a mindennapjaikba.<\/p>\n<p>K\u00f6z\u00f6lte, hogy egy k\u00eds\u00e9rleti projektr\u0151l van sz\u00f3, amely j\u00f3l mutatja a c\u00e9gcsoport elk\u00f6telezetts\u00e9g\u00e9t a meg\u00fajul\u00f3 energi\u00e1k ir\u00e1ny\u00e1ba. Amennyiben a rendszer bev\u00e1lik, b\u0151v\u00edteni fogj\u00e1k a napelemparkot.<\/p>\n<div id=\"attachment_1676068\" style=\"width: 1410px\" class=\"wp-caption alignnone\">\n<p class=\"wp-caption-text\">A Videoton Holding Zrt. k\u00eds\u00e9rleti jelleggel, mintegy k\u00e9tsz\u00e1zmilli\u00f3 forintb\u00f3l l\u00e9tes\u00edtett napelemparkja a c\u00e9gcsoport sz\u00e9kesfeh\u00e9rv\u00e1ri ipari parkj\u00e1ban a sajt\u00f3bej\u00e1r\u00e1s napj\u00e1n, 2019. augusztus 6-\u00e1n. MTI\/Bodn\u00e1r Bogl\u00e1rka<\/p>\n<\/div>\n<p>Cser-Palkovics Andr\u00e1s (Fidesz) polg\u00e1rmester szerint a Videoton a kl\u00edmav\u00e9delemben is \u00e9len j\u00e1r a sz\u00e9kesfeh\u00e9rv\u00e1ri c\u00e9gek k\u00f6z\u00f6tt. P\u00e9lda\u00e9rt\u00e9k\u0171nek nevezte a beruh\u00e1z\u00e1st, amelyet a c\u00e9g saj\u00e1t er\u0151b\u0151l \u00e9s nem p\u00e1ly\u00e1zati forr\u00e1sb\u00f3l val\u00f3s\u00edtott meg.<\/p>\n<p>\u00dagy v\u00e9lte, a tapasztalatokat a j\u00f6v\u0151ben a v\u00e1rosvezet\u00e9s a v\u00e1ros\u00fczemeltet\u00e9sben, a k\u00f6zszolg\u00e1ltat\u00e1sok fenntarthat\u00f3bb\u00e1 t\u00e9tel\u00e9ben kamatoztathatja.<\/p>\n<\/p><\/div>\n<p><script>\n    window.fbAsyncInit = function() {\n        FB.init({\n            appId      : \"204760236815359\",\n            xfbml      : true,\n            version    : \"v2.12\"\n        });\n        FB.AppEvents.logPageView();\n    };<\/p>\n<p>    (function(d, s, id){\n        var js, fjs = d.getElementsByTagName(s)[0];\n        if (d.getElementById(id)) {return;}\n        js = d.createElement(s); js.id = id;\n        js.src = \"http:\/\/connect.facebook.net\/hu_HU\/sdk.js\";\n        fjs.parentNode.insertBefore(js, fjs);\n    }(document, \"script\", \"facebook-jssdk\"));\n<\/script><br \/>\n<br \/>[ad_2]<br \/>\n<br \/><a href=\"https:\/\/www.vg.hu\/vallalatok\/energia\/napelemparkot-letesitett-a-videoton-holding-szekesfehervaron-1675819\/\">Source link <\/a><\/p>\n","protected":false},"excerpt":{"rendered":"<p>[ad_1] K\u00eds\u00e9rleti jelleggel, mintegy k\u00e9tsz\u00e1zmilli\u00f3 forintb\u00f3l l\u00e9tes\u00edtett napelemparkot a Videoton Holding Zrt. saj\u00e1t, sz\u00e9kesfeh\u00e9rv\u00e1ri ipari parkj\u00e1ban. A naper\u0151m\u0171 keddi sajt\u00f3nyilv\u00e1nos bej\u00e1r\u00e1s\u00e1n Sink\u00f3 Ott\u00f3 t\u00e1rs-vez\u00e9rigazgat\u00f3 hangs\u00falyozta, hogy a Videoton m\u00e9ret\u00e9hez k\u00e9pest csek\u00e9ly \u00e9rt\u00e9k\u0171 beruh\u00e1z\u00e1sr\u00f3l van sz\u00f3, ugyanakkor fontosnak nevezte a technol\u00f3gia bevezet\u00e9s\u00e9t a mindennapjaikba. K\u00f6z\u00f6lte, hogy egy k\u00eds\u00e9rleti projektr\u0151l van sz\u00f3, amely j\u00f3l mutatja a c\u00e9gcsoport [&hellip;]<\/p>\n","protected":false},"author":2,"featured_media":7239,"comment_status":"open","ping_status":"open","sticky":false,"template":"","format":"standard","meta":{"footnotes":""},"categories":[1],"tags":[],"class_list":["post-7238","post","type-post","status-publish","format-standard","has-post-thumbnail","hentry","category-penzugyi-hirek"],"yoast_head":"<!-- This site is optimized with the Yoast SEO plugin v27.4 - https:\/\/yoast.com\/product\/yoast-seo-wordpress\/ -->\n<title>Napelemparkot l\u00e9tes\u00edtett a Videoton Holding Sz\u00e9kesfeh\u00e9rv\u00e1ron - Super News<\/title>\n<meta name=\"robots\" content=\"index, follow, max-snippet:-1, max-image-preview:large, max-video-preview:-1\" \/>\n<link rel=\"canonical\" href=\"https:\/\/super-news.info\/hu\/napelemparkot-letesitett-a-videoton-holding-szekesfehervaron\/\" \/>\n<meta property=\"og:locale\" content=\"hu_HU\" \/>\n<meta property=\"og:type\" content=\"article\" \/>\n<meta property=\"og:title\" content=\"Napelemparkot l\u00e9tes\u00edtett a Videoton Holding Sz\u00e9kesfeh\u00e9rv\u00e1ron - Super News\" \/>\n<meta property=\"og:description\" content=\"[ad_1] K\u00eds\u00e9rleti jelleggel, mintegy k\u00e9tsz\u00e1zmilli\u00f3 forintb\u00f3l l\u00e9tes\u00edtett napelemparkot a Videoton Holding Zrt. saj\u00e1t, sz\u00e9kesfeh\u00e9rv\u00e1ri ipari parkj\u00e1ban. A naper\u0151m\u0171 keddi sajt\u00f3nyilv\u00e1nos bej\u00e1r\u00e1s\u00e1n Sink\u00f3 Ott\u00f3 t\u00e1rs-vez\u00e9rigazgat\u00f3 hangs\u00falyozta, hogy a Videoton m\u00e9ret\u00e9hez k\u00e9pest csek\u00e9ly \u00e9rt\u00e9k\u0171 beruh\u00e1z\u00e1sr\u00f3l van sz\u00f3, ugyanakkor fontosnak nevezte a technol\u00f3gia bevezet\u00e9s\u00e9t a mindennapjaikba. K\u00f6z\u00f6lte, hogy egy k\u00eds\u00e9rleti projektr\u0151l van sz\u00f3, amely j\u00f3l mutatja a c\u00e9gcsoport [&hellip;]\" \/>\n<meta property=\"og:url\" content=\"https:\/\/super-news.info\/hu\/napelemparkot-letesitett-a-videoton-holding-szekesfehervaron\/\" \/>\n<meta property=\"og:site_name\" content=\"Super News\" \/>\n<meta property=\"article:published_time\" content=\"2019-08-06T16:16:00+00:00\" \/>\n<meta property=\"article:modified_time\" content=\"2019-08-06T16:16:01+00:00\" \/>\n<meta property=\"og:image\" content=\"https:\/\/super-news.info\/hu\/wp-content\/uploads\/sites\/3\/2019\/08\/Napelemparkot-l\u00e9tes\u00edtett-a-Videoton-Holding-Sz\u00e9kesfeh\u00e9rv\u00e1ron.jpeg\" \/>\n\t<meta property=\"og:image:width\" content=\"1400\" \/>\n\t<meta property=\"og:image:height\" content=\"932\" \/>\n\t<meta property=\"og:image:type\" content=\"image\/jpeg\" \/>\n<meta name=\"author\" content=\"super-news\" \/>\n<meta name=\"twitter:card\" content=\"summary_large_image\" \/>\n<meta name=\"twitter:label1\" content=\"Szerz\u0151:\" \/>\n\t<meta name=\"twitter:data1\" content=\"super-news\" \/>\n\t<meta name=\"twitter:label2\" content=\"Becs\u00fclt olvas\u00e1si id\u0151\" \/>\n\t<meta name=\"twitter:data2\" content=\"1 perc\" \/>\n<script type=\"application\/ld+json\" class=\"yoast-schema-graph\">{\"@context\":\"https:\\\/\\\/schema.org\",\"@graph\":[{\"@type\":\"Article\",\"@id\":\"https:\\\/\\\/super-news.info\\\/hu\\\/napelemparkot-letesitett-a-videoton-holding-szekesfehervaron\\\/#article\",\"isPartOf\":{\"@id\":\"https:\\\/\\\/super-news.info\\\/hu\\\/napelemparkot-letesitett-a-videoton-holding-szekesfehervaron\\\/\"},\"author\":{\"name\":\"super-news\",\"@id\":\"https:\\\/\\\/super-news.info\\\/hu\\\/#\\\/schema\\\/person\\\/2d4068cb2f39cd10008c2fce578a7356\"},\"headline\":\"Napelemparkot l\u00e9tes\u00edtett a Videoton Holding Sz\u00e9kesfeh\u00e9rv\u00e1ron\",\"datePublished\":\"2019-08-06T16:16:00+00:00\",\"dateModified\":\"2019-08-06T16:16:01+00:00\",\"mainEntityOfPage\":{\"@id\":\"https:\\\/\\\/super-news.info\\\/hu\\\/napelemparkot-letesitett-a-videoton-holding-szekesfehervaron\\\/\"},\"wordCount\":262,\"commentCount\":0,\"image\":{\"@id\":\"https:\\\/\\\/super-news.info\\\/hu\\\/napelemparkot-letesitett-a-videoton-holding-szekesfehervaron\\\/#primaryimage\"},\"thumbnailUrl\":\"https:\\\/\\\/super-news.info\\\/hu\\\/wp-content\\\/uploads\\\/sites\\\/3\\\/2019\\\/08\\\/Napelemparkot-l\u00e9tes\u00edtett-a-Videoton-Holding-Sz\u00e9kesfeh\u00e9rv\u00e1ron.jpeg\",\"articleSection\":[\"P\u00c9NZ\u00dcGYI H\u00cdREK\"],\"inLanguage\":\"hu\",\"potentialAction\":[{\"@type\":\"CommentAction\",\"name\":\"Comment\",\"target\":[\"https:\\\/\\\/super-news.info\\\/hu\\\/napelemparkot-letesitett-a-videoton-holding-szekesfehervaron\\\/#respond\"]}]},{\"@type\":\"WebPage\",\"@id\":\"https:\\\/\\\/super-news.info\\\/hu\\\/napelemparkot-letesitett-a-videoton-holding-szekesfehervaron\\\/\",\"url\":\"https:\\\/\\\/super-news.info\\\/hu\\\/napelemparkot-letesitett-a-videoton-holding-szekesfehervaron\\\/\",\"name\":\"Napelemparkot l\u00e9tes\u00edtett a Videoton Holding Sz\u00e9kesfeh\u00e9rv\u00e1ron - Super News\",\"isPartOf\":{\"@id\":\"https:\\\/\\\/super-news.info\\\/hu\\\/#website\"},\"primaryImageOfPage\":{\"@id\":\"https:\\\/\\\/super-news.info\\\/hu\\\/napelemparkot-letesitett-a-videoton-holding-szekesfehervaron\\\/#primaryimage\"},\"image\":{\"@id\":\"https:\\\/\\\/super-news.info\\\/hu\\\/napelemparkot-letesitett-a-videoton-holding-szekesfehervaron\\\/#primaryimage\"},\"thumbnailUrl\":\"https:\\\/\\\/super-news.info\\\/hu\\\/wp-content\\\/uploads\\\/sites\\\/3\\\/2019\\\/08\\\/Napelemparkot-l\u00e9tes\u00edtett-a-Videoton-Holding-Sz\u00e9kesfeh\u00e9rv\u00e1ron.jpeg\",\"datePublished\":\"2019-08-06T16:16:00+00:00\",\"dateModified\":\"2019-08-06T16:16:01+00:00\",\"author\":{\"@id\":\"https:\\\/\\\/super-news.info\\\/hu\\\/#\\\/schema\\\/person\\\/2d4068cb2f39cd10008c2fce578a7356\"},\"breadcrumb\":{\"@id\":\"https:\\\/\\\/super-news.info\\\/hu\\\/napelemparkot-letesitett-a-videoton-holding-szekesfehervaron\\\/#breadcrumb\"},\"inLanguage\":\"hu\",\"potentialAction\":[{\"@type\":\"ReadAction\",\"target\":[\"https:\\\/\\\/super-news.info\\\/hu\\\/napelemparkot-letesitett-a-videoton-holding-szekesfehervaron\\\/\"]}]},{\"@type\":\"ImageObject\",\"inLanguage\":\"hu\",\"@id\":\"https:\\\/\\\/super-news.info\\\/hu\\\/napelemparkot-letesitett-a-videoton-holding-szekesfehervaron\\\/#primaryimage\",\"url\":\"https:\\\/\\\/super-news.info\\\/hu\\\/wp-content\\\/uploads\\\/sites\\\/3\\\/2019\\\/08\\\/Napelemparkot-l\u00e9tes\u00edtett-a-Videoton-Holding-Sz\u00e9kesfeh\u00e9rv\u00e1ron.jpeg\",\"contentUrl\":\"https:\\\/\\\/super-news.info\\\/hu\\\/wp-content\\\/uploads\\\/sites\\\/3\\\/2019\\\/08\\\/Napelemparkot-l\u00e9tes\u00edtett-a-Videoton-Holding-Sz\u00e9kesfeh\u00e9rv\u00e1ron.jpeg\",\"width\":1400,\"height\":932,\"caption\":\"Napelemparkot l\u00e9tes\u00edtett a Videoton Holding Sz\u00e9kesfeh\u00e9rv\u00e1ron\"},{\"@type\":\"BreadcrumbList\",\"@id\":\"https:\\\/\\\/super-news.info\\\/hu\\\/napelemparkot-letesitett-a-videoton-holding-szekesfehervaron\\\/#breadcrumb\",\"itemListElement\":[{\"@type\":\"ListItem\",\"position\":1,\"name\":\"\u0413\u043b\u0430\u0432\u043d\u0430\u044f \u0441\u0442\u0440\u0430\u043d\u0438\u0446\u0430\",\"item\":\"https:\\\/\\\/super-news.info\\\/hu\\\/\"},{\"@type\":\"ListItem\",\"position\":2,\"name\":\"Napelemparkot l\u00e9tes\u00edtett a Videoton Holding Sz\u00e9kesfeh\u00e9rv\u00e1ron\"}]},{\"@type\":\"WebSite\",\"@id\":\"https:\\\/\\\/super-news.info\\\/hu\\\/#website\",\"url\":\"https:\\\/\\\/super-news.info\\\/hu\\\/\",\"name\":\"Super News\",\"description\":\"Super News Magyarorsz\u00e1g\",\"potentialAction\":[{\"@type\":\"SearchAction\",\"target\":{\"@type\":\"EntryPoint\",\"urlTemplate\":\"https:\\\/\\\/super-news.info\\\/hu\\\/?s={search_term_string}\"},\"query-input\":{\"@type\":\"PropertyValueSpecification\",\"valueRequired\":true,\"valueName\":\"search_term_string\"}}],\"inLanguage\":\"hu\"},{\"@type\":\"Person\",\"@id\":\"https:\\\/\\\/super-news.info\\\/hu\\\/#\\\/schema\\\/person\\\/2d4068cb2f39cd10008c2fce578a7356\",\"name\":\"super-news\",\"image\":{\"@type\":\"ImageObject\",\"inLanguage\":\"hu\",\"@id\":\"https:\\\/\\\/secure.gravatar.com\\\/avatar\\\/64ebac40b93f26a154f8a9b5b6fdccfc46f442b26b3dd6756dbff3bf9dc76fd7?s=96&d=mm&r=g\",\"url\":\"https:\\\/\\\/secure.gravatar.com\\\/avatar\\\/64ebac40b93f26a154f8a9b5b6fdccfc46f442b26b3dd6756dbff3bf9dc76fd7?s=96&d=mm&r=g\",\"contentUrl\":\"https:\\\/\\\/secure.gravatar.com\\\/avatar\\\/64ebac40b93f26a154f8a9b5b6fdccfc46f442b26b3dd6756dbff3bf9dc76fd7?s=96&d=mm&r=g\",\"caption\":\"super-news\"},\"url\":\"https:\\\/\\\/super-news.info\\\/hu\\\/author\\\/pt\\\/\"}]}<\/script>\n<!-- \/ Yoast SEO plugin. -->","yoast_head_json":{"title":"Napelemparkot l\u00e9tes\u00edtett a Videoton Holding Sz\u00e9kesfeh\u00e9rv\u00e1ron - Super News","robots":{"index":"index","follow":"follow","max-snippet":"max-snippet:-1","max-image-preview":"max-image-preview:large","max-video-preview":"max-video-preview:-1"},"canonical":"https:\/\/super-news.info\/hu\/napelemparkot-letesitett-a-videoton-holding-szekesfehervaron\/","og_locale":"hu_HU","og_type":"article","og_title":"Napelemparkot l\u00e9tes\u00edtett a Videoton Holding Sz\u00e9kesfeh\u00e9rv\u00e1ron - Super News","og_description":"[ad_1] K\u00eds\u00e9rleti jelleggel, mintegy k\u00e9tsz\u00e1zmilli\u00f3 forintb\u00f3l l\u00e9tes\u00edtett napelemparkot a Videoton Holding Zrt. saj\u00e1t, sz\u00e9kesfeh\u00e9rv\u00e1ri ipari parkj\u00e1ban. A naper\u0151m\u0171 keddi sajt\u00f3nyilv\u00e1nos bej\u00e1r\u00e1s\u00e1n Sink\u00f3 Ott\u00f3 t\u00e1rs-vez\u00e9rigazgat\u00f3 hangs\u00falyozta, hogy a Videoton m\u00e9ret\u00e9hez k\u00e9pest csek\u00e9ly \u00e9rt\u00e9k\u0171 beruh\u00e1z\u00e1sr\u00f3l van sz\u00f3, ugyanakkor fontosnak nevezte a technol\u00f3gia bevezet\u00e9s\u00e9t a mindennapjaikba. K\u00f6z\u00f6lte, hogy egy k\u00eds\u00e9rleti projektr\u0151l van sz\u00f3, amely j\u00f3l mutatja a c\u00e9gcsoport [&hellip;]","og_url":"https:\/\/super-news.info\/hu\/napelemparkot-letesitett-a-videoton-holding-szekesfehervaron\/","og_site_name":"Super News","article_published_time":"2019-08-06T16:16:00+00:00","article_modified_time":"2019-08-06T16:16:01+00:00","og_image":[{"width":1400,"height":932,"url":"https:\/\/super-news.info\/hu\/wp-content\/uploads\/sites\/3\/2019\/08\/Napelemparkot-l\u00e9tes\u00edtett-a-Videoton-Holding-Sz\u00e9kesfeh\u00e9rv\u00e1ron.jpeg","type":"image\/jpeg"}],"author":"super-news","twitter_card":"summary_large_image","twitter_misc":{"Szerz\u0151:":"super-news","Becs\u00fclt olvas\u00e1si id\u0151":"1 perc"},"schema":{"@context":"https:\/\/schema.org","@graph":[{"@type":"Article","@id":"https:\/\/super-news.info\/hu\/napelemparkot-letesitett-a-videoton-holding-szekesfehervaron\/#article","isPartOf":{"@id":"https:\/\/super-news.info\/hu\/napelemparkot-letesitett-a-videoton-holding-szekesfehervaron\/"},"author":{"name":"super-news","@id":"https:\/\/super-news.info\/hu\/#\/schema\/person\/2d4068cb2f39cd10008c2fce578a7356"},"headline":"Napelemparkot l\u00e9tes\u00edtett a Videoton Holding Sz\u00e9kesfeh\u00e9rv\u00e1ron","datePublished":"2019-08-06T16:16:00+00:00","dateModified":"2019-08-06T16:16:01+00:00","mainEntityOfPage":{"@id":"https:\/\/super-news.info\/hu\/napelemparkot-letesitett-a-videoton-holding-szekesfehervaron\/"},"wordCount":262,"commentCount":0,"image":{"@id":"https:\/\/super-news.info\/hu\/napelemparkot-letesitett-a-videoton-holding-szekesfehervaron\/#primaryimage"},"thumbnailUrl":"https:\/\/super-news.info\/hu\/wp-content\/uploads\/sites\/3\/2019\/08\/Napelemparkot-l\u00e9tes\u00edtett-a-Videoton-Holding-Sz\u00e9kesfeh\u00e9rv\u00e1ron.jpeg","articleSection":["P\u00c9NZ\u00dcGYI H\u00cdREK"],"inLanguage":"hu","potentialAction":[{"@type":"CommentAction","name":"Comment","target":["https:\/\/super-news.info\/hu\/napelemparkot-letesitett-a-videoton-holding-szekesfehervaron\/#respond"]}]},{"@type":"WebPage","@id":"https:\/\/super-news.info\/hu\/napelemparkot-letesitett-a-videoton-holding-szekesfehervaron\/","url":"https:\/\/super-news.info\/hu\/napelemparkot-letesitett-a-videoton-holding-szekesfehervaron\/","name":"Napelemparkot l\u00e9tes\u00edtett a Videoton Holding Sz\u00e9kesfeh\u00e9rv\u00e1ron - Super News","isPartOf":{"@id":"https:\/\/super-news.info\/hu\/#website"},"primaryImageOfPage":{"@id":"https:\/\/super-news.info\/hu\/napelemparkot-letesitett-a-videoton-holding-szekesfehervaron\/#primaryimage"},"image":{"@id":"https:\/\/super-news.info\/hu\/napelemparkot-letesitett-a-videoton-holding-szekesfehervaron\/#primaryimage"},"thumbnailUrl":"https:\/\/super-news.info\/hu\/wp-content\/uploads\/sites\/3\/2019\/08\/Napelemparkot-l\u00e9tes\u00edtett-a-Videoton-Holding-Sz\u00e9kesfeh\u00e9rv\u00e1ron.jpeg","datePublished":"2019-08-06T16:16:00+00:00","dateModified":"2019-08-06T16:16:01+00:00","author":{"@id":"https:\/\/super-news.info\/hu\/#\/schema\/person\/2d4068cb2f39cd10008c2fce578a7356"},"breadcrumb":{"@id":"https:\/\/super-news.info\/hu\/napelemparkot-letesitett-a-videoton-holding-szekesfehervaron\/#breadcrumb"},"inLanguage":"hu","potentialAction":[{"@type":"ReadAction","target":["https:\/\/super-news.info\/hu\/napelemparkot-letesitett-a-videoton-holding-szekesfehervaron\/"]}]},{"@type":"ImageObject","inLanguage":"hu","@id":"https:\/\/super-news.info\/hu\/napelemparkot-letesitett-a-videoton-holding-szekesfehervaron\/#primaryimage","url":"https:\/\/super-news.info\/hu\/wp-content\/uploads\/sites\/3\/2019\/08\/Napelemparkot-l\u00e9tes\u00edtett-a-Videoton-Holding-Sz\u00e9kesfeh\u00e9rv\u00e1ron.jpeg","contentUrl":"https:\/\/super-news.info\/hu\/wp-content\/uploads\/sites\/3\/2019\/08\/Napelemparkot-l\u00e9tes\u00edtett-a-Videoton-Holding-Sz\u00e9kesfeh\u00e9rv\u00e1ron.jpeg","width":1400,"height":932,"caption":"Napelemparkot l\u00e9tes\u00edtett a Videoton Holding Sz\u00e9kesfeh\u00e9rv\u00e1ron"},{"@type":"BreadcrumbList","@id":"https:\/\/super-news.info\/hu\/napelemparkot-letesitett-a-videoton-holding-szekesfehervaron\/#breadcrumb","itemListElement":[{"@type":"ListItem","position":1,"name":"\u0413\u043b\u0430\u0432\u043d\u0430\u044f \u0441\u0442\u0440\u0430\u043d\u0438\u0446\u0430","item":"https:\/\/super-news.info\/hu\/"},{"@type":"ListItem","position":2,"name":"Napelemparkot l\u00e9tes\u00edtett a Videoton Holding Sz\u00e9kesfeh\u00e9rv\u00e1ron"}]},{"@type":"WebSite","@id":"https:\/\/super-news.info\/hu\/#website","url":"https:\/\/super-news.info\/hu\/","name":"Super News","description":"Super News Magyarorsz\u00e1g","potentialAction":[{"@type":"SearchAction","target":{"@type":"EntryPoint","urlTemplate":"https:\/\/super-news.info\/hu\/?s={search_term_string}"},"query-input":{"@type":"PropertyValueSpecification","valueRequired":true,"valueName":"search_term_string"}}],"inLanguage":"hu"},{"@type":"Person","@id":"https:\/\/super-news.info\/hu\/#\/schema\/person\/2d4068cb2f39cd10008c2fce578a7356","name":"super-news","image":{"@type":"ImageObject","inLanguage":"hu","@id":"https:\/\/secure.gravatar.com\/avatar\/64ebac40b93f26a154f8a9b5b6fdccfc46f442b26b3dd6756dbff3bf9dc76fd7?s=96&d=mm&r=g","url":"https:\/\/secure.gravatar.com\/avatar\/64ebac40b93f26a154f8a9b5b6fdccfc46f442b26b3dd6756dbff3bf9dc76fd7?s=96&d=mm&r=g","contentUrl":"https:\/\/secure.gravatar.com\/avatar\/64ebac40b93f26a154f8a9b5b6fdccfc46f442b26b3dd6756dbff3bf9dc76fd7?s=96&d=mm&r=g","caption":"super-news"},"url":"https:\/\/super-news.info\/hu\/author\/pt\/"}]}},"_links":{"self":[{"href":"https:\/\/super-news.info\/hu\/wp-json\/wp\/v2\/posts\/7238","targetHints":{"allow":["GET"]}}],"collection":[{"href":"https:\/\/super-news.info\/hu\/wp-json\/wp\/v2\/posts"}],"about":[{"href":"https:\/\/super-news.info\/hu\/wp-json\/wp\/v2\/types\/post"}],"author":[{"embeddable":true,"href":"https:\/\/super-news.info\/hu\/wp-json\/wp\/v2\/users\/2"}],"replies":[{"embeddable":true,"href":"https:\/\/super-news.info\/hu\/wp-json\/wp\/v2\/comments?post=7238"}],"version-history":[{"count":1,"href":"https:\/\/super-news.info\/hu\/wp-json\/wp\/v2\/posts\/7238\/revisions"}],"predecessor-version":[{"id":7240,"href":"https:\/\/super-news.info\/hu\/wp-json\/wp\/v2\/posts\/7238\/revisions\/7240"}],"wp:featuredmedia":[{"embeddable":true,"href":"https:\/\/super-news.info\/hu\/wp-json\/wp\/v2\/media\/7239"}],"wp:attachment":[{"href":"https:\/\/super-news.info\/hu\/wp-json\/wp\/v2\/media?parent=7238"}],"wp:term":[{"taxonomy":"category","embeddable":true,"href":"https:\/\/super-news.info\/hu\/wp-json\/wp\/v2\/categories?post=7238"},{"taxonomy":"post_tag","embeddable":true,"href":"https:\/\/super-news.info\/hu\/wp-json\/wp\/v2\/tags?post=7238"}],"curies":[{"name":"wp","href":"https:\/\/api.w.org\/{rel}","templated":true}]}}