{"id":7232,"date":"2019-08-06T17:27:09","date_gmt":"2019-08-06T14:27:09","guid":{"rendered":"https:\/\/super-news.info\/hu\/kell-e-tartani-az-eladosodastol-vilaggazdasag\/"},"modified":"2019-08-06T17:27:10","modified_gmt":"2019-08-06T14:27:10","slug":"kell-e-tartani-az-eladosodastol-vilaggazdasag","status":"publish","type":"post","link":"https:\/\/super-news.info\/hu\/kell-e-tartani-az-eladosodastol-vilaggazdasag\/","title":{"rendered":"Kell-e tartani az elad\u00f3sod\u00e1st\u00f3l? | Vil\u00e1ggazdas\u00e1g"},"content":{"rendered":"<p> [ad_1]<br \/>\n<\/p>\n<div>\n<p>T\u00falz\u00e1s n\u00e9lk\u00fcl \u00e1ll\u00edthatjuk, hogy j\u00f3kora v\u00e1ltoz\u00e1st hozott a j\u00falius a lakoss\u00e1gi hitelpiacon, azon bel\u00fcl is a lak\u00e1shitelez\u00e9sben, az \u00e1llami t\u00e1mogat\u00e1si rendszer kib\u0151v\u00edt\u00e9s\u00e9vel. A csal\u00e1di otthonteremt\u00e9si kedvezm\u00e9ny sz\u00e9lesebb k\u00f6rt \u00e9rint, az egyik legfontosabb l\u00e9p\u00e9s, hogy a felt\u00e9teleket teljes\u00edt\u0151 k\u00e9tgyermekesek is megkaphatj\u00e1k a haszn\u00e1lt lak\u00e1s v\u00e1s\u00e1rl\u00e1s\u00e1ra a kedvezm\u00e9nyes, t\u00edzmilli\u00f3 forintos hitelt. Plusz megjelent a falusi CSOK, amely a kistelep\u00fcl\u00e9sek lak\u00f3ingatlan-piac\u00e1t \u00e9l\u00e9nk\u00edtheti fel. Emellett j\u00faliust\u00f3l egy teljesen \u00faj, eddig nem el\u00e9rhet\u0151 kedvezm\u00e9nyes lehet\u0151s\u00e9get kaptak a gyermeket v\u00e1llal\u00f3 csal\u00e1dok: a babav\u00e1r\u00f3r\u00f3l van sz\u00f3, amely egy t\u00edzmilli\u00f3 forintos, szabadon elk\u00f6lthet\u0151 hitel, persze lak\u00e1sc\u00e9lra is ford\u00edthat\u00f3. Azt, hogy pontosan milyen l\u00f6k\u00e9st ad a lak\u00e1shitelez\u00e9snek az \u00faj konstrukci\u00f3k megjelen\u00e9se, korai megbecs\u00fclni, mert r\u00f6vid id\u0151 telt el. Most ink\u00e1bb azt n\u00e9zz\u00fck meg, hogy kell-e tartani a kedvezm\u00e9nyes lehet\u0151s\u00e9gekt\u0151l.<\/p>\n<p>Azt le kell sz\u00f6gezni, hogy csak az ig\u00e9nyeljen kedvezm\u00e9nyes vagy piaci hitelt \u2013 legyen sz\u00f3 k\u00f6lt\u00f6z\u00e9sr\u0151l vagy lak\u00e1sfel\u00faj\u00edt\u00e1sr\u00f3l \u2013, akinek val\u00f3ban sz\u00fcks\u00e9ge van r\u00e1, \u00e9s k\u00e9pes hossz\u00fa t\u00e1von fizetni az adott hitel terheit.<\/p>\n<p>Nem kell t\u00falzott elad\u00f3sod\u00e1st\u00f3l tartani makrogazdas\u00e1gi szinten, ezt t\u00f6bb mutat\u00f3 is igazolja.<\/p>\n<p>P\u00e9ld\u00e1ul az, hogy a lakoss\u00e1gi hitelpiacon az \u00fajonnan foly\u00f3s\u00edtott hitelek volumene a j\u00f6vedelemhez viszony\u00edtva er\u0151sen elmarad a v\u00e1ls\u00e1g el\u0151tti szintt\u0151l, \u00e9s ez visszafogja az esetleges t\u00falzott elad\u00f3sod\u00e1st. A jegybanki adatok szerint a m\u00falt \u00e9v v\u00e9g\u00e9n a lak\u00e1shitel-szerz\u0151d\u00e9sek \u00e9ves volumene nomin\u00e1lisan ism\u00e9t el\u00e9rte a 2008. \u00e9vi szintet. A h\u00e1ztart\u00e1si hitelek kibocs\u00e1t\u00e1s\u00e1nak eg\u00e9sz\u00e9t vizsg\u00e1lva azonban nomin\u00e1lisan a 2008-as volumen 75 sz\u00e1zal\u00e9k\u00e1t, re\u00e1l\u00e9rtelemben pedig 57 sz\u00e1zal\u00e9k\u00e1t tette ki. L\u00e9nyeges adat az a szint\u00e9n jegybanki kimutat\u00e1s, amely szerint az \u00faj hitelek \u00e9s a h\u00e1ztart\u00e1sok rendelkez\u00e9sre \u00e1ll\u00f3 j\u00f6vedelm\u00e9nek ar\u00e1nya 2008-ban 14 sz\u00e1zal\u00e9k volt, 2018-ban pedig csak 7 sz\u00e1zal\u00e9k.<\/p>\n<div id=\"attachment_1481503\" style=\"width: 1410px\" class=\"wp-caption aligncenter\">\n<p class=\"wp-caption-text\">Fot\u00f3: Shutterstock<\/p>\n<\/div>\n<p>A nett\u00f3 fizet\u00e9sek n\u00f6veked\u00e9se, a re\u00e1lb\u00e9rek emelked\u00e9se t\u00e1maszt ad a lakoss\u00e1gi hitelkeresletnek, ahogy az alacsony kamatszintek is. Szerencs\u00e9re nemzetk\u00f6zi szinten is fordulat l\u00e1tszik a monet\u00e1ris politik\u00e1ban: az Eur\u00f3pai K\u00f6zponti Bank \u00e9s az amerikai jegybank szerep\u00e9t bet\u00f6lt\u0151 Fed is ink\u00e1bb a laza felt\u00e9telek ir\u00e1ny\u00e1ba mozdulhat el, ez\u00e9rt a Magyar Nemzeti Bank is fenntarthatja az alacsony kamatszinteket biztos\u00edt\u00f3 laza felt\u00e9teleket.<\/p>\n<p>Visszat\u00e9rve a fizet\u00e9sekre \u00e9s a lak\u00e1shitelekre, \u00e9rdemes megn\u00e9zni, hogy egy t\u00edzmilli\u00f3 forintos, h\u00fasz\u00e9ves futamidej\u0171 lak\u00e1shiteln\u00e9l mi a helyzet. A Money.hu kalkul\u00e1ci\u00f3i szerint a sz\u00f3ban forg\u00f3 hitelb\u0151l a legolcs\u00f3bbak kevesebb mint hetvenezer forintos havi t\u00f6rleszt\u00e9ssel felvehet\u0151k voltak j\u00falius v\u00e9g\u00e9n. A KSH \u00e1ltal \u2013 csal\u00e1di ad\u00f3kedvezm\u00e9ny n\u00e9lk\u00fcl \u2013 sz\u00e1m\u00edtott nett\u00f3 \u00e1tlagkereset 247 ezer forint volt. Vagyis a nett\u00f3 \u00e1tlagfizet\u00e9s 28 sz\u00e1zal\u00e9ka kellene a hitelt\u00f6rleszt\u00e9sre. Ezzel szemben n\u00e9gy \u00e9vvel ezel\u0151tt a havi \u00e1tlag nett\u00f3 fizet\u00e9s 179 ezer forintot tett ki, ebben az esetben ugyanez a hetvenezer forintos t\u00f6rleszt\u00e9s m\u00e1r 41 sz\u00e1zal\u00e9kot vitt volna el bel\u0151le.<\/p>\n<p>\u00d6sszess\u00e9g\u00e9ben egyel\u0151re nem kell tartani a t\u00falzott elad\u00f3sod\u00e1st\u00f3l, de ahhoz, hogy ez \u00edgy maradjon, a hitelfelvev\u0151knek tov\u00e1bbra is tudatosan kell m\u00e9rlegelni\u00fck a kock\u00e1zatokat.<\/p>\n<\/p><\/div>\n<p><script>\n    window.fbAsyncInit = function() {\n        FB.init({\n            appId      : \"204760236815359\",\n            xfbml      : true,\n            version    : \"v2.12\"\n        });\n        FB.AppEvents.logPageView();\n    };<\/p>\n<p>    (function(d, s, id){\n        var js, fjs = d.getElementsByTagName(s)[0];\n        if (d.getElementById(id)) {return;}\n        js = d.createElement(s); js.id = id;\n        js.src = \"http:\/\/connect.facebook.net\/hu_HU\/sdk.js\";\n        fjs.parentNode.insertBefore(js, fjs);\n    }(document, \"script\", \"facebook-jssdk\"));\n<\/script><br \/>\n<br \/>[ad_2]<br \/>\n<br \/><a href=\"https:\/\/www.vg.hu\/velemeny\/elemzes\/kell-e-tartani-az-eladosodastol-2-1674466\/\">Source link <\/a><\/p>\n","protected":false},"excerpt":{"rendered":"<p>[ad_1] T\u00falz\u00e1s n\u00e9lk\u00fcl \u00e1ll\u00edthatjuk, hogy j\u00f3kora v\u00e1ltoz\u00e1st hozott a j\u00falius a lakoss\u00e1gi hitelpiacon, azon bel\u00fcl is a lak\u00e1shitelez\u00e9sben, az \u00e1llami t\u00e1mogat\u00e1si rendszer kib\u0151v\u00edt\u00e9s\u00e9vel. A csal\u00e1di otthonteremt\u00e9si kedvezm\u00e9ny sz\u00e9lesebb k\u00f6rt \u00e9rint, az egyik legfontosabb l\u00e9p\u00e9s, hogy a felt\u00e9teleket teljes\u00edt\u0151 k\u00e9tgyermekesek is megkaphatj\u00e1k a haszn\u00e1lt lak\u00e1s v\u00e1s\u00e1rl\u00e1s\u00e1ra a kedvezm\u00e9nyes, t\u00edzmilli\u00f3 forintos hitelt. Plusz megjelent a falusi CSOK, [&hellip;]<\/p>\n","protected":false},"author":2,"featured_media":7233,"comment_status":"open","ping_status":"open","sticky":false,"template":"","format":"standard","meta":{"footnotes":""},"categories":[1],"tags":[],"class_list":["post-7232","post","type-post","status-publish","format-standard","has-post-thumbnail","hentry","category-penzugyi-hirek"],"yoast_head":"<!-- This site is optimized with the Yoast SEO plugin v27.4 - https:\/\/yoast.com\/product\/yoast-seo-wordpress\/ -->\n<title>Kell-e tartani az elad\u00f3sod\u00e1st\u00f3l? | Vil\u00e1ggazdas\u00e1g - Super News<\/title>\n<meta name=\"robots\" content=\"index, follow, max-snippet:-1, max-image-preview:large, max-video-preview:-1\" \/>\n<link rel=\"canonical\" href=\"https:\/\/super-news.info\/hu\/kell-e-tartani-az-eladosodastol-vilaggazdasag\/\" \/>\n<meta property=\"og:locale\" content=\"hu_HU\" \/>\n<meta property=\"og:type\" content=\"article\" \/>\n<meta property=\"og:title\" content=\"Kell-e tartani az elad\u00f3sod\u00e1st\u00f3l? | Vil\u00e1ggazdas\u00e1g - Super News\" \/>\n<meta property=\"og:description\" content=\"[ad_1] T\u00falz\u00e1s n\u00e9lk\u00fcl \u00e1ll\u00edthatjuk, hogy j\u00f3kora v\u00e1ltoz\u00e1st hozott a j\u00falius a lakoss\u00e1gi hitelpiacon, azon bel\u00fcl is a lak\u00e1shitelez\u00e9sben, az \u00e1llami t\u00e1mogat\u00e1si rendszer kib\u0151v\u00edt\u00e9s\u00e9vel. A csal\u00e1di otthonteremt\u00e9si kedvezm\u00e9ny sz\u00e9lesebb k\u00f6rt \u00e9rint, az egyik legfontosabb l\u00e9p\u00e9s, hogy a felt\u00e9teleket teljes\u00edt\u0151 k\u00e9tgyermekesek is megkaphatj\u00e1k a haszn\u00e1lt lak\u00e1s v\u00e1s\u00e1rl\u00e1s\u00e1ra a kedvezm\u00e9nyes, t\u00edzmilli\u00f3 forintos hitelt. Plusz megjelent a falusi CSOK, [&hellip;]\" \/>\n<meta property=\"og:url\" content=\"https:\/\/super-news.info\/hu\/kell-e-tartani-az-eladosodastol-vilaggazdasag\/\" \/>\n<meta property=\"og:site_name\" content=\"Super News\" \/>\n<meta property=\"article:published_time\" content=\"2019-08-06T14:27:09+00:00\" \/>\n<meta property=\"article:modified_time\" content=\"2019-08-06T14:27:10+00:00\" \/>\n<meta property=\"og:image\" content=\"https:\/\/super-news.info\/hu\/wp-content\/uploads\/sites\/3\/2019\/08\/Kell-e-tartani-az-elad\u00f3sod\u00e1st\u00f3l-Vil\u00e1ggazdas\u00e1g.jpg\" \/>\n\t<meta property=\"og:image:width\" content=\"1400\" \/>\n\t<meta property=\"og:image:height\" content=\"935\" \/>\n\t<meta property=\"og:image:type\" content=\"image\/jpeg\" \/>\n<meta name=\"author\" content=\"super-news\" \/>\n<meta name=\"twitter:card\" content=\"summary_large_image\" \/>\n<meta name=\"twitter:label1\" content=\"Szerz\u0151:\" \/>\n\t<meta name=\"twitter:data1\" content=\"super-news\" \/>\n\t<meta name=\"twitter:label2\" content=\"Becs\u00fclt olvas\u00e1si id\u0151\" \/>\n\t<meta name=\"twitter:data2\" content=\"3 perc\" \/>\n<script type=\"application\/ld+json\" class=\"yoast-schema-graph\">{\"@context\":\"https:\\\/\\\/schema.org\",\"@graph\":[{\"@type\":\"Article\",\"@id\":\"https:\\\/\\\/super-news.info\\\/hu\\\/kell-e-tartani-az-eladosodastol-vilaggazdasag\\\/#article\",\"isPartOf\":{\"@id\":\"https:\\\/\\\/super-news.info\\\/hu\\\/kell-e-tartani-az-eladosodastol-vilaggazdasag\\\/\"},\"author\":{\"name\":\"super-news\",\"@id\":\"https:\\\/\\\/super-news.info\\\/hu\\\/#\\\/schema\\\/person\\\/2d4068cb2f39cd10008c2fce578a7356\"},\"headline\":\"Kell-e tartani az elad\u00f3sod\u00e1st\u00f3l? | Vil\u00e1ggazdas\u00e1g\",\"datePublished\":\"2019-08-06T14:27:09+00:00\",\"dateModified\":\"2019-08-06T14:27:10+00:00\",\"mainEntityOfPage\":{\"@id\":\"https:\\\/\\\/super-news.info\\\/hu\\\/kell-e-tartani-az-eladosodastol-vilaggazdasag\\\/\"},\"wordCount\":664,\"commentCount\":0,\"image\":{\"@id\":\"https:\\\/\\\/super-news.info\\\/hu\\\/kell-e-tartani-az-eladosodastol-vilaggazdasag\\\/#primaryimage\"},\"thumbnailUrl\":\"https:\\\/\\\/super-news.info\\\/hu\\\/wp-content\\\/uploads\\\/sites\\\/3\\\/2019\\\/08\\\/Kell-e-tartani-az-elad\u00f3sod\u00e1st\u00f3l-Vil\u00e1ggazdas\u00e1g.jpg\",\"articleSection\":[\"P\u00c9NZ\u00dcGYI H\u00cdREK\"],\"inLanguage\":\"hu\",\"potentialAction\":[{\"@type\":\"CommentAction\",\"name\":\"Comment\",\"target\":[\"https:\\\/\\\/super-news.info\\\/hu\\\/kell-e-tartani-az-eladosodastol-vilaggazdasag\\\/#respond\"]}]},{\"@type\":\"WebPage\",\"@id\":\"https:\\\/\\\/super-news.info\\\/hu\\\/kell-e-tartani-az-eladosodastol-vilaggazdasag\\\/\",\"url\":\"https:\\\/\\\/super-news.info\\\/hu\\\/kell-e-tartani-az-eladosodastol-vilaggazdasag\\\/\",\"name\":\"Kell-e tartani az elad\u00f3sod\u00e1st\u00f3l? | Vil\u00e1ggazdas\u00e1g - Super News\",\"isPartOf\":{\"@id\":\"https:\\\/\\\/super-news.info\\\/hu\\\/#website\"},\"primaryImageOfPage\":{\"@id\":\"https:\\\/\\\/super-news.info\\\/hu\\\/kell-e-tartani-az-eladosodastol-vilaggazdasag\\\/#primaryimage\"},\"image\":{\"@id\":\"https:\\\/\\\/super-news.info\\\/hu\\\/kell-e-tartani-az-eladosodastol-vilaggazdasag\\\/#primaryimage\"},\"thumbnailUrl\":\"https:\\\/\\\/super-news.info\\\/hu\\\/wp-content\\\/uploads\\\/sites\\\/3\\\/2019\\\/08\\\/Kell-e-tartani-az-elad\u00f3sod\u00e1st\u00f3l-Vil\u00e1ggazdas\u00e1g.jpg\",\"datePublished\":\"2019-08-06T14:27:09+00:00\",\"dateModified\":\"2019-08-06T14:27:10+00:00\",\"author\":{\"@id\":\"https:\\\/\\\/super-news.info\\\/hu\\\/#\\\/schema\\\/person\\\/2d4068cb2f39cd10008c2fce578a7356\"},\"breadcrumb\":{\"@id\":\"https:\\\/\\\/super-news.info\\\/hu\\\/kell-e-tartani-az-eladosodastol-vilaggazdasag\\\/#breadcrumb\"},\"inLanguage\":\"hu\",\"potentialAction\":[{\"@type\":\"ReadAction\",\"target\":[\"https:\\\/\\\/super-news.info\\\/hu\\\/kell-e-tartani-az-eladosodastol-vilaggazdasag\\\/\"]}]},{\"@type\":\"ImageObject\",\"inLanguage\":\"hu\",\"@id\":\"https:\\\/\\\/super-news.info\\\/hu\\\/kell-e-tartani-az-eladosodastol-vilaggazdasag\\\/#primaryimage\",\"url\":\"https:\\\/\\\/super-news.info\\\/hu\\\/wp-content\\\/uploads\\\/sites\\\/3\\\/2019\\\/08\\\/Kell-e-tartani-az-elad\u00f3sod\u00e1st\u00f3l-Vil\u00e1ggazdas\u00e1g.jpg\",\"contentUrl\":\"https:\\\/\\\/super-news.info\\\/hu\\\/wp-content\\\/uploads\\\/sites\\\/3\\\/2019\\\/08\\\/Kell-e-tartani-az-elad\u00f3sod\u00e1st\u00f3l-Vil\u00e1ggazdas\u00e1g.jpg\",\"width\":1400,\"height\":935,\"caption\":\"Kell-e tartani az elad\u00f3sod\u00e1st\u00f3l? | Vil\u00e1ggazdas\u00e1g\"},{\"@type\":\"BreadcrumbList\",\"@id\":\"https:\\\/\\\/super-news.info\\\/hu\\\/kell-e-tartani-az-eladosodastol-vilaggazdasag\\\/#breadcrumb\",\"itemListElement\":[{\"@type\":\"ListItem\",\"position\":1,\"name\":\"\u0413\u043b\u0430\u0432\u043d\u0430\u044f \u0441\u0442\u0440\u0430\u043d\u0438\u0446\u0430\",\"item\":\"https:\\\/\\\/super-news.info\\\/hu\\\/\"},{\"@type\":\"ListItem\",\"position\":2,\"name\":\"Kell-e tartani az elad\u00f3sod\u00e1st\u00f3l? | Vil\u00e1ggazdas\u00e1g\"}]},{\"@type\":\"WebSite\",\"@id\":\"https:\\\/\\\/super-news.info\\\/hu\\\/#website\",\"url\":\"https:\\\/\\\/super-news.info\\\/hu\\\/\",\"name\":\"Super News\",\"description\":\"Super News Magyarorsz\u00e1g\",\"potentialAction\":[{\"@type\":\"SearchAction\",\"target\":{\"@type\":\"EntryPoint\",\"urlTemplate\":\"https:\\\/\\\/super-news.info\\\/hu\\\/?s={search_term_string}\"},\"query-input\":{\"@type\":\"PropertyValueSpecification\",\"valueRequired\":true,\"valueName\":\"search_term_string\"}}],\"inLanguage\":\"hu\"},{\"@type\":\"Person\",\"@id\":\"https:\\\/\\\/super-news.info\\\/hu\\\/#\\\/schema\\\/person\\\/2d4068cb2f39cd10008c2fce578a7356\",\"name\":\"super-news\",\"image\":{\"@type\":\"ImageObject\",\"inLanguage\":\"hu\",\"@id\":\"https:\\\/\\\/secure.gravatar.com\\\/avatar\\\/64ebac40b93f26a154f8a9b5b6fdccfc46f442b26b3dd6756dbff3bf9dc76fd7?s=96&d=mm&r=g\",\"url\":\"https:\\\/\\\/secure.gravatar.com\\\/avatar\\\/64ebac40b93f26a154f8a9b5b6fdccfc46f442b26b3dd6756dbff3bf9dc76fd7?s=96&d=mm&r=g\",\"contentUrl\":\"https:\\\/\\\/secure.gravatar.com\\\/avatar\\\/64ebac40b93f26a154f8a9b5b6fdccfc46f442b26b3dd6756dbff3bf9dc76fd7?s=96&d=mm&r=g\",\"caption\":\"super-news\"},\"url\":\"https:\\\/\\\/super-news.info\\\/hu\\\/author\\\/pt\\\/\"}]}<\/script>\n<!-- \/ Yoast SEO plugin. -->","yoast_head_json":{"title":"Kell-e tartani az elad\u00f3sod\u00e1st\u00f3l? | Vil\u00e1ggazdas\u00e1g - Super News","robots":{"index":"index","follow":"follow","max-snippet":"max-snippet:-1","max-image-preview":"max-image-preview:large","max-video-preview":"max-video-preview:-1"},"canonical":"https:\/\/super-news.info\/hu\/kell-e-tartani-az-eladosodastol-vilaggazdasag\/","og_locale":"hu_HU","og_type":"article","og_title":"Kell-e tartani az elad\u00f3sod\u00e1st\u00f3l? | Vil\u00e1ggazdas\u00e1g - Super News","og_description":"[ad_1] T\u00falz\u00e1s n\u00e9lk\u00fcl \u00e1ll\u00edthatjuk, hogy j\u00f3kora v\u00e1ltoz\u00e1st hozott a j\u00falius a lakoss\u00e1gi hitelpiacon, azon bel\u00fcl is a lak\u00e1shitelez\u00e9sben, az \u00e1llami t\u00e1mogat\u00e1si rendszer kib\u0151v\u00edt\u00e9s\u00e9vel. A csal\u00e1di otthonteremt\u00e9si kedvezm\u00e9ny sz\u00e9lesebb k\u00f6rt \u00e9rint, az egyik legfontosabb l\u00e9p\u00e9s, hogy a felt\u00e9teleket teljes\u00edt\u0151 k\u00e9tgyermekesek is megkaphatj\u00e1k a haszn\u00e1lt lak\u00e1s v\u00e1s\u00e1rl\u00e1s\u00e1ra a kedvezm\u00e9nyes, t\u00edzmilli\u00f3 forintos hitelt. Plusz megjelent a falusi CSOK, [&hellip;]","og_url":"https:\/\/super-news.info\/hu\/kell-e-tartani-az-eladosodastol-vilaggazdasag\/","og_site_name":"Super News","article_published_time":"2019-08-06T14:27:09+00:00","article_modified_time":"2019-08-06T14:27:10+00:00","og_image":[{"width":1400,"height":935,"url":"https:\/\/super-news.info\/hu\/wp-content\/uploads\/sites\/3\/2019\/08\/Kell-e-tartani-az-elad\u00f3sod\u00e1st\u00f3l-Vil\u00e1ggazdas\u00e1g.jpg","type":"image\/jpeg"}],"author":"super-news","twitter_card":"summary_large_image","twitter_misc":{"Szerz\u0151:":"super-news","Becs\u00fclt olvas\u00e1si id\u0151":"3 perc"},"schema":{"@context":"https:\/\/schema.org","@graph":[{"@type":"Article","@id":"https:\/\/super-news.info\/hu\/kell-e-tartani-az-eladosodastol-vilaggazdasag\/#article","isPartOf":{"@id":"https:\/\/super-news.info\/hu\/kell-e-tartani-az-eladosodastol-vilaggazdasag\/"},"author":{"name":"super-news","@id":"https:\/\/super-news.info\/hu\/#\/schema\/person\/2d4068cb2f39cd10008c2fce578a7356"},"headline":"Kell-e tartani az elad\u00f3sod\u00e1st\u00f3l? | Vil\u00e1ggazdas\u00e1g","datePublished":"2019-08-06T14:27:09+00:00","dateModified":"2019-08-06T14:27:10+00:00","mainEntityOfPage":{"@id":"https:\/\/super-news.info\/hu\/kell-e-tartani-az-eladosodastol-vilaggazdasag\/"},"wordCount":664,"commentCount":0,"image":{"@id":"https:\/\/super-news.info\/hu\/kell-e-tartani-az-eladosodastol-vilaggazdasag\/#primaryimage"},"thumbnailUrl":"https:\/\/super-news.info\/hu\/wp-content\/uploads\/sites\/3\/2019\/08\/Kell-e-tartani-az-elad\u00f3sod\u00e1st\u00f3l-Vil\u00e1ggazdas\u00e1g.jpg","articleSection":["P\u00c9NZ\u00dcGYI H\u00cdREK"],"inLanguage":"hu","potentialAction":[{"@type":"CommentAction","name":"Comment","target":["https:\/\/super-news.info\/hu\/kell-e-tartani-az-eladosodastol-vilaggazdasag\/#respond"]}]},{"@type":"WebPage","@id":"https:\/\/super-news.info\/hu\/kell-e-tartani-az-eladosodastol-vilaggazdasag\/","url":"https:\/\/super-news.info\/hu\/kell-e-tartani-az-eladosodastol-vilaggazdasag\/","name":"Kell-e tartani az elad\u00f3sod\u00e1st\u00f3l? | Vil\u00e1ggazdas\u00e1g - Super News","isPartOf":{"@id":"https:\/\/super-news.info\/hu\/#website"},"primaryImageOfPage":{"@id":"https:\/\/super-news.info\/hu\/kell-e-tartani-az-eladosodastol-vilaggazdasag\/#primaryimage"},"image":{"@id":"https:\/\/super-news.info\/hu\/kell-e-tartani-az-eladosodastol-vilaggazdasag\/#primaryimage"},"thumbnailUrl":"https:\/\/super-news.info\/hu\/wp-content\/uploads\/sites\/3\/2019\/08\/Kell-e-tartani-az-elad\u00f3sod\u00e1st\u00f3l-Vil\u00e1ggazdas\u00e1g.jpg","datePublished":"2019-08-06T14:27:09+00:00","dateModified":"2019-08-06T14:27:10+00:00","author":{"@id":"https:\/\/super-news.info\/hu\/#\/schema\/person\/2d4068cb2f39cd10008c2fce578a7356"},"breadcrumb":{"@id":"https:\/\/super-news.info\/hu\/kell-e-tartani-az-eladosodastol-vilaggazdasag\/#breadcrumb"},"inLanguage":"hu","potentialAction":[{"@type":"ReadAction","target":["https:\/\/super-news.info\/hu\/kell-e-tartani-az-eladosodastol-vilaggazdasag\/"]}]},{"@type":"ImageObject","inLanguage":"hu","@id":"https:\/\/super-news.info\/hu\/kell-e-tartani-az-eladosodastol-vilaggazdasag\/#primaryimage","url":"https:\/\/super-news.info\/hu\/wp-content\/uploads\/sites\/3\/2019\/08\/Kell-e-tartani-az-elad\u00f3sod\u00e1st\u00f3l-Vil\u00e1ggazdas\u00e1g.jpg","contentUrl":"https:\/\/super-news.info\/hu\/wp-content\/uploads\/sites\/3\/2019\/08\/Kell-e-tartani-az-elad\u00f3sod\u00e1st\u00f3l-Vil\u00e1ggazdas\u00e1g.jpg","width":1400,"height":935,"caption":"Kell-e tartani az elad\u00f3sod\u00e1st\u00f3l? | Vil\u00e1ggazdas\u00e1g"},{"@type":"BreadcrumbList","@id":"https:\/\/super-news.info\/hu\/kell-e-tartani-az-eladosodastol-vilaggazdasag\/#breadcrumb","itemListElement":[{"@type":"ListItem","position":1,"name":"\u0413\u043b\u0430\u0432\u043d\u0430\u044f \u0441\u0442\u0440\u0430\u043d\u0438\u0446\u0430","item":"https:\/\/super-news.info\/hu\/"},{"@type":"ListItem","position":2,"name":"Kell-e tartani az elad\u00f3sod\u00e1st\u00f3l? | Vil\u00e1ggazdas\u00e1g"}]},{"@type":"WebSite","@id":"https:\/\/super-news.info\/hu\/#website","url":"https:\/\/super-news.info\/hu\/","name":"Super News","description":"Super News Magyarorsz\u00e1g","potentialAction":[{"@type":"SearchAction","target":{"@type":"EntryPoint","urlTemplate":"https:\/\/super-news.info\/hu\/?s={search_term_string}"},"query-input":{"@type":"PropertyValueSpecification","valueRequired":true,"valueName":"search_term_string"}}],"inLanguage":"hu"},{"@type":"Person","@id":"https:\/\/super-news.info\/hu\/#\/schema\/person\/2d4068cb2f39cd10008c2fce578a7356","name":"super-news","image":{"@type":"ImageObject","inLanguage":"hu","@id":"https:\/\/secure.gravatar.com\/avatar\/64ebac40b93f26a154f8a9b5b6fdccfc46f442b26b3dd6756dbff3bf9dc76fd7?s=96&d=mm&r=g","url":"https:\/\/secure.gravatar.com\/avatar\/64ebac40b93f26a154f8a9b5b6fdccfc46f442b26b3dd6756dbff3bf9dc76fd7?s=96&d=mm&r=g","contentUrl":"https:\/\/secure.gravatar.com\/avatar\/64ebac40b93f26a154f8a9b5b6fdccfc46f442b26b3dd6756dbff3bf9dc76fd7?s=96&d=mm&r=g","caption":"super-news"},"url":"https:\/\/super-news.info\/hu\/author\/pt\/"}]}},"_links":{"self":[{"href":"https:\/\/super-news.info\/hu\/wp-json\/wp\/v2\/posts\/7232","targetHints":{"allow":["GET"]}}],"collection":[{"href":"https:\/\/super-news.info\/hu\/wp-json\/wp\/v2\/posts"}],"about":[{"href":"https:\/\/super-news.info\/hu\/wp-json\/wp\/v2\/types\/post"}],"author":[{"embeddable":true,"href":"https:\/\/super-news.info\/hu\/wp-json\/wp\/v2\/users\/2"}],"replies":[{"embeddable":true,"href":"https:\/\/super-news.info\/hu\/wp-json\/wp\/v2\/comments?post=7232"}],"version-history":[{"count":1,"href":"https:\/\/super-news.info\/hu\/wp-json\/wp\/v2\/posts\/7232\/revisions"}],"predecessor-version":[{"id":7234,"href":"https:\/\/super-news.info\/hu\/wp-json\/wp\/v2\/posts\/7232\/revisions\/7234"}],"wp:featuredmedia":[{"embeddable":true,"href":"https:\/\/super-news.info\/hu\/wp-json\/wp\/v2\/media\/7233"}],"wp:attachment":[{"href":"https:\/\/super-news.info\/hu\/wp-json\/wp\/v2\/media?parent=7232"}],"wp:term":[{"taxonomy":"category","embeddable":true,"href":"https:\/\/super-news.info\/hu\/wp-json\/wp\/v2\/categories?post=7232"},{"taxonomy":"post_tag","embeddable":true,"href":"https:\/\/super-news.info\/hu\/wp-json\/wp\/v2\/tags?post=7232"}],"curies":[{"name":"wp","href":"https:\/\/api.w.org\/{rel}","templated":true}]}}