{"id":7229,"date":"2019-08-06T16:34:42","date_gmt":"2019-08-06T13:34:42","guid":{"rendered":"https:\/\/super-news.info\/hu\/nemes-akcioval-segiti-a-nagycsaladosok-iskolakezdeset-az-auchan\/"},"modified":"2019-08-06T16:34:44","modified_gmt":"2019-08-06T13:34:44","slug":"nemes-akcioval-segiti-a-nagycsaladosok-iskolakezdeset-az-auchan","status":"publish","type":"post","link":"https:\/\/super-news.info\/hu\/nemes-akcioval-segiti-a-nagycsaladosok-iskolakezdeset-az-auchan\/","title":{"rendered":"Nemes akci\u00f3val seg\u00edti a nagycsal\u00e1dosok iskolakezd\u00e9s\u00e9t az Auchan"},"content":{"rendered":"<p> [ad_1]<br \/>\n<\/p>\n<p>\n\t\t\t\t\t\t\t\tA nagysiker\u0171 tavalyi kezdem\u00e9nyez\u00e9s folytat\u00e1sak\u00e9nt a Nagycsal\u00e1dosok Orsz\u00e1gos Egyes\u00fclet\u00e9vel (NOE) k\u00f6z\u00f6sen ism\u00e9t tanszergy\u0171jt\u0151 akci\u00f3t ind\u00edt az Auchan. A gy\u0171jt\u00e9shez b\u00e1rki csatlakozhat iskolakezd\u00e9si eszk\u00f6z\u00f6k felaj\u00e1nl\u00e1s\u00e1val, amelyeket szeptember 11-ig lehet leadni az Auchan \u00e1ruh\u00e1zakban kihelyezett gy\u0171jt\u0151pontokon.\t\t\t\t\t\t\t<\/p>\n<div>\n<p>Id\u00e9n is tanszergy\u0171jt\u0151 akci\u00f3ba fogott az Auchan. A tavalyi \u00e9vben mintegy 2500 sz\u00fcl\u0151 \u00e9s gyerek jutott tanszerekhez az \u00e1ruh\u00e1zl\u00e1nc \u00e9s a NOE egy\u00fcttm\u0171k\u00f6d\u00e9s\u00e9nek k\u00f6sz\u00f6nhet\u0151en. Az Auchan-v\u00e1s\u00e1rl\u00f3k felaj\u00e1nl\u00e1sait a NOE k\u00f6zel 800 \u00f6nk\u00e9ntese rendezi majd elt\u00e9r\u0151 koroszt\u00e1lyoknak megfelel\u0151 csomagokba, \u00e9s juttatja el nagycsal\u00e1dosoknak. A r\u00e9sztvev\u0151knek term\u00e9szetesen id\u00e9n is lehet\u0151s\u00e9g\u00fck lesz arra, hogy az adom\u00e1nyokhoz \u00fcdv\u00f6zl\u0151 \u00fczenetet \u00edrjanak.<\/p>\n<p>A gy\u0171jt\u00e9s elindul\u00e1sa alkalm\u00e1b\u00f3l augusztus 6-\u00e1n Dr. Beneda Attila, csal\u00e1d- \u00e9s n\u00e9pesed\u00e9spolitik\u00e1\u00e9rt felel\u0151s helyettes \u00e1llamtitk\u00e1r, Kardosn\u00e9 Gyurk\u00f3 Katalin, a Nagycsal\u00e1dosok Orsz\u00e1gos Egyes\u00fclet\u00e9nek eln\u00f6ke \u00e9s Sz\u00e9ll Hajnalka, az Auchan HR igazgat\u00f3ja nagycsal\u00e1dokkal tal\u00e1lkoztak az Auchan buda\u00f6rsi \u00e1ruh\u00e1z\u00e1ban.<\/p>\n<blockquote>\n<p>Izgatottan k\u00e9sz\u00fclt\u00fcnk az idei tanszergy\u0171jt\u00e9sre, amely v\u00e1s\u00e1rl\u00f3ink k\u00f6r\u00e9ben \u00f3ri\u00e1si n\u00e9pszer\u0171s\u00e9gnek \u00f6rvend. A csal\u00e1dosok t\u00e1mogat\u00e1sa t\u00e1rsadalmi felel\u0151ss\u00e9gv\u00e1llal\u00e1si strat\u00e9gi\u00e1nk egyik kiemelt ter\u00fclete, az ehhez kapcsol\u00f3d\u00f3 programjainkban pedig mintegy 7000 munkat\u00e1rsunk is akt\u00edv szerepet v\u00e1llal, hiszen jelent\u0151s r\u00e9sz\u00fck maga is csal\u00e1dos. Nagyon \u00f6r\u00fcl\u00f6k, hogy ism\u00e9t lehet\u0151s\u00e9g\u00fcnk ny\u00edlt egy ilyen nagyszab\u00e1s\u00fa kezdem\u00e9nyez\u00e9sre, amelyben v\u00e1s\u00e1rl\u00f3inkkal k\u00f6z\u00f6sen j\u00e1rulhatunk hozz\u00e1 a t\u00f6bb gyermeket nevel\u0151 sz\u00fcl\u0151k iskolakezd\u00e9s\u00e9hez<\/p>\n<\/blockquote>\n<p>\u2013 mondta Sz\u00e9ll Hajnalka, az Auchan HR igazgat\u00f3ja.<\/p>\n<div id=\"attachment_1675291\" style=\"width: 1410px\" class=\"wp-caption alignnone\">\n<p class=\"wp-caption-text\">Fot\u00f3: Auchan<\/p>\n<\/div>\n<blockquote>\n<p>Magyarorsz\u00e1gon olyan csal\u00e1dbar\u00e1t orsz\u00e1got \u00e9p\u00edt\u00fcnk, ahol minden gyermek \u00e9s csal\u00e1d biztons\u00e1gban \u00e9rezheti mag\u00e1t. A j\u00faliusban indult Csal\u00e1dv\u00e9delmi Akci\u00f3terv a nagycsal\u00e1dosok sz\u00e1m\u00e1ra is komoly seg\u00edts\u00e9get ny\u00fajt. Az aut\u00f3v\u00e1s\u00e1rl\u00e1si t\u00e1mogat\u00e1sra j\u00falius 1-je \u00f3ta m\u00e1r t\u00f6bb mint 8000 ig\u00e9ny \u00e9rkezett, de n\u00e9pszer\u0171ek az otthonteremt\u00e9st seg\u00edt\u0151 int\u00e9zked\u00e9sek is. A t\u00e1mogat\u00e1sok j\u00f6v\u0151re is folytat\u00f3dnak, 2020 janu\u00e1rj\u00e1t\u00f3l l\u00e9p \u00e9letbe a n\u00e9gygyermekes \u00e9desany\u00e1k szem\u00e9lyi j\u00f6vedelemad\u00f3-mentess\u00e9ge \u00e9s a nagysz\u00fcl\u0151i GYED is. A korm\u00e1ny az iskolakezd\u00e9skor is a csal\u00e1dok mellett \u00e1ll, ingyenes \u00e9tkez\u00e9ssel t\u00e1mogatjuk a r\u00e1szorul\u00f3 gyermekeket, m\u00edg az 1-9. \u00e9vfolyamon valamennyi tanul\u00f3 ingyenes tank\u00f6nyvell\u00e1t\u00e1sban r\u00e9szes\u00fcl. K\u00f6sz\u00f6n\u00f6m a kezdem\u00e9nyez\u00e9st \u00e9s az egy\u00fcttm\u0171k\u00f6d\u00e9st a szervez\u0151knek, b\u00edzom abban, hogy a tan\u00e9vkezd\u00e9s minden csal\u00e1dban z\u00f6kken\u0151mentesen indul, amelyhez a korm\u00e1ny sz\u00e9lesk\u00f6r\u0171 t\u00e1mogat\u00e1st ny\u00fajt<\/p>\n<\/blockquote>\n<p>\u2013 mondta Dr. Beneda Attila, csal\u00e1d- \u00e9s n\u00e9pesed\u00e9spolitik\u00e1\u00e9rt felel\u0151s helyettes \u00e1llamtitk\u00e1r.<\/p>\n<p>\u201eT\u00f6rt\u00e9net\u00fcnk eddigi leghosszabb adom\u00e1nygy\u0171jt\u00e9se \u00e1ll most el\u0151tt\u00fcnk, de a tavalyi \u00e9v tapasztalatai alapj\u00e1n mondhatom, hogy nyolcsz\u00e1zn\u00e1l is t\u00f6bb \u00f6nk\u00e9ntes\u00fcnk ez alkalommal is j\u00f3l v\u00e9gzi majd feladat\u00e1t. Mindezt a lehet\u0151s\u00e9get az adom\u00e1nyoz\u00f3knak k\u00f6sz\u00f6nhetj\u00fck, akik megtiszteltek benn\u00fcnket bizalmukkal \u00e9s t\u00e1mogat\u00e1sukkal. Id\u00e9n is helyben maradnak a felaj\u00e1nl\u00e1sok, a tanszereket helyi egyes\u00fcleteink osztj\u00e1k majd azt sz\u00e9t azok k\u00f6z\u00f6tt, akiknek a legnagyobb sz\u00fcks\u00e9ge van r\u00e1juk. \u00cdgy mindenki biztos lehet abban, hogy a legjobb helyre ker\u00fclnek felaj\u00e1nl\u00e1sai. \u00d6r\u00fcl\u00fcnk, hogy az \u00e1ruh\u00e1zl\u00e1nc is sikeresnek tartja egy\u00fcttm\u0171k\u00f6d\u00e9s\u00fcnket, \u00e9s id\u00e9n a kor\u00e1bbin\u00e1l t\u00f6bb \u00e1ruh\u00e1zban gy\u0171jthet\u00fcnk. A gy\u0171jt\u0151helyek list\u00e1ja a noe.hu oldalon megtal\u00e1lhat\u00f3\u201d \u2013 mondta Kardosn\u00e9 Gyurk\u00f3 Katalin, a Nagycsal\u00e1dosok Orsz\u00e1gos Egyes\u00fclet\u00e9nek eln\u00f6ke.<\/p>\n<\/p><\/div>\n<p><script>\n    window.fbAsyncInit = function() {\n        FB.init({\n            appId      : \"204760236815359\",\n            xfbml      : true,\n            version    : \"v2.12\"\n        });\n        FB.AppEvents.logPageView();\n    };<\/p>\n<p>    (function(d, s, id){\n        var js, fjs = d.getElementsByTagName(s)[0];\n        if (d.getElementById(id)) {return;}\n        js = d.createElement(s); js.id = id;\n        js.src = \"http:\/\/connect.facebook.net\/hu_HU\/sdk.js\";\n        fjs.parentNode.insertBefore(js, fjs);\n    }(document, \"script\", \"facebook-jssdk\"));\n<\/script><br \/>\n<br \/>[ad_2]<br \/>\n<br \/><a href=\"https:\/\/www.vg.hu\/vallalatok\/vallalati-hirek\/nemes-akcioval-segiti-a-nagycsaladosok-iskolakezdeset-az-auchan-1675270\/\">Source link <\/a><\/p>\n","protected":false},"excerpt":{"rendered":"<p>[ad_1] A nagysiker\u0171 tavalyi kezdem\u00e9nyez\u00e9s folytat\u00e1sak\u00e9nt a Nagycsal\u00e1dosok Orsz\u00e1gos Egyes\u00fclet\u00e9vel (NOE) k\u00f6z\u00f6sen ism\u00e9t tanszergy\u0171jt\u0151 akci\u00f3t ind\u00edt az Auchan. A gy\u0171jt\u00e9shez b\u00e1rki csatlakozhat iskolakezd\u00e9si eszk\u00f6z\u00f6k felaj\u00e1nl\u00e1s\u00e1val, amelyeket szeptember 11-ig lehet leadni az Auchan \u00e1ruh\u00e1zakban kihelyezett gy\u0171jt\u0151pontokon. Id\u00e9n is tanszergy\u0171jt\u0151 akci\u00f3ba fogott az Auchan. A tavalyi \u00e9vben mintegy 2500 sz\u00fcl\u0151 \u00e9s gyerek jutott tanszerekhez az \u00e1ruh\u00e1zl\u00e1nc \u00e9s [&hellip;]<\/p>\n","protected":false},"author":2,"featured_media":7230,"comment_status":"open","ping_status":"open","sticky":false,"template":"","format":"standard","meta":{"footnotes":""},"categories":[1],"tags":[],"class_list":["post-7229","post","type-post","status-publish","format-standard","has-post-thumbnail","hentry","category-penzugyi-hirek"],"yoast_head":"<!-- This site is optimized with the Yoast SEO plugin v27.4 - https:\/\/yoast.com\/product\/yoast-seo-wordpress\/ -->\n<title>Nemes akci\u00f3val seg\u00edti a nagycsal\u00e1dosok iskolakezd\u00e9s\u00e9t az Auchan - Super News<\/title>\n<meta name=\"robots\" content=\"index, follow, max-snippet:-1, max-image-preview:large, max-video-preview:-1\" \/>\n<link rel=\"canonical\" href=\"https:\/\/super-news.info\/hu\/nemes-akcioval-segiti-a-nagycsaladosok-iskolakezdeset-az-auchan\/\" \/>\n<meta property=\"og:locale\" content=\"hu_HU\" \/>\n<meta property=\"og:type\" content=\"article\" \/>\n<meta property=\"og:title\" content=\"Nemes akci\u00f3val seg\u00edti a nagycsal\u00e1dosok iskolakezd\u00e9s\u00e9t az Auchan - Super News\" \/>\n<meta property=\"og:description\" content=\"[ad_1] A nagysiker\u0171 tavalyi kezdem\u00e9nyez\u00e9s folytat\u00e1sak\u00e9nt a Nagycsal\u00e1dosok Orsz\u00e1gos Egyes\u00fclet\u00e9vel (NOE) k\u00f6z\u00f6sen ism\u00e9t tanszergy\u0171jt\u0151 akci\u00f3t ind\u00edt az Auchan. A gy\u0171jt\u00e9shez b\u00e1rki csatlakozhat iskolakezd\u00e9si eszk\u00f6z\u00f6k felaj\u00e1nl\u00e1s\u00e1val, amelyeket szeptember 11-ig lehet leadni az Auchan \u00e1ruh\u00e1zakban kihelyezett gy\u0171jt\u0151pontokon. Id\u00e9n is tanszergy\u0171jt\u0151 akci\u00f3ba fogott az Auchan. A tavalyi \u00e9vben mintegy 2500 sz\u00fcl\u0151 \u00e9s gyerek jutott tanszerekhez az \u00e1ruh\u00e1zl\u00e1nc \u00e9s [&hellip;]\" \/>\n<meta property=\"og:url\" content=\"https:\/\/super-news.info\/hu\/nemes-akcioval-segiti-a-nagycsaladosok-iskolakezdeset-az-auchan\/\" \/>\n<meta property=\"og:site_name\" content=\"Super News\" \/>\n<meta property=\"article:published_time\" content=\"2019-08-06T13:34:42+00:00\" \/>\n<meta property=\"article:modified_time\" content=\"2019-08-06T13:34:44+00:00\" \/>\n<meta property=\"og:image\" content=\"https:\/\/super-news.info\/hu\/wp-content\/uploads\/sites\/3\/2019\/08\/Nemes-akci\u00f3val-seg\u00edti-a-nagycsal\u00e1dosok-iskolakezd\u00e9s\u00e9t-az-Auchan.jpg\" \/>\n\t<meta property=\"og:image:width\" content=\"1400\" \/>\n\t<meta property=\"og:image:height\" content=\"967\" \/>\n\t<meta property=\"og:image:type\" content=\"image\/jpeg\" \/>\n<meta name=\"author\" content=\"super-news\" \/>\n<meta name=\"twitter:card\" content=\"summary_large_image\" \/>\n<meta name=\"twitter:label1\" content=\"Szerz\u0151:\" \/>\n\t<meta name=\"twitter:data1\" content=\"super-news\" \/>\n\t<meta name=\"twitter:label2\" content=\"Becs\u00fclt olvas\u00e1si id\u0151\" \/>\n\t<meta name=\"twitter:data2\" content=\"4 perc\" \/>\n<script type=\"application\/ld+json\" class=\"yoast-schema-graph\">{\"@context\":\"https:\\\/\\\/schema.org\",\"@graph\":[{\"@type\":\"Article\",\"@id\":\"https:\\\/\\\/super-news.info\\\/hu\\\/nemes-akcioval-segiti-a-nagycsaladosok-iskolakezdeset-az-auchan\\\/#article\",\"isPartOf\":{\"@id\":\"https:\\\/\\\/super-news.info\\\/hu\\\/nemes-akcioval-segiti-a-nagycsaladosok-iskolakezdeset-az-auchan\\\/\"},\"author\":{\"name\":\"super-news\",\"@id\":\"https:\\\/\\\/super-news.info\\\/hu\\\/#\\\/schema\\\/person\\\/2d4068cb2f39cd10008c2fce578a7356\"},\"headline\":\"Nemes akci\u00f3val seg\u00edti a nagycsal\u00e1dosok iskolakezd\u00e9s\u00e9t az Auchan\",\"datePublished\":\"2019-08-06T13:34:42+00:00\",\"dateModified\":\"2019-08-06T13:34:44+00:00\",\"mainEntityOfPage\":{\"@id\":\"https:\\\/\\\/super-news.info\\\/hu\\\/nemes-akcioval-segiti-a-nagycsaladosok-iskolakezdeset-az-auchan\\\/\"},\"wordCount\":726,\"commentCount\":0,\"image\":{\"@id\":\"https:\\\/\\\/super-news.info\\\/hu\\\/nemes-akcioval-segiti-a-nagycsaladosok-iskolakezdeset-az-auchan\\\/#primaryimage\"},\"thumbnailUrl\":\"https:\\\/\\\/super-news.info\\\/hu\\\/wp-content\\\/uploads\\\/sites\\\/3\\\/2019\\\/08\\\/Nemes-akci\u00f3val-seg\u00edti-a-nagycsal\u00e1dosok-iskolakezd\u00e9s\u00e9t-az-Auchan.jpg\",\"articleSection\":[\"P\u00c9NZ\u00dcGYI H\u00cdREK\"],\"inLanguage\":\"hu\",\"potentialAction\":[{\"@type\":\"CommentAction\",\"name\":\"Comment\",\"target\":[\"https:\\\/\\\/super-news.info\\\/hu\\\/nemes-akcioval-segiti-a-nagycsaladosok-iskolakezdeset-az-auchan\\\/#respond\"]}]},{\"@type\":\"WebPage\",\"@id\":\"https:\\\/\\\/super-news.info\\\/hu\\\/nemes-akcioval-segiti-a-nagycsaladosok-iskolakezdeset-az-auchan\\\/\",\"url\":\"https:\\\/\\\/super-news.info\\\/hu\\\/nemes-akcioval-segiti-a-nagycsaladosok-iskolakezdeset-az-auchan\\\/\",\"name\":\"Nemes akci\u00f3val seg\u00edti a nagycsal\u00e1dosok iskolakezd\u00e9s\u00e9t az Auchan - Super News\",\"isPartOf\":{\"@id\":\"https:\\\/\\\/super-news.info\\\/hu\\\/#website\"},\"primaryImageOfPage\":{\"@id\":\"https:\\\/\\\/super-news.info\\\/hu\\\/nemes-akcioval-segiti-a-nagycsaladosok-iskolakezdeset-az-auchan\\\/#primaryimage\"},\"image\":{\"@id\":\"https:\\\/\\\/super-news.info\\\/hu\\\/nemes-akcioval-segiti-a-nagycsaladosok-iskolakezdeset-az-auchan\\\/#primaryimage\"},\"thumbnailUrl\":\"https:\\\/\\\/super-news.info\\\/hu\\\/wp-content\\\/uploads\\\/sites\\\/3\\\/2019\\\/08\\\/Nemes-akci\u00f3val-seg\u00edti-a-nagycsal\u00e1dosok-iskolakezd\u00e9s\u00e9t-az-Auchan.jpg\",\"datePublished\":\"2019-08-06T13:34:42+00:00\",\"dateModified\":\"2019-08-06T13:34:44+00:00\",\"author\":{\"@id\":\"https:\\\/\\\/super-news.info\\\/hu\\\/#\\\/schema\\\/person\\\/2d4068cb2f39cd10008c2fce578a7356\"},\"breadcrumb\":{\"@id\":\"https:\\\/\\\/super-news.info\\\/hu\\\/nemes-akcioval-segiti-a-nagycsaladosok-iskolakezdeset-az-auchan\\\/#breadcrumb\"},\"inLanguage\":\"hu\",\"potentialAction\":[{\"@type\":\"ReadAction\",\"target\":[\"https:\\\/\\\/super-news.info\\\/hu\\\/nemes-akcioval-segiti-a-nagycsaladosok-iskolakezdeset-az-auchan\\\/\"]}]},{\"@type\":\"ImageObject\",\"inLanguage\":\"hu\",\"@id\":\"https:\\\/\\\/super-news.info\\\/hu\\\/nemes-akcioval-segiti-a-nagycsaladosok-iskolakezdeset-az-auchan\\\/#primaryimage\",\"url\":\"https:\\\/\\\/super-news.info\\\/hu\\\/wp-content\\\/uploads\\\/sites\\\/3\\\/2019\\\/08\\\/Nemes-akci\u00f3val-seg\u00edti-a-nagycsal\u00e1dosok-iskolakezd\u00e9s\u00e9t-az-Auchan.jpg\",\"contentUrl\":\"https:\\\/\\\/super-news.info\\\/hu\\\/wp-content\\\/uploads\\\/sites\\\/3\\\/2019\\\/08\\\/Nemes-akci\u00f3val-seg\u00edti-a-nagycsal\u00e1dosok-iskolakezd\u00e9s\u00e9t-az-Auchan.jpg\",\"width\":1400,\"height\":967,\"caption\":\"Nemes akci\u00f3val seg\u00edti a nagycsal\u00e1dosok iskolakezd\u00e9s\u00e9t az Auchan\"},{\"@type\":\"BreadcrumbList\",\"@id\":\"https:\\\/\\\/super-news.info\\\/hu\\\/nemes-akcioval-segiti-a-nagycsaladosok-iskolakezdeset-az-auchan\\\/#breadcrumb\",\"itemListElement\":[{\"@type\":\"ListItem\",\"position\":1,\"name\":\"\u0413\u043b\u0430\u0432\u043d\u0430\u044f \u0441\u0442\u0440\u0430\u043d\u0438\u0446\u0430\",\"item\":\"https:\\\/\\\/super-news.info\\\/hu\\\/\"},{\"@type\":\"ListItem\",\"position\":2,\"name\":\"Nemes akci\u00f3val seg\u00edti a nagycsal\u00e1dosok iskolakezd\u00e9s\u00e9t az Auchan\"}]},{\"@type\":\"WebSite\",\"@id\":\"https:\\\/\\\/super-news.info\\\/hu\\\/#website\",\"url\":\"https:\\\/\\\/super-news.info\\\/hu\\\/\",\"name\":\"Super News\",\"description\":\"Super News Magyarorsz\u00e1g\",\"potentialAction\":[{\"@type\":\"SearchAction\",\"target\":{\"@type\":\"EntryPoint\",\"urlTemplate\":\"https:\\\/\\\/super-news.info\\\/hu\\\/?s={search_term_string}\"},\"query-input\":{\"@type\":\"PropertyValueSpecification\",\"valueRequired\":true,\"valueName\":\"search_term_string\"}}],\"inLanguage\":\"hu\"},{\"@type\":\"Person\",\"@id\":\"https:\\\/\\\/super-news.info\\\/hu\\\/#\\\/schema\\\/person\\\/2d4068cb2f39cd10008c2fce578a7356\",\"name\":\"super-news\",\"image\":{\"@type\":\"ImageObject\",\"inLanguage\":\"hu\",\"@id\":\"https:\\\/\\\/secure.gravatar.com\\\/avatar\\\/64ebac40b93f26a154f8a9b5b6fdccfc46f442b26b3dd6756dbff3bf9dc76fd7?s=96&d=mm&r=g\",\"url\":\"https:\\\/\\\/secure.gravatar.com\\\/avatar\\\/64ebac40b93f26a154f8a9b5b6fdccfc46f442b26b3dd6756dbff3bf9dc76fd7?s=96&d=mm&r=g\",\"contentUrl\":\"https:\\\/\\\/secure.gravatar.com\\\/avatar\\\/64ebac40b93f26a154f8a9b5b6fdccfc46f442b26b3dd6756dbff3bf9dc76fd7?s=96&d=mm&r=g\",\"caption\":\"super-news\"},\"url\":\"https:\\\/\\\/super-news.info\\\/hu\\\/author\\\/pt\\\/\"}]}<\/script>\n<!-- \/ Yoast SEO plugin. -->","yoast_head_json":{"title":"Nemes akci\u00f3val seg\u00edti a nagycsal\u00e1dosok iskolakezd\u00e9s\u00e9t az Auchan - Super News","robots":{"index":"index","follow":"follow","max-snippet":"max-snippet:-1","max-image-preview":"max-image-preview:large","max-video-preview":"max-video-preview:-1"},"canonical":"https:\/\/super-news.info\/hu\/nemes-akcioval-segiti-a-nagycsaladosok-iskolakezdeset-az-auchan\/","og_locale":"hu_HU","og_type":"article","og_title":"Nemes akci\u00f3val seg\u00edti a nagycsal\u00e1dosok iskolakezd\u00e9s\u00e9t az Auchan - Super News","og_description":"[ad_1] A nagysiker\u0171 tavalyi kezdem\u00e9nyez\u00e9s folytat\u00e1sak\u00e9nt a Nagycsal\u00e1dosok Orsz\u00e1gos Egyes\u00fclet\u00e9vel (NOE) k\u00f6z\u00f6sen ism\u00e9t tanszergy\u0171jt\u0151 akci\u00f3t ind\u00edt az Auchan. A gy\u0171jt\u00e9shez b\u00e1rki csatlakozhat iskolakezd\u00e9si eszk\u00f6z\u00f6k felaj\u00e1nl\u00e1s\u00e1val, amelyeket szeptember 11-ig lehet leadni az Auchan \u00e1ruh\u00e1zakban kihelyezett gy\u0171jt\u0151pontokon. Id\u00e9n is tanszergy\u0171jt\u0151 akci\u00f3ba fogott az Auchan. A tavalyi \u00e9vben mintegy 2500 sz\u00fcl\u0151 \u00e9s gyerek jutott tanszerekhez az \u00e1ruh\u00e1zl\u00e1nc \u00e9s [&hellip;]","og_url":"https:\/\/super-news.info\/hu\/nemes-akcioval-segiti-a-nagycsaladosok-iskolakezdeset-az-auchan\/","og_site_name":"Super News","article_published_time":"2019-08-06T13:34:42+00:00","article_modified_time":"2019-08-06T13:34:44+00:00","og_image":[{"width":1400,"height":967,"url":"https:\/\/super-news.info\/hu\/wp-content\/uploads\/sites\/3\/2019\/08\/Nemes-akci\u00f3val-seg\u00edti-a-nagycsal\u00e1dosok-iskolakezd\u00e9s\u00e9t-az-Auchan.jpg","type":"image\/jpeg"}],"author":"super-news","twitter_card":"summary_large_image","twitter_misc":{"Szerz\u0151:":"super-news","Becs\u00fclt olvas\u00e1si id\u0151":"4 perc"},"schema":{"@context":"https:\/\/schema.org","@graph":[{"@type":"Article","@id":"https:\/\/super-news.info\/hu\/nemes-akcioval-segiti-a-nagycsaladosok-iskolakezdeset-az-auchan\/#article","isPartOf":{"@id":"https:\/\/super-news.info\/hu\/nemes-akcioval-segiti-a-nagycsaladosok-iskolakezdeset-az-auchan\/"},"author":{"name":"super-news","@id":"https:\/\/super-news.info\/hu\/#\/schema\/person\/2d4068cb2f39cd10008c2fce578a7356"},"headline":"Nemes akci\u00f3val seg\u00edti a nagycsal\u00e1dosok iskolakezd\u00e9s\u00e9t az Auchan","datePublished":"2019-08-06T13:34:42+00:00","dateModified":"2019-08-06T13:34:44+00:00","mainEntityOfPage":{"@id":"https:\/\/super-news.info\/hu\/nemes-akcioval-segiti-a-nagycsaladosok-iskolakezdeset-az-auchan\/"},"wordCount":726,"commentCount":0,"image":{"@id":"https:\/\/super-news.info\/hu\/nemes-akcioval-segiti-a-nagycsaladosok-iskolakezdeset-az-auchan\/#primaryimage"},"thumbnailUrl":"https:\/\/super-news.info\/hu\/wp-content\/uploads\/sites\/3\/2019\/08\/Nemes-akci\u00f3val-seg\u00edti-a-nagycsal\u00e1dosok-iskolakezd\u00e9s\u00e9t-az-Auchan.jpg","articleSection":["P\u00c9NZ\u00dcGYI H\u00cdREK"],"inLanguage":"hu","potentialAction":[{"@type":"CommentAction","name":"Comment","target":["https:\/\/super-news.info\/hu\/nemes-akcioval-segiti-a-nagycsaladosok-iskolakezdeset-az-auchan\/#respond"]}]},{"@type":"WebPage","@id":"https:\/\/super-news.info\/hu\/nemes-akcioval-segiti-a-nagycsaladosok-iskolakezdeset-az-auchan\/","url":"https:\/\/super-news.info\/hu\/nemes-akcioval-segiti-a-nagycsaladosok-iskolakezdeset-az-auchan\/","name":"Nemes akci\u00f3val seg\u00edti a nagycsal\u00e1dosok iskolakezd\u00e9s\u00e9t az Auchan - Super News","isPartOf":{"@id":"https:\/\/super-news.info\/hu\/#website"},"primaryImageOfPage":{"@id":"https:\/\/super-news.info\/hu\/nemes-akcioval-segiti-a-nagycsaladosok-iskolakezdeset-az-auchan\/#primaryimage"},"image":{"@id":"https:\/\/super-news.info\/hu\/nemes-akcioval-segiti-a-nagycsaladosok-iskolakezdeset-az-auchan\/#primaryimage"},"thumbnailUrl":"https:\/\/super-news.info\/hu\/wp-content\/uploads\/sites\/3\/2019\/08\/Nemes-akci\u00f3val-seg\u00edti-a-nagycsal\u00e1dosok-iskolakezd\u00e9s\u00e9t-az-Auchan.jpg","datePublished":"2019-08-06T13:34:42+00:00","dateModified":"2019-08-06T13:34:44+00:00","author":{"@id":"https:\/\/super-news.info\/hu\/#\/schema\/person\/2d4068cb2f39cd10008c2fce578a7356"},"breadcrumb":{"@id":"https:\/\/super-news.info\/hu\/nemes-akcioval-segiti-a-nagycsaladosok-iskolakezdeset-az-auchan\/#breadcrumb"},"inLanguage":"hu","potentialAction":[{"@type":"ReadAction","target":["https:\/\/super-news.info\/hu\/nemes-akcioval-segiti-a-nagycsaladosok-iskolakezdeset-az-auchan\/"]}]},{"@type":"ImageObject","inLanguage":"hu","@id":"https:\/\/super-news.info\/hu\/nemes-akcioval-segiti-a-nagycsaladosok-iskolakezdeset-az-auchan\/#primaryimage","url":"https:\/\/super-news.info\/hu\/wp-content\/uploads\/sites\/3\/2019\/08\/Nemes-akci\u00f3val-seg\u00edti-a-nagycsal\u00e1dosok-iskolakezd\u00e9s\u00e9t-az-Auchan.jpg","contentUrl":"https:\/\/super-news.info\/hu\/wp-content\/uploads\/sites\/3\/2019\/08\/Nemes-akci\u00f3val-seg\u00edti-a-nagycsal\u00e1dosok-iskolakezd\u00e9s\u00e9t-az-Auchan.jpg","width":1400,"height":967,"caption":"Nemes akci\u00f3val seg\u00edti a nagycsal\u00e1dosok iskolakezd\u00e9s\u00e9t az Auchan"},{"@type":"BreadcrumbList","@id":"https:\/\/super-news.info\/hu\/nemes-akcioval-segiti-a-nagycsaladosok-iskolakezdeset-az-auchan\/#breadcrumb","itemListElement":[{"@type":"ListItem","position":1,"name":"\u0413\u043b\u0430\u0432\u043d\u0430\u044f \u0441\u0442\u0440\u0430\u043d\u0438\u0446\u0430","item":"https:\/\/super-news.info\/hu\/"},{"@type":"ListItem","position":2,"name":"Nemes akci\u00f3val seg\u00edti a nagycsal\u00e1dosok iskolakezd\u00e9s\u00e9t az Auchan"}]},{"@type":"WebSite","@id":"https:\/\/super-news.info\/hu\/#website","url":"https:\/\/super-news.info\/hu\/","name":"Super News","description":"Super News Magyarorsz\u00e1g","potentialAction":[{"@type":"SearchAction","target":{"@type":"EntryPoint","urlTemplate":"https:\/\/super-news.info\/hu\/?s={search_term_string}"},"query-input":{"@type":"PropertyValueSpecification","valueRequired":true,"valueName":"search_term_string"}}],"inLanguage":"hu"},{"@type":"Person","@id":"https:\/\/super-news.info\/hu\/#\/schema\/person\/2d4068cb2f39cd10008c2fce578a7356","name":"super-news","image":{"@type":"ImageObject","inLanguage":"hu","@id":"https:\/\/secure.gravatar.com\/avatar\/64ebac40b93f26a154f8a9b5b6fdccfc46f442b26b3dd6756dbff3bf9dc76fd7?s=96&d=mm&r=g","url":"https:\/\/secure.gravatar.com\/avatar\/64ebac40b93f26a154f8a9b5b6fdccfc46f442b26b3dd6756dbff3bf9dc76fd7?s=96&d=mm&r=g","contentUrl":"https:\/\/secure.gravatar.com\/avatar\/64ebac40b93f26a154f8a9b5b6fdccfc46f442b26b3dd6756dbff3bf9dc76fd7?s=96&d=mm&r=g","caption":"super-news"},"url":"https:\/\/super-news.info\/hu\/author\/pt\/"}]}},"_links":{"self":[{"href":"https:\/\/super-news.info\/hu\/wp-json\/wp\/v2\/posts\/7229","targetHints":{"allow":["GET"]}}],"collection":[{"href":"https:\/\/super-news.info\/hu\/wp-json\/wp\/v2\/posts"}],"about":[{"href":"https:\/\/super-news.info\/hu\/wp-json\/wp\/v2\/types\/post"}],"author":[{"embeddable":true,"href":"https:\/\/super-news.info\/hu\/wp-json\/wp\/v2\/users\/2"}],"replies":[{"embeddable":true,"href":"https:\/\/super-news.info\/hu\/wp-json\/wp\/v2\/comments?post=7229"}],"version-history":[{"count":1,"href":"https:\/\/super-news.info\/hu\/wp-json\/wp\/v2\/posts\/7229\/revisions"}],"predecessor-version":[{"id":7231,"href":"https:\/\/super-news.info\/hu\/wp-json\/wp\/v2\/posts\/7229\/revisions\/7231"}],"wp:featuredmedia":[{"embeddable":true,"href":"https:\/\/super-news.info\/hu\/wp-json\/wp\/v2\/media\/7230"}],"wp:attachment":[{"href":"https:\/\/super-news.info\/hu\/wp-json\/wp\/v2\/media?parent=7229"}],"wp:term":[{"taxonomy":"category","embeddable":true,"href":"https:\/\/super-news.info\/hu\/wp-json\/wp\/v2\/categories?post=7229"},{"taxonomy":"post_tag","embeddable":true,"href":"https:\/\/super-news.info\/hu\/wp-json\/wp\/v2\/tags?post=7229"}],"curies":[{"name":"wp","href":"https:\/\/api.w.org\/{rel}","templated":true}]}}