{"id":7214,"date":"2019-08-06T11:59:57","date_gmt":"2019-08-06T08:59:57","guid":{"rendered":"https:\/\/super-news.info\/hu\/a-magyarok-kozel-fele-mar-korlatlanul-telefonalhat\/"},"modified":"2019-08-06T11:59:58","modified_gmt":"2019-08-06T08:59:58","slug":"a-magyarok-kozel-fele-mar-korlatlanul-telefonalhat","status":"publish","type":"post","link":"https:\/\/super-news.info\/hu\/a-magyarok-kozel-fele-mar-korlatlanul-telefonalhat\/","title":{"rendered":"A magyarok k\u00f6zel fele m\u00e1r korl\u00e1tlanul telefon\u00e1lhat"},"content":{"rendered":"<p> [ad_1]<br \/>\n<\/p>\n<p>\n\t\t\t\t\t\t\t\tEgy \u00e9v alatt 42-r\u0151l 48 sz\u00e1zal\u00e9kra n\u0151tt a korl\u00e1tlan besz\u00e9lget\u00e9st tartalmaz\u00f3 el\u0151fizet\u00e9sek ar\u00e1nya a t\u00e1vk\u00f6zl\u00e9si szolg\u00e1ltat\u00e1sokat \u00f6sszehasonl\u00edt\u00f3 oldal, a Telenet.hu adatai szerint.\t\t\t\t\t\t\t<\/p>\n<div>\n<p>N\u0151 az ig\u00e9ny a korl\u00e1tlan besz\u00e9lget\u00e9st ny\u00fajt\u00f3 mobiltelefonos csomagokra. A Netrisk.hu szak\u00e9rt\u0151i szerint ennek egyik oka, hogy a minimum a saj\u00e1t h\u00e1l\u00f3zatba korl\u00e1tlan besz\u00e9lget\u00e9si lehet\u0151s\u00e9get ny\u00fajt\u00f3 csomagok \u00e1tlagos el\u0151fizet\u00e9si d\u00edja cs\u00f6kken\u0151 trendet mutat, 2019 els\u0151 f\u00e9l \u00e9v\u00e9ben alig haladta meg a 11 ezer forintot.<\/p>\n<p>K\u00f6zben a hagyom\u00e1nyos el\u0151fizet\u00e9ses csomag\u00e9rt \u00e1tlagosan 5100 forintot kellett fizetni.<\/p>\n<p>Egyre gyakoribb, hogy a szolg\u00e1ltat\u00e1scsomaggal egy\u00fctt k\u00e9sz\u00fcl\u00e9ket is ig\u00e9nyelnek az \u00fcgyfelek: a tavalyi els\u0151 f\u00e9l \u00e9vben m\u00e9rt 63 sz\u00e1zal\u00e9kkal szemben id\u00e9n m\u00e1r 70 sz\u00e1zal\u00e9kuk \u00e9lt ezzel a lehet\u0151s\u00e9ggel.<\/p>\n<p>A mobilszolg\u00e1ltat\u00e1sokhoz tartoz\u00f3 adatcsomagok m\u00e9rete is gyors n\u00f6veked\u00e9st mutat: noha az \u00faj szerz\u0151d\u00e9sekben a 40 sz\u00e1zal\u00e9kos r\u00e9szesed\u00e9s\u00e9vel m\u00e9g mindig a havi 1 GB-os adatel\u0151fizet\u00e9s a leggyakoribb, az idei \u00faj el\u0151fizet\u0151k 47 sz\u00e1zal\u00e9ka legal\u00e1bb havi 4GB adatmennyis\u00e9gre szerz\u0151dik. Ezen bel\u00fcl az \u00faj szerz\u0151d\u00e9sek 8 sz\u00e1zal\u00e9k\u00e1hoz korl\u00e1tlan adatforgalom kapcsol\u00f3dik.<\/p>\n<div id=\"attachment_1322851\" style=\"width: 1410px\" class=\"wp-caption alignnone\">\n<p class=\"wp-caption-text\">Fot\u00f3: AFP<\/p>\n<\/div>\n<p>A Telenet.hu els\u0151 f\u00e9l\u00e9ves adatai szerint a telev\u00edzi\u00f3-szolg\u00e1ltat\u00e1st is tartalmaz\u00f3 t\u00e1vk\u00f6zl\u00e9si csomagokban szerepl\u0151 csatorn\u00e1k \u00e1tlagos sz\u00e1ma 93. A megrendelt csomagokban a tematikus csatorn\u00e1k k\u00f6z\u00fcl \u00e1tlagosan 15 helyet foglalnak el az ismeretterjeszt\u0151 csatorn\u00e1k, 13 film- \u00e9s 10 sportcsatorna mellett.A HD min\u0151s\u00e9gben n\u00e9zhet\u0151 el\u0151fizetett csatorn\u00e1k \u00e1tlagos sz\u00e1ma 11.<\/p>\n<p>A vezet\u00e9kes telefon a h\u00e1ztart\u00e1sok mintegy 40 sz\u00e1zal\u00e9k\u00e1ban m\u00e9g ma is \u00fczemel.<\/p>\n<p>Ez az ar\u00e1ny az\u00e9rt is cs\u00f6kken lassan, mert a szolg\u00e1ltat\u00e1st az internet-telev\u00edzi\u00f3-telefon h\u00e1rmas szolg\u00e1ltat\u00e1st k\u00edn\u00e1l\u00f3 csomagokban szinte ingyen, maximum n\u00e9h\u00e1ny sz\u00e1z forintos el\u0151fizet\u00e9si d\u00edjjal szerepeltetik a szolg\u00e1ltat\u00f3k \u2013 k\u00f6z\u00f6lte a Netrisk.hu.<\/p>\n<\/p><\/div>\n<p><script>\n    window.fbAsyncInit = function() {\n        FB.init({\n            appId      : \"204760236815359\",\n            xfbml      : true,\n            version    : \"v2.12\"\n        });\n        FB.AppEvents.logPageView();\n    };<\/p>\n<p>    (function(d, s, id){\n        var js, fjs = d.getElementsByTagName(s)[0];\n        if (d.getElementById(id)) {return;}\n        js = d.createElement(s); js.id = id;\n        js.src = \"http:\/\/connect.facebook.net\/hu_HU\/sdk.js\";\n        fjs.parentNode.insertBefore(js, fjs);\n    }(document, \"script\", \"facebook-jssdk\"));\n<\/script><br \/>\n<br \/>[ad_2]<br \/>\n<br \/><a href=\"https:\/\/www.vg.hu\/kozelet\/technologia-tudomany\/a-magyarok-kozel-fele-mar-korlatlanul-telefonalhat-1674412\/\">Source link <\/a><\/p>\n","protected":false},"excerpt":{"rendered":"<p>[ad_1] Egy \u00e9v alatt 42-r\u0151l 48 sz\u00e1zal\u00e9kra n\u0151tt a korl\u00e1tlan besz\u00e9lget\u00e9st tartalmaz\u00f3 el\u0151fizet\u00e9sek ar\u00e1nya a t\u00e1vk\u00f6zl\u00e9si szolg\u00e1ltat\u00e1sokat \u00f6sszehasonl\u00edt\u00f3 oldal, a Telenet.hu adatai szerint. N\u0151 az ig\u00e9ny a korl\u00e1tlan besz\u00e9lget\u00e9st ny\u00fajt\u00f3 mobiltelefonos csomagokra. A Netrisk.hu szak\u00e9rt\u0151i szerint ennek egyik oka, hogy a minimum a saj\u00e1t h\u00e1l\u00f3zatba korl\u00e1tlan besz\u00e9lget\u00e9si lehet\u0151s\u00e9get ny\u00fajt\u00f3 csomagok \u00e1tlagos el\u0151fizet\u00e9si d\u00edja cs\u00f6kken\u0151 trendet [&hellip;]<\/p>\n","protected":false},"author":2,"featured_media":7215,"comment_status":"open","ping_status":"open","sticky":false,"template":"","format":"standard","meta":{"footnotes":""},"categories":[1],"tags":[],"class_list":["post-7214","post","type-post","status-publish","format-standard","has-post-thumbnail","hentry","category-penzugyi-hirek"],"yoast_head":"<!-- This site is optimized with the Yoast SEO plugin v27.4 - https:\/\/yoast.com\/product\/yoast-seo-wordpress\/ -->\n<title>A magyarok k\u00f6zel fele m\u00e1r korl\u00e1tlanul telefon\u00e1lhat - Super News<\/title>\n<meta name=\"robots\" content=\"index, follow, max-snippet:-1, max-image-preview:large, max-video-preview:-1\" \/>\n<link rel=\"canonical\" href=\"https:\/\/super-news.info\/hu\/a-magyarok-kozel-fele-mar-korlatlanul-telefonalhat\/\" \/>\n<meta property=\"og:locale\" content=\"hu_HU\" \/>\n<meta property=\"og:type\" content=\"article\" \/>\n<meta property=\"og:title\" content=\"A magyarok k\u00f6zel fele m\u00e1r korl\u00e1tlanul telefon\u00e1lhat - Super News\" \/>\n<meta property=\"og:description\" content=\"[ad_1] Egy \u00e9v alatt 42-r\u0151l 48 sz\u00e1zal\u00e9kra n\u0151tt a korl\u00e1tlan besz\u00e9lget\u00e9st tartalmaz\u00f3 el\u0151fizet\u00e9sek ar\u00e1nya a t\u00e1vk\u00f6zl\u00e9si szolg\u00e1ltat\u00e1sokat \u00f6sszehasonl\u00edt\u00f3 oldal, a Telenet.hu adatai szerint. N\u0151 az ig\u00e9ny a korl\u00e1tlan besz\u00e9lget\u00e9st ny\u00fajt\u00f3 mobiltelefonos csomagokra. A Netrisk.hu szak\u00e9rt\u0151i szerint ennek egyik oka, hogy a minimum a saj\u00e1t h\u00e1l\u00f3zatba korl\u00e1tlan besz\u00e9lget\u00e9si lehet\u0151s\u00e9get ny\u00fajt\u00f3 csomagok \u00e1tlagos el\u0151fizet\u00e9si d\u00edja cs\u00f6kken\u0151 trendet [&hellip;]\" \/>\n<meta property=\"og:url\" content=\"https:\/\/super-news.info\/hu\/a-magyarok-kozel-fele-mar-korlatlanul-telefonalhat\/\" \/>\n<meta property=\"og:site_name\" content=\"Super News\" \/>\n<meta property=\"article:published_time\" content=\"2019-08-06T08:59:57+00:00\" \/>\n<meta property=\"article:modified_time\" content=\"2019-08-06T08:59:58+00:00\" \/>\n<meta property=\"og:image\" content=\"https:\/\/super-news.info\/hu\/wp-content\/uploads\/sites\/3\/2019\/08\/A-magyarok-k\u00f6zel-fele-m\u00e1r-korl\u00e1tlanul-telefon\u00e1lhat.jpg\" \/>\n\t<meta property=\"og:image:width\" content=\"1400\" \/>\n\t<meta property=\"og:image:height\" content=\"1058\" \/>\n\t<meta property=\"og:image:type\" content=\"image\/jpeg\" \/>\n<meta name=\"author\" content=\"super-news\" \/>\n<meta name=\"twitter:card\" content=\"summary_large_image\" \/>\n<meta name=\"twitter:label1\" content=\"Szerz\u0151:\" \/>\n\t<meta name=\"twitter:data1\" content=\"super-news\" \/>\n\t<meta name=\"twitter:label2\" content=\"Becs\u00fclt olvas\u00e1si id\u0151\" \/>\n\t<meta name=\"twitter:data2\" content=\"2 perc\" \/>\n<script type=\"application\/ld+json\" class=\"yoast-schema-graph\">{\"@context\":\"https:\\\/\\\/schema.org\",\"@graph\":[{\"@type\":\"Article\",\"@id\":\"https:\\\/\\\/super-news.info\\\/hu\\\/a-magyarok-kozel-fele-mar-korlatlanul-telefonalhat\\\/#article\",\"isPartOf\":{\"@id\":\"https:\\\/\\\/super-news.info\\\/hu\\\/a-magyarok-kozel-fele-mar-korlatlanul-telefonalhat\\\/\"},\"author\":{\"name\":\"super-news\",\"@id\":\"https:\\\/\\\/super-news.info\\\/hu\\\/#\\\/schema\\\/person\\\/2d4068cb2f39cd10008c2fce578a7356\"},\"headline\":\"A magyarok k\u00f6zel fele m\u00e1r korl\u00e1tlanul telefon\u00e1lhat\",\"datePublished\":\"2019-08-06T08:59:57+00:00\",\"dateModified\":\"2019-08-06T08:59:58+00:00\",\"mainEntityOfPage\":{\"@id\":\"https:\\\/\\\/super-news.info\\\/hu\\\/a-magyarok-kozel-fele-mar-korlatlanul-telefonalhat\\\/\"},\"wordCount\":385,\"commentCount\":0,\"image\":{\"@id\":\"https:\\\/\\\/super-news.info\\\/hu\\\/a-magyarok-kozel-fele-mar-korlatlanul-telefonalhat\\\/#primaryimage\"},\"thumbnailUrl\":\"https:\\\/\\\/super-news.info\\\/hu\\\/wp-content\\\/uploads\\\/sites\\\/3\\\/2019\\\/08\\\/A-magyarok-k\u00f6zel-fele-m\u00e1r-korl\u00e1tlanul-telefon\u00e1lhat.jpg\",\"articleSection\":[\"P\u00c9NZ\u00dcGYI H\u00cdREK\"],\"inLanguage\":\"hu\",\"potentialAction\":[{\"@type\":\"CommentAction\",\"name\":\"Comment\",\"target\":[\"https:\\\/\\\/super-news.info\\\/hu\\\/a-magyarok-kozel-fele-mar-korlatlanul-telefonalhat\\\/#respond\"]}]},{\"@type\":\"WebPage\",\"@id\":\"https:\\\/\\\/super-news.info\\\/hu\\\/a-magyarok-kozel-fele-mar-korlatlanul-telefonalhat\\\/\",\"url\":\"https:\\\/\\\/super-news.info\\\/hu\\\/a-magyarok-kozel-fele-mar-korlatlanul-telefonalhat\\\/\",\"name\":\"A magyarok k\u00f6zel fele m\u00e1r korl\u00e1tlanul telefon\u00e1lhat - Super News\",\"isPartOf\":{\"@id\":\"https:\\\/\\\/super-news.info\\\/hu\\\/#website\"},\"primaryImageOfPage\":{\"@id\":\"https:\\\/\\\/super-news.info\\\/hu\\\/a-magyarok-kozel-fele-mar-korlatlanul-telefonalhat\\\/#primaryimage\"},\"image\":{\"@id\":\"https:\\\/\\\/super-news.info\\\/hu\\\/a-magyarok-kozel-fele-mar-korlatlanul-telefonalhat\\\/#primaryimage\"},\"thumbnailUrl\":\"https:\\\/\\\/super-news.info\\\/hu\\\/wp-content\\\/uploads\\\/sites\\\/3\\\/2019\\\/08\\\/A-magyarok-k\u00f6zel-fele-m\u00e1r-korl\u00e1tlanul-telefon\u00e1lhat.jpg\",\"datePublished\":\"2019-08-06T08:59:57+00:00\",\"dateModified\":\"2019-08-06T08:59:58+00:00\",\"author\":{\"@id\":\"https:\\\/\\\/super-news.info\\\/hu\\\/#\\\/schema\\\/person\\\/2d4068cb2f39cd10008c2fce578a7356\"},\"breadcrumb\":{\"@id\":\"https:\\\/\\\/super-news.info\\\/hu\\\/a-magyarok-kozel-fele-mar-korlatlanul-telefonalhat\\\/#breadcrumb\"},\"inLanguage\":\"hu\",\"potentialAction\":[{\"@type\":\"ReadAction\",\"target\":[\"https:\\\/\\\/super-news.info\\\/hu\\\/a-magyarok-kozel-fele-mar-korlatlanul-telefonalhat\\\/\"]}]},{\"@type\":\"ImageObject\",\"inLanguage\":\"hu\",\"@id\":\"https:\\\/\\\/super-news.info\\\/hu\\\/a-magyarok-kozel-fele-mar-korlatlanul-telefonalhat\\\/#primaryimage\",\"url\":\"https:\\\/\\\/super-news.info\\\/hu\\\/wp-content\\\/uploads\\\/sites\\\/3\\\/2019\\\/08\\\/A-magyarok-k\u00f6zel-fele-m\u00e1r-korl\u00e1tlanul-telefon\u00e1lhat.jpg\",\"contentUrl\":\"https:\\\/\\\/super-news.info\\\/hu\\\/wp-content\\\/uploads\\\/sites\\\/3\\\/2019\\\/08\\\/A-magyarok-k\u00f6zel-fele-m\u00e1r-korl\u00e1tlanul-telefon\u00e1lhat.jpg\",\"width\":1400,\"height\":1058,\"caption\":\"A magyarok k\u00f6zel fele m\u00e1r korl\u00e1tlanul telefon\u00e1lhat\"},{\"@type\":\"BreadcrumbList\",\"@id\":\"https:\\\/\\\/super-news.info\\\/hu\\\/a-magyarok-kozel-fele-mar-korlatlanul-telefonalhat\\\/#breadcrumb\",\"itemListElement\":[{\"@type\":\"ListItem\",\"position\":1,\"name\":\"\u0413\u043b\u0430\u0432\u043d\u0430\u044f \u0441\u0442\u0440\u0430\u043d\u0438\u0446\u0430\",\"item\":\"https:\\\/\\\/super-news.info\\\/hu\\\/\"},{\"@type\":\"ListItem\",\"position\":2,\"name\":\"A magyarok k\u00f6zel fele m\u00e1r korl\u00e1tlanul telefon\u00e1lhat\"}]},{\"@type\":\"WebSite\",\"@id\":\"https:\\\/\\\/super-news.info\\\/hu\\\/#website\",\"url\":\"https:\\\/\\\/super-news.info\\\/hu\\\/\",\"name\":\"Super News\",\"description\":\"Super News Magyarorsz\u00e1g\",\"potentialAction\":[{\"@type\":\"SearchAction\",\"target\":{\"@type\":\"EntryPoint\",\"urlTemplate\":\"https:\\\/\\\/super-news.info\\\/hu\\\/?s={search_term_string}\"},\"query-input\":{\"@type\":\"PropertyValueSpecification\",\"valueRequired\":true,\"valueName\":\"search_term_string\"}}],\"inLanguage\":\"hu\"},{\"@type\":\"Person\",\"@id\":\"https:\\\/\\\/super-news.info\\\/hu\\\/#\\\/schema\\\/person\\\/2d4068cb2f39cd10008c2fce578a7356\",\"name\":\"super-news\",\"image\":{\"@type\":\"ImageObject\",\"inLanguage\":\"hu\",\"@id\":\"https:\\\/\\\/secure.gravatar.com\\\/avatar\\\/64ebac40b93f26a154f8a9b5b6fdccfc46f442b26b3dd6756dbff3bf9dc76fd7?s=96&d=mm&r=g\",\"url\":\"https:\\\/\\\/secure.gravatar.com\\\/avatar\\\/64ebac40b93f26a154f8a9b5b6fdccfc46f442b26b3dd6756dbff3bf9dc76fd7?s=96&d=mm&r=g\",\"contentUrl\":\"https:\\\/\\\/secure.gravatar.com\\\/avatar\\\/64ebac40b93f26a154f8a9b5b6fdccfc46f442b26b3dd6756dbff3bf9dc76fd7?s=96&d=mm&r=g\",\"caption\":\"super-news\"},\"url\":\"https:\\\/\\\/super-news.info\\\/hu\\\/author\\\/pt\\\/\"}]}<\/script>\n<!-- \/ Yoast SEO plugin. -->","yoast_head_json":{"title":"A magyarok k\u00f6zel fele m\u00e1r korl\u00e1tlanul telefon\u00e1lhat - Super News","robots":{"index":"index","follow":"follow","max-snippet":"max-snippet:-1","max-image-preview":"max-image-preview:large","max-video-preview":"max-video-preview:-1"},"canonical":"https:\/\/super-news.info\/hu\/a-magyarok-kozel-fele-mar-korlatlanul-telefonalhat\/","og_locale":"hu_HU","og_type":"article","og_title":"A magyarok k\u00f6zel fele m\u00e1r korl\u00e1tlanul telefon\u00e1lhat - Super News","og_description":"[ad_1] Egy \u00e9v alatt 42-r\u0151l 48 sz\u00e1zal\u00e9kra n\u0151tt a korl\u00e1tlan besz\u00e9lget\u00e9st tartalmaz\u00f3 el\u0151fizet\u00e9sek ar\u00e1nya a t\u00e1vk\u00f6zl\u00e9si szolg\u00e1ltat\u00e1sokat \u00f6sszehasonl\u00edt\u00f3 oldal, a Telenet.hu adatai szerint. N\u0151 az ig\u00e9ny a korl\u00e1tlan besz\u00e9lget\u00e9st ny\u00fajt\u00f3 mobiltelefonos csomagokra. A Netrisk.hu szak\u00e9rt\u0151i szerint ennek egyik oka, hogy a minimum a saj\u00e1t h\u00e1l\u00f3zatba korl\u00e1tlan besz\u00e9lget\u00e9si lehet\u0151s\u00e9get ny\u00fajt\u00f3 csomagok \u00e1tlagos el\u0151fizet\u00e9si d\u00edja cs\u00f6kken\u0151 trendet [&hellip;]","og_url":"https:\/\/super-news.info\/hu\/a-magyarok-kozel-fele-mar-korlatlanul-telefonalhat\/","og_site_name":"Super News","article_published_time":"2019-08-06T08:59:57+00:00","article_modified_time":"2019-08-06T08:59:58+00:00","og_image":[{"width":1400,"height":1058,"url":"https:\/\/super-news.info\/hu\/wp-content\/uploads\/sites\/3\/2019\/08\/A-magyarok-k\u00f6zel-fele-m\u00e1r-korl\u00e1tlanul-telefon\u00e1lhat.jpg","type":"image\/jpeg"}],"author":"super-news","twitter_card":"summary_large_image","twitter_misc":{"Szerz\u0151:":"super-news","Becs\u00fclt olvas\u00e1si id\u0151":"2 perc"},"schema":{"@context":"https:\/\/schema.org","@graph":[{"@type":"Article","@id":"https:\/\/super-news.info\/hu\/a-magyarok-kozel-fele-mar-korlatlanul-telefonalhat\/#article","isPartOf":{"@id":"https:\/\/super-news.info\/hu\/a-magyarok-kozel-fele-mar-korlatlanul-telefonalhat\/"},"author":{"name":"super-news","@id":"https:\/\/super-news.info\/hu\/#\/schema\/person\/2d4068cb2f39cd10008c2fce578a7356"},"headline":"A magyarok k\u00f6zel fele m\u00e1r korl\u00e1tlanul telefon\u00e1lhat","datePublished":"2019-08-06T08:59:57+00:00","dateModified":"2019-08-06T08:59:58+00:00","mainEntityOfPage":{"@id":"https:\/\/super-news.info\/hu\/a-magyarok-kozel-fele-mar-korlatlanul-telefonalhat\/"},"wordCount":385,"commentCount":0,"image":{"@id":"https:\/\/super-news.info\/hu\/a-magyarok-kozel-fele-mar-korlatlanul-telefonalhat\/#primaryimage"},"thumbnailUrl":"https:\/\/super-news.info\/hu\/wp-content\/uploads\/sites\/3\/2019\/08\/A-magyarok-k\u00f6zel-fele-m\u00e1r-korl\u00e1tlanul-telefon\u00e1lhat.jpg","articleSection":["P\u00c9NZ\u00dcGYI H\u00cdREK"],"inLanguage":"hu","potentialAction":[{"@type":"CommentAction","name":"Comment","target":["https:\/\/super-news.info\/hu\/a-magyarok-kozel-fele-mar-korlatlanul-telefonalhat\/#respond"]}]},{"@type":"WebPage","@id":"https:\/\/super-news.info\/hu\/a-magyarok-kozel-fele-mar-korlatlanul-telefonalhat\/","url":"https:\/\/super-news.info\/hu\/a-magyarok-kozel-fele-mar-korlatlanul-telefonalhat\/","name":"A magyarok k\u00f6zel fele m\u00e1r korl\u00e1tlanul telefon\u00e1lhat - Super News","isPartOf":{"@id":"https:\/\/super-news.info\/hu\/#website"},"primaryImageOfPage":{"@id":"https:\/\/super-news.info\/hu\/a-magyarok-kozel-fele-mar-korlatlanul-telefonalhat\/#primaryimage"},"image":{"@id":"https:\/\/super-news.info\/hu\/a-magyarok-kozel-fele-mar-korlatlanul-telefonalhat\/#primaryimage"},"thumbnailUrl":"https:\/\/super-news.info\/hu\/wp-content\/uploads\/sites\/3\/2019\/08\/A-magyarok-k\u00f6zel-fele-m\u00e1r-korl\u00e1tlanul-telefon\u00e1lhat.jpg","datePublished":"2019-08-06T08:59:57+00:00","dateModified":"2019-08-06T08:59:58+00:00","author":{"@id":"https:\/\/super-news.info\/hu\/#\/schema\/person\/2d4068cb2f39cd10008c2fce578a7356"},"breadcrumb":{"@id":"https:\/\/super-news.info\/hu\/a-magyarok-kozel-fele-mar-korlatlanul-telefonalhat\/#breadcrumb"},"inLanguage":"hu","potentialAction":[{"@type":"ReadAction","target":["https:\/\/super-news.info\/hu\/a-magyarok-kozel-fele-mar-korlatlanul-telefonalhat\/"]}]},{"@type":"ImageObject","inLanguage":"hu","@id":"https:\/\/super-news.info\/hu\/a-magyarok-kozel-fele-mar-korlatlanul-telefonalhat\/#primaryimage","url":"https:\/\/super-news.info\/hu\/wp-content\/uploads\/sites\/3\/2019\/08\/A-magyarok-k\u00f6zel-fele-m\u00e1r-korl\u00e1tlanul-telefon\u00e1lhat.jpg","contentUrl":"https:\/\/super-news.info\/hu\/wp-content\/uploads\/sites\/3\/2019\/08\/A-magyarok-k\u00f6zel-fele-m\u00e1r-korl\u00e1tlanul-telefon\u00e1lhat.jpg","width":1400,"height":1058,"caption":"A magyarok k\u00f6zel fele m\u00e1r korl\u00e1tlanul telefon\u00e1lhat"},{"@type":"BreadcrumbList","@id":"https:\/\/super-news.info\/hu\/a-magyarok-kozel-fele-mar-korlatlanul-telefonalhat\/#breadcrumb","itemListElement":[{"@type":"ListItem","position":1,"name":"\u0413\u043b\u0430\u0432\u043d\u0430\u044f \u0441\u0442\u0440\u0430\u043d\u0438\u0446\u0430","item":"https:\/\/super-news.info\/hu\/"},{"@type":"ListItem","position":2,"name":"A magyarok k\u00f6zel fele m\u00e1r korl\u00e1tlanul telefon\u00e1lhat"}]},{"@type":"WebSite","@id":"https:\/\/super-news.info\/hu\/#website","url":"https:\/\/super-news.info\/hu\/","name":"Super News","description":"Super News Magyarorsz\u00e1g","potentialAction":[{"@type":"SearchAction","target":{"@type":"EntryPoint","urlTemplate":"https:\/\/super-news.info\/hu\/?s={search_term_string}"},"query-input":{"@type":"PropertyValueSpecification","valueRequired":true,"valueName":"search_term_string"}}],"inLanguage":"hu"},{"@type":"Person","@id":"https:\/\/super-news.info\/hu\/#\/schema\/person\/2d4068cb2f39cd10008c2fce578a7356","name":"super-news","image":{"@type":"ImageObject","inLanguage":"hu","@id":"https:\/\/secure.gravatar.com\/avatar\/64ebac40b93f26a154f8a9b5b6fdccfc46f442b26b3dd6756dbff3bf9dc76fd7?s=96&d=mm&r=g","url":"https:\/\/secure.gravatar.com\/avatar\/64ebac40b93f26a154f8a9b5b6fdccfc46f442b26b3dd6756dbff3bf9dc76fd7?s=96&d=mm&r=g","contentUrl":"https:\/\/secure.gravatar.com\/avatar\/64ebac40b93f26a154f8a9b5b6fdccfc46f442b26b3dd6756dbff3bf9dc76fd7?s=96&d=mm&r=g","caption":"super-news"},"url":"https:\/\/super-news.info\/hu\/author\/pt\/"}]}},"_links":{"self":[{"href":"https:\/\/super-news.info\/hu\/wp-json\/wp\/v2\/posts\/7214","targetHints":{"allow":["GET"]}}],"collection":[{"href":"https:\/\/super-news.info\/hu\/wp-json\/wp\/v2\/posts"}],"about":[{"href":"https:\/\/super-news.info\/hu\/wp-json\/wp\/v2\/types\/post"}],"author":[{"embeddable":true,"href":"https:\/\/super-news.info\/hu\/wp-json\/wp\/v2\/users\/2"}],"replies":[{"embeddable":true,"href":"https:\/\/super-news.info\/hu\/wp-json\/wp\/v2\/comments?post=7214"}],"version-history":[{"count":1,"href":"https:\/\/super-news.info\/hu\/wp-json\/wp\/v2\/posts\/7214\/revisions"}],"predecessor-version":[{"id":7216,"href":"https:\/\/super-news.info\/hu\/wp-json\/wp\/v2\/posts\/7214\/revisions\/7216"}],"wp:featuredmedia":[{"embeddable":true,"href":"https:\/\/super-news.info\/hu\/wp-json\/wp\/v2\/media\/7215"}],"wp:attachment":[{"href":"https:\/\/super-news.info\/hu\/wp-json\/wp\/v2\/media?parent=7214"}],"wp:term":[{"taxonomy":"category","embeddable":true,"href":"https:\/\/super-news.info\/hu\/wp-json\/wp\/v2\/categories?post=7214"},{"taxonomy":"post_tag","embeddable":true,"href":"https:\/\/super-news.info\/hu\/wp-json\/wp\/v2\/tags?post=7214"}],"curies":[{"name":"wp","href":"https:\/\/api.w.org\/{rel}","templated":true}]}}