{"id":7209,"date":"2019-08-06T10:15:55","date_gmt":"2019-08-06T07:15:55","guid":{"rendered":"https:\/\/super-news.info\/hu\/trump-zaroltatta-venezuela-minden-vagyonat\/"},"modified":"2019-08-06T10:15:56","modified_gmt":"2019-08-06T07:15:56","slug":"trump-zaroltatta-venezuela-minden-vagyonat","status":"publish","type":"post","link":"https:\/\/super-news.info\/hu\/trump-zaroltatta-venezuela-minden-vagyonat\/","title":{"rendered":"Trump z\u00e1roltatta Venezuela minden vagyon\u00e1t"},"content":{"rendered":"<p> [ad_1]<br \/>\n<\/p>\n<p>\n\t\t\t\t\t\t\t\tDonald Trump amerikai eln\u00f6k rendelettel h\u00e9tf\u0151n este z\u00e1roltatta a venezuelai korm\u00e1ny minden vagyon\u00e1t.\t\t\t\t\t\t\t<\/p>\n<div>\n<blockquote>\n<p>\u00dagy d\u00f6nt\u00f6ttem, hogy mivel Nicol\u00e1s Maduro t\u00f6rv\u00e9nytelen rezsimje tov\u00e1bbra is vissza\u00e9l a hatalm\u00e1val, Venezuela korm\u00e1ny\u00e1nak minden vagyon\u00e1t z\u00e1roltatom<\/p>\n<\/blockquote>\n<p>\u2013 \u00edrta Trump a k\u00f6zlem\u00e9nyben, amelyet lev\u00e9l k\u00eds\u00e9ret\u00e9ben megk\u00fcld\u00f6tt a k\u00e9pvisel\u0151h\u00e1z demokrata p\u00e1rti eln\u00f6k\u00e9nek, Nancy Pelosinak is.<\/p>\n<p>Az eln\u00f6ki rendelet \u00e9rtelm\u00e9ben a venezuelai korm\u00e1nyzat javait, \u00e9rt\u00e9kpap\u00edrjait \u2013 egysz\u00f3val vagyon\u00e1t \u2013 nem lehet az orsz\u00e1gb\u00f3l \u201e\u00e1tutalni, kivinni, visszah\u00edvni vagy b\u00e1rmif\u00e9le m\u00f3don manipul\u00e1lni\u201d.<\/p>\n<div id=\"attachment_1586240\" style=\"width: 1410px\" class=\"wp-caption aligncenter\">\n<p class=\"wp-caption-text\">Fot\u00f3: AFP<\/p>\n<\/div>\n<p>K\u00f6zlem\u00e9ny\u00e9ben Donald Trump azzal v\u00e1dolta a Maduro-korm\u00e1nyt, hogy \u201eemberi jogi vissza\u00e9l\u00e9seket k\u00f6vet el, \u00f6nk\u00e9nyesen tart\u00f3ztat le \u00e9s vet b\u00f6rt\u00f6nbe venezuelai \u00e1llampolg\u00e1rokat, korl\u00e1tozza a sajt\u00f3szabads\u00e1got, \u00e9s folyamatosan megk\u00eds\u00e9rli al\u00e1\u00e1sni Juan Guaid\u00f3 ideiglenes eln\u00f6k\u00f6t \u00e9s a demokratikusan megv\u00e1lasztott venezuelai nemzetgy\u0171l\u00e9st\u201d.<\/p>\n<p>Guaid\u00f3 az ellenz\u00e9ki t\u00f6bbs\u00e9g\u0171 venezuelai parlament eln\u00f6ke, \u00e9s janu\u00e1rban Venezuela ideiglenes vezet\u0151j\u00e9v\u00e9 ki\u00e1ltotta ki mag\u00e1t. Az Egyes\u00fclt \u00c1llamok mellett t\u00f6bb orsz\u00e1g \u0151t ismeri el a d\u00e9l-amerikai \u00e1llam \u00e1tmeneti vezet\u0151jek\u00e9nt.<\/p>\n<\/p><\/div>\n<p><script>\n    window.fbAsyncInit = function() {\n        FB.init({\n            appId      : \"204760236815359\",\n            xfbml      : true,\n            version    : \"v2.12\"\n        });\n        FB.AppEvents.logPageView();\n    };<\/p>\n<p>    (function(d, s, id){\n        var js, fjs = d.getElementsByTagName(s)[0];\n        if (d.getElementById(id)) {return;}\n        js = d.createElement(s); js.id = id;\n        js.src = \"http:\/\/connect.facebook.net\/hu_HU\/sdk.js\";\n        fjs.parentNode.insertBefore(js, fjs);\n    }(document, \"script\", \"facebook-jssdk\"));\n<\/script><br \/>\n<br \/>[ad_2]<br \/>\n<br \/><a href=\"https:\/\/www.vg.hu\/kozelet\/kozeleti-hirek\/trump-zaroltatta-venezuela-minden-vagyonat-1674319\/\">Source link <\/a><\/p>\n","protected":false},"excerpt":{"rendered":"<p>[ad_1] Donald Trump amerikai eln\u00f6k rendelettel h\u00e9tf\u0151n este z\u00e1roltatta a venezuelai korm\u00e1ny minden vagyon\u00e1t. \u00dagy d\u00f6nt\u00f6ttem, hogy mivel Nicol\u00e1s Maduro t\u00f6rv\u00e9nytelen rezsimje tov\u00e1bbra is vissza\u00e9l a hatalm\u00e1val, Venezuela korm\u00e1ny\u00e1nak minden vagyon\u00e1t z\u00e1roltatom \u2013 \u00edrta Trump a k\u00f6zlem\u00e9nyben, amelyet lev\u00e9l k\u00eds\u00e9ret\u00e9ben megk\u00fcld\u00f6tt a k\u00e9pvisel\u0151h\u00e1z demokrata p\u00e1rti eln\u00f6k\u00e9nek, Nancy Pelosinak is. Az eln\u00f6ki rendelet \u00e9rtelm\u00e9ben a venezuelai [&hellip;]<\/p>\n","protected":false},"author":2,"featured_media":5839,"comment_status":"open","ping_status":"open","sticky":false,"template":"","format":"standard","meta":{"footnotes":""},"categories":[1],"tags":[],"class_list":["post-7209","post","type-post","status-publish","format-standard","has-post-thumbnail","hentry","category-penzugyi-hirek"],"yoast_head":"<!-- This site is optimized with the Yoast SEO plugin v27.4 - https:\/\/yoast.com\/product\/yoast-seo-wordpress\/ -->\n<title>Trump z\u00e1roltatta Venezuela minden vagyon\u00e1t - Super News<\/title>\n<meta name=\"robots\" content=\"index, follow, max-snippet:-1, max-image-preview:large, max-video-preview:-1\" \/>\n<link rel=\"canonical\" href=\"https:\/\/super-news.info\/hu\/trump-zaroltatta-venezuela-minden-vagyonat\/\" \/>\n<meta property=\"og:locale\" content=\"hu_HU\" \/>\n<meta property=\"og:type\" content=\"article\" \/>\n<meta property=\"og:title\" content=\"Trump z\u00e1roltatta Venezuela minden vagyon\u00e1t - Super News\" \/>\n<meta property=\"og:description\" content=\"[ad_1] Donald Trump amerikai eln\u00f6k rendelettel h\u00e9tf\u0151n este z\u00e1roltatta a venezuelai korm\u00e1ny minden vagyon\u00e1t. \u00dagy d\u00f6nt\u00f6ttem, hogy mivel Nicol\u00e1s Maduro t\u00f6rv\u00e9nytelen rezsimje tov\u00e1bbra is vissza\u00e9l a hatalm\u00e1val, Venezuela korm\u00e1ny\u00e1nak minden vagyon\u00e1t z\u00e1roltatom \u2013 \u00edrta Trump a k\u00f6zlem\u00e9nyben, amelyet lev\u00e9l k\u00eds\u00e9ret\u00e9ben megk\u00fcld\u00f6tt a k\u00e9pvisel\u0151h\u00e1z demokrata p\u00e1rti eln\u00f6k\u00e9nek, Nancy Pelosinak is. Az eln\u00f6ki rendelet \u00e9rtelm\u00e9ben a venezuelai [&hellip;]\" \/>\n<meta property=\"og:url\" content=\"https:\/\/super-news.info\/hu\/trump-zaroltatta-venezuela-minden-vagyonat\/\" \/>\n<meta property=\"og:site_name\" content=\"Super News\" \/>\n<meta property=\"article:published_time\" content=\"2019-08-06T07:15:55+00:00\" \/>\n<meta property=\"article:modified_time\" content=\"2019-08-06T07:15:56+00:00\" \/>\n<meta property=\"og:image\" content=\"https:\/\/super-news.info\/hu\/wp-content\/uploads\/sites\/3\/2019\/07\/Donald-Trump-m\u00e1r-nem-ragaszkodik-kor\u00e1bbi-terv\u00e9hez.jpg\" \/>\n\t<meta property=\"og:image:width\" content=\"1400\" \/>\n\t<meta property=\"og:image:height\" content=\"937\" \/>\n\t<meta property=\"og:image:type\" content=\"image\/jpeg\" \/>\n<meta name=\"author\" content=\"super-news\" \/>\n<meta name=\"twitter:card\" content=\"summary_large_image\" \/>\n<meta name=\"twitter:label1\" content=\"Szerz\u0151:\" \/>\n\t<meta name=\"twitter:data1\" content=\"super-news\" \/>\n\t<meta name=\"twitter:label2\" content=\"Becs\u00fclt olvas\u00e1si id\u0151\" \/>\n\t<meta name=\"twitter:data2\" content=\"1 perc\" \/>\n<script type=\"application\/ld+json\" class=\"yoast-schema-graph\">{\"@context\":\"https:\\\/\\\/schema.org\",\"@graph\":[{\"@type\":\"Article\",\"@id\":\"https:\\\/\\\/super-news.info\\\/hu\\\/trump-zaroltatta-venezuela-minden-vagyonat\\\/#article\",\"isPartOf\":{\"@id\":\"https:\\\/\\\/super-news.info\\\/hu\\\/trump-zaroltatta-venezuela-minden-vagyonat\\\/\"},\"author\":{\"name\":\"super-news\",\"@id\":\"https:\\\/\\\/super-news.info\\\/hu\\\/#\\\/schema\\\/person\\\/2d4068cb2f39cd10008c2fce578a7356\"},\"headline\":\"Trump z\u00e1roltatta Venezuela minden vagyon\u00e1t\",\"datePublished\":\"2019-08-06T07:15:55+00:00\",\"dateModified\":\"2019-08-06T07:15:56+00:00\",\"mainEntityOfPage\":{\"@id\":\"https:\\\/\\\/super-news.info\\\/hu\\\/trump-zaroltatta-venezuela-minden-vagyonat\\\/\"},\"wordCount\":234,\"commentCount\":0,\"image\":{\"@id\":\"https:\\\/\\\/super-news.info\\\/hu\\\/trump-zaroltatta-venezuela-minden-vagyonat\\\/#primaryimage\"},\"thumbnailUrl\":\"https:\\\/\\\/super-news.info\\\/hu\\\/wp-content\\\/uploads\\\/sites\\\/3\\\/2019\\\/07\\\/Donald-Trump-m\u00e1r-nem-ragaszkodik-kor\u00e1bbi-terv\u00e9hez.jpg\",\"articleSection\":[\"P\u00c9NZ\u00dcGYI H\u00cdREK\"],\"inLanguage\":\"hu\",\"potentialAction\":[{\"@type\":\"CommentAction\",\"name\":\"Comment\",\"target\":[\"https:\\\/\\\/super-news.info\\\/hu\\\/trump-zaroltatta-venezuela-minden-vagyonat\\\/#respond\"]}]},{\"@type\":\"WebPage\",\"@id\":\"https:\\\/\\\/super-news.info\\\/hu\\\/trump-zaroltatta-venezuela-minden-vagyonat\\\/\",\"url\":\"https:\\\/\\\/super-news.info\\\/hu\\\/trump-zaroltatta-venezuela-minden-vagyonat\\\/\",\"name\":\"Trump z\u00e1roltatta Venezuela minden vagyon\u00e1t - Super News\",\"isPartOf\":{\"@id\":\"https:\\\/\\\/super-news.info\\\/hu\\\/#website\"},\"primaryImageOfPage\":{\"@id\":\"https:\\\/\\\/super-news.info\\\/hu\\\/trump-zaroltatta-venezuela-minden-vagyonat\\\/#primaryimage\"},\"image\":{\"@id\":\"https:\\\/\\\/super-news.info\\\/hu\\\/trump-zaroltatta-venezuela-minden-vagyonat\\\/#primaryimage\"},\"thumbnailUrl\":\"https:\\\/\\\/super-news.info\\\/hu\\\/wp-content\\\/uploads\\\/sites\\\/3\\\/2019\\\/07\\\/Donald-Trump-m\u00e1r-nem-ragaszkodik-kor\u00e1bbi-terv\u00e9hez.jpg\",\"datePublished\":\"2019-08-06T07:15:55+00:00\",\"dateModified\":\"2019-08-06T07:15:56+00:00\",\"author\":{\"@id\":\"https:\\\/\\\/super-news.info\\\/hu\\\/#\\\/schema\\\/person\\\/2d4068cb2f39cd10008c2fce578a7356\"},\"breadcrumb\":{\"@id\":\"https:\\\/\\\/super-news.info\\\/hu\\\/trump-zaroltatta-venezuela-minden-vagyonat\\\/#breadcrumb\"},\"inLanguage\":\"hu\",\"potentialAction\":[{\"@type\":\"ReadAction\",\"target\":[\"https:\\\/\\\/super-news.info\\\/hu\\\/trump-zaroltatta-venezuela-minden-vagyonat\\\/\"]}]},{\"@type\":\"ImageObject\",\"inLanguage\":\"hu\",\"@id\":\"https:\\\/\\\/super-news.info\\\/hu\\\/trump-zaroltatta-venezuela-minden-vagyonat\\\/#primaryimage\",\"url\":\"https:\\\/\\\/super-news.info\\\/hu\\\/wp-content\\\/uploads\\\/sites\\\/3\\\/2019\\\/07\\\/Donald-Trump-m\u00e1r-nem-ragaszkodik-kor\u00e1bbi-terv\u00e9hez.jpg\",\"contentUrl\":\"https:\\\/\\\/super-news.info\\\/hu\\\/wp-content\\\/uploads\\\/sites\\\/3\\\/2019\\\/07\\\/Donald-Trump-m\u00e1r-nem-ragaszkodik-kor\u00e1bbi-terv\u00e9hez.jpg\",\"width\":1400,\"height\":937,\"caption\":\"Donald Trump m\u00e1r nem ragaszkodik kor\u00e1bbi terv\u00e9hez\"},{\"@type\":\"BreadcrumbList\",\"@id\":\"https:\\\/\\\/super-news.info\\\/hu\\\/trump-zaroltatta-venezuela-minden-vagyonat\\\/#breadcrumb\",\"itemListElement\":[{\"@type\":\"ListItem\",\"position\":1,\"name\":\"\u0413\u043b\u0430\u0432\u043d\u0430\u044f \u0441\u0442\u0440\u0430\u043d\u0438\u0446\u0430\",\"item\":\"https:\\\/\\\/super-news.info\\\/hu\\\/\"},{\"@type\":\"ListItem\",\"position\":2,\"name\":\"Trump z\u00e1roltatta Venezuela minden vagyon\u00e1t\"}]},{\"@type\":\"WebSite\",\"@id\":\"https:\\\/\\\/super-news.info\\\/hu\\\/#website\",\"url\":\"https:\\\/\\\/super-news.info\\\/hu\\\/\",\"name\":\"Super News\",\"description\":\"Super News Magyarorsz\u00e1g\",\"potentialAction\":[{\"@type\":\"SearchAction\",\"target\":{\"@type\":\"EntryPoint\",\"urlTemplate\":\"https:\\\/\\\/super-news.info\\\/hu\\\/?s={search_term_string}\"},\"query-input\":{\"@type\":\"PropertyValueSpecification\",\"valueRequired\":true,\"valueName\":\"search_term_string\"}}],\"inLanguage\":\"hu\"},{\"@type\":\"Person\",\"@id\":\"https:\\\/\\\/super-news.info\\\/hu\\\/#\\\/schema\\\/person\\\/2d4068cb2f39cd10008c2fce578a7356\",\"name\":\"super-news\",\"image\":{\"@type\":\"ImageObject\",\"inLanguage\":\"hu\",\"@id\":\"https:\\\/\\\/secure.gravatar.com\\\/avatar\\\/64ebac40b93f26a154f8a9b5b6fdccfc46f442b26b3dd6756dbff3bf9dc76fd7?s=96&d=mm&r=g\",\"url\":\"https:\\\/\\\/secure.gravatar.com\\\/avatar\\\/64ebac40b93f26a154f8a9b5b6fdccfc46f442b26b3dd6756dbff3bf9dc76fd7?s=96&d=mm&r=g\",\"contentUrl\":\"https:\\\/\\\/secure.gravatar.com\\\/avatar\\\/64ebac40b93f26a154f8a9b5b6fdccfc46f442b26b3dd6756dbff3bf9dc76fd7?s=96&d=mm&r=g\",\"caption\":\"super-news\"},\"url\":\"https:\\\/\\\/super-news.info\\\/hu\\\/author\\\/pt\\\/\"}]}<\/script>\n<!-- \/ Yoast SEO plugin. -->","yoast_head_json":{"title":"Trump z\u00e1roltatta Venezuela minden vagyon\u00e1t - Super News","robots":{"index":"index","follow":"follow","max-snippet":"max-snippet:-1","max-image-preview":"max-image-preview:large","max-video-preview":"max-video-preview:-1"},"canonical":"https:\/\/super-news.info\/hu\/trump-zaroltatta-venezuela-minden-vagyonat\/","og_locale":"hu_HU","og_type":"article","og_title":"Trump z\u00e1roltatta Venezuela minden vagyon\u00e1t - Super News","og_description":"[ad_1] Donald Trump amerikai eln\u00f6k rendelettel h\u00e9tf\u0151n este z\u00e1roltatta a venezuelai korm\u00e1ny minden vagyon\u00e1t. \u00dagy d\u00f6nt\u00f6ttem, hogy mivel Nicol\u00e1s Maduro t\u00f6rv\u00e9nytelen rezsimje tov\u00e1bbra is vissza\u00e9l a hatalm\u00e1val, Venezuela korm\u00e1ny\u00e1nak minden vagyon\u00e1t z\u00e1roltatom \u2013 \u00edrta Trump a k\u00f6zlem\u00e9nyben, amelyet lev\u00e9l k\u00eds\u00e9ret\u00e9ben megk\u00fcld\u00f6tt a k\u00e9pvisel\u0151h\u00e1z demokrata p\u00e1rti eln\u00f6k\u00e9nek, Nancy Pelosinak is. Az eln\u00f6ki rendelet \u00e9rtelm\u00e9ben a venezuelai [&hellip;]","og_url":"https:\/\/super-news.info\/hu\/trump-zaroltatta-venezuela-minden-vagyonat\/","og_site_name":"Super News","article_published_time":"2019-08-06T07:15:55+00:00","article_modified_time":"2019-08-06T07:15:56+00:00","og_image":[{"width":1400,"height":937,"url":"https:\/\/super-news.info\/hu\/wp-content\/uploads\/sites\/3\/2019\/07\/Donald-Trump-m\u00e1r-nem-ragaszkodik-kor\u00e1bbi-terv\u00e9hez.jpg","type":"image\/jpeg"}],"author":"super-news","twitter_card":"summary_large_image","twitter_misc":{"Szerz\u0151:":"super-news","Becs\u00fclt olvas\u00e1si id\u0151":"1 perc"},"schema":{"@context":"https:\/\/schema.org","@graph":[{"@type":"Article","@id":"https:\/\/super-news.info\/hu\/trump-zaroltatta-venezuela-minden-vagyonat\/#article","isPartOf":{"@id":"https:\/\/super-news.info\/hu\/trump-zaroltatta-venezuela-minden-vagyonat\/"},"author":{"name":"super-news","@id":"https:\/\/super-news.info\/hu\/#\/schema\/person\/2d4068cb2f39cd10008c2fce578a7356"},"headline":"Trump z\u00e1roltatta Venezuela minden vagyon\u00e1t","datePublished":"2019-08-06T07:15:55+00:00","dateModified":"2019-08-06T07:15:56+00:00","mainEntityOfPage":{"@id":"https:\/\/super-news.info\/hu\/trump-zaroltatta-venezuela-minden-vagyonat\/"},"wordCount":234,"commentCount":0,"image":{"@id":"https:\/\/super-news.info\/hu\/trump-zaroltatta-venezuela-minden-vagyonat\/#primaryimage"},"thumbnailUrl":"https:\/\/super-news.info\/hu\/wp-content\/uploads\/sites\/3\/2019\/07\/Donald-Trump-m\u00e1r-nem-ragaszkodik-kor\u00e1bbi-terv\u00e9hez.jpg","articleSection":["P\u00c9NZ\u00dcGYI H\u00cdREK"],"inLanguage":"hu","potentialAction":[{"@type":"CommentAction","name":"Comment","target":["https:\/\/super-news.info\/hu\/trump-zaroltatta-venezuela-minden-vagyonat\/#respond"]}]},{"@type":"WebPage","@id":"https:\/\/super-news.info\/hu\/trump-zaroltatta-venezuela-minden-vagyonat\/","url":"https:\/\/super-news.info\/hu\/trump-zaroltatta-venezuela-minden-vagyonat\/","name":"Trump z\u00e1roltatta Venezuela minden vagyon\u00e1t - Super News","isPartOf":{"@id":"https:\/\/super-news.info\/hu\/#website"},"primaryImageOfPage":{"@id":"https:\/\/super-news.info\/hu\/trump-zaroltatta-venezuela-minden-vagyonat\/#primaryimage"},"image":{"@id":"https:\/\/super-news.info\/hu\/trump-zaroltatta-venezuela-minden-vagyonat\/#primaryimage"},"thumbnailUrl":"https:\/\/super-news.info\/hu\/wp-content\/uploads\/sites\/3\/2019\/07\/Donald-Trump-m\u00e1r-nem-ragaszkodik-kor\u00e1bbi-terv\u00e9hez.jpg","datePublished":"2019-08-06T07:15:55+00:00","dateModified":"2019-08-06T07:15:56+00:00","author":{"@id":"https:\/\/super-news.info\/hu\/#\/schema\/person\/2d4068cb2f39cd10008c2fce578a7356"},"breadcrumb":{"@id":"https:\/\/super-news.info\/hu\/trump-zaroltatta-venezuela-minden-vagyonat\/#breadcrumb"},"inLanguage":"hu","potentialAction":[{"@type":"ReadAction","target":["https:\/\/super-news.info\/hu\/trump-zaroltatta-venezuela-minden-vagyonat\/"]}]},{"@type":"ImageObject","inLanguage":"hu","@id":"https:\/\/super-news.info\/hu\/trump-zaroltatta-venezuela-minden-vagyonat\/#primaryimage","url":"https:\/\/super-news.info\/hu\/wp-content\/uploads\/sites\/3\/2019\/07\/Donald-Trump-m\u00e1r-nem-ragaszkodik-kor\u00e1bbi-terv\u00e9hez.jpg","contentUrl":"https:\/\/super-news.info\/hu\/wp-content\/uploads\/sites\/3\/2019\/07\/Donald-Trump-m\u00e1r-nem-ragaszkodik-kor\u00e1bbi-terv\u00e9hez.jpg","width":1400,"height":937,"caption":"Donald Trump m\u00e1r nem ragaszkodik kor\u00e1bbi terv\u00e9hez"},{"@type":"BreadcrumbList","@id":"https:\/\/super-news.info\/hu\/trump-zaroltatta-venezuela-minden-vagyonat\/#breadcrumb","itemListElement":[{"@type":"ListItem","position":1,"name":"\u0413\u043b\u0430\u0432\u043d\u0430\u044f \u0441\u0442\u0440\u0430\u043d\u0438\u0446\u0430","item":"https:\/\/super-news.info\/hu\/"},{"@type":"ListItem","position":2,"name":"Trump z\u00e1roltatta Venezuela minden vagyon\u00e1t"}]},{"@type":"WebSite","@id":"https:\/\/super-news.info\/hu\/#website","url":"https:\/\/super-news.info\/hu\/","name":"Super News","description":"Super News Magyarorsz\u00e1g","potentialAction":[{"@type":"SearchAction","target":{"@type":"EntryPoint","urlTemplate":"https:\/\/super-news.info\/hu\/?s={search_term_string}"},"query-input":{"@type":"PropertyValueSpecification","valueRequired":true,"valueName":"search_term_string"}}],"inLanguage":"hu"},{"@type":"Person","@id":"https:\/\/super-news.info\/hu\/#\/schema\/person\/2d4068cb2f39cd10008c2fce578a7356","name":"super-news","image":{"@type":"ImageObject","inLanguage":"hu","@id":"https:\/\/secure.gravatar.com\/avatar\/64ebac40b93f26a154f8a9b5b6fdccfc46f442b26b3dd6756dbff3bf9dc76fd7?s=96&d=mm&r=g","url":"https:\/\/secure.gravatar.com\/avatar\/64ebac40b93f26a154f8a9b5b6fdccfc46f442b26b3dd6756dbff3bf9dc76fd7?s=96&d=mm&r=g","contentUrl":"https:\/\/secure.gravatar.com\/avatar\/64ebac40b93f26a154f8a9b5b6fdccfc46f442b26b3dd6756dbff3bf9dc76fd7?s=96&d=mm&r=g","caption":"super-news"},"url":"https:\/\/super-news.info\/hu\/author\/pt\/"}]}},"_links":{"self":[{"href":"https:\/\/super-news.info\/hu\/wp-json\/wp\/v2\/posts\/7209","targetHints":{"allow":["GET"]}}],"collection":[{"href":"https:\/\/super-news.info\/hu\/wp-json\/wp\/v2\/posts"}],"about":[{"href":"https:\/\/super-news.info\/hu\/wp-json\/wp\/v2\/types\/post"}],"author":[{"embeddable":true,"href":"https:\/\/super-news.info\/hu\/wp-json\/wp\/v2\/users\/2"}],"replies":[{"embeddable":true,"href":"https:\/\/super-news.info\/hu\/wp-json\/wp\/v2\/comments?post=7209"}],"version-history":[{"count":1,"href":"https:\/\/super-news.info\/hu\/wp-json\/wp\/v2\/posts\/7209\/revisions"}],"predecessor-version":[{"id":7210,"href":"https:\/\/super-news.info\/hu\/wp-json\/wp\/v2\/posts\/7209\/revisions\/7210"}],"wp:featuredmedia":[{"embeddable":true,"href":"https:\/\/super-news.info\/hu\/wp-json\/wp\/v2\/media\/5839"}],"wp:attachment":[{"href":"https:\/\/super-news.info\/hu\/wp-json\/wp\/v2\/media?parent=7209"}],"wp:term":[{"taxonomy":"category","embeddable":true,"href":"https:\/\/super-news.info\/hu\/wp-json\/wp\/v2\/categories?post=7209"},{"taxonomy":"post_tag","embeddable":true,"href":"https:\/\/super-news.info\/hu\/wp-json\/wp\/v2\/tags?post=7209"}],"curies":[{"name":"wp","href":"https:\/\/api.w.org\/{rel}","templated":true}]}}