{"id":7200,"date":"2019-08-06T08:32:20","date_gmt":"2019-08-06T05:32:20","guid":{"rendered":"https:\/\/super-news.info\/hu\/kina-leallitotta-az-amerikai-agrartermekek-importjat\/"},"modified":"2019-08-06T08:32:22","modified_gmt":"2019-08-06T05:32:22","slug":"kina-leallitotta-az-amerikai-agrartermekek-importjat","status":"publish","type":"post","link":"https:\/\/super-news.info\/hu\/kina-leallitotta-az-amerikai-agrartermekek-importjat\/","title":{"rendered":"K\u00edna le\u00e1ll\u00edtotta az amerikai agr\u00e1rterm\u00e9kek importj\u00e1t"},"content":{"rendered":"<p> [ad_1]<br \/>\n<\/p>\n<p>\n\t\t\t\t\t\t\t\tK\u00edna a m\u00falt h\u00e9ten bejelentett amerikai p\u00f3tv\u00e1mok miatt d\u00f6nt\u00f6tt az importkorl\u00e1toz\u00e1sr\u00f3l.\t\t\t\t\t\t\t<\/p>\n<div>\n<p>K\u00edna le\u00e1ll\u00edtotta az amerikai agr\u00e1rterm\u00e9kek importj\u00e1t annak nyom\u00e1n, hogy Donald Trump amerikai eln\u00f6k a m\u00falt h\u00e9ten v\u00e1ratlanul \u00fajabb k\u00ednai term\u00e9kekre rendelte el p\u00f3tv\u00e1mok kivet\u00e9s\u00e9t.<\/p>\n<p>A pekingi d\u00f6nt\u00e9shoz\u00f3kat v\u00e1ratlanul \u00e9rte \u00e9s nagyon meglepte, hogy az amerikai eln\u00f6k cs\u00fct\u00f6rt\u00f6k\u00f6n bejelentette, nem el\u00e9gedett az amerikai-k\u00ednai kereskedelmi t\u00e1rgyal\u00e1sok alakul\u00e1s\u00e1val, ez\u00e9rt szeptember 1-t\u0151l 10 sz\u00e1zal\u00e9kos p\u00f3tl\u00f3lagos v\u00e1mot vetnek ki \u00e9vi 300 milli\u00e1rd doll\u00e1r \u00e9rt\u00e9k\u0171 k\u00ednai importcikkre. Ez az Egyes\u00fclt \u00c1llamokba ir\u00e1nyul\u00f3 k\u00ednai term\u00e9kek azon fennmarad\u00f3 r\u00e9sze, amelyeket eddig nem s\u00fajtottak p\u00f3tv\u00e1mmal. A k\u00ednai korm\u00e1ny hat\u00e1rozott v\u00e1laszl\u00e9p\u00e9seket \u00edg\u00e9rt.<\/p>\n<div id=\"attachment_846415\" style=\"width: 1410px\" class=\"wp-caption alignnone\">\n<p class=\"wp-caption-text\">Fot\u00f3: AFP<\/p>\n<\/div>\n<p>A Bloomberg h\u00edr\u00fcgyn\u00f6ks\u00e9g j\u00f3l t\u00e1j\u00e9kozott k\u00ednai forr\u00e1sokra hivatkozva arr\u00f3l sz\u00e1molt be h\u00e9tf\u0151n, hogy a k\u00ednai korm\u00e1ny felsz\u00f3l\u00edtotta az \u00e1llami tulajdon\u00fa v\u00e1llalatokat, f\u00fcggessz\u00e9k fel az amerikai agr\u00e1rterm\u00e9kek v\u00e1s\u00e1rl\u00e1s\u00e1t. Ez meg is t\u00f6rt\u00e9nt, a v\u00e1llalatok kiv\u00e1rnak, a t\u00e1rgyal\u00e1sok alakul\u00e1s\u00e1t\u00f3l f\u00fcgg a k\u00f6vetkez\u0151 l\u00e9p\u00e9s.<\/p>\n<p>A mag\u00e1ntulajdon\u00fa v\u00e1llalatok ugyancsak le\u00e1ll\u00edtott\u00e1k az amerikai sz\u00f3jabab beszerz\u00e9s\u00e9t az amerikai-k\u00ednai kereskedelmi kapcsolatok bizonytalans\u00e1gai miatt, b\u00e1r \u0151k nem kaptak semmilyen t\u00e1j\u00e9koztat\u00e1st a korm\u00e1nyt\u00f3l az esetleges v\u00e1ltoztat\u00e1sokr\u00f3l.<\/p>\n<p>A k\u00ednai v\u00e1llalatok D\u00e9l-Amerika fel\u00e9 fordultak, \u00e9s onnan pr\u00f3b\u00e1lj\u00e1k p\u00f3tolni a kies\u0151 amerikai importot.<\/p>\n<p>Darin Friedrichs, az INTL FCStone New York-i sz\u00e9khely\u0171 p\u00e9nz\u00fcgyi szolg\u00e1ltat\u00e1sokat ny\u00fajt\u00f3 v\u00e1llalat \u00e1zsiai \u00e1rupiacokra szakosodott elemz\u0151je a Bloomberg TV-nek nyilatkozva r\u00e1mutatott, hogy K\u00edna az Egyes\u00fclt \u00c1llamok egyik legnagyobb agr\u00e1rkereskedelmi partnere. Ha le\u00e1ll\u00edtja importj\u00e1t, azt meg\u00e9rzik az amerikai gazd\u00e1k \u00e9s Trump eln\u00f6k vid\u00e9ki szavaz\u00f3i. A megtorl\u00e1snak nyilv\u00e1nval\u00f3 m\u00f3dja az, ha a k\u00ednaiak m\u00e9g a j\u00f6v\u0151 \u00e9vi eln\u00f6kv\u00e1laszt\u00e1s el\u0151tt \u00fctnek vissza.<\/p>\n<p>A k\u00ednai kereskedelmi miniszt\u00e9rium nem v\u00e1laszolt az amerikai agr\u00e1rimport le\u00e1ll\u00edt\u00e1s\u00e1t firtat\u00f3 k\u00e9rd\u00e9sekre.<\/p>\n<p>Hszi Csin-ping k\u00ednai eln\u00f6k azt \u00edg\u00e9rte Donald Trump amerikai eln\u00f6knek a j\u00fanius v\u00e9g\u00e9n Oszak\u00e1ban tartott szem\u00e9lyes tal\u00e1lkoz\u00f3jukon \u2013 amelyen \u00fajra kereskedelmi \u201et\u0171zsz\u00fcnetet\u201d k\u00f6t\u00f6ttek a k\u00e9toldal\u00fa t\u00e1rgyal\u00e1sok idej\u00e9re, \u00e9s amelyet Trump eln\u00f6k \u00e9ppen az \u00fajabb p\u00f3tv\u00e1m bevezet\u00e9s\u00e9vel szegett meg -, hogy K\u00edna nagyobb mennyis\u00e9gben fog mez\u0151gazdas\u00e1gi term\u00e9keket v\u00e1s\u00e1rolni az Egyes\u00fclt \u00c1llamokt\u00f3l. Trump eln\u00f6k azonban az\u00f3ta is arra panaszkodik, hogy a k\u00ednai f\u00e9l nem tartotta be ezt az \u00edg\u00e9ret\u00e9t.<\/p>\n<p>K\u00edna volt az Egyes\u00fclt \u00c1llamok harmadik legnagyobb exportpiaca tavaly. Az \u00e1ruexport \u00e9rt\u00e9ke 120,3 milli\u00e1rd doll\u00e1rt tett ki, 7,4 sz\u00e1zal\u00e9kkal kevesebbet az el\u0151z\u0151 \u00e9vin\u00e9l. Ezen bel\u00fcl az agr\u00e1rterm\u00e9kek \u00e9rt\u00e9ke 9,3 milli\u00e1rd doll\u00e1rra r\u00fagott, amivel K\u00edna a negyedik legnagyobb felvev\u0151 piaca volt az amerikai mez\u0151gazdas\u00e1gi cikkeknek. A legnagyobb \u00e9rt\u00e9kben, 3,1 milli\u00e1rd doll\u00e1r\u00e9rt sz\u00f3jababot import\u00e1ltak K\u00edn\u00e1ba az Egyes\u00fclt \u00c1llamokb\u00f3l.<\/p>\n<\/p><\/div>\n<p><script>\n    window.fbAsyncInit = function() {\n        FB.init({\n            appId      : \"204760236815359\",\n            xfbml      : true,\n            version    : \"v2.12\"\n        });\n        FB.AppEvents.logPageView();\n    };<\/p>\n<p>    (function(d, s, id){\n        var js, fjs = d.getElementsByTagName(s)[0];\n        if (d.getElementById(id)) {return;}\n        js = d.createElement(s); js.id = id;\n        js.src = \"http:\/\/connect.facebook.net\/hu_HU\/sdk.js\";\n        fjs.parentNode.insertBefore(js, fjs);\n    }(document, \"script\", \"facebook-jssdk\"));\n<\/script><br \/>\n<br \/>[ad_2]<br \/>\n<br \/><a href=\"https:\/\/www.vg.hu\/vezeto\/kina-leallitotta-az-amerikai-agrartermekek-importjat-1674208\/\">Source link <\/a><\/p>\n","protected":false},"excerpt":{"rendered":"<p>[ad_1] K\u00edna a m\u00falt h\u00e9ten bejelentett amerikai p\u00f3tv\u00e1mok miatt d\u00f6nt\u00f6tt az importkorl\u00e1toz\u00e1sr\u00f3l. K\u00edna le\u00e1ll\u00edtotta az amerikai agr\u00e1rterm\u00e9kek importj\u00e1t annak nyom\u00e1n, hogy Donald Trump amerikai eln\u00f6k a m\u00falt h\u00e9ten v\u00e1ratlanul \u00fajabb k\u00ednai term\u00e9kekre rendelte el p\u00f3tv\u00e1mok kivet\u00e9s\u00e9t. A pekingi d\u00f6nt\u00e9shoz\u00f3kat v\u00e1ratlanul \u00e9rte \u00e9s nagyon meglepte, hogy az amerikai eln\u00f6k cs\u00fct\u00f6rt\u00f6k\u00f6n bejelentette, nem el\u00e9gedett az amerikai-k\u00ednai kereskedelmi [&hellip;]<\/p>\n","protected":false},"author":2,"featured_media":7201,"comment_status":"open","ping_status":"open","sticky":false,"template":"","format":"standard","meta":{"footnotes":""},"categories":[1],"tags":[],"class_list":["post-7200","post","type-post","status-publish","format-standard","has-post-thumbnail","hentry","category-penzugyi-hirek"],"yoast_head":"<!-- This site is optimized with the Yoast SEO plugin v27.4 - https:\/\/yoast.com\/product\/yoast-seo-wordpress\/ -->\n<title>K\u00edna le\u00e1ll\u00edtotta az amerikai agr\u00e1rterm\u00e9kek importj\u00e1t - Super News<\/title>\n<meta name=\"robots\" content=\"index, follow, max-snippet:-1, max-image-preview:large, max-video-preview:-1\" \/>\n<link rel=\"canonical\" href=\"https:\/\/super-news.info\/hu\/kina-leallitotta-az-amerikai-agrartermekek-importjat\/\" \/>\n<meta property=\"og:locale\" content=\"hu_HU\" \/>\n<meta property=\"og:type\" content=\"article\" \/>\n<meta property=\"og:title\" content=\"K\u00edna le\u00e1ll\u00edtotta az amerikai agr\u00e1rterm\u00e9kek importj\u00e1t - Super News\" \/>\n<meta property=\"og:description\" content=\"[ad_1] K\u00edna a m\u00falt h\u00e9ten bejelentett amerikai p\u00f3tv\u00e1mok miatt d\u00f6nt\u00f6tt az importkorl\u00e1toz\u00e1sr\u00f3l. K\u00edna le\u00e1ll\u00edtotta az amerikai agr\u00e1rterm\u00e9kek importj\u00e1t annak nyom\u00e1n, hogy Donald Trump amerikai eln\u00f6k a m\u00falt h\u00e9ten v\u00e1ratlanul \u00fajabb k\u00ednai term\u00e9kekre rendelte el p\u00f3tv\u00e1mok kivet\u00e9s\u00e9t. A pekingi d\u00f6nt\u00e9shoz\u00f3kat v\u00e1ratlanul \u00e9rte \u00e9s nagyon meglepte, hogy az amerikai eln\u00f6k cs\u00fct\u00f6rt\u00f6k\u00f6n bejelentette, nem el\u00e9gedett az amerikai-k\u00ednai kereskedelmi [&hellip;]\" \/>\n<meta property=\"og:url\" content=\"https:\/\/super-news.info\/hu\/kina-leallitotta-az-amerikai-agrartermekek-importjat\/\" \/>\n<meta property=\"og:site_name\" content=\"Super News\" \/>\n<meta property=\"article:published_time\" content=\"2019-08-06T05:32:20+00:00\" \/>\n<meta property=\"article:modified_time\" content=\"2019-08-06T05:32:22+00:00\" \/>\n<meta property=\"og:image\" content=\"https:\/\/super-news.info\/hu\/wp-content\/uploads\/sites\/3\/2019\/08\/K\u00edna-le\u00e1ll\u00edtotta-az-amerikai-agr\u00e1rterm\u00e9kek-importj\u00e1t.jpg\" \/>\n\t<meta property=\"og:image:width\" content=\"1400\" \/>\n\t<meta property=\"og:image:height\" content=\"806\" \/>\n\t<meta property=\"og:image:type\" content=\"image\/jpeg\" \/>\n<meta name=\"author\" content=\"super-news\" \/>\n<meta name=\"twitter:card\" content=\"summary_large_image\" \/>\n<meta name=\"twitter:label1\" content=\"Szerz\u0151:\" \/>\n\t<meta name=\"twitter:data1\" content=\"super-news\" \/>\n\t<meta name=\"twitter:label2\" content=\"Becs\u00fclt olvas\u00e1si id\u0151\" \/>\n\t<meta name=\"twitter:data2\" content=\"3 perc\" \/>\n<script type=\"application\/ld+json\" class=\"yoast-schema-graph\">{\"@context\":\"https:\\\/\\\/schema.org\",\"@graph\":[{\"@type\":\"Article\",\"@id\":\"https:\\\/\\\/super-news.info\\\/hu\\\/kina-leallitotta-az-amerikai-agrartermekek-importjat\\\/#article\",\"isPartOf\":{\"@id\":\"https:\\\/\\\/super-news.info\\\/hu\\\/kina-leallitotta-az-amerikai-agrartermekek-importjat\\\/\"},\"author\":{\"name\":\"super-news\",\"@id\":\"https:\\\/\\\/super-news.info\\\/hu\\\/#\\\/schema\\\/person\\\/2d4068cb2f39cd10008c2fce578a7356\"},\"headline\":\"K\u00edna le\u00e1ll\u00edtotta az amerikai agr\u00e1rterm\u00e9kek importj\u00e1t\",\"datePublished\":\"2019-08-06T05:32:20+00:00\",\"dateModified\":\"2019-08-06T05:32:22+00:00\",\"mainEntityOfPage\":{\"@id\":\"https:\\\/\\\/super-news.info\\\/hu\\\/kina-leallitotta-az-amerikai-agrartermekek-importjat\\\/\"},\"wordCount\":620,\"commentCount\":0,\"image\":{\"@id\":\"https:\\\/\\\/super-news.info\\\/hu\\\/kina-leallitotta-az-amerikai-agrartermekek-importjat\\\/#primaryimage\"},\"thumbnailUrl\":\"https:\\\/\\\/super-news.info\\\/hu\\\/wp-content\\\/uploads\\\/sites\\\/3\\\/2019\\\/08\\\/K\u00edna-le\u00e1ll\u00edtotta-az-amerikai-agr\u00e1rterm\u00e9kek-importj\u00e1t.jpg\",\"articleSection\":[\"P\u00c9NZ\u00dcGYI H\u00cdREK\"],\"inLanguage\":\"hu\",\"potentialAction\":[{\"@type\":\"CommentAction\",\"name\":\"Comment\",\"target\":[\"https:\\\/\\\/super-news.info\\\/hu\\\/kina-leallitotta-az-amerikai-agrartermekek-importjat\\\/#respond\"]}]},{\"@type\":\"WebPage\",\"@id\":\"https:\\\/\\\/super-news.info\\\/hu\\\/kina-leallitotta-az-amerikai-agrartermekek-importjat\\\/\",\"url\":\"https:\\\/\\\/super-news.info\\\/hu\\\/kina-leallitotta-az-amerikai-agrartermekek-importjat\\\/\",\"name\":\"K\u00edna le\u00e1ll\u00edtotta az amerikai agr\u00e1rterm\u00e9kek importj\u00e1t - Super News\",\"isPartOf\":{\"@id\":\"https:\\\/\\\/super-news.info\\\/hu\\\/#website\"},\"primaryImageOfPage\":{\"@id\":\"https:\\\/\\\/super-news.info\\\/hu\\\/kina-leallitotta-az-amerikai-agrartermekek-importjat\\\/#primaryimage\"},\"image\":{\"@id\":\"https:\\\/\\\/super-news.info\\\/hu\\\/kina-leallitotta-az-amerikai-agrartermekek-importjat\\\/#primaryimage\"},\"thumbnailUrl\":\"https:\\\/\\\/super-news.info\\\/hu\\\/wp-content\\\/uploads\\\/sites\\\/3\\\/2019\\\/08\\\/K\u00edna-le\u00e1ll\u00edtotta-az-amerikai-agr\u00e1rterm\u00e9kek-importj\u00e1t.jpg\",\"datePublished\":\"2019-08-06T05:32:20+00:00\",\"dateModified\":\"2019-08-06T05:32:22+00:00\",\"author\":{\"@id\":\"https:\\\/\\\/super-news.info\\\/hu\\\/#\\\/schema\\\/person\\\/2d4068cb2f39cd10008c2fce578a7356\"},\"breadcrumb\":{\"@id\":\"https:\\\/\\\/super-news.info\\\/hu\\\/kina-leallitotta-az-amerikai-agrartermekek-importjat\\\/#breadcrumb\"},\"inLanguage\":\"hu\",\"potentialAction\":[{\"@type\":\"ReadAction\",\"target\":[\"https:\\\/\\\/super-news.info\\\/hu\\\/kina-leallitotta-az-amerikai-agrartermekek-importjat\\\/\"]}]},{\"@type\":\"ImageObject\",\"inLanguage\":\"hu\",\"@id\":\"https:\\\/\\\/super-news.info\\\/hu\\\/kina-leallitotta-az-amerikai-agrartermekek-importjat\\\/#primaryimage\",\"url\":\"https:\\\/\\\/super-news.info\\\/hu\\\/wp-content\\\/uploads\\\/sites\\\/3\\\/2019\\\/08\\\/K\u00edna-le\u00e1ll\u00edtotta-az-amerikai-agr\u00e1rterm\u00e9kek-importj\u00e1t.jpg\",\"contentUrl\":\"https:\\\/\\\/super-news.info\\\/hu\\\/wp-content\\\/uploads\\\/sites\\\/3\\\/2019\\\/08\\\/K\u00edna-le\u00e1ll\u00edtotta-az-amerikai-agr\u00e1rterm\u00e9kek-importj\u00e1t.jpg\",\"width\":1400,\"height\":806,\"caption\":\"K\u00edna le\u00e1ll\u00edtotta az amerikai agr\u00e1rterm\u00e9kek importj\u00e1t\"},{\"@type\":\"BreadcrumbList\",\"@id\":\"https:\\\/\\\/super-news.info\\\/hu\\\/kina-leallitotta-az-amerikai-agrartermekek-importjat\\\/#breadcrumb\",\"itemListElement\":[{\"@type\":\"ListItem\",\"position\":1,\"name\":\"\u0413\u043b\u0430\u0432\u043d\u0430\u044f \u0441\u0442\u0440\u0430\u043d\u0438\u0446\u0430\",\"item\":\"https:\\\/\\\/super-news.info\\\/hu\\\/\"},{\"@type\":\"ListItem\",\"position\":2,\"name\":\"K\u00edna le\u00e1ll\u00edtotta az amerikai agr\u00e1rterm\u00e9kek importj\u00e1t\"}]},{\"@type\":\"WebSite\",\"@id\":\"https:\\\/\\\/super-news.info\\\/hu\\\/#website\",\"url\":\"https:\\\/\\\/super-news.info\\\/hu\\\/\",\"name\":\"Super News\",\"description\":\"Super News Magyarorsz\u00e1g\",\"potentialAction\":[{\"@type\":\"SearchAction\",\"target\":{\"@type\":\"EntryPoint\",\"urlTemplate\":\"https:\\\/\\\/super-news.info\\\/hu\\\/?s={search_term_string}\"},\"query-input\":{\"@type\":\"PropertyValueSpecification\",\"valueRequired\":true,\"valueName\":\"search_term_string\"}}],\"inLanguage\":\"hu\"},{\"@type\":\"Person\",\"@id\":\"https:\\\/\\\/super-news.info\\\/hu\\\/#\\\/schema\\\/person\\\/2d4068cb2f39cd10008c2fce578a7356\",\"name\":\"super-news\",\"image\":{\"@type\":\"ImageObject\",\"inLanguage\":\"hu\",\"@id\":\"https:\\\/\\\/secure.gravatar.com\\\/avatar\\\/64ebac40b93f26a154f8a9b5b6fdccfc46f442b26b3dd6756dbff3bf9dc76fd7?s=96&d=mm&r=g\",\"url\":\"https:\\\/\\\/secure.gravatar.com\\\/avatar\\\/64ebac40b93f26a154f8a9b5b6fdccfc46f442b26b3dd6756dbff3bf9dc76fd7?s=96&d=mm&r=g\",\"contentUrl\":\"https:\\\/\\\/secure.gravatar.com\\\/avatar\\\/64ebac40b93f26a154f8a9b5b6fdccfc46f442b26b3dd6756dbff3bf9dc76fd7?s=96&d=mm&r=g\",\"caption\":\"super-news\"},\"url\":\"https:\\\/\\\/super-news.info\\\/hu\\\/author\\\/pt\\\/\"}]}<\/script>\n<!-- \/ Yoast SEO plugin. -->","yoast_head_json":{"title":"K\u00edna le\u00e1ll\u00edtotta az amerikai agr\u00e1rterm\u00e9kek importj\u00e1t - Super News","robots":{"index":"index","follow":"follow","max-snippet":"max-snippet:-1","max-image-preview":"max-image-preview:large","max-video-preview":"max-video-preview:-1"},"canonical":"https:\/\/super-news.info\/hu\/kina-leallitotta-az-amerikai-agrartermekek-importjat\/","og_locale":"hu_HU","og_type":"article","og_title":"K\u00edna le\u00e1ll\u00edtotta az amerikai agr\u00e1rterm\u00e9kek importj\u00e1t - Super News","og_description":"[ad_1] K\u00edna a m\u00falt h\u00e9ten bejelentett amerikai p\u00f3tv\u00e1mok miatt d\u00f6nt\u00f6tt az importkorl\u00e1toz\u00e1sr\u00f3l. K\u00edna le\u00e1ll\u00edtotta az amerikai agr\u00e1rterm\u00e9kek importj\u00e1t annak nyom\u00e1n, hogy Donald Trump amerikai eln\u00f6k a m\u00falt h\u00e9ten v\u00e1ratlanul \u00fajabb k\u00ednai term\u00e9kekre rendelte el p\u00f3tv\u00e1mok kivet\u00e9s\u00e9t. A pekingi d\u00f6nt\u00e9shoz\u00f3kat v\u00e1ratlanul \u00e9rte \u00e9s nagyon meglepte, hogy az amerikai eln\u00f6k cs\u00fct\u00f6rt\u00f6k\u00f6n bejelentette, nem el\u00e9gedett az amerikai-k\u00ednai kereskedelmi [&hellip;]","og_url":"https:\/\/super-news.info\/hu\/kina-leallitotta-az-amerikai-agrartermekek-importjat\/","og_site_name":"Super News","article_published_time":"2019-08-06T05:32:20+00:00","article_modified_time":"2019-08-06T05:32:22+00:00","og_image":[{"width":1400,"height":806,"url":"https:\/\/super-news.info\/hu\/wp-content\/uploads\/sites\/3\/2019\/08\/K\u00edna-le\u00e1ll\u00edtotta-az-amerikai-agr\u00e1rterm\u00e9kek-importj\u00e1t.jpg","type":"image\/jpeg"}],"author":"super-news","twitter_card":"summary_large_image","twitter_misc":{"Szerz\u0151:":"super-news","Becs\u00fclt olvas\u00e1si id\u0151":"3 perc"},"schema":{"@context":"https:\/\/schema.org","@graph":[{"@type":"Article","@id":"https:\/\/super-news.info\/hu\/kina-leallitotta-az-amerikai-agrartermekek-importjat\/#article","isPartOf":{"@id":"https:\/\/super-news.info\/hu\/kina-leallitotta-az-amerikai-agrartermekek-importjat\/"},"author":{"name":"super-news","@id":"https:\/\/super-news.info\/hu\/#\/schema\/person\/2d4068cb2f39cd10008c2fce578a7356"},"headline":"K\u00edna le\u00e1ll\u00edtotta az amerikai agr\u00e1rterm\u00e9kek importj\u00e1t","datePublished":"2019-08-06T05:32:20+00:00","dateModified":"2019-08-06T05:32:22+00:00","mainEntityOfPage":{"@id":"https:\/\/super-news.info\/hu\/kina-leallitotta-az-amerikai-agrartermekek-importjat\/"},"wordCount":620,"commentCount":0,"image":{"@id":"https:\/\/super-news.info\/hu\/kina-leallitotta-az-amerikai-agrartermekek-importjat\/#primaryimage"},"thumbnailUrl":"https:\/\/super-news.info\/hu\/wp-content\/uploads\/sites\/3\/2019\/08\/K\u00edna-le\u00e1ll\u00edtotta-az-amerikai-agr\u00e1rterm\u00e9kek-importj\u00e1t.jpg","articleSection":["P\u00c9NZ\u00dcGYI H\u00cdREK"],"inLanguage":"hu","potentialAction":[{"@type":"CommentAction","name":"Comment","target":["https:\/\/super-news.info\/hu\/kina-leallitotta-az-amerikai-agrartermekek-importjat\/#respond"]}]},{"@type":"WebPage","@id":"https:\/\/super-news.info\/hu\/kina-leallitotta-az-amerikai-agrartermekek-importjat\/","url":"https:\/\/super-news.info\/hu\/kina-leallitotta-az-amerikai-agrartermekek-importjat\/","name":"K\u00edna le\u00e1ll\u00edtotta az amerikai agr\u00e1rterm\u00e9kek importj\u00e1t - Super News","isPartOf":{"@id":"https:\/\/super-news.info\/hu\/#website"},"primaryImageOfPage":{"@id":"https:\/\/super-news.info\/hu\/kina-leallitotta-az-amerikai-agrartermekek-importjat\/#primaryimage"},"image":{"@id":"https:\/\/super-news.info\/hu\/kina-leallitotta-az-amerikai-agrartermekek-importjat\/#primaryimage"},"thumbnailUrl":"https:\/\/super-news.info\/hu\/wp-content\/uploads\/sites\/3\/2019\/08\/K\u00edna-le\u00e1ll\u00edtotta-az-amerikai-agr\u00e1rterm\u00e9kek-importj\u00e1t.jpg","datePublished":"2019-08-06T05:32:20+00:00","dateModified":"2019-08-06T05:32:22+00:00","author":{"@id":"https:\/\/super-news.info\/hu\/#\/schema\/person\/2d4068cb2f39cd10008c2fce578a7356"},"breadcrumb":{"@id":"https:\/\/super-news.info\/hu\/kina-leallitotta-az-amerikai-agrartermekek-importjat\/#breadcrumb"},"inLanguage":"hu","potentialAction":[{"@type":"ReadAction","target":["https:\/\/super-news.info\/hu\/kina-leallitotta-az-amerikai-agrartermekek-importjat\/"]}]},{"@type":"ImageObject","inLanguage":"hu","@id":"https:\/\/super-news.info\/hu\/kina-leallitotta-az-amerikai-agrartermekek-importjat\/#primaryimage","url":"https:\/\/super-news.info\/hu\/wp-content\/uploads\/sites\/3\/2019\/08\/K\u00edna-le\u00e1ll\u00edtotta-az-amerikai-agr\u00e1rterm\u00e9kek-importj\u00e1t.jpg","contentUrl":"https:\/\/super-news.info\/hu\/wp-content\/uploads\/sites\/3\/2019\/08\/K\u00edna-le\u00e1ll\u00edtotta-az-amerikai-agr\u00e1rterm\u00e9kek-importj\u00e1t.jpg","width":1400,"height":806,"caption":"K\u00edna le\u00e1ll\u00edtotta az amerikai agr\u00e1rterm\u00e9kek importj\u00e1t"},{"@type":"BreadcrumbList","@id":"https:\/\/super-news.info\/hu\/kina-leallitotta-az-amerikai-agrartermekek-importjat\/#breadcrumb","itemListElement":[{"@type":"ListItem","position":1,"name":"\u0413\u043b\u0430\u0432\u043d\u0430\u044f \u0441\u0442\u0440\u0430\u043d\u0438\u0446\u0430","item":"https:\/\/super-news.info\/hu\/"},{"@type":"ListItem","position":2,"name":"K\u00edna le\u00e1ll\u00edtotta az amerikai agr\u00e1rterm\u00e9kek importj\u00e1t"}]},{"@type":"WebSite","@id":"https:\/\/super-news.info\/hu\/#website","url":"https:\/\/super-news.info\/hu\/","name":"Super News","description":"Super News Magyarorsz\u00e1g","potentialAction":[{"@type":"SearchAction","target":{"@type":"EntryPoint","urlTemplate":"https:\/\/super-news.info\/hu\/?s={search_term_string}"},"query-input":{"@type":"PropertyValueSpecification","valueRequired":true,"valueName":"search_term_string"}}],"inLanguage":"hu"},{"@type":"Person","@id":"https:\/\/super-news.info\/hu\/#\/schema\/person\/2d4068cb2f39cd10008c2fce578a7356","name":"super-news","image":{"@type":"ImageObject","inLanguage":"hu","@id":"https:\/\/secure.gravatar.com\/avatar\/64ebac40b93f26a154f8a9b5b6fdccfc46f442b26b3dd6756dbff3bf9dc76fd7?s=96&d=mm&r=g","url":"https:\/\/secure.gravatar.com\/avatar\/64ebac40b93f26a154f8a9b5b6fdccfc46f442b26b3dd6756dbff3bf9dc76fd7?s=96&d=mm&r=g","contentUrl":"https:\/\/secure.gravatar.com\/avatar\/64ebac40b93f26a154f8a9b5b6fdccfc46f442b26b3dd6756dbff3bf9dc76fd7?s=96&d=mm&r=g","caption":"super-news"},"url":"https:\/\/super-news.info\/hu\/author\/pt\/"}]}},"_links":{"self":[{"href":"https:\/\/super-news.info\/hu\/wp-json\/wp\/v2\/posts\/7200","targetHints":{"allow":["GET"]}}],"collection":[{"href":"https:\/\/super-news.info\/hu\/wp-json\/wp\/v2\/posts"}],"about":[{"href":"https:\/\/super-news.info\/hu\/wp-json\/wp\/v2\/types\/post"}],"author":[{"embeddable":true,"href":"https:\/\/super-news.info\/hu\/wp-json\/wp\/v2\/users\/2"}],"replies":[{"embeddable":true,"href":"https:\/\/super-news.info\/hu\/wp-json\/wp\/v2\/comments?post=7200"}],"version-history":[{"count":1,"href":"https:\/\/super-news.info\/hu\/wp-json\/wp\/v2\/posts\/7200\/revisions"}],"predecessor-version":[{"id":7202,"href":"https:\/\/super-news.info\/hu\/wp-json\/wp\/v2\/posts\/7200\/revisions\/7202"}],"wp:featuredmedia":[{"embeddable":true,"href":"https:\/\/super-news.info\/hu\/wp-json\/wp\/v2\/media\/7201"}],"wp:attachment":[{"href":"https:\/\/super-news.info\/hu\/wp-json\/wp\/v2\/media?parent=7200"}],"wp:term":[{"taxonomy":"category","embeddable":true,"href":"https:\/\/super-news.info\/hu\/wp-json\/wp\/v2\/categories?post=7200"},{"taxonomy":"post_tag","embeddable":true,"href":"https:\/\/super-news.info\/hu\/wp-json\/wp\/v2\/tags?post=7200"}],"curies":[{"name":"wp","href":"https:\/\/api.w.org\/{rel}","templated":true}]}}