{"id":7197,"date":"2019-08-06T07:38:48","date_gmt":"2019-08-06T04:38:48","guid":{"rendered":"https:\/\/super-news.info\/hu\/a-csipszado-miatt-dragult-durvan-a-ketdekas\/"},"modified":"2019-08-06T07:38:49","modified_gmt":"2019-08-06T04:38:49","slug":"a-csipszado-miatt-dragult-durvan-a-ketdekas","status":"publish","type":"post","link":"https:\/\/super-news.info\/hu\/a-csipszado-miatt-dragult-durvan-a-ketdekas\/","title":{"rendered":"A csipszad\u00f3 miatt dr\u00e1gult durv\u00e1n a k\u00e9tdek\u00e1s"},"content":{"rendered":"<p> [ad_1]<br \/>\n<\/p>\n<p>\n\t\t\t\t\t\t\t\tHi\u00e1ba emelkedett a magyar konyha egyik alapj\u00e1t ad\u00f3 v\u00f6r\u00f6shagyma \u00e1ra t\u00f6bb mint dupl\u00e1j\u00e1ra, a fogyaszt\u00f3i kos\u00e1rnak annyira kis szelet\u00e9t adja, hogy nincs \u00e9rdemi hat\u00e1sa az \u00e1rindexre. Ellenben a g\u00e1zd\u00edj \u00e9s a munkaer\u0151k\u00f6lts\u00e9g emelked\u00e9se megdobta a p\u00e9k\u00e1ruk \u00e1r\u00e1t.\t\t\t\t\t\t\t<\/p>\n<div>\n<p>A legt\u00f6bbsz\u00f6r f\u00e9l- vagy k\u00e9t\u00adde\u00adcis \u00fcvegben, \u201ek\u00e9tdek\u00e1sban\u201d k\u00edn\u00e1lt \u00edzes\u00edtett szeszes italok 11,6 sz\u00e1zal\u00e9kos \u00e1remelked\u00e9se els\u0151sorban a n\u00e9peg\u00e9szs\u00e9g\u00fcgyi term\u00e9kd\u00edj (csipszad\u00f3) miatt lehetett jelent\u0151s m\u00e9rt\u00e9k\u0171 az idei els\u0151 f\u00e9l \u00e9vben 2018 els\u0151 fel\u00e9hez viszony\u00edtva, de a j\u00f6ved\u00e9ki ad\u00f3 emelked\u00e9s\u00e9nek most nem volt \u00e9rdemi szerepe ezen term\u00e9kek dr\u00e1gul\u00e1s\u00e1ban \u2013 mondta a Vil\u00e1ggazdas\u00e1g k\u00e9rd\u00e9s\u00e9re Virov\u00e1cz P\u00e9ter, az ING Bank vezet\u0151 elemz\u0151je.<\/p>\n<p>Az idei els\u0151 f\u00e9l \u00e9vben a K\u00f6zponti Statisztikai Hivatal adatai szerint 110,5 sz\u00e1zal\u00e9kkal volt dr\u00e1g\u00e1bb a v\u00f6r\u00f6shagyma, mint 2018 azonos id\u0151szak\u00e1ban.<\/p>\n<p>A fejes k\u00e1poszta \u00e9s a k\u00e9s\u0151i burgonya \u00e1ra is jelent\u0151sen megugrott, az el\u0151bbi\u00e9rt 83,5, az ut\u00f3bbi\u00e9rt 72,6 sz\u00e1zal\u00e9kkal kellett t\u00f6bbet adni, mint egy \u00e9vvel kor\u00e1bban. Ugyan fogyaszt\u00f3i \u00e1rakr\u00f3l besz\u00e9l\u00fcnk, azonban az \u00e9rt\u00e9kl\u00e1ncok itt is j\u00f3l kirajzol\u00f3dnak.<\/p>\n<div id=\"attachment_1673917\" style=\"width: 1410px\" class=\"wp-caption aligncenter\">\n<p class=\"wp-caption-text\">Fot\u00f3: MTI Fot\u00f3: Krizs\u00e1n Csaba<\/p>\n<\/div>\n<p>A finomliszt 11,4 sz\u00e1zal\u00e9kos dr\u00e1gul\u00e1sa a f\u00e9lbarna keny\u00e9r 11,7 sz\u00e1zal\u00e9kos \u00e9s a zsemle 11,1 sz\u00e1zal\u00e9kos \u00e1remelked\u00e9s\u00e9vel p\u00e1rosult, a feh\u00e9r keny\u00e9r\u00e9rt mind\u00f6ssze 4,8 sz\u00e1zal\u00e9kkal kell t\u00f6bbet fizetni, mint 2018 els\u0151 fel\u00e9ben. A mez\u0151gazdas\u00e1gi term\u00e9kek \u00e1r\u00e1t els\u0151sorban az id\u0151j\u00e1r\u00e1s hat\u00e1rozza meg, de az eur\u00f3pai k\u00f6t\u0151d\u00e9sek \u00e9s importok miatt a nemzetk\u00f6zi \u00e1rak is hat\u00e1ssal lehetnek a magyar boltok polcain felt\u0171n\u0151 \u00e1rc\u00e9dul\u00e1kra \u2013 magyar\u00e1zta Virov\u00e1cz P\u00e9ter.<\/p>\n<p style=\"text-align: right;\"><em>A teljes cikk a keddi Vil\u00e1ggazdas\u00e1gban olvashat\u00f3<\/em><\/p>\n<\/p><\/div>\n<p><script>\n    window.fbAsyncInit = function() {\n        FB.init({\n            appId      : \"204760236815359\",\n            xfbml      : true,\n            version    : \"v2.12\"\n        });\n        FB.AppEvents.logPageView();\n    };<\/p>\n<p>    (function(d, s, id){\n        var js, fjs = d.getElementsByTagName(s)[0];\n        if (d.getElementById(id)) {return;}\n        js = d.createElement(s); js.id = id;\n        js.src = \"http:\/\/connect.facebook.net\/hu_HU\/sdk.js\";\n        fjs.parentNode.insertBefore(js, fjs);\n    }(document, \"script\", \"facebook-jssdk\"));\n<\/script><br \/>\n<br \/>[ad_2]<br \/>\n<br \/><a href=\"https:\/\/www.vg.hu\/gazdasag\/gazdasagi-hirek\/a-csipszado-miatt-dragult-durvan-a-ketdekas-2-1673971\/\">Source link <\/a><\/p>\n","protected":false},"excerpt":{"rendered":"<p>[ad_1] Hi\u00e1ba emelkedett a magyar konyha egyik alapj\u00e1t ad\u00f3 v\u00f6r\u00f6shagyma \u00e1ra t\u00f6bb mint dupl\u00e1j\u00e1ra, a fogyaszt\u00f3i kos\u00e1rnak annyira kis szelet\u00e9t adja, hogy nincs \u00e9rdemi hat\u00e1sa az \u00e1rindexre. Ellenben a g\u00e1zd\u00edj \u00e9s a munkaer\u0151k\u00f6lts\u00e9g emelked\u00e9se megdobta a p\u00e9k\u00e1ruk \u00e1r\u00e1t. A legt\u00f6bbsz\u00f6r f\u00e9l- vagy k\u00e9t\u00adde\u00adcis \u00fcvegben, \u201ek\u00e9tdek\u00e1sban\u201d k\u00edn\u00e1lt \u00edzes\u00edtett szeszes italok 11,6 sz\u00e1zal\u00e9kos \u00e1remelked\u00e9se els\u0151sorban a n\u00e9peg\u00e9szs\u00e9g\u00fcgyi [&hellip;]<\/p>\n","protected":false},"author":2,"featured_media":7198,"comment_status":"open","ping_status":"open","sticky":false,"template":"","format":"standard","meta":{"footnotes":""},"categories":[1],"tags":[],"class_list":["post-7197","post","type-post","status-publish","format-standard","has-post-thumbnail","hentry","category-penzugyi-hirek"],"yoast_head":"<!-- This site is optimized with the Yoast SEO plugin v27.4 - https:\/\/yoast.com\/product\/yoast-seo-wordpress\/ -->\n<title>A csipszad\u00f3 miatt dr\u00e1gult durv\u00e1n a k\u00e9tdek\u00e1s - Super News<\/title>\n<meta name=\"robots\" content=\"index, follow, max-snippet:-1, max-image-preview:large, max-video-preview:-1\" \/>\n<link rel=\"canonical\" href=\"https:\/\/super-news.info\/hu\/a-csipszado-miatt-dragult-durvan-a-ketdekas\/\" \/>\n<meta property=\"og:locale\" content=\"hu_HU\" \/>\n<meta property=\"og:type\" content=\"article\" \/>\n<meta property=\"og:title\" content=\"A csipszad\u00f3 miatt dr\u00e1gult durv\u00e1n a k\u00e9tdek\u00e1s - Super News\" \/>\n<meta property=\"og:description\" content=\"[ad_1] Hi\u00e1ba emelkedett a magyar konyha egyik alapj\u00e1t ad\u00f3 v\u00f6r\u00f6shagyma \u00e1ra t\u00f6bb mint dupl\u00e1j\u00e1ra, a fogyaszt\u00f3i kos\u00e1rnak annyira kis szelet\u00e9t adja, hogy nincs \u00e9rdemi hat\u00e1sa az \u00e1rindexre. Ellenben a g\u00e1zd\u00edj \u00e9s a munkaer\u0151k\u00f6lts\u00e9g emelked\u00e9se megdobta a p\u00e9k\u00e1ruk \u00e1r\u00e1t. A legt\u00f6bbsz\u00f6r f\u00e9l- vagy k\u00e9t\u00adde\u00adcis \u00fcvegben, \u201ek\u00e9tdek\u00e1sban\u201d k\u00edn\u00e1lt \u00edzes\u00edtett szeszes italok 11,6 sz\u00e1zal\u00e9kos \u00e1remelked\u00e9se els\u0151sorban a n\u00e9peg\u00e9szs\u00e9g\u00fcgyi [&hellip;]\" \/>\n<meta property=\"og:url\" content=\"https:\/\/super-news.info\/hu\/a-csipszado-miatt-dragult-durvan-a-ketdekas\/\" \/>\n<meta property=\"og:site_name\" content=\"Super News\" \/>\n<meta property=\"article:published_time\" content=\"2019-08-06T04:38:48+00:00\" \/>\n<meta property=\"article:modified_time\" content=\"2019-08-06T04:38:49+00:00\" \/>\n<meta property=\"og:image\" content=\"https:\/\/super-news.info\/hu\/wp-content\/uploads\/sites\/3\/2019\/08\/A-csipszad\u00f3-miatt-dr\u00e1gult-durv\u00e1n-a-k\u00e9tdek\u00e1s.jpg\" \/>\n\t<meta property=\"og:image:width\" content=\"1400\" \/>\n\t<meta property=\"og:image:height\" content=\"787\" \/>\n\t<meta property=\"og:image:type\" content=\"image\/jpeg\" \/>\n<meta name=\"author\" content=\"super-news\" \/>\n<meta name=\"twitter:card\" content=\"summary_large_image\" \/>\n<meta name=\"twitter:label1\" content=\"Szerz\u0151:\" \/>\n\t<meta name=\"twitter:data1\" content=\"super-news\" \/>\n\t<meta name=\"twitter:label2\" content=\"Becs\u00fclt olvas\u00e1si id\u0151\" \/>\n\t<meta name=\"twitter:data2\" content=\"2 perc\" \/>\n<script type=\"application\/ld+json\" class=\"yoast-schema-graph\">{\"@context\":\"https:\\\/\\\/schema.org\",\"@graph\":[{\"@type\":\"Article\",\"@id\":\"https:\\\/\\\/super-news.info\\\/hu\\\/a-csipszado-miatt-dragult-durvan-a-ketdekas\\\/#article\",\"isPartOf\":{\"@id\":\"https:\\\/\\\/super-news.info\\\/hu\\\/a-csipszado-miatt-dragult-durvan-a-ketdekas\\\/\"},\"author\":{\"name\":\"super-news\",\"@id\":\"https:\\\/\\\/super-news.info\\\/hu\\\/#\\\/schema\\\/person\\\/2d4068cb2f39cd10008c2fce578a7356\"},\"headline\":\"A csipszad\u00f3 miatt dr\u00e1gult durv\u00e1n a k\u00e9tdek\u00e1s\",\"datePublished\":\"2019-08-06T04:38:48+00:00\",\"dateModified\":\"2019-08-06T04:38:49+00:00\",\"mainEntityOfPage\":{\"@id\":\"https:\\\/\\\/super-news.info\\\/hu\\\/a-csipszado-miatt-dragult-durvan-a-ketdekas\\\/\"},\"wordCount\":365,\"commentCount\":0,\"image\":{\"@id\":\"https:\\\/\\\/super-news.info\\\/hu\\\/a-csipszado-miatt-dragult-durvan-a-ketdekas\\\/#primaryimage\"},\"thumbnailUrl\":\"https:\\\/\\\/super-news.info\\\/hu\\\/wp-content\\\/uploads\\\/sites\\\/3\\\/2019\\\/08\\\/A-csipszad\u00f3-miatt-dr\u00e1gult-durv\u00e1n-a-k\u00e9tdek\u00e1s.jpg\",\"articleSection\":[\"P\u00c9NZ\u00dcGYI H\u00cdREK\"],\"inLanguage\":\"hu\",\"potentialAction\":[{\"@type\":\"CommentAction\",\"name\":\"Comment\",\"target\":[\"https:\\\/\\\/super-news.info\\\/hu\\\/a-csipszado-miatt-dragult-durvan-a-ketdekas\\\/#respond\"]}]},{\"@type\":\"WebPage\",\"@id\":\"https:\\\/\\\/super-news.info\\\/hu\\\/a-csipszado-miatt-dragult-durvan-a-ketdekas\\\/\",\"url\":\"https:\\\/\\\/super-news.info\\\/hu\\\/a-csipszado-miatt-dragult-durvan-a-ketdekas\\\/\",\"name\":\"A csipszad\u00f3 miatt dr\u00e1gult durv\u00e1n a k\u00e9tdek\u00e1s - Super News\",\"isPartOf\":{\"@id\":\"https:\\\/\\\/super-news.info\\\/hu\\\/#website\"},\"primaryImageOfPage\":{\"@id\":\"https:\\\/\\\/super-news.info\\\/hu\\\/a-csipszado-miatt-dragult-durvan-a-ketdekas\\\/#primaryimage\"},\"image\":{\"@id\":\"https:\\\/\\\/super-news.info\\\/hu\\\/a-csipszado-miatt-dragult-durvan-a-ketdekas\\\/#primaryimage\"},\"thumbnailUrl\":\"https:\\\/\\\/super-news.info\\\/hu\\\/wp-content\\\/uploads\\\/sites\\\/3\\\/2019\\\/08\\\/A-csipszad\u00f3-miatt-dr\u00e1gult-durv\u00e1n-a-k\u00e9tdek\u00e1s.jpg\",\"datePublished\":\"2019-08-06T04:38:48+00:00\",\"dateModified\":\"2019-08-06T04:38:49+00:00\",\"author\":{\"@id\":\"https:\\\/\\\/super-news.info\\\/hu\\\/#\\\/schema\\\/person\\\/2d4068cb2f39cd10008c2fce578a7356\"},\"breadcrumb\":{\"@id\":\"https:\\\/\\\/super-news.info\\\/hu\\\/a-csipszado-miatt-dragult-durvan-a-ketdekas\\\/#breadcrumb\"},\"inLanguage\":\"hu\",\"potentialAction\":[{\"@type\":\"ReadAction\",\"target\":[\"https:\\\/\\\/super-news.info\\\/hu\\\/a-csipszado-miatt-dragult-durvan-a-ketdekas\\\/\"]}]},{\"@type\":\"ImageObject\",\"inLanguage\":\"hu\",\"@id\":\"https:\\\/\\\/super-news.info\\\/hu\\\/a-csipszado-miatt-dragult-durvan-a-ketdekas\\\/#primaryimage\",\"url\":\"https:\\\/\\\/super-news.info\\\/hu\\\/wp-content\\\/uploads\\\/sites\\\/3\\\/2019\\\/08\\\/A-csipszad\u00f3-miatt-dr\u00e1gult-durv\u00e1n-a-k\u00e9tdek\u00e1s.jpg\",\"contentUrl\":\"https:\\\/\\\/super-news.info\\\/hu\\\/wp-content\\\/uploads\\\/sites\\\/3\\\/2019\\\/08\\\/A-csipszad\u00f3-miatt-dr\u00e1gult-durv\u00e1n-a-k\u00e9tdek\u00e1s.jpg\",\"width\":1400,\"height\":787,\"caption\":\"A csipszad\u00f3 miatt dr\u00e1gult durv\u00e1n a k\u00e9tdek\u00e1s\"},{\"@type\":\"BreadcrumbList\",\"@id\":\"https:\\\/\\\/super-news.info\\\/hu\\\/a-csipszado-miatt-dragult-durvan-a-ketdekas\\\/#breadcrumb\",\"itemListElement\":[{\"@type\":\"ListItem\",\"position\":1,\"name\":\"\u0413\u043b\u0430\u0432\u043d\u0430\u044f \u0441\u0442\u0440\u0430\u043d\u0438\u0446\u0430\",\"item\":\"https:\\\/\\\/super-news.info\\\/hu\\\/\"},{\"@type\":\"ListItem\",\"position\":2,\"name\":\"A csipszad\u00f3 miatt dr\u00e1gult durv\u00e1n a k\u00e9tdek\u00e1s\"}]},{\"@type\":\"WebSite\",\"@id\":\"https:\\\/\\\/super-news.info\\\/hu\\\/#website\",\"url\":\"https:\\\/\\\/super-news.info\\\/hu\\\/\",\"name\":\"Super News\",\"description\":\"Super News Magyarorsz\u00e1g\",\"potentialAction\":[{\"@type\":\"SearchAction\",\"target\":{\"@type\":\"EntryPoint\",\"urlTemplate\":\"https:\\\/\\\/super-news.info\\\/hu\\\/?s={search_term_string}\"},\"query-input\":{\"@type\":\"PropertyValueSpecification\",\"valueRequired\":true,\"valueName\":\"search_term_string\"}}],\"inLanguage\":\"hu\"},{\"@type\":\"Person\",\"@id\":\"https:\\\/\\\/super-news.info\\\/hu\\\/#\\\/schema\\\/person\\\/2d4068cb2f39cd10008c2fce578a7356\",\"name\":\"super-news\",\"image\":{\"@type\":\"ImageObject\",\"inLanguage\":\"hu\",\"@id\":\"https:\\\/\\\/secure.gravatar.com\\\/avatar\\\/64ebac40b93f26a154f8a9b5b6fdccfc46f442b26b3dd6756dbff3bf9dc76fd7?s=96&d=mm&r=g\",\"url\":\"https:\\\/\\\/secure.gravatar.com\\\/avatar\\\/64ebac40b93f26a154f8a9b5b6fdccfc46f442b26b3dd6756dbff3bf9dc76fd7?s=96&d=mm&r=g\",\"contentUrl\":\"https:\\\/\\\/secure.gravatar.com\\\/avatar\\\/64ebac40b93f26a154f8a9b5b6fdccfc46f442b26b3dd6756dbff3bf9dc76fd7?s=96&d=mm&r=g\",\"caption\":\"super-news\"},\"url\":\"https:\\\/\\\/super-news.info\\\/hu\\\/author\\\/pt\\\/\"}]}<\/script>\n<!-- \/ Yoast SEO plugin. -->","yoast_head_json":{"title":"A csipszad\u00f3 miatt dr\u00e1gult durv\u00e1n a k\u00e9tdek\u00e1s - Super News","robots":{"index":"index","follow":"follow","max-snippet":"max-snippet:-1","max-image-preview":"max-image-preview:large","max-video-preview":"max-video-preview:-1"},"canonical":"https:\/\/super-news.info\/hu\/a-csipszado-miatt-dragult-durvan-a-ketdekas\/","og_locale":"hu_HU","og_type":"article","og_title":"A csipszad\u00f3 miatt dr\u00e1gult durv\u00e1n a k\u00e9tdek\u00e1s - Super News","og_description":"[ad_1] Hi\u00e1ba emelkedett a magyar konyha egyik alapj\u00e1t ad\u00f3 v\u00f6r\u00f6shagyma \u00e1ra t\u00f6bb mint dupl\u00e1j\u00e1ra, a fogyaszt\u00f3i kos\u00e1rnak annyira kis szelet\u00e9t adja, hogy nincs \u00e9rdemi hat\u00e1sa az \u00e1rindexre. Ellenben a g\u00e1zd\u00edj \u00e9s a munkaer\u0151k\u00f6lts\u00e9g emelked\u00e9se megdobta a p\u00e9k\u00e1ruk \u00e1r\u00e1t. A legt\u00f6bbsz\u00f6r f\u00e9l- vagy k\u00e9t\u00adde\u00adcis \u00fcvegben, \u201ek\u00e9tdek\u00e1sban\u201d k\u00edn\u00e1lt \u00edzes\u00edtett szeszes italok 11,6 sz\u00e1zal\u00e9kos \u00e1remelked\u00e9se els\u0151sorban a n\u00e9peg\u00e9szs\u00e9g\u00fcgyi [&hellip;]","og_url":"https:\/\/super-news.info\/hu\/a-csipszado-miatt-dragult-durvan-a-ketdekas\/","og_site_name":"Super News","article_published_time":"2019-08-06T04:38:48+00:00","article_modified_time":"2019-08-06T04:38:49+00:00","og_image":[{"width":1400,"height":787,"url":"https:\/\/super-news.info\/hu\/wp-content\/uploads\/sites\/3\/2019\/08\/A-csipszad\u00f3-miatt-dr\u00e1gult-durv\u00e1n-a-k\u00e9tdek\u00e1s.jpg","type":"image\/jpeg"}],"author":"super-news","twitter_card":"summary_large_image","twitter_misc":{"Szerz\u0151:":"super-news","Becs\u00fclt olvas\u00e1si id\u0151":"2 perc"},"schema":{"@context":"https:\/\/schema.org","@graph":[{"@type":"Article","@id":"https:\/\/super-news.info\/hu\/a-csipszado-miatt-dragult-durvan-a-ketdekas\/#article","isPartOf":{"@id":"https:\/\/super-news.info\/hu\/a-csipszado-miatt-dragult-durvan-a-ketdekas\/"},"author":{"name":"super-news","@id":"https:\/\/super-news.info\/hu\/#\/schema\/person\/2d4068cb2f39cd10008c2fce578a7356"},"headline":"A csipszad\u00f3 miatt dr\u00e1gult durv\u00e1n a k\u00e9tdek\u00e1s","datePublished":"2019-08-06T04:38:48+00:00","dateModified":"2019-08-06T04:38:49+00:00","mainEntityOfPage":{"@id":"https:\/\/super-news.info\/hu\/a-csipszado-miatt-dragult-durvan-a-ketdekas\/"},"wordCount":365,"commentCount":0,"image":{"@id":"https:\/\/super-news.info\/hu\/a-csipszado-miatt-dragult-durvan-a-ketdekas\/#primaryimage"},"thumbnailUrl":"https:\/\/super-news.info\/hu\/wp-content\/uploads\/sites\/3\/2019\/08\/A-csipszad\u00f3-miatt-dr\u00e1gult-durv\u00e1n-a-k\u00e9tdek\u00e1s.jpg","articleSection":["P\u00c9NZ\u00dcGYI H\u00cdREK"],"inLanguage":"hu","potentialAction":[{"@type":"CommentAction","name":"Comment","target":["https:\/\/super-news.info\/hu\/a-csipszado-miatt-dragult-durvan-a-ketdekas\/#respond"]}]},{"@type":"WebPage","@id":"https:\/\/super-news.info\/hu\/a-csipszado-miatt-dragult-durvan-a-ketdekas\/","url":"https:\/\/super-news.info\/hu\/a-csipszado-miatt-dragult-durvan-a-ketdekas\/","name":"A csipszad\u00f3 miatt dr\u00e1gult durv\u00e1n a k\u00e9tdek\u00e1s - Super News","isPartOf":{"@id":"https:\/\/super-news.info\/hu\/#website"},"primaryImageOfPage":{"@id":"https:\/\/super-news.info\/hu\/a-csipszado-miatt-dragult-durvan-a-ketdekas\/#primaryimage"},"image":{"@id":"https:\/\/super-news.info\/hu\/a-csipszado-miatt-dragult-durvan-a-ketdekas\/#primaryimage"},"thumbnailUrl":"https:\/\/super-news.info\/hu\/wp-content\/uploads\/sites\/3\/2019\/08\/A-csipszad\u00f3-miatt-dr\u00e1gult-durv\u00e1n-a-k\u00e9tdek\u00e1s.jpg","datePublished":"2019-08-06T04:38:48+00:00","dateModified":"2019-08-06T04:38:49+00:00","author":{"@id":"https:\/\/super-news.info\/hu\/#\/schema\/person\/2d4068cb2f39cd10008c2fce578a7356"},"breadcrumb":{"@id":"https:\/\/super-news.info\/hu\/a-csipszado-miatt-dragult-durvan-a-ketdekas\/#breadcrumb"},"inLanguage":"hu","potentialAction":[{"@type":"ReadAction","target":["https:\/\/super-news.info\/hu\/a-csipszado-miatt-dragult-durvan-a-ketdekas\/"]}]},{"@type":"ImageObject","inLanguage":"hu","@id":"https:\/\/super-news.info\/hu\/a-csipszado-miatt-dragult-durvan-a-ketdekas\/#primaryimage","url":"https:\/\/super-news.info\/hu\/wp-content\/uploads\/sites\/3\/2019\/08\/A-csipszad\u00f3-miatt-dr\u00e1gult-durv\u00e1n-a-k\u00e9tdek\u00e1s.jpg","contentUrl":"https:\/\/super-news.info\/hu\/wp-content\/uploads\/sites\/3\/2019\/08\/A-csipszad\u00f3-miatt-dr\u00e1gult-durv\u00e1n-a-k\u00e9tdek\u00e1s.jpg","width":1400,"height":787,"caption":"A csipszad\u00f3 miatt dr\u00e1gult durv\u00e1n a k\u00e9tdek\u00e1s"},{"@type":"BreadcrumbList","@id":"https:\/\/super-news.info\/hu\/a-csipszado-miatt-dragult-durvan-a-ketdekas\/#breadcrumb","itemListElement":[{"@type":"ListItem","position":1,"name":"\u0413\u043b\u0430\u0432\u043d\u0430\u044f \u0441\u0442\u0440\u0430\u043d\u0438\u0446\u0430","item":"https:\/\/super-news.info\/hu\/"},{"@type":"ListItem","position":2,"name":"A csipszad\u00f3 miatt dr\u00e1gult durv\u00e1n a k\u00e9tdek\u00e1s"}]},{"@type":"WebSite","@id":"https:\/\/super-news.info\/hu\/#website","url":"https:\/\/super-news.info\/hu\/","name":"Super News","description":"Super News Magyarorsz\u00e1g","potentialAction":[{"@type":"SearchAction","target":{"@type":"EntryPoint","urlTemplate":"https:\/\/super-news.info\/hu\/?s={search_term_string}"},"query-input":{"@type":"PropertyValueSpecification","valueRequired":true,"valueName":"search_term_string"}}],"inLanguage":"hu"},{"@type":"Person","@id":"https:\/\/super-news.info\/hu\/#\/schema\/person\/2d4068cb2f39cd10008c2fce578a7356","name":"super-news","image":{"@type":"ImageObject","inLanguage":"hu","@id":"https:\/\/secure.gravatar.com\/avatar\/64ebac40b93f26a154f8a9b5b6fdccfc46f442b26b3dd6756dbff3bf9dc76fd7?s=96&d=mm&r=g","url":"https:\/\/secure.gravatar.com\/avatar\/64ebac40b93f26a154f8a9b5b6fdccfc46f442b26b3dd6756dbff3bf9dc76fd7?s=96&d=mm&r=g","contentUrl":"https:\/\/secure.gravatar.com\/avatar\/64ebac40b93f26a154f8a9b5b6fdccfc46f442b26b3dd6756dbff3bf9dc76fd7?s=96&d=mm&r=g","caption":"super-news"},"url":"https:\/\/super-news.info\/hu\/author\/pt\/"}]}},"_links":{"self":[{"href":"https:\/\/super-news.info\/hu\/wp-json\/wp\/v2\/posts\/7197","targetHints":{"allow":["GET"]}}],"collection":[{"href":"https:\/\/super-news.info\/hu\/wp-json\/wp\/v2\/posts"}],"about":[{"href":"https:\/\/super-news.info\/hu\/wp-json\/wp\/v2\/types\/post"}],"author":[{"embeddable":true,"href":"https:\/\/super-news.info\/hu\/wp-json\/wp\/v2\/users\/2"}],"replies":[{"embeddable":true,"href":"https:\/\/super-news.info\/hu\/wp-json\/wp\/v2\/comments?post=7197"}],"version-history":[{"count":1,"href":"https:\/\/super-news.info\/hu\/wp-json\/wp\/v2\/posts\/7197\/revisions"}],"predecessor-version":[{"id":7199,"href":"https:\/\/super-news.info\/hu\/wp-json\/wp\/v2\/posts\/7197\/revisions\/7199"}],"wp:featuredmedia":[{"embeddable":true,"href":"https:\/\/super-news.info\/hu\/wp-json\/wp\/v2\/media\/7198"}],"wp:attachment":[{"href":"https:\/\/super-news.info\/hu\/wp-json\/wp\/v2\/media?parent=7197"}],"wp:term":[{"taxonomy":"category","embeddable":true,"href":"https:\/\/super-news.info\/hu\/wp-json\/wp\/v2\/categories?post=7197"},{"taxonomy":"post_tag","embeddable":true,"href":"https:\/\/super-news.info\/hu\/wp-json\/wp\/v2\/tags?post=7197"}],"curies":[{"name":"wp","href":"https:\/\/api.w.org\/{rel}","templated":true}]}}